{"id":4198,"date":"2025-05-31T08:34:48","date_gmt":"2025-05-31T08:34:48","guid":{"rendered":"https:\/\/stourm.news\/?p=4198"},"modified":"2025-05-31T09:21:16","modified_gmt":"2025-05-31T09:21:16","slug":"editorial-la-noblesse-bretonne-et-la-restauration-de-la-bretagne-souveraine","status":"publish","type":"post","link":"https:\/\/stourm.news\/?p=4198","title":{"rendered":"\u00c9ditorial : \u00ab\u00a0Le r\u00f4le de la noblesse bretonne dans la restauration de la Bretagne souveraine\u00a0\u00bb"},"content":{"rendered":"<p style=\"text-align: justify;\">La noblesse bretonne s\u2019est illustr\u00e9e historiquement \u00e0 travers des actes h\u00e9ro\u00efques qui ont consolid\u00e9 l\u2019ind\u00e9pendance de l&rsquo;\u00c9tat breton jusqu\u2019\u00e0 son annexion, ill\u00e9gale et ill\u00e9gitime, par la France en 1532. Il serait trop long de citer les hauts faits des nombreuses familles de l&rsquo;aristocratie bretonne qui ont fait la Bretagne, mais nous en citerons quelques uns pour l&rsquo;illustrer.<\/p>\n<p style=\"text-align: justify;\"><strong>Les Montfort et la d\u00e9fense h\u00e9ro\u00efque d\u2019Hennebont (1342)<\/strong><\/p>\n<p style=\"text-align: justify;\">Lors de la guerre de Succession de Bretagne (1341-1364), Jeanne de Flandre, h\u00e9riti\u00e8re du duch\u00e9, incarna la r\u00e9sistance bretonne face aux pr\u00e9tentions fran\u00e7aises. En 1342, assi\u00e9g\u00e9e dans la ville d\u2019Hennebont par les troupes de Charles de Blois, soutenu par le roi de France Philippe VI, Jeanne galvanisa ses hommes en prenant elle-m\u00eame les armes. Selon les Chroniques de Jean Froissart (\u00e9d. 1869-1975), elle chevaucha en armure, ralliant les d\u00e9fenseurs et organisant une sortie audacieuse qui brisa le si\u00e8ge. Ce haut fait, rapport\u00e9 par l\u2019historien Jean-Christophe Cassard (La Guerre de Succession de Bretagne, 1998), montre la d\u00e9termination des Penthi\u00e8vre \u00e0 pr\u00e9server l\u2019autonomie bretonne contre l\u2019influence fran\u00e7aise.<\/p>\n<p><strong>Les Rieux et la bataille de Saint-Aubin-du-Cormier (1488)<\/strong><\/p>\n<p style=\"text-align: justify;\">Jean IV de Rieux, mar\u00e9chal de Bretagne, est une figure embl\u00e9matique de la r\u00e9sistance \u00e0 l\u2019annexion fran\u00e7aise. Le 28 juillet 1488, lors de la bataille de Saint-Aubin-du-Cormier, il commanda l\u2019arm\u00e9e bretonne aux c\u00f4t\u00e9s du duc Fran\u00e7ois II face aux forces de Charles VIII. Malgr\u00e9 une d\u00e9faite \u00e9crasante, o\u00f9 6 000 Bretons p\u00e9rirent, Jean IV tenta de reformer ses troupes pour poursuivre la lutte, comme le rapporte Philippe Tourault dans Anne de Bretagne (1986). Son fief de Rochefort-en-Terre, bastion strat\u00e9gique, resta un symbole de la r\u00e9sistance bretonne face \u00e0 l\u2019envahisseur fran\u00e7ais.<\/p>\n<p><strong>Les Rohan et la r\u00e9volte de 1370<\/strong><\/p>\n<p style=\"text-align: justify;\">La maison de Rohan, bien que parfois divis\u00e9e, s\u2019illustra par des actes de d\u00e9fi contre la France. En 1370, Jean Ier de Rohan refusa de pr\u00eater serment d\u2019all\u00e9geance au roi de France Charles V, qui tentait d\u2019imposer son autorit\u00e9 apr\u00e8s le trait\u00e9 de Gu\u00e9rande (1365). Soutenant le duc Jean IV, il mobilisa ses vassaux pour d\u00e9fendre les forteresses de Josselin et de Clisson, emp\u00eachant les Fran\u00e7ais de contr\u00f4ler l\u2019est du duch\u00e9. Michael Jones, dans Ducal Brittany, 1364-1499 (1970), souligne que cette r\u00e9sistance permit au duch\u00e9 de maintenir une autonomie fragile face aux pressions fran\u00e7aises.<\/p>\n<p><strong>Les Malestroit et la d\u00e9fense de Plo\u00ebrmel (1487)<\/strong><\/p>\n<p style=\"text-align: justify;\">La famille de Malestroit, repr\u00e9sentative de la petite noblesse bretonne, joua un r\u00f4le crucial dans la r\u00e9volte de 1487 contre l\u2019invasion fran\u00e7aise. Jean de Malestroit, seigneur de Plo\u00ebrmel, organisa la d\u00e9fense de cette ville strat\u00e9gique, situ\u00e9e sur la route entre Rennes et Vannes, face aux troupes de Charles VIII. Selon Andr\u00e9 Mussat (Arts et culture de Bretagne, 1979), son ch\u00e2teau servit de point de ralliement pour les nobles bretons fid\u00e8les au duc, d\u00e9fiant ouvertement l\u2019autorit\u00e9 fran\u00e7aise. Cette r\u00e9sistance, bien que vaincue, incarne l\u2019esprit indomptable de la noblesse bretonne.<\/p>\n<p><strong>Les Co\u00ebtmen et la r\u00e9volte de Pontcallec (1718-1720)<\/strong><\/p>\n<p style=\"text-align: justify;\">Plus tard, au d\u00e9but du XVIIIe si\u00e8cle, la maison de Co\u00ebtmen s\u2019illustra dans une ultime r\u00e9volte contre l&rsquo;occupation fran\u00e7aise. Le marquis de Pontcallec, issu de cette famille, organisa une conspiration en 1718 pour restaurer l&rsquo;ind\u00e9pendance bretonne face \u00e0 la r\u00e9gence de Philippe d\u2019Orl\u00e9ans. Mobilisant plusieurs nobles bretons, il tenta de lever une arm\u00e9e pour s\u2019opposer \u00e0 l\u2019absolutisme fran\u00e7ais et proclamer une r\u00e9publique bretonne nobiliaire. Captur\u00e9 et ex\u00e9cut\u00e9 en 1720, son sacrifice, relat\u00e9 dans Histoire de la Bretagne de Jo\u00ebl Cornette (2005), reste un symbole de la r\u00e9sistance nobiliaire bretonne face \u00e0 l\u2019oppression fran\u00e7aise.<\/p>\n<p style=\"text-align: justify;\"><strong>Les Laval et la diplomatie au service de l\u2019ind\u00e9pendance<\/strong><\/p>\n<p style=\"text-align: justify;\">La maison de Laval, influente par ses alliances avec la noblesse fran\u00e7aise, a jou\u00e9 un r\u00f4le cl\u00e9 dans la pr\u00e9servation de l\u2019autonomie bretonne. En 1420, Guy XIV de Laval, participa \u00e0 la d\u00e9fense du duch\u00e9 face aux ambitions anglaises et fran\u00e7aises. Lors du trait\u00e9 de Gu\u00e9rande (1381), qui mit fin \u00e0 la premi\u00e8re phase de la guerre de Succession, les Laval n\u00e9goci\u00e8rent habilement pour maintenir l\u2019\u00e9quilibre entre le duch\u00e9 et la couronne de France, comme le note Michael Jones dans Ducal Brittany, 1364-1499 (1970). Leur ch\u00e2teau de Vitr\u00e9, v\u00e9ritable forteresse strat\u00e9gique, servit de refuge aux ducs bretons lors des invasions, symbolisant leur r\u00f4le de bouclier de l\u2019ind\u00e9pendance.<\/p>\n<p style=\"text-align: justify;\"><strong>Une noblesse parfois divis\u00e9e, mais toujours essentielle<\/strong><\/p>\n<p style=\"text-align: justify;\">Il est vrai que la noblesse bretonne n\u2019a pas toujours \u00e9t\u00e9 unie. Lors de la guerre folle (1485-1488), des familles comme les Rohan et les Laval, s\u00e9duites par les promesses de pensions fran\u00e7aises, trahirent partiellement Fran\u00e7ois II. Selon Michael Jones, dans The Creation of Brittany (1988), des seigneurs comme Pierre de Rohan-Gi\u00e9, qui ouvrit le ch\u00e2teau de Nantes aux Fran\u00e7ais en 1488, contribu\u00e8rent \u00e0 la chute du duch\u00e9. Cependant, des figures comme Louis de La Tr\u00e9moille ou Alain d\u2019Albret, rest\u00e9es fid\u00e8les, montr\u00e8rent que la noblesse bretonne pouvait encore incarner l\u2019espoir d\u2019une ind\u00e9pendance.<\/p>\n<p style=\"text-align: justify;\"><strong>Un appel \u00e0 l\u2019engagement moderne<\/strong><\/p>\n<p style=\"text-align: justify;\">Aujourd\u2019hui, la Bretagne compte pr\u00e8s de 350 familles issues de l&rsquo;aristocratie bretonne pour pr\u00e8s de 15 000 personnes. Ces familles puisent leur origine dans les heures de l&rsquo;ind\u00e9pendance de l&rsquo;\u00c9tat breton, l&rsquo;ayant d\u00e9fendu les armes \u00e0 la main contre les Fran\u00e7ais et leurs men\u00e9es hostiles. Loin d&rsquo;\u00eatre un reliquat du pass\u00e9, ces familles sont une part vivante de la nation et, depuis l&rsquo;origine de l&rsquo;Emsav, nombre d&rsquo;entre elles, par la contribution intellectuelle de membres \u00e9minents, ont oeuvr\u00e9 \u00e0 la renaissance de la conscience bretonne. Dans une soci\u00e9t\u00e9 fran\u00e7aise \u00e9touff\u00e9e par le nihilisme et la haine de l&rsquo;enracinement, alors que la submersion migratoire et ses prurits repr\u00e9sentent pour la Bretagne une menace existentielle, les aristocrates bretons ont \u00e0 nouveau un r\u00f4le \u00e0 jouer aux c\u00f4t\u00e9s de leurs compatriotes pour sauver notre vieille patrie de la destruction, et redresser le drapeau de l&rsquo;ind\u00e9pendance nationale.<\/p>\n<p style=\"text-align: justify;\">L&rsquo;\u00c9tat breton n&rsquo;aurait rien de commun avec l&rsquo;\u00c9tat fran\u00e7ais, h\u00e9rit\u00e9 de la d\u00e9sastreuse r\u00e9volution fran\u00e7aise. Il serait son antith\u00e8se et cultiverait le respect d\u00fb \u00e0 ces familles qui ont grandement fait la Bretagne, ont fa\u00e7onn\u00e9 son identit\u00e9 mill\u00e9naire, ont marqu\u00e9 son histoire. La restauration de l\u2019\u00c9tat breton n\u2019est pas une chim\u00e8re, mais un projet ancr\u00e9 dans une histoire o\u00f9 notre noblesse a brill\u00e9 par sa bravoure et sa r\u00e9silience. De la d\u00e9fense d\u2019Hennebont par Jeanne de Penthi\u00e8vre \u00e0 la r\u00e9sistance de Jean de Rieux \u00e0 Saint-Aubin-du-Cormier, ces braves ont incarn\u00e9 l\u2019\u00e2me bretonne. Il ne tient qu&rsquo;\u00e0 eux de l&rsquo;incarner encore. La libert\u00e9 bretonne les appelle, comme elle appelle tous les Bretons.<\/p>\n<p style=\"text-align: right;\"><strong>Budig Gourmaleon<\/strong><\/p>\n","protected":false},"excerpt":{"rendered":"<p>La noblesse bretonne s\u2019est illustr\u00e9e historiquement \u00e0 travers des actes h\u00e9ro\u00efques qui ont consolid\u00e9 l\u2019ind\u00e9pendance de l&rsquo;\u00c9tat breton jusqu\u2019\u00e0 son annexion, ill\u00e9gale et ill\u00e9gitime, par la France en 1532. Il serait trop long de citer les hauts faits des nombreuses familles de l&rsquo;aristocratie bretonne qui ont fait la Bretagne, mais nous en citerons quelques uns [&hellip;]<\/p>\n","protected":false},"author":1,"featured_media":4199,"comment_status":"open","ping_status":"open","sticky":false,"template":"","format":"standard","meta":{"sb_editor_width":"","footnotes":""},"categories":[58,63,65],"tags":[],"class_list":["post-4198","post","type-post","status-publish","format-standard","has-post-thumbnail","hentry","category-breizh","category-editorial","category-principale"],"relative_dates":{"created":"11 mois ago","modified":"11 mois ago"},"yoast_head":"<!-- This site is optimized with the Yoast SEO plugin v26.3 - https:\/\/yoast.com\/wordpress\/plugins\/seo\/ -->\n<title>\u00c9ditorial : &quot;Le r\u00f4le de la noblesse bretonne dans la restauration de la Bretagne souveraine&quot; - STOURM<\/title>\n<meta name=\"robots\" content=\"index, follow, max-snippet:-1, max-image-preview:large, max-video-preview:-1\" \/>\n<link rel=\"canonical\" href=\"https:\/\/stourm.news\/?p=4198\" \/>\n<meta property=\"og:locale\" content=\"fr_FR\" \/>\n<meta property=\"og:type\" content=\"article\" \/>\n<meta property=\"og:title\" content=\"\u00c9ditorial : &quot;Le r\u00f4le de la noblesse bretonne dans la restauration de la Bretagne souveraine&quot; - STOURM\" \/>\n<meta property=\"og:description\" content=\"La noblesse bretonne s\u2019est illustr\u00e9e historiquement \u00e0 travers des actes h\u00e9ro\u00efques qui ont consolid\u00e9 l\u2019ind\u00e9pendance de l&rsquo;\u00c9tat breton jusqu\u2019\u00e0 son annexion, ill\u00e9gale et ill\u00e9gitime, par la France en 1532. Il serait trop long de citer les hauts faits des nombreuses familles de l&rsquo;aristocratie bretonne qui ont fait la Bretagne, mais nous en citerons quelques uns [&hellip;]\" \/>\n<meta property=\"og:url\" content=\"https:\/\/stourm.news\/?p=4198\" \/>\n<meta property=\"og:site_name\" content=\"STOURM\" \/>\n<meta property=\"article:publisher\" content=\"https:\/\/www.facebook.com\/stourmnews\/\" \/>\n<meta property=\"article:published_time\" content=\"2025-05-31T08:34:48+00:00\" \/>\n<meta property=\"article:modified_time\" content=\"2025-05-31T09:21:16+00:00\" \/>\n<meta property=\"og:image\" content=\"https:\/\/stourm.news\/wp-content\/uploads\/2025\/05\/Armoiries_du_duche_de_Bretagne.png\" \/>\n\t<meta property=\"og:image:width\" content=\"1008\" \/>\n\t<meta property=\"og:image:height\" content=\"768\" \/>\n\t<meta property=\"og:image:type\" content=\"image\/png\" \/>\n<meta name=\"author\" content=\"La r\u00e9daction\" \/>\n<meta name=\"twitter:card\" content=\"summary_large_image\" \/>\n<meta name=\"twitter:label1\" content=\"\u00c9crit par\" \/>\n\t<meta name=\"twitter:data1\" content=\"La r\u00e9daction\" \/>\n\t<meta name=\"twitter:label2\" content=\"Dur\u00e9e de lecture estim\u00e9e\" \/>\n\t<meta name=\"twitter:data2\" content=\"6 minutes\" \/>\n<script type=\"application\/ld+json\" class=\"yoast-schema-graph\">{\"@context\":\"https:\/\/schema.org\",\"@graph\":[{\"@type\":\"Article\",\"@id\":\"https:\/\/stourm.news\/?p=4198#article\",\"isPartOf\":{\"@id\":\"https:\/\/stourm.news\/?p=4198\"},\"author\":{\"name\":\"La r\u00e9daction\",\"@id\":\"https:\/\/stourm.news\/#\/schema\/person\/c3e1dc65988632e190969234ef046cf9\"},\"headline\":\"\u00c9ditorial : \u00ab\u00a0Le r\u00f4le de la noblesse bretonne dans la restauration de la Bretagne souveraine\u00a0\u00bb\",\"datePublished\":\"2025-05-31T08:34:48+00:00\",\"dateModified\":\"2025-05-31T09:21:16+00:00\",\"mainEntityOfPage\":{\"@id\":\"https:\/\/stourm.news\/?p=4198\"},\"wordCount\":1200,\"commentCount\":0,\"publisher\":{\"@id\":\"https:\/\/stourm.news\/#organization\"},\"image\":{\"@id\":\"https:\/\/stourm.news\/?p=4198#primaryimage\"},\"thumbnailUrl\":\"https:\/\/stourm.news\/wp-content\/uploads\/2025\/05\/Armoiries_du_duche_de_Bretagne.png\",\"articleSection\":[\"Breizh\",\"Editorial\",\"Principale\"],\"inLanguage\":\"fr-FR\",\"potentialAction\":[{\"@type\":\"CommentAction\",\"name\":\"Comment\",\"target\":[\"https:\/\/stourm.news\/?p=4198#respond\"]}]},{\"@type\":\"WebPage\",\"@id\":\"https:\/\/stourm.news\/?p=4198\",\"url\":\"https:\/\/stourm.news\/?p=4198\",\"name\":\"\u00c9ditorial : \\\"Le r\u00f4le de la noblesse bretonne dans la restauration de la Bretagne souveraine\\\" - STOURM\",\"isPartOf\":{\"@id\":\"https:\/\/stourm.news\/#website\"},\"primaryImageOfPage\":{\"@id\":\"https:\/\/stourm.news\/?p=4198#primaryimage\"},\"image\":{\"@id\":\"https:\/\/stourm.news\/?p=4198#primaryimage\"},\"thumbnailUrl\":\"https:\/\/stourm.news\/wp-content\/uploads\/2025\/05\/Armoiries_du_duche_de_Bretagne.png\",\"datePublished\":\"2025-05-31T08:34:48+00:00\",\"dateModified\":\"2025-05-31T09:21:16+00:00\",\"breadcrumb\":{\"@id\":\"https:\/\/stourm.news\/?p=4198#breadcrumb\"},\"inLanguage\":\"fr-FR\",\"potentialAction\":[{\"@type\":\"ReadAction\",\"target\":[\"https:\/\/stourm.news\/?p=4198\"]}]},{\"@type\":\"ImageObject\",\"inLanguage\":\"fr-FR\",\"@id\":\"https:\/\/stourm.news\/?p=4198#primaryimage\",\"url\":\"https:\/\/stourm.news\/wp-content\/uploads\/2025\/05\/Armoiries_du_duche_de_Bretagne.png\",\"contentUrl\":\"https:\/\/stourm.news\/wp-content\/uploads\/2025\/05\/Armoiries_du_duche_de_Bretagne.png\",\"width\":1008,\"height\":768},{\"@type\":\"BreadcrumbList\",\"@id\":\"https:\/\/stourm.news\/?p=4198#breadcrumb\",\"itemListElement\":[{\"@type\":\"ListItem\",\"position\":1,\"name\":\"Accueil\",\"item\":\"https:\/\/stourm.news\/\"},{\"@type\":\"ListItem\",\"position\":2,\"name\":\"\u00c9ditorial : \u00ab\u00a0Le r\u00f4le de la noblesse bretonne dans la restauration de la Bretagne souveraine\u00a0\u00bb\"}]},{\"@type\":\"WebSite\",\"@id\":\"https:\/\/stourm.news\/#website\",\"url\":\"https:\/\/stourm.news\/\",\"name\":\"Stourm\",\"description\":\"Kazetenn Strollad Broadel Breizh\",\"publisher\":{\"@id\":\"https:\/\/stourm.news\/#organization\"},\"potentialAction\":[{\"@type\":\"SearchAction\",\"target\":{\"@type\":\"EntryPoint\",\"urlTemplate\":\"https:\/\/stourm.news\/?s={search_term_string}\"},\"query-input\":{\"@type\":\"PropertyValueSpecification\",\"valueRequired\":true,\"valueName\":\"search_term_string\"}}],\"inLanguage\":\"fr-FR\"},{\"@type\":\"Organization\",\"@id\":\"https:\/\/stourm.news\/#organization\",\"name\":\"Stourm\",\"url\":\"https:\/\/stourm.news\/\",\"logo\":{\"@type\":\"ImageObject\",\"inLanguage\":\"fr-FR\",\"@id\":\"https:\/\/stourm.news\/#\/schema\/logo\/image\/\",\"url\":\"https:\/\/stourm.news\/wp-content\/uploads\/2025\/11\/cropped-Capture-decran-2025-11-28-a-15.19.07.png\",\"contentUrl\":\"https:\/\/stourm.news\/wp-content\/uploads\/2025\/11\/cropped-Capture-decran-2025-11-28-a-15.19.07.png\",\"width\":1855,\"height\":383,\"caption\":\"Stourm\"},\"image\":{\"@id\":\"https:\/\/stourm.news\/#\/schema\/logo\/image\/\"},\"sameAs\":[\"https:\/\/www.facebook.com\/stourmnews\/\"]},{\"@type\":\"Person\",\"@id\":\"https:\/\/stourm.news\/#\/schema\/person\/c3e1dc65988632e190969234ef046cf9\",\"name\":\"La r\u00e9daction\",\"image\":{\"@type\":\"ImageObject\",\"inLanguage\":\"fr-FR\",\"@id\":\"https:\/\/stourm.news\/#\/schema\/person\/image\/\",\"url\":\"https:\/\/secure.gravatar.com\/avatar\/7463443f194b6b5fb706b074ca0ef59a0cfcfd720cb47764b0ec5a952ce422b3?s=96&d=mm&r=g\",\"contentUrl\":\"https:\/\/secure.gravatar.com\/avatar\/7463443f194b6b5fb706b074ca0ef59a0cfcfd720cb47764b0ec5a952ce422b3?s=96&d=mm&r=g\",\"caption\":\"La r\u00e9daction\"},\"sameAs\":[\"https:\/\/stourm.news\"],\"url\":\"https:\/\/stourm.news\/?author=1\"}]}<\/script>\n<!-- \/ Yoast SEO plugin. -->","yoast_head_json":{"title":"\u00c9ditorial : \"Le r\u00f4le de la noblesse bretonne dans la restauration de la Bretagne souveraine\" - STOURM","robots":{"index":"index","follow":"follow","max-snippet":"max-snippet:-1","max-image-preview":"max-image-preview:large","max-video-preview":"max-video-preview:-1"},"canonical":"https:\/\/stourm.news\/?p=4198","og_locale":"fr_FR","og_type":"article","og_title":"\u00c9ditorial : \"Le r\u00f4le de la noblesse bretonne dans la restauration de la Bretagne souveraine\" - STOURM","og_description":"La noblesse bretonne s\u2019est illustr\u00e9e historiquement \u00e0 travers des actes h\u00e9ro\u00efques qui ont consolid\u00e9 l\u2019ind\u00e9pendance de l&rsquo;\u00c9tat breton jusqu\u2019\u00e0 son annexion, ill\u00e9gale et ill\u00e9gitime, par la France en 1532. Il serait trop long de citer les hauts faits des nombreuses familles de l&rsquo;aristocratie bretonne qui ont fait la Bretagne, mais nous en citerons quelques uns [&hellip;]","og_url":"https:\/\/stourm.news\/?p=4198","og_site_name":"STOURM","article_publisher":"https:\/\/www.facebook.com\/stourmnews\/","article_published_time":"2025-05-31T08:34:48+00:00","article_modified_time":"2025-05-31T09:21:16+00:00","og_image":[{"width":1008,"height":768,"url":"https:\/\/stourm.news\/wp-content\/uploads\/2025\/05\/Armoiries_du_duche_de_Bretagne.png","type":"image\/png"}],"author":"La r\u00e9daction","twitter_card":"summary_large_image","twitter_misc":{"\u00c9crit par":"La r\u00e9daction","Dur\u00e9e de lecture estim\u00e9e":"6 minutes"},"schema":{"@context":"https:\/\/schema.org","@graph":[{"@type":"Article","@id":"https:\/\/stourm.news\/?p=4198#article","isPartOf":{"@id":"https:\/\/stourm.news\/?p=4198"},"author":{"name":"La r\u00e9daction","@id":"https:\/\/stourm.news\/#\/schema\/person\/c3e1dc65988632e190969234ef046cf9"},"headline":"\u00c9ditorial : \u00ab\u00a0Le r\u00f4le de la noblesse bretonne dans la restauration de la Bretagne souveraine\u00a0\u00bb","datePublished":"2025-05-31T08:34:48+00:00","dateModified":"2025-05-31T09:21:16+00:00","mainEntityOfPage":{"@id":"https:\/\/stourm.news\/?p=4198"},"wordCount":1200,"commentCount":0,"publisher":{"@id":"https:\/\/stourm.news\/#organization"},"image":{"@id":"https:\/\/stourm.news\/?p=4198#primaryimage"},"thumbnailUrl":"https:\/\/stourm.news\/wp-content\/uploads\/2025\/05\/Armoiries_du_duche_de_Bretagne.png","articleSection":["Breizh","Editorial","Principale"],"inLanguage":"fr-FR","potentialAction":[{"@type":"CommentAction","name":"Comment","target":["https:\/\/stourm.news\/?p=4198#respond"]}]},{"@type":"WebPage","@id":"https:\/\/stourm.news\/?p=4198","url":"https:\/\/stourm.news\/?p=4198","name":"\u00c9ditorial : \"Le r\u00f4le de la noblesse bretonne dans la restauration de la Bretagne souveraine\" - STOURM","isPartOf":{"@id":"https:\/\/stourm.news\/#website"},"primaryImageOfPage":{"@id":"https:\/\/stourm.news\/?p=4198#primaryimage"},"image":{"@id":"https:\/\/stourm.news\/?p=4198#primaryimage"},"thumbnailUrl":"https:\/\/stourm.news\/wp-content\/uploads\/2025\/05\/Armoiries_du_duche_de_Bretagne.png","datePublished":"2025-05-31T08:34:48+00:00","dateModified":"2025-05-31T09:21:16+00:00","breadcrumb":{"@id":"https:\/\/stourm.news\/?p=4198#breadcrumb"},"inLanguage":"fr-FR","potentialAction":[{"@type":"ReadAction","target":["https:\/\/stourm.news\/?p=4198"]}]},{"@type":"ImageObject","inLanguage":"fr-FR","@id":"https:\/\/stourm.news\/?p=4198#primaryimage","url":"https:\/\/stourm.news\/wp-content\/uploads\/2025\/05\/Armoiries_du_duche_de_Bretagne.png","contentUrl":"https:\/\/stourm.news\/wp-content\/uploads\/2025\/05\/Armoiries_du_duche_de_Bretagne.png","width":1008,"height":768},{"@type":"BreadcrumbList","@id":"https:\/\/stourm.news\/?p=4198#breadcrumb","itemListElement":[{"@type":"ListItem","position":1,"name":"Accueil","item":"https:\/\/stourm.news\/"},{"@type":"ListItem","position":2,"name":"\u00c9ditorial : \u00ab\u00a0Le r\u00f4le de la noblesse bretonne dans la restauration de la Bretagne souveraine\u00a0\u00bb"}]},{"@type":"WebSite","@id":"https:\/\/stourm.news\/#website","url":"https:\/\/stourm.news\/","name":"Stourm","description":"Kazetenn Strollad Broadel Breizh","publisher":{"@id":"https:\/\/stourm.news\/#organization"},"potentialAction":[{"@type":"SearchAction","target":{"@type":"EntryPoint","urlTemplate":"https:\/\/stourm.news\/?s={search_term_string}"},"query-input":{"@type":"PropertyValueSpecification","valueRequired":true,"valueName":"search_term_string"}}],"inLanguage":"fr-FR"},{"@type":"Organization","@id":"https:\/\/stourm.news\/#organization","name":"Stourm","url":"https:\/\/stourm.news\/","logo":{"@type":"ImageObject","inLanguage":"fr-FR","@id":"https:\/\/stourm.news\/#\/schema\/logo\/image\/","url":"https:\/\/stourm.news\/wp-content\/uploads\/2025\/11\/cropped-Capture-decran-2025-11-28-a-15.19.07.png","contentUrl":"https:\/\/stourm.news\/wp-content\/uploads\/2025\/11\/cropped-Capture-decran-2025-11-28-a-15.19.07.png","width":1855,"height":383,"caption":"Stourm"},"image":{"@id":"https:\/\/stourm.news\/#\/schema\/logo\/image\/"},"sameAs":["https:\/\/www.facebook.com\/stourmnews\/"]},{"@type":"Person","@id":"https:\/\/stourm.news\/#\/schema\/person\/c3e1dc65988632e190969234ef046cf9","name":"La r\u00e9daction","image":{"@type":"ImageObject","inLanguage":"fr-FR","@id":"https:\/\/stourm.news\/#\/schema\/person\/image\/","url":"https:\/\/secure.gravatar.com\/avatar\/7463443f194b6b5fb706b074ca0ef59a0cfcfd720cb47764b0ec5a952ce422b3?s=96&d=mm&r=g","contentUrl":"https:\/\/secure.gravatar.com\/avatar\/7463443f194b6b5fb706b074ca0ef59a0cfcfd720cb47764b0ec5a952ce422b3?s=96&d=mm&r=g","caption":"La r\u00e9daction"},"sameAs":["https:\/\/stourm.news"],"url":"https:\/\/stourm.news\/?author=1"}]}},"_links":{"self":[{"href":"https:\/\/stourm.news\/index.php?rest_route=\/wp\/v2\/posts\/4198","targetHints":{"allow":["GET"]}}],"collection":[{"href":"https:\/\/stourm.news\/index.php?rest_route=\/wp\/v2\/posts"}],"about":[{"href":"https:\/\/stourm.news\/index.php?rest_route=\/wp\/v2\/types\/post"}],"author":[{"embeddable":true,"href":"https:\/\/stourm.news\/index.php?rest_route=\/wp\/v2\/users\/1"}],"replies":[{"embeddable":true,"href":"https:\/\/stourm.news\/index.php?rest_route=%2Fwp%2Fv2%2Fcomments&post=4198"}],"version-history":[{"count":3,"href":"https:\/\/stourm.news\/index.php?rest_route=\/wp\/v2\/posts\/4198\/revisions"}],"predecessor-version":[{"id":4202,"href":"https:\/\/stourm.news\/index.php?rest_route=\/wp\/v2\/posts\/4198\/revisions\/4202"}],"wp:featuredmedia":[{"embeddable":true,"href":"https:\/\/stourm.news\/index.php?rest_route=\/wp\/v2\/media\/4199"}],"wp:attachment":[{"href":"https:\/\/stourm.news\/index.php?rest_route=%2Fwp%2Fv2%2Fmedia&parent=4198"}],"wp:term":[{"taxonomy":"category","embeddable":true,"href":"https:\/\/stourm.news\/index.php?rest_route=%2Fwp%2Fv2%2Fcategories&post=4198"},{"taxonomy":"post_tag","embeddable":true,"href":"https:\/\/stourm.news\/index.php?rest_route=%2Fwp%2Fv2%2Ftags&post=4198"}],"curies":[{"name":"wp","href":"https:\/\/api.w.org\/{rel}","templated":true}]}}