{"id":4207,"date":"2025-06-04T06:30:46","date_gmt":"2025-06-04T06:30:46","guid":{"rendered":"https:\/\/stourm.news\/?p=4207"},"modified":"2025-06-04T06:30:46","modified_gmt":"2025-06-04T06:30:46","slug":"suppression-des-informations-en-breton-sur-la-radio-detat-francaise-sans-gouvernement-breton-pas-davenir-pour-la-langue-bretonne","status":"publish","type":"post","link":"https:\/\/stourm.news\/?p=4207","title":{"rendered":"Suppression des informations en breton sur la radio d&rsquo;\u00e9tat fran\u00e7aise : sans gouvernement breton, pas d&rsquo;avenir pour la langue bretonne"},"content":{"rendered":"<p style=\"text-align: justify;\">La <strong><a href=\"https:\/\/www.change.org\/p\/contre-la-suppression-des-infos-en-breton-sur-ici-breizh-izel-aux-heures-de-grande-\u00e9coute-8fe9d4cb-8c54-4ea0-b812-c8aa664b7925?recruiter=500457950&amp;recruited_by_id=9ad460d0-e16e-11e5-9c47-8fee54261151&amp;utm_source=share_petition&amp;utm_campaign=psf_combo_share_initial&amp;utm_term=psf&amp;utm_medium=copylink&amp;utm_content=cl_sharecopy_490591884_fr-FR%3A5\">r\u00e9cente p\u00e9tition<\/a><\/strong> contre la suppression des informations en breton sur Ici Breizh Izel aux heures de grande \u00e9coute illustre une fois de plus l&rsquo;hostilit\u00e9 chronique de l&rsquo;\u00c9tat fran\u00e7ais envers les langues des peuples sous occupation fran\u00e7aise, et particuli\u00e8rement la langue bretonne. Cette d\u00e9cision, qui prive les locuteurs bretons d&rsquo;un mince acc\u00e8s \u00e0 l&rsquo;information dans leur langue maternelle, s&rsquo;inscrit dans une longue tradition de marginalisation culturelle orchestr\u00e9e par Paris.<\/p>\n<p style=\"text-align: justify;\"><strong>Une politique fran\u00e7aise d&rsquo;assimilation forc\u00e9e<\/strong><\/p>\n<p style=\"text-align: justify;\">Depuis des si\u00e8cles, l&rsquo;\u00c9tat fran\u00e7ais a men\u00e9 une politique syst\u00e9matique d&rsquo;uniformisation linguistique, visant \u00e0 \u00e9riger le fran\u00e7ais comme seule langue l\u00e9gitime d&rsquo;un \u00c9tat artificiellement unifi\u00e9. Cette d\u00e9marche, h\u00e9rit\u00e9e de la R\u00e9volution fran\u00e7aise, amplifi\u00e9e sous la IIIe R\u00e9publique et poursuivie jusqu&rsquo;\u00e0 nos jours, a marginalis\u00e9 les langues ethniques, consid\u00e9r\u00e9es comme des obstacles par l&rsquo;\u00c9tat fran\u00e7ais. En Bretagne, cette politique a eu des cons\u00e9quences dramatiques : l&rsquo;enseignement du breton a \u00e9t\u00e9 interdit dans les \u00e9coles, les m\u00e9dias publics ont syst\u00e9matiquement n\u00e9glig\u00e9 la langue, et les locuteurs ont \u00e9t\u00e9 pouss\u00e9s \u00e0 l&rsquo;assimilation. La d\u00e9cision de France T\u00e9l\u00e9visions de r\u00e9duire la pr\u00e9sence du breton aux heures de grande \u00e9coute n&rsquo;est qu&rsquo;un nouvel \u00e9pisode de cette guerre culturelle contre notre peuple.<\/p>\n<p style=\"text-align: justify;\">Cette politique contraste vivement avec les approches adopt\u00e9es ailleurs en Europe. Au Pays de Galles, par exemple, la langue galloise b\u00e9n\u00e9ficie d&rsquo;un statut officiel et d&rsquo;un soutien massif de la part des m\u00e9dias publics. La cha\u00eene S4C, financ\u00e9e par le gouvernement britannique, diffuse des programmes en gallois <strong>24 heures sur 24<\/strong>, couvrant une large gamme de genres, incluant des informations, des documentaires, des s\u00e9ries t\u00e9l\u00e9vis\u00e9es, des \u00e9missions pour enfants, et des programmes culturels. Des \u00e9missions phares comme Pobol y Cwm, un soap opera quotidien, et des couvertures sportives, notamment du rugby, sport national, contribuent \u00e0 ancrer la langue dans la vie quotidienne. En 2021, environ 29% de la population galloise d\u00e9clarait pouvoir parler gallois, une augmentation significative gr\u00e2ce \u00e0 l&rsquo;exposition m\u00e9diatique. S4C a \u00e9galement d\u00e9velopp\u00e9 une pr\u00e9sence en ligne robuste, avec des contenus accessibles via des plateformes de streaming et des applications.<\/p>\n<p style=\"text-align: justify;\">De m\u00eame, en Corse, bien que les avanc\u00e9es soient plus r\u00e9centes, des efforts significatifs ont \u00e9t\u00e9 faits pour int\u00e9grer la langue corse dans les m\u00e9dias. France 3 Corse ViaStella, une d\u00e9clinaison r\u00e9gionale de France T\u00e9l\u00e9visions, diffuse des bulletins d&rsquo;information en corse, notamment A Filetta, un journal t\u00e9l\u00e9vis\u00e9 bilingue. Des documentaires, des reportages, et des \u00e9missions culturelles sont \u00e9galement produits en corse, soulignant des aspects de l&rsquo;identit\u00e9 corse. RCFM (Radio Corse Frequenza Mora), une station de radio publique, diffuse des programmes en corse, incluant des informations, des d\u00e9bats, et des \u00e9missions culturelles, jouant un r\u00f4le cl\u00e9 dans la vie quotidienne des locuteurs. Des initiatives locales, comme des webradios ou des plateformes en ligne, compl\u00e8tent l&rsquo;offre m\u00e9diatique. La loi Mela de 2015, bien que non reconnue par l&rsquo;\u00c9tat fran\u00e7ais, a encourag\u00e9 une plus grande pr\u00e9sence du corse dans les m\u00e9dias, avec des projets comme Paroles de Corse, un magazine diffus\u00e9 sur ViaStella.<\/p>\n<p style=\"text-align: justify;\"><strong>Le r\u00f4le crucial des m\u00e9dias publics<\/strong><\/p>\n<p style=\"text-align: justify;\">Les m\u00e9dias publics sont des outils essentiels pour la pr\u00e9servation et la promotion des langues. Au Pays de Galles, S4C a permis de maintenir le gallois comme langue vivante, en particulier aupr\u00e8s des jeunes, gr\u00e2ce \u00e0 des contenus modernes et diversifi\u00e9s. En Corse, bien que les moyens soient plus limit\u00e9s, des initiatives comme France 3 Corse ViaStella et RCFM ont commenc\u00e9 \u00e0 int\u00e9grer la langue corse, r\u00e9pondant aux attentes des locuteurs. En revanche, en Bretagne, l&rsquo;absence d&rsquo;un m\u00e9dia public d\u00e9di\u00e9 au breton, combin\u00e9e \u00e0 la d\u00e9cision du gouvernement fran\u00e7ais de marginaliser la langue, prive les Bretons d&rsquo;un espace o\u00f9 leur culture peut s&rsquo;exprimer pleinement.<\/p>\n<p style=\"text-align: justify;\"><strong>L&rsquo;autonomie puis l&rsquo;ind\u00e9pendance comme solutions<\/strong><\/p>\n<p style=\"text-align: justify;\">Face \u00e0 cette situation, il appara\u00eet clair que seule une politique nationaliste, appuy\u00e9e par l&rsquo;autonomie puis l&rsquo;ind\u00e9pendance de la Bretagne, peut renverser la tendance. Un m\u00e9dia public breton, financ\u00e9 et g\u00e9r\u00e9 par les Bretons eux-m\u00eames, serait le levier indispensable pour assurer la pr\u00e9sence de la langue bretonne \u00e0 la t\u00e9l\u00e9vision, \u00e0 la radio, et sur les plateformes num\u00e9riques. Ce m\u00e9dia pourrait s&rsquo;inspirer des mod\u00e8les gallois et corses, en adaptant les strat\u00e9gies num\u00e9riques et en diversifiant les contenus. L&rsquo;exemple du Pays de Galles montre que lorsque les locuteurs ont le contr\u00f4le de leurs m\u00e9dias, la langue peut non seulement survivre, mais prosp\u00e9rer.<\/p>\n<p style=\"text-align: justify;\">L&rsquo;ind\u00e9pendance offrirait \u00e0 la Bretagne les moyens de d\u00e9finir sa propre politique linguistique, libre de l&rsquo;ing\u00e9rence parisienne. Elle permettrait de mettre en place des lois protectrices, des incitations financi\u00e8res pour les producteurs de contenu en breton, et des campagnes de promotion linguistique. Sans ces mesures radicales, la langue bretonne risque de continuer \u00e0 s&rsquo;\u00e9roder.<\/p>\n<p>L&rsquo;\u00c9tat fran\u00e7ais, par sa politique de n\u00e9gation culturelle, porte une responsabilit\u00e9 directe dans le d\u00e9clin de la langue bretonne. Alors que le Pays de Galles et la Corse montrent des voies alternatives, o\u00f9 les m\u00e9dias publics jouent un r\u00f4le central, la Bretagne reste \u00e0 la tra\u00eene. Seule une autonomie, puis une ind\u00e9pendance, accompagn\u00e9e d&rsquo;un m\u00e9dia public breton, peut offrir une solution viable. Il est temps pour les Bretons de r\u00e9clamer leur droit \u00e0 une identit\u00e9 culturelle pleine et enti\u00e8re.<\/p>\n<p style=\"text-align: right;\"><strong>Riwanon Tudual<\/strong><\/p>\n","protected":false},"excerpt":{"rendered":"<p>La r\u00e9cente p\u00e9tition contre la suppression des informations en breton sur Ici Breizh Izel aux heures de grande \u00e9coute illustre une fois de plus l&rsquo;hostilit\u00e9 chronique de l&rsquo;\u00c9tat fran\u00e7ais envers les langues des peuples sous occupation fran\u00e7aise, et particuli\u00e8rement la langue bretonne. Cette d\u00e9cision, qui prive les locuteurs bretons d&rsquo;un mince acc\u00e8s \u00e0 l&rsquo;information dans [&hellip;]<\/p>\n","protected":false},"author":1,"featured_media":4208,"comment_status":"open","ping_status":"open","sticky":false,"template":"","format":"standard","meta":{"sb_editor_width":"","footnotes":""},"categories":[58,43,46,67,65],"tags":[],"class_list":["post-4207","post","type-post","status-publish","format-standard","has-post-thumbnail","hentry","category-breizh","category-culture-bretonne","category-independance","category-politique","category-principale"],"relative_dates":{"created":"11 mois ago","modified":"11 mois ago"},"yoast_head":"<!-- This site is optimized with the Yoast SEO plugin v26.3 - https:\/\/yoast.com\/wordpress\/plugins\/seo\/ -->\n<title>Suppression des informations en breton sur la radio d&#039;\u00e9tat fran\u00e7aise : sans gouvernement breton, pas d&#039;avenir pour la langue bretonne - STOURM<\/title>\n<meta name=\"robots\" content=\"index, follow, max-snippet:-1, max-image-preview:large, max-video-preview:-1\" \/>\n<link rel=\"canonical\" href=\"https:\/\/stourm.news\/?p=4207\" \/>\n<meta property=\"og:locale\" content=\"fr_FR\" \/>\n<meta property=\"og:type\" content=\"article\" \/>\n<meta property=\"og:title\" content=\"Suppression des informations en breton sur la radio d&#039;\u00e9tat fran\u00e7aise : sans gouvernement breton, pas d&#039;avenir pour la langue bretonne - STOURM\" \/>\n<meta property=\"og:description\" content=\"La r\u00e9cente p\u00e9tition contre la suppression des informations en breton sur Ici Breizh Izel aux heures de grande \u00e9coute illustre une fois de plus l&rsquo;hostilit\u00e9 chronique de l&rsquo;\u00c9tat fran\u00e7ais envers les langues des peuples sous occupation fran\u00e7aise, et particuli\u00e8rement la langue bretonne. Cette d\u00e9cision, qui prive les locuteurs bretons d&rsquo;un mince acc\u00e8s \u00e0 l&rsquo;information dans [&hellip;]\" \/>\n<meta property=\"og:url\" content=\"https:\/\/stourm.news\/?p=4207\" \/>\n<meta property=\"og:site_name\" content=\"STOURM\" \/>\n<meta property=\"article:publisher\" content=\"https:\/\/www.facebook.com\/stourmnews\/\" \/>\n<meta property=\"article:published_time\" content=\"2025-06-04T06:30:46+00:00\" \/>\n<meta property=\"og:image\" content=\"https:\/\/stourm.news\/wp-content\/uploads\/2025\/06\/Capture-decran-2025-06-04-a-15.30.07.png\" \/>\n\t<meta property=\"og:image:width\" content=\"1444\" \/>\n\t<meta property=\"og:image:height\" content=\"902\" \/>\n\t<meta property=\"og:image:type\" content=\"image\/png\" \/>\n<meta name=\"author\" content=\"La r\u00e9daction\" \/>\n<meta name=\"twitter:card\" content=\"summary_large_image\" \/>\n<meta name=\"twitter:label1\" content=\"\u00c9crit par\" \/>\n\t<meta name=\"twitter:data1\" content=\"La r\u00e9daction\" \/>\n\t<meta name=\"twitter:label2\" content=\"Dur\u00e9e de lecture estim\u00e9e\" \/>\n\t<meta name=\"twitter:data2\" content=\"5 minutes\" \/>\n<script type=\"application\/ld+json\" class=\"yoast-schema-graph\">{\"@context\":\"https:\/\/schema.org\",\"@graph\":[{\"@type\":\"Article\",\"@id\":\"https:\/\/stourm.news\/?p=4207#article\",\"isPartOf\":{\"@id\":\"https:\/\/stourm.news\/?p=4207\"},\"author\":{\"name\":\"La r\u00e9daction\",\"@id\":\"https:\/\/stourm.news\/#\/schema\/person\/c3e1dc65988632e190969234ef046cf9\"},\"headline\":\"Suppression des informations en breton sur la radio d&rsquo;\u00e9tat fran\u00e7aise : sans gouvernement breton, pas d&rsquo;avenir pour la langue bretonne\",\"datePublished\":\"2025-06-04T06:30:46+00:00\",\"mainEntityOfPage\":{\"@id\":\"https:\/\/stourm.news\/?p=4207\"},\"wordCount\":987,\"commentCount\":0,\"publisher\":{\"@id\":\"https:\/\/stourm.news\/#organization\"},\"image\":{\"@id\":\"https:\/\/stourm.news\/?p=4207#primaryimage\"},\"thumbnailUrl\":\"https:\/\/stourm.news\/wp-content\/uploads\/2025\/06\/Capture-decran-2025-06-04-a-15.30.07.png\",\"articleSection\":[\"Breizh\",\"Culture bretonne\",\"Ind\u00e9pendance\",\"Politique\",\"Principale\"],\"inLanguage\":\"fr-FR\",\"potentialAction\":[{\"@type\":\"CommentAction\",\"name\":\"Comment\",\"target\":[\"https:\/\/stourm.news\/?p=4207#respond\"]}]},{\"@type\":\"WebPage\",\"@id\":\"https:\/\/stourm.news\/?p=4207\",\"url\":\"https:\/\/stourm.news\/?p=4207\",\"name\":\"Suppression des informations en breton sur la radio d'\u00e9tat fran\u00e7aise : sans gouvernement breton, pas d'avenir pour la langue bretonne - STOURM\",\"isPartOf\":{\"@id\":\"https:\/\/stourm.news\/#website\"},\"primaryImageOfPage\":{\"@id\":\"https:\/\/stourm.news\/?p=4207#primaryimage\"},\"image\":{\"@id\":\"https:\/\/stourm.news\/?p=4207#primaryimage\"},\"thumbnailUrl\":\"https:\/\/stourm.news\/wp-content\/uploads\/2025\/06\/Capture-decran-2025-06-04-a-15.30.07.png\",\"datePublished\":\"2025-06-04T06:30:46+00:00\",\"breadcrumb\":{\"@id\":\"https:\/\/stourm.news\/?p=4207#breadcrumb\"},\"inLanguage\":\"fr-FR\",\"potentialAction\":[{\"@type\":\"ReadAction\",\"target\":[\"https:\/\/stourm.news\/?p=4207\"]}]},{\"@type\":\"ImageObject\",\"inLanguage\":\"fr-FR\",\"@id\":\"https:\/\/stourm.news\/?p=4207#primaryimage\",\"url\":\"https:\/\/stourm.news\/wp-content\/uploads\/2025\/06\/Capture-decran-2025-06-04-a-15.30.07.png\",\"contentUrl\":\"https:\/\/stourm.news\/wp-content\/uploads\/2025\/06\/Capture-decran-2025-06-04-a-15.30.07.png\",\"width\":1444,\"height\":902},{\"@type\":\"BreadcrumbList\",\"@id\":\"https:\/\/stourm.news\/?p=4207#breadcrumb\",\"itemListElement\":[{\"@type\":\"ListItem\",\"position\":1,\"name\":\"Accueil\",\"item\":\"https:\/\/stourm.news\/\"},{\"@type\":\"ListItem\",\"position\":2,\"name\":\"Suppression des informations en breton sur la radio d&rsquo;\u00e9tat fran\u00e7aise : sans gouvernement breton, pas d&rsquo;avenir pour la langue bretonne\"}]},{\"@type\":\"WebSite\",\"@id\":\"https:\/\/stourm.news\/#website\",\"url\":\"https:\/\/stourm.news\/\",\"name\":\"Stourm\",\"description\":\"Kazetenn Strollad Broadel Breizh\",\"publisher\":{\"@id\":\"https:\/\/stourm.news\/#organization\"},\"potentialAction\":[{\"@type\":\"SearchAction\",\"target\":{\"@type\":\"EntryPoint\",\"urlTemplate\":\"https:\/\/stourm.news\/?s={search_term_string}\"},\"query-input\":{\"@type\":\"PropertyValueSpecification\",\"valueRequired\":true,\"valueName\":\"search_term_string\"}}],\"inLanguage\":\"fr-FR\"},{\"@type\":\"Organization\",\"@id\":\"https:\/\/stourm.news\/#organization\",\"name\":\"Stourm\",\"url\":\"https:\/\/stourm.news\/\",\"logo\":{\"@type\":\"ImageObject\",\"inLanguage\":\"fr-FR\",\"@id\":\"https:\/\/stourm.news\/#\/schema\/logo\/image\/\",\"url\":\"https:\/\/stourm.news\/wp-content\/uploads\/2025\/11\/cropped-Capture-decran-2025-11-28-a-15.19.07.png\",\"contentUrl\":\"https:\/\/stourm.news\/wp-content\/uploads\/2025\/11\/cropped-Capture-decran-2025-11-28-a-15.19.07.png\",\"width\":1855,\"height\":383,\"caption\":\"Stourm\"},\"image\":{\"@id\":\"https:\/\/stourm.news\/#\/schema\/logo\/image\/\"},\"sameAs\":[\"https:\/\/www.facebook.com\/stourmnews\/\"]},{\"@type\":\"Person\",\"@id\":\"https:\/\/stourm.news\/#\/schema\/person\/c3e1dc65988632e190969234ef046cf9\",\"name\":\"La r\u00e9daction\",\"image\":{\"@type\":\"ImageObject\",\"inLanguage\":\"fr-FR\",\"@id\":\"https:\/\/stourm.news\/#\/schema\/person\/image\/\",\"url\":\"https:\/\/secure.gravatar.com\/avatar\/7463443f194b6b5fb706b074ca0ef59a0cfcfd720cb47764b0ec5a952ce422b3?s=96&d=mm&r=g\",\"contentUrl\":\"https:\/\/secure.gravatar.com\/avatar\/7463443f194b6b5fb706b074ca0ef59a0cfcfd720cb47764b0ec5a952ce422b3?s=96&d=mm&r=g\",\"caption\":\"La r\u00e9daction\"},\"sameAs\":[\"https:\/\/stourm.news\"],\"url\":\"https:\/\/stourm.news\/?author=1\"}]}<\/script>\n<!-- \/ Yoast SEO plugin. -->","yoast_head_json":{"title":"Suppression des informations en breton sur la radio d'\u00e9tat fran\u00e7aise : sans gouvernement breton, pas d'avenir pour la langue bretonne - STOURM","robots":{"index":"index","follow":"follow","max-snippet":"max-snippet:-1","max-image-preview":"max-image-preview:large","max-video-preview":"max-video-preview:-1"},"canonical":"https:\/\/stourm.news\/?p=4207","og_locale":"fr_FR","og_type":"article","og_title":"Suppression des informations en breton sur la radio d'\u00e9tat fran\u00e7aise : sans gouvernement breton, pas d'avenir pour la langue bretonne - STOURM","og_description":"La r\u00e9cente p\u00e9tition contre la suppression des informations en breton sur Ici Breizh Izel aux heures de grande \u00e9coute illustre une fois de plus l&rsquo;hostilit\u00e9 chronique de l&rsquo;\u00c9tat fran\u00e7ais envers les langues des peuples sous occupation fran\u00e7aise, et particuli\u00e8rement la langue bretonne. Cette d\u00e9cision, qui prive les locuteurs bretons d&rsquo;un mince acc\u00e8s \u00e0 l&rsquo;information dans [&hellip;]","og_url":"https:\/\/stourm.news\/?p=4207","og_site_name":"STOURM","article_publisher":"https:\/\/www.facebook.com\/stourmnews\/","article_published_time":"2025-06-04T06:30:46+00:00","og_image":[{"width":1444,"height":902,"url":"https:\/\/stourm.news\/wp-content\/uploads\/2025\/06\/Capture-decran-2025-06-04-a-15.30.07.png","type":"image\/png"}],"author":"La r\u00e9daction","twitter_card":"summary_large_image","twitter_misc":{"\u00c9crit par":"La r\u00e9daction","Dur\u00e9e de lecture estim\u00e9e":"5 minutes"},"schema":{"@context":"https:\/\/schema.org","@graph":[{"@type":"Article","@id":"https:\/\/stourm.news\/?p=4207#article","isPartOf":{"@id":"https:\/\/stourm.news\/?p=4207"},"author":{"name":"La r\u00e9daction","@id":"https:\/\/stourm.news\/#\/schema\/person\/c3e1dc65988632e190969234ef046cf9"},"headline":"Suppression des informations en breton sur la radio d&rsquo;\u00e9tat fran\u00e7aise : sans gouvernement breton, pas d&rsquo;avenir pour la langue bretonne","datePublished":"2025-06-04T06:30:46+00:00","mainEntityOfPage":{"@id":"https:\/\/stourm.news\/?p=4207"},"wordCount":987,"commentCount":0,"publisher":{"@id":"https:\/\/stourm.news\/#organization"},"image":{"@id":"https:\/\/stourm.news\/?p=4207#primaryimage"},"thumbnailUrl":"https:\/\/stourm.news\/wp-content\/uploads\/2025\/06\/Capture-decran-2025-06-04-a-15.30.07.png","articleSection":["Breizh","Culture bretonne","Ind\u00e9pendance","Politique","Principale"],"inLanguage":"fr-FR","potentialAction":[{"@type":"CommentAction","name":"Comment","target":["https:\/\/stourm.news\/?p=4207#respond"]}]},{"@type":"WebPage","@id":"https:\/\/stourm.news\/?p=4207","url":"https:\/\/stourm.news\/?p=4207","name":"Suppression des informations en breton sur la radio d'\u00e9tat fran\u00e7aise : sans gouvernement breton, pas d'avenir pour la langue bretonne - STOURM","isPartOf":{"@id":"https:\/\/stourm.news\/#website"},"primaryImageOfPage":{"@id":"https:\/\/stourm.news\/?p=4207#primaryimage"},"image":{"@id":"https:\/\/stourm.news\/?p=4207#primaryimage"},"thumbnailUrl":"https:\/\/stourm.news\/wp-content\/uploads\/2025\/06\/Capture-decran-2025-06-04-a-15.30.07.png","datePublished":"2025-06-04T06:30:46+00:00","breadcrumb":{"@id":"https:\/\/stourm.news\/?p=4207#breadcrumb"},"inLanguage":"fr-FR","potentialAction":[{"@type":"ReadAction","target":["https:\/\/stourm.news\/?p=4207"]}]},{"@type":"ImageObject","inLanguage":"fr-FR","@id":"https:\/\/stourm.news\/?p=4207#primaryimage","url":"https:\/\/stourm.news\/wp-content\/uploads\/2025\/06\/Capture-decran-2025-06-04-a-15.30.07.png","contentUrl":"https:\/\/stourm.news\/wp-content\/uploads\/2025\/06\/Capture-decran-2025-06-04-a-15.30.07.png","width":1444,"height":902},{"@type":"BreadcrumbList","@id":"https:\/\/stourm.news\/?p=4207#breadcrumb","itemListElement":[{"@type":"ListItem","position":1,"name":"Accueil","item":"https:\/\/stourm.news\/"},{"@type":"ListItem","position":2,"name":"Suppression des informations en breton sur la radio d&rsquo;\u00e9tat fran\u00e7aise : sans gouvernement breton, pas d&rsquo;avenir pour la langue bretonne"}]},{"@type":"WebSite","@id":"https:\/\/stourm.news\/#website","url":"https:\/\/stourm.news\/","name":"Stourm","description":"Kazetenn Strollad Broadel Breizh","publisher":{"@id":"https:\/\/stourm.news\/#organization"},"potentialAction":[{"@type":"SearchAction","target":{"@type":"EntryPoint","urlTemplate":"https:\/\/stourm.news\/?s={search_term_string}"},"query-input":{"@type":"PropertyValueSpecification","valueRequired":true,"valueName":"search_term_string"}}],"inLanguage":"fr-FR"},{"@type":"Organization","@id":"https:\/\/stourm.news\/#organization","name":"Stourm","url":"https:\/\/stourm.news\/","logo":{"@type":"ImageObject","inLanguage":"fr-FR","@id":"https:\/\/stourm.news\/#\/schema\/logo\/image\/","url":"https:\/\/stourm.news\/wp-content\/uploads\/2025\/11\/cropped-Capture-decran-2025-11-28-a-15.19.07.png","contentUrl":"https:\/\/stourm.news\/wp-content\/uploads\/2025\/11\/cropped-Capture-decran-2025-11-28-a-15.19.07.png","width":1855,"height":383,"caption":"Stourm"},"image":{"@id":"https:\/\/stourm.news\/#\/schema\/logo\/image\/"},"sameAs":["https:\/\/www.facebook.com\/stourmnews\/"]},{"@type":"Person","@id":"https:\/\/stourm.news\/#\/schema\/person\/c3e1dc65988632e190969234ef046cf9","name":"La r\u00e9daction","image":{"@type":"ImageObject","inLanguage":"fr-FR","@id":"https:\/\/stourm.news\/#\/schema\/person\/image\/","url":"https:\/\/secure.gravatar.com\/avatar\/7463443f194b6b5fb706b074ca0ef59a0cfcfd720cb47764b0ec5a952ce422b3?s=96&d=mm&r=g","contentUrl":"https:\/\/secure.gravatar.com\/avatar\/7463443f194b6b5fb706b074ca0ef59a0cfcfd720cb47764b0ec5a952ce422b3?s=96&d=mm&r=g","caption":"La r\u00e9daction"},"sameAs":["https:\/\/stourm.news"],"url":"https:\/\/stourm.news\/?author=1"}]}},"_links":{"self":[{"href":"https:\/\/stourm.news\/index.php?rest_route=\/wp\/v2\/posts\/4207","targetHints":{"allow":["GET"]}}],"collection":[{"href":"https:\/\/stourm.news\/index.php?rest_route=\/wp\/v2\/posts"}],"about":[{"href":"https:\/\/stourm.news\/index.php?rest_route=\/wp\/v2\/types\/post"}],"author":[{"embeddable":true,"href":"https:\/\/stourm.news\/index.php?rest_route=\/wp\/v2\/users\/1"}],"replies":[{"embeddable":true,"href":"https:\/\/stourm.news\/index.php?rest_route=%2Fwp%2Fv2%2Fcomments&post=4207"}],"version-history":[{"count":1,"href":"https:\/\/stourm.news\/index.php?rest_route=\/wp\/v2\/posts\/4207\/revisions"}],"predecessor-version":[{"id":4209,"href":"https:\/\/stourm.news\/index.php?rest_route=\/wp\/v2\/posts\/4207\/revisions\/4209"}],"wp:featuredmedia":[{"embeddable":true,"href":"https:\/\/stourm.news\/index.php?rest_route=\/wp\/v2\/media\/4208"}],"wp:attachment":[{"href":"https:\/\/stourm.news\/index.php?rest_route=%2Fwp%2Fv2%2Fmedia&parent=4207"}],"wp:term":[{"taxonomy":"category","embeddable":true,"href":"https:\/\/stourm.news\/index.php?rest_route=%2Fwp%2Fv2%2Fcategories&post=4207"},{"taxonomy":"post_tag","embeddable":true,"href":"https:\/\/stourm.news\/index.php?rest_route=%2Fwp%2Fv2%2Ftags&post=4207"}],"curies":[{"name":"wp","href":"https:\/\/api.w.org\/{rel}","templated":true}]}}