{"id":4210,"date":"2025-06-04T11:11:12","date_gmt":"2025-06-04T11:11:12","guid":{"rendered":"https:\/\/stourm.news\/?p=4210"},"modified":"2025-06-04T11:14:31","modified_gmt":"2025-06-04T11:14:31","slug":"fusillade-routiere-a-nantes-pour-un-coup-de-klaxon-un-tunisien-recidiviste-ouvre-le-feu-sur-un-automobiliste","status":"publish","type":"post","link":"https:\/\/stourm.news\/?p=4210","title":{"rendered":"Fusillade routi\u00e8re \u00e0 Nantes : pour un coup de klaxon, un Tunisien r\u00e9cidiviste ouvre le feu sur un automobiliste"},"content":{"rendered":"<p style=\"text-align: justify;\">\u00c9voqu\u00e9 par le journal <strong><a href=\"https:\/\/archive.is\/NWq7l#selection-1553.0-1677.272\">Le Parisien<\/a><\/strong>, l\u00a0\u00bbincident survenu le 1er juin \u00e0 Nantes, o\u00f9 un automobiliste a \u00e9t\u00e9 bless\u00e9 par balles apr\u00e8s une simple incivilit\u00e9 routi\u00e8re, illustre de mani\u00e8re criante la violence ethnique qui gangr\u00e8ne notre soci\u00e9t\u00e9, particuli\u00e8rement sur les routes. Cet \u00e9v\u00e9nement, qui a failli tourner au drame, met \u00e9galement en lumi\u00e8re les carences de l&rsquo;\u00c9tat fran\u00e7ais dans la gestion de la s\u00e9curit\u00e9 publique.<\/p>\n<p style=\"text-align: justify;\">Un <strong>Tunisien<\/strong> de 28 ans, connu des services de police sous de multiples alias, a \u00e9t\u00e9 interpell\u00e9 le 4 juin \u00e0 Rez\u00e9, dans la banlieue nantaise, <strong>apr\u00e8s avoir tir\u00e9<\/strong> sur un autre conducteur qui l&rsquo;avait klaxonn\u00e9 pour <strong>une man\u0153uvre dangereuse<\/strong>. L&rsquo;agression, survenue en plein jour au centre-ville de Nantes, a impliqu\u00e9 l&rsquo;utilisation d&rsquo;une arme de poing de calibre 7,65 mm, avec des tirs sur le pneu du v\u00e9hicule de la victime, des coups port\u00e9s au pare-brise, et des blessures inflig\u00e9es. Lors de la perquisition de son domicile, les forces de l&rsquo;ordre ont d\u00e9couvert non seulement l&rsquo;arme du crime, mais aussi plusieurs autres armes de poing et une r\u00e9plique de fusil d&rsquo;assaut, r\u00e9v\u00e9lant un profil dangereux et r\u00e9cidiviste. Ce suspect, d\u00e9j\u00e0 connu <strong>pour avoir bless\u00e9 sa concubine au couteau<\/strong> en 2022 <strong>et agress\u00e9 une femme avec un sabre<\/strong>, incarne les failles du syst\u00e8me judiciaire et policier fran\u00e7ais qui peine \u00e0 neutraliser les individus violents avant qu&rsquo;ils ne commettent de nouveaux actes.<\/p>\n<p style=\"text-align: justify;\">Seule une politique nationaliste, centr\u00e9e sur la s\u00e9curit\u00e9 des Bretons et la d\u00e9fense de notre pays, peut inverser cette tendance. Il est temps que la Bretagne dispose de son \u00c9tat, pleinement souverain, capable de g\u00e9rer ses propres affaires de s\u00e9curit\u00e9 et de justice, pour garantir la paix et la prosp\u00e9rit\u00e9 de notre peuple.<\/p>\n<p style=\"text-align: right;\"><strong>Budig Gourmaelon<\/strong><\/p>\n","protected":false},"excerpt":{"rendered":"<p>\u00c9voqu\u00e9 par le journal Le Parisien, l\u00a0\u00bbincident survenu le 1er juin \u00e0 Nantes, o\u00f9 un automobiliste a \u00e9t\u00e9 bless\u00e9 par balles apr\u00e8s une simple incivilit\u00e9 routi\u00e8re, illustre de mani\u00e8re criante la violence ethnique qui gangr\u00e8ne notre soci\u00e9t\u00e9, particuli\u00e8rement sur les routes. Cet \u00e9v\u00e9nement, qui a failli tourner au drame, met \u00e9galement en lumi\u00e8re les carences [&hellip;]<\/p>\n","protected":false},"author":1,"featured_media":4213,"comment_status":"open","ping_status":"open","sticky":false,"template":"","format":"standard","meta":{"sb_editor_width":"","footnotes":""},"categories":[31,41,62],"tags":[],"class_list":["post-4210","post","type-post","status-publish","format-standard","has-post-thumbnail","hentry","category-agression","category-ille-et-vilaine","category-revue-de-presse"],"relative_dates":{"created":"11 mois ago","modified":"11 mois ago"},"yoast_head":"<!-- This site is optimized with the Yoast SEO plugin v26.3 - https:\/\/yoast.com\/wordpress\/plugins\/seo\/ -->\n<title>Fusillade routi\u00e8re \u00e0 Nantes : pour un coup de klaxon, un Tunisien r\u00e9cidiviste ouvre le feu sur un automobiliste - STOURM<\/title>\n<meta name=\"robots\" content=\"index, follow, max-snippet:-1, max-image-preview:large, max-video-preview:-1\" \/>\n<link rel=\"canonical\" href=\"https:\/\/stourm.news\/?p=4210\" \/>\n<meta property=\"og:locale\" content=\"fr_FR\" \/>\n<meta property=\"og:type\" content=\"article\" \/>\n<meta property=\"og:title\" content=\"Fusillade routi\u00e8re \u00e0 Nantes : pour un coup de klaxon, un Tunisien r\u00e9cidiviste ouvre le feu sur un automobiliste - STOURM\" \/>\n<meta property=\"og:description\" content=\"\u00c9voqu\u00e9 par le journal Le Parisien, l\u00a0\u00bbincident survenu le 1er juin \u00e0 Nantes, o\u00f9 un automobiliste a \u00e9t\u00e9 bless\u00e9 par balles apr\u00e8s une simple incivilit\u00e9 routi\u00e8re, illustre de mani\u00e8re criante la violence ethnique qui gangr\u00e8ne notre soci\u00e9t\u00e9, particuli\u00e8rement sur les routes. Cet \u00e9v\u00e9nement, qui a failli tourner au drame, met \u00e9galement en lumi\u00e8re les carences [&hellip;]\" \/>\n<meta property=\"og:url\" content=\"https:\/\/stourm.news\/?p=4210\" \/>\n<meta property=\"og:site_name\" content=\"STOURM\" \/>\n<meta property=\"article:publisher\" content=\"https:\/\/www.facebook.com\/stourmnews\/\" \/>\n<meta property=\"article:published_time\" content=\"2025-06-04T11:11:12+00:00\" \/>\n<meta property=\"article:modified_time\" content=\"2025-06-04T11:14:31+00:00\" \/>\n<meta property=\"og:image\" content=\"https:\/\/stourm.news\/wp-content\/uploads\/2025\/06\/Capture-decran-2025-06-04-a-20.13.33.png\" \/>\n\t<meta property=\"og:image:width\" content=\"1052\" \/>\n\t<meta property=\"og:image:height\" content=\"666\" \/>\n\t<meta property=\"og:image:type\" content=\"image\/png\" \/>\n<meta name=\"author\" content=\"La r\u00e9daction\" \/>\n<meta name=\"twitter:card\" content=\"summary_large_image\" \/>\n<meta name=\"twitter:label1\" content=\"\u00c9crit par\" \/>\n\t<meta name=\"twitter:data1\" content=\"La r\u00e9daction\" \/>\n\t<meta name=\"twitter:label2\" content=\"Dur\u00e9e de lecture estim\u00e9e\" \/>\n\t<meta name=\"twitter:data2\" content=\"2 minutes\" \/>\n<script type=\"application\/ld+json\" class=\"yoast-schema-graph\">{\"@context\":\"https:\/\/schema.org\",\"@graph\":[{\"@type\":\"Article\",\"@id\":\"https:\/\/stourm.news\/?p=4210#article\",\"isPartOf\":{\"@id\":\"https:\/\/stourm.news\/?p=4210\"},\"author\":{\"name\":\"La r\u00e9daction\",\"@id\":\"https:\/\/stourm.news\/#\/schema\/person\/c3e1dc65988632e190969234ef046cf9\"},\"headline\":\"Fusillade routi\u00e8re \u00e0 Nantes : pour un coup de klaxon, un Tunisien r\u00e9cidiviste ouvre le feu sur un automobiliste\",\"datePublished\":\"2025-06-04T11:11:12+00:00\",\"dateModified\":\"2025-06-04T11:14:31+00:00\",\"mainEntityOfPage\":{\"@id\":\"https:\/\/stourm.news\/?p=4210\"},\"wordCount\":331,\"commentCount\":0,\"publisher\":{\"@id\":\"https:\/\/stourm.news\/#organization\"},\"image\":{\"@id\":\"https:\/\/stourm.news\/?p=4210#primaryimage\"},\"thumbnailUrl\":\"https:\/\/stourm.news\/wp-content\/uploads\/2025\/06\/Capture-decran-2025-06-04-a-20.13.33.png\",\"articleSection\":[\"Agression\",\"Ille-et-Vilaine\",\"Revue de presse\"],\"inLanguage\":\"fr-FR\",\"potentialAction\":[{\"@type\":\"CommentAction\",\"name\":\"Comment\",\"target\":[\"https:\/\/stourm.news\/?p=4210#respond\"]}]},{\"@type\":\"WebPage\",\"@id\":\"https:\/\/stourm.news\/?p=4210\",\"url\":\"https:\/\/stourm.news\/?p=4210\",\"name\":\"Fusillade routi\u00e8re \u00e0 Nantes : pour un coup de klaxon, un Tunisien r\u00e9cidiviste ouvre le feu sur un automobiliste - STOURM\",\"isPartOf\":{\"@id\":\"https:\/\/stourm.news\/#website\"},\"primaryImageOfPage\":{\"@id\":\"https:\/\/stourm.news\/?p=4210#primaryimage\"},\"image\":{\"@id\":\"https:\/\/stourm.news\/?p=4210#primaryimage\"},\"thumbnailUrl\":\"https:\/\/stourm.news\/wp-content\/uploads\/2025\/06\/Capture-decran-2025-06-04-a-20.13.33.png\",\"datePublished\":\"2025-06-04T11:11:12+00:00\",\"dateModified\":\"2025-06-04T11:14:31+00:00\",\"breadcrumb\":{\"@id\":\"https:\/\/stourm.news\/?p=4210#breadcrumb\"},\"inLanguage\":\"fr-FR\",\"potentialAction\":[{\"@type\":\"ReadAction\",\"target\":[\"https:\/\/stourm.news\/?p=4210\"]}]},{\"@type\":\"ImageObject\",\"inLanguage\":\"fr-FR\",\"@id\":\"https:\/\/stourm.news\/?p=4210#primaryimage\",\"url\":\"https:\/\/stourm.news\/wp-content\/uploads\/2025\/06\/Capture-decran-2025-06-04-a-20.13.33.png\",\"contentUrl\":\"https:\/\/stourm.news\/wp-content\/uploads\/2025\/06\/Capture-decran-2025-06-04-a-20.13.33.png\",\"width\":1052,\"height\":666},{\"@type\":\"BreadcrumbList\",\"@id\":\"https:\/\/stourm.news\/?p=4210#breadcrumb\",\"itemListElement\":[{\"@type\":\"ListItem\",\"position\":1,\"name\":\"Accueil\",\"item\":\"https:\/\/stourm.news\/\"},{\"@type\":\"ListItem\",\"position\":2,\"name\":\"Fusillade routi\u00e8re \u00e0 Nantes : pour un coup de klaxon, un Tunisien r\u00e9cidiviste ouvre le feu sur un automobiliste\"}]},{\"@type\":\"WebSite\",\"@id\":\"https:\/\/stourm.news\/#website\",\"url\":\"https:\/\/stourm.news\/\",\"name\":\"Stourm\",\"description\":\"Kazetenn Strollad Broadel Breizh\",\"publisher\":{\"@id\":\"https:\/\/stourm.news\/#organization\"},\"potentialAction\":[{\"@type\":\"SearchAction\",\"target\":{\"@type\":\"EntryPoint\",\"urlTemplate\":\"https:\/\/stourm.news\/?s={search_term_string}\"},\"query-input\":{\"@type\":\"PropertyValueSpecification\",\"valueRequired\":true,\"valueName\":\"search_term_string\"}}],\"inLanguage\":\"fr-FR\"},{\"@type\":\"Organization\",\"@id\":\"https:\/\/stourm.news\/#organization\",\"name\":\"Stourm\",\"url\":\"https:\/\/stourm.news\/\",\"logo\":{\"@type\":\"ImageObject\",\"inLanguage\":\"fr-FR\",\"@id\":\"https:\/\/stourm.news\/#\/schema\/logo\/image\/\",\"url\":\"https:\/\/stourm.news\/wp-content\/uploads\/2025\/11\/cropped-Capture-decran-2025-11-28-a-15.19.07.png\",\"contentUrl\":\"https:\/\/stourm.news\/wp-content\/uploads\/2025\/11\/cropped-Capture-decran-2025-11-28-a-15.19.07.png\",\"width\":1855,\"height\":383,\"caption\":\"Stourm\"},\"image\":{\"@id\":\"https:\/\/stourm.news\/#\/schema\/logo\/image\/\"},\"sameAs\":[\"https:\/\/www.facebook.com\/stourmnews\/\"]},{\"@type\":\"Person\",\"@id\":\"https:\/\/stourm.news\/#\/schema\/person\/c3e1dc65988632e190969234ef046cf9\",\"name\":\"La r\u00e9daction\",\"image\":{\"@type\":\"ImageObject\",\"inLanguage\":\"fr-FR\",\"@id\":\"https:\/\/stourm.news\/#\/schema\/person\/image\/\",\"url\":\"https:\/\/secure.gravatar.com\/avatar\/7463443f194b6b5fb706b074ca0ef59a0cfcfd720cb47764b0ec5a952ce422b3?s=96&d=mm&r=g\",\"contentUrl\":\"https:\/\/secure.gravatar.com\/avatar\/7463443f194b6b5fb706b074ca0ef59a0cfcfd720cb47764b0ec5a952ce422b3?s=96&d=mm&r=g\",\"caption\":\"La r\u00e9daction\"},\"sameAs\":[\"https:\/\/stourm.news\"],\"url\":\"https:\/\/stourm.news\/?author=1\"}]}<\/script>\n<!-- \/ Yoast SEO plugin. -->","yoast_head_json":{"title":"Fusillade routi\u00e8re \u00e0 Nantes : pour un coup de klaxon, un Tunisien r\u00e9cidiviste ouvre le feu sur un automobiliste - STOURM","robots":{"index":"index","follow":"follow","max-snippet":"max-snippet:-1","max-image-preview":"max-image-preview:large","max-video-preview":"max-video-preview:-1"},"canonical":"https:\/\/stourm.news\/?p=4210","og_locale":"fr_FR","og_type":"article","og_title":"Fusillade routi\u00e8re \u00e0 Nantes : pour un coup de klaxon, un Tunisien r\u00e9cidiviste ouvre le feu sur un automobiliste - STOURM","og_description":"\u00c9voqu\u00e9 par le journal Le Parisien, l\u00a0\u00bbincident survenu le 1er juin \u00e0 Nantes, o\u00f9 un automobiliste a \u00e9t\u00e9 bless\u00e9 par balles apr\u00e8s une simple incivilit\u00e9 routi\u00e8re, illustre de mani\u00e8re criante la violence ethnique qui gangr\u00e8ne notre soci\u00e9t\u00e9, particuli\u00e8rement sur les routes. Cet \u00e9v\u00e9nement, qui a failli tourner au drame, met \u00e9galement en lumi\u00e8re les carences [&hellip;]","og_url":"https:\/\/stourm.news\/?p=4210","og_site_name":"STOURM","article_publisher":"https:\/\/www.facebook.com\/stourmnews\/","article_published_time":"2025-06-04T11:11:12+00:00","article_modified_time":"2025-06-04T11:14:31+00:00","og_image":[{"width":1052,"height":666,"url":"https:\/\/stourm.news\/wp-content\/uploads\/2025\/06\/Capture-decran-2025-06-04-a-20.13.33.png","type":"image\/png"}],"author":"La r\u00e9daction","twitter_card":"summary_large_image","twitter_misc":{"\u00c9crit par":"La r\u00e9daction","Dur\u00e9e de lecture estim\u00e9e":"2 minutes"},"schema":{"@context":"https:\/\/schema.org","@graph":[{"@type":"Article","@id":"https:\/\/stourm.news\/?p=4210#article","isPartOf":{"@id":"https:\/\/stourm.news\/?p=4210"},"author":{"name":"La r\u00e9daction","@id":"https:\/\/stourm.news\/#\/schema\/person\/c3e1dc65988632e190969234ef046cf9"},"headline":"Fusillade routi\u00e8re \u00e0 Nantes : pour un coup de klaxon, un Tunisien r\u00e9cidiviste ouvre le feu sur un automobiliste","datePublished":"2025-06-04T11:11:12+00:00","dateModified":"2025-06-04T11:14:31+00:00","mainEntityOfPage":{"@id":"https:\/\/stourm.news\/?p=4210"},"wordCount":331,"commentCount":0,"publisher":{"@id":"https:\/\/stourm.news\/#organization"},"image":{"@id":"https:\/\/stourm.news\/?p=4210#primaryimage"},"thumbnailUrl":"https:\/\/stourm.news\/wp-content\/uploads\/2025\/06\/Capture-decran-2025-06-04-a-20.13.33.png","articleSection":["Agression","Ille-et-Vilaine","Revue de presse"],"inLanguage":"fr-FR","potentialAction":[{"@type":"CommentAction","name":"Comment","target":["https:\/\/stourm.news\/?p=4210#respond"]}]},{"@type":"WebPage","@id":"https:\/\/stourm.news\/?p=4210","url":"https:\/\/stourm.news\/?p=4210","name":"Fusillade routi\u00e8re \u00e0 Nantes : pour un coup de klaxon, un Tunisien r\u00e9cidiviste ouvre le feu sur un automobiliste - STOURM","isPartOf":{"@id":"https:\/\/stourm.news\/#website"},"primaryImageOfPage":{"@id":"https:\/\/stourm.news\/?p=4210#primaryimage"},"image":{"@id":"https:\/\/stourm.news\/?p=4210#primaryimage"},"thumbnailUrl":"https:\/\/stourm.news\/wp-content\/uploads\/2025\/06\/Capture-decran-2025-06-04-a-20.13.33.png","datePublished":"2025-06-04T11:11:12+00:00","dateModified":"2025-06-04T11:14:31+00:00","breadcrumb":{"@id":"https:\/\/stourm.news\/?p=4210#breadcrumb"},"inLanguage":"fr-FR","potentialAction":[{"@type":"ReadAction","target":["https:\/\/stourm.news\/?p=4210"]}]},{"@type":"ImageObject","inLanguage":"fr-FR","@id":"https:\/\/stourm.news\/?p=4210#primaryimage","url":"https:\/\/stourm.news\/wp-content\/uploads\/2025\/06\/Capture-decran-2025-06-04-a-20.13.33.png","contentUrl":"https:\/\/stourm.news\/wp-content\/uploads\/2025\/06\/Capture-decran-2025-06-04-a-20.13.33.png","width":1052,"height":666},{"@type":"BreadcrumbList","@id":"https:\/\/stourm.news\/?p=4210#breadcrumb","itemListElement":[{"@type":"ListItem","position":1,"name":"Accueil","item":"https:\/\/stourm.news\/"},{"@type":"ListItem","position":2,"name":"Fusillade routi\u00e8re \u00e0 Nantes : pour un coup de klaxon, un Tunisien r\u00e9cidiviste ouvre le feu sur un automobiliste"}]},{"@type":"WebSite","@id":"https:\/\/stourm.news\/#website","url":"https:\/\/stourm.news\/","name":"Stourm","description":"Kazetenn Strollad Broadel Breizh","publisher":{"@id":"https:\/\/stourm.news\/#organization"},"potentialAction":[{"@type":"SearchAction","target":{"@type":"EntryPoint","urlTemplate":"https:\/\/stourm.news\/?s={search_term_string}"},"query-input":{"@type":"PropertyValueSpecification","valueRequired":true,"valueName":"search_term_string"}}],"inLanguage":"fr-FR"},{"@type":"Organization","@id":"https:\/\/stourm.news\/#organization","name":"Stourm","url":"https:\/\/stourm.news\/","logo":{"@type":"ImageObject","inLanguage":"fr-FR","@id":"https:\/\/stourm.news\/#\/schema\/logo\/image\/","url":"https:\/\/stourm.news\/wp-content\/uploads\/2025\/11\/cropped-Capture-decran-2025-11-28-a-15.19.07.png","contentUrl":"https:\/\/stourm.news\/wp-content\/uploads\/2025\/11\/cropped-Capture-decran-2025-11-28-a-15.19.07.png","width":1855,"height":383,"caption":"Stourm"},"image":{"@id":"https:\/\/stourm.news\/#\/schema\/logo\/image\/"},"sameAs":["https:\/\/www.facebook.com\/stourmnews\/"]},{"@type":"Person","@id":"https:\/\/stourm.news\/#\/schema\/person\/c3e1dc65988632e190969234ef046cf9","name":"La r\u00e9daction","image":{"@type":"ImageObject","inLanguage":"fr-FR","@id":"https:\/\/stourm.news\/#\/schema\/person\/image\/","url":"https:\/\/secure.gravatar.com\/avatar\/7463443f194b6b5fb706b074ca0ef59a0cfcfd720cb47764b0ec5a952ce422b3?s=96&d=mm&r=g","contentUrl":"https:\/\/secure.gravatar.com\/avatar\/7463443f194b6b5fb706b074ca0ef59a0cfcfd720cb47764b0ec5a952ce422b3?s=96&d=mm&r=g","caption":"La r\u00e9daction"},"sameAs":["https:\/\/stourm.news"],"url":"https:\/\/stourm.news\/?author=1"}]}},"_links":{"self":[{"href":"https:\/\/stourm.news\/index.php?rest_route=\/wp\/v2\/posts\/4210","targetHints":{"allow":["GET"]}}],"collection":[{"href":"https:\/\/stourm.news\/index.php?rest_route=\/wp\/v2\/posts"}],"about":[{"href":"https:\/\/stourm.news\/index.php?rest_route=\/wp\/v2\/types\/post"}],"author":[{"embeddable":true,"href":"https:\/\/stourm.news\/index.php?rest_route=\/wp\/v2\/users\/1"}],"replies":[{"embeddable":true,"href":"https:\/\/stourm.news\/index.php?rest_route=%2Fwp%2Fv2%2Fcomments&post=4210"}],"version-history":[{"count":1,"href":"https:\/\/stourm.news\/index.php?rest_route=\/wp\/v2\/posts\/4210\/revisions"}],"predecessor-version":[{"id":4212,"href":"https:\/\/stourm.news\/index.php?rest_route=\/wp\/v2\/posts\/4210\/revisions\/4212"}],"wp:featuredmedia":[{"embeddable":true,"href":"https:\/\/stourm.news\/index.php?rest_route=\/wp\/v2\/media\/4213"}],"wp:attachment":[{"href":"https:\/\/stourm.news\/index.php?rest_route=%2Fwp%2Fv2%2Fmedia&parent=4210"}],"wp:term":[{"taxonomy":"category","embeddable":true,"href":"https:\/\/stourm.news\/index.php?rest_route=%2Fwp%2Fv2%2Fcategories&post=4210"},{"taxonomy":"post_tag","embeddable":true,"href":"https:\/\/stourm.news\/index.php?rest_route=%2Fwp%2Fv2%2Ftags&post=4210"}],"curies":[{"name":"wp","href":"https:\/\/api.w.org\/{rel}","templated":true}]}}