{"id":4218,"date":"2025-06-04T16:10:09","date_gmt":"2025-06-04T16:10:09","guid":{"rendered":"https:\/\/stourm.news\/?p=4218"},"modified":"2025-06-04T16:10:09","modified_gmt":"2025-06-04T16:10:09","slug":"rennes-condamnation-pour-un-kosovar-musulman-parti-en-guerre-pour-un-point-de-deal-du-quartier-multiculturel-de-maurepas","status":"publish","type":"post","link":"https:\/\/stourm.news\/?p=4218","title":{"rendered":"Rennes : condamnation pour un Kosovar musulman \u00ab\u00a0parti en guerre\u00a0\u00bb pour un point de deal du quartier multiculturel de Maurepas"},"content":{"rendered":"<p style=\"text-align: justify;\">Dans <strong><a href=\"https:\/\/www.letelegramme.fr\/ille-et-vilaine\/rennes-35000\/il-avait-mene-une-guerre-pour-reprendre-un-point-de-deal-a-rennes-peine-confirmee-pour-le-kosovar-6830135.php\">un article<\/a><\/strong>, Le T\u00e9l\u00e9gramme fait \u00e9cho d&rsquo;une nouvelle affaire illustrant parfaitement les dangers pos\u00e9s par l&rsquo;immigration qu&rsquo;impose l&rsquo;\u00c9tat fran\u00e7ais en Bretagne. Un Musulman originaire du Kosovo, impliqu\u00e9 dans une guerre pour reprendre un point de deal \u00e0 Rennes, a vu sa peine confirm\u00e9e par la justice, confirmant ainsi la pr\u00e9sence d&rsquo;une criminalit\u00e9 organis\u00e9e \u00e9trang\u00e8re sur notre sol.<\/p>\n<p style=\"text-align: justify;\">Ce Kosovar a \u00e9t\u00e9 au c\u0153ur d&rsquo;une lutte violente pour le contr\u00f4le d&rsquo;un point de vente de drogue \u00e0 Rennes, d\u00e9montrant une fois de plus comment des organisations \u00e9trang\u00e8res s&#8217;emparent de pans du territoire breton pour y implanter leurs activit\u00e9s illicites.<\/p>\n<p style=\"text-align: justify;\">L&rsquo;\u00c9tat fran\u00e7ais, par son inaction et ses politiques laxistes, a failli \u00e0 son obligation de prot\u00e9ger les Bretons qu&rsquo;il place sous son administration contre ces menaces s\u00e9curitaires. Il est temps pour la Bretagne de s&rsquo;organiser \u00e0 nouveau en \u00c9tat souverain, capable de g\u00e9rer ses propres affaires de s\u00e9curit\u00e9 et de justice, pour garantir la paix et la prosp\u00e9rit\u00e9 de notre nation.<\/p>\n<p style=\"text-align: right;\"><strong>Ewen Broc&rsquo;han<\/strong><\/p>\n","protected":false},"excerpt":{"rendered":"<p>Dans un article, Le T\u00e9l\u00e9gramme fait \u00e9cho d&rsquo;une nouvelle affaire illustrant parfaitement les dangers pos\u00e9s par l&rsquo;immigration qu&rsquo;impose l&rsquo;\u00c9tat fran\u00e7ais en Bretagne. Un Musulman originaire du Kosovo, impliqu\u00e9 dans une guerre pour reprendre un point de deal \u00e0 Rennes, a vu sa peine confirm\u00e9e par la justice, confirmant ainsi la pr\u00e9sence d&rsquo;une criminalit\u00e9 organis\u00e9e \u00e9trang\u00e8re [&hellip;]<\/p>\n","protected":false},"author":1,"featured_media":4219,"comment_status":"open","ping_status":"open","sticky":false,"template":"","format":"standard","meta":{"sb_editor_width":"","footnotes":""},"categories":[29,41,62],"tags":[],"class_list":["post-4218","post","type-post","status-publish","format-standard","has-post-thumbnail","hentry","category-drogue","category-ille-et-vilaine","category-revue-de-presse"],"relative_dates":{"created":"11 mois ago","modified":"11 mois ago"},"yoast_head":"<!-- This site is optimized with the Yoast SEO plugin v26.3 - https:\/\/yoast.com\/wordpress\/plugins\/seo\/ -->\n<title>Rennes : condamnation pour un Kosovar musulman &quot;parti en guerre&quot; pour un point de deal du quartier multiculturel de Maurepas - STOURM<\/title>\n<meta name=\"robots\" content=\"index, follow, max-snippet:-1, max-image-preview:large, max-video-preview:-1\" \/>\n<link rel=\"canonical\" href=\"https:\/\/stourm.news\/?p=4218\" \/>\n<meta property=\"og:locale\" content=\"fr_FR\" \/>\n<meta property=\"og:type\" content=\"article\" \/>\n<meta property=\"og:title\" content=\"Rennes : condamnation pour un Kosovar musulman &quot;parti en guerre&quot; pour un point de deal du quartier multiculturel de Maurepas - STOURM\" \/>\n<meta property=\"og:description\" content=\"Dans un article, Le T\u00e9l\u00e9gramme fait \u00e9cho d&rsquo;une nouvelle affaire illustrant parfaitement les dangers pos\u00e9s par l&rsquo;immigration qu&rsquo;impose l&rsquo;\u00c9tat fran\u00e7ais en Bretagne. Un Musulman originaire du Kosovo, impliqu\u00e9 dans une guerre pour reprendre un point de deal \u00e0 Rennes, a vu sa peine confirm\u00e9e par la justice, confirmant ainsi la pr\u00e9sence d&rsquo;une criminalit\u00e9 organis\u00e9e \u00e9trang\u00e8re [&hellip;]\" \/>\n<meta property=\"og:url\" content=\"https:\/\/stourm.news\/?p=4218\" \/>\n<meta property=\"og:site_name\" content=\"STOURM\" \/>\n<meta property=\"article:publisher\" content=\"https:\/\/www.facebook.com\/stourmnews\/\" \/>\n<meta property=\"article:published_time\" content=\"2025-06-04T16:10:09+00:00\" \/>\n<meta property=\"og:image\" content=\"https:\/\/stourm.news\/wp-content\/uploads\/2025\/06\/6840618ae6d9df1a7f05bf63.1.webp\" \/>\n\t<meta property=\"og:image:width\" content=\"1200\" \/>\n\t<meta property=\"og:image:height\" content=\"750\" \/>\n\t<meta property=\"og:image:type\" content=\"image\/webp\" \/>\n<meta name=\"author\" content=\"La r\u00e9daction\" \/>\n<meta name=\"twitter:card\" content=\"summary_large_image\" \/>\n<meta name=\"twitter:label1\" content=\"\u00c9crit par\" \/>\n\t<meta name=\"twitter:data1\" content=\"La r\u00e9daction\" \/>\n\t<meta name=\"twitter:label2\" content=\"Dur\u00e9e de lecture estim\u00e9e\" \/>\n\t<meta name=\"twitter:data2\" content=\"1 minute\" \/>\n<script type=\"application\/ld+json\" class=\"yoast-schema-graph\">{\"@context\":\"https:\/\/schema.org\",\"@graph\":[{\"@type\":\"Article\",\"@id\":\"https:\/\/stourm.news\/?p=4218#article\",\"isPartOf\":{\"@id\":\"https:\/\/stourm.news\/?p=4218\"},\"author\":{\"name\":\"La r\u00e9daction\",\"@id\":\"https:\/\/stourm.news\/#\/schema\/person\/c3e1dc65988632e190969234ef046cf9\"},\"headline\":\"Rennes : condamnation pour un Kosovar musulman \u00ab\u00a0parti en guerre\u00a0\u00bb pour un point de deal du quartier multiculturel de Maurepas\",\"datePublished\":\"2025-06-04T16:10:09+00:00\",\"mainEntityOfPage\":{\"@id\":\"https:\/\/stourm.news\/?p=4218\"},\"wordCount\":208,\"commentCount\":0,\"publisher\":{\"@id\":\"https:\/\/stourm.news\/#organization\"},\"image\":{\"@id\":\"https:\/\/stourm.news\/?p=4218#primaryimage\"},\"thumbnailUrl\":\"https:\/\/stourm.news\/wp-content\/uploads\/2025\/06\/6840618ae6d9df1a7f05bf63.1.webp\",\"articleSection\":[\"Drogue\",\"Ille-et-Vilaine\",\"Revue de presse\"],\"inLanguage\":\"fr-FR\",\"potentialAction\":[{\"@type\":\"CommentAction\",\"name\":\"Comment\",\"target\":[\"https:\/\/stourm.news\/?p=4218#respond\"]}]},{\"@type\":\"WebPage\",\"@id\":\"https:\/\/stourm.news\/?p=4218\",\"url\":\"https:\/\/stourm.news\/?p=4218\",\"name\":\"Rennes : condamnation pour un Kosovar musulman \\\"parti en guerre\\\" pour un point de deal du quartier multiculturel de Maurepas - STOURM\",\"isPartOf\":{\"@id\":\"https:\/\/stourm.news\/#website\"},\"primaryImageOfPage\":{\"@id\":\"https:\/\/stourm.news\/?p=4218#primaryimage\"},\"image\":{\"@id\":\"https:\/\/stourm.news\/?p=4218#primaryimage\"},\"thumbnailUrl\":\"https:\/\/stourm.news\/wp-content\/uploads\/2025\/06\/6840618ae6d9df1a7f05bf63.1.webp\",\"datePublished\":\"2025-06-04T16:10:09+00:00\",\"breadcrumb\":{\"@id\":\"https:\/\/stourm.news\/?p=4218#breadcrumb\"},\"inLanguage\":\"fr-FR\",\"potentialAction\":[{\"@type\":\"ReadAction\",\"target\":[\"https:\/\/stourm.news\/?p=4218\"]}]},{\"@type\":\"ImageObject\",\"inLanguage\":\"fr-FR\",\"@id\":\"https:\/\/stourm.news\/?p=4218#primaryimage\",\"url\":\"https:\/\/stourm.news\/wp-content\/uploads\/2025\/06\/6840618ae6d9df1a7f05bf63.1.webp\",\"contentUrl\":\"https:\/\/stourm.news\/wp-content\/uploads\/2025\/06\/6840618ae6d9df1a7f05bf63.1.webp\",\"width\":1200,\"height\":750},{\"@type\":\"BreadcrumbList\",\"@id\":\"https:\/\/stourm.news\/?p=4218#breadcrumb\",\"itemListElement\":[{\"@type\":\"ListItem\",\"position\":1,\"name\":\"Accueil\",\"item\":\"https:\/\/stourm.news\/\"},{\"@type\":\"ListItem\",\"position\":2,\"name\":\"Rennes : condamnation pour un Kosovar musulman \u00ab\u00a0parti en guerre\u00a0\u00bb pour un point de deal du quartier multiculturel de Maurepas\"}]},{\"@type\":\"WebSite\",\"@id\":\"https:\/\/stourm.news\/#website\",\"url\":\"https:\/\/stourm.news\/\",\"name\":\"Stourm\",\"description\":\"Kazetenn Strollad Broadel Breizh\",\"publisher\":{\"@id\":\"https:\/\/stourm.news\/#organization\"},\"potentialAction\":[{\"@type\":\"SearchAction\",\"target\":{\"@type\":\"EntryPoint\",\"urlTemplate\":\"https:\/\/stourm.news\/?s={search_term_string}\"},\"query-input\":{\"@type\":\"PropertyValueSpecification\",\"valueRequired\":true,\"valueName\":\"search_term_string\"}}],\"inLanguage\":\"fr-FR\"},{\"@type\":\"Organization\",\"@id\":\"https:\/\/stourm.news\/#organization\",\"name\":\"Stourm\",\"url\":\"https:\/\/stourm.news\/\",\"logo\":{\"@type\":\"ImageObject\",\"inLanguage\":\"fr-FR\",\"@id\":\"https:\/\/stourm.news\/#\/schema\/logo\/image\/\",\"url\":\"https:\/\/stourm.news\/wp-content\/uploads\/2025\/11\/cropped-Capture-decran-2025-11-28-a-15.19.07.png\",\"contentUrl\":\"https:\/\/stourm.news\/wp-content\/uploads\/2025\/11\/cropped-Capture-decran-2025-11-28-a-15.19.07.png\",\"width\":1855,\"height\":383,\"caption\":\"Stourm\"},\"image\":{\"@id\":\"https:\/\/stourm.news\/#\/schema\/logo\/image\/\"},\"sameAs\":[\"https:\/\/www.facebook.com\/stourmnews\/\"]},{\"@type\":\"Person\",\"@id\":\"https:\/\/stourm.news\/#\/schema\/person\/c3e1dc65988632e190969234ef046cf9\",\"name\":\"La r\u00e9daction\",\"image\":{\"@type\":\"ImageObject\",\"inLanguage\":\"fr-FR\",\"@id\":\"https:\/\/stourm.news\/#\/schema\/person\/image\/\",\"url\":\"https:\/\/secure.gravatar.com\/avatar\/7463443f194b6b5fb706b074ca0ef59a0cfcfd720cb47764b0ec5a952ce422b3?s=96&d=mm&r=g\",\"contentUrl\":\"https:\/\/secure.gravatar.com\/avatar\/7463443f194b6b5fb706b074ca0ef59a0cfcfd720cb47764b0ec5a952ce422b3?s=96&d=mm&r=g\",\"caption\":\"La r\u00e9daction\"},\"sameAs\":[\"https:\/\/stourm.news\"],\"url\":\"https:\/\/stourm.news\/?author=1\"}]}<\/script>\n<!-- \/ Yoast SEO plugin. -->","yoast_head_json":{"title":"Rennes : condamnation pour un Kosovar musulman \"parti en guerre\" pour un point de deal du quartier multiculturel de Maurepas - STOURM","robots":{"index":"index","follow":"follow","max-snippet":"max-snippet:-1","max-image-preview":"max-image-preview:large","max-video-preview":"max-video-preview:-1"},"canonical":"https:\/\/stourm.news\/?p=4218","og_locale":"fr_FR","og_type":"article","og_title":"Rennes : condamnation pour un Kosovar musulman \"parti en guerre\" pour un point de deal du quartier multiculturel de Maurepas - STOURM","og_description":"Dans un article, Le T\u00e9l\u00e9gramme fait \u00e9cho d&rsquo;une nouvelle affaire illustrant parfaitement les dangers pos\u00e9s par l&rsquo;immigration qu&rsquo;impose l&rsquo;\u00c9tat fran\u00e7ais en Bretagne. Un Musulman originaire du Kosovo, impliqu\u00e9 dans une guerre pour reprendre un point de deal \u00e0 Rennes, a vu sa peine confirm\u00e9e par la justice, confirmant ainsi la pr\u00e9sence d&rsquo;une criminalit\u00e9 organis\u00e9e \u00e9trang\u00e8re [&hellip;]","og_url":"https:\/\/stourm.news\/?p=4218","og_site_name":"STOURM","article_publisher":"https:\/\/www.facebook.com\/stourmnews\/","article_published_time":"2025-06-04T16:10:09+00:00","og_image":[{"width":1200,"height":750,"url":"https:\/\/stourm.news\/wp-content\/uploads\/2025\/06\/6840618ae6d9df1a7f05bf63.1.webp","type":"image\/webp"}],"author":"La r\u00e9daction","twitter_card":"summary_large_image","twitter_misc":{"\u00c9crit par":"La r\u00e9daction","Dur\u00e9e de lecture estim\u00e9e":"1 minute"},"schema":{"@context":"https:\/\/schema.org","@graph":[{"@type":"Article","@id":"https:\/\/stourm.news\/?p=4218#article","isPartOf":{"@id":"https:\/\/stourm.news\/?p=4218"},"author":{"name":"La r\u00e9daction","@id":"https:\/\/stourm.news\/#\/schema\/person\/c3e1dc65988632e190969234ef046cf9"},"headline":"Rennes : condamnation pour un Kosovar musulman \u00ab\u00a0parti en guerre\u00a0\u00bb pour un point de deal du quartier multiculturel de Maurepas","datePublished":"2025-06-04T16:10:09+00:00","mainEntityOfPage":{"@id":"https:\/\/stourm.news\/?p=4218"},"wordCount":208,"commentCount":0,"publisher":{"@id":"https:\/\/stourm.news\/#organization"},"image":{"@id":"https:\/\/stourm.news\/?p=4218#primaryimage"},"thumbnailUrl":"https:\/\/stourm.news\/wp-content\/uploads\/2025\/06\/6840618ae6d9df1a7f05bf63.1.webp","articleSection":["Drogue","Ille-et-Vilaine","Revue de presse"],"inLanguage":"fr-FR","potentialAction":[{"@type":"CommentAction","name":"Comment","target":["https:\/\/stourm.news\/?p=4218#respond"]}]},{"@type":"WebPage","@id":"https:\/\/stourm.news\/?p=4218","url":"https:\/\/stourm.news\/?p=4218","name":"Rennes : condamnation pour un Kosovar musulman \"parti en guerre\" pour un point de deal du quartier multiculturel de Maurepas - STOURM","isPartOf":{"@id":"https:\/\/stourm.news\/#website"},"primaryImageOfPage":{"@id":"https:\/\/stourm.news\/?p=4218#primaryimage"},"image":{"@id":"https:\/\/stourm.news\/?p=4218#primaryimage"},"thumbnailUrl":"https:\/\/stourm.news\/wp-content\/uploads\/2025\/06\/6840618ae6d9df1a7f05bf63.1.webp","datePublished":"2025-06-04T16:10:09+00:00","breadcrumb":{"@id":"https:\/\/stourm.news\/?p=4218#breadcrumb"},"inLanguage":"fr-FR","potentialAction":[{"@type":"ReadAction","target":["https:\/\/stourm.news\/?p=4218"]}]},{"@type":"ImageObject","inLanguage":"fr-FR","@id":"https:\/\/stourm.news\/?p=4218#primaryimage","url":"https:\/\/stourm.news\/wp-content\/uploads\/2025\/06\/6840618ae6d9df1a7f05bf63.1.webp","contentUrl":"https:\/\/stourm.news\/wp-content\/uploads\/2025\/06\/6840618ae6d9df1a7f05bf63.1.webp","width":1200,"height":750},{"@type":"BreadcrumbList","@id":"https:\/\/stourm.news\/?p=4218#breadcrumb","itemListElement":[{"@type":"ListItem","position":1,"name":"Accueil","item":"https:\/\/stourm.news\/"},{"@type":"ListItem","position":2,"name":"Rennes : condamnation pour un Kosovar musulman \u00ab\u00a0parti en guerre\u00a0\u00bb pour un point de deal du quartier multiculturel de Maurepas"}]},{"@type":"WebSite","@id":"https:\/\/stourm.news\/#website","url":"https:\/\/stourm.news\/","name":"Stourm","description":"Kazetenn Strollad Broadel Breizh","publisher":{"@id":"https:\/\/stourm.news\/#organization"},"potentialAction":[{"@type":"SearchAction","target":{"@type":"EntryPoint","urlTemplate":"https:\/\/stourm.news\/?s={search_term_string}"},"query-input":{"@type":"PropertyValueSpecification","valueRequired":true,"valueName":"search_term_string"}}],"inLanguage":"fr-FR"},{"@type":"Organization","@id":"https:\/\/stourm.news\/#organization","name":"Stourm","url":"https:\/\/stourm.news\/","logo":{"@type":"ImageObject","inLanguage":"fr-FR","@id":"https:\/\/stourm.news\/#\/schema\/logo\/image\/","url":"https:\/\/stourm.news\/wp-content\/uploads\/2025\/11\/cropped-Capture-decran-2025-11-28-a-15.19.07.png","contentUrl":"https:\/\/stourm.news\/wp-content\/uploads\/2025\/11\/cropped-Capture-decran-2025-11-28-a-15.19.07.png","width":1855,"height":383,"caption":"Stourm"},"image":{"@id":"https:\/\/stourm.news\/#\/schema\/logo\/image\/"},"sameAs":["https:\/\/www.facebook.com\/stourmnews\/"]},{"@type":"Person","@id":"https:\/\/stourm.news\/#\/schema\/person\/c3e1dc65988632e190969234ef046cf9","name":"La r\u00e9daction","image":{"@type":"ImageObject","inLanguage":"fr-FR","@id":"https:\/\/stourm.news\/#\/schema\/person\/image\/","url":"https:\/\/secure.gravatar.com\/avatar\/7463443f194b6b5fb706b074ca0ef59a0cfcfd720cb47764b0ec5a952ce422b3?s=96&d=mm&r=g","contentUrl":"https:\/\/secure.gravatar.com\/avatar\/7463443f194b6b5fb706b074ca0ef59a0cfcfd720cb47764b0ec5a952ce422b3?s=96&d=mm&r=g","caption":"La r\u00e9daction"},"sameAs":["https:\/\/stourm.news"],"url":"https:\/\/stourm.news\/?author=1"}]}},"_links":{"self":[{"href":"https:\/\/stourm.news\/index.php?rest_route=\/wp\/v2\/posts\/4218","targetHints":{"allow":["GET"]}}],"collection":[{"href":"https:\/\/stourm.news\/index.php?rest_route=\/wp\/v2\/posts"}],"about":[{"href":"https:\/\/stourm.news\/index.php?rest_route=\/wp\/v2\/types\/post"}],"author":[{"embeddable":true,"href":"https:\/\/stourm.news\/index.php?rest_route=\/wp\/v2\/users\/1"}],"replies":[{"embeddable":true,"href":"https:\/\/stourm.news\/index.php?rest_route=%2Fwp%2Fv2%2Fcomments&post=4218"}],"version-history":[{"count":1,"href":"https:\/\/stourm.news\/index.php?rest_route=\/wp\/v2\/posts\/4218\/revisions"}],"predecessor-version":[{"id":4220,"href":"https:\/\/stourm.news\/index.php?rest_route=\/wp\/v2\/posts\/4218\/revisions\/4220"}],"wp:featuredmedia":[{"embeddable":true,"href":"https:\/\/stourm.news\/index.php?rest_route=\/wp\/v2\/media\/4219"}],"wp:attachment":[{"href":"https:\/\/stourm.news\/index.php?rest_route=%2Fwp%2Fv2%2Fmedia&parent=4218"}],"wp:term":[{"taxonomy":"category","embeddable":true,"href":"https:\/\/stourm.news\/index.php?rest_route=%2Fwp%2Fv2%2Fcategories&post=4218"},{"taxonomy":"post_tag","embeddable":true,"href":"https:\/\/stourm.news\/index.php?rest_route=%2Fwp%2Fv2%2Ftags&post=4218"}],"curies":[{"name":"wp","href":"https:\/\/api.w.org\/{rel}","templated":true}]}}