{"id":4221,"date":"2025-06-05T11:43:24","date_gmt":"2025-06-05T11:43:24","guid":{"rendered":"https:\/\/stourm.news\/?p=4221"},"modified":"2025-06-05T11:43:24","modified_gmt":"2025-06-05T11:43:24","slug":"landerneau-16-000-hab-deux-voitures-incendiees-apres-une-nuit-agitee-en-centre-ville","status":"publish","type":"post","link":"https:\/\/stourm.news\/?p=4221","title":{"rendered":"Landerneau (16 000 hab) : deux voitures incendi\u00e9es apr\u00e8s \u00ab\u00a0une nuit agit\u00e9e en centre-ville\u00a0\u00bb"},"content":{"rendered":"<p style=\"text-align: justify;\">Dans la nuit du mercredi 4 au jeudi 5 juin 2025, un incendie d&rsquo;origine <strong>volontaire<\/strong> a \u00e9clat\u00e9 rue G\u00e9n\u00e9ral-Goury \u00e0 Landerneau, dans le Finist\u00e8re, d\u00e9truisant totalement deux voitures et en endommageant deux autres.<\/p>\n<p style=\"text-align: justify;\">Selon <strong><a href=\"https:\/\/www.letelegramme.fr\/finistere\/landerneau-29800\/a-landerneau-deux-voitures-incendiees-rue-general-goury-6830341.php\">un article du T\u00e9l\u00e9gramme<\/a><\/strong>, publi\u00e9 le 5 juin 2025, \u00ab l\u2019origine volontaire de l\u2019incendie para\u00eet ici plus que vraisemblable. Selon nos informations, cet acte criminel serait ainsi intervenu dans le cadre d\u2019une nuit agit\u00e9e en centre-ville. \u00bb<\/p>\n<p style=\"text-align: justify;\">L&rsquo;alerte a \u00e9t\u00e9 donn\u00e9e peu apr\u00e8s minuit, et les pompiers de Landerneau sont rapidement intervenus pour ma\u00eetriser le sinistre, \u00e9vitant une propagation plus importante. L&rsquo;incendie s&rsquo;est d\u00e9roul\u00e9 dans une rue r\u00e9sidentielle du centre-ville, un secteur habituellement calme de cette commune bretonne du Pays de Landerneau-Daoulas.<\/p>\n<p style=\"text-align: justify;\">La gendarmerie a ouvert une enqu\u00eate pour identifier les responsables de cet acte criminel et clarifier les circonstances exactes, notamment le contexte de cette \u00ab nuit agit\u00e9e \u00bb mentionn\u00e9e.<\/p>\n<p style=\"text-align: right;\"><strong>Ewen Broc&rsquo;han<\/strong><\/p>\n","protected":false},"excerpt":{"rendered":"<p>Dans la nuit du mercredi 4 au jeudi 5 juin 2025, un incendie d&rsquo;origine volontaire a \u00e9clat\u00e9 rue G\u00e9n\u00e9ral-Goury \u00e0 Landerneau, dans le Finist\u00e8re, d\u00e9truisant totalement deux voitures et en endommageant deux autres. Selon un article du T\u00e9l\u00e9gramme, publi\u00e9 le 5 juin 2025, \u00ab l\u2019origine volontaire de l\u2019incendie para\u00eet ici plus que vraisemblable. Selon nos [&hellip;]<\/p>\n","protected":false},"author":1,"featured_media":4222,"comment_status":"open","ping_status":"open","sticky":false,"template":"","format":"standard","meta":{"sb_editor_width":"","footnotes":""},"categories":[52,38,65,62],"tags":[],"class_list":["post-4221","post","type-post","status-publish","format-standard","has-post-thumbnail","hentry","category-faits-divers","category-finistere","category-principale","category-revue-de-presse"],"relative_dates":{"created":"11 mois ago","modified":"11 mois ago"},"yoast_head":"<!-- This site is optimized with the Yoast SEO plugin v26.3 - https:\/\/yoast.com\/wordpress\/plugins\/seo\/ -->\n<title>Landerneau (16 000 hab) : deux voitures incendi\u00e9es apr\u00e8s &quot;une nuit agit\u00e9e en centre-ville&quot; - STOURM<\/title>\n<meta name=\"robots\" content=\"index, follow, max-snippet:-1, max-image-preview:large, max-video-preview:-1\" \/>\n<link rel=\"canonical\" href=\"https:\/\/stourm.news\/?p=4221\" \/>\n<meta property=\"og:locale\" content=\"fr_FR\" \/>\n<meta property=\"og:type\" content=\"article\" \/>\n<meta property=\"og:title\" content=\"Landerneau (16 000 hab) : deux voitures incendi\u00e9es apr\u00e8s &quot;une nuit agit\u00e9e en centre-ville&quot; - STOURM\" \/>\n<meta property=\"og:description\" content=\"Dans la nuit du mercredi 4 au jeudi 5 juin 2025, un incendie d&rsquo;origine volontaire a \u00e9clat\u00e9 rue G\u00e9n\u00e9ral-Goury \u00e0 Landerneau, dans le Finist\u00e8re, d\u00e9truisant totalement deux voitures et en endommageant deux autres. Selon un article du T\u00e9l\u00e9gramme, publi\u00e9 le 5 juin 2025, \u00ab l\u2019origine volontaire de l\u2019incendie para\u00eet ici plus que vraisemblable. Selon nos [&hellip;]\" \/>\n<meta property=\"og:url\" content=\"https:\/\/stourm.news\/?p=4221\" \/>\n<meta property=\"og:site_name\" content=\"STOURM\" \/>\n<meta property=\"article:publisher\" content=\"https:\/\/www.facebook.com\/stourmnews\/\" \/>\n<meta property=\"article:published_time\" content=\"2025-06-05T11:43:24+00:00\" \/>\n<meta property=\"og:image\" content=\"https:\/\/stourm.news\/wp-content\/uploads\/2025\/06\/684173a65295604c920e13b4.1.webp\" \/>\n\t<meta property=\"og:image:width\" content=\"960\" \/>\n\t<meta property=\"og:image:height\" content=\"600\" \/>\n\t<meta property=\"og:image:type\" content=\"image\/webp\" \/>\n<meta name=\"author\" content=\"La r\u00e9daction\" \/>\n<meta name=\"twitter:card\" content=\"summary_large_image\" \/>\n<meta name=\"twitter:label1\" content=\"\u00c9crit par\" \/>\n\t<meta name=\"twitter:data1\" content=\"La r\u00e9daction\" \/>\n\t<meta name=\"twitter:label2\" content=\"Dur\u00e9e de lecture estim\u00e9e\" \/>\n\t<meta name=\"twitter:data2\" content=\"1 minute\" \/>\n<script type=\"application\/ld+json\" class=\"yoast-schema-graph\">{\"@context\":\"https:\/\/schema.org\",\"@graph\":[{\"@type\":\"Article\",\"@id\":\"https:\/\/stourm.news\/?p=4221#article\",\"isPartOf\":{\"@id\":\"https:\/\/stourm.news\/?p=4221\"},\"author\":{\"name\":\"La r\u00e9daction\",\"@id\":\"https:\/\/stourm.news\/#\/schema\/person\/c3e1dc65988632e190969234ef046cf9\"},\"headline\":\"Landerneau (16 000 hab) : deux voitures incendi\u00e9es apr\u00e8s \u00ab\u00a0une nuit agit\u00e9e en centre-ville\u00a0\u00bb\",\"datePublished\":\"2025-06-05T11:43:24+00:00\",\"mainEntityOfPage\":{\"@id\":\"https:\/\/stourm.news\/?p=4221\"},\"wordCount\":175,\"commentCount\":0,\"publisher\":{\"@id\":\"https:\/\/stourm.news\/#organization\"},\"image\":{\"@id\":\"https:\/\/stourm.news\/?p=4221#primaryimage\"},\"thumbnailUrl\":\"https:\/\/stourm.news\/wp-content\/uploads\/2025\/06\/684173a65295604c920e13b4.1.webp\",\"articleSection\":[\"Faits divers\",\"Finist\u00e8re\",\"Principale\",\"Revue de presse\"],\"inLanguage\":\"fr-FR\",\"potentialAction\":[{\"@type\":\"CommentAction\",\"name\":\"Comment\",\"target\":[\"https:\/\/stourm.news\/?p=4221#respond\"]}]},{\"@type\":\"WebPage\",\"@id\":\"https:\/\/stourm.news\/?p=4221\",\"url\":\"https:\/\/stourm.news\/?p=4221\",\"name\":\"Landerneau (16 000 hab) : deux voitures incendi\u00e9es apr\u00e8s \\\"une nuit agit\u00e9e en centre-ville\\\" - STOURM\",\"isPartOf\":{\"@id\":\"https:\/\/stourm.news\/#website\"},\"primaryImageOfPage\":{\"@id\":\"https:\/\/stourm.news\/?p=4221#primaryimage\"},\"image\":{\"@id\":\"https:\/\/stourm.news\/?p=4221#primaryimage\"},\"thumbnailUrl\":\"https:\/\/stourm.news\/wp-content\/uploads\/2025\/06\/684173a65295604c920e13b4.1.webp\",\"datePublished\":\"2025-06-05T11:43:24+00:00\",\"breadcrumb\":{\"@id\":\"https:\/\/stourm.news\/?p=4221#breadcrumb\"},\"inLanguage\":\"fr-FR\",\"potentialAction\":[{\"@type\":\"ReadAction\",\"target\":[\"https:\/\/stourm.news\/?p=4221\"]}]},{\"@type\":\"ImageObject\",\"inLanguage\":\"fr-FR\",\"@id\":\"https:\/\/stourm.news\/?p=4221#primaryimage\",\"url\":\"https:\/\/stourm.news\/wp-content\/uploads\/2025\/06\/684173a65295604c920e13b4.1.webp\",\"contentUrl\":\"https:\/\/stourm.news\/wp-content\/uploads\/2025\/06\/684173a65295604c920e13b4.1.webp\",\"width\":960,\"height\":600},{\"@type\":\"BreadcrumbList\",\"@id\":\"https:\/\/stourm.news\/?p=4221#breadcrumb\",\"itemListElement\":[{\"@type\":\"ListItem\",\"position\":1,\"name\":\"Accueil\",\"item\":\"https:\/\/stourm.news\/\"},{\"@type\":\"ListItem\",\"position\":2,\"name\":\"Landerneau (16 000 hab) : deux voitures incendi\u00e9es apr\u00e8s \u00ab\u00a0une nuit agit\u00e9e en centre-ville\u00a0\u00bb\"}]},{\"@type\":\"WebSite\",\"@id\":\"https:\/\/stourm.news\/#website\",\"url\":\"https:\/\/stourm.news\/\",\"name\":\"Stourm\",\"description\":\"Kazetenn Strollad Broadel Breizh\",\"publisher\":{\"@id\":\"https:\/\/stourm.news\/#organization\"},\"potentialAction\":[{\"@type\":\"SearchAction\",\"target\":{\"@type\":\"EntryPoint\",\"urlTemplate\":\"https:\/\/stourm.news\/?s={search_term_string}\"},\"query-input\":{\"@type\":\"PropertyValueSpecification\",\"valueRequired\":true,\"valueName\":\"search_term_string\"}}],\"inLanguage\":\"fr-FR\"},{\"@type\":\"Organization\",\"@id\":\"https:\/\/stourm.news\/#organization\",\"name\":\"Stourm\",\"url\":\"https:\/\/stourm.news\/\",\"logo\":{\"@type\":\"ImageObject\",\"inLanguage\":\"fr-FR\",\"@id\":\"https:\/\/stourm.news\/#\/schema\/logo\/image\/\",\"url\":\"https:\/\/stourm.news\/wp-content\/uploads\/2025\/11\/cropped-Capture-decran-2025-11-28-a-15.19.07.png\",\"contentUrl\":\"https:\/\/stourm.news\/wp-content\/uploads\/2025\/11\/cropped-Capture-decran-2025-11-28-a-15.19.07.png\",\"width\":1855,\"height\":383,\"caption\":\"Stourm\"},\"image\":{\"@id\":\"https:\/\/stourm.news\/#\/schema\/logo\/image\/\"},\"sameAs\":[\"https:\/\/www.facebook.com\/stourmnews\/\"]},{\"@type\":\"Person\",\"@id\":\"https:\/\/stourm.news\/#\/schema\/person\/c3e1dc65988632e190969234ef046cf9\",\"name\":\"La r\u00e9daction\",\"image\":{\"@type\":\"ImageObject\",\"inLanguage\":\"fr-FR\",\"@id\":\"https:\/\/stourm.news\/#\/schema\/person\/image\/\",\"url\":\"https:\/\/secure.gravatar.com\/avatar\/7463443f194b6b5fb706b074ca0ef59a0cfcfd720cb47764b0ec5a952ce422b3?s=96&d=mm&r=g\",\"contentUrl\":\"https:\/\/secure.gravatar.com\/avatar\/7463443f194b6b5fb706b074ca0ef59a0cfcfd720cb47764b0ec5a952ce422b3?s=96&d=mm&r=g\",\"caption\":\"La r\u00e9daction\"},\"sameAs\":[\"https:\/\/stourm.news\"],\"url\":\"https:\/\/stourm.news\/?author=1\"}]}<\/script>\n<!-- \/ Yoast SEO plugin. -->","yoast_head_json":{"title":"Landerneau (16 000 hab) : deux voitures incendi\u00e9es apr\u00e8s \"une nuit agit\u00e9e en centre-ville\" - STOURM","robots":{"index":"index","follow":"follow","max-snippet":"max-snippet:-1","max-image-preview":"max-image-preview:large","max-video-preview":"max-video-preview:-1"},"canonical":"https:\/\/stourm.news\/?p=4221","og_locale":"fr_FR","og_type":"article","og_title":"Landerneau (16 000 hab) : deux voitures incendi\u00e9es apr\u00e8s \"une nuit agit\u00e9e en centre-ville\" - STOURM","og_description":"Dans la nuit du mercredi 4 au jeudi 5 juin 2025, un incendie d&rsquo;origine volontaire a \u00e9clat\u00e9 rue G\u00e9n\u00e9ral-Goury \u00e0 Landerneau, dans le Finist\u00e8re, d\u00e9truisant totalement deux voitures et en endommageant deux autres. Selon un article du T\u00e9l\u00e9gramme, publi\u00e9 le 5 juin 2025, \u00ab l\u2019origine volontaire de l\u2019incendie para\u00eet ici plus que vraisemblable. Selon nos [&hellip;]","og_url":"https:\/\/stourm.news\/?p=4221","og_site_name":"STOURM","article_publisher":"https:\/\/www.facebook.com\/stourmnews\/","article_published_time":"2025-06-05T11:43:24+00:00","og_image":[{"width":960,"height":600,"url":"https:\/\/stourm.news\/wp-content\/uploads\/2025\/06\/684173a65295604c920e13b4.1.webp","type":"image\/webp"}],"author":"La r\u00e9daction","twitter_card":"summary_large_image","twitter_misc":{"\u00c9crit par":"La r\u00e9daction","Dur\u00e9e de lecture estim\u00e9e":"1 minute"},"schema":{"@context":"https:\/\/schema.org","@graph":[{"@type":"Article","@id":"https:\/\/stourm.news\/?p=4221#article","isPartOf":{"@id":"https:\/\/stourm.news\/?p=4221"},"author":{"name":"La r\u00e9daction","@id":"https:\/\/stourm.news\/#\/schema\/person\/c3e1dc65988632e190969234ef046cf9"},"headline":"Landerneau (16 000 hab) : deux voitures incendi\u00e9es apr\u00e8s \u00ab\u00a0une nuit agit\u00e9e en centre-ville\u00a0\u00bb","datePublished":"2025-06-05T11:43:24+00:00","mainEntityOfPage":{"@id":"https:\/\/stourm.news\/?p=4221"},"wordCount":175,"commentCount":0,"publisher":{"@id":"https:\/\/stourm.news\/#organization"},"image":{"@id":"https:\/\/stourm.news\/?p=4221#primaryimage"},"thumbnailUrl":"https:\/\/stourm.news\/wp-content\/uploads\/2025\/06\/684173a65295604c920e13b4.1.webp","articleSection":["Faits divers","Finist\u00e8re","Principale","Revue de presse"],"inLanguage":"fr-FR","potentialAction":[{"@type":"CommentAction","name":"Comment","target":["https:\/\/stourm.news\/?p=4221#respond"]}]},{"@type":"WebPage","@id":"https:\/\/stourm.news\/?p=4221","url":"https:\/\/stourm.news\/?p=4221","name":"Landerneau (16 000 hab) : deux voitures incendi\u00e9es apr\u00e8s \"une nuit agit\u00e9e en centre-ville\" - STOURM","isPartOf":{"@id":"https:\/\/stourm.news\/#website"},"primaryImageOfPage":{"@id":"https:\/\/stourm.news\/?p=4221#primaryimage"},"image":{"@id":"https:\/\/stourm.news\/?p=4221#primaryimage"},"thumbnailUrl":"https:\/\/stourm.news\/wp-content\/uploads\/2025\/06\/684173a65295604c920e13b4.1.webp","datePublished":"2025-06-05T11:43:24+00:00","breadcrumb":{"@id":"https:\/\/stourm.news\/?p=4221#breadcrumb"},"inLanguage":"fr-FR","potentialAction":[{"@type":"ReadAction","target":["https:\/\/stourm.news\/?p=4221"]}]},{"@type":"ImageObject","inLanguage":"fr-FR","@id":"https:\/\/stourm.news\/?p=4221#primaryimage","url":"https:\/\/stourm.news\/wp-content\/uploads\/2025\/06\/684173a65295604c920e13b4.1.webp","contentUrl":"https:\/\/stourm.news\/wp-content\/uploads\/2025\/06\/684173a65295604c920e13b4.1.webp","width":960,"height":600},{"@type":"BreadcrumbList","@id":"https:\/\/stourm.news\/?p=4221#breadcrumb","itemListElement":[{"@type":"ListItem","position":1,"name":"Accueil","item":"https:\/\/stourm.news\/"},{"@type":"ListItem","position":2,"name":"Landerneau (16 000 hab) : deux voitures incendi\u00e9es apr\u00e8s \u00ab\u00a0une nuit agit\u00e9e en centre-ville\u00a0\u00bb"}]},{"@type":"WebSite","@id":"https:\/\/stourm.news\/#website","url":"https:\/\/stourm.news\/","name":"Stourm","description":"Kazetenn Strollad Broadel Breizh","publisher":{"@id":"https:\/\/stourm.news\/#organization"},"potentialAction":[{"@type":"SearchAction","target":{"@type":"EntryPoint","urlTemplate":"https:\/\/stourm.news\/?s={search_term_string}"},"query-input":{"@type":"PropertyValueSpecification","valueRequired":true,"valueName":"search_term_string"}}],"inLanguage":"fr-FR"},{"@type":"Organization","@id":"https:\/\/stourm.news\/#organization","name":"Stourm","url":"https:\/\/stourm.news\/","logo":{"@type":"ImageObject","inLanguage":"fr-FR","@id":"https:\/\/stourm.news\/#\/schema\/logo\/image\/","url":"https:\/\/stourm.news\/wp-content\/uploads\/2025\/11\/cropped-Capture-decran-2025-11-28-a-15.19.07.png","contentUrl":"https:\/\/stourm.news\/wp-content\/uploads\/2025\/11\/cropped-Capture-decran-2025-11-28-a-15.19.07.png","width":1855,"height":383,"caption":"Stourm"},"image":{"@id":"https:\/\/stourm.news\/#\/schema\/logo\/image\/"},"sameAs":["https:\/\/www.facebook.com\/stourmnews\/"]},{"@type":"Person","@id":"https:\/\/stourm.news\/#\/schema\/person\/c3e1dc65988632e190969234ef046cf9","name":"La r\u00e9daction","image":{"@type":"ImageObject","inLanguage":"fr-FR","@id":"https:\/\/stourm.news\/#\/schema\/person\/image\/","url":"https:\/\/secure.gravatar.com\/avatar\/7463443f194b6b5fb706b074ca0ef59a0cfcfd720cb47764b0ec5a952ce422b3?s=96&d=mm&r=g","contentUrl":"https:\/\/secure.gravatar.com\/avatar\/7463443f194b6b5fb706b074ca0ef59a0cfcfd720cb47764b0ec5a952ce422b3?s=96&d=mm&r=g","caption":"La r\u00e9daction"},"sameAs":["https:\/\/stourm.news"],"url":"https:\/\/stourm.news\/?author=1"}]}},"_links":{"self":[{"href":"https:\/\/stourm.news\/index.php?rest_route=\/wp\/v2\/posts\/4221","targetHints":{"allow":["GET"]}}],"collection":[{"href":"https:\/\/stourm.news\/index.php?rest_route=\/wp\/v2\/posts"}],"about":[{"href":"https:\/\/stourm.news\/index.php?rest_route=\/wp\/v2\/types\/post"}],"author":[{"embeddable":true,"href":"https:\/\/stourm.news\/index.php?rest_route=\/wp\/v2\/users\/1"}],"replies":[{"embeddable":true,"href":"https:\/\/stourm.news\/index.php?rest_route=%2Fwp%2Fv2%2Fcomments&post=4221"}],"version-history":[{"count":1,"href":"https:\/\/stourm.news\/index.php?rest_route=\/wp\/v2\/posts\/4221\/revisions"}],"predecessor-version":[{"id":4223,"href":"https:\/\/stourm.news\/index.php?rest_route=\/wp\/v2\/posts\/4221\/revisions\/4223"}],"wp:featuredmedia":[{"embeddable":true,"href":"https:\/\/stourm.news\/index.php?rest_route=\/wp\/v2\/media\/4222"}],"wp:attachment":[{"href":"https:\/\/stourm.news\/index.php?rest_route=%2Fwp%2Fv2%2Fmedia&parent=4221"}],"wp:term":[{"taxonomy":"category","embeddable":true,"href":"https:\/\/stourm.news\/index.php?rest_route=%2Fwp%2Fv2%2Fcategories&post=4221"},{"taxonomy":"post_tag","embeddable":true,"href":"https:\/\/stourm.news\/index.php?rest_route=%2Fwp%2Fv2%2Ftags&post=4221"}],"curies":[{"name":"wp","href":"https:\/\/api.w.org\/{rel}","templated":true}]}}