{"id":4224,"date":"2025-06-05T15:07:28","date_gmt":"2025-06-05T15:07:28","guid":{"rendered":"https:\/\/stourm.news\/?p=4224"},"modified":"2025-06-05T15:07:28","modified_gmt":"2025-06-05T15:07:28","slug":"une-breve-histoire-de-lirlande-par-keith-woods","status":"publish","type":"post","link":"https:\/\/stourm.news\/?p=4224","title":{"rendered":"Une br\u00e8ve histoire de l&rsquo;Irlande (par Keith Woods)"},"content":{"rendered":"<p style=\"text-align: justify;\">L\u2019\u00e9tablissement humain en Irlande a commenc\u00e9 vers 8000 av. J.-C., pendant la p\u00e9riode m\u00e9solithique, apr\u00e8s le retrait des glaciers de l\u2019\u00e8re glaciaire. Les preuves arch\u00e9ologiques indiquent que de petits groupes de chasseurs-cueilleurs sont arriv\u00e9s par mer depuis la Grande-Bretagne ou l\u2019Europe occidentale. Ces premiers habitants d\u00e9pendaient de la p\u00eache, de la chasse et de la cueillette, \u00e9tablissant des camps temporaires qui ont laiss\u00e9 peu de traces dans les archives arch\u00e9ologiques. Leur population est rest\u00e9e faible, limit\u00e9e par les ressources disponibles sur cette petite \u00eele, jusqu\u2019\u00e0 ce que la p\u00e9riode n\u00e9olithique introduise des changements significatifs.<\/p>\n<p style=\"text-align: justify;\">Vers 4000 av. J.-C., des communaut\u00e9s agricoles venues de Grande-Bretagne et d\u2019Europe sont arriv\u00e9es, rempla\u00e7ant ou se m\u00ealant aux chasseurs-cueilleurs pr\u00e9c\u00e9dents. Ces colons ont apport\u00e9 des animaux domestiqu\u00e9s, des cultures c\u00e9r\u00e9ali\u00e8res et de la poterie. Ils ont construit des structures m\u00e9galithiques, y compris les tombeaux \u00e0 couloir embl\u00e9matiques de l\u2019Irlande, comme Newgrange et Knowth dans la vall\u00e9e de la Boyne, t\u00e9moignant de pratiques rituelles complexes et de soci\u00e9t\u00e9s organis\u00e9es. Cette migration a \u00e9tabli la premi\u00e8re base d\u00e9mographique substantielle de l\u2019Irlande, posant les fondations des changements d\u00e9mographiques ult\u00e9rieurs.<br \/>\nCeci a \u00e9t\u00e9 \u00e9crit en introduction \u00e0 Irish Nationalism: Essential Writings. Veuillez envisager d\u2019acheter le livre et de laisser un avis positif.<\/p>\n<p style=\"text-align: justify;\">L\u2019\u00e2ge du bronze, d\u00e9butant vers 2500 av. J.-C., a vu un autre mouvement de population majeur associ\u00e9 \u00e0 la culture des gobelets campaniformes, probablement sous la forme d\u2019une invasion violente. Nomm\u00e9e d\u2019apr\u00e8s leurs vases en forme de cloche caract\u00e9ristiques, la culture des gobelets campaniformes trouve probablement son origine dans les Pays-Bas actuels. En plus de leur poterie distinctive, ils ont apport\u00e9 des techniques avanc\u00e9es de travail et d\u2019extraction des m\u00e9taux, laissant des traces comme les mines de cuivre \u00e0 Mount Gabriel dans le comt\u00e9 de Cork. Leur impact est peut-\u00eatre le plus frappant dans leurs pratiques fun\u00e9raires, visibles \u00e0 Tara, o\u00f9 les inhumations individuelles ont remplac\u00e9 les traditions ant\u00e9rieures. \u00c0 ce site sacr\u00e9, les arch\u00e9ologues ont d\u00e9couvert des tombes individuelles contenant des corps soigneusement inhum\u00e9s avec des objets fun\u00e9raires comme des pots et des bijoux, signalant un nouveau respect pour le statut personnel et l\u2019au-del\u00e0. Ce type de pratique fun\u00e9raire est un marqueur des peuples indo-europ\u00e9ens, et la culture des gobelets campaniformes \u00e9tait l\u2019un des successeurs de la culture dite \u00ab Yamnaya \u00bb des premiers Proto-Indo-Europ\u00e9ens. Les \u00e9tudes g\u00e9n\u00e9tiques montrent une arriv\u00e9e significative d\u2019un nouvel ADN li\u00e9 aux steppes en Irlande durant cette p\u00e9riode, refl\u00e9tant une migration transformatrice des peuples indo-europ\u00e9ens.<\/p>\n<p style=\"text-align: justify;\"><img fetchpriority=\"high\" decoding=\"async\" class=\"alignnone size-medium\" src=\"https:\/\/pbs.twimg.com\/media\/GsnX76xW4AAOUVo?format=png&amp;name=900x900\" width=\"800\" height=\"581\" \/><\/p>\n<p><img decoding=\"async\" class=\"alignnone size-medium\" src=\"https:\/\/pbs.twimg.com\/media\/GsnX-tOW8AERFgS?format=jpg&amp;name=medium\" width=\"1200\" height=\"851\" \/><\/p>\n<p style=\"text-align: justify;\">Reconstruction d\u2019un homme de la culture des gobelets campaniformes<\/p>\n<p style=\"text-align: justify;\"><img decoding=\"async\" class=\"alignnone size-medium\" src=\"https:\/\/pbs.twimg.com\/media\/GsnYDQFXkAA6SVX?format=jpg&amp;name=medium\" width=\"904\" height=\"558\" \/><\/p>\n<p style=\"text-align: justify;\">L\u2019haplogroupe Y-DNA R1b, le plus fortement concentr\u00e9 en Irlande, est associ\u00e9 aux peuples indo-europ\u00e9ens comme les gobelets campaniformes.<\/p>\n<p style=\"text-align: justify;\">Cette nouvelle vague de population, culminant vers 2400 av. J.-C., co\u00efncide avec un remplacement presque complet du pool g\u00e9n\u00e9tique n\u00e9olithique ant\u00e9rieur en Irlande, sugg\u00e9rant que cette ancienne invasion a presque enti\u00e8rement supplant\u00e9 les populations n\u00e9olithiques pr\u00e9c\u00e9dentes, qui n\u2019\u00e9taient probablement pas de taille \u00e0 rivaliser avec les guerriers expansifs de l\u2019\u00e2ge du bronze. L\u2019arriv\u00e9e des gobelets campaniformes a totalement remodel\u00e9 la population et la culture mat\u00e9rielle de l\u2019Irlande, et a fourni le stock g\u00e9n\u00e9tique de l\u2019\u00eele, qui a peu chang\u00e9 depuis, isol\u00e9 des autres grands mouvements de population sur le continent. Cette transformation d\u00e9mographique a \u00e9galement entra\u00een\u00e9 une expansion des r\u00e9seaux commerciaux, reliant l\u2019Irlande \u00e0 une culture plus large de l\u2019\u00e2ge du bronze en Grande-Bretagne et sur le continent.<\/p>\n<p style=\"text-align: justify;\">C\u2019est avec l\u2019\u00e2ge du fer, commen\u00e7ant vers 600 av. J.-C., que nous voyons l\u2019introduction de la culture celtique en Irlande, visible dans la diffusion des artefacts de style La T\u00e8ne, tels que des outils en fer et des collines fortifi\u00e9es.<\/p>\n<p style=\"text-align: justify;\"><img loading=\"lazy\" decoding=\"async\" class=\"alignnone size-medium\" src=\"https:\/\/pbs.twimg.com\/media\/GsnYVLIXUAA2tSS?format=jpg&amp;name=medium\" width=\"1200\" height=\"690\" \/><\/p>\n<p style=\"text-align: center;\"><em>Le style artistique La T\u00e8ne<\/em><\/p>\n<p style=\"text-align: justify;\">On pensait autrefois que ce changement culturel \u00e9tait d\u00fb \u00e0 une invasion celtique de l\u2019Irlande, mais nous savons maintenant qu\u2019il y avait en r\u00e9alit\u00e9 une continuit\u00e9 tr\u00e8s stable avec les populations ant\u00e9rieures de l\u2019\u00e2ge du bronze, montrant peu de signes d\u2019un nouvel afflux majeur. Au lieu de cela, il semble que les habitants natifs de l\u2019Irlande aient adopt\u00e9 la langue et les pratiques celtiques par diffusion culturelle, probablement via des \u00e9lites ayant rencontr\u00e9 la culture celtique par le commerce et les contacts avec les r\u00e9gions celtiques de Grande-Bretagne. C\u2019est \u00e0 cette p\u00e9riode que la langue ga\u00e9lique irlandaise est devenue dominante, donnant aux habitants de l\u2019\u00eele une identit\u00e9 culturelle plus distincte. L\u2019Irlande a toujours \u00e9t\u00e9 divis\u00e9e politiquement, avec une souverainet\u00e9 fragment\u00e9e parmi de nombreux chefs locaux gouvernant de petits royaumes ou t\u00faatha. Cependant, \u00e0 l\u2019\u00e2ge du fer, un peuple et une langue distincts \u00e9taient pr\u00e9sents en Irlande, qui changeraient peu jusqu\u2019\u00e0 l\u2019\u00e9poque moderne.<\/p>\n<p style=\"text-align: justify;\">L\u2019adoption de la culture celtique fut une partie majeure de la cr\u00e9ation de ce qui est distinctement la culture irlandaise ; une autre fut l\u2019arriv\u00e9e du christianisme au Ve si\u00e8cle apr. J.-C. Saint Patrick, un missionnaire n\u00e9 en Grande-Bretagne, est responsable de cette conversion du paganisme. Captur\u00e9 comme esclave en Irlande avant de revenir en tant que missionnaire, Patrick a \u00e9tabli des \u00e9glises et converti des chefs locaux, r\u00e9alisant une conversion religieuse \u00e0 grande \u00e9chelle de l\u2019\u00eele. Ce changement a int\u00e9gr\u00e9 l\u2019Irlande dans le monde chr\u00e9tien plus large, tout en renfor\u00e7ant son caract\u00e8re culturel distinct, car, contrairement \u00e0 la Grande-Bretagne romaine, le christianisme en Irlande s\u2019est beaucoup plus m\u00e9lang\u00e9 aux coutumes existantes pour cr\u00e9er un christianisme celtique distinctif. Les monast\u00e8res ont adopt\u00e9 une structure d\u00e9centralis\u00e9e qui refl\u00e9tait le syst\u00e8me des t\u00faatha. Saint Patrick \u00e9tait v\u00e9n\u00e9r\u00e9 dans la tradition irlandaise non seulement comme propagateur de l\u2019\u00c9vangile, mais aussi comme l\u00e9gitimateur des traditions indig\u00e8nes qu\u2019il jugeait compatibles avec le christianisme, b\u00e9nissant la loi pr\u00e9chr\u00e9tienne Brehon d\u2019Irlande. Dans les si\u00e8cles qui suivirent, des centres monastiques comme Clonmacnoise devinrent des phares de l\u2019apprentissage ga\u00e9lique, m\u00ealant traditions locales et \u00e9rudition latine, aidant \u00e0 cimenter une coh\u00e9sion culturelle autour de l\u2019identit\u00e9 irlandaise.<\/p>\n<p style=\"text-align: justify;\"><img loading=\"lazy\" decoding=\"async\" class=\"alignnone size-medium\" src=\"https:\/\/pbs.twimg.com\/media\/GsnYZO9WIAAwrcM?format=jpg&amp;name=medium\" width=\"1200\" height=\"591\" \/><\/p>\n<p style=\"text-align: justify;\">Au d\u00e9but du Moyen \u00c2ge, ces monast\u00e8res devinrent des centres de savoir renomm\u00e9s, non seulement en Irlande, mais dans tout le monde chr\u00e9tien, attirant des \u00e9tudiants et des \u00e9rudits de toute l\u2019Europe et \u00e9tablissant l\u2019Irlande comme un centre pivot de l\u2019\u00e9ducation dans le monde latin. Leur accent sur l\u2019enluminure des manuscrits et la pr\u00e9servation des textes classiques a contribu\u00e9 \u00e0 maintenir et diffuser le savoir \u00e0 une \u00e9poque o\u00f9 la majeure partie du continent faisait face \u00e0 un d\u00e9clin culturel. Mais pour l\u2019Irlande, c\u2019\u00e9tait un \u00e2ge d\u2019or culturel, qui lui valut le titre affectueux de \u00ab terre des saints et des savants \u00bb, et au cours duquel les moines irlandais produisirent certains des plus beaux artefacts de l\u2019art chr\u00e9tien m\u00e9di\u00e9val sous forme de hautes croix et de manuscrits illustr\u00e9s comme le c\u00e9l\u00e8bre Livre de Kells.<\/p>\n<p style=\"text-align: justify;\"><img loading=\"lazy\" decoding=\"async\" class=\"alignnone size-medium\" src=\"https:\/\/pbs.twimg.com\/media\/GsnYb5KXEAAOIWD?format=jpg&amp;name=medium\" width=\"999\" height=\"616\" \/><\/p>\n<p style=\"text-align: justify;\">Politiquement, l\u2019Irlande restait fragment\u00e9e, mais le concept de Haut Roi (Ard R\u00ed) refl\u00e8te un sentiment pr\u00e9coce d\u2019unit\u00e9 politique irlandaise. Datant d\u2019au moins le Ve si\u00e8cle, le Haut Roi \u00e9tait un suzerain c\u00e9r\u00e9moniel, revendiquant l\u2019autorit\u00e9 sur les rois r\u00e9gionaux depuis le site sacr\u00e9 de Tara. La litt\u00e9rature irlandaise m\u00e9di\u00e9vale d\u00e9peignait une lign\u00e9e ininterrompue de Hauts Rois r\u00e9gnant sur l\u2019Irlande depuis la colline de Tara, remontant \u00e0 des milliers d\u2019ann\u00e9es. En pratique, ce titre \u00e9tait contest\u00e9, avec des dynasties rivales comme les U\u00ed N\u00e9ill au nord et les E\u00f3ganachta au sud se disputant la domination. Les Annales d\u2019Ulster et d\u2019autres textes relatent ces luttes, montrant que, bien que le Haut Roi manqu\u00e2t de pouvoir centralis\u00e9, l\u2019existence de ce titre symbolisait une aspiration commune \u00e0 l\u2019unit\u00e9. Bien que cela soit assez distinct de l\u2019id\u00e9e moderne de nationalisme, cela indique une reconnaissance de l\u2019Irlande comme une entit\u00e9 unique, m\u00eame si cela restait toujours politiquement t\u00e9nu.<\/p>\n<p style=\"text-align: justify;\">\u00c0 partir de la fin du VIIIe si\u00e8cle, l\u2019Irlande devint un centre de l\u2019\u00e2ge viking. Les raids nordiques commenc\u00e8rent \u00e0 cibler les riches monast\u00e8res irlandais et autres \u00e9tablissements, avant que les Vikings n\u2019\u00e9tablissent des colonies permanentes comme Dublin, Wexford et Waterford au IXe si\u00e8cle. Ces enclaves c\u00f4ti\u00e8res introduisirent le commerce et l\u2019urbanisme, reliant l\u2019Irlande aux r\u00e9seaux scandinaves existants. Les Vikings arriv\u00e8rent en tant qu\u2019envahisseurs hostiles, mais avec le temps, ils s\u2019assimil\u00e8rent souvent, adoptant la langue locale et se mariant avec la population indig\u00e8ne. La pr\u00e9sence nordique intensifia \u00e9galement les conflits r\u00e9gionaux, car les rois locaux choisissaient souvent de s\u2019allier avec eux contre leurs ennemis r\u00e9gionaux.<\/p>\n<p style=\"text-align: justify;\"><img loading=\"lazy\" decoding=\"async\" class=\"alignnone size-medium\" src=\"https:\/\/pbs.twimg.com\/media\/GsnYeE-XgAA8vkx?format=jpg&amp;name=medium\" width=\"1024\" height=\"684\" \/><\/p>\n<p style=\"text-align: justify;\">Les Xe et XIe si\u00e8cles virent des efforts pour affirmer un plus grand contr\u00f4le politique sur toute l\u2019Irlande, illustr\u00e9s par l\u2019ascension de Brian Boru. Membre de la dynastie D\u00e1l Cais de Munster, Brian d\u00e9fia la domination des U\u00ed N\u00e9ill, consolidant son pouvoir par des campagnes militaires et des alliances. En 1002 apr. J.-C., Brian revendiqua le titre de Haut Roi d\u2019Irlande. Inspir\u00e9 par Jules C\u00e9sar, il se proclama Imperator Scottorum : Empereur des Irlandais. Sa victoire \u00e0 la bataille de Clontarf en 1014 contre une force combin\u00e9e de Vikings et de Leinster consolida son h\u00e9ritage, bien qu\u2019il ait \u00e9t\u00e9 tu\u00e9 dans la bataille. La mort de Brian fragmenta sa coalition, et aucun successeur ne parvint \u00e0 \u00e9galer son envergure. Mais son r\u00e8gne marqua un sommet symbolique dans l\u2019id\u00e9e d\u2019unit\u00e9 irlandaise, s\u2019appuyant sur les traditions ga\u00e9liques et la l\u00e9gitimit\u00e9 chr\u00e9tienne pour projeter une vision proto-nationale, m\u00eame si elle restait encore irr\u00e9alis\u00e9e.<\/p>\n<p style=\"text-align: justify;\">La domination normande en Irlande d\u00e9buta en 1169, initi\u00e9e par l\u2019invitation de Diarmait Mac Murchada, roi de Leinster. Men\u00e9s par Richard de Clare (Strongbow), les Normands apport\u00e8rent leur f\u00e9odalisme distinctif, encore visible aujourd\u2019hui dans les nombreux ch\u00e2teaux normands diss\u00e9min\u00e9s en Irlande. Initialement alli\u00e9s des souverains locaux, ils \u00e9tablirent bient\u00f4t des seigneuries, en particulier \u00e0 Leinster. Comme lors des invasions nordiques, beaucoup de Normands anglo-normands s\u2019assimil\u00e8rent avec le temps, adoptant les coutumes et la langue ga\u00e9liques et se mariant avec la population indig\u00e8ne. L\u2019expression \u00ab plus irlandais que les Irlandais eux-m\u00eames \u00bb (N\u00edos Gaela\u00ed n\u00e1 na Gaeil f\u00e9in) devint courante dans l\u2019historiographie irlandaise pour d\u00e9crire cette tendance commune \u00e0 l\u2019assimilation. La couronne anglaise, alarm\u00e9e par cette tendance, imposa les Statuts de Kilkenny en 1366, interdisant aux colons de parler irlandais ou de se marier avec les autochtones. Cependant, ces statuts eurent peu d\u2019impact, et les Hiberno-Normands continu\u00e8rent \u00e0 s\u2019assimiler \u00e0 l\u2019identit\u00e9 culturelle irlandaise dominante. En dehors de la Pale anglaise, une zone englobant l\u2019actuel Dublin et ses environs, les seigneurs ga\u00e9liques et normands-irlandais conservaient une grande autonomie vis-\u00e0-vis de la couronne britannique. Cette p\u00e9riode solidifia une double identit\u00e9 : un noyau irlandais natif, d\u00e9sormais chr\u00e9tien et parlant irlandais, aux c\u00f4t\u00e9s d\u2019une \u00e9lite \u00e9trang\u00e8re partiellement int\u00e9gr\u00e9e.<\/p>\n<p style=\"text-align: justify;\">Le XVIe si\u00e8cle marqua un tournant avec la conqu\u00eate des Tudors, alors que l\u2019Angleterre cherchait \u00e0 imposer une autorit\u00e9 centralis\u00e9e sur toute l\u2019Irlande. Henri VIII se d\u00e9clara roi d\u2019Irlande en 1541, introduisant la politique de \u00ab reddition et r\u00e9attribution \u00bb, qui obligeait les seigneurs ga\u00e9liques \u00e0 se soumettre \u00e0 la domination anglaise en \u00e9change de la conservation de leurs terres sous des titres f\u00e9odaux. Beaucoup s\u2019y conform\u00e8rent formellement mais pr\u00e9serv\u00e8rent les pratiques traditionnelles, limitant l\u2019efficacit\u00e9 de la politique et continuant \u00e0 frustrer le d\u00e9sir de la couronne britannique d\u2019\u00e9tablir pleinement son autorit\u00e9 sur l\u2019Irlande. La R\u00e9forme, initi\u00e9e par Henri et appliqu\u00e9e sous \u00c9lisabeth Ire, ne fit qu\u2019approfondir les divisions. La plupart des Irlandais rejet\u00e8rent le protestantisme, en grande partie \u00e0 cause de son association avec la domination anglaise, ce qui fit du catholicisme un marqueur de r\u00e9sistance et un \u00e9l\u00e9ment plus central de l\u2019identit\u00e9 irlandaise.<\/p>\n<p style=\"text-align: justify;\">La pers\u00e9cution du catholicisme for\u00e7a \u00e9galement des alliances plus \u00e9troites entre nombre des \u00ab Vieux Anglais \u00bb ayant conserv\u00e9 leur foi catholique, et qui ressentaient d\u00e9sormais une plus grande affinit\u00e9 avec leurs voisins irlandais. Mieux \u00e9duqu\u00e9s que les Irlandais natifs, beaucoup devinrent de grands opposants aux reconqu\u00eates de l\u2019Irlande \u00e0 partir de l\u2019\u00e8re des Tudors. Un exemple est l\u2019historien Geoffrey Keating, n\u00e9 dans une famille de Vieux Anglais gaelicis\u00e9e \u00e0 Tipperary en 1580. Surnomm\u00e9 \u00ab l\u2019H\u00e9rodote de l\u2019Irlande \u00bb, Keating rassembla d\u2019anciens manuscrits irlandais et traditions orales, les ordonnant et les archivant pour pr\u00e9server leur existence face \u00e0 l\u2019effondrement de la tradition ga\u00e9lique. Le point culminant de ce projet fut son \u0153uvre majeure, Foras Feasa ar \u00c9irinn (L\u2019Histoire de l\u2019Irlande), qui devint tr\u00e8s populaire parmi les \u00e9rudits en Irlande et renfor\u00e7a le sentiment d\u2019une identit\u00e9 nationale partag\u00e9e.<\/p>\n<p style=\"text-align: justify;\">Le r\u00e8gne d\u2019\u00c9lisabeth Ire vit des efforts militaires pour r\u00e9primer l\u2019opposition, y compris les r\u00e9bellions de Desmond (1569\u20131583) et la guerre de neuf ans (1594\u20131603). Cette derni\u00e8re, men\u00e9e par les seigneurs irlandais Hugh O\u2019Neill et Hugh Roe O\u2019Donnell, porta un coup s\u00e9rieux au pouvoir anglais en Irlande. La conf\u00e9d\u00e9ration irlandaise rassembla des milliers de combattants, captura la majeure partie de l\u2019\u00eele, remporta une s\u00e9rie de victoires militaires et obtint une aide militaire de l\u2019Espagne catholique. Cependant, les Anglais remport\u00e8rent une victoire d\u00e9cisive \u00e0 la bataille de Kinsale en 1601, renversant le cours de la guerre. La fuite des comtes en 1607, lorsque O\u2019Neill et d\u2019autres chefs s\u2019enfuirent en Europe (apr\u00e8s que des nouvelles d\u2019une autre r\u00e9bellion planifi\u00e9e parvinrent aux autorit\u00e9s britanniques), marqua l\u2019effondrement final de l\u2019ordre politique ga\u00e9lique en Irlande. La plantation d\u2019Ulster suivit, commen\u00e7ant en 1609, avec des terres confisqu\u00e9es aux propri\u00e9taires catholiques et attribu\u00e9es \u00e0 des colons protestants d\u2019Angleterre et d\u2019\u00c9cosse.<\/p>\n<p style=\"text-align: justify;\"><img loading=\"lazy\" decoding=\"async\" class=\"alignnone size-medium\" src=\"https:\/\/pbs.twimg.com\/media\/GsnYtGbXgAAZ_AP?format=jpg&amp;name=medium\" width=\"1000\" height=\"724\" \/><\/p>\n<p style=\"text-align: justify;\">Le XVIIe si\u00e8cle consolida davantage le contr\u00f4le anglais. En r\u00e9ponse \u00e0 la d\u00e9possession continue des terres par un r\u00e9gime protestant de plus en plus agressif, la r\u00e9bellion de 1641 vit les Irlandais ga\u00e9liques et les catholiques Vieux Anglais s\u2019unir contre les colons protestants envahissants. Les rebelles catholiques parvinrent \u00e0 s\u2019emparer des deux tiers du pays, les forces royalistes ne tenant que Dublin, Cork et les environs, avec quelques milices protestantes tenant des parties d\u2019Ulster. \u00c0 partir du territoire captur\u00e9, les rebelles form\u00e8rent la Conf\u00e9d\u00e9ration catholique irlandaise, avec son gouvernement bas\u00e9 \u00e0 Kilkenny. L\u2019autogouvernance irlandaise sur une si grande partie du territoire de l\u2019Irlande, et les rapports d\u2019atrocit\u00e9s commises contre les colons protestants, provoqu\u00e8rent une r\u00e9ponse s\u00e9v\u00e8re sous la forme de la conqu\u00eate de l\u2019Irlande par Oliver Cromwell, commen\u00e7ant en 1649.<\/p>\n<p style=\"text-align: justify;\">Le r\u00e9sultat des campagnes brutales de Cromwell fut un choc d\u00e9mographique \u2014 jusqu\u2019\u00e0 20 % de la population irlandaise mourut durant cette p\u00e9riode de guerre, de famine et de peste \u2014 et une r\u00e9duction drastique de la propri\u00e9t\u00e9 fonci\u00e8re catholique au profit des colons protestants. Les lois p\u00e9nales, introduites apr\u00e8s la guerre williamite (1689\u20131691), restreignirent la participation politique, la propri\u00e9t\u00e9 fonci\u00e8re et l\u2019\u00e9ducation des catholiques et des protestants non anglicans. Ces mesures \u00e9tablirent l\u2019Ascendance protestante, une classe dirigeante minoritaire align\u00e9e sur la Grande-Bretagne, qui g\u00e9n\u00e9ra un m\u00e9contentement g\u00e9n\u00e9ralis\u00e9 et durable parmi la population exclue. \u00c0 ce stade, l\u2019identit\u00e9 irlandaise commen\u00e7a \u00e0 refl\u00e9ter davantage une exp\u00e9rience partag\u00e9e de subordination et de r\u00e9sistance, les nombreuses tentatives infructueuses des Irlandais natifs pour briser le joug anglais cr\u00e9ant, \u00e0 travers les g\u00e9n\u00e9rations, un canon romantique de lutte nationaliste irlandaise.<\/p>\n<p style=\"text-align: justify;\">Au XVIIIe si\u00e8cle, l\u2019Irlande fonctionnait comme un royaume subordonn\u00e9 au sein du syst\u00e8me britannique, gouvern\u00e9 par un Parlement de Dublin qui servait les int\u00e9r\u00eats de l\u2019Ascendance. Les politiques \u00e9conomiques restreignaient le commerce, et les lois p\u00e9nales continuaient \u00e0 marginaliser les catholiques et les dissidents presbyt\u00e9riens. Les Irlandais natifs, r\u00e9duits \u00e0 des fermiers locataires, faisaient face \u00e0 des difficult\u00e9s croissantes, tandis que la gentry catholique Vieux Anglaise avait \u00e9galement perdu de l\u2019influence. En Ulster, les presbyt\u00e9riens, bien que protestants, rencontraient la discrimination de l\u2019establishment anglican, alimentant le ressentiment. Les Lumi\u00e8res apport\u00e8rent des id\u00e9es de souverainet\u00e9 populaire et de libert\u00e9 individuelle aux \u00e9rudits en Irlande, ainsi qu\u2019un esprit de z\u00e8le r\u00e9volutionnaire, influen\u00e7ant les jeunes id\u00e9alistes dans des centres urbains comme Dublin et Belfast. Le succ\u00e8s de la R\u00e9volution am\u00e9ricaine dans l\u2019\u00e9limination de la domination britannique inspira davantage les nationalistes irlandais. Les Volontaires irlandais, form\u00e9s en 1778 comme milice, devinrent une force politique, obtenant la Constitution de 1782, qui augmenta l\u2019autonomie parlementaire. Cependant, ce corps restait sous contr\u00f4le britannique et excluait les non-anglicans, ne r\u00e9pondant pas aux griefs plus larges.<\/p>\n<p style=\"text-align: justify;\"><img loading=\"lazy\" decoding=\"async\" class=\"alignnone size-medium\" src=\"https:\/\/pbs.twimg.com\/media\/GsnYl2WXgAAeEKr?format=png&amp;name=small\" width=\"640\" height=\"500\" \/><\/p>\n<p style=\"text-align: justify;\">La Soci\u00e9t\u00e9 des Irlandais Unis, fond\u00e9e en 1791 \u00e0 Belfast par des figures comme Theobald Wolfe Tone, \u00e9mergea dans cet environnement. Le groupe s\u2019inspira des id\u00e9aux de la R\u00e9volution fran\u00e7aise, mais chercha initialement une r\u00e9forme parlementaire pacifique, y compris une extension du droit de vote et l\u2019\u00e9mancipation catholique. Il visait \u00e0 unir les communaut\u00e9s religieuses de l\u2019Irlande sous une lutte nationale commune contre la domination britannique. C\u2019est ici que la lutte nationale irlandaise s\u2019est mari\u00e9e aux id\u00e9aux du r\u00e9publicanisme, un id\u00e9al politique sous lequel le pays s\u2019unirait finalement pour sa lutte pour l\u2019ind\u00e9pendance nationale au XXe si\u00e8cle. Mais ce n\u2019\u00e9tait que la forme politique \u2014 \u00e0 ce moment-l\u00e0, il y avait un peuple, une culture et une identit\u00e9 irlandaise clairement distincts, avec des racines remontant \u00e0 l\u2019Antiquit\u00e9.<\/p>\n<p style=\"text-align: justify;\">Des chasseurs-cueilleurs qui foul\u00e8rent ses rivages pour la premi\u00e8re fois aux chr\u00e9tiens parlant ga\u00e9lique qui r\u00e9sist\u00e8rent \u00e0 des si\u00e8cles de conqu\u00eate, l\u2019histoire de l\u2019Irlande est celle de la r\u00e9silience. \u00c0 travers des mill\u00e9naires, des vagues de migration, de diffusion et de diff\u00e9renciation culturelle, d\u2019incursions \u00e9trang\u00e8res et de r\u00e9sistance ont forg\u00e9 un peuple unique avec une culture riche. La conqu\u00eate des Tudors et la domination anglaise ult\u00e9rieure ont renforc\u00e9 cette identit\u00e9, la liant au catholicisme et \u00e0 un d\u00e9sir romantique d\u2019une Irlande \u00e0 la fois ga\u00e9lique et libre. La ferveur r\u00e9volutionnaire des XVIIIe et XIXe si\u00e8cles a cristallis\u00e9 ces fils en une vision nationaliste plus distinctement moderne qui, port\u00e9e par le courage et le sacrifice de l\u2019une des g\u00e9n\u00e9rations les plus h\u00e9ro\u00efques de l\u2019Irlande, a remport\u00e9 les victoires qui ont marqu\u00e9 le d\u00e9but de la fin de la domination britannique en Irlande.<\/p>\n<p style=\"text-align: right;\"><strong>Keith Woods<\/strong><\/p>\n","protected":false},"excerpt":{"rendered":"<p>L\u2019\u00e9tablissement humain en Irlande a commenc\u00e9 vers 8000 av. J.-C., pendant la p\u00e9riode m\u00e9solithique, apr\u00e8s le retrait des glaciers de l\u2019\u00e8re glaciaire. Les preuves arch\u00e9ologiques indiquent que de petits groupes de chasseurs-cueilleurs sont arriv\u00e9s par mer depuis la Grande-Bretagne ou l\u2019Europe occidentale. Ces premiers habitants d\u00e9pendaient de la p\u00eache, de la chasse et de la [&hellip;]<\/p>\n","protected":false},"author":1,"featured_media":4225,"comment_status":"open","ping_status":"open","sticky":false,"template":"","format":"standard","meta":{"sb_editor_width":"","footnotes":""},"categories":[84,75,65],"tags":[],"class_list":["post-4224","post","type-post","status-publish","format-standard","has-post-thumbnail","hentry","category-celtisme","category-histoire","category-principale"],"relative_dates":{"created":"11 mois ago","modified":"11 mois ago"},"yoast_head":"<!-- This site is optimized with the Yoast SEO plugin v26.3 - https:\/\/yoast.com\/wordpress\/plugins\/seo\/ -->\n<title>Une br\u00e8ve histoire de l&#039;Irlande (par Keith Woods) - STOURM<\/title>\n<meta name=\"robots\" content=\"index, follow, max-snippet:-1, max-image-preview:large, max-video-preview:-1\" \/>\n<link rel=\"canonical\" href=\"https:\/\/stourm.news\/?p=4224\" \/>\n<meta property=\"og:locale\" content=\"fr_FR\" \/>\n<meta property=\"og:type\" content=\"article\" \/>\n<meta property=\"og:title\" content=\"Une br\u00e8ve histoire de l&#039;Irlande (par Keith Woods) - STOURM\" \/>\n<meta property=\"og:description\" content=\"L\u2019\u00e9tablissement humain en Irlande a commenc\u00e9 vers 8000 av. J.-C., pendant la p\u00e9riode m\u00e9solithique, apr\u00e8s le retrait des glaciers de l\u2019\u00e8re glaciaire. Les preuves arch\u00e9ologiques indiquent que de petits groupes de chasseurs-cueilleurs sont arriv\u00e9s par mer depuis la Grande-Bretagne ou l\u2019Europe occidentale. Ces premiers habitants d\u00e9pendaient de la p\u00eache, de la chasse et de la [&hellip;]\" \/>\n<meta property=\"og:url\" content=\"https:\/\/stourm.news\/?p=4224\" \/>\n<meta property=\"og:site_name\" content=\"STOURM\" \/>\n<meta property=\"article:publisher\" content=\"https:\/\/www.facebook.com\/stourmnews\/\" \/>\n<meta property=\"article:published_time\" content=\"2025-06-05T15:07:28+00:00\" \/>\n<meta property=\"og:image\" content=\"https:\/\/stourm.news\/wp-content\/uploads\/2025\/06\/StPatrick_Comes_Home_close800600.jpg\" \/>\n\t<meta property=\"og:image:width\" content=\"800\" \/>\n\t<meta property=\"og:image:height\" content=\"600\" \/>\n\t<meta property=\"og:image:type\" content=\"image\/jpeg\" \/>\n<meta name=\"author\" content=\"La r\u00e9daction\" \/>\n<meta name=\"twitter:card\" content=\"summary_large_image\" \/>\n<meta name=\"twitter:label1\" content=\"\u00c9crit par\" \/>\n\t<meta name=\"twitter:data1\" content=\"La r\u00e9daction\" \/>\n\t<meta name=\"twitter:label2\" content=\"Dur\u00e9e de lecture estim\u00e9e\" \/>\n\t<meta name=\"twitter:data2\" content=\"17 minutes\" \/>\n<script type=\"application\/ld+json\" class=\"yoast-schema-graph\">{\"@context\":\"https:\/\/schema.org\",\"@graph\":[{\"@type\":\"Article\",\"@id\":\"https:\/\/stourm.news\/?p=4224#article\",\"isPartOf\":{\"@id\":\"https:\/\/stourm.news\/?p=4224\"},\"author\":{\"name\":\"La r\u00e9daction\",\"@id\":\"https:\/\/stourm.news\/#\/schema\/person\/c3e1dc65988632e190969234ef046cf9\"},\"headline\":\"Une br\u00e8ve histoire de l&rsquo;Irlande (par Keith Woods)\",\"datePublished\":\"2025-06-05T15:07:28+00:00\",\"mainEntityOfPage\":{\"@id\":\"https:\/\/stourm.news\/?p=4224\"},\"wordCount\":3268,\"commentCount\":0,\"publisher\":{\"@id\":\"https:\/\/stourm.news\/#organization\"},\"image\":{\"@id\":\"https:\/\/stourm.news\/?p=4224#primaryimage\"},\"thumbnailUrl\":\"https:\/\/stourm.news\/wp-content\/uploads\/2025\/06\/StPatrick_Comes_Home_close800600.jpg\",\"articleSection\":[\"Celtisme\",\"Histoire\",\"Principale\"],\"inLanguage\":\"fr-FR\",\"potentialAction\":[{\"@type\":\"CommentAction\",\"name\":\"Comment\",\"target\":[\"https:\/\/stourm.news\/?p=4224#respond\"]}]},{\"@type\":\"WebPage\",\"@id\":\"https:\/\/stourm.news\/?p=4224\",\"url\":\"https:\/\/stourm.news\/?p=4224\",\"name\":\"Une br\u00e8ve histoire de l'Irlande (par Keith Woods) - STOURM\",\"isPartOf\":{\"@id\":\"https:\/\/stourm.news\/#website\"},\"primaryImageOfPage\":{\"@id\":\"https:\/\/stourm.news\/?p=4224#primaryimage\"},\"image\":{\"@id\":\"https:\/\/stourm.news\/?p=4224#primaryimage\"},\"thumbnailUrl\":\"https:\/\/stourm.news\/wp-content\/uploads\/2025\/06\/StPatrick_Comes_Home_close800600.jpg\",\"datePublished\":\"2025-06-05T15:07:28+00:00\",\"breadcrumb\":{\"@id\":\"https:\/\/stourm.news\/?p=4224#breadcrumb\"},\"inLanguage\":\"fr-FR\",\"potentialAction\":[{\"@type\":\"ReadAction\",\"target\":[\"https:\/\/stourm.news\/?p=4224\"]}]},{\"@type\":\"ImageObject\",\"inLanguage\":\"fr-FR\",\"@id\":\"https:\/\/stourm.news\/?p=4224#primaryimage\",\"url\":\"https:\/\/stourm.news\/wp-content\/uploads\/2025\/06\/StPatrick_Comes_Home_close800600.jpg\",\"contentUrl\":\"https:\/\/stourm.news\/wp-content\/uploads\/2025\/06\/StPatrick_Comes_Home_close800600.jpg\",\"width\":800,\"height\":600},{\"@type\":\"BreadcrumbList\",\"@id\":\"https:\/\/stourm.news\/?p=4224#breadcrumb\",\"itemListElement\":[{\"@type\":\"ListItem\",\"position\":1,\"name\":\"Accueil\",\"item\":\"https:\/\/stourm.news\/\"},{\"@type\":\"ListItem\",\"position\":2,\"name\":\"Une br\u00e8ve histoire de l&rsquo;Irlande (par Keith Woods)\"}]},{\"@type\":\"WebSite\",\"@id\":\"https:\/\/stourm.news\/#website\",\"url\":\"https:\/\/stourm.news\/\",\"name\":\"Stourm\",\"description\":\"Kazetenn Strollad Broadel Breizh\",\"publisher\":{\"@id\":\"https:\/\/stourm.news\/#organization\"},\"potentialAction\":[{\"@type\":\"SearchAction\",\"target\":{\"@type\":\"EntryPoint\",\"urlTemplate\":\"https:\/\/stourm.news\/?s={search_term_string}\"},\"query-input\":{\"@type\":\"PropertyValueSpecification\",\"valueRequired\":true,\"valueName\":\"search_term_string\"}}],\"inLanguage\":\"fr-FR\"},{\"@type\":\"Organization\",\"@id\":\"https:\/\/stourm.news\/#organization\",\"name\":\"Stourm\",\"url\":\"https:\/\/stourm.news\/\",\"logo\":{\"@type\":\"ImageObject\",\"inLanguage\":\"fr-FR\",\"@id\":\"https:\/\/stourm.news\/#\/schema\/logo\/image\/\",\"url\":\"https:\/\/stourm.news\/wp-content\/uploads\/2025\/11\/cropped-Capture-decran-2025-11-28-a-15.19.07.png\",\"contentUrl\":\"https:\/\/stourm.news\/wp-content\/uploads\/2025\/11\/cropped-Capture-decran-2025-11-28-a-15.19.07.png\",\"width\":1855,\"height\":383,\"caption\":\"Stourm\"},\"image\":{\"@id\":\"https:\/\/stourm.news\/#\/schema\/logo\/image\/\"},\"sameAs\":[\"https:\/\/www.facebook.com\/stourmnews\/\"]},{\"@type\":\"Person\",\"@id\":\"https:\/\/stourm.news\/#\/schema\/person\/c3e1dc65988632e190969234ef046cf9\",\"name\":\"La r\u00e9daction\",\"image\":{\"@type\":\"ImageObject\",\"inLanguage\":\"fr-FR\",\"@id\":\"https:\/\/stourm.news\/#\/schema\/person\/image\/\",\"url\":\"https:\/\/secure.gravatar.com\/avatar\/7463443f194b6b5fb706b074ca0ef59a0cfcfd720cb47764b0ec5a952ce422b3?s=96&d=mm&r=g\",\"contentUrl\":\"https:\/\/secure.gravatar.com\/avatar\/7463443f194b6b5fb706b074ca0ef59a0cfcfd720cb47764b0ec5a952ce422b3?s=96&d=mm&r=g\",\"caption\":\"La r\u00e9daction\"},\"sameAs\":[\"https:\/\/stourm.news\"],\"url\":\"https:\/\/stourm.news\/?author=1\"}]}<\/script>\n<!-- \/ Yoast SEO plugin. -->","yoast_head_json":{"title":"Une br\u00e8ve histoire de l'Irlande (par Keith Woods) - STOURM","robots":{"index":"index","follow":"follow","max-snippet":"max-snippet:-1","max-image-preview":"max-image-preview:large","max-video-preview":"max-video-preview:-1"},"canonical":"https:\/\/stourm.news\/?p=4224","og_locale":"fr_FR","og_type":"article","og_title":"Une br\u00e8ve histoire de l'Irlande (par Keith Woods) - STOURM","og_description":"L\u2019\u00e9tablissement humain en Irlande a commenc\u00e9 vers 8000 av. J.-C., pendant la p\u00e9riode m\u00e9solithique, apr\u00e8s le retrait des glaciers de l\u2019\u00e8re glaciaire. Les preuves arch\u00e9ologiques indiquent que de petits groupes de chasseurs-cueilleurs sont arriv\u00e9s par mer depuis la Grande-Bretagne ou l\u2019Europe occidentale. Ces premiers habitants d\u00e9pendaient de la p\u00eache, de la chasse et de la [&hellip;]","og_url":"https:\/\/stourm.news\/?p=4224","og_site_name":"STOURM","article_publisher":"https:\/\/www.facebook.com\/stourmnews\/","article_published_time":"2025-06-05T15:07:28+00:00","og_image":[{"width":800,"height":600,"url":"https:\/\/stourm.news\/wp-content\/uploads\/2025\/06\/StPatrick_Comes_Home_close800600.jpg","type":"image\/jpeg"}],"author":"La r\u00e9daction","twitter_card":"summary_large_image","twitter_misc":{"\u00c9crit par":"La r\u00e9daction","Dur\u00e9e de lecture estim\u00e9e":"17 minutes"},"schema":{"@context":"https:\/\/schema.org","@graph":[{"@type":"Article","@id":"https:\/\/stourm.news\/?p=4224#article","isPartOf":{"@id":"https:\/\/stourm.news\/?p=4224"},"author":{"name":"La r\u00e9daction","@id":"https:\/\/stourm.news\/#\/schema\/person\/c3e1dc65988632e190969234ef046cf9"},"headline":"Une br\u00e8ve histoire de l&rsquo;Irlande (par Keith Woods)","datePublished":"2025-06-05T15:07:28+00:00","mainEntityOfPage":{"@id":"https:\/\/stourm.news\/?p=4224"},"wordCount":3268,"commentCount":0,"publisher":{"@id":"https:\/\/stourm.news\/#organization"},"image":{"@id":"https:\/\/stourm.news\/?p=4224#primaryimage"},"thumbnailUrl":"https:\/\/stourm.news\/wp-content\/uploads\/2025\/06\/StPatrick_Comes_Home_close800600.jpg","articleSection":["Celtisme","Histoire","Principale"],"inLanguage":"fr-FR","potentialAction":[{"@type":"CommentAction","name":"Comment","target":["https:\/\/stourm.news\/?p=4224#respond"]}]},{"@type":"WebPage","@id":"https:\/\/stourm.news\/?p=4224","url":"https:\/\/stourm.news\/?p=4224","name":"Une br\u00e8ve histoire de l'Irlande (par Keith Woods) - STOURM","isPartOf":{"@id":"https:\/\/stourm.news\/#website"},"primaryImageOfPage":{"@id":"https:\/\/stourm.news\/?p=4224#primaryimage"},"image":{"@id":"https:\/\/stourm.news\/?p=4224#primaryimage"},"thumbnailUrl":"https:\/\/stourm.news\/wp-content\/uploads\/2025\/06\/StPatrick_Comes_Home_close800600.jpg","datePublished":"2025-06-05T15:07:28+00:00","breadcrumb":{"@id":"https:\/\/stourm.news\/?p=4224#breadcrumb"},"inLanguage":"fr-FR","potentialAction":[{"@type":"ReadAction","target":["https:\/\/stourm.news\/?p=4224"]}]},{"@type":"ImageObject","inLanguage":"fr-FR","@id":"https:\/\/stourm.news\/?p=4224#primaryimage","url":"https:\/\/stourm.news\/wp-content\/uploads\/2025\/06\/StPatrick_Comes_Home_close800600.jpg","contentUrl":"https:\/\/stourm.news\/wp-content\/uploads\/2025\/06\/StPatrick_Comes_Home_close800600.jpg","width":800,"height":600},{"@type":"BreadcrumbList","@id":"https:\/\/stourm.news\/?p=4224#breadcrumb","itemListElement":[{"@type":"ListItem","position":1,"name":"Accueil","item":"https:\/\/stourm.news\/"},{"@type":"ListItem","position":2,"name":"Une br\u00e8ve histoire de l&rsquo;Irlande (par Keith Woods)"}]},{"@type":"WebSite","@id":"https:\/\/stourm.news\/#website","url":"https:\/\/stourm.news\/","name":"Stourm","description":"Kazetenn Strollad Broadel Breizh","publisher":{"@id":"https:\/\/stourm.news\/#organization"},"potentialAction":[{"@type":"SearchAction","target":{"@type":"EntryPoint","urlTemplate":"https:\/\/stourm.news\/?s={search_term_string}"},"query-input":{"@type":"PropertyValueSpecification","valueRequired":true,"valueName":"search_term_string"}}],"inLanguage":"fr-FR"},{"@type":"Organization","@id":"https:\/\/stourm.news\/#organization","name":"Stourm","url":"https:\/\/stourm.news\/","logo":{"@type":"ImageObject","inLanguage":"fr-FR","@id":"https:\/\/stourm.news\/#\/schema\/logo\/image\/","url":"https:\/\/stourm.news\/wp-content\/uploads\/2025\/11\/cropped-Capture-decran-2025-11-28-a-15.19.07.png","contentUrl":"https:\/\/stourm.news\/wp-content\/uploads\/2025\/11\/cropped-Capture-decran-2025-11-28-a-15.19.07.png","width":1855,"height":383,"caption":"Stourm"},"image":{"@id":"https:\/\/stourm.news\/#\/schema\/logo\/image\/"},"sameAs":["https:\/\/www.facebook.com\/stourmnews\/"]},{"@type":"Person","@id":"https:\/\/stourm.news\/#\/schema\/person\/c3e1dc65988632e190969234ef046cf9","name":"La r\u00e9daction","image":{"@type":"ImageObject","inLanguage":"fr-FR","@id":"https:\/\/stourm.news\/#\/schema\/person\/image\/","url":"https:\/\/secure.gravatar.com\/avatar\/7463443f194b6b5fb706b074ca0ef59a0cfcfd720cb47764b0ec5a952ce422b3?s=96&d=mm&r=g","contentUrl":"https:\/\/secure.gravatar.com\/avatar\/7463443f194b6b5fb706b074ca0ef59a0cfcfd720cb47764b0ec5a952ce422b3?s=96&d=mm&r=g","caption":"La r\u00e9daction"},"sameAs":["https:\/\/stourm.news"],"url":"https:\/\/stourm.news\/?author=1"}]}},"_links":{"self":[{"href":"https:\/\/stourm.news\/index.php?rest_route=\/wp\/v2\/posts\/4224","targetHints":{"allow":["GET"]}}],"collection":[{"href":"https:\/\/stourm.news\/index.php?rest_route=\/wp\/v2\/posts"}],"about":[{"href":"https:\/\/stourm.news\/index.php?rest_route=\/wp\/v2\/types\/post"}],"author":[{"embeddable":true,"href":"https:\/\/stourm.news\/index.php?rest_route=\/wp\/v2\/users\/1"}],"replies":[{"embeddable":true,"href":"https:\/\/stourm.news\/index.php?rest_route=%2Fwp%2Fv2%2Fcomments&post=4224"}],"version-history":[{"count":1,"href":"https:\/\/stourm.news\/index.php?rest_route=\/wp\/v2\/posts\/4224\/revisions"}],"predecessor-version":[{"id":4226,"href":"https:\/\/stourm.news\/index.php?rest_route=\/wp\/v2\/posts\/4224\/revisions\/4226"}],"wp:featuredmedia":[{"embeddable":true,"href":"https:\/\/stourm.news\/index.php?rest_route=\/wp\/v2\/media\/4225"}],"wp:attachment":[{"href":"https:\/\/stourm.news\/index.php?rest_route=%2Fwp%2Fv2%2Fmedia&parent=4224"}],"wp:term":[{"taxonomy":"category","embeddable":true,"href":"https:\/\/stourm.news\/index.php?rest_route=%2Fwp%2Fv2%2Fcategories&post=4224"},{"taxonomy":"post_tag","embeddable":true,"href":"https:\/\/stourm.news\/index.php?rest_route=%2Fwp%2Fv2%2Ftags&post=4224"}],"curies":[{"name":"wp","href":"https:\/\/api.w.org\/{rel}","templated":true}]}}