{"id":4227,"date":"2025-06-06T10:29:35","date_gmt":"2025-06-06T10:29:35","guid":{"rendered":"https:\/\/stourm.news\/?p=4227"},"modified":"2025-06-06T10:29:35","modified_gmt":"2025-06-06T10:29:35","slug":"editorial-contre-lhygienisme-detat-pour-le-droit-de-vivre-en-breton-libre-par-ronan-morvan","status":"publish","type":"post","link":"https:\/\/stourm.news\/?p=4227","title":{"rendered":"\u00c9DITORIAL \u2013 \u00ab\u00a0Contre l\u2019hygi\u00e9nisme d\u2019\u00c9tat, pour le droit de vivre en Breton libre\u00a0\u00bb par Ronan Morvan."},"content":{"rendered":"<p style=\"text-align: justify;\">Les derni\u00e8res mesures anti-tabac du gouvernement fran\u00e7ais sont venues confirmer ce que beaucoup pressentaient depuis longtemps : l\u2019hygi\u00e9nisme et le paternalisme sont devenu le nouvel habit de l&rsquo;uniformisation. Ne nous y trompons pas : ce n\u2019est pas le tabac qu\u2019ils veulent tuer, c\u2019est l\u2019homme libre, debout, qui choisit \u2013 f\u00fbt-ce au d\u00e9triment de sa sant\u00e9 \u2013 de vivre \u00e0 sa fa\u00e7on. Derri\u00e8re une politique de sant\u00e9 publique qui se veut protectrice, c\u2019est une logique de contr\u00f4le social et assurer la main mise compl\u00e8te de l&rsquo;\u00c9tat fran\u00e7ais sur l&rsquo;individu, avec toujours la m\u00eame m\u00e9thode : d\u00e9cider depuis Paris, imposer uniform\u00e9ment, sans consid\u00e9ration pour les r\u00e9alit\u00e9s locales ni pour les modes de vie enracin\u00e9s.<\/p>\n<p style=\"text-align: justify;\">\u00c0 compter du 1er juillet, les plages, parcs et jardins publics, abords des \u00e9coles, abribus ou \u00e9quipements sportifs seront, \u00ab\u00a0partout en France\u00a0\u00bb, \u00ab\u00a0des espaces sans tabac\u00a0\u00bb. Fumer y sera donc interdit. Un pas de plus vers une soci\u00e9t\u00e9 sous cloche, aseptis\u00e9e, o\u00f9 tout ce qui d\u00e9range l\u2019\u0153il ou la morale hygi\u00e9niste de Paris est pri\u00e9 de dispara\u00eetre. Le pr\u00e9texte est connu : sauver des vies. Qui pourrait \u00eatre contre ? Mais \u00e0 force de gouverner les corps, c\u2019est l\u2019esprit qu\u2019on asphyxie. Car ce n\u2019est pas seulement le tabac que l\u2019on vise ici. C\u2019est une certaine id\u00e9e de la libert\u00e9 individuelle, du libre arbitre et, osons le dire, de la culture populaire \u2014 celle qui ne passe pas par les filtres aseptis\u00e9s de la R\u00e9publique gestionnaire.<\/p>\n<p style=\"text-align: justify;\">En Bretagne, le tabac n\u2019est pas une lubie parisienne de salon. Il a longtemps accompagn\u00e9 la vie agricole, les traditions rurales, les \u00e9changes dans les bistrots, les f\u00eates locales. Il fait partie d\u2019un certain art de vivre, que l\u2019on peut bien s\u00fbr interroger, mais qu\u2019on ne peut balayer d\u2019un revers de d\u00e9cret sans m\u00e9pris ni ignorance. Ce n\u2019est pas rendre service \u00e0 la sant\u00e9 publique que de gouverner par l\u2019interdiction pure, sans p\u00e9dagogie, sans nuance, et surtout sans respect pour la diversit\u00e9 des modes de vie.<\/p>\n<p style=\"text-align: justify;\">Pour nous, nationalistes bretons, ce d\u00e9bat d\u00e9passe largement la question du tabac. Il touche au c\u0153ur m\u00eame de notre revendication : le droit de d\u00e9cider pour nous-m\u00eames, selon nos r\u00e9alit\u00e9s et notre mode de vie. Le combat pour la libert\u00e9 passe aussi par ces petits gestes du quotidien qu\u2019on veut aujourd\u2019hui rendre honteux : fumer sa pipe dans son jardin, partager une cigarette entre amis, choisir pour soi-m\u00eame ce qui vaut la peine d\u2019\u00eatre v\u00e9cu. L\u2019\u00c9tat fran\u00e7ais a choisi la norme. Nous choisissons la libert\u00e9.<\/p>\n<p style=\"text-align: right;\"><strong>Ronan Morvan<\/strong><\/p>\n","protected":false},"excerpt":{"rendered":"<p>Les derni\u00e8res mesures anti-tabac du gouvernement fran\u00e7ais sont venues confirmer ce que beaucoup pressentaient depuis longtemps : l\u2019hygi\u00e9nisme et le paternalisme sont devenu le nouvel habit de l&rsquo;uniformisation. Ne nous y trompons pas : ce n\u2019est pas le tabac qu\u2019ils veulent tuer, c\u2019est l\u2019homme libre, debout, qui choisit \u2013 f\u00fbt-ce au d\u00e9triment de sa sant\u00e9 [&hellip;]<\/p>\n","protected":false},"author":1,"featured_media":4228,"comment_status":"open","ping_status":"open","sticky":false,"template":"","format":"standard","meta":{"sb_editor_width":"","footnotes":""},"categories":[63,65,54],"tags":[],"class_list":["post-4227","post","type-post","status-publish","format-standard","has-post-thumbnail","hentry","category-editorial","category-principale","category-societe"],"relative_dates":{"created":"11 mois ago","modified":"11 mois ago"},"yoast_head":"<!-- This site is optimized with the Yoast SEO plugin v26.3 - https:\/\/yoast.com\/wordpress\/plugins\/seo\/ -->\n<title>\u00c9DITORIAL \u2013 &quot;Contre l\u2019hygi\u00e9nisme d\u2019\u00c9tat, pour le droit de vivre en Breton libre&quot; par Ronan Morvan. - STOURM<\/title>\n<meta name=\"robots\" content=\"index, follow, max-snippet:-1, max-image-preview:large, max-video-preview:-1\" \/>\n<link rel=\"canonical\" href=\"https:\/\/stourm.news\/?p=4227\" \/>\n<meta property=\"og:locale\" content=\"fr_FR\" \/>\n<meta property=\"og:type\" content=\"article\" \/>\n<meta property=\"og:title\" content=\"\u00c9DITORIAL \u2013 &quot;Contre l\u2019hygi\u00e9nisme d\u2019\u00c9tat, pour le droit de vivre en Breton libre&quot; par Ronan Morvan. - STOURM\" \/>\n<meta property=\"og:description\" content=\"Les derni\u00e8res mesures anti-tabac du gouvernement fran\u00e7ais sont venues confirmer ce que beaucoup pressentaient depuis longtemps : l\u2019hygi\u00e9nisme et le paternalisme sont devenu le nouvel habit de l&rsquo;uniformisation. Ne nous y trompons pas : ce n\u2019est pas le tabac qu\u2019ils veulent tuer, c\u2019est l\u2019homme libre, debout, qui choisit \u2013 f\u00fbt-ce au d\u00e9triment de sa sant\u00e9 [&hellip;]\" \/>\n<meta property=\"og:url\" content=\"https:\/\/stourm.news\/?p=4227\" \/>\n<meta property=\"og:site_name\" content=\"STOURM\" \/>\n<meta property=\"article:publisher\" content=\"https:\/\/www.facebook.com\/stourmnews\/\" \/>\n<meta property=\"article:published_time\" content=\"2025-06-06T10:29:35+00:00\" \/>\n<meta property=\"og:image\" content=\"https:\/\/stourm.news\/wp-content\/uploads\/2025\/06\/Capture-decran-2025-06-06-a-19.29.04-1024x624.png\" \/>\n\t<meta property=\"og:image:width\" content=\"1024\" \/>\n\t<meta property=\"og:image:height\" content=\"624\" \/>\n\t<meta property=\"og:image:type\" content=\"image\/png\" \/>\n<meta name=\"author\" content=\"La r\u00e9daction\" \/>\n<meta name=\"twitter:card\" content=\"summary_large_image\" \/>\n<meta name=\"twitter:label1\" content=\"\u00c9crit par\" \/>\n\t<meta name=\"twitter:data1\" content=\"La r\u00e9daction\" \/>\n\t<meta name=\"twitter:label2\" content=\"Dur\u00e9e de lecture estim\u00e9e\" \/>\n\t<meta name=\"twitter:data2\" content=\"3 minutes\" \/>\n<script type=\"application\/ld+json\" class=\"yoast-schema-graph\">{\"@context\":\"https:\/\/schema.org\",\"@graph\":[{\"@type\":\"Article\",\"@id\":\"https:\/\/stourm.news\/?p=4227#article\",\"isPartOf\":{\"@id\":\"https:\/\/stourm.news\/?p=4227\"},\"author\":{\"name\":\"La r\u00e9daction\",\"@id\":\"https:\/\/stourm.news\/#\/schema\/person\/c3e1dc65988632e190969234ef046cf9\"},\"headline\":\"\u00c9DITORIAL \u2013 \u00ab\u00a0Contre l\u2019hygi\u00e9nisme d\u2019\u00c9tat, pour le droit de vivre en Breton libre\u00a0\u00bb par Ronan Morvan.\",\"datePublished\":\"2025-06-06T10:29:35+00:00\",\"mainEntityOfPage\":{\"@id\":\"https:\/\/stourm.news\/?p=4227\"},\"wordCount\":484,\"commentCount\":0,\"publisher\":{\"@id\":\"https:\/\/stourm.news\/#organization\"},\"image\":{\"@id\":\"https:\/\/stourm.news\/?p=4227#primaryimage\"},\"thumbnailUrl\":\"https:\/\/stourm.news\/wp-content\/uploads\/2025\/06\/Capture-decran-2025-06-06-a-19.29.04.png\",\"articleSection\":[\"Editorial\",\"Principale\",\"Soci\u00e9t\u00e9\"],\"inLanguage\":\"fr-FR\",\"potentialAction\":[{\"@type\":\"CommentAction\",\"name\":\"Comment\",\"target\":[\"https:\/\/stourm.news\/?p=4227#respond\"]}]},{\"@type\":\"WebPage\",\"@id\":\"https:\/\/stourm.news\/?p=4227\",\"url\":\"https:\/\/stourm.news\/?p=4227\",\"name\":\"\u00c9DITORIAL \u2013 \\\"Contre l\u2019hygi\u00e9nisme d\u2019\u00c9tat, pour le droit de vivre en Breton libre\\\" par Ronan Morvan. - STOURM\",\"isPartOf\":{\"@id\":\"https:\/\/stourm.news\/#website\"},\"primaryImageOfPage\":{\"@id\":\"https:\/\/stourm.news\/?p=4227#primaryimage\"},\"image\":{\"@id\":\"https:\/\/stourm.news\/?p=4227#primaryimage\"},\"thumbnailUrl\":\"https:\/\/stourm.news\/wp-content\/uploads\/2025\/06\/Capture-decran-2025-06-06-a-19.29.04.png\",\"datePublished\":\"2025-06-06T10:29:35+00:00\",\"breadcrumb\":{\"@id\":\"https:\/\/stourm.news\/?p=4227#breadcrumb\"},\"inLanguage\":\"fr-FR\",\"potentialAction\":[{\"@type\":\"ReadAction\",\"target\":[\"https:\/\/stourm.news\/?p=4227\"]}]},{\"@type\":\"ImageObject\",\"inLanguage\":\"fr-FR\",\"@id\":\"https:\/\/stourm.news\/?p=4227#primaryimage\",\"url\":\"https:\/\/stourm.news\/wp-content\/uploads\/2025\/06\/Capture-decran-2025-06-06-a-19.29.04.png\",\"contentUrl\":\"https:\/\/stourm.news\/wp-content\/uploads\/2025\/06\/Capture-decran-2025-06-06-a-19.29.04.png\",\"width\":1378,\"height\":840},{\"@type\":\"BreadcrumbList\",\"@id\":\"https:\/\/stourm.news\/?p=4227#breadcrumb\",\"itemListElement\":[{\"@type\":\"ListItem\",\"position\":1,\"name\":\"Accueil\",\"item\":\"https:\/\/stourm.news\/\"},{\"@type\":\"ListItem\",\"position\":2,\"name\":\"\u00c9DITORIAL \u2013 \u00ab\u00a0Contre l\u2019hygi\u00e9nisme d\u2019\u00c9tat, pour le droit de vivre en Breton libre\u00a0\u00bb par Ronan Morvan.\"}]},{\"@type\":\"WebSite\",\"@id\":\"https:\/\/stourm.news\/#website\",\"url\":\"https:\/\/stourm.news\/\",\"name\":\"Stourm\",\"description\":\"Kazetenn Strollad Broadel Breizh\",\"publisher\":{\"@id\":\"https:\/\/stourm.news\/#organization\"},\"potentialAction\":[{\"@type\":\"SearchAction\",\"target\":{\"@type\":\"EntryPoint\",\"urlTemplate\":\"https:\/\/stourm.news\/?s={search_term_string}\"},\"query-input\":{\"@type\":\"PropertyValueSpecification\",\"valueRequired\":true,\"valueName\":\"search_term_string\"}}],\"inLanguage\":\"fr-FR\"},{\"@type\":\"Organization\",\"@id\":\"https:\/\/stourm.news\/#organization\",\"name\":\"Stourm\",\"url\":\"https:\/\/stourm.news\/\",\"logo\":{\"@type\":\"ImageObject\",\"inLanguage\":\"fr-FR\",\"@id\":\"https:\/\/stourm.news\/#\/schema\/logo\/image\/\",\"url\":\"https:\/\/stourm.news\/wp-content\/uploads\/2025\/11\/cropped-Capture-decran-2025-11-28-a-15.19.07.png\",\"contentUrl\":\"https:\/\/stourm.news\/wp-content\/uploads\/2025\/11\/cropped-Capture-decran-2025-11-28-a-15.19.07.png\",\"width\":1855,\"height\":383,\"caption\":\"Stourm\"},\"image\":{\"@id\":\"https:\/\/stourm.news\/#\/schema\/logo\/image\/\"},\"sameAs\":[\"https:\/\/www.facebook.com\/stourmnews\/\"]},{\"@type\":\"Person\",\"@id\":\"https:\/\/stourm.news\/#\/schema\/person\/c3e1dc65988632e190969234ef046cf9\",\"name\":\"La r\u00e9daction\",\"image\":{\"@type\":\"ImageObject\",\"inLanguage\":\"fr-FR\",\"@id\":\"https:\/\/stourm.news\/#\/schema\/person\/image\/\",\"url\":\"https:\/\/secure.gravatar.com\/avatar\/7463443f194b6b5fb706b074ca0ef59a0cfcfd720cb47764b0ec5a952ce422b3?s=96&d=mm&r=g\",\"contentUrl\":\"https:\/\/secure.gravatar.com\/avatar\/7463443f194b6b5fb706b074ca0ef59a0cfcfd720cb47764b0ec5a952ce422b3?s=96&d=mm&r=g\",\"caption\":\"La r\u00e9daction\"},\"sameAs\":[\"https:\/\/stourm.news\"],\"url\":\"https:\/\/stourm.news\/?author=1\"}]}<\/script>\n<!-- \/ Yoast SEO plugin. -->","yoast_head_json":{"title":"\u00c9DITORIAL \u2013 \"Contre l\u2019hygi\u00e9nisme d\u2019\u00c9tat, pour le droit de vivre en Breton libre\" par Ronan Morvan. - STOURM","robots":{"index":"index","follow":"follow","max-snippet":"max-snippet:-1","max-image-preview":"max-image-preview:large","max-video-preview":"max-video-preview:-1"},"canonical":"https:\/\/stourm.news\/?p=4227","og_locale":"fr_FR","og_type":"article","og_title":"\u00c9DITORIAL \u2013 \"Contre l\u2019hygi\u00e9nisme d\u2019\u00c9tat, pour le droit de vivre en Breton libre\" par Ronan Morvan. - STOURM","og_description":"Les derni\u00e8res mesures anti-tabac du gouvernement fran\u00e7ais sont venues confirmer ce que beaucoup pressentaient depuis longtemps : l\u2019hygi\u00e9nisme et le paternalisme sont devenu le nouvel habit de l&rsquo;uniformisation. Ne nous y trompons pas : ce n\u2019est pas le tabac qu\u2019ils veulent tuer, c\u2019est l\u2019homme libre, debout, qui choisit \u2013 f\u00fbt-ce au d\u00e9triment de sa sant\u00e9 [&hellip;]","og_url":"https:\/\/stourm.news\/?p=4227","og_site_name":"STOURM","article_publisher":"https:\/\/www.facebook.com\/stourmnews\/","article_published_time":"2025-06-06T10:29:35+00:00","og_image":[{"width":1024,"height":624,"url":"https:\/\/stourm.news\/wp-content\/uploads\/2025\/06\/Capture-decran-2025-06-06-a-19.29.04-1024x624.png","type":"image\/png"}],"author":"La r\u00e9daction","twitter_card":"summary_large_image","twitter_misc":{"\u00c9crit par":"La r\u00e9daction","Dur\u00e9e de lecture estim\u00e9e":"3 minutes"},"schema":{"@context":"https:\/\/schema.org","@graph":[{"@type":"Article","@id":"https:\/\/stourm.news\/?p=4227#article","isPartOf":{"@id":"https:\/\/stourm.news\/?p=4227"},"author":{"name":"La r\u00e9daction","@id":"https:\/\/stourm.news\/#\/schema\/person\/c3e1dc65988632e190969234ef046cf9"},"headline":"\u00c9DITORIAL \u2013 \u00ab\u00a0Contre l\u2019hygi\u00e9nisme d\u2019\u00c9tat, pour le droit de vivre en Breton libre\u00a0\u00bb par Ronan Morvan.","datePublished":"2025-06-06T10:29:35+00:00","mainEntityOfPage":{"@id":"https:\/\/stourm.news\/?p=4227"},"wordCount":484,"commentCount":0,"publisher":{"@id":"https:\/\/stourm.news\/#organization"},"image":{"@id":"https:\/\/stourm.news\/?p=4227#primaryimage"},"thumbnailUrl":"https:\/\/stourm.news\/wp-content\/uploads\/2025\/06\/Capture-decran-2025-06-06-a-19.29.04.png","articleSection":["Editorial","Principale","Soci\u00e9t\u00e9"],"inLanguage":"fr-FR","potentialAction":[{"@type":"CommentAction","name":"Comment","target":["https:\/\/stourm.news\/?p=4227#respond"]}]},{"@type":"WebPage","@id":"https:\/\/stourm.news\/?p=4227","url":"https:\/\/stourm.news\/?p=4227","name":"\u00c9DITORIAL \u2013 \"Contre l\u2019hygi\u00e9nisme d\u2019\u00c9tat, pour le droit de vivre en Breton libre\" par Ronan Morvan. - STOURM","isPartOf":{"@id":"https:\/\/stourm.news\/#website"},"primaryImageOfPage":{"@id":"https:\/\/stourm.news\/?p=4227#primaryimage"},"image":{"@id":"https:\/\/stourm.news\/?p=4227#primaryimage"},"thumbnailUrl":"https:\/\/stourm.news\/wp-content\/uploads\/2025\/06\/Capture-decran-2025-06-06-a-19.29.04.png","datePublished":"2025-06-06T10:29:35+00:00","breadcrumb":{"@id":"https:\/\/stourm.news\/?p=4227#breadcrumb"},"inLanguage":"fr-FR","potentialAction":[{"@type":"ReadAction","target":["https:\/\/stourm.news\/?p=4227"]}]},{"@type":"ImageObject","inLanguage":"fr-FR","@id":"https:\/\/stourm.news\/?p=4227#primaryimage","url":"https:\/\/stourm.news\/wp-content\/uploads\/2025\/06\/Capture-decran-2025-06-06-a-19.29.04.png","contentUrl":"https:\/\/stourm.news\/wp-content\/uploads\/2025\/06\/Capture-decran-2025-06-06-a-19.29.04.png","width":1378,"height":840},{"@type":"BreadcrumbList","@id":"https:\/\/stourm.news\/?p=4227#breadcrumb","itemListElement":[{"@type":"ListItem","position":1,"name":"Accueil","item":"https:\/\/stourm.news\/"},{"@type":"ListItem","position":2,"name":"\u00c9DITORIAL \u2013 \u00ab\u00a0Contre l\u2019hygi\u00e9nisme d\u2019\u00c9tat, pour le droit de vivre en Breton libre\u00a0\u00bb par Ronan Morvan."}]},{"@type":"WebSite","@id":"https:\/\/stourm.news\/#website","url":"https:\/\/stourm.news\/","name":"Stourm","description":"Kazetenn Strollad Broadel Breizh","publisher":{"@id":"https:\/\/stourm.news\/#organization"},"potentialAction":[{"@type":"SearchAction","target":{"@type":"EntryPoint","urlTemplate":"https:\/\/stourm.news\/?s={search_term_string}"},"query-input":{"@type":"PropertyValueSpecification","valueRequired":true,"valueName":"search_term_string"}}],"inLanguage":"fr-FR"},{"@type":"Organization","@id":"https:\/\/stourm.news\/#organization","name":"Stourm","url":"https:\/\/stourm.news\/","logo":{"@type":"ImageObject","inLanguage":"fr-FR","@id":"https:\/\/stourm.news\/#\/schema\/logo\/image\/","url":"https:\/\/stourm.news\/wp-content\/uploads\/2025\/11\/cropped-Capture-decran-2025-11-28-a-15.19.07.png","contentUrl":"https:\/\/stourm.news\/wp-content\/uploads\/2025\/11\/cropped-Capture-decran-2025-11-28-a-15.19.07.png","width":1855,"height":383,"caption":"Stourm"},"image":{"@id":"https:\/\/stourm.news\/#\/schema\/logo\/image\/"},"sameAs":["https:\/\/www.facebook.com\/stourmnews\/"]},{"@type":"Person","@id":"https:\/\/stourm.news\/#\/schema\/person\/c3e1dc65988632e190969234ef046cf9","name":"La r\u00e9daction","image":{"@type":"ImageObject","inLanguage":"fr-FR","@id":"https:\/\/stourm.news\/#\/schema\/person\/image\/","url":"https:\/\/secure.gravatar.com\/avatar\/7463443f194b6b5fb706b074ca0ef59a0cfcfd720cb47764b0ec5a952ce422b3?s=96&d=mm&r=g","contentUrl":"https:\/\/secure.gravatar.com\/avatar\/7463443f194b6b5fb706b074ca0ef59a0cfcfd720cb47764b0ec5a952ce422b3?s=96&d=mm&r=g","caption":"La r\u00e9daction"},"sameAs":["https:\/\/stourm.news"],"url":"https:\/\/stourm.news\/?author=1"}]}},"_links":{"self":[{"href":"https:\/\/stourm.news\/index.php?rest_route=\/wp\/v2\/posts\/4227","targetHints":{"allow":["GET"]}}],"collection":[{"href":"https:\/\/stourm.news\/index.php?rest_route=\/wp\/v2\/posts"}],"about":[{"href":"https:\/\/stourm.news\/index.php?rest_route=\/wp\/v2\/types\/post"}],"author":[{"embeddable":true,"href":"https:\/\/stourm.news\/index.php?rest_route=\/wp\/v2\/users\/1"}],"replies":[{"embeddable":true,"href":"https:\/\/stourm.news\/index.php?rest_route=%2Fwp%2Fv2%2Fcomments&post=4227"}],"version-history":[{"count":1,"href":"https:\/\/stourm.news\/index.php?rest_route=\/wp\/v2\/posts\/4227\/revisions"}],"predecessor-version":[{"id":4229,"href":"https:\/\/stourm.news\/index.php?rest_route=\/wp\/v2\/posts\/4227\/revisions\/4229"}],"wp:featuredmedia":[{"embeddable":true,"href":"https:\/\/stourm.news\/index.php?rest_route=\/wp\/v2\/media\/4228"}],"wp:attachment":[{"href":"https:\/\/stourm.news\/index.php?rest_route=%2Fwp%2Fv2%2Fmedia&parent=4227"}],"wp:term":[{"taxonomy":"category","embeddable":true,"href":"https:\/\/stourm.news\/index.php?rest_route=%2Fwp%2Fv2%2Fcategories&post=4227"},{"taxonomy":"post_tag","embeddable":true,"href":"https:\/\/stourm.news\/index.php?rest_route=%2Fwp%2Fv2%2Ftags&post=4227"}],"curies":[{"name":"wp","href":"https:\/\/api.w.org\/{rel}","templated":true}]}}