{"id":4230,"date":"2025-06-06T11:37:34","date_gmt":"2025-06-06T11:37:34","guid":{"rendered":"https:\/\/stourm.news\/?p=4230"},"modified":"2025-06-06T11:37:34","modified_gmt":"2025-06-06T11:37:34","slug":"emsav-6-juin-1821-naissance-de-fanch-an-uhel-poete-et-linguiste-breton","status":"publish","type":"post","link":"https:\/\/stourm.news\/?p=4230","title":{"rendered":"EMSAV : 6 juin 1821, naissance de Fa\u00f1ch an Uhel, po\u00e8te et linguiste breton"},"content":{"rendered":"<p style=\"text-align: justify;\">Fran\u00e7ois-Marie Luzel (1821-1895), connu sous son nom breton Fa\u00f1ch an Uhel, est une figure majeure du patrimoine culturel breton, un folkloriste visionnaire et un po\u00e8te dont l\u2019\u0153uvre a pr\u00e9serv\u00e9 la richesse de la litt\u00e9rature orale de Bretagne. N\u00e9 le 6 juin 1821 au manoir de Keramborn, \u00e0 Plouaret, dans une famille de paysans ais\u00e9s du Tr\u00e9gor, Luzel a grandi dans un environnement rural impr\u00e9gn\u00e9 des traditions orales bretonnes. Son enfance, marqu\u00e9e par les veill\u00e9es o\u00f9 contes, chansons et l\u00e9gendes \u00e9taient partag\u00e9s, a forg\u00e9 son amour pour la culture populaire bretonne. Gr\u00e2ce \u00e0 son oncle, Jean-Marie Le H\u00fcerou, historien et collecteur de chants, il acc\u00e8de au Coll\u00e8ge Royal de Rennes, o\u00f9 il c\u00f4toie des figures comme Arthur de La Borderie. Cette formation intellectuelle, combin\u00e9e \u00e0 son ancrage dans le terroir tr\u00e9gorrois, a fait de Luzel un passeur inestimable de la m\u00e9moire bretonne, dont l\u2019h\u00e9ritage reste aujourd\u2019hui une r\u00e9f\u00e9rence incontournable.<\/p>\n<p><img fetchpriority=\"high\" decoding=\"async\" class=\"alignnone size-medium\" src=\"https:\/\/patrimoine.bzh\/gertrude-diffusion\/img\/9242f140-e8e8-46af-8b00-819bb4f92fdb\" width=\"768\" height=\"576\" \/><\/p>\n<p style=\"text-align: center;\"><em>Manoir de Keramborn<\/em><\/p>\n<p style=\"text-align: justify;\">Luzel s\u2019est distingu\u00e9 par son travail titanesque de collecte de la litt\u00e9rature orale, un domaine o\u00f9 il fut pionnier en France. D\u00e8s 1845, il obtient une bourse du minist\u00e8re de l\u2019Instruction publique pour recueillir chants et manuscrits bretons, une mission qu\u2019il poursuit avec une rigueur scientifique rare pour l\u2019\u00e9poque. Ses \u0153uvres majeures, Gwerziou Breiz-Izel (1868-1874) et Soniou (1890), constituent un corpus monumental de complaintes et chansons populaires, transcrites avec une fid\u00e9lit\u00e9 remarquable aux versions orales. Contrairement \u00e0 d\u2019autres collecteurs, Luzel privil\u00e9giait l\u2019authenticit\u00e9 brute, refusant de polir ou d\u2019embellir les textes pour les rendre plus \u00ab pr\u00e9sentables \u00bb. Ses Contes populaires de Basse-Bretagne (1887) et L\u00e9gendes chr\u00e9tiennes de Basse-Bretagne (1881) t\u00e9moignent de son int\u00e9r\u00eat pour les r\u00e9cits merveilleux et les traditions religieuses, captur\u00e9s aupr\u00e8s de conteurs et conteuses comme Marguerite Philippe ou Barbe Tassel. Son approche, presque ethnographique, a permis de pr\u00e9server des r\u00e9cits qui auraient autrement disparu avec l\u2019\u00e9rosion des traditions orales au XIXe si\u00e8cle.<\/p>\n<p style=\"text-align: justify;\">Au-del\u00e0 de son r\u00f4le de collecteur, Luzel \u00e9tait un homme aux multiples facettes : po\u00e8te, journaliste pro-r\u00e9publicain \u00e0 L\u2019Avenir de Morlaix (1874-1880), juge de paix \u00e0 Daoulas, et conservateur des Archives d\u00e9partementales du Finist\u00e8re \u00e0 Quimper \u00e0 partir de 1881. Sa po\u00e9sie, publi\u00e9e dans Bepred Breizad (1865), s\u2019inspire d\u2019Auguste Brizeux et c\u00e9l\u00e8bre l\u2019\u00e2me bretonne avec une sensibilit\u00e9 patriotique. En 1888, il milite aupr\u00e8s d\u2019Ernest Renan pour que son disciple Anatole Le Braz enseigne le breton au lyc\u00e9e de Quimper, \u00e9crivant : <strong>\u00ab Je voudrais que dans toutes nos \u00e9coles primaires fr\u00e9quent\u00e9es par des Bretons bretonnants, une heure ou deux fussent consacr\u00e9es \u00e0 leur faire apprendre par c\u0153ur et chanter des chansons bretonnes et autres morceaux de po\u00e9sie propres \u00e0 leur inculquer des sentiments patriotiques \u00bb<\/strong> (Lettre \u00e0 Ernest Renan, 1888). Cette d\u00e9marche illustre son engagement pour la transmission de la langue et de la culture bretonnes, qu\u2019il consid\u00e9rait comme <strong>\u00ab la langue nationale \u00bb<\/strong> de la Bretagne. En 1890, il est fait chevalier de la L\u00e9gion d\u2019honneur, une reconnaissance tardive de son apport \u00e0 la culture fran\u00e7aise et bretonne.<\/p>\n<p style=\"text-align: justify;\">Cependant, l\u2019h\u00e9ritage de Luzel est entach\u00e9 par sa participation \u00e0 la \u00ab querelle du Barzaz-Breiz \u00bb, o\u00f9 il s\u2019est attaqu\u00e9 \u00e0 Th\u00e9odore Hersart de La Villemarqu\u00e9, auteur du c\u00e9l\u00e8bre recueil Barzaz Breiz (1839). Lors du Congr\u00e8s de l\u2019Association bretonne \u00e0 Saint-Brieuc en 1872, Luzel pr\u00e9sente un texte, De l\u2019authenticit\u00e9 des chants du Barzaz-Breiz (publi\u00e9 chez Guyon, 1872), accusant La Villemarqu\u00e9 d\u2019avoir falsifi\u00e9 ou invent\u00e9 des chants, notamment en s\u2019inspirant du Lai du rossignol de Marie de France pour produire des textes pr\u00e9tendument m\u00e9di\u00e9vaux. Ces attaques, soutenues par des figures comme Ren\u00e9-Fran\u00e7ois Le Men et Henri Gaidoz, ont d\u00e9clench\u00e9 une controverse qui a dur\u00e9 plus d\u2019un si\u00e8cle. Luzel reprochait \u00e0 La Villemarqu\u00e9 d\u2019avoir embelli les textes collect\u00e9s, les rendant plus litt\u00e9raires et moins fid\u00e8les \u00e0 la tradition orale, pour r\u00e9pondre \u00e0 une vision romantique et celtisante de la Bretagne. Il d\u00e9non\u00e7ait, par exemple, des ajouts druidiques ou des r\u00e9\u00e9critures dans un breton plus \u00ab ch\u00e2ti\u00e9 \u00bb pour plaire aux \u00e9lites parisiennes.<\/p>\n<p><img decoding=\"async\" class=\"aligncenter\" src=\"https:\/\/storage.canalblog.com\/10\/99\/1403127\/118880242_o.jpg\" width=\"441\" height=\"553\" \/><\/p>\n<p style=\"text-align: center;\"><em>Th\u00e9odore Hersart de La Villemarqu\u00e9<\/em><\/p>\n<p style=\"text-align: justify;\">Si Luzel avait raison de souligner le manque de transparence de La Villemarqu\u00e9, qui refusait de montrer ses carnets d\u2019enqu\u00eate, ses critiques \u00e9taient parfois excessives et maladroites. En qualifiant le Barzaz Breiz de \u00ab faux historique \u00bb, il a contribu\u00e9 \u00e0 discr\u00e9diter un ouvrage qui, malgr\u00e9 ses arrangements, reposait sur une collecte r\u00e9elle, comme l\u2019a d\u00e9montr\u00e9 Donatien Laurent en 1989 en analysant les manuscrits de La Villemarqu\u00e9. Ces carnets r\u00e9v\u00e9laient que, bien que remani\u00e9s, les chants \u00e9taient souvent bas\u00e9s sur des versions authentiques. Luzel lui-m\u00eame, en 1869, avait collect\u00e9 une version remarquable de la complainte de Skolan, pr\u00e9sente dans le Barzaz Breiz, mais il choisit de ne pas la publier dans son second volume de Gwerziou (1874), probablement pour ne pas affaiblir sa th\u00e8se contre La Villemarqu\u00e9. Cette omission sugg\u00e8re une certaine partialit\u00e9, o\u00f9 Luzel privil\u00e9giait sa croisade pour l\u2019authenticit\u00e9 au d\u00e9triment d\u2019une approche plus nuanc\u00e9e.<\/p>\n<p style=\"text-align: justify;\">Les motivations id\u00e9ologiques de Luzel dans cette querelle \u00e9taient profond\u00e9ment ancr\u00e9es dans son r\u00e9publicanisme fran\u00e7ais et son rejet du romantisme l\u00e9gitimiste incarn\u00e9 par La Villemarqu\u00e9. Ce dernier, issu d\u2019une famille noble id\u00e9alisait la Bretagne comme un bastion immuable de traditions celtiques, conservatrices et catholiques. Luzel, r\u00e9publicain convaincu, s\u2019opposait \u00e0 cette vision. Sa correspondance avec Ernest Renan et sa participation \u00e0 des cercles r\u00e9publicains, comme l\u2019Almanak Breiz Izel (1872), montrent paradoxalement qu\u2019il associait la d\u00e9fense de la langue bretonne \u00e0 une lutte contre le centralisme fran\u00e7ais, mais sans le mysticisme celtique de La Villemarqu\u00e9. Pour Luzel, la Bretagne devait \u00eatre c\u00e9l\u00e9br\u00e9e dans sa r\u00e9alit\u00e9 populaire, sans artifices aristocratiques ou mythologiques. Cette posture l\u2019a conduit \u00e0 rejeter en bloc le travail de La Villemarqu\u00e9.<\/p>\n<p style=\"text-align: justify;\">Luzel s\u2019est \u00e9gar\u00e9 en transformant une critique de d\u00e9tail en une attaque personnelle fondamentale, exacerb\u00e9e par le contexte id\u00e9ologique de l\u2019\u00e9poque, o\u00f9 loyalistes r\u00e9publicains et monarchistes s\u2019affrontaient en Bretagne. Sa qu\u00eate d\u2019authenticit\u00e9, bien que louable, l\u2019a parfois pouss\u00e9 \u00e0 des jugements h\u00e2tifs, comme lorsqu\u2019il a attribu\u00e9 des falsifications \u00e0 un collaborateur de Penguern, Kerambrun, sans preuves solides. Cette intransigeance a nui \u00e0 sa propre reconnaissance, car son insistance sur la rigueur scientifique a \u00e9clips\u00e9 la dimension po\u00e9tique et f\u00e9d\u00e9ratrice du Barzaz Breiz, qui a inspir\u00e9 le renouveau litt\u00e9raire breton. Luzel, en se posant en adversaire de La Villemarqu\u00e9, s\u2019est ali\u00e9n\u00e9 une partie des milieux bretons, notamment les nationalistes bretons.<\/p>\n<p style=\"text-align: justify;\">Malgr\u00e9 cette controverse, l\u2019h\u00e9ritage de Luzel reste consid\u00e9rable. Sa m\u00e9thode rigoureuse a pos\u00e9 les bases d\u2019une ethnographie moderne, et ses collectes ont sauv\u00e9 des tr\u00e9sors de la tradition orale bretonne. Sa r\u00e9conciliation apparente avec La Villemarqu\u00e9, lorsqu\u2019il re\u00e7oit la L\u00e9gion d\u2019honneur de ses mains en 1890, montre une capacit\u00e9 \u00e0 d\u00e9passer les querelles personnelles. Luzel \u00e9tait un homme du peuple, sensible et dr\u00f4le, qui pr\u00e9f\u00e9rait les voix des mendiants et des paysans aux salons parisiens. Luzel demeure un h\u00e9ros de la culture bretonne, dont l\u2019\u0153uvre continue d\u2019\u00e9clairer l\u2019\u00e2me d\u2019un peuple.<\/p>\n<p style=\"text-align: right;\"><strong>Olier Kerdrel<\/strong><\/p>\n<p><strong>\u0152uvres publi\u00e9es de son vivant (liens AMAZON si disponibles)<\/strong><\/p>\n<ul>\n<li>Bepred Breizad (1865)<\/li>\n<\/ul>\n<p style=\"text-align: justify;\">Recueil de po\u00e8mes en fran\u00e7ais et en breton, inspir\u00e9 par la tradition po\u00e9tique bretonne et l\u2019influence d\u2019Auguste Brizeux. Ces po\u00e8mes refl\u00e8tent son patriotisme breton et son attachement au Tr\u00e9gor.<\/p>\n<ul>\n<li style=\"text-align: justify;\">Chants et chansons populaires de la Basse-Bretagne : Gwerziou Breiz-Izel (1868-1874, 2 volumes)<\/li>\n<\/ul>\n<p style=\"text-align: justify;\">Premier volume (1868) : Collection de complaintes (gwerzio\u00f9) recueillies en Basse-Bretagne, notamment dans le Tr\u00e9gor et le L\u00e9on. Ces chants historiques et tragiques sont transcrits avec une grande fid\u00e9lit\u00e9 \u00e0 la tradition orale.<\/p>\n<p style=\"text-align: justify;\"><strong><a href=\"https:\/\/www.amazon.fr\/Contes-traditionnels-Bretagne-Fran%C3%A7ois-Marie-Luzel\/dp\/2910699005\/ref=sr_1_1?dib=eyJ2IjoiMSJ9.-5m_KAcUtAkF00f0sQFG2ox1FlKFVz3jTugmTyqRTbKOAxQbpHOFuyKCsT2hXico_OKjzLKtj4vgTQtProv7Y9qD2U-6vYROXzDNw5UOR1fMbEu-cK1el9JNxGl-vz0rSnWTYkoFAFW_HCNNAmNMBqpc8Hl64g32Xy6bhXNtxd-2BpEO2QqYl_4bQiQiXQsSbVE5wadyIp5HNd3bo40mlExYDUXa23c4Un0BJapJSYM.d3jv-lThAcBZDYaM6vnUl0GtzNMZpFJ2Gda_XEDHM5k&amp;dib_tag=se&amp;qid=1749208880&amp;refinements=p_27%3AFran%C3%A7ois-Marie+Luzel&amp;s=books&amp;sr=1-1\">Second volume (1874)<\/a><\/strong> : Compl\u00e8te le premier avec des gwerzio\u00f9 suppl\u00e9mentaires, bien que Luzel ait omis certaines complaintes (comme celle de Skolan) pour des raisons li\u00e9es \u00e0 sa querelle avec La Villemarqu\u00e9.<\/p>\n<ul>\n<li style=\"text-align: justify;\"><strong><a href=\"https:\/\/www.amazon.fr\/Contes-populaires-Basse-Bretagne-%C3%A9dition-int%C3%A9grale\/dp\/2322380547\/ref=sr_1_1?__mk_fr_FR=%C3%85M%C3%85%C5%BD%C3%95%C3%91&amp;crid=1GMQDY6CUJVJ8&amp;dib=eyJ2IjoiMSJ9.iGMqoCJtnWUcakQKSqyF0Jct6IxVj--DvBwhhnnOkW2Rat98GV0TliR8TeeRYPXrSGs3j1LqSIDSogFI70sVMDrkLk3ABgUBpC4THDeBOv63A8eFXaWi4NBUNx37mGF9O4cCl6ZUIbfAi0XsvcvjH1c9vxftOYsljwohKIF9hCqMM_MHu6e947IakNC4e31Aw0hF2XEcItzasBtm-JnEkKzG72VlVMf6RpZLjphnkk8.SasypObqcysWZdtlLgBwjnJuVdRQn4f2BiMjkKBpBsY&amp;dib_tag=se&amp;keywords=contes+populaires+basse+bretagne+luzel&amp;qid=1749209375&amp;s=books&amp;sprefix=contes+populaires+basse+bretagne+luze%2Cstripbooks%2C344&amp;sr=1-1\">Contes populaires de Basse-Bretagne<\/a><\/strong> (1887, 3 volumes)<\/li>\n<\/ul>\n<p style=\"text-align: justify;\">Recueil de contes merveilleux, l\u00e9gendes et r\u00e9cits oraux collect\u00e9s aupr\u00e8s des conteurs et conteuses de Basse-Bretagne, comme Marguerite Philippe. Ces contes, transcrits en fran\u00e7ais, capturent la richesse des traditions bretonnes, avec des th\u00e8mes allant du surnaturel au religieux.<\/p>\n<ul>\n<li style=\"text-align: justify;\">Soniou Breiz-Izel (1890)<\/li>\n<\/ul>\n<p style=\"text-align: justify;\">Recueil de chansons populaires bretonnes, incluant des chansons d\u2019amour, des ballades et des airs festifs. Ce travail compl\u00e8te les Gwerziou en se concentrant sur des formes plus l\u00e9g\u00e8res de la tradition orale.<\/p>\n<ul>\n<li style=\"text-align: justify;\"><strong><a href=\"https:\/\/www.amazon.fr\/L%C3%A9gendes-chr%C3%A9tiennes-Basse-Bretagne-Fran%C3%A7ois-Marie-Luzel-ebook\/dp\/B0796X2TZN\/ref=sr_1_6?dib=eyJ2IjoiMSJ9.-5m_KAcUtAkF00f0sQFG2ox1FlKFVz3jTugmTyqRTbKOAxQbpHOFuyKCsT2hXico_OKjzLKtj4vgTQtProv7Y9qD2U-6vYROXzDNw5UOR1fMbEu-cK1el9JNxGl-vz0rSnWTYkoFAFW_HCNNAmNMBqpc8Hl64g32Xy6bhXNtxd-2BpEO2QqYl_4bQiQiXQsSbVE5wadyIp5HNd3bo40mlExYDUXa23c4Un0BJapJSYM.d3jv-lThAcBZDYaM6vnUl0GtzNMZpFJ2Gda_XEDHM5k&amp;dib_tag=se&amp;qid=1749208880&amp;refinements=p_27%3AFran%C3%A7ois-Marie+Luzel&amp;s=books&amp;sr=1-6\">L\u00e9gendes chr\u00e9tiennes de Basse-Bretagne<\/a><\/strong> (1881)<\/li>\n<\/ul>\n<p style=\"text-align: justify;\">Collection de r\u00e9cits oraux \u00e0 caract\u00e8re religieux, mettant en avant les croyances populaires bretonnes li\u00e9es au christianisme, comme les vies de saints ou les miracles locaux.<\/p>\n<p><strong>\u0152uvres publi\u00e9es posthum\u00e9ment<\/strong><\/p>\n<ul>\n<li><strong><a href=\"https:\/\/www.amazon.fr\/Contes-bretons-Fran%C3%A7ois-Marie-Luzel-ebook\/dp\/B00HST7H34\/ref=sr_1_1?__mk_fr_FR=%C3%85M%C3%85%C5%BD%C3%95%C3%91&amp;crid=2S4JALVEKO3RP&amp;dib=eyJ2IjoiMSJ9.Ttk39tVIO8FyJLD3yFe2IA.EaClKRBiErT9Nzevz-9siQCFQN00VOPWPyNvXAQyISQ&amp;dib_tag=se&amp;keywords=Soniou+Breiz-Izel+luzel&amp;qid=1749209403&amp;s=books&amp;sprefix=luzel%2Cstripbooks%2C573&amp;sr=1-1-catcorr\">Contes bretons<\/a><\/strong> (1911, \u00e9dit\u00e9 par Anatole Le Braz)<\/li>\n<\/ul>\n<p style=\"text-align: justify;\">Compilation de contes in\u00e9dits collect\u00e9s par Luzel, publi\u00e9s par son disciple Anatole Le Braz. Ce recueil prolonge les Contes populaires de Basse-Bretagne avec des r\u00e9cits suppl\u00e9mentaires tir\u00e9s de ses carnets.<\/p>\n<ul>\n<li style=\"text-align: justify;\"><strong><a href=\"https:\/\/www.amazon.fr\/Veill%C3%A9es-bretonnes-Fran%C3%A7ois-Marie-Luzel-ebook\/dp\/B079777SBG\/ref=sr_1_2?__mk_fr_FR=%C3%85M%C3%85%C5%BD%C3%95%C3%91&amp;crid=3GM76A8WCNXD6&amp;dib=eyJ2IjoiMSJ9.IpOkNkbzyj5Agfn3ozpG52W9UZgS_vxzw6RGlzEmKlUg1GIwA2cZp3VvvwNL7NNa4EB4_4rMEws1ZIQWCHYhRq3Pew1T4laTHxuvQskEqvk.a7nV2T2EIVCi3ar__WvP0_ZL18fHnmvYPceq_YwWIAc&amp;dib_tag=se&amp;keywords=Veill%C3%A9es+bretonnes+luzel&amp;qid=1749209498&amp;s=books&amp;sprefix=veill%C3%A9es+bretonnes+luzel%2Cstripbooks%2C623&amp;sr=1-2\">Veill\u00e9es bretonnes<\/a><\/strong> (1979, \u00e9dit\u00e9 par P\u00ear-Jakez H\u00e9lias et Donatien Laurent)<\/li>\n<\/ul>\n<p style=\"text-align: justify;\">Recueil de contes et r\u00e9cits oraux issus des manuscrits de Luzel, mettant en lumi\u00e8re son travail de collecte dans les veill\u00e9es tr\u00e9gorroises. Ce livre inclut des transcriptions en breton et des traductions en fran\u00e7ais.<\/p>\n","protected":false},"excerpt":{"rendered":"<p>Fran\u00e7ois-Marie Luzel (1821-1895), connu sous son nom breton Fa\u00f1ch an Uhel, est une figure majeure du patrimoine culturel breton, un folkloriste visionnaire et un po\u00e8te dont l\u2019\u0153uvre a pr\u00e9serv\u00e9 la richesse de la litt\u00e9rature orale de Bretagne. N\u00e9 le 6 juin 1821 au manoir de Keramborn, \u00e0 Plouaret, dans une famille de paysans ais\u00e9s du [&hellip;]<\/p>\n","protected":false},"author":1,"featured_media":4234,"comment_status":"open","ping_status":"open","sticky":false,"template":"","format":"standard","meta":{"sb_editor_width":"","footnotes":""},"categories":[58,43,74,65],"tags":[],"class_list":["post-4230","post","type-post","status-publish","format-standard","has-post-thumbnail","hentry","category-breizh","category-culture-bretonne","category-emsav","category-principale"],"relative_dates":{"created":"11 mois ago","modified":"11 mois ago"},"yoast_head":"<!-- This site is optimized with the Yoast SEO plugin v26.3 - https:\/\/yoast.com\/wordpress\/plugins\/seo\/ -->\n<title>EMSAV : 6 juin 1821, naissance de Fa\u00f1ch an Uhel, po\u00e8te et linguiste breton - STOURM<\/title>\n<meta name=\"robots\" content=\"index, follow, max-snippet:-1, max-image-preview:large, max-video-preview:-1\" \/>\n<link rel=\"canonical\" href=\"https:\/\/stourm.news\/?p=4230\" \/>\n<meta property=\"og:locale\" content=\"fr_FR\" \/>\n<meta property=\"og:type\" content=\"article\" \/>\n<meta property=\"og:title\" content=\"EMSAV : 6 juin 1821, naissance de Fa\u00f1ch an Uhel, po\u00e8te et linguiste breton - STOURM\" \/>\n<meta property=\"og:description\" content=\"Fran\u00e7ois-Marie Luzel (1821-1895), connu sous son nom breton Fa\u00f1ch an Uhel, est une figure majeure du patrimoine culturel breton, un folkloriste visionnaire et un po\u00e8te dont l\u2019\u0153uvre a pr\u00e9serv\u00e9 la richesse de la litt\u00e9rature orale de Bretagne. N\u00e9 le 6 juin 1821 au manoir de Keramborn, \u00e0 Plouaret, dans une famille de paysans ais\u00e9s du [&hellip;]\" \/>\n<meta property=\"og:url\" content=\"https:\/\/stourm.news\/?p=4230\" \/>\n<meta property=\"og:site_name\" content=\"STOURM\" \/>\n<meta property=\"article:publisher\" content=\"https:\/\/www.facebook.com\/stourmnews\/\" \/>\n<meta property=\"article:published_time\" content=\"2025-06-06T11:37:34+00:00\" \/>\n<meta property=\"og:image\" content=\"https:\/\/stourm.news\/wp-content\/uploads\/2025\/06\/banniere_20.jpg\" \/>\n\t<meta property=\"og:image:width\" content=\"1450\" \/>\n\t<meta property=\"og:image:height\" content=\"827\" \/>\n\t<meta property=\"og:image:type\" content=\"image\/jpeg\" \/>\n<meta name=\"author\" content=\"La r\u00e9daction\" \/>\n<meta name=\"twitter:card\" content=\"summary_large_image\" \/>\n<meta name=\"twitter:label1\" content=\"\u00c9crit par\" \/>\n\t<meta name=\"twitter:data1\" content=\"La r\u00e9daction\" \/>\n\t<meta name=\"twitter:label2\" content=\"Dur\u00e9e de lecture estim\u00e9e\" \/>\n\t<meta name=\"twitter:data2\" content=\"8 minutes\" \/>\n<script type=\"application\/ld+json\" class=\"yoast-schema-graph\">{\"@context\":\"https:\/\/schema.org\",\"@graph\":[{\"@type\":\"Article\",\"@id\":\"https:\/\/stourm.news\/?p=4230#article\",\"isPartOf\":{\"@id\":\"https:\/\/stourm.news\/?p=4230\"},\"author\":{\"name\":\"La r\u00e9daction\",\"@id\":\"https:\/\/stourm.news\/#\/schema\/person\/c3e1dc65988632e190969234ef046cf9\"},\"headline\":\"EMSAV : 6 juin 1821, naissance de Fa\u00f1ch an Uhel, po\u00e8te et linguiste breton\",\"datePublished\":\"2025-06-06T11:37:34+00:00\",\"mainEntityOfPage\":{\"@id\":\"https:\/\/stourm.news\/?p=4230\"},\"wordCount\":1602,\"commentCount\":0,\"publisher\":{\"@id\":\"https:\/\/stourm.news\/#organization\"},\"image\":{\"@id\":\"https:\/\/stourm.news\/?p=4230#primaryimage\"},\"thumbnailUrl\":\"https:\/\/stourm.news\/wp-content\/uploads\/2025\/06\/banniere_20.jpg\",\"articleSection\":[\"Breizh\",\"Culture bretonne\",\"Emsav\",\"Principale\"],\"inLanguage\":\"fr-FR\",\"potentialAction\":[{\"@type\":\"CommentAction\",\"name\":\"Comment\",\"target\":[\"https:\/\/stourm.news\/?p=4230#respond\"]}]},{\"@type\":\"WebPage\",\"@id\":\"https:\/\/stourm.news\/?p=4230\",\"url\":\"https:\/\/stourm.news\/?p=4230\",\"name\":\"EMSAV : 6 juin 1821, naissance de Fa\u00f1ch an Uhel, po\u00e8te et linguiste breton - STOURM\",\"isPartOf\":{\"@id\":\"https:\/\/stourm.news\/#website\"},\"primaryImageOfPage\":{\"@id\":\"https:\/\/stourm.news\/?p=4230#primaryimage\"},\"image\":{\"@id\":\"https:\/\/stourm.news\/?p=4230#primaryimage\"},\"thumbnailUrl\":\"https:\/\/stourm.news\/wp-content\/uploads\/2025\/06\/banniere_20.jpg\",\"datePublished\":\"2025-06-06T11:37:34+00:00\",\"breadcrumb\":{\"@id\":\"https:\/\/stourm.news\/?p=4230#breadcrumb\"},\"inLanguage\":\"fr-FR\",\"potentialAction\":[{\"@type\":\"ReadAction\",\"target\":[\"https:\/\/stourm.news\/?p=4230\"]}]},{\"@type\":\"ImageObject\",\"inLanguage\":\"fr-FR\",\"@id\":\"https:\/\/stourm.news\/?p=4230#primaryimage\",\"url\":\"https:\/\/stourm.news\/wp-content\/uploads\/2025\/06\/banniere_20.jpg\",\"contentUrl\":\"https:\/\/stourm.news\/wp-content\/uploads\/2025\/06\/banniere_20.jpg\",\"width\":1450,\"height\":827},{\"@type\":\"BreadcrumbList\",\"@id\":\"https:\/\/stourm.news\/?p=4230#breadcrumb\",\"itemListElement\":[{\"@type\":\"ListItem\",\"position\":1,\"name\":\"Accueil\",\"item\":\"https:\/\/stourm.news\/\"},{\"@type\":\"ListItem\",\"position\":2,\"name\":\"EMSAV : 6 juin 1821, naissance de Fa\u00f1ch an Uhel, po\u00e8te et linguiste breton\"}]},{\"@type\":\"WebSite\",\"@id\":\"https:\/\/stourm.news\/#website\",\"url\":\"https:\/\/stourm.news\/\",\"name\":\"Stourm\",\"description\":\"Kazetenn Strollad Broadel Breizh\",\"publisher\":{\"@id\":\"https:\/\/stourm.news\/#organization\"},\"potentialAction\":[{\"@type\":\"SearchAction\",\"target\":{\"@type\":\"EntryPoint\",\"urlTemplate\":\"https:\/\/stourm.news\/?s={search_term_string}\"},\"query-input\":{\"@type\":\"PropertyValueSpecification\",\"valueRequired\":true,\"valueName\":\"search_term_string\"}}],\"inLanguage\":\"fr-FR\"},{\"@type\":\"Organization\",\"@id\":\"https:\/\/stourm.news\/#organization\",\"name\":\"Stourm\",\"url\":\"https:\/\/stourm.news\/\",\"logo\":{\"@type\":\"ImageObject\",\"inLanguage\":\"fr-FR\",\"@id\":\"https:\/\/stourm.news\/#\/schema\/logo\/image\/\",\"url\":\"https:\/\/stourm.news\/wp-content\/uploads\/2025\/11\/cropped-Capture-decran-2025-11-28-a-15.19.07.png\",\"contentUrl\":\"https:\/\/stourm.news\/wp-content\/uploads\/2025\/11\/cropped-Capture-decran-2025-11-28-a-15.19.07.png\",\"width\":1855,\"height\":383,\"caption\":\"Stourm\"},\"image\":{\"@id\":\"https:\/\/stourm.news\/#\/schema\/logo\/image\/\"},\"sameAs\":[\"https:\/\/www.facebook.com\/stourmnews\/\"]},{\"@type\":\"Person\",\"@id\":\"https:\/\/stourm.news\/#\/schema\/person\/c3e1dc65988632e190969234ef046cf9\",\"name\":\"La r\u00e9daction\",\"image\":{\"@type\":\"ImageObject\",\"inLanguage\":\"fr-FR\",\"@id\":\"https:\/\/stourm.news\/#\/schema\/person\/image\/\",\"url\":\"https:\/\/secure.gravatar.com\/avatar\/7463443f194b6b5fb706b074ca0ef59a0cfcfd720cb47764b0ec5a952ce422b3?s=96&d=mm&r=g\",\"contentUrl\":\"https:\/\/secure.gravatar.com\/avatar\/7463443f194b6b5fb706b074ca0ef59a0cfcfd720cb47764b0ec5a952ce422b3?s=96&d=mm&r=g\",\"caption\":\"La r\u00e9daction\"},\"sameAs\":[\"https:\/\/stourm.news\"],\"url\":\"https:\/\/stourm.news\/?author=1\"}]}<\/script>\n<!-- \/ Yoast SEO plugin. -->","yoast_head_json":{"title":"EMSAV : 6 juin 1821, naissance de Fa\u00f1ch an Uhel, po\u00e8te et linguiste breton - STOURM","robots":{"index":"index","follow":"follow","max-snippet":"max-snippet:-1","max-image-preview":"max-image-preview:large","max-video-preview":"max-video-preview:-1"},"canonical":"https:\/\/stourm.news\/?p=4230","og_locale":"fr_FR","og_type":"article","og_title":"EMSAV : 6 juin 1821, naissance de Fa\u00f1ch an Uhel, po\u00e8te et linguiste breton - STOURM","og_description":"Fran\u00e7ois-Marie Luzel (1821-1895), connu sous son nom breton Fa\u00f1ch an Uhel, est une figure majeure du patrimoine culturel breton, un folkloriste visionnaire et un po\u00e8te dont l\u2019\u0153uvre a pr\u00e9serv\u00e9 la richesse de la litt\u00e9rature orale de Bretagne. N\u00e9 le 6 juin 1821 au manoir de Keramborn, \u00e0 Plouaret, dans une famille de paysans ais\u00e9s du [&hellip;]","og_url":"https:\/\/stourm.news\/?p=4230","og_site_name":"STOURM","article_publisher":"https:\/\/www.facebook.com\/stourmnews\/","article_published_time":"2025-06-06T11:37:34+00:00","og_image":[{"width":1450,"height":827,"url":"https:\/\/stourm.news\/wp-content\/uploads\/2025\/06\/banniere_20.jpg","type":"image\/jpeg"}],"author":"La r\u00e9daction","twitter_card":"summary_large_image","twitter_misc":{"\u00c9crit par":"La r\u00e9daction","Dur\u00e9e de lecture estim\u00e9e":"8 minutes"},"schema":{"@context":"https:\/\/schema.org","@graph":[{"@type":"Article","@id":"https:\/\/stourm.news\/?p=4230#article","isPartOf":{"@id":"https:\/\/stourm.news\/?p=4230"},"author":{"name":"La r\u00e9daction","@id":"https:\/\/stourm.news\/#\/schema\/person\/c3e1dc65988632e190969234ef046cf9"},"headline":"EMSAV : 6 juin 1821, naissance de Fa\u00f1ch an Uhel, po\u00e8te et linguiste breton","datePublished":"2025-06-06T11:37:34+00:00","mainEntityOfPage":{"@id":"https:\/\/stourm.news\/?p=4230"},"wordCount":1602,"commentCount":0,"publisher":{"@id":"https:\/\/stourm.news\/#organization"},"image":{"@id":"https:\/\/stourm.news\/?p=4230#primaryimage"},"thumbnailUrl":"https:\/\/stourm.news\/wp-content\/uploads\/2025\/06\/banniere_20.jpg","articleSection":["Breizh","Culture bretonne","Emsav","Principale"],"inLanguage":"fr-FR","potentialAction":[{"@type":"CommentAction","name":"Comment","target":["https:\/\/stourm.news\/?p=4230#respond"]}]},{"@type":"WebPage","@id":"https:\/\/stourm.news\/?p=4230","url":"https:\/\/stourm.news\/?p=4230","name":"EMSAV : 6 juin 1821, naissance de Fa\u00f1ch an Uhel, po\u00e8te et linguiste breton - STOURM","isPartOf":{"@id":"https:\/\/stourm.news\/#website"},"primaryImageOfPage":{"@id":"https:\/\/stourm.news\/?p=4230#primaryimage"},"image":{"@id":"https:\/\/stourm.news\/?p=4230#primaryimage"},"thumbnailUrl":"https:\/\/stourm.news\/wp-content\/uploads\/2025\/06\/banniere_20.jpg","datePublished":"2025-06-06T11:37:34+00:00","breadcrumb":{"@id":"https:\/\/stourm.news\/?p=4230#breadcrumb"},"inLanguage":"fr-FR","potentialAction":[{"@type":"ReadAction","target":["https:\/\/stourm.news\/?p=4230"]}]},{"@type":"ImageObject","inLanguage":"fr-FR","@id":"https:\/\/stourm.news\/?p=4230#primaryimage","url":"https:\/\/stourm.news\/wp-content\/uploads\/2025\/06\/banniere_20.jpg","contentUrl":"https:\/\/stourm.news\/wp-content\/uploads\/2025\/06\/banniere_20.jpg","width":1450,"height":827},{"@type":"BreadcrumbList","@id":"https:\/\/stourm.news\/?p=4230#breadcrumb","itemListElement":[{"@type":"ListItem","position":1,"name":"Accueil","item":"https:\/\/stourm.news\/"},{"@type":"ListItem","position":2,"name":"EMSAV : 6 juin 1821, naissance de Fa\u00f1ch an Uhel, po\u00e8te et linguiste breton"}]},{"@type":"WebSite","@id":"https:\/\/stourm.news\/#website","url":"https:\/\/stourm.news\/","name":"Stourm","description":"Kazetenn Strollad Broadel Breizh","publisher":{"@id":"https:\/\/stourm.news\/#organization"},"potentialAction":[{"@type":"SearchAction","target":{"@type":"EntryPoint","urlTemplate":"https:\/\/stourm.news\/?s={search_term_string}"},"query-input":{"@type":"PropertyValueSpecification","valueRequired":true,"valueName":"search_term_string"}}],"inLanguage":"fr-FR"},{"@type":"Organization","@id":"https:\/\/stourm.news\/#organization","name":"Stourm","url":"https:\/\/stourm.news\/","logo":{"@type":"ImageObject","inLanguage":"fr-FR","@id":"https:\/\/stourm.news\/#\/schema\/logo\/image\/","url":"https:\/\/stourm.news\/wp-content\/uploads\/2025\/11\/cropped-Capture-decran-2025-11-28-a-15.19.07.png","contentUrl":"https:\/\/stourm.news\/wp-content\/uploads\/2025\/11\/cropped-Capture-decran-2025-11-28-a-15.19.07.png","width":1855,"height":383,"caption":"Stourm"},"image":{"@id":"https:\/\/stourm.news\/#\/schema\/logo\/image\/"},"sameAs":["https:\/\/www.facebook.com\/stourmnews\/"]},{"@type":"Person","@id":"https:\/\/stourm.news\/#\/schema\/person\/c3e1dc65988632e190969234ef046cf9","name":"La r\u00e9daction","image":{"@type":"ImageObject","inLanguage":"fr-FR","@id":"https:\/\/stourm.news\/#\/schema\/person\/image\/","url":"https:\/\/secure.gravatar.com\/avatar\/7463443f194b6b5fb706b074ca0ef59a0cfcfd720cb47764b0ec5a952ce422b3?s=96&d=mm&r=g","contentUrl":"https:\/\/secure.gravatar.com\/avatar\/7463443f194b6b5fb706b074ca0ef59a0cfcfd720cb47764b0ec5a952ce422b3?s=96&d=mm&r=g","caption":"La r\u00e9daction"},"sameAs":["https:\/\/stourm.news"],"url":"https:\/\/stourm.news\/?author=1"}]}},"_links":{"self":[{"href":"https:\/\/stourm.news\/index.php?rest_route=\/wp\/v2\/posts\/4230","targetHints":{"allow":["GET"]}}],"collection":[{"href":"https:\/\/stourm.news\/index.php?rest_route=\/wp\/v2\/posts"}],"about":[{"href":"https:\/\/stourm.news\/index.php?rest_route=\/wp\/v2\/types\/post"}],"author":[{"embeddable":true,"href":"https:\/\/stourm.news\/index.php?rest_route=\/wp\/v2\/users\/1"}],"replies":[{"embeddable":true,"href":"https:\/\/stourm.news\/index.php?rest_route=%2Fwp%2Fv2%2Fcomments&post=4230"}],"version-history":[{"count":1,"href":"https:\/\/stourm.news\/index.php?rest_route=\/wp\/v2\/posts\/4230\/revisions"}],"predecessor-version":[{"id":4235,"href":"https:\/\/stourm.news\/index.php?rest_route=\/wp\/v2\/posts\/4230\/revisions\/4235"}],"wp:featuredmedia":[{"embeddable":true,"href":"https:\/\/stourm.news\/index.php?rest_route=\/wp\/v2\/media\/4234"}],"wp:attachment":[{"href":"https:\/\/stourm.news\/index.php?rest_route=%2Fwp%2Fv2%2Fmedia&parent=4230"}],"wp:term":[{"taxonomy":"category","embeddable":true,"href":"https:\/\/stourm.news\/index.php?rest_route=%2Fwp%2Fv2%2Fcategories&post=4230"},{"taxonomy":"post_tag","embeddable":true,"href":"https:\/\/stourm.news\/index.php?rest_route=%2Fwp%2Fv2%2Ftags&post=4230"}],"curies":[{"name":"wp","href":"https:\/\/api.w.org\/{rel}","templated":true}]}}