{"id":4231,"date":"2025-06-06T11:00:56","date_gmt":"2025-06-06T11:00:56","guid":{"rendered":"https:\/\/stourm.news\/?p=4231"},"modified":"2025-06-06T11:00:56","modified_gmt":"2025-06-06T11:00:56","slug":"brest-un-homme-recoit-8-coups-de-couteau-dans-le-quartier-multiculturel-de-bellevue","status":"publish","type":"post","link":"https:\/\/stourm.news\/?p=4231","title":{"rendered":"Brest : un homme re\u00e7oit 8 coups de couteau dans le quartier multiculturel de Bellevue"},"content":{"rendered":"<p style=\"text-align: justify;\">Le mercredi 4 juin 2025, vers 11h, un homme a \u00e9t\u00e9 gri\u00e8vement bless\u00e9 apr\u00e8s avoir re\u00e7u <strong>huit coups de couteau<\/strong> dans le quartier multiculturel de Bellevue \u00e0 Brest, dans le Finist\u00e8re.<\/p>\n<p style=\"text-align: justify;\">Selon <strong><a href=\"https:\/\/www.letelegramme.fr\/finistere\/brest-29200\/a-brest-un-homme-poignarde-huit-fois-dans-le-quartier-de-bellevue-6830910.php\">Le T\u00e9l\u00e9gramme<\/a><\/strong>, \u00ab un homme a \u00e9t\u00e9 interpell\u00e9 et plac\u00e9 en garde \u00e0 vue mercredi 4 juin 2025 \u00e0 Brest. La police le soup\u00e7onne d\u2019\u00eatre l\u2019auteur de huit coups de couteau sur un voisin dans son immeuble du quartier de Bellevue vers 11 h ce mercredi, comme r\u00e9v\u00e9l\u00e9 par nos confr\u00e8res de Ouest-France. \u00bb L\u2019agression, survenue dans un immeuble, serait li\u00e9e \u00e0 un conflit entre voisins sur fond de dette d\u2019argent, selon des sources proches de l\u2019enqu\u00eate.<\/p>\n<p style=\"text-align: justify;\">La victime, touch\u00e9e notamment \u00e0 un poumon, a \u00e9t\u00e9 transport\u00e9e \u00e0 l\u2019h\u00f4pital dans un \u00e9tat grave, mais son pronostic vital n\u2019\u00e9tait plus engag\u00e9 le soir du jeudi 5 juin. Un suspect, un voisin, a \u00e9t\u00e9 interpell\u00e9 et plac\u00e9 en garde \u00e0 vue.<\/p>\n<p style=\"text-align: justify;\">Cet acte violent s\u2019inscrit dans un contexte de tensions dans le quartier multiethnique de Bellevue, d\u00e9j\u00e0 marqu\u00e9 par des incidents r\u00e9cents, comme des caillassages et des incendies volontaires.<\/p>\n<p style=\"text-align: right;\"><strong>Ewen Broc&rsquo;han<\/strong><\/p>\n","protected":false},"excerpt":{"rendered":"<p>Le mercredi 4 juin 2025, vers 11h, un homme a \u00e9t\u00e9 gri\u00e8vement bless\u00e9 apr\u00e8s avoir re\u00e7u huit coups de couteau dans le quartier multiculturel de Bellevue \u00e0 Brest, dans le Finist\u00e8re. Selon Le T\u00e9l\u00e9gramme, \u00ab un homme a \u00e9t\u00e9 interpell\u00e9 et plac\u00e9 en garde \u00e0 vue mercredi 4 juin 2025 \u00e0 Brest. La police le [&hellip;]<\/p>\n","protected":false},"author":1,"featured_media":4232,"comment_status":"open","ping_status":"open","sticky":false,"template":"","format":"standard","meta":{"sb_editor_width":"","footnotes":""},"categories":[31,38,62],"tags":[],"class_list":["post-4231","post","type-post","status-publish","format-standard","has-post-thumbnail","hentry","category-agression","category-finistere","category-revue-de-presse"],"relative_dates":{"created":"11 mois ago","modified":"11 mois ago"},"yoast_head":"<!-- This site is optimized with the Yoast SEO plugin v26.3 - https:\/\/yoast.com\/wordpress\/plugins\/seo\/ -->\n<title>Brest : un homme re\u00e7oit 8 coups de couteau dans le quartier multiculturel de Bellevue - STOURM<\/title>\n<meta name=\"robots\" content=\"index, follow, max-snippet:-1, max-image-preview:large, max-video-preview:-1\" \/>\n<link rel=\"canonical\" href=\"https:\/\/stourm.news\/?p=4231\" \/>\n<meta property=\"og:locale\" content=\"fr_FR\" \/>\n<meta property=\"og:type\" content=\"article\" \/>\n<meta property=\"og:title\" content=\"Brest : un homme re\u00e7oit 8 coups de couteau dans le quartier multiculturel de Bellevue - STOURM\" \/>\n<meta property=\"og:description\" content=\"Le mercredi 4 juin 2025, vers 11h, un homme a \u00e9t\u00e9 gri\u00e8vement bless\u00e9 apr\u00e8s avoir re\u00e7u huit coups de couteau dans le quartier multiculturel de Bellevue \u00e0 Brest, dans le Finist\u00e8re. Selon Le T\u00e9l\u00e9gramme, \u00ab un homme a \u00e9t\u00e9 interpell\u00e9 et plac\u00e9 en garde \u00e0 vue mercredi 4 juin 2025 \u00e0 Brest. La police le [&hellip;]\" \/>\n<meta property=\"og:url\" content=\"https:\/\/stourm.news\/?p=4231\" \/>\n<meta property=\"og:site_name\" content=\"STOURM\" \/>\n<meta property=\"article:publisher\" content=\"https:\/\/www.facebook.com\/stourmnews\/\" \/>\n<meta property=\"article:published_time\" content=\"2025-06-06T11:00:56+00:00\" \/>\n<meta property=\"og:image\" content=\"https:\/\/stourm.news\/wp-content\/uploads\/2025\/06\/Bellevue-scaled-1.jpg\" \/>\n\t<meta property=\"og:image:width\" content=\"2560\" \/>\n\t<meta property=\"og:image:height\" content=\"1707\" \/>\n\t<meta property=\"og:image:type\" content=\"image\/jpeg\" \/>\n<meta name=\"author\" content=\"La r\u00e9daction\" \/>\n<meta name=\"twitter:card\" content=\"summary_large_image\" \/>\n<meta name=\"twitter:label1\" content=\"\u00c9crit par\" \/>\n\t<meta name=\"twitter:data1\" content=\"La r\u00e9daction\" \/>\n\t<meta name=\"twitter:label2\" content=\"Dur\u00e9e de lecture estim\u00e9e\" \/>\n\t<meta name=\"twitter:data2\" content=\"1 minute\" \/>\n<script type=\"application\/ld+json\" class=\"yoast-schema-graph\">{\"@context\":\"https:\/\/schema.org\",\"@graph\":[{\"@type\":\"Article\",\"@id\":\"https:\/\/stourm.news\/?p=4231#article\",\"isPartOf\":{\"@id\":\"https:\/\/stourm.news\/?p=4231\"},\"author\":{\"name\":\"La r\u00e9daction\",\"@id\":\"https:\/\/stourm.news\/#\/schema\/person\/c3e1dc65988632e190969234ef046cf9\"},\"headline\":\"Brest : un homme re\u00e7oit 8 coups de couteau dans le quartier multiculturel de Bellevue\",\"datePublished\":\"2025-06-06T11:00:56+00:00\",\"mainEntityOfPage\":{\"@id\":\"https:\/\/stourm.news\/?p=4231\"},\"wordCount\":206,\"commentCount\":0,\"publisher\":{\"@id\":\"https:\/\/stourm.news\/#organization\"},\"image\":{\"@id\":\"https:\/\/stourm.news\/?p=4231#primaryimage\"},\"thumbnailUrl\":\"https:\/\/stourm.news\/wp-content\/uploads\/2025\/06\/Bellevue-scaled-1.jpg\",\"articleSection\":[\"Agression\",\"Finist\u00e8re\",\"Revue de presse\"],\"inLanguage\":\"fr-FR\",\"potentialAction\":[{\"@type\":\"CommentAction\",\"name\":\"Comment\",\"target\":[\"https:\/\/stourm.news\/?p=4231#respond\"]}]},{\"@type\":\"WebPage\",\"@id\":\"https:\/\/stourm.news\/?p=4231\",\"url\":\"https:\/\/stourm.news\/?p=4231\",\"name\":\"Brest : un homme re\u00e7oit 8 coups de couteau dans le quartier multiculturel de Bellevue - STOURM\",\"isPartOf\":{\"@id\":\"https:\/\/stourm.news\/#website\"},\"primaryImageOfPage\":{\"@id\":\"https:\/\/stourm.news\/?p=4231#primaryimage\"},\"image\":{\"@id\":\"https:\/\/stourm.news\/?p=4231#primaryimage\"},\"thumbnailUrl\":\"https:\/\/stourm.news\/wp-content\/uploads\/2025\/06\/Bellevue-scaled-1.jpg\",\"datePublished\":\"2025-06-06T11:00:56+00:00\",\"breadcrumb\":{\"@id\":\"https:\/\/stourm.news\/?p=4231#breadcrumb\"},\"inLanguage\":\"fr-FR\",\"potentialAction\":[{\"@type\":\"ReadAction\",\"target\":[\"https:\/\/stourm.news\/?p=4231\"]}]},{\"@type\":\"ImageObject\",\"inLanguage\":\"fr-FR\",\"@id\":\"https:\/\/stourm.news\/?p=4231#primaryimage\",\"url\":\"https:\/\/stourm.news\/wp-content\/uploads\/2025\/06\/Bellevue-scaled-1.jpg\",\"contentUrl\":\"https:\/\/stourm.news\/wp-content\/uploads\/2025\/06\/Bellevue-scaled-1.jpg\",\"width\":2560,\"height\":1707},{\"@type\":\"BreadcrumbList\",\"@id\":\"https:\/\/stourm.news\/?p=4231#breadcrumb\",\"itemListElement\":[{\"@type\":\"ListItem\",\"position\":1,\"name\":\"Accueil\",\"item\":\"https:\/\/stourm.news\/\"},{\"@type\":\"ListItem\",\"position\":2,\"name\":\"Brest : un homme re\u00e7oit 8 coups de couteau dans le quartier multiculturel de Bellevue\"}]},{\"@type\":\"WebSite\",\"@id\":\"https:\/\/stourm.news\/#website\",\"url\":\"https:\/\/stourm.news\/\",\"name\":\"Stourm\",\"description\":\"Kazetenn Strollad Broadel Breizh\",\"publisher\":{\"@id\":\"https:\/\/stourm.news\/#organization\"},\"potentialAction\":[{\"@type\":\"SearchAction\",\"target\":{\"@type\":\"EntryPoint\",\"urlTemplate\":\"https:\/\/stourm.news\/?s={search_term_string}\"},\"query-input\":{\"@type\":\"PropertyValueSpecification\",\"valueRequired\":true,\"valueName\":\"search_term_string\"}}],\"inLanguage\":\"fr-FR\"},{\"@type\":\"Organization\",\"@id\":\"https:\/\/stourm.news\/#organization\",\"name\":\"Stourm\",\"url\":\"https:\/\/stourm.news\/\",\"logo\":{\"@type\":\"ImageObject\",\"inLanguage\":\"fr-FR\",\"@id\":\"https:\/\/stourm.news\/#\/schema\/logo\/image\/\",\"url\":\"https:\/\/stourm.news\/wp-content\/uploads\/2025\/11\/cropped-Capture-decran-2025-11-28-a-15.19.07.png\",\"contentUrl\":\"https:\/\/stourm.news\/wp-content\/uploads\/2025\/11\/cropped-Capture-decran-2025-11-28-a-15.19.07.png\",\"width\":1855,\"height\":383,\"caption\":\"Stourm\"},\"image\":{\"@id\":\"https:\/\/stourm.news\/#\/schema\/logo\/image\/\"},\"sameAs\":[\"https:\/\/www.facebook.com\/stourmnews\/\"]},{\"@type\":\"Person\",\"@id\":\"https:\/\/stourm.news\/#\/schema\/person\/c3e1dc65988632e190969234ef046cf9\",\"name\":\"La r\u00e9daction\",\"image\":{\"@type\":\"ImageObject\",\"inLanguage\":\"fr-FR\",\"@id\":\"https:\/\/stourm.news\/#\/schema\/person\/image\/\",\"url\":\"https:\/\/secure.gravatar.com\/avatar\/7463443f194b6b5fb706b074ca0ef59a0cfcfd720cb47764b0ec5a952ce422b3?s=96&d=mm&r=g\",\"contentUrl\":\"https:\/\/secure.gravatar.com\/avatar\/7463443f194b6b5fb706b074ca0ef59a0cfcfd720cb47764b0ec5a952ce422b3?s=96&d=mm&r=g\",\"caption\":\"La r\u00e9daction\"},\"sameAs\":[\"https:\/\/stourm.news\"],\"url\":\"https:\/\/stourm.news\/?author=1\"}]}<\/script>\n<!-- \/ Yoast SEO plugin. -->","yoast_head_json":{"title":"Brest : un homme re\u00e7oit 8 coups de couteau dans le quartier multiculturel de Bellevue - STOURM","robots":{"index":"index","follow":"follow","max-snippet":"max-snippet:-1","max-image-preview":"max-image-preview:large","max-video-preview":"max-video-preview:-1"},"canonical":"https:\/\/stourm.news\/?p=4231","og_locale":"fr_FR","og_type":"article","og_title":"Brest : un homme re\u00e7oit 8 coups de couteau dans le quartier multiculturel de Bellevue - STOURM","og_description":"Le mercredi 4 juin 2025, vers 11h, un homme a \u00e9t\u00e9 gri\u00e8vement bless\u00e9 apr\u00e8s avoir re\u00e7u huit coups de couteau dans le quartier multiculturel de Bellevue \u00e0 Brest, dans le Finist\u00e8re. Selon Le T\u00e9l\u00e9gramme, \u00ab un homme a \u00e9t\u00e9 interpell\u00e9 et plac\u00e9 en garde \u00e0 vue mercredi 4 juin 2025 \u00e0 Brest. La police le [&hellip;]","og_url":"https:\/\/stourm.news\/?p=4231","og_site_name":"STOURM","article_publisher":"https:\/\/www.facebook.com\/stourmnews\/","article_published_time":"2025-06-06T11:00:56+00:00","og_image":[{"width":2560,"height":1707,"url":"https:\/\/stourm.news\/wp-content\/uploads\/2025\/06\/Bellevue-scaled-1.jpg","type":"image\/jpeg"}],"author":"La r\u00e9daction","twitter_card":"summary_large_image","twitter_misc":{"\u00c9crit par":"La r\u00e9daction","Dur\u00e9e de lecture estim\u00e9e":"1 minute"},"schema":{"@context":"https:\/\/schema.org","@graph":[{"@type":"Article","@id":"https:\/\/stourm.news\/?p=4231#article","isPartOf":{"@id":"https:\/\/stourm.news\/?p=4231"},"author":{"name":"La r\u00e9daction","@id":"https:\/\/stourm.news\/#\/schema\/person\/c3e1dc65988632e190969234ef046cf9"},"headline":"Brest : un homme re\u00e7oit 8 coups de couteau dans le quartier multiculturel de Bellevue","datePublished":"2025-06-06T11:00:56+00:00","mainEntityOfPage":{"@id":"https:\/\/stourm.news\/?p=4231"},"wordCount":206,"commentCount":0,"publisher":{"@id":"https:\/\/stourm.news\/#organization"},"image":{"@id":"https:\/\/stourm.news\/?p=4231#primaryimage"},"thumbnailUrl":"https:\/\/stourm.news\/wp-content\/uploads\/2025\/06\/Bellevue-scaled-1.jpg","articleSection":["Agression","Finist\u00e8re","Revue de presse"],"inLanguage":"fr-FR","potentialAction":[{"@type":"CommentAction","name":"Comment","target":["https:\/\/stourm.news\/?p=4231#respond"]}]},{"@type":"WebPage","@id":"https:\/\/stourm.news\/?p=4231","url":"https:\/\/stourm.news\/?p=4231","name":"Brest : un homme re\u00e7oit 8 coups de couteau dans le quartier multiculturel de Bellevue - STOURM","isPartOf":{"@id":"https:\/\/stourm.news\/#website"},"primaryImageOfPage":{"@id":"https:\/\/stourm.news\/?p=4231#primaryimage"},"image":{"@id":"https:\/\/stourm.news\/?p=4231#primaryimage"},"thumbnailUrl":"https:\/\/stourm.news\/wp-content\/uploads\/2025\/06\/Bellevue-scaled-1.jpg","datePublished":"2025-06-06T11:00:56+00:00","breadcrumb":{"@id":"https:\/\/stourm.news\/?p=4231#breadcrumb"},"inLanguage":"fr-FR","potentialAction":[{"@type":"ReadAction","target":["https:\/\/stourm.news\/?p=4231"]}]},{"@type":"ImageObject","inLanguage":"fr-FR","@id":"https:\/\/stourm.news\/?p=4231#primaryimage","url":"https:\/\/stourm.news\/wp-content\/uploads\/2025\/06\/Bellevue-scaled-1.jpg","contentUrl":"https:\/\/stourm.news\/wp-content\/uploads\/2025\/06\/Bellevue-scaled-1.jpg","width":2560,"height":1707},{"@type":"BreadcrumbList","@id":"https:\/\/stourm.news\/?p=4231#breadcrumb","itemListElement":[{"@type":"ListItem","position":1,"name":"Accueil","item":"https:\/\/stourm.news\/"},{"@type":"ListItem","position":2,"name":"Brest : un homme re\u00e7oit 8 coups de couteau dans le quartier multiculturel de Bellevue"}]},{"@type":"WebSite","@id":"https:\/\/stourm.news\/#website","url":"https:\/\/stourm.news\/","name":"Stourm","description":"Kazetenn Strollad Broadel Breizh","publisher":{"@id":"https:\/\/stourm.news\/#organization"},"potentialAction":[{"@type":"SearchAction","target":{"@type":"EntryPoint","urlTemplate":"https:\/\/stourm.news\/?s={search_term_string}"},"query-input":{"@type":"PropertyValueSpecification","valueRequired":true,"valueName":"search_term_string"}}],"inLanguage":"fr-FR"},{"@type":"Organization","@id":"https:\/\/stourm.news\/#organization","name":"Stourm","url":"https:\/\/stourm.news\/","logo":{"@type":"ImageObject","inLanguage":"fr-FR","@id":"https:\/\/stourm.news\/#\/schema\/logo\/image\/","url":"https:\/\/stourm.news\/wp-content\/uploads\/2025\/11\/cropped-Capture-decran-2025-11-28-a-15.19.07.png","contentUrl":"https:\/\/stourm.news\/wp-content\/uploads\/2025\/11\/cropped-Capture-decran-2025-11-28-a-15.19.07.png","width":1855,"height":383,"caption":"Stourm"},"image":{"@id":"https:\/\/stourm.news\/#\/schema\/logo\/image\/"},"sameAs":["https:\/\/www.facebook.com\/stourmnews\/"]},{"@type":"Person","@id":"https:\/\/stourm.news\/#\/schema\/person\/c3e1dc65988632e190969234ef046cf9","name":"La r\u00e9daction","image":{"@type":"ImageObject","inLanguage":"fr-FR","@id":"https:\/\/stourm.news\/#\/schema\/person\/image\/","url":"https:\/\/secure.gravatar.com\/avatar\/7463443f194b6b5fb706b074ca0ef59a0cfcfd720cb47764b0ec5a952ce422b3?s=96&d=mm&r=g","contentUrl":"https:\/\/secure.gravatar.com\/avatar\/7463443f194b6b5fb706b074ca0ef59a0cfcfd720cb47764b0ec5a952ce422b3?s=96&d=mm&r=g","caption":"La r\u00e9daction"},"sameAs":["https:\/\/stourm.news"],"url":"https:\/\/stourm.news\/?author=1"}]}},"_links":{"self":[{"href":"https:\/\/stourm.news\/index.php?rest_route=\/wp\/v2\/posts\/4231","targetHints":{"allow":["GET"]}}],"collection":[{"href":"https:\/\/stourm.news\/index.php?rest_route=\/wp\/v2\/posts"}],"about":[{"href":"https:\/\/stourm.news\/index.php?rest_route=\/wp\/v2\/types\/post"}],"author":[{"embeddable":true,"href":"https:\/\/stourm.news\/index.php?rest_route=\/wp\/v2\/users\/1"}],"replies":[{"embeddable":true,"href":"https:\/\/stourm.news\/index.php?rest_route=%2Fwp%2Fv2%2Fcomments&post=4231"}],"version-history":[{"count":1,"href":"https:\/\/stourm.news\/index.php?rest_route=\/wp\/v2\/posts\/4231\/revisions"}],"predecessor-version":[{"id":4233,"href":"https:\/\/stourm.news\/index.php?rest_route=\/wp\/v2\/posts\/4231\/revisions\/4233"}],"wp:featuredmedia":[{"embeddable":true,"href":"https:\/\/stourm.news\/index.php?rest_route=\/wp\/v2\/media\/4232"}],"wp:attachment":[{"href":"https:\/\/stourm.news\/index.php?rest_route=%2Fwp%2Fv2%2Fmedia&parent=4231"}],"wp:term":[{"taxonomy":"category","embeddable":true,"href":"https:\/\/stourm.news\/index.php?rest_route=%2Fwp%2Fv2%2Fcategories&post=4231"},{"taxonomy":"post_tag","embeddable":true,"href":"https:\/\/stourm.news\/index.php?rest_route=%2Fwp%2Fv2%2Ftags&post=4231"}],"curies":[{"name":"wp","href":"https:\/\/api.w.org\/{rel}","templated":true}]}}