{"id":4238,"date":"2025-06-09T13:32:28","date_gmt":"2025-06-09T13:32:28","guid":{"rendered":"https:\/\/stourm.news\/?p=4238"},"modified":"2025-06-09T14:06:12","modified_gmt":"2025-06-09T14:06:12","slug":"interdiction-de-la-langue-corse-a-lassemblee-de-corse-plainte-aupres-de-la-cour-europeenne-des-droits-de-lhomme","status":"publish","type":"post","link":"https:\/\/stourm.news\/?p=4238","title":{"rendered":"Interdiction de la langue corse \u00e0 l\u2019Assembl\u00e9e de Corse : plainte aupr\u00e8s de la Cour Europ\u00e9enne des Droits de l&rsquo;Homme"},"content":{"rendered":"<p style=\"text-align: justify;\">Le 5 juin 2025, le Conseil d\u2019\u00c9tat fran\u00e7ais a confirm\u00e9 <strong>l\u2019interdiction de l\u2019usage de la langue corse<\/strong> dans les d\u00e9bats de l\u2019Assembl\u00e9e de Corse, validant <strong>l\u2019exclusivit\u00e9 du fran\u00e7ais<\/strong> comme langue de la R\u00e9publique fran\u00e7aise, conform\u00e9ment \u00e0 l\u2019article 2 de sa constitution. Cette d\u00e9cision, <strong><a href=\"https:\/\/www.corsematin.com\/article\/politique\/57067874200345\/usage-de-la-langue-corse-a-lassemblee-le-conseil-detat-valide-lusage-exclusif-du-francais-dans-les-debats\">\u00e9voqu\u00e9e par le journal Corse Matin<\/a><\/strong>, rejette le pourvoi de la Collectivit\u00e9 de Corse, qui contestait l\u2019annulation par le tribunal administratif de Bastia (mars 2023) et la cour administrative d\u2019appel de Marseille (novembre 2024) de ses r\u00e8glements int\u00e9rieurs autorisant le corse dans les d\u00e9bats et actes administratifs. La Collectivit\u00e9 invoquait la libert\u00e9 d\u2019expression (article 11 de la D\u00e9claration des droits de l\u2019homme) et le droit \u00e0 l\u2019identit\u00e9 linguistique, mais le Conseil d\u2019\u00c9tat a jug\u00e9 ces arguments non fond\u00e9s, refusant de transmettre la question prioritaire de constitutionnalit\u00e9 (QPC) au Conseil constitutionnel.<\/p>\n<p style=\"text-align: justify;\">Les dirigeants corses, Gilles Simeoni et Marie-Antoinette Maupertuis, d\u00e9noncent une d\u00e9cision qui <strong>\u00ab bannit la langue corse de l\u2019espace public \u00bb<\/strong>, contraire aux droits fondamentaux et aux aspirations des Corses. Ils annoncent un recours devant la <strong>Cour europ\u00e9enne des droits de l\u2019Homme (CEDH)<\/strong> et plaident pour une r\u00e9vision constitutionnelle visant \u00e0 instaurer <strong>la coofficialit\u00e9 du corse<\/strong>, dans le cadre d\u2019un statut d\u2019autonomie.<\/p>\n<p style=\"text-align: justify;\">Cette situation r\u00e9sonne fortement avec le combat breton pour la reconnaissance de la langue bretonne. Comme en Corse, l\u2019\u00c9tat fran\u00e7ais impose l\u2019usage exclusif du fran\u00e7ais dans les institutions publiques bretonnes, s\u2019appuyant sur la m\u00eame Constitution. Les r\u00e8glements des collectivit\u00e9s bretonnes, comme le Conseil \u00ab\u00a0r\u00e9gional\u00a0\u00bb de Bretagne, n\u2019autorisent pas le breton dans les d\u00e9bats officiels, rel\u00e9guant la langue \u00e0 un usage symbolique ou culturel.<\/p>\n<p style=\"text-align: justify;\">La d\u00e9cision du Conseil d\u2019\u00c9tat illustre l&rsquo;imp\u00e9rialisme linguistique fran\u00e7ais, qui nie les droits des peuples sous occupation fran\u00e7aise. Les Bretons, comme les Corses, se heurtent \u00e0 l\u2019article 2 de la Constitution, qui bloque toute tentative de <strong>coofficialit\u00e9<\/strong> ou d\u2019usage institutionnel du breton. Les nationalistes bretons devraient s\u2019inspirer de la strat\u00e9gie corse, notamment le recours \u00e0 la CEDH et la revendication d\u2019une r\u00e9vision constitutionnelle.<\/p>\n<p style=\"text-align: justify;\">Cette d\u00e9cision renforce l\u2019urgence pour les nationalistes bretons de f\u00e9d\u00e9rer leurs efforts, comme le font les Corses, pour exiger un statut juridique prot\u00e9geant la langue bretonne, non seulement dans l\u2019\u00e9ducation et la culture, mais aussi dans la sph\u00e8re publique et institutionnelle. La lutte corse devient un miroir pour la Bretagne : sans gouvernement breton et coofficialit\u00e9, le breton risque, comme le corse, d\u2019\u00eatre confin\u00e9 \u00e0 un r\u00f4le folklorique, loin de son statut de langue vivante d\u2019un peuple.<\/p>\n<p style=\"text-align: right;\"><strong>Riwanon Tudual<\/strong><\/p>\n","protected":false},"excerpt":{"rendered":"<p>Le 5 juin 2025, le Conseil d\u2019\u00c9tat fran\u00e7ais a confirm\u00e9 l\u2019interdiction de l\u2019usage de la langue corse dans les d\u00e9bats de l\u2019Assembl\u00e9e de Corse, validant l\u2019exclusivit\u00e9 du fran\u00e7ais comme langue de la R\u00e9publique fran\u00e7aise, conform\u00e9ment \u00e0 l\u2019article 2 de sa constitution. Cette d\u00e9cision, \u00e9voqu\u00e9e par le journal Corse Matin, rejette le pourvoi de la Collectivit\u00e9 [&hellip;]<\/p>\n","protected":false},"author":1,"featured_media":4239,"comment_status":"open","ping_status":"open","sticky":false,"template":"","format":"standard","meta":{"sb_editor_width":"","footnotes":""},"categories":[66,65],"tags":[],"class_list":["post-4238","post","type-post","status-publish","format-standard","has-post-thumbnail","hentry","category-international","category-principale"],"relative_dates":{"created":"11 mois ago","modified":"11 mois ago"},"yoast_head":"<!-- This site is optimized with the Yoast SEO plugin v26.3 - https:\/\/yoast.com\/wordpress\/plugins\/seo\/ -->\n<title>Interdiction de la langue corse \u00e0 l\u2019Assembl\u00e9e de Corse : plainte aupr\u00e8s de la Cour Europ\u00e9enne des Droits de l&#039;Homme - STOURM<\/title>\n<meta name=\"robots\" content=\"index, follow, max-snippet:-1, max-image-preview:large, max-video-preview:-1\" \/>\n<link rel=\"canonical\" href=\"https:\/\/stourm.news\/?p=4238\" \/>\n<meta property=\"og:locale\" content=\"fr_FR\" \/>\n<meta property=\"og:type\" content=\"article\" \/>\n<meta property=\"og:title\" content=\"Interdiction de la langue corse \u00e0 l\u2019Assembl\u00e9e de Corse : plainte aupr\u00e8s de la Cour Europ\u00e9enne des Droits de l&#039;Homme - STOURM\" \/>\n<meta property=\"og:description\" content=\"Le 5 juin 2025, le Conseil d\u2019\u00c9tat fran\u00e7ais a confirm\u00e9 l\u2019interdiction de l\u2019usage de la langue corse dans les d\u00e9bats de l\u2019Assembl\u00e9e de Corse, validant l\u2019exclusivit\u00e9 du fran\u00e7ais comme langue de la R\u00e9publique fran\u00e7aise, conform\u00e9ment \u00e0 l\u2019article 2 de sa constitution. Cette d\u00e9cision, \u00e9voqu\u00e9e par le journal Corse Matin, rejette le pourvoi de la Collectivit\u00e9 [&hellip;]\" \/>\n<meta property=\"og:url\" content=\"https:\/\/stourm.news\/?p=4238\" \/>\n<meta property=\"og:site_name\" content=\"STOURM\" \/>\n<meta property=\"article:publisher\" content=\"https:\/\/www.facebook.com\/stourmnews\/\" \/>\n<meta property=\"article:published_time\" content=\"2025-06-09T13:32:28+00:00\" \/>\n<meta property=\"article:modified_time\" content=\"2025-06-09T14:06:12+00:00\" \/>\n<meta name=\"author\" content=\"La r\u00e9daction\" \/>\n<meta name=\"twitter:card\" content=\"summary_large_image\" \/>\n<meta name=\"twitter:label1\" content=\"\u00c9crit par\" \/>\n\t<meta name=\"twitter:data1\" content=\"La r\u00e9daction\" \/>\n\t<meta name=\"twitter:label2\" content=\"Dur\u00e9e de lecture estim\u00e9e\" \/>\n\t<meta name=\"twitter:data2\" content=\"3 minutes\" \/>\n<script type=\"application\/ld+json\" class=\"yoast-schema-graph\">{\"@context\":\"https:\/\/schema.org\",\"@graph\":[{\"@type\":\"Article\",\"@id\":\"https:\/\/stourm.news\/?p=4238#article\",\"isPartOf\":{\"@id\":\"https:\/\/stourm.news\/?p=4238\"},\"author\":{\"name\":\"La r\u00e9daction\",\"@id\":\"https:\/\/stourm.news\/#\/schema\/person\/c3e1dc65988632e190969234ef046cf9\"},\"headline\":\"Interdiction de la langue corse \u00e0 l\u2019Assembl\u00e9e de Corse : plainte aupr\u00e8s de la Cour Europ\u00e9enne des Droits de l&rsquo;Homme\",\"datePublished\":\"2025-06-09T13:32:28+00:00\",\"dateModified\":\"2025-06-09T14:06:12+00:00\",\"mainEntityOfPage\":{\"@id\":\"https:\/\/stourm.news\/?p=4238\"},\"wordCount\":475,\"commentCount\":0,\"publisher\":{\"@id\":\"https:\/\/stourm.news\/#organization\"},\"image\":{\"@id\":\"https:\/\/stourm.news\/?p=4238#primaryimage\"},\"thumbnailUrl\":\"https:\/\/stourm.news\/wp-content\/uploads\/2025\/06\/assemblee-de-corse-hemicycle-1749207984_604f83145f286744f83145f28584f8v_.jpg.avif\",\"articleSection\":[\"International\",\"Principale\"],\"inLanguage\":\"fr-FR\",\"potentialAction\":[{\"@type\":\"CommentAction\",\"name\":\"Comment\",\"target\":[\"https:\/\/stourm.news\/?p=4238#respond\"]}]},{\"@type\":\"WebPage\",\"@id\":\"https:\/\/stourm.news\/?p=4238\",\"url\":\"https:\/\/stourm.news\/?p=4238\",\"name\":\"Interdiction de la langue corse \u00e0 l\u2019Assembl\u00e9e de Corse : plainte aupr\u00e8s de la Cour Europ\u00e9enne des Droits de l'Homme - STOURM\",\"isPartOf\":{\"@id\":\"https:\/\/stourm.news\/#website\"},\"primaryImageOfPage\":{\"@id\":\"https:\/\/stourm.news\/?p=4238#primaryimage\"},\"image\":{\"@id\":\"https:\/\/stourm.news\/?p=4238#primaryimage\"},\"thumbnailUrl\":\"https:\/\/stourm.news\/wp-content\/uploads\/2025\/06\/assemblee-de-corse-hemicycle-1749207984_604f83145f286744f83145f28584f8v_.jpg.avif\",\"datePublished\":\"2025-06-09T13:32:28+00:00\",\"dateModified\":\"2025-06-09T14:06:12+00:00\",\"breadcrumb\":{\"@id\":\"https:\/\/stourm.news\/?p=4238#breadcrumb\"},\"inLanguage\":\"fr-FR\",\"potentialAction\":[{\"@type\":\"ReadAction\",\"target\":[\"https:\/\/stourm.news\/?p=4238\"]}]},{\"@type\":\"ImageObject\",\"inLanguage\":\"fr-FR\",\"@id\":\"https:\/\/stourm.news\/?p=4238#primaryimage\",\"url\":\"https:\/\/stourm.news\/wp-content\/uploads\/2025\/06\/assemblee-de-corse-hemicycle-1749207984_604f83145f286744f83145f28584f8v_.jpg.avif\",\"contentUrl\":\"https:\/\/stourm.news\/wp-content\/uploads\/2025\/06\/assemblee-de-corse-hemicycle-1749207984_604f83145f286744f83145f28584f8v_.jpg.avif\"},{\"@type\":\"BreadcrumbList\",\"@id\":\"https:\/\/stourm.news\/?p=4238#breadcrumb\",\"itemListElement\":[{\"@type\":\"ListItem\",\"position\":1,\"name\":\"Accueil\",\"item\":\"https:\/\/stourm.news\/\"},{\"@type\":\"ListItem\",\"position\":2,\"name\":\"Interdiction de la langue corse \u00e0 l\u2019Assembl\u00e9e de Corse : plainte aupr\u00e8s de la Cour Europ\u00e9enne des Droits de l&rsquo;Homme\"}]},{\"@type\":\"WebSite\",\"@id\":\"https:\/\/stourm.news\/#website\",\"url\":\"https:\/\/stourm.news\/\",\"name\":\"Stourm\",\"description\":\"Kazetenn Strollad Broadel Breizh\",\"publisher\":{\"@id\":\"https:\/\/stourm.news\/#organization\"},\"potentialAction\":[{\"@type\":\"SearchAction\",\"target\":{\"@type\":\"EntryPoint\",\"urlTemplate\":\"https:\/\/stourm.news\/?s={search_term_string}\"},\"query-input\":{\"@type\":\"PropertyValueSpecification\",\"valueRequired\":true,\"valueName\":\"search_term_string\"}}],\"inLanguage\":\"fr-FR\"},{\"@type\":\"Organization\",\"@id\":\"https:\/\/stourm.news\/#organization\",\"name\":\"Stourm\",\"url\":\"https:\/\/stourm.news\/\",\"logo\":{\"@type\":\"ImageObject\",\"inLanguage\":\"fr-FR\",\"@id\":\"https:\/\/stourm.news\/#\/schema\/logo\/image\/\",\"url\":\"https:\/\/stourm.news\/wp-content\/uploads\/2025\/11\/cropped-Capture-decran-2025-11-28-a-15.19.07.png\",\"contentUrl\":\"https:\/\/stourm.news\/wp-content\/uploads\/2025\/11\/cropped-Capture-decran-2025-11-28-a-15.19.07.png\",\"width\":1855,\"height\":383,\"caption\":\"Stourm\"},\"image\":{\"@id\":\"https:\/\/stourm.news\/#\/schema\/logo\/image\/\"},\"sameAs\":[\"https:\/\/www.facebook.com\/stourmnews\/\"]},{\"@type\":\"Person\",\"@id\":\"https:\/\/stourm.news\/#\/schema\/person\/c3e1dc65988632e190969234ef046cf9\",\"name\":\"La r\u00e9daction\",\"image\":{\"@type\":\"ImageObject\",\"inLanguage\":\"fr-FR\",\"@id\":\"https:\/\/stourm.news\/#\/schema\/person\/image\/\",\"url\":\"https:\/\/secure.gravatar.com\/avatar\/7463443f194b6b5fb706b074ca0ef59a0cfcfd720cb47764b0ec5a952ce422b3?s=96&d=mm&r=g\",\"contentUrl\":\"https:\/\/secure.gravatar.com\/avatar\/7463443f194b6b5fb706b074ca0ef59a0cfcfd720cb47764b0ec5a952ce422b3?s=96&d=mm&r=g\",\"caption\":\"La r\u00e9daction\"},\"sameAs\":[\"https:\/\/stourm.news\"],\"url\":\"https:\/\/stourm.news\/?author=1\"}]}<\/script>\n<!-- \/ Yoast SEO plugin. -->","yoast_head_json":{"title":"Interdiction de la langue corse \u00e0 l\u2019Assembl\u00e9e de Corse : plainte aupr\u00e8s de la Cour Europ\u00e9enne des Droits de l'Homme - STOURM","robots":{"index":"index","follow":"follow","max-snippet":"max-snippet:-1","max-image-preview":"max-image-preview:large","max-video-preview":"max-video-preview:-1"},"canonical":"https:\/\/stourm.news\/?p=4238","og_locale":"fr_FR","og_type":"article","og_title":"Interdiction de la langue corse \u00e0 l\u2019Assembl\u00e9e de Corse : plainte aupr\u00e8s de la Cour Europ\u00e9enne des Droits de l'Homme - STOURM","og_description":"Le 5 juin 2025, le Conseil d\u2019\u00c9tat fran\u00e7ais a confirm\u00e9 l\u2019interdiction de l\u2019usage de la langue corse dans les d\u00e9bats de l\u2019Assembl\u00e9e de Corse, validant l\u2019exclusivit\u00e9 du fran\u00e7ais comme langue de la R\u00e9publique fran\u00e7aise, conform\u00e9ment \u00e0 l\u2019article 2 de sa constitution. Cette d\u00e9cision, \u00e9voqu\u00e9e par le journal Corse Matin, rejette le pourvoi de la Collectivit\u00e9 [&hellip;]","og_url":"https:\/\/stourm.news\/?p=4238","og_site_name":"STOURM","article_publisher":"https:\/\/www.facebook.com\/stourmnews\/","article_published_time":"2025-06-09T13:32:28+00:00","article_modified_time":"2025-06-09T14:06:12+00:00","author":"La r\u00e9daction","twitter_card":"summary_large_image","twitter_misc":{"\u00c9crit par":"La r\u00e9daction","Dur\u00e9e de lecture estim\u00e9e":"3 minutes"},"schema":{"@context":"https:\/\/schema.org","@graph":[{"@type":"Article","@id":"https:\/\/stourm.news\/?p=4238#article","isPartOf":{"@id":"https:\/\/stourm.news\/?p=4238"},"author":{"name":"La r\u00e9daction","@id":"https:\/\/stourm.news\/#\/schema\/person\/c3e1dc65988632e190969234ef046cf9"},"headline":"Interdiction de la langue corse \u00e0 l\u2019Assembl\u00e9e de Corse : plainte aupr\u00e8s de la Cour Europ\u00e9enne des Droits de l&rsquo;Homme","datePublished":"2025-06-09T13:32:28+00:00","dateModified":"2025-06-09T14:06:12+00:00","mainEntityOfPage":{"@id":"https:\/\/stourm.news\/?p=4238"},"wordCount":475,"commentCount":0,"publisher":{"@id":"https:\/\/stourm.news\/#organization"},"image":{"@id":"https:\/\/stourm.news\/?p=4238#primaryimage"},"thumbnailUrl":"https:\/\/stourm.news\/wp-content\/uploads\/2025\/06\/assemblee-de-corse-hemicycle-1749207984_604f83145f286744f83145f28584f8v_.jpg.avif","articleSection":["International","Principale"],"inLanguage":"fr-FR","potentialAction":[{"@type":"CommentAction","name":"Comment","target":["https:\/\/stourm.news\/?p=4238#respond"]}]},{"@type":"WebPage","@id":"https:\/\/stourm.news\/?p=4238","url":"https:\/\/stourm.news\/?p=4238","name":"Interdiction de la langue corse \u00e0 l\u2019Assembl\u00e9e de Corse : plainte aupr\u00e8s de la Cour Europ\u00e9enne des Droits de l'Homme - STOURM","isPartOf":{"@id":"https:\/\/stourm.news\/#website"},"primaryImageOfPage":{"@id":"https:\/\/stourm.news\/?p=4238#primaryimage"},"image":{"@id":"https:\/\/stourm.news\/?p=4238#primaryimage"},"thumbnailUrl":"https:\/\/stourm.news\/wp-content\/uploads\/2025\/06\/assemblee-de-corse-hemicycle-1749207984_604f83145f286744f83145f28584f8v_.jpg.avif","datePublished":"2025-06-09T13:32:28+00:00","dateModified":"2025-06-09T14:06:12+00:00","breadcrumb":{"@id":"https:\/\/stourm.news\/?p=4238#breadcrumb"},"inLanguage":"fr-FR","potentialAction":[{"@type":"ReadAction","target":["https:\/\/stourm.news\/?p=4238"]}]},{"@type":"ImageObject","inLanguage":"fr-FR","@id":"https:\/\/stourm.news\/?p=4238#primaryimage","url":"https:\/\/stourm.news\/wp-content\/uploads\/2025\/06\/assemblee-de-corse-hemicycle-1749207984_604f83145f286744f83145f28584f8v_.jpg.avif","contentUrl":"https:\/\/stourm.news\/wp-content\/uploads\/2025\/06\/assemblee-de-corse-hemicycle-1749207984_604f83145f286744f83145f28584f8v_.jpg.avif"},{"@type":"BreadcrumbList","@id":"https:\/\/stourm.news\/?p=4238#breadcrumb","itemListElement":[{"@type":"ListItem","position":1,"name":"Accueil","item":"https:\/\/stourm.news\/"},{"@type":"ListItem","position":2,"name":"Interdiction de la langue corse \u00e0 l\u2019Assembl\u00e9e de Corse : plainte aupr\u00e8s de la Cour Europ\u00e9enne des Droits de l&rsquo;Homme"}]},{"@type":"WebSite","@id":"https:\/\/stourm.news\/#website","url":"https:\/\/stourm.news\/","name":"Stourm","description":"Kazetenn Strollad Broadel Breizh","publisher":{"@id":"https:\/\/stourm.news\/#organization"},"potentialAction":[{"@type":"SearchAction","target":{"@type":"EntryPoint","urlTemplate":"https:\/\/stourm.news\/?s={search_term_string}"},"query-input":{"@type":"PropertyValueSpecification","valueRequired":true,"valueName":"search_term_string"}}],"inLanguage":"fr-FR"},{"@type":"Organization","@id":"https:\/\/stourm.news\/#organization","name":"Stourm","url":"https:\/\/stourm.news\/","logo":{"@type":"ImageObject","inLanguage":"fr-FR","@id":"https:\/\/stourm.news\/#\/schema\/logo\/image\/","url":"https:\/\/stourm.news\/wp-content\/uploads\/2025\/11\/cropped-Capture-decran-2025-11-28-a-15.19.07.png","contentUrl":"https:\/\/stourm.news\/wp-content\/uploads\/2025\/11\/cropped-Capture-decran-2025-11-28-a-15.19.07.png","width":1855,"height":383,"caption":"Stourm"},"image":{"@id":"https:\/\/stourm.news\/#\/schema\/logo\/image\/"},"sameAs":["https:\/\/www.facebook.com\/stourmnews\/"]},{"@type":"Person","@id":"https:\/\/stourm.news\/#\/schema\/person\/c3e1dc65988632e190969234ef046cf9","name":"La r\u00e9daction","image":{"@type":"ImageObject","inLanguage":"fr-FR","@id":"https:\/\/stourm.news\/#\/schema\/person\/image\/","url":"https:\/\/secure.gravatar.com\/avatar\/7463443f194b6b5fb706b074ca0ef59a0cfcfd720cb47764b0ec5a952ce422b3?s=96&d=mm&r=g","contentUrl":"https:\/\/secure.gravatar.com\/avatar\/7463443f194b6b5fb706b074ca0ef59a0cfcfd720cb47764b0ec5a952ce422b3?s=96&d=mm&r=g","caption":"La r\u00e9daction"},"sameAs":["https:\/\/stourm.news"],"url":"https:\/\/stourm.news\/?author=1"}]}},"_links":{"self":[{"href":"https:\/\/stourm.news\/index.php?rest_route=\/wp\/v2\/posts\/4238","targetHints":{"allow":["GET"]}}],"collection":[{"href":"https:\/\/stourm.news\/index.php?rest_route=\/wp\/v2\/posts"}],"about":[{"href":"https:\/\/stourm.news\/index.php?rest_route=\/wp\/v2\/types\/post"}],"author":[{"embeddable":true,"href":"https:\/\/stourm.news\/index.php?rest_route=\/wp\/v2\/users\/1"}],"replies":[{"embeddable":true,"href":"https:\/\/stourm.news\/index.php?rest_route=%2Fwp%2Fv2%2Fcomments&post=4238"}],"version-history":[{"count":1,"href":"https:\/\/stourm.news\/index.php?rest_route=\/wp\/v2\/posts\/4238\/revisions"}],"predecessor-version":[{"id":4240,"href":"https:\/\/stourm.news\/index.php?rest_route=\/wp\/v2\/posts\/4238\/revisions\/4240"}],"wp:featuredmedia":[{"embeddable":true,"href":"https:\/\/stourm.news\/index.php?rest_route=\/wp\/v2\/media\/4239"}],"wp:attachment":[{"href":"https:\/\/stourm.news\/index.php?rest_route=%2Fwp%2Fv2%2Fmedia&parent=4238"}],"wp:term":[{"taxonomy":"category","embeddable":true,"href":"https:\/\/stourm.news\/index.php?rest_route=%2Fwp%2Fv2%2Fcategories&post=4238"},{"taxonomy":"post_tag","embeddable":true,"href":"https:\/\/stourm.news\/index.php?rest_route=%2Fwp%2Fv2%2Ftags&post=4238"}],"curies":[{"name":"wp","href":"https:\/\/api.w.org\/{rel}","templated":true}]}}