{"id":4241,"date":"2025-06-09T13:40:35","date_gmt":"2025-06-09T13:40:35","guid":{"rendered":"https:\/\/stourm.news\/?p=4241"},"modified":"2025-06-09T13:40:35","modified_gmt":"2025-06-09T13:40:35","slug":"incendie-volontaire-a-saint-herblain-tensions-croissantes-autour-dun-point-de-deal-a-la-pelousiere","status":"publish","type":"post","link":"https:\/\/stourm.news\/?p=4241","title":{"rendered":"Incendie volontaire \u00e0 Saint-Herblain : tensions croissantes autour d&rsquo;un point de deal \u00e0 la Pelousi\u00e8re"},"content":{"rendered":"<p style=\"text-align: justify;\">Dans la nuit du 7 au 8 juin 2025, une voiture a \u00e9t\u00e9 incendi\u00e9e sur le parking de l\u2019\u00e9cole \u00e9l\u00e9mentaire St\u00e9phane-Hessel, dans le quartier de la Pelousi\u00e8re \u00e0 Saint-Herblain (Loire-Atlantique), pr\u00e8s de Nantes, indique <strong><a href=\"https:\/\/www.ouest-france.fr\/societe\/faits-divers\/dans-le-quartier-de-la-pelousiere-a-saint-herblain-une-voiture-incendiee-et-des-questions-edaf3b88-4477-11f0-b321-9f4333574570\">Ouest-France<\/a><\/strong>.<\/p>\n<p style=\"text-align: justify;\">Vers 00h30, une explosion, vraisemblablement due \u00e0 l\u2019embrasement du r\u00e9servoir de carburant, a alert\u00e9 les riverains, qui ont contact\u00e9 les autorit\u00e9s. Les pompiers ont rapidement \u00e9teint l\u2019incendie, et la police a ouvert une enqu\u00eate, sans interpellation \u00e0 ce stade. Cet acte de vandalisme fait \u00e9cho \u00e0 un pr\u00e9c\u00e9dent incendie de v\u00e9hicule au m\u00eame endroit quelques mois plus t\u00f4t, renfor\u00e7ant l\u2019inqui\u00e9tude des habitants.<\/p>\n<p style=\"text-align: justify;\">Pierrick Guisnel, administrateur de la page Facebook \u00ab Les habitants ont la parole \u00bb, d\u00e9crit une situation <strong>\u00ab particuli\u00e8rement tendue \u00bb<\/strong> dans le quartier depuis plusieurs mois. Jocelyn Gendeck, adjoint \u00e0 la tranquillit\u00e9 publique \u00e0 la mairie (PS), confirme ces difficult\u00e9s, mentionnant un <strong>\u00ab point de deal \u00bb<\/strong> r\u00e9cemment implant\u00e9 et une \u00ab mont\u00e9e d\u2019incivilit\u00e9s \u00bb attribu\u00e9e \u00e0 un groupe \u00ab\u00a0d\u2019adolescents\u00a0\u00bb.<\/p>\n<p style=\"text-align: right;\"><strong>Ewen Broc&rsquo;han<\/strong><\/p>\n","protected":false},"excerpt":{"rendered":"<p>Dans la nuit du 7 au 8 juin 2025, une voiture a \u00e9t\u00e9 incendi\u00e9e sur le parking de l\u2019\u00e9cole \u00e9l\u00e9mentaire St\u00e9phane-Hessel, dans le quartier de la Pelousi\u00e8re \u00e0 Saint-Herblain (Loire-Atlantique), pr\u00e8s de Nantes, indique Ouest-France. Vers 00h30, une explosion, vraisemblablement due \u00e0 l\u2019embrasement du r\u00e9servoir de carburant, a alert\u00e9 les riverains, qui ont contact\u00e9 les [&hellip;]<\/p>\n","protected":false},"author":1,"featured_media":4242,"comment_status":"open","ping_status":"open","sticky":false,"template":"","format":"standard","meta":{"sb_editor_width":"","footnotes":""},"categories":[29,42,62],"tags":[],"class_list":["post-4241","post","type-post","status-publish","format-standard","has-post-thumbnail","hentry","category-drogue","category-loire-atlantique","category-revue-de-presse"],"relative_dates":{"created":"11 mois ago","modified":"11 mois ago"},"yoast_head":"<!-- This site is optimized with the Yoast SEO plugin v26.3 - https:\/\/yoast.com\/wordpress\/plugins\/seo\/ -->\n<title>Incendie volontaire \u00e0 Saint-Herblain : tensions croissantes autour d&#039;un point de deal \u00e0 la Pelousi\u00e8re - STOURM<\/title>\n<meta name=\"robots\" content=\"index, follow, max-snippet:-1, max-image-preview:large, max-video-preview:-1\" \/>\n<link rel=\"canonical\" href=\"https:\/\/stourm.news\/?p=4241\" \/>\n<meta property=\"og:locale\" content=\"fr_FR\" \/>\n<meta property=\"og:type\" content=\"article\" \/>\n<meta property=\"og:title\" content=\"Incendie volontaire \u00e0 Saint-Herblain : tensions croissantes autour d&#039;un point de deal \u00e0 la Pelousi\u00e8re - STOURM\" \/>\n<meta property=\"og:description\" content=\"Dans la nuit du 7 au 8 juin 2025, une voiture a \u00e9t\u00e9 incendi\u00e9e sur le parking de l\u2019\u00e9cole \u00e9l\u00e9mentaire St\u00e9phane-Hessel, dans le quartier de la Pelousi\u00e8re \u00e0 Saint-Herblain (Loire-Atlantique), pr\u00e8s de Nantes, indique Ouest-France. Vers 00h30, une explosion, vraisemblablement due \u00e0 l\u2019embrasement du r\u00e9servoir de carburant, a alert\u00e9 les riverains, qui ont contact\u00e9 les [&hellip;]\" \/>\n<meta property=\"og:url\" content=\"https:\/\/stourm.news\/?p=4241\" \/>\n<meta property=\"og:site_name\" content=\"STOURM\" \/>\n<meta property=\"article:publisher\" content=\"https:\/\/www.facebook.com\/stourmnews\/\" \/>\n<meta property=\"article:published_time\" content=\"2025-06-09T13:40:35+00:00\" \/>\n<meta property=\"og:image\" content=\"https:\/\/stourm.news\/wp-content\/uploads\/2025\/06\/Gs9Eiz3XYAAy2Mb.jpg\" \/>\n\t<meta property=\"og:image:width\" content=\"1260\" \/>\n\t<meta property=\"og:image:height\" content=\"708\" \/>\n\t<meta property=\"og:image:type\" content=\"image\/jpeg\" \/>\n<meta name=\"author\" content=\"La r\u00e9daction\" \/>\n<meta name=\"twitter:card\" content=\"summary_large_image\" \/>\n<meta name=\"twitter:label1\" content=\"\u00c9crit par\" \/>\n\t<meta name=\"twitter:data1\" content=\"La r\u00e9daction\" \/>\n\t<meta name=\"twitter:label2\" content=\"Dur\u00e9e de lecture estim\u00e9e\" \/>\n\t<meta name=\"twitter:data2\" content=\"1 minute\" \/>\n<script type=\"application\/ld+json\" class=\"yoast-schema-graph\">{\"@context\":\"https:\/\/schema.org\",\"@graph\":[{\"@type\":\"Article\",\"@id\":\"https:\/\/stourm.news\/?p=4241#article\",\"isPartOf\":{\"@id\":\"https:\/\/stourm.news\/?p=4241\"},\"author\":{\"name\":\"La r\u00e9daction\",\"@id\":\"https:\/\/stourm.news\/#\/schema\/person\/c3e1dc65988632e190969234ef046cf9\"},\"headline\":\"Incendie volontaire \u00e0 Saint-Herblain : tensions croissantes autour d&rsquo;un point de deal \u00e0 la Pelousi\u00e8re\",\"datePublished\":\"2025-06-09T13:40:35+00:00\",\"mainEntityOfPage\":{\"@id\":\"https:\/\/stourm.news\/?p=4241\"},\"wordCount\":185,\"commentCount\":0,\"publisher\":{\"@id\":\"https:\/\/stourm.news\/#organization\"},\"image\":{\"@id\":\"https:\/\/stourm.news\/?p=4241#primaryimage\"},\"thumbnailUrl\":\"https:\/\/stourm.news\/wp-content\/uploads\/2025\/06\/Gs9Eiz3XYAAy2Mb.jpg\",\"articleSection\":[\"Drogue\",\"Loire-Atlantique\",\"Revue de presse\"],\"inLanguage\":\"fr-FR\",\"potentialAction\":[{\"@type\":\"CommentAction\",\"name\":\"Comment\",\"target\":[\"https:\/\/stourm.news\/?p=4241#respond\"]}]},{\"@type\":\"WebPage\",\"@id\":\"https:\/\/stourm.news\/?p=4241\",\"url\":\"https:\/\/stourm.news\/?p=4241\",\"name\":\"Incendie volontaire \u00e0 Saint-Herblain : tensions croissantes autour d'un point de deal \u00e0 la Pelousi\u00e8re - STOURM\",\"isPartOf\":{\"@id\":\"https:\/\/stourm.news\/#website\"},\"primaryImageOfPage\":{\"@id\":\"https:\/\/stourm.news\/?p=4241#primaryimage\"},\"image\":{\"@id\":\"https:\/\/stourm.news\/?p=4241#primaryimage\"},\"thumbnailUrl\":\"https:\/\/stourm.news\/wp-content\/uploads\/2025\/06\/Gs9Eiz3XYAAy2Mb.jpg\",\"datePublished\":\"2025-06-09T13:40:35+00:00\",\"breadcrumb\":{\"@id\":\"https:\/\/stourm.news\/?p=4241#breadcrumb\"},\"inLanguage\":\"fr-FR\",\"potentialAction\":[{\"@type\":\"ReadAction\",\"target\":[\"https:\/\/stourm.news\/?p=4241\"]}]},{\"@type\":\"ImageObject\",\"inLanguage\":\"fr-FR\",\"@id\":\"https:\/\/stourm.news\/?p=4241#primaryimage\",\"url\":\"https:\/\/stourm.news\/wp-content\/uploads\/2025\/06\/Gs9Eiz3XYAAy2Mb.jpg\",\"contentUrl\":\"https:\/\/stourm.news\/wp-content\/uploads\/2025\/06\/Gs9Eiz3XYAAy2Mb.jpg\",\"width\":1260,\"height\":708},{\"@type\":\"BreadcrumbList\",\"@id\":\"https:\/\/stourm.news\/?p=4241#breadcrumb\",\"itemListElement\":[{\"@type\":\"ListItem\",\"position\":1,\"name\":\"Accueil\",\"item\":\"https:\/\/stourm.news\/\"},{\"@type\":\"ListItem\",\"position\":2,\"name\":\"Incendie volontaire \u00e0 Saint-Herblain : tensions croissantes autour d&rsquo;un point de deal \u00e0 la Pelousi\u00e8re\"}]},{\"@type\":\"WebSite\",\"@id\":\"https:\/\/stourm.news\/#website\",\"url\":\"https:\/\/stourm.news\/\",\"name\":\"Stourm\",\"description\":\"Kazetenn Strollad Broadel Breizh\",\"publisher\":{\"@id\":\"https:\/\/stourm.news\/#organization\"},\"potentialAction\":[{\"@type\":\"SearchAction\",\"target\":{\"@type\":\"EntryPoint\",\"urlTemplate\":\"https:\/\/stourm.news\/?s={search_term_string}\"},\"query-input\":{\"@type\":\"PropertyValueSpecification\",\"valueRequired\":true,\"valueName\":\"search_term_string\"}}],\"inLanguage\":\"fr-FR\"},{\"@type\":\"Organization\",\"@id\":\"https:\/\/stourm.news\/#organization\",\"name\":\"Stourm\",\"url\":\"https:\/\/stourm.news\/\",\"logo\":{\"@type\":\"ImageObject\",\"inLanguage\":\"fr-FR\",\"@id\":\"https:\/\/stourm.news\/#\/schema\/logo\/image\/\",\"url\":\"https:\/\/stourm.news\/wp-content\/uploads\/2025\/11\/cropped-Capture-decran-2025-11-28-a-15.19.07.png\",\"contentUrl\":\"https:\/\/stourm.news\/wp-content\/uploads\/2025\/11\/cropped-Capture-decran-2025-11-28-a-15.19.07.png\",\"width\":1855,\"height\":383,\"caption\":\"Stourm\"},\"image\":{\"@id\":\"https:\/\/stourm.news\/#\/schema\/logo\/image\/\"},\"sameAs\":[\"https:\/\/www.facebook.com\/stourmnews\/\"]},{\"@type\":\"Person\",\"@id\":\"https:\/\/stourm.news\/#\/schema\/person\/c3e1dc65988632e190969234ef046cf9\",\"name\":\"La r\u00e9daction\",\"image\":{\"@type\":\"ImageObject\",\"inLanguage\":\"fr-FR\",\"@id\":\"https:\/\/stourm.news\/#\/schema\/person\/image\/\",\"url\":\"https:\/\/secure.gravatar.com\/avatar\/7463443f194b6b5fb706b074ca0ef59a0cfcfd720cb47764b0ec5a952ce422b3?s=96&d=mm&r=g\",\"contentUrl\":\"https:\/\/secure.gravatar.com\/avatar\/7463443f194b6b5fb706b074ca0ef59a0cfcfd720cb47764b0ec5a952ce422b3?s=96&d=mm&r=g\",\"caption\":\"La r\u00e9daction\"},\"sameAs\":[\"https:\/\/stourm.news\"],\"url\":\"https:\/\/stourm.news\/?author=1\"}]}<\/script>\n<!-- \/ Yoast SEO plugin. -->","yoast_head_json":{"title":"Incendie volontaire \u00e0 Saint-Herblain : tensions croissantes autour d'un point de deal \u00e0 la Pelousi\u00e8re - STOURM","robots":{"index":"index","follow":"follow","max-snippet":"max-snippet:-1","max-image-preview":"max-image-preview:large","max-video-preview":"max-video-preview:-1"},"canonical":"https:\/\/stourm.news\/?p=4241","og_locale":"fr_FR","og_type":"article","og_title":"Incendie volontaire \u00e0 Saint-Herblain : tensions croissantes autour d'un point de deal \u00e0 la Pelousi\u00e8re - STOURM","og_description":"Dans la nuit du 7 au 8 juin 2025, une voiture a \u00e9t\u00e9 incendi\u00e9e sur le parking de l\u2019\u00e9cole \u00e9l\u00e9mentaire St\u00e9phane-Hessel, dans le quartier de la Pelousi\u00e8re \u00e0 Saint-Herblain (Loire-Atlantique), pr\u00e8s de Nantes, indique Ouest-France. Vers 00h30, une explosion, vraisemblablement due \u00e0 l\u2019embrasement du r\u00e9servoir de carburant, a alert\u00e9 les riverains, qui ont contact\u00e9 les [&hellip;]","og_url":"https:\/\/stourm.news\/?p=4241","og_site_name":"STOURM","article_publisher":"https:\/\/www.facebook.com\/stourmnews\/","article_published_time":"2025-06-09T13:40:35+00:00","og_image":[{"width":1260,"height":708,"url":"https:\/\/stourm.news\/wp-content\/uploads\/2025\/06\/Gs9Eiz3XYAAy2Mb.jpg","type":"image\/jpeg"}],"author":"La r\u00e9daction","twitter_card":"summary_large_image","twitter_misc":{"\u00c9crit par":"La r\u00e9daction","Dur\u00e9e de lecture estim\u00e9e":"1 minute"},"schema":{"@context":"https:\/\/schema.org","@graph":[{"@type":"Article","@id":"https:\/\/stourm.news\/?p=4241#article","isPartOf":{"@id":"https:\/\/stourm.news\/?p=4241"},"author":{"name":"La r\u00e9daction","@id":"https:\/\/stourm.news\/#\/schema\/person\/c3e1dc65988632e190969234ef046cf9"},"headline":"Incendie volontaire \u00e0 Saint-Herblain : tensions croissantes autour d&rsquo;un point de deal \u00e0 la Pelousi\u00e8re","datePublished":"2025-06-09T13:40:35+00:00","mainEntityOfPage":{"@id":"https:\/\/stourm.news\/?p=4241"},"wordCount":185,"commentCount":0,"publisher":{"@id":"https:\/\/stourm.news\/#organization"},"image":{"@id":"https:\/\/stourm.news\/?p=4241#primaryimage"},"thumbnailUrl":"https:\/\/stourm.news\/wp-content\/uploads\/2025\/06\/Gs9Eiz3XYAAy2Mb.jpg","articleSection":["Drogue","Loire-Atlantique","Revue de presse"],"inLanguage":"fr-FR","potentialAction":[{"@type":"CommentAction","name":"Comment","target":["https:\/\/stourm.news\/?p=4241#respond"]}]},{"@type":"WebPage","@id":"https:\/\/stourm.news\/?p=4241","url":"https:\/\/stourm.news\/?p=4241","name":"Incendie volontaire \u00e0 Saint-Herblain : tensions croissantes autour d'un point de deal \u00e0 la Pelousi\u00e8re - STOURM","isPartOf":{"@id":"https:\/\/stourm.news\/#website"},"primaryImageOfPage":{"@id":"https:\/\/stourm.news\/?p=4241#primaryimage"},"image":{"@id":"https:\/\/stourm.news\/?p=4241#primaryimage"},"thumbnailUrl":"https:\/\/stourm.news\/wp-content\/uploads\/2025\/06\/Gs9Eiz3XYAAy2Mb.jpg","datePublished":"2025-06-09T13:40:35+00:00","breadcrumb":{"@id":"https:\/\/stourm.news\/?p=4241#breadcrumb"},"inLanguage":"fr-FR","potentialAction":[{"@type":"ReadAction","target":["https:\/\/stourm.news\/?p=4241"]}]},{"@type":"ImageObject","inLanguage":"fr-FR","@id":"https:\/\/stourm.news\/?p=4241#primaryimage","url":"https:\/\/stourm.news\/wp-content\/uploads\/2025\/06\/Gs9Eiz3XYAAy2Mb.jpg","contentUrl":"https:\/\/stourm.news\/wp-content\/uploads\/2025\/06\/Gs9Eiz3XYAAy2Mb.jpg","width":1260,"height":708},{"@type":"BreadcrumbList","@id":"https:\/\/stourm.news\/?p=4241#breadcrumb","itemListElement":[{"@type":"ListItem","position":1,"name":"Accueil","item":"https:\/\/stourm.news\/"},{"@type":"ListItem","position":2,"name":"Incendie volontaire \u00e0 Saint-Herblain : tensions croissantes autour d&rsquo;un point de deal \u00e0 la Pelousi\u00e8re"}]},{"@type":"WebSite","@id":"https:\/\/stourm.news\/#website","url":"https:\/\/stourm.news\/","name":"Stourm","description":"Kazetenn Strollad Broadel Breizh","publisher":{"@id":"https:\/\/stourm.news\/#organization"},"potentialAction":[{"@type":"SearchAction","target":{"@type":"EntryPoint","urlTemplate":"https:\/\/stourm.news\/?s={search_term_string}"},"query-input":{"@type":"PropertyValueSpecification","valueRequired":true,"valueName":"search_term_string"}}],"inLanguage":"fr-FR"},{"@type":"Organization","@id":"https:\/\/stourm.news\/#organization","name":"Stourm","url":"https:\/\/stourm.news\/","logo":{"@type":"ImageObject","inLanguage":"fr-FR","@id":"https:\/\/stourm.news\/#\/schema\/logo\/image\/","url":"https:\/\/stourm.news\/wp-content\/uploads\/2025\/11\/cropped-Capture-decran-2025-11-28-a-15.19.07.png","contentUrl":"https:\/\/stourm.news\/wp-content\/uploads\/2025\/11\/cropped-Capture-decran-2025-11-28-a-15.19.07.png","width":1855,"height":383,"caption":"Stourm"},"image":{"@id":"https:\/\/stourm.news\/#\/schema\/logo\/image\/"},"sameAs":["https:\/\/www.facebook.com\/stourmnews\/"]},{"@type":"Person","@id":"https:\/\/stourm.news\/#\/schema\/person\/c3e1dc65988632e190969234ef046cf9","name":"La r\u00e9daction","image":{"@type":"ImageObject","inLanguage":"fr-FR","@id":"https:\/\/stourm.news\/#\/schema\/person\/image\/","url":"https:\/\/secure.gravatar.com\/avatar\/7463443f194b6b5fb706b074ca0ef59a0cfcfd720cb47764b0ec5a952ce422b3?s=96&d=mm&r=g","contentUrl":"https:\/\/secure.gravatar.com\/avatar\/7463443f194b6b5fb706b074ca0ef59a0cfcfd720cb47764b0ec5a952ce422b3?s=96&d=mm&r=g","caption":"La r\u00e9daction"},"sameAs":["https:\/\/stourm.news"],"url":"https:\/\/stourm.news\/?author=1"}]}},"_links":{"self":[{"href":"https:\/\/stourm.news\/index.php?rest_route=\/wp\/v2\/posts\/4241","targetHints":{"allow":["GET"]}}],"collection":[{"href":"https:\/\/stourm.news\/index.php?rest_route=\/wp\/v2\/posts"}],"about":[{"href":"https:\/\/stourm.news\/index.php?rest_route=\/wp\/v2\/types\/post"}],"author":[{"embeddable":true,"href":"https:\/\/stourm.news\/index.php?rest_route=\/wp\/v2\/users\/1"}],"replies":[{"embeddable":true,"href":"https:\/\/stourm.news\/index.php?rest_route=%2Fwp%2Fv2%2Fcomments&post=4241"}],"version-history":[{"count":1,"href":"https:\/\/stourm.news\/index.php?rest_route=\/wp\/v2\/posts\/4241\/revisions"}],"predecessor-version":[{"id":4243,"href":"https:\/\/stourm.news\/index.php?rest_route=\/wp\/v2\/posts\/4241\/revisions\/4243"}],"wp:featuredmedia":[{"embeddable":true,"href":"https:\/\/stourm.news\/index.php?rest_route=\/wp\/v2\/media\/4242"}],"wp:attachment":[{"href":"https:\/\/stourm.news\/index.php?rest_route=%2Fwp%2Fv2%2Fmedia&parent=4241"}],"wp:term":[{"taxonomy":"category","embeddable":true,"href":"https:\/\/stourm.news\/index.php?rest_route=%2Fwp%2Fv2%2Fcategories&post=4241"},{"taxonomy":"post_tag","embeddable":true,"href":"https:\/\/stourm.news\/index.php?rest_route=%2Fwp%2Fv2%2Ftags&post=4241"}],"curies":[{"name":"wp","href":"https:\/\/api.w.org\/{rel}","templated":true}]}}