{"id":4244,"date":"2025-06-09T13:58:52","date_gmt":"2025-06-09T13:58:52","guid":{"rendered":"https:\/\/stourm.news\/?p=4244"},"modified":"2025-06-09T13:59:39","modified_gmt":"2025-06-09T13:59:39","slug":"4244","status":"publish","type":"post","link":"https:\/\/stourm.news\/?p=4244","title":{"rendered":"Dol-de-Bretagne : 40 000 \u20ac par migrant clandestin \u00ab\u00a0mineur\u00a0\u00bb, tandis que 1000 enfants handicap\u00e9s restent sans place d&rsquo;accueil"},"content":{"rendered":"<p style=\"text-align: justify;\"><strong><a href=\"https:\/\/www.letelegramme.fr\/ille-et-vilaine\/rennes-35000\/entre-rennes-et-saint-malo-cette-commune-va-accueillir-des-mineurs-etrangers-en-2024-6487425.php\">L\u2019ouverture d\u2019un nouveau centre d\u2019accueil<\/a><\/strong> pour 22 mineurs non accompagn\u00e9s (MNA) \u00e0 Dol-de-Bretagne, en Ille-et-Vilaine, le 4 juin dernier, soul\u00e8ve une indignation l\u00e9gitime face \u00e0 un gaspillage financier effarant et une politique migratoire impos\u00e9e par l\u2019\u00c9tat fran\u00e7ais au d\u00e9triment des Bretons. Ce dixi\u00e8me centre du d\u00e9partement, inaugur\u00e9 sous l\u2019\u00e9gide du pr\u00e9sident socialiste du Conseil d\u00e9partemental, Jean-Luc Chenut, co\u00fbte un million d\u2019euros pour l\u2019acquisition du b\u00e2timent, avec un budget annuel de fonctionnement de 875 000 \u20ac, <strong>soit 40 000 \u20ac par jeune<\/strong>. Une somme qui choque dans un contexte o\u00f9 les ressources publiques sont d\u00e9j\u00e0 exsangues.<\/p>\n<p style=\"text-align: justify;\">Ce centre, destin\u00e9 \u00e0 h\u00e9berger des jeunes \u00e9trangers qualifi\u00e9s de \u00ab mineurs isol\u00e9s \u00bb, souvent issus de r\u00e9seaux de passeurs, mobilise 10 salari\u00e9s pour leur encadrement, offrant logements, nourriture, soins et m\u00eame loisirs ou visites touristiques. Pendant ce temps, le d\u00e9partement avoue une situation de \u00ab catastrophe financi\u00e8re \u00bb, incapable de r\u00e9pondre aux besoins criants : <strong>1 000 places manquent pour les enfants en situation de handicap<\/strong>, et les familles bretonnes peinent \u00e0 se loger ou \u00e0 couvrir leurs frais de chauffage. Ironie am\u00e8re, Chenut envisage d\u2019augmenter les frais de notaire pour d\u00e9gager 8 millions d\u2019euros, alors que <strong>30 millions d\u2019euros<\/strong> sont annuellement dilapid\u00e9s pour prendre en charge plus de <strong>900 MNA<\/strong> via l\u2019Aide sociale \u00e0 l\u2019enfance \u2013 une somme colossale au regard des priorit\u00e9s locales.<\/p>\n<p><img fetchpriority=\"high\" decoding=\"async\" class=\"alignnone wp-image-4245 size-full\" src=\"https:\/\/stourm.news\/wp-content\/uploads\/2025\/06\/1200x680_sc_whatsapp-image-2025-06-04-at-19-24-18.jpg\" alt=\"\" width=\"1200\" height=\"680\" srcset=\"https:\/\/stourm.news\/wp-content\/uploads\/2025\/06\/1200x680_sc_whatsapp-image-2025-06-04-at-19-24-18.jpg 1200w, https:\/\/stourm.news\/wp-content\/uploads\/2025\/06\/1200x680_sc_whatsapp-image-2025-06-04-at-19-24-18-300x170.jpg 300w, https:\/\/stourm.news\/wp-content\/uploads\/2025\/06\/1200x680_sc_whatsapp-image-2025-06-04-at-19-24-18-1024x580.jpg 1024w, https:\/\/stourm.news\/wp-content\/uploads\/2025\/06\/1200x680_sc_whatsapp-image-2025-06-04-at-19-24-18-768x435.jpg 768w\" sizes=\"(max-width: 1200px) 100vw, 1200px\" \/><\/p>\n<p style=\"text-align: justify;\">Ce projet n\u2019est pas un cas isol\u00e9, mais le reflet d\u2019une politique d\u2019immigration de masse soutenue avec z\u00e8le par l\u2019\u00c9tat fran\u00e7ais et les partis au pouvoir, qu\u2019ils soient socialistes ou macronistes. Des millions d\u2019euros sont d\u00e9vers\u00e9s via des subventions \u00e0 des associations pro-migrantes, comme SOS M\u00e9diterran\u00e9e, tandis que les collectivit\u00e9s locales, sous la pression de lois centralisatrices, se plient \u00e0 cette logique d\u2019accueil co\u00fbteux et d\u00e9s\u00e9quilibr\u00e9e. Cette pr\u00e9f\u00e9rence pour l\u2019immigration \u00e9trang\u00e8re, financ\u00e9e par les contribuables bretons, expose un m\u00e9pris flagrant pour les besoins de la population bretonne, sacrifi\u00e9e sur l\u2019autel d\u2019une id\u00e9ologie migratoire impos\u00e9e par Paris.<\/p>\n<p style=\"text-align: justify;\">Les patriotes bretons ne peuvent que d\u00e9noncer cette gabegie orchestr\u00e9e par un \u00c9tat d\u00e9connect\u00e9, qui pr\u00e9f\u00e8re subventionner des structures pharaoniques pour des jeunes dont le statut reste flou, plut\u00f4t que de soutenir les familles et les enfants bretons en d\u00e9tresse. Cette affaire de Dol-de-Bretagne devient un symbole criant de l\u2019urgence de reprendre le contr\u00f4le des finances et des politiques locales face \u00e0 une centralisation aveugle et co\u00fbteuse.<\/p>\n<p style=\"text-align: right;\"><strong>Ewen Broc&rsquo;han<\/strong><\/p>\n","protected":false},"excerpt":{"rendered":"<p>L\u2019ouverture d\u2019un nouveau centre d\u2019accueil pour 22 mineurs non accompagn\u00e9s (MNA) \u00e0 Dol-de-Bretagne, en Ille-et-Vilaine, le 4 juin dernier, soul\u00e8ve une indignation l\u00e9gitime face \u00e0 un gaspillage financier effarant et une politique migratoire impos\u00e9e par l\u2019\u00c9tat fran\u00e7ais au d\u00e9triment des Bretons. Ce dixi\u00e8me centre du d\u00e9partement, inaugur\u00e9 sous l\u2019\u00e9gide du pr\u00e9sident socialiste du Conseil d\u00e9partemental, [&hellip;]<\/p>\n","protected":false},"author":1,"featured_media":4246,"comment_status":"open","ping_status":"open","sticky":false,"template":"","format":"standard","meta":{"sb_editor_width":"","footnotes":""},"categories":[41,33,65],"tags":[],"class_list":["post-4244","post","type-post","status-publish","format-standard","has-post-thumbnail","hentry","category-ille-et-vilaine","category-immigration","category-principale"],"relative_dates":{"created":"11 mois ago","modified":"11 mois ago"},"yoast_head":"<!-- This site is optimized with the Yoast SEO plugin v26.3 - https:\/\/yoast.com\/wordpress\/plugins\/seo\/ -->\n<title>Dol-de-Bretagne : 40 000 \u20ac par migrant clandestin &quot;mineur&quot;, tandis que 1000 enfants handicap\u00e9s restent sans place d&#039;accueil - STOURM<\/title>\n<meta name=\"robots\" content=\"index, follow, max-snippet:-1, max-image-preview:large, max-video-preview:-1\" \/>\n<link rel=\"canonical\" href=\"https:\/\/stourm.news\/?p=4244\" \/>\n<meta property=\"og:locale\" content=\"fr_FR\" \/>\n<meta property=\"og:type\" content=\"article\" \/>\n<meta property=\"og:title\" content=\"Dol-de-Bretagne : 40 000 \u20ac par migrant clandestin &quot;mineur&quot;, tandis que 1000 enfants handicap\u00e9s restent sans place d&#039;accueil - STOURM\" \/>\n<meta property=\"og:description\" content=\"L\u2019ouverture d\u2019un nouveau centre d\u2019accueil pour 22 mineurs non accompagn\u00e9s (MNA) \u00e0 Dol-de-Bretagne, en Ille-et-Vilaine, le 4 juin dernier, soul\u00e8ve une indignation l\u00e9gitime face \u00e0 un gaspillage financier effarant et une politique migratoire impos\u00e9e par l\u2019\u00c9tat fran\u00e7ais au d\u00e9triment des Bretons. Ce dixi\u00e8me centre du d\u00e9partement, inaugur\u00e9 sous l\u2019\u00e9gide du pr\u00e9sident socialiste du Conseil d\u00e9partemental, [&hellip;]\" \/>\n<meta property=\"og:url\" content=\"https:\/\/stourm.news\/?p=4244\" \/>\n<meta property=\"og:site_name\" content=\"STOURM\" \/>\n<meta property=\"article:publisher\" content=\"https:\/\/www.facebook.com\/stourmnews\/\" \/>\n<meta property=\"article:published_time\" content=\"2025-06-09T13:58:52+00:00\" \/>\n<meta property=\"article:modified_time\" content=\"2025-06-09T13:59:39+00:00\" \/>\n<meta property=\"og:image\" content=\"https:\/\/stourm.news\/wp-content\/uploads\/2025\/06\/524fa05891486964fa0589148ca4fav-960x640-1.jpg\" \/>\n\t<meta property=\"og:image:width\" content=\"960\" \/>\n\t<meta property=\"og:image:height\" content=\"640\" \/>\n\t<meta property=\"og:image:type\" content=\"image\/jpeg\" \/>\n<meta name=\"author\" content=\"La r\u00e9daction\" \/>\n<meta name=\"twitter:card\" content=\"summary_large_image\" \/>\n<meta name=\"twitter:label1\" content=\"\u00c9crit par\" \/>\n\t<meta name=\"twitter:data1\" content=\"La r\u00e9daction\" \/>\n\t<meta name=\"twitter:label2\" content=\"Dur\u00e9e de lecture estim\u00e9e\" \/>\n\t<meta name=\"twitter:data2\" content=\"3 minutes\" \/>\n<script type=\"application\/ld+json\" class=\"yoast-schema-graph\">{\"@context\":\"https:\/\/schema.org\",\"@graph\":[{\"@type\":\"Article\",\"@id\":\"https:\/\/stourm.news\/?p=4244#article\",\"isPartOf\":{\"@id\":\"https:\/\/stourm.news\/?p=4244\"},\"author\":{\"name\":\"La r\u00e9daction\",\"@id\":\"https:\/\/stourm.news\/#\/schema\/person\/c3e1dc65988632e190969234ef046cf9\"},\"headline\":\"Dol-de-Bretagne : 40 000 \u20ac par migrant clandestin \u00ab\u00a0mineur\u00a0\u00bb, tandis que 1000 enfants handicap\u00e9s restent sans place d&rsquo;accueil\",\"datePublished\":\"2025-06-09T13:58:52+00:00\",\"dateModified\":\"2025-06-09T13:59:39+00:00\",\"mainEntityOfPage\":{\"@id\":\"https:\/\/stourm.news\/?p=4244\"},\"wordCount\":450,\"commentCount\":0,\"publisher\":{\"@id\":\"https:\/\/stourm.news\/#organization\"},\"image\":{\"@id\":\"https:\/\/stourm.news\/?p=4244#primaryimage\"},\"thumbnailUrl\":\"https:\/\/stourm.news\/wp-content\/uploads\/2025\/06\/524fa05891486964fa0589148ca4fav-960x640-1.jpg\",\"articleSection\":[\"Ille-et-Vilaine\",\"Immigration\",\"Principale\"],\"inLanguage\":\"fr-FR\",\"potentialAction\":[{\"@type\":\"CommentAction\",\"name\":\"Comment\",\"target\":[\"https:\/\/stourm.news\/?p=4244#respond\"]}]},{\"@type\":\"WebPage\",\"@id\":\"https:\/\/stourm.news\/?p=4244\",\"url\":\"https:\/\/stourm.news\/?p=4244\",\"name\":\"Dol-de-Bretagne : 40 000 \u20ac par migrant clandestin \\\"mineur\\\", tandis que 1000 enfants handicap\u00e9s restent sans place d'accueil - STOURM\",\"isPartOf\":{\"@id\":\"https:\/\/stourm.news\/#website\"},\"primaryImageOfPage\":{\"@id\":\"https:\/\/stourm.news\/?p=4244#primaryimage\"},\"image\":{\"@id\":\"https:\/\/stourm.news\/?p=4244#primaryimage\"},\"thumbnailUrl\":\"https:\/\/stourm.news\/wp-content\/uploads\/2025\/06\/524fa05891486964fa0589148ca4fav-960x640-1.jpg\",\"datePublished\":\"2025-06-09T13:58:52+00:00\",\"dateModified\":\"2025-06-09T13:59:39+00:00\",\"breadcrumb\":{\"@id\":\"https:\/\/stourm.news\/?p=4244#breadcrumb\"},\"inLanguage\":\"fr-FR\",\"potentialAction\":[{\"@type\":\"ReadAction\",\"target\":[\"https:\/\/stourm.news\/?p=4244\"]}]},{\"@type\":\"ImageObject\",\"inLanguage\":\"fr-FR\",\"@id\":\"https:\/\/stourm.news\/?p=4244#primaryimage\",\"url\":\"https:\/\/stourm.news\/wp-content\/uploads\/2025\/06\/524fa05891486964fa0589148ca4fav-960x640-1.jpg\",\"contentUrl\":\"https:\/\/stourm.news\/wp-content\/uploads\/2025\/06\/524fa05891486964fa0589148ca4fav-960x640-1.jpg\",\"width\":960,\"height\":640},{\"@type\":\"BreadcrumbList\",\"@id\":\"https:\/\/stourm.news\/?p=4244#breadcrumb\",\"itemListElement\":[{\"@type\":\"ListItem\",\"position\":1,\"name\":\"Accueil\",\"item\":\"https:\/\/stourm.news\/\"},{\"@type\":\"ListItem\",\"position\":2,\"name\":\"Dol-de-Bretagne : 40 000 \u20ac par migrant clandestin \u00ab\u00a0mineur\u00a0\u00bb, tandis que 1000 enfants handicap\u00e9s restent sans place d&rsquo;accueil\"}]},{\"@type\":\"WebSite\",\"@id\":\"https:\/\/stourm.news\/#website\",\"url\":\"https:\/\/stourm.news\/\",\"name\":\"Stourm\",\"description\":\"Kazetenn Strollad Broadel Breizh\",\"publisher\":{\"@id\":\"https:\/\/stourm.news\/#organization\"},\"potentialAction\":[{\"@type\":\"SearchAction\",\"target\":{\"@type\":\"EntryPoint\",\"urlTemplate\":\"https:\/\/stourm.news\/?s={search_term_string}\"},\"query-input\":{\"@type\":\"PropertyValueSpecification\",\"valueRequired\":true,\"valueName\":\"search_term_string\"}}],\"inLanguage\":\"fr-FR\"},{\"@type\":\"Organization\",\"@id\":\"https:\/\/stourm.news\/#organization\",\"name\":\"Stourm\",\"url\":\"https:\/\/stourm.news\/\",\"logo\":{\"@type\":\"ImageObject\",\"inLanguage\":\"fr-FR\",\"@id\":\"https:\/\/stourm.news\/#\/schema\/logo\/image\/\",\"url\":\"https:\/\/stourm.news\/wp-content\/uploads\/2025\/11\/cropped-Capture-decran-2025-11-28-a-15.19.07.png\",\"contentUrl\":\"https:\/\/stourm.news\/wp-content\/uploads\/2025\/11\/cropped-Capture-decran-2025-11-28-a-15.19.07.png\",\"width\":1855,\"height\":383,\"caption\":\"Stourm\"},\"image\":{\"@id\":\"https:\/\/stourm.news\/#\/schema\/logo\/image\/\"},\"sameAs\":[\"https:\/\/www.facebook.com\/stourmnews\/\"]},{\"@type\":\"Person\",\"@id\":\"https:\/\/stourm.news\/#\/schema\/person\/c3e1dc65988632e190969234ef046cf9\",\"name\":\"La r\u00e9daction\",\"image\":{\"@type\":\"ImageObject\",\"inLanguage\":\"fr-FR\",\"@id\":\"https:\/\/stourm.news\/#\/schema\/person\/image\/\",\"url\":\"https:\/\/secure.gravatar.com\/avatar\/7463443f194b6b5fb706b074ca0ef59a0cfcfd720cb47764b0ec5a952ce422b3?s=96&d=mm&r=g\",\"contentUrl\":\"https:\/\/secure.gravatar.com\/avatar\/7463443f194b6b5fb706b074ca0ef59a0cfcfd720cb47764b0ec5a952ce422b3?s=96&d=mm&r=g\",\"caption\":\"La r\u00e9daction\"},\"sameAs\":[\"https:\/\/stourm.news\"],\"url\":\"https:\/\/stourm.news\/?author=1\"}]}<\/script>\n<!-- \/ Yoast SEO plugin. -->","yoast_head_json":{"title":"Dol-de-Bretagne : 40 000 \u20ac par migrant clandestin \"mineur\", tandis que 1000 enfants handicap\u00e9s restent sans place d'accueil - STOURM","robots":{"index":"index","follow":"follow","max-snippet":"max-snippet:-1","max-image-preview":"max-image-preview:large","max-video-preview":"max-video-preview:-1"},"canonical":"https:\/\/stourm.news\/?p=4244","og_locale":"fr_FR","og_type":"article","og_title":"Dol-de-Bretagne : 40 000 \u20ac par migrant clandestin \"mineur\", tandis que 1000 enfants handicap\u00e9s restent sans place d'accueil - STOURM","og_description":"L\u2019ouverture d\u2019un nouveau centre d\u2019accueil pour 22 mineurs non accompagn\u00e9s (MNA) \u00e0 Dol-de-Bretagne, en Ille-et-Vilaine, le 4 juin dernier, soul\u00e8ve une indignation l\u00e9gitime face \u00e0 un gaspillage financier effarant et une politique migratoire impos\u00e9e par l\u2019\u00c9tat fran\u00e7ais au d\u00e9triment des Bretons. Ce dixi\u00e8me centre du d\u00e9partement, inaugur\u00e9 sous l\u2019\u00e9gide du pr\u00e9sident socialiste du Conseil d\u00e9partemental, [&hellip;]","og_url":"https:\/\/stourm.news\/?p=4244","og_site_name":"STOURM","article_publisher":"https:\/\/www.facebook.com\/stourmnews\/","article_published_time":"2025-06-09T13:58:52+00:00","article_modified_time":"2025-06-09T13:59:39+00:00","og_image":[{"width":960,"height":640,"url":"https:\/\/stourm.news\/wp-content\/uploads\/2025\/06\/524fa05891486964fa0589148ca4fav-960x640-1.jpg","type":"image\/jpeg"}],"author":"La r\u00e9daction","twitter_card":"summary_large_image","twitter_misc":{"\u00c9crit par":"La r\u00e9daction","Dur\u00e9e de lecture estim\u00e9e":"3 minutes"},"schema":{"@context":"https:\/\/schema.org","@graph":[{"@type":"Article","@id":"https:\/\/stourm.news\/?p=4244#article","isPartOf":{"@id":"https:\/\/stourm.news\/?p=4244"},"author":{"name":"La r\u00e9daction","@id":"https:\/\/stourm.news\/#\/schema\/person\/c3e1dc65988632e190969234ef046cf9"},"headline":"Dol-de-Bretagne : 40 000 \u20ac par migrant clandestin \u00ab\u00a0mineur\u00a0\u00bb, tandis que 1000 enfants handicap\u00e9s restent sans place d&rsquo;accueil","datePublished":"2025-06-09T13:58:52+00:00","dateModified":"2025-06-09T13:59:39+00:00","mainEntityOfPage":{"@id":"https:\/\/stourm.news\/?p=4244"},"wordCount":450,"commentCount":0,"publisher":{"@id":"https:\/\/stourm.news\/#organization"},"image":{"@id":"https:\/\/stourm.news\/?p=4244#primaryimage"},"thumbnailUrl":"https:\/\/stourm.news\/wp-content\/uploads\/2025\/06\/524fa05891486964fa0589148ca4fav-960x640-1.jpg","articleSection":["Ille-et-Vilaine","Immigration","Principale"],"inLanguage":"fr-FR","potentialAction":[{"@type":"CommentAction","name":"Comment","target":["https:\/\/stourm.news\/?p=4244#respond"]}]},{"@type":"WebPage","@id":"https:\/\/stourm.news\/?p=4244","url":"https:\/\/stourm.news\/?p=4244","name":"Dol-de-Bretagne : 40 000 \u20ac par migrant clandestin \"mineur\", tandis que 1000 enfants handicap\u00e9s restent sans place d'accueil - STOURM","isPartOf":{"@id":"https:\/\/stourm.news\/#website"},"primaryImageOfPage":{"@id":"https:\/\/stourm.news\/?p=4244#primaryimage"},"image":{"@id":"https:\/\/stourm.news\/?p=4244#primaryimage"},"thumbnailUrl":"https:\/\/stourm.news\/wp-content\/uploads\/2025\/06\/524fa05891486964fa0589148ca4fav-960x640-1.jpg","datePublished":"2025-06-09T13:58:52+00:00","dateModified":"2025-06-09T13:59:39+00:00","breadcrumb":{"@id":"https:\/\/stourm.news\/?p=4244#breadcrumb"},"inLanguage":"fr-FR","potentialAction":[{"@type":"ReadAction","target":["https:\/\/stourm.news\/?p=4244"]}]},{"@type":"ImageObject","inLanguage":"fr-FR","@id":"https:\/\/stourm.news\/?p=4244#primaryimage","url":"https:\/\/stourm.news\/wp-content\/uploads\/2025\/06\/524fa05891486964fa0589148ca4fav-960x640-1.jpg","contentUrl":"https:\/\/stourm.news\/wp-content\/uploads\/2025\/06\/524fa05891486964fa0589148ca4fav-960x640-1.jpg","width":960,"height":640},{"@type":"BreadcrumbList","@id":"https:\/\/stourm.news\/?p=4244#breadcrumb","itemListElement":[{"@type":"ListItem","position":1,"name":"Accueil","item":"https:\/\/stourm.news\/"},{"@type":"ListItem","position":2,"name":"Dol-de-Bretagne : 40 000 \u20ac par migrant clandestin \u00ab\u00a0mineur\u00a0\u00bb, tandis que 1000 enfants handicap\u00e9s restent sans place d&rsquo;accueil"}]},{"@type":"WebSite","@id":"https:\/\/stourm.news\/#website","url":"https:\/\/stourm.news\/","name":"Stourm","description":"Kazetenn Strollad Broadel Breizh","publisher":{"@id":"https:\/\/stourm.news\/#organization"},"potentialAction":[{"@type":"SearchAction","target":{"@type":"EntryPoint","urlTemplate":"https:\/\/stourm.news\/?s={search_term_string}"},"query-input":{"@type":"PropertyValueSpecification","valueRequired":true,"valueName":"search_term_string"}}],"inLanguage":"fr-FR"},{"@type":"Organization","@id":"https:\/\/stourm.news\/#organization","name":"Stourm","url":"https:\/\/stourm.news\/","logo":{"@type":"ImageObject","inLanguage":"fr-FR","@id":"https:\/\/stourm.news\/#\/schema\/logo\/image\/","url":"https:\/\/stourm.news\/wp-content\/uploads\/2025\/11\/cropped-Capture-decran-2025-11-28-a-15.19.07.png","contentUrl":"https:\/\/stourm.news\/wp-content\/uploads\/2025\/11\/cropped-Capture-decran-2025-11-28-a-15.19.07.png","width":1855,"height":383,"caption":"Stourm"},"image":{"@id":"https:\/\/stourm.news\/#\/schema\/logo\/image\/"},"sameAs":["https:\/\/www.facebook.com\/stourmnews\/"]},{"@type":"Person","@id":"https:\/\/stourm.news\/#\/schema\/person\/c3e1dc65988632e190969234ef046cf9","name":"La r\u00e9daction","image":{"@type":"ImageObject","inLanguage":"fr-FR","@id":"https:\/\/stourm.news\/#\/schema\/person\/image\/","url":"https:\/\/secure.gravatar.com\/avatar\/7463443f194b6b5fb706b074ca0ef59a0cfcfd720cb47764b0ec5a952ce422b3?s=96&d=mm&r=g","contentUrl":"https:\/\/secure.gravatar.com\/avatar\/7463443f194b6b5fb706b074ca0ef59a0cfcfd720cb47764b0ec5a952ce422b3?s=96&d=mm&r=g","caption":"La r\u00e9daction"},"sameAs":["https:\/\/stourm.news"],"url":"https:\/\/stourm.news\/?author=1"}]}},"_links":{"self":[{"href":"https:\/\/stourm.news\/index.php?rest_route=\/wp\/v2\/posts\/4244","targetHints":{"allow":["GET"]}}],"collection":[{"href":"https:\/\/stourm.news\/index.php?rest_route=\/wp\/v2\/posts"}],"about":[{"href":"https:\/\/stourm.news\/index.php?rest_route=\/wp\/v2\/types\/post"}],"author":[{"embeddable":true,"href":"https:\/\/stourm.news\/index.php?rest_route=\/wp\/v2\/users\/1"}],"replies":[{"embeddable":true,"href":"https:\/\/stourm.news\/index.php?rest_route=%2Fwp%2Fv2%2Fcomments&post=4244"}],"version-history":[{"count":2,"href":"https:\/\/stourm.news\/index.php?rest_route=\/wp\/v2\/posts\/4244\/revisions"}],"predecessor-version":[{"id":4248,"href":"https:\/\/stourm.news\/index.php?rest_route=\/wp\/v2\/posts\/4244\/revisions\/4248"}],"wp:featuredmedia":[{"embeddable":true,"href":"https:\/\/stourm.news\/index.php?rest_route=\/wp\/v2\/media\/4246"}],"wp:attachment":[{"href":"https:\/\/stourm.news\/index.php?rest_route=%2Fwp%2Fv2%2Fmedia&parent=4244"}],"wp:term":[{"taxonomy":"category","embeddable":true,"href":"https:\/\/stourm.news\/index.php?rest_route=%2Fwp%2Fv2%2Fcategories&post=4244"},{"taxonomy":"post_tag","embeddable":true,"href":"https:\/\/stourm.news\/index.php?rest_route=%2Fwp%2Fv2%2Ftags&post=4244"}],"curies":[{"name":"wp","href":"https:\/\/api.w.org\/{rel}","templated":true}]}}