{"id":4250,"date":"2025-06-10T16:51:43","date_gmt":"2025-06-10T16:51:43","guid":{"rendered":"https:\/\/stourm.news\/?p=4250"},"modified":"2025-06-10T16:52:07","modified_gmt":"2025-06-10T16:52:07","slug":"analyse-la-gauche-le-republicanisme-et-les-migrations-de-masse-par-ann-marita","status":"publish","type":"post","link":"https:\/\/stourm.news\/?p=4250","title":{"rendered":"IRLANDE \u2013 \u00ab La gauche, le r\u00e9publicanisme et les migrations de masse \u00bb par Ann Marita."},"content":{"rendered":"<p style=\"text-align: justify;\">Un graffiti proclamant <strong>\u00ab L&rsquo;Irlande aux Irlandais \u00bb<\/strong> est apparu sur Falls Road \u00e0 Belfast apr\u00e8s les \u00e9meutes de Dublin en 2023. Le slogan a fait la une de BBC Six Counties le lendemain soir. Le d\u00e9put\u00e9 local de Sinn F\u00e9in, Paul Maskey, a d\u00e9nonc\u00e9 le graffiti comme <strong>\u00ab raciste \u00bb<\/strong>, tandis que Gerry Carroll, d\u00e9put\u00e9 de People Before Profit, a d\u00e9clar\u00e9 qu\u2019il fallait <strong>\u00ab construire un mouvement pour \u00e9radiquer cette haine \u00bb<\/strong>. Les graffitis politiques apparaissent quotidiennement \u00e0 Belfast, certains \u00e9tant particuli\u00e8rement n\u00e9fastes. Ce qui a distingu\u00e9 cet incident, c\u2019est la r\u00e9action. De quoi les politiciens avaient-ils peur ?<\/p>\n<p style=\"text-align: justify;\">Le m\u00e9contentement sous-jacent refl\u00e8te l\u2019effondrement du contrat social et une d\u00e9sillusion croissante envers les m\u00e9rites de la d\u00e9mocratie parlementaire. Les dirigeants irlandais se sont lanc\u00e9s dans une ing\u00e9nierie d\u00e9mographique et sociale contre la volont\u00e9 de l\u2019\u00e9lectorat. Ils ont ignor\u00e9 le r\u00e9sultat du r\u00e9f\u00e9rendum sur la citoyennet\u00e9 de 2004 et forc\u00e9 les \u00e9lecteurs \u00e0 revoter apr\u00e8s le rejet du trait\u00e9 de Lisbonne en 2009. Lorsque des non-nationaux ont \u00e9t\u00e9 install\u00e9s dans les communaut\u00e9s, les r\u00e9sidents irlandais natifs ont \u00e9t\u00e9 inform\u00e9s qu\u2019ils n\u2019avaient <strong>\u00ab aucun veto \u00bb<\/strong> et que leur avis \u00e9tait sans importance.<\/p>\n<p style=\"text-align: justify;\">Cette d\u00e9sillusion explique en partie la violence dans les rues de Dublin \u00e0 la fin de 2023. Le Dublin cr\u00e9\u00e9 par l\u2019Irlande postmoderne n\u2019est pas le paradis envisag\u00e9. Mais les \u00e9lites font tout pour masquer la r\u00e9alit\u00e9 d\u00e9sagr\u00e9able qui se cache sous la surface. Les d\u00e9fenseurs d\u2019une Irlande post-nationale affirment que la nationalit\u00e9 n\u2019a aucun r\u00f4le dans la soci\u00e9t\u00e9. Ils consid\u00e8rent la mondialisation comme une force positive, car elle nous \u00e9loigne de ce qu\u2019ils jugent \u00eatre un catholicisme paroissial et des destructions du combat pour la lib\u00e9ration nationale. Tous les aspects de la vie sociale et politique sont devenus subordonn\u00e9s au sacr\u00e9 Euro. Comme l\u2019a not\u00e9 feu l\u2019intellectuel irlandais Desmond Fennell, c\u2019est la cons\u00e9quence in\u00e9vitable de consid\u00e9rer la nation comme une simple unit\u00e9 \u00e9conomique et l\u2019\u00c9tat comme un distributeur de bienfaits.<\/p>\n<p><img fetchpriority=\"high\" decoding=\"async\" class=\"alignnone size-medium\" src=\"https:\/\/www.irishexaminer.com\/cms_media\/module_img\/9221\/4610974_10_articlelarge_Fr_20Paddy_20dUBLIN_20RIOTS.jpg\" width=\"1200\" height=\"675\" \/><\/p>\n<p style=\"text-align: justify;\">Les r\u00e9actions des politiciens, tous partis confondus, montrent l\u2019\u00e9mergence d\u2019un large consensus lib\u00e9ral qui transcende la politique partisane. Apr\u00e8s la violence \u00e0 Dublin, le conseiller de Fianna F\u00e1il, Azad Talukder, a d\u00e9clar\u00e9 au conseil municipal de Limerick qu\u2019il souhaitait voir les manifestants<strong> \u00ab abattus d\u2019une balle dans la t\u00eate ou battus \u00e0 mort par le public \u00bb<\/strong>. Le ministre d\u2019\u00c9tat Patrick O\u2019Donovan a sugg\u00e9r\u00e9 de couper les aides sociales des \u00e9meutiers. Le d\u00e9put\u00e9 de People Before Profit, Mick Barry, a affirm\u00e9 qu\u2019une r\u00e9ponse bas\u00e9e sur <strong>\u00ab la loi et l\u2019ordre \u00bb<\/strong> \u00e0 l\u2019\u00e9meute de Dublin<strong> \u00ab ne fonctionnerait pas \u00bb<\/strong>, car <strong>\u00ab on ne peut pas laver une culture de masculinit\u00e9 toxique avec des canons \u00e0 eau \u00bb<\/strong>.<\/p>\n<p><img decoding=\"async\" class=\"alignnone size-medium\" src=\"https:\/\/www.limerickpost.ie\/site\/wp-content\/uploads\/2023\/06\/AGM-Metropolitan-District-of-Limerick-65-scaled.jpg\" width=\"2560\" height=\"1706\" \/><\/p>\n<p style=\"text-align: center;\"><em>Azad Talukder\u00a0<\/em><\/p>\n<p style=\"text-align: justify;\">Le syst\u00e8me est en panique, car le large consensus lib\u00e9ral peine \u00e0 dissimuler le dessous disgracieux du pr\u00e9tendu miracle post-national. Hazel Chu, ancienne maire de Dublin, a soutenu \u00e0 la t\u00e9l\u00e9vision que le r\u00f4le des journalistes n\u2019est pas de rapporter la v\u00e9rit\u00e9, mais d\u2019encourager l\u2019unit\u00e9. Ce r\u00f4le a \u00e9t\u00e9 repris par Fintan O\u2019Toole, chroniqueur en chef de l\u2019Irish Times. Dans sa chronique du 28 novembre 2023, O\u2019Toole a affirm\u00e9 que les \u00e9meutes de Dublin \u00e9taient le produit d\u2019une mobilisation d\u2019extr\u00eame droite, certains participants venant d\u2019aussi loin que Navan. La seule personne de Navan inculp\u00e9e en lien avec les \u00e9meutes \u00e9tait un non-national, probablement pas membre de l\u2019<strong>\u00ab extr\u00eame droite irlandaise \u00bb<\/strong>.<\/p>\n<p><img decoding=\"async\" class=\"alignnone size-medium\" src=\"https:\/\/cloudfront-eu-central-1.images.arcpublishing.com\/irishtimes\/3LJZUZR6P4J7M2JVALELXHSMLI.jpg\" width=\"3000\" height=\"1687\" \/><\/p>\n<p style=\"text-align: center;\"><em>Hazel Chu<\/em><\/p>\n<p style=\"text-align: justify;\">En effet, si O\u2019Toole avait consult\u00e9 son propre journal deux jours plus t\u00f4t, il aurait trouv\u00e9 une liste des personnes inculp\u00e9es en lien avec les troubles, bien plus diversifi\u00e9e qu\u2019une salle de r\u00e9daction de l\u2019Irish Times, avec une pl\u00e9thore de noms \u00e9trangers. Il est curieux qu\u2019un chroniqueur de premier plan puisse publier de telles inexactitudes en toute impunit\u00e9, alors que la classe politique insiste sur la lutte contre ce qu\u2019elle appelle la d\u00e9sinformation. La m\u00eame \u00e9dition de l\u2019Irish Times pr\u00e9sentait un article sur des r\u00e9fugi\u00e9s ukrainiens rentrant chez eux pour No\u00ebl. L\u2019article notait \u00e9galement que l\u2019\u00c9tat irlandais a fourni un logement \u00e0 plus de 100 000 r\u00e9fugi\u00e9s ukrainiens et demandeurs de protection internationale, dont 25 000 dans des h\u00f4tels, aux frais des contribuables. Un article sur une page suivante mentionnait des taux record de sans-abrisme et des personnes handicap\u00e9es incapables de trouver un logement.<\/p>\n<p style=\"text-align: justify;\">Le pr\u00e9sident Michael D. Higgins a d\u00e9clar\u00e9 \u00e0 la m\u00eame p\u00e9riode qu\u2019il fallait consacrer plus d\u2019efforts \u00e0 comprendre <strong>\u00ab l\u2019extr\u00eame droite qui divise la soci\u00e9t\u00e9 irlandaise \u00bb<\/strong>. Pourtant, l\u2019Irlande officielle continue d\u2019ignorer la r\u00e9alit\u00e9 dans les rues. Les protestations anti-immigration ne sont pas le r\u00e9sultat d\u2019une organisation d\u2019extr\u00eame droite ; elles sont majoritairement spontan\u00e9es, le mouvement nationaliste naissant ne faisant que suivre le mouvement. Les Irlandais ordinaires dans les rues ne sont pas des activistes fascistes. Croit-on vraiment que des jeunes et des m\u00e8res c\u00e9libataires des \u00ab appartements \u00bb ont \u00e9t\u00e9 radicalis\u00e9s par un mouvement d\u2019extr\u00eame droite tapi dans l\u2019ombre ? C\u2019est une approche d\u00e9valorisante qui suppose que les classes populaires n\u2019ont pas d\u2019autonomie. Les gens voient ce qui se passe dans leurs communaut\u00e9s et r\u00e9agissent.<\/p>\n<p><img loading=\"lazy\" decoding=\"async\" class=\"alignnone size-medium\" src=\"https:\/\/www.ictu.ie\/sites\/default\/files\/styles\/mt_large\/public\/mediaimages\/2021\/Michael-D-Higgins.jpg?itok=zUj9SoR-\" width=\"1350\" height=\"730\" \/><\/p>\n<p style=\"text-align: center;\"><em>Michael D. Higgins<\/em><\/p>\n<p style=\"text-align: justify;\">Peu d\u2019efforts ont \u00e9t\u00e9 faits pour comprendre ce qui se passe. Le gouvernement, les m\u00e9dias et la soci\u00e9t\u00e9 civile ont r\u00e9ussi \u00e0 expurger les voix critiques de la sph\u00e8re publique. Ils interpr\u00e8tent les opinions divergentes \u00e0 travers le prisme de la guerre culturelle, ignorant les nouvelles forces sociales et politiques apparues en r\u00e9ponse aux politiques gouvernementales. Les r\u00e9actions aux conditions sociales qui se d\u00e9t\u00e9riorent depuis des ann\u00e9es sont rejet\u00e9es comme une forme de fausse conscience, et toute organisation politique en dehors du large consensus est trait\u00e9e comme ill\u00e9gitime.<\/p>\n<p style=\"text-align: justify;\"><strong>La R\u00e9action de la Gauche<\/strong><\/p>\n<p style=\"text-align: justify;\">Il est int\u00e9ressant de noter que le discours officiel de l\u2019\u00c9tat est repris par la plupart de la gauche et des r\u00e9publicains \u2013 partis et groupes qui se disent anti-syst\u00e8me, mais semblent r\u00e9ticents \u00e0 sortir des limites du large consensus lib\u00e9ral. Pourtant, des fissures commencent \u00e0 appara\u00eetre dans la fa\u00e7ade du syst\u00e8me.<\/p>\n<p style=\"text-align: justify;\">Le Parti socialiste r\u00e9publicain irlandais (IRSP) a publi\u00e9 un document de politique sur l\u2019immigration massive au d\u00e9but de l\u2019ann\u00e9e derni\u00e8re. Bien que globalement faible, le document soutient que : <strong>\u00ab les nombres entrant en Irlande, comme de nombreuses autres politiques politiques et \u00e9conomiques, affectent le bien-\u00eatre du peuple irlandais. Un exemple \u00e9vident est que l\u2019augmentation des effectifs peut entra\u00eener une demande accrue sur des ressources rares. \u00bb<\/strong><\/p>\n<p style=\"text-align: justify;\">L\u2019IRSP reconna\u00eet que l\u2019immigration a un impact n\u00e9gatif sur le march\u00e9 du logement et que la strat\u00e9gie du gouvernement repose uniquement sur la maximisation des profits. Malgr\u00e9 son histoire de dysfonctionnement chronique, l\u2019IRSP conserve une base dans certains quartiers ouvriers de Belfast, Derry et Strabane. Le parti s\u2019est confront\u00e9 \u00e0 Northern Property, une agence immobili\u00e8re bas\u00e9e sur Falls Road \u00e0 Belfast ouest. Des zones comme Beechmount, dans le secteur mid-Falls, sont rapidement devenues des centres pour loger des non-nationaux \u00e0 Belfast ouest, et les loyers ont augment\u00e9 d\u2019environ 25 % l\u2019ann\u00e9e derni\u00e8re. Des zones comme Falls offrent un refuge aux non-nationaux chass\u00e9s des zones loyalistes, et les agences immobili\u00e8res locales en profitent. Cela a exerc\u00e9 une pression significative sur le march\u00e9 du logement.<\/p>\n<p style=\"text-align: justify;\">Ainsi, l\u2019IRSP reconna\u00eet que des ressources comme le logement ne sont pas infinies : <strong>\u00ab Les nombres entrant en Irlande, comme de nombreuses autres politiques politiques et \u00e9conomiques, affectent le bien-\u00eatre du peuple irlandais. Un exemple \u00e9vident est que l\u2019augmentation des effectifs peut entra\u00eener une demande accrue sur des ressources rares. \u00bb<\/strong><\/p>\n<p style=\"text-align: justify;\">La position de l\u2019IRSP est particuli\u00e8rement int\u00e9ressante, \u00e9tant donn\u00e9 que le parti a particip\u00e9 \u00e0 des efforts pour emp\u00eacher le Irish Freedom Party d\u2019organiser \u00e0 Belfast. L\u2019IRSP a not\u00e9 qu\u2019il continuerait \u00e0 <strong>\u00ab s\u2019opposer au fascisme \u00bb<\/strong> \u2013 ce qui signifie essentiellement qu\u2019il tentera de faire taire ceux qui sont parvenus \u00e0 la m\u00eame position qu\u2019eux.<\/p>\n<p><img loading=\"lazy\" decoding=\"async\" class=\"alignnone size-medium\" src=\"https:\/\/irsp.ie\/wp-content\/uploads\/2023\/07\/IMG_4419-thegem-blog-default.jpeg\" width=\"780\" height=\"540\" \/><\/p>\n<p style=\"text-align: justify;\">Bien que le document de l\u2019IRSP soit important, il r\u00e9p\u00e8te la rh\u00e9torique standard de la gauche sur l\u2019unit\u00e9 de la classe ouvri\u00e8re. S\u2019appuyant sur le d\u00e9bat de 1911 entre James Connolly et William Walker, l\u2019IRSP soutient depuis longtemps que l\u2019unit\u00e9 de la classe ouvri\u00e8re dans le nord est un r\u00eave irr\u00e9alisable. Dans un article de 1975 intitul\u00e9 Loyalism and the Connolly Approach, le fondateur de l\u2019IRSP, Seamus Costello, critiquait l\u2019approche \u00ab \u00e9conomiste \u00bb de la gauche qui ignorait la partition comme contradiction principale de la soci\u00e9t\u00e9. Costello estimait que l\u2019unit\u00e9 de la classe ouvri\u00e8re ne pouvait \u00eatre forg\u00e9e tant que la gauche et les r\u00e9publicains ignoraient ces contradictions. Pourtant, la gauche aujourd\u2019hui reste aveugle au fait que la question nationale en Irlande se transformera in\u00e9vitablement en une multitude de questions nationales forg\u00e9es par le rouleau compresseur de la diversit\u00e9 postmoderne. Peu de r\u00e9publicains socialistes seraient pr\u00eats \u00e0 conc\u00e9der ce point. Ils semblent ignorer que cela rendra les objectifs r\u00e9publicains bien plus difficiles \u00e0 atteindre.<\/p>\n<p style=\"text-align: justify;\">La position de l\u2019IRSP est confuse et incoh\u00e9rente, mais elle t\u00e9moigne n\u00e9anmoins d\u2019une reconnaissance du m\u00e9contentement dans les communaut\u00e9s ouvri\u00e8res o\u00f9 l\u2019IRSP a une base. Le document de l\u2019IRSP est peu d\u00e9velopp\u00e9, mais le parti est bien en avance sur le reste de la gauche en ce qu\u2019il reconna\u00eet : <strong>\u00ab Actuellement, des individus et des institutions telles que les grandes entreprises, les banques et les propri\u00e9taires, appel\u00e9s capitalistes, d\u00e9cident de qui entre en Irlande et y r\u00e9side. Cela est d\u00fb au fait que ces capitalistes poss\u00e8dent et contr\u00f4lent les ressources et la richesse de l\u2019Irlande \u2013 celui qui contr\u00f4le la richesse et les ressources d\u2019une nation contr\u00f4le ses d\u00e9cisions politiques et \u00e9conomiques, y compris sur l\u2019immigration. Les capitalistes prennent de telles d\u00e9cisions en fonction de leurs propres int\u00e9r\u00eats, souhaitant maximiser leurs profits, et cela cause de nombreux probl\u00e8mes d\u00e9coulant des politiques impliquant les mouvements de population. M\u00eame pour ceux qui ne voient aucun probl\u00e8me avec l\u2019immigration actuellement, le processus d\u2019immigration reste vuln\u00e9rable aux abus sous sa forme actuelle. \u00bb<\/strong><\/p>\n<p style=\"text-align: justify;\">La gauche a tendance \u00e0 affirmer que l\u2019immigration se produit dans une bulle sans facteurs d\u2019attraction subjectifs. Ainsi, elle ignore compl\u00e8tement la relation entre l\u2019immigration de masse et le capital. Le document de l\u2019IRSP note : <strong>\u00ab Ils les veulent ici pour en tirer profit, mais ils veulent aussi la division entre les travailleurs \u00e9trangers et natifs. Les capitalistes ont alors la possibilit\u00e9 de choisir la composition ethnique, culturelle et religieuse de ceux qui entrent dans le pays, ainsi que leur nombre et la rapidit\u00e9 de leur arriv\u00e9e, et ils peuvent le faire de mani\u00e8re \u00e0 rendre tr\u00e8s difficile l\u2019unit\u00e9 entre les travailleurs de diff\u00e9rents horizons. \u00bb<\/strong><\/p>\n<p style=\"text-align: justify;\">Le Workers\u2019 Party a not\u00e9 dans une d\u00e9claration que, tout en s\u2019opposant \u00e0 la <strong>\u00ab politique de la haine \u00bb<\/strong>, l\u2019immigration a un impact n\u00e9gatif sur le march\u00e9 du logement, un fait cat\u00e9goriquement ni\u00e9 par le reste de la gauche. Le Workers\u2019 Party a d\u00e9clar\u00e9 : <strong>\u00ab La capacit\u00e9 de l\u2019\u00c9tat \u00e0 subvenir aux besoins de ceux d\u2019entre nous qui vivent d\u00e9j\u00e0 en Irlande doit \u00eatre prise en compte lors de l\u2019\u00e9valuation de la capacit\u00e9 \u00e0 accueillir les migrants. S\u2019il y a un manque, ce sont les travailleurs qui en subiront les cons\u00e9quences. \u00bb<\/strong><\/p>\n<p><img loading=\"lazy\" decoding=\"async\" class=\"aligncenter\" src=\"https:\/\/lh4.googleusercontent.com\/proxy\/-46RJfRAYPb2weTpVlWxZYhMcA4Roghx6MdpUn6F0OwZtQD8sViienJpC1PY5q4PJLcqnraalqXmWbdkQXtO5G3f0n-ezydavvFf4FKP9lLSd5ludRlynhA\" alt=\"\" width=\"663\" height=\"259\" \/><\/p>\n<p style=\"text-align: center;\"><em>Militants du Workers&rsquo; Party<\/em><\/p>\n<p style=\"text-align: justify;\">Les changements de politique de l\u2019IRSP et du Workers\u2019 Party ont provoqu\u00e9 des ruptures au sein de la gauche, mais ils montrent qu\u2019une partie de la gauche commence \u00e0 comprendre la nature changeante du capitalisme irlandais. Les deux partis ont l\u2019oreille dans de nombreuses r\u00e9gions du pays et, compte tenu de leur pass\u00e9 militant, la gauche h\u00e9sitera \u00e0 les intimider comme elle le fait avec ceux de droite.<\/p>\n<p style=\"text-align: justify;\">La gauche voit la question de l\u2019immigration en termes moralistes \u2013 nous devons aider les personnes arrivant ici car elles sont vuln\u00e9rables et d\u00e9munies. Cette position est renforc\u00e9e par un \u00e9vitement des r\u00e9alit\u00e9s \u00e9conomiques de l\u2019immigration de masse. Pourquoi la classe capitaliste a-t-elle ouvert les vannes ? La gauche ne nous le dira pas. La question de savoir pourquoi les \u00e9lites encouragent une \u00e9conomie \u00e0 bas salaires et pr\u00e9caire, remplie par des non-nationaux, est tout simplement ignor\u00e9e. La gauche voudrait nous faire croire que les migrants pauvres se sont t\u00e9l\u00e9port\u00e9s comme par magie sur nos c\u00f4tes dans une bulle. <strong>Ainsi, une grande partie de la gauche se retrouve d\u00e9sormais du c\u00f4t\u00e9 du grand capital.<\/strong> Elle s\u2019est volontairement fondue dans le large consensus lib\u00e9ral.<\/p>\n<p style=\"text-align: justify;\">Lorsque les habitants de Clonmel ont protest\u00e9 contre l\u2019attribution de logements locaux \u00e0 des Ukrainiens, People Before Profit a condamn\u00e9 les r\u00e9sidents locaux et, apr\u00e8s une confrontation avec un membre du public, le d\u00e9put\u00e9 de PBP, Paul Murphy, a appel\u00e9 le gouvernement \u00e0 <strong>\u00ab lutter contre la d\u00e9sinformation \u00bb<\/strong>.<\/p>\n<p><img loading=\"lazy\" decoding=\"async\" class=\"alignnone size-medium\" src=\"https:\/\/gript.ie\/wp-content\/uploads\/2024\/11\/PBP.jpeg\" width=\"2048\" height=\"1152\" \/><\/p>\n<p style=\"text-align: justify;\">Un examen des d\u00e9clarations de People Before Profit relatives \u00e0 l\u2019immigration r\u00e9v\u00e8le tr\u00e8s peu de critiques des politiques gouvernementales. La tendance de People Before Profit \u00e0 qualifier l\u2019<strong>\u00ab extr\u00eame droite \u00bb<\/strong> de<strong> \u00ab divisive \u00bb<\/strong> inverse la cause et l\u2019effet. \u00c0 travers l\u2019Irlande, les gens peinent \u00e0 payer leur loyer ou \u00e0 trouver un logement convenable, tandis que les ressources de l\u2019\u00c9tat sont dirig\u00e9es vers le logement des non-nationaux. Le gouvernement a d\u00e9mantel\u00e9 tout semblant de contrat social, et c\u2019est la cause profonde du m\u00e9contentement qui balaye le pays. PBP soutient plut\u00f4t que le m\u00e9contentement actuel n\u2019est que la derni\u00e8re strat\u00e9gie employ\u00e9e par des figures n\u00e9fastes dont le d\u00e9sir est de <strong>\u00ab semer la division et la peur \u00bb<\/strong>. Selon PBP, il n\u2019y a pas de conditions mat\u00e9rielles qui pourraient alimenter le sentiment anti-immigration, juste des hordes de personnes dup\u00e9es par l\u2019<strong>\u00ab extr\u00eame droite \u00bb<\/strong>.<\/p>\n<p style=\"text-align: justify;\">Une autre approche a \u00e9t\u00e9 adopt\u00e9e par le groupe bas\u00e9 \u00e0 Belfast, Lasair Dhearg. Le chef de file du groupe, P\u00e1draic Mac Coitir, a soutenu qu\u2019il y avait<strong> \u00ab beaucoup de place \u00bb<\/strong> pour des millions de non-nationaux en Irlande. Mac Coitir s\u2019est \u00e9tabli comme l\u2019un des principaux activistes<strong> \u00ab antifascistes \u00bb<\/strong> \u00e0 Belfast, Lasair Dhearg affrontant des <strong>\u00ab activistes de droite \u00bb<\/strong> \u00e0 plusieurs reprises. Les positions propos\u00e9es par les r\u00e9publicains de gauche comme Lasair Dhearg sont essentiellement de la politique performative pour des likes sur les r\u00e9seaux sociaux. Ils sont extr\u00eamement r\u00e9ticents \u00e0 discuter de la nature changeante du capitalisme irlandais et de ses cons\u00e9quences sociales.<\/p>\n<p style=\"text-align: justify;\">Une grande partie du discours de la gauche est domin\u00e9e par un harc\u00e8lement de bas niveau sur les r\u00e9seaux sociaux. Il y a un manque de d\u00e9bat s\u00e9rieux et une r\u00e9ticence \u00e0 s\u2019engager avec des id\u00e9es. Cela est \u00e9vident dans le document de politique sur l\u2019immigration de Lasair Dhearg de d\u00e9cembre 2024. Comme PBP, le document fait r\u00e9f\u00e9rence \u00e0 la division, \u00e0 l\u2019incitation \u00e0 la haine et \u00e0 la d\u00e9sinformation. Les r\u00e9publicains de gauche s\u2019appuient sur le r\u00e9pertoire id\u00e9ologique du syst\u00e8me lib\u00e9ral qu\u2019ils pr\u00e9tendent s\u2019opposer. Il n\u2019y a aucune r\u00e9f\u00e9rence dans le document aux probl\u00e8mes culturels et sociaux de l\u2019immigration \u2013 c\u2019est simplement un probl\u00e8me de ressources.<\/p>\n<p style=\"text-align: justify;\"><strong>Qu\u2019en est-il de la nationalit\u00e9 irlandaise ?<\/strong><\/p>\n<p style=\"text-align: justify;\">Le document d\u00e9clare en outre : <strong>\u00ab Plusieurs groupes en Irlande font le sale boulot de l\u2019\u00e9lite politique. Ces groupes aident \u00e0 maintenir la classe des propri\u00e9taires au pouvoir en cherchant \u00e0 diviser davantage les travailleurs de ce pays. En suivant l\u2019argent, nous voyons que ces groupes et agitateurs sont soutenus par l\u2019\u00e9lite politique, les unionistes et le MI5. Ces groupes et agitateurs pr\u00e9tendent \u00eatre des patriotes, mais agissent totalement \u00e0 l\u2019en \u043f\u0440\u043e\u0442\u0438\u0432 des int\u00e9r\u00eats de notre pays et de notre peuple. \u00bb<\/strong><\/p>\n<p style=\"text-align: justify;\">L\u2019approche des r\u00e9publicains de gauche a \u00e9t\u00e9 de rejeter les discussions sur l\u2019immigration comme l\u2019\u0153uvre des loyalistes. Cette approche est r\u00e9confortante pour des groupes comme Lasair Dhearg, mais de telles discussions ont \u00e9galement lieu au sein des communaut\u00e9s catholiques du nord. Le groupe \u00e9vite toute discussion significative sur les raisons \u00e9conomiques de l\u2019immigration de masse, l\u2019attribuant plut\u00f4t \u00e0 la guerre, au changement climatique et \u00e0 des facteurs similaires. En v\u00e9rit\u00e9, la classe capitaliste occidentale tente de maintenir un syst\u00e8me \u00e9conomique d\u00e9faillant en important de la main-d\u2019\u0153uvre bon march\u00e9, un processus d\u00e9crit comme un<strong> \u00ab assouplissement quantitatif humain \u00bb<\/strong> par des publications \u00e9conomiques de premier plan comme le Financial Times. La gauche peut ignorer cette r\u00e9alit\u00e9 en se concentrant uniquement sur la mont\u00e9e du sentiment anti-immigrant.<\/p>\n<p style=\"text-align: justify;\">Socialist Voice, le magazine du Parti communiste d\u2019Irlande, a publi\u00e9 plusieurs articles m\u00e9diocres sur la menace croissante de l\u2019<strong>\u00ab extr\u00eame droite \u00bb<\/strong>, d\u00e9montrant \u00e0 quel point la gauche comprend mal la situation qui se d\u00e9roule \u00e0 travers le pays. Un article r\u00e9dig\u00e9 par l\u2019ancien prisonnier r\u00e9publicain Tommy McKearney apr\u00e8s les manifestations \u00e0 East Wall affirmait que l\u2019<strong>\u00ab extr\u00eame droite \u00bb<\/strong> vise \u00e0 saper l\u2019unit\u00e9 de la classe ouvri\u00e8re et se termine curieusement par une citation d\u2019une chanson de Woody Guthrie. Le mouvement contre l\u2019immigration de masse est largement une mobilisation de la classe ouvri\u00e8re \u00e0 une \u00e9chelle jamais vue depuis des d\u00e9cennies. La r\u00e9alit\u00e9 ne peut pas \u00eatre forc\u00e9e dans un trou id\u00e9ologique circulaire.<\/p>\n<p><img loading=\"lazy\" decoding=\"async\" class=\"alignnone size-medium\" src=\"https:\/\/communistparty.ie\/wp-content\/uploads\/2021\/03\/Demo.png\" width=\"1020\" height=\"608\" \/><\/p>\n<p style=\"text-align: justify;\">L\u2019organisation Trademark, issue de l\u2019Accord du Vendredi Saint, a r\u00e9cemment produit une s\u00e9rie de podcasts visant \u00e0 <strong>\u00ab comprendre l\u2019extr\u00eame droite \u00bb<\/strong>. La discussion a eu lieu entre Se\u00e1n Byers et Stiof\u00e1n \u00d3 Nuall\u00e1in. Le podcast offre une fen\u00eatre sur la pens\u00e9e de la gauche irlandaise. Byers et \u00d3 Nuall\u00e1in soutiennent que la mont\u00e9e du mouvement nationaliste est une ruse de la classe capitaliste pour d\u00e9tourner l\u2019attention des <strong>\u00ab vrais probl\u00e8mes \u00bb<\/strong> et que l\u2019<strong>\u00ab extr\u00eame droite \u00bb<\/strong> sera finalement d\u00e9ploy\u00e9e par l\u2019\u00e9lite dirigeante pour r\u00e9primer les droits des travailleurs. Cet argument est, en essence, une r\u00e9p\u00e9tition de la politique de l\u2019Union sovi\u00e9tique exprim\u00e9e \u00e0 travers le Komintern pendant la mont\u00e9e des nazis en Allemagne et explique en partie l\u2019approche myope de la gauche face \u00e0 la crise qui se d\u00e9roule en Irlande. Certains personnages de l\u2019entre-deux-guerres pourraient aider \u00e0 mieux contextualiser la crise en Irlande. Georgi Dimitrov n\u2019en fait pas partie.<\/p>\n<p style=\"text-align: justify;\">Le manque de pens\u00e9e originale de la gauche et le d\u00e9ni de la r\u00e9alit\u00e9 qui se d\u00e9roule \u00e0 travers le pays sont stup\u00e9fiants. La gauche n\u2019a pas \u00e9t\u00e9 en mesure d\u2019analyser ad\u00e9quatement la plus grande mobilisation organique des travailleurs irlandais depuis des d\u00e9cennies. La gauche se voit dans une lutte titanesque contre un fascisme montant, se consid\u00e9rant comme des guerriers romantiques tout droit sortis de La R\u00e9sistible Ascension d\u2019Arturo Ui de Bertolt Brecht. En r\u00e9alit\u00e9, ils travaillent \u00e0 la pige pour le capital mondial.<\/p>\n<p style=\"text-align: justify;\">Pourtant, il y a de l\u2019espoir. Une r\u00e9cente annonce du CPI sugg\u00e8re un changement de politique.<\/p>\n<p style=\"text-align: justify;\">Elle note : <strong>\u00ab Dans La Condition de la classe ouvri\u00e8re en Angleterre (1845), Engels a not\u00e9 que la migration irlandaise \u00e0 Manchester a entra\u00een\u00e9 une baisse des conditions de vie des travailleurs anglais. Les migrants irlandais \u00e9taient pr\u00eats \u00e0 travailler pour moins que les travailleurs britanniques, ce qui a entra\u00een\u00e9 une r\u00e9duction des salaires pour tous. Ils payaient \u00e9galement des loyers plus \u00e9lev\u00e9s pour des logements de qualit\u00e9 inf\u00e9rieure, faisant grimper les loyers. La migration irlandaise a b\u00e9n\u00e9fici\u00e9 \u00e0 la fois aux propri\u00e9taires et aux sections industrielles de la bourgeoisie britannique, et la comp\u00e9tition pour le travail et le logement a conduit les travailleurs britanniques et irlandais \u00e0 se bl\u00e2mer mutuellement plut\u00f4t que le capitalisme pour leur situation. Actuellement dans les 26 comt\u00e9s, le taux de ch\u00f4mage est de 4,3 % (\u00ab plein emploi \u00bb sous le capitalisme) et les salaires augmentent pour les travailleurs syndiqu\u00e9s. Les travailleurs peuvent et se r\u00e9unissent au-del\u00e0 des lignes raciales lorsqu\u2019ils luttent pour leurs droits et des augmentations de salaire. Cependant, la main-d\u2019\u0153uvre migrante se trouve dans les secteurs les plus pr\u00e9caires et les moins bien pay\u00e9s de l\u2019\u00e9conomie, des zones difficiles \u00e0 syndiquer. \u00bb<\/strong><\/p>\n<p style=\"text-align: justify;\"><strong>D\u00e9mographie et Unit\u00e9 Irlandaise<\/strong><\/p>\n<p style=\"text-align: justify;\">Les discussions sur les changements d\u00e9mographiques entra\u00een\u00e9s par l\u2019immigration et les transformations sociales et politiques qui en d\u00e9coulent sont consid\u00e9r\u00e9es comme un comportement de faible statut et sont donc d\u00e9courag\u00e9es. C\u2019est une position curieuse \u00e9tant donn\u00e9 que la position des nationalistes constitutionnalistes dans le nord a toujours repos\u00e9 sur l\u2019importance des d\u00e9mographies. Cette approche soutient qu\u2019une Irlande unie peut \u00eatre obtenue par un r\u00e9f\u00e9rendum frontalier lorsque les d\u00e9mographies dans les six comt\u00e9s basculeront en faveur des catholiques. D\u2019un autre c\u00f4t\u00e9, on nous dit que les changements d\u00e9mographiques sont sans importance pour la vie politique et sociale dans les vingt-six comt\u00e9s.<\/p>\n<p style=\"text-align: justify;\">La politique dans le sud commencera \u00e0 refl\u00e9ter celle du nord. Une r\u00e9cente chronique publi\u00e9e dans l\u2019Irish News souligne \u00e0 juste titre que la politique nord-irlandaise est par nature sectaire. Au c\u0153ur de l\u2019Accord du Vendredi Saint se trouve un partage sectaire \u2013 les individus, groupes et partis n\u2019existent qu\u2019en termes de leur appartenance ethno-religieuse, et les ressources sont distribu\u00e9es sur cette base. Comment int\u00e9grer les non-nationaux dans ce syst\u00e8me ? Que se passe-t-il lorsqu\u2019ils exigent leur propre repr\u00e9sentation ethno-religieuse ?<\/p>\n<p style=\"text-align: justify;\">La nomination d\u2019une r\u00e9fugi\u00e9e kenyane, Lilian Seenoi-Barr, comme maire de Derry est un cas curieux. Lors des manifestations de Black Lives Matter en 2020, Seenoi-Barr a appel\u00e9 au rejet du service de police. Des positions pr\u00e9c\u00e9demment exprim\u00e9es par des r\u00e9publicains \u00ab dissidents \u00bb d\u00e9cri\u00e9s sont maintenant int\u00e9gr\u00e9es sous le couvert de la diversit\u00e9. Cela donne un aper\u00e7u de l\u2019avenir de la politique irlandaise, o\u00f9 le concept de citoyennet\u00e9 li\u00e9 \u00e0 une identit\u00e9 nationale collective sera \u00e9clips\u00e9 par une approche transactionnelle r\u00e9pondant aux communaut\u00e9s ethniques et religieuses distinctes. Cette d\u00e9limitation signifiera que la loi sera \u00e9galement appliqu\u00e9e de mani\u00e8re ad hoc.<\/p>\n<p><img loading=\"lazy\" decoding=\"async\" class=\"alignnone size-medium\" src=\"https:\/\/i0.wp.com\/sharedfuture.news\/wp-content\/uploads\/2024\/12\/SharedFutureNews-20241211-NIHRF-Lilian-SEENOI-BARR-01.jpg\" width=\"1127\" height=\"846\" \/><\/p>\n<p style=\"text-align: center;\"><em>Lilian Seenoi-Barr<\/em><\/p>\n<p style=\"text-align: justify;\">Lors d\u2019une r\u00e9cente conf\u00e9rence \u00e0 Belfast, le politologue Brendan O\u2019Leary a soulign\u00e9 l\u2019importance des d\u00e9mographies en relation avec un futur r\u00e9f\u00e9rendum frontalier. Il a soutenu que les<strong> \u00ab catholiques culturels \u00bb<\/strong> d\u00e9passent d\u00e9sormais les <strong>\u00ab protestants culturels \u00bb<\/strong> et qu\u2019il y aura une majorit\u00e9 non protestante d\u2019ici la fin de cette d\u00e9cennie. O\u2019Leary a fait valoir que, \u00e0 l\u2019avenir, l\u2019immigration pourrait \u00e9galement emp\u00eacher la formation d\u2019une majorit\u00e9<strong> \u00ab catholique culturelle \u00bb<\/strong> dans le nord et que les nationalistes et les unionistes devront concentrer leurs efforts \u00e0 convaincre les immigrants des m\u00e9rites de leur position en \u00e9tant<strong> \u00ab vraiment gentils \u00bb<\/strong> avec eux. Ainsi, les non-nationaux pourraient d\u00e9tenir la cl\u00e9 du statut constitutionnel du nord d\u2019ici le moment o\u00f9 un r\u00e9f\u00e9rendum frontalier sera organis\u00e9. On pourrait s\u2019attendre \u00e0 ce qu\u2019une telle pr\u00e9diction ait suscit\u00e9 des inqui\u00e9tudes parmi les r\u00e9publicains et les socialistes. Sinn F\u00e9in et la gauche r\u00e9publicaine avancent en somnambules dans une r\u00e9alit\u00e9 sociale qui pourrait totalement miner leur strat\u00e9gie.<\/p>\n<p style=\"text-align: justify;\">Les r\u00e9publicains, s\u2019appuyant sur la c\u00e9l\u00e8bre d\u00e9claration de Wolfe Tone sur l\u2019union des protestants et des catholiques sous le nom commun d\u2019Irlandais, semblent croire que l\u2019identit\u00e9 irlandaise est universelle et que n\u2019importe qui peut devenir Irlandais. La contradiction \u00e9vidente d\u00e9coulant de cette pens\u00e9e reste inexplor\u00e9e. \u00c9tant donn\u00e9 que les protestants et les catholiques ne se sont pas unis apr\u00e8s pr\u00e8s de 250 ans, l\u2019attente que les r\u00e9publicains puissent unir des centaines d\u2019autres groupes ethniques sous la banni\u00e8re d\u2019une identit\u00e9 irlandaise commune est fantaisiste. \u00c9tant donn\u00e9 que l\u2019Irlande officielle rejette explicitement les fondements de la nation irlandaise, on doit se demander en quoi exactement les immigrants sont cens\u00e9s s\u2019int\u00e9grer, \u00e9tant donn\u00e9 que les id\u00e9aux les plus \u00e9lev\u00e9s de l\u2019Irlande post-nationale sont le consum\u00e9risme \u00e9go\u00efste et l\u2019individualisme.<\/p>\n<p style=\"text-align: justify;\">L\u2019histoire irlandaise est maintenant r\u00e9vis\u00e9e pour correspondre aux d\u00e9mographies d\u2019une Irlande en mutation. L\u2019appropriation de la lutte pour la lib\u00e9ration nationale irlandaise a vu les Fenians red\u00e9finis comme des activistes anti-racistes, \u00e0 peine quelques ann\u00e9es apr\u00e8s les efforts pour <strong>\u00ab annuler \u00bb<\/strong> John Mitchel \u2013 dont le slogan <strong>\u00ab L&rsquo;Irlande appartient aux Irlandais\u00bb<\/strong> est maintenant consid\u00e9r\u00e9 comme <strong>\u00ab d&rsquo;extr\u00eame droite \u00bb<\/strong>. D\u2019autres efforts incluent la red\u00e9finition de James Connolly et Thomas Clarke par la campagne Save Moore Street comme des \u00ab migrants \u00bb.<\/p>\n<p style=\"text-align: justify;\"><strong>L\u2019\u00c9chec de la Gauche<\/strong><\/p>\n<p style=\"text-align: justify;\">L\u2019\u00e9chec de la gauche \u00e0 identifier correctement ce qui se passe en Irlande est une trag\u00e9die, car les travailleurs ont besoin d\u2019une voix. Ils ont \u00e9t\u00e9 abandonn\u00e9s non seulement par les politiciens v\u00e9reux, mais aussi par le mouvement qui pr\u00e9tend les repr\u00e9senter. Pourtant, la gauche loue l\u2019\u00e9conomie \u00e0 bas salaires remplie par des non-nationaux \u2013 cela leur fournit une classe ouvri\u00e8re sur place. La posture symbolique n\u2019est pas une base pour une politique solide. Les r\u00e9publicains et la gauche aimeraient s\u2019imaginer comme des membres de la Colonne Connolly traversant la rivi\u00e8re Ebro pendant que Christy Moore entonne Viva la Quinta Brigada en arri\u00e8re-plan. La dure r\u00e9alit\u00e9 de la crise qui se d\u00e9roule est bien plus sobre. Le syst\u00e8me a pi\u00e9g\u00e9 la politique radicale dans le domaine de la culture et des fantasmes soigneusement orchestr\u00e9s par les algorithmes des r\u00e9seaux sociaux. L\u2019abandon de la politique organique a ainsi servi \u00e0 supprimer les critiques socialistes du capitalisme.<\/p>\n<p style=\"text-align: justify;\">C\u2019est un ph\u00e9nom\u00e8ne r\u00e9cent. Les syndicats ont mobilis\u00e9 100 000 personnes en 2005 contre Irish Ferries qui licenciait ses travailleurs pour les remplacer par des travailleurs contractuels de l\u2019UE. La m\u00eame ann\u00e9e, des manifestations ont eu lieu contre GAMA, un conglom\u00e9rat turc invit\u00e9 en Irlande par la ministre du Commerce Mary Harney. GAMA avait amen\u00e9 ses propres travailleurs de Turquie et les payait en dessous du salaire minimum, la diff\u00e9rence \u00e9tant siphonn\u00e9e vers des comptes offshore. La gauche, s\u00e9duite par les attraits de l\u2019individualisme ultra-lib\u00e9ral, soutient maintenant ce syst\u00e8me \u00e9conomique.<\/p>\n<p style=\"text-align: justify;\">Tout mouvement politique r\u00e9ussi est port\u00e9 par une vision positive de l\u2019avenir. La principale faiblesse des partis r\u00e9publicains et de gauche en Irlande est que leur vision refl\u00e8te des politiques d\u00e9j\u00e0 mises en \u0153uvre \u2013 souvent de mani\u00e8re d\u00e9sastreuse \u2013 par d\u2019autres nations occidentales. Pourquoi l\u2019Irlande est-elle si d\u00e9termin\u00e9e \u00e0 mettre en \u0153uvre des politiques qui ont clairement \u00e9chou\u00e9 ailleurs en Europe ? L\u2019Irlande change rapidement sous le poids de l\u2019immigration de masse. Women\u2019s Aid Belfast et Lisburn g\u00e8rent actuellement plus de 230 victimes f\u00e9minines de la traite humaine. En 2021, ce chiffre \u00e9tait de 47, et l\u2019organisation traite \u00e9galement des cas de pr\u00e9l\u00e8vement d\u2019organes. Les quartiers de Village et Sandy Row \u00e0 Belfast sud sont souvent d\u00e9crits comme des bastions des paramilitaires loyalistes. Pourtant, les loyalistes ont d\u00fb c\u00e9der du terrain \u00e0 des gangs de drogue \u00e9trangers. Falls Road est-elle la prochaine ?<\/p>\n<p style=\"text-align: justify;\">Il y a des lueurs de changement \u00e0 l\u2019horizon. Lors du lancement \u00e0 Dublin du document de politique sur l\u2019immigration de Lasair Dhearg, des intervenants du public ont parl\u00e9 de la <strong>\u00ab gauche lib\u00e9rale \u00bb<\/strong>, et la conseill\u00e8re de PBP Madeleine Johansson va bient\u00f4t publier un livre critiquant l\u2019adoption par la gauche de la politique communautariste, la consid\u00e9rant comme un pi\u00e8ge tendu par la classe dirigeante.<\/p>\n<p style=\"text-align: justify;\">La gauche a construit une grande partie de son soutien \u00e9lectoral \u00e0 la suite de la crise financi\u00e8re de 2008, mais elle d\u00e9tourne maintenant les yeux des pr\u00e9occupations sociales et \u00e9conomiques pressantes, se confinant \u00e0 l\u2019activisme de style de vie. Au d\u00e9but, les objections \u00e0 l\u2019immigration de masse \u00e9taient facilement rejet\u00e9es comme les vues de rustres provinciaux. Aujourd\u2019hui, cependant, des manifestations ont lieu \u00e0 travers le pays presque quotidiennement. L\u2019Irlande moderne est devenue de plus en plus dysfonctionnelle. En l\u2019\u00e9tat, les socialistes et les r\u00e9publicains ont peu \u00e0 offrir en termes de solution. La nature du capitalisme irlandais a chang\u00e9.<\/p>\n<p style=\"text-align: justify;\">La gauche et les r\u00e9publicains doivent changer aussi.<\/p>\n<p style=\"text-align: right;\"><strong>Ann Marita<\/strong><\/p>\n<p style=\"text-align: right;\">Source : <strong><a href=\"https:\/\/meonjournal.com\/read\/left-republicanism-migration\">MeOnJournal<\/a><\/strong><\/p>\n","protected":false},"excerpt":{"rendered":"<p>Un graffiti proclamant \u00ab L&rsquo;Irlande aux Irlandais \u00bb est apparu sur Falls Road \u00e0 Belfast apr\u00e8s les \u00e9meutes de Dublin en 2023. Le slogan a fait la une de BBC Six Counties le lendemain soir. Le d\u00e9put\u00e9 local de Sinn F\u00e9in, Paul Maskey, a d\u00e9nonc\u00e9 le graffiti comme \u00ab raciste \u00bb, tandis que Gerry Carroll, [&hellip;]<\/p>\n","protected":false},"author":1,"featured_media":4251,"comment_status":"open","ping_status":"open","sticky":false,"template":"","format":"standard","meta":{"sb_editor_width":"","footnotes":""},"categories":[33,66,65],"tags":[],"class_list":["post-4250","post","type-post","status-publish","format-standard","has-post-thumbnail","hentry","category-immigration","category-international","category-principale"],"relative_dates":{"created":"11 mois ago","modified":"11 mois ago"},"yoast_head":"<!-- This site is optimized with the Yoast SEO plugin v26.3 - https:\/\/yoast.com\/wordpress\/plugins\/seo\/ -->\n<title>IRLANDE \u2013 \u00ab La gauche, le r\u00e9publicanisme et les migrations de masse \u00bb par Ann Marita. - STOURM<\/title>\n<meta name=\"robots\" content=\"index, follow, max-snippet:-1, max-image-preview:large, max-video-preview:-1\" \/>\n<link rel=\"canonical\" href=\"https:\/\/stourm.news\/?p=4250\" \/>\n<meta property=\"og:locale\" content=\"fr_FR\" \/>\n<meta property=\"og:type\" content=\"article\" \/>\n<meta property=\"og:title\" content=\"IRLANDE \u2013 \u00ab La gauche, le r\u00e9publicanisme et les migrations de masse \u00bb par Ann Marita. - STOURM\" \/>\n<meta property=\"og:description\" content=\"Un graffiti proclamant \u00ab L&rsquo;Irlande aux Irlandais \u00bb est apparu sur Falls Road \u00e0 Belfast apr\u00e8s les \u00e9meutes de Dublin en 2023. Le slogan a fait la une de BBC Six Counties le lendemain soir. Le d\u00e9put\u00e9 local de Sinn F\u00e9in, Paul Maskey, a d\u00e9nonc\u00e9 le graffiti comme \u00ab raciste \u00bb, tandis que Gerry Carroll, [&hellip;]\" \/>\n<meta property=\"og:url\" content=\"https:\/\/stourm.news\/?p=4250\" \/>\n<meta property=\"og:site_name\" content=\"STOURM\" \/>\n<meta property=\"article:publisher\" content=\"https:\/\/www.facebook.com\/stourmnews\/\" \/>\n<meta property=\"article:published_time\" content=\"2025-06-10T16:51:43+00:00\" \/>\n<meta property=\"article:modified_time\" content=\"2025-06-10T16:52:07+00:00\" \/>\n<meta property=\"og:image\" content=\"https:\/\/stourm.news\/wp-content\/uploads\/2025\/06\/1212be5e8442439798af846729360544_18.webp\" \/>\n\t<meta property=\"og:image:width\" content=\"1200\" \/>\n\t<meta property=\"og:image:height\" content=\"675\" \/>\n\t<meta property=\"og:image:type\" content=\"image\/webp\" \/>\n<meta name=\"author\" content=\"La r\u00e9daction\" \/>\n<meta name=\"twitter:card\" content=\"summary_large_image\" \/>\n<meta name=\"twitter:label1\" content=\"\u00c9crit par\" \/>\n\t<meta name=\"twitter:data1\" content=\"La r\u00e9daction\" \/>\n\t<meta name=\"twitter:label2\" content=\"Dur\u00e9e de lecture estim\u00e9e\" \/>\n\t<meta name=\"twitter:data2\" content=\"25 minutes\" \/>\n<script type=\"application\/ld+json\" class=\"yoast-schema-graph\">{\"@context\":\"https:\/\/schema.org\",\"@graph\":[{\"@type\":\"Article\",\"@id\":\"https:\/\/stourm.news\/?p=4250#article\",\"isPartOf\":{\"@id\":\"https:\/\/stourm.news\/?p=4250\"},\"author\":{\"name\":\"La r\u00e9daction\",\"@id\":\"https:\/\/stourm.news\/#\/schema\/person\/c3e1dc65988632e190969234ef046cf9\"},\"headline\":\"IRLANDE \u2013 \u00ab La gauche, le r\u00e9publicanisme et les migrations de masse \u00bb par Ann Marita.\",\"datePublished\":\"2025-06-10T16:51:43+00:00\",\"dateModified\":\"2025-06-10T16:52:07+00:00\",\"mainEntityOfPage\":{\"@id\":\"https:\/\/stourm.news\/?p=4250\"},\"wordCount\":4899,\"commentCount\":0,\"publisher\":{\"@id\":\"https:\/\/stourm.news\/#organization\"},\"image\":{\"@id\":\"https:\/\/stourm.news\/?p=4250#primaryimage\"},\"thumbnailUrl\":\"https:\/\/stourm.news\/wp-content\/uploads\/2025\/06\/1212be5e8442439798af846729360544_18.webp\",\"articleSection\":[\"Immigration\",\"International\",\"Principale\"],\"inLanguage\":\"fr-FR\",\"potentialAction\":[{\"@type\":\"CommentAction\",\"name\":\"Comment\",\"target\":[\"https:\/\/stourm.news\/?p=4250#respond\"]}]},{\"@type\":\"WebPage\",\"@id\":\"https:\/\/stourm.news\/?p=4250\",\"url\":\"https:\/\/stourm.news\/?p=4250\",\"name\":\"IRLANDE \u2013 \u00ab La gauche, le r\u00e9publicanisme et les migrations de masse \u00bb par Ann Marita. - STOURM\",\"isPartOf\":{\"@id\":\"https:\/\/stourm.news\/#website\"},\"primaryImageOfPage\":{\"@id\":\"https:\/\/stourm.news\/?p=4250#primaryimage\"},\"image\":{\"@id\":\"https:\/\/stourm.news\/?p=4250#primaryimage\"},\"thumbnailUrl\":\"https:\/\/stourm.news\/wp-content\/uploads\/2025\/06\/1212be5e8442439798af846729360544_18.webp\",\"datePublished\":\"2025-06-10T16:51:43+00:00\",\"dateModified\":\"2025-06-10T16:52:07+00:00\",\"breadcrumb\":{\"@id\":\"https:\/\/stourm.news\/?p=4250#breadcrumb\"},\"inLanguage\":\"fr-FR\",\"potentialAction\":[{\"@type\":\"ReadAction\",\"target\":[\"https:\/\/stourm.news\/?p=4250\"]}]},{\"@type\":\"ImageObject\",\"inLanguage\":\"fr-FR\",\"@id\":\"https:\/\/stourm.news\/?p=4250#primaryimage\",\"url\":\"https:\/\/stourm.news\/wp-content\/uploads\/2025\/06\/1212be5e8442439798af846729360544_18.webp\",\"contentUrl\":\"https:\/\/stourm.news\/wp-content\/uploads\/2025\/06\/1212be5e8442439798af846729360544_18.webp\",\"width\":1200,\"height\":675},{\"@type\":\"BreadcrumbList\",\"@id\":\"https:\/\/stourm.news\/?p=4250#breadcrumb\",\"itemListElement\":[{\"@type\":\"ListItem\",\"position\":1,\"name\":\"Accueil\",\"item\":\"https:\/\/stourm.news\/\"},{\"@type\":\"ListItem\",\"position\":2,\"name\":\"IRLANDE \u2013 \u00ab La gauche, le r\u00e9publicanisme et les migrations de masse \u00bb par Ann Marita.\"}]},{\"@type\":\"WebSite\",\"@id\":\"https:\/\/stourm.news\/#website\",\"url\":\"https:\/\/stourm.news\/\",\"name\":\"Stourm\",\"description\":\"Kazetenn Strollad Broadel Breizh\",\"publisher\":{\"@id\":\"https:\/\/stourm.news\/#organization\"},\"potentialAction\":[{\"@type\":\"SearchAction\",\"target\":{\"@type\":\"EntryPoint\",\"urlTemplate\":\"https:\/\/stourm.news\/?s={search_term_string}\"},\"query-input\":{\"@type\":\"PropertyValueSpecification\",\"valueRequired\":true,\"valueName\":\"search_term_string\"}}],\"inLanguage\":\"fr-FR\"},{\"@type\":\"Organization\",\"@id\":\"https:\/\/stourm.news\/#organization\",\"name\":\"Stourm\",\"url\":\"https:\/\/stourm.news\/\",\"logo\":{\"@type\":\"ImageObject\",\"inLanguage\":\"fr-FR\",\"@id\":\"https:\/\/stourm.news\/#\/schema\/logo\/image\/\",\"url\":\"https:\/\/stourm.news\/wp-content\/uploads\/2025\/11\/cropped-Capture-decran-2025-11-28-a-15.19.07.png\",\"contentUrl\":\"https:\/\/stourm.news\/wp-content\/uploads\/2025\/11\/cropped-Capture-decran-2025-11-28-a-15.19.07.png\",\"width\":1855,\"height\":383,\"caption\":\"Stourm\"},\"image\":{\"@id\":\"https:\/\/stourm.news\/#\/schema\/logo\/image\/\"},\"sameAs\":[\"https:\/\/www.facebook.com\/stourmnews\/\"]},{\"@type\":\"Person\",\"@id\":\"https:\/\/stourm.news\/#\/schema\/person\/c3e1dc65988632e190969234ef046cf9\",\"name\":\"La r\u00e9daction\",\"image\":{\"@type\":\"ImageObject\",\"inLanguage\":\"fr-FR\",\"@id\":\"https:\/\/stourm.news\/#\/schema\/person\/image\/\",\"url\":\"https:\/\/secure.gravatar.com\/avatar\/7463443f194b6b5fb706b074ca0ef59a0cfcfd720cb47764b0ec5a952ce422b3?s=96&d=mm&r=g\",\"contentUrl\":\"https:\/\/secure.gravatar.com\/avatar\/7463443f194b6b5fb706b074ca0ef59a0cfcfd720cb47764b0ec5a952ce422b3?s=96&d=mm&r=g\",\"caption\":\"La r\u00e9daction\"},\"sameAs\":[\"https:\/\/stourm.news\"],\"url\":\"https:\/\/stourm.news\/?author=1\"}]}<\/script>\n<!-- \/ Yoast SEO plugin. -->","yoast_head_json":{"title":"IRLANDE \u2013 \u00ab La gauche, le r\u00e9publicanisme et les migrations de masse \u00bb par Ann Marita. - STOURM","robots":{"index":"index","follow":"follow","max-snippet":"max-snippet:-1","max-image-preview":"max-image-preview:large","max-video-preview":"max-video-preview:-1"},"canonical":"https:\/\/stourm.news\/?p=4250","og_locale":"fr_FR","og_type":"article","og_title":"IRLANDE \u2013 \u00ab La gauche, le r\u00e9publicanisme et les migrations de masse \u00bb par Ann Marita. - STOURM","og_description":"Un graffiti proclamant \u00ab L&rsquo;Irlande aux Irlandais \u00bb est apparu sur Falls Road \u00e0 Belfast apr\u00e8s les \u00e9meutes de Dublin en 2023. Le slogan a fait la une de BBC Six Counties le lendemain soir. Le d\u00e9put\u00e9 local de Sinn F\u00e9in, Paul Maskey, a d\u00e9nonc\u00e9 le graffiti comme \u00ab raciste \u00bb, tandis que Gerry Carroll, [&hellip;]","og_url":"https:\/\/stourm.news\/?p=4250","og_site_name":"STOURM","article_publisher":"https:\/\/www.facebook.com\/stourmnews\/","article_published_time":"2025-06-10T16:51:43+00:00","article_modified_time":"2025-06-10T16:52:07+00:00","og_image":[{"width":1200,"height":675,"url":"https:\/\/stourm.news\/wp-content\/uploads\/2025\/06\/1212be5e8442439798af846729360544_18.webp","type":"image\/webp"}],"author":"La r\u00e9daction","twitter_card":"summary_large_image","twitter_misc":{"\u00c9crit par":"La r\u00e9daction","Dur\u00e9e de lecture estim\u00e9e":"25 minutes"},"schema":{"@context":"https:\/\/schema.org","@graph":[{"@type":"Article","@id":"https:\/\/stourm.news\/?p=4250#article","isPartOf":{"@id":"https:\/\/stourm.news\/?p=4250"},"author":{"name":"La r\u00e9daction","@id":"https:\/\/stourm.news\/#\/schema\/person\/c3e1dc65988632e190969234ef046cf9"},"headline":"IRLANDE \u2013 \u00ab La gauche, le r\u00e9publicanisme et les migrations de masse \u00bb par Ann Marita.","datePublished":"2025-06-10T16:51:43+00:00","dateModified":"2025-06-10T16:52:07+00:00","mainEntityOfPage":{"@id":"https:\/\/stourm.news\/?p=4250"},"wordCount":4899,"commentCount":0,"publisher":{"@id":"https:\/\/stourm.news\/#organization"},"image":{"@id":"https:\/\/stourm.news\/?p=4250#primaryimage"},"thumbnailUrl":"https:\/\/stourm.news\/wp-content\/uploads\/2025\/06\/1212be5e8442439798af846729360544_18.webp","articleSection":["Immigration","International","Principale"],"inLanguage":"fr-FR","potentialAction":[{"@type":"CommentAction","name":"Comment","target":["https:\/\/stourm.news\/?p=4250#respond"]}]},{"@type":"WebPage","@id":"https:\/\/stourm.news\/?p=4250","url":"https:\/\/stourm.news\/?p=4250","name":"IRLANDE \u2013 \u00ab La gauche, le r\u00e9publicanisme et les migrations de masse \u00bb par Ann Marita. - STOURM","isPartOf":{"@id":"https:\/\/stourm.news\/#website"},"primaryImageOfPage":{"@id":"https:\/\/stourm.news\/?p=4250#primaryimage"},"image":{"@id":"https:\/\/stourm.news\/?p=4250#primaryimage"},"thumbnailUrl":"https:\/\/stourm.news\/wp-content\/uploads\/2025\/06\/1212be5e8442439798af846729360544_18.webp","datePublished":"2025-06-10T16:51:43+00:00","dateModified":"2025-06-10T16:52:07+00:00","breadcrumb":{"@id":"https:\/\/stourm.news\/?p=4250#breadcrumb"},"inLanguage":"fr-FR","potentialAction":[{"@type":"ReadAction","target":["https:\/\/stourm.news\/?p=4250"]}]},{"@type":"ImageObject","inLanguage":"fr-FR","@id":"https:\/\/stourm.news\/?p=4250#primaryimage","url":"https:\/\/stourm.news\/wp-content\/uploads\/2025\/06\/1212be5e8442439798af846729360544_18.webp","contentUrl":"https:\/\/stourm.news\/wp-content\/uploads\/2025\/06\/1212be5e8442439798af846729360544_18.webp","width":1200,"height":675},{"@type":"BreadcrumbList","@id":"https:\/\/stourm.news\/?p=4250#breadcrumb","itemListElement":[{"@type":"ListItem","position":1,"name":"Accueil","item":"https:\/\/stourm.news\/"},{"@type":"ListItem","position":2,"name":"IRLANDE \u2013 \u00ab La gauche, le r\u00e9publicanisme et les migrations de masse \u00bb par Ann Marita."}]},{"@type":"WebSite","@id":"https:\/\/stourm.news\/#website","url":"https:\/\/stourm.news\/","name":"Stourm","description":"Kazetenn Strollad Broadel Breizh","publisher":{"@id":"https:\/\/stourm.news\/#organization"},"potentialAction":[{"@type":"SearchAction","target":{"@type":"EntryPoint","urlTemplate":"https:\/\/stourm.news\/?s={search_term_string}"},"query-input":{"@type":"PropertyValueSpecification","valueRequired":true,"valueName":"search_term_string"}}],"inLanguage":"fr-FR"},{"@type":"Organization","@id":"https:\/\/stourm.news\/#organization","name":"Stourm","url":"https:\/\/stourm.news\/","logo":{"@type":"ImageObject","inLanguage":"fr-FR","@id":"https:\/\/stourm.news\/#\/schema\/logo\/image\/","url":"https:\/\/stourm.news\/wp-content\/uploads\/2025\/11\/cropped-Capture-decran-2025-11-28-a-15.19.07.png","contentUrl":"https:\/\/stourm.news\/wp-content\/uploads\/2025\/11\/cropped-Capture-decran-2025-11-28-a-15.19.07.png","width":1855,"height":383,"caption":"Stourm"},"image":{"@id":"https:\/\/stourm.news\/#\/schema\/logo\/image\/"},"sameAs":["https:\/\/www.facebook.com\/stourmnews\/"]},{"@type":"Person","@id":"https:\/\/stourm.news\/#\/schema\/person\/c3e1dc65988632e190969234ef046cf9","name":"La r\u00e9daction","image":{"@type":"ImageObject","inLanguage":"fr-FR","@id":"https:\/\/stourm.news\/#\/schema\/person\/image\/","url":"https:\/\/secure.gravatar.com\/avatar\/7463443f194b6b5fb706b074ca0ef59a0cfcfd720cb47764b0ec5a952ce422b3?s=96&d=mm&r=g","contentUrl":"https:\/\/secure.gravatar.com\/avatar\/7463443f194b6b5fb706b074ca0ef59a0cfcfd720cb47764b0ec5a952ce422b3?s=96&d=mm&r=g","caption":"La r\u00e9daction"},"sameAs":["https:\/\/stourm.news"],"url":"https:\/\/stourm.news\/?author=1"}]}},"_links":{"self":[{"href":"https:\/\/stourm.news\/index.php?rest_route=\/wp\/v2\/posts\/4250","targetHints":{"allow":["GET"]}}],"collection":[{"href":"https:\/\/stourm.news\/index.php?rest_route=\/wp\/v2\/posts"}],"about":[{"href":"https:\/\/stourm.news\/index.php?rest_route=\/wp\/v2\/types\/post"}],"author":[{"embeddable":true,"href":"https:\/\/stourm.news\/index.php?rest_route=\/wp\/v2\/users\/1"}],"replies":[{"embeddable":true,"href":"https:\/\/stourm.news\/index.php?rest_route=%2Fwp%2Fv2%2Fcomments&post=4250"}],"version-history":[{"count":2,"href":"https:\/\/stourm.news\/index.php?rest_route=\/wp\/v2\/posts\/4250\/revisions"}],"predecessor-version":[{"id":4253,"href":"https:\/\/stourm.news\/index.php?rest_route=\/wp\/v2\/posts\/4250\/revisions\/4253"}],"wp:featuredmedia":[{"embeddable":true,"href":"https:\/\/stourm.news\/index.php?rest_route=\/wp\/v2\/media\/4251"}],"wp:attachment":[{"href":"https:\/\/stourm.news\/index.php?rest_route=%2Fwp%2Fv2%2Fmedia&parent=4250"}],"wp:term":[{"taxonomy":"category","embeddable":true,"href":"https:\/\/stourm.news\/index.php?rest_route=%2Fwp%2Fv2%2Fcategories&post=4250"},{"taxonomy":"post_tag","embeddable":true,"href":"https:\/\/stourm.news\/index.php?rest_route=%2Fwp%2Fv2%2Ftags&post=4250"}],"curies":[{"name":"wp","href":"https:\/\/api.w.org\/{rel}","templated":true}]}}