{"id":4257,"date":"2025-06-11T07:05:59","date_gmt":"2025-06-11T07:05:59","guid":{"rendered":"https:\/\/stourm.news\/?p=4257"},"modified":"2025-06-11T07:44:36","modified_gmt":"2025-06-11T07:44:36","slug":"pays-nantais-le-drapeau-des-ducs-de-bretagne-flotte-sur-le-chateau-dhudon","status":"publish","type":"post","link":"https:\/\/stourm.news\/?p=4257","title":{"rendered":"Pays nantais : le drapeau des ducs de Bretagne flotte sur le ch\u00e2teau d&rsquo;Oudon"},"content":{"rendered":"<p style=\"text-align: justify;\">Dans la paisible commune d\u2019Oudon, nich\u00e9e sur les rives de la Loire en Pays nantais, un geste symbolique vient raviver la flamme de l\u2019identit\u00e9 bretonne. Depuis le 4 juin 2025, le drapeau du duch\u00e9 de Bretagne, flotte fi\u00e8rement au sommet du ch\u00e2teau m\u00e9di\u00e9val d\u2019Oudon, \u00e0 la suite d\u2019une d\u00e9cision unanime du conseil municipal. Ce choix, loin d\u2019\u00eatre anodin, inscrit la commune dans une d\u00e9marche de r\u00e9appropriation de son pass\u00e9 breton, tout en ravivant le d\u00e9bat sur l\u2019appartenance nationale du Pays nantais \u00e0 la Bretagne.<\/p>\n<p style=\"text-align: justify;\"><strong>Le ch\u00e2teau d\u2019Oudon : une sentinelle bretonne sur la Loire<\/strong><\/p>\n<p style=\"text-align: justify;\">Dominant la Loire de sa tour imposante, le ch\u00e2teau d\u2019Oudon est bien plus qu\u2019un vestige m\u00e9di\u00e9val : c\u2019est un symbole vivant de l\u2019histoire bretonne. Construit \u00e0 la fin du XIVe si\u00e8cle sous l\u2019\u00e9gide du Duch\u00e9 de Bretagne, il fut \u00e9rig\u00e9 pour prot\u00e9ger les marches orientales du duch\u00e9 face \u00e0 la France, rival historique. \u00c0 l\u2019\u00e9poque, Oudon \u00e9tait une place forte strat\u00e9gique, contr\u00f4lant les voies fluviales et terrestres, et jouant un r\u00f4le cl\u00e9 dans la d\u00e9fense de l\u2019ind\u00e9pendance bretonne.<\/p>\n<p style=\"text-align: justify;\">Durant la guerre de Succession de Bretagne (1341-1364), puis sous les r\u00e8gnes des ducs de la maison de Montfort, le ch\u00e2teau fut un rempart contre les ambitions du royaume de France. Administr\u00e9 par des familles loyales, comme les Malestroit, il incarnait la puissance et l&rsquo;ind\u00e9pendance du Duch\u00e9 de Bretagne. Sa robuste architecture, avec sa tour-donjon de 30 m\u00e8tres, t\u00e9moignait de sa vocation militaire, mais aussi de la volont\u00e9 des ducs de marquer leur territoire face aux voisins.<\/p>\n<p style=\"text-align: justify;\">Avec l&rsquo;annexion de la Bretagne par la France en 1532, le ch\u00e2teau perdit progressivement son r\u00f4le strat\u00e9gique, mais il conserva son aura. Aujourd\u2019hui, class\u00e9 monument historique, il attire visiteurs et passionn\u00e9s d\u2019histoire, offrant une plong\u00e9e dans le pass\u00e9 m\u00e9di\u00e9val breton.<\/p>\n<p style=\"text-align: justify;\"><strong>Un drapeau pour l\u2019histoire, un symbole pour l\u2019avenir<\/strong><\/p>\n<p style=\"text-align: justify;\">La d\u00e9cision de hisser le drapeau d&rsquo;hermines sur la tour d\u2019Oudon n\u2019est pas un simple acte d\u00e9coratif. Elle traduit une volont\u00e9 forte de la municipalit\u00e9 de r\u00e9affirmer l\u2019ancrage breton de la commune, situ\u00e9e dans un d\u00e9partement, la Loire-Atlantique, administrativement rattach\u00e9 aux Pays de la Loire, mais nationalement breton. Ce geste r\u00e9sonne comme une r\u00e9ponse aux aspirations d\u2019une population attach\u00e9e \u00e0 ses racines, dans un contexte o\u00f9 les d\u00e9bats sur la r\u00e9unification de la Bretagne refont r\u00e9guli\u00e8rement surface. Le drapeau rappelle l\u2019unit\u00e9 du Duch\u00e9 de Bretagne et son h\u00e9ritage, que beaucoup \u00e0 Oudon souhaitent pr\u00e9server et transmettre.<\/p>\n<p style=\"text-align: justify;\">Le ch\u00e2teau d\u2019Oudon, par sa position aux confins de la Bretagne historique, est un lieu id\u00e9al pour porter ce message. Il incarne la r\u00e9silience d\u2019un peuple qui, malgr\u00e9 les vicissitudes de l\u2019histoire, continue de faire vivre son identit\u00e9.\u00a0L\u2019initiative d\u2019Oudon doit inspirer d\u2019autres communes, associations et citoyens.<\/p>\n<p style=\"text-align: right;\"><strong>Budig Gourmaelon<\/strong><\/p>\n","protected":false},"excerpt":{"rendered":"<p>Dans la paisible commune d\u2019Oudon, nich\u00e9e sur les rives de la Loire en Pays nantais, un geste symbolique vient raviver la flamme de l\u2019identit\u00e9 bretonne. Depuis le 4 juin 2025, le drapeau du duch\u00e9 de Bretagne, flotte fi\u00e8rement au sommet du ch\u00e2teau m\u00e9di\u00e9val d\u2019Oudon, \u00e0 la suite d\u2019une d\u00e9cision unanime du conseil municipal. Ce choix, [&hellip;]<\/p>\n","protected":false},"author":1,"featured_media":4258,"comment_status":"open","ping_status":"open","sticky":false,"template":"","format":"standard","meta":{"sb_editor_width":"","footnotes":""},"categories":[58,42,65],"tags":[],"class_list":["post-4257","post","type-post","status-publish","format-standard","has-post-thumbnail","hentry","category-breizh","category-loire-atlantique","category-principale"],"relative_dates":{"created":"11 mois ago","modified":"11 mois ago"},"yoast_head":"<!-- This site is optimized with the Yoast SEO plugin v26.3 - https:\/\/yoast.com\/wordpress\/plugins\/seo\/ -->\n<title>Pays nantais : le drapeau des ducs de Bretagne flotte sur le ch\u00e2teau d&#039;Oudon - STOURM<\/title>\n<meta name=\"robots\" content=\"index, follow, max-snippet:-1, max-image-preview:large, max-video-preview:-1\" \/>\n<link rel=\"canonical\" href=\"https:\/\/stourm.news\/?p=4257\" \/>\n<meta property=\"og:locale\" content=\"fr_FR\" \/>\n<meta property=\"og:type\" content=\"article\" \/>\n<meta property=\"og:title\" content=\"Pays nantais : le drapeau des ducs de Bretagne flotte sur le ch\u00e2teau d&#039;Oudon - STOURM\" \/>\n<meta property=\"og:description\" content=\"Dans la paisible commune d\u2019Oudon, nich\u00e9e sur les rives de la Loire en Pays nantais, un geste symbolique vient raviver la flamme de l\u2019identit\u00e9 bretonne. Depuis le 4 juin 2025, le drapeau du duch\u00e9 de Bretagne, flotte fi\u00e8rement au sommet du ch\u00e2teau m\u00e9di\u00e9val d\u2019Oudon, \u00e0 la suite d\u2019une d\u00e9cision unanime du conseil municipal. Ce choix, [&hellip;]\" \/>\n<meta property=\"og:url\" content=\"https:\/\/stourm.news\/?p=4257\" \/>\n<meta property=\"og:site_name\" content=\"STOURM\" \/>\n<meta property=\"article:publisher\" content=\"https:\/\/www.facebook.com\/stourmnews\/\" \/>\n<meta property=\"article:published_time\" content=\"2025-06-11T07:05:59+00:00\" \/>\n<meta property=\"article:modified_time\" content=\"2025-06-11T07:44:36+00:00\" \/>\n<meta property=\"og:image\" content=\"https:\/\/stourm.news\/wp-content\/uploads\/2025\/06\/Capture-decran-2025-06-11-a-15.55.38.png\" \/>\n\t<meta property=\"og:image:width\" content=\"1010\" \/>\n\t<meta property=\"og:image:height\" content=\"594\" \/>\n\t<meta property=\"og:image:type\" content=\"image\/png\" \/>\n<meta name=\"author\" content=\"La r\u00e9daction\" \/>\n<meta name=\"twitter:card\" content=\"summary_large_image\" \/>\n<meta name=\"twitter:label1\" content=\"\u00c9crit par\" \/>\n\t<meta name=\"twitter:data1\" content=\"La r\u00e9daction\" \/>\n\t<meta name=\"twitter:label2\" content=\"Dur\u00e9e de lecture estim\u00e9e\" \/>\n\t<meta name=\"twitter:data2\" content=\"3 minutes\" \/>\n<script type=\"application\/ld+json\" class=\"yoast-schema-graph\">{\"@context\":\"https:\/\/schema.org\",\"@graph\":[{\"@type\":\"Article\",\"@id\":\"https:\/\/stourm.news\/?p=4257#article\",\"isPartOf\":{\"@id\":\"https:\/\/stourm.news\/?p=4257\"},\"author\":{\"name\":\"La r\u00e9daction\",\"@id\":\"https:\/\/stourm.news\/#\/schema\/person\/c3e1dc65988632e190969234ef046cf9\"},\"headline\":\"Pays nantais : le drapeau des ducs de Bretagne flotte sur le ch\u00e2teau d&rsquo;Oudon\",\"datePublished\":\"2025-06-11T07:05:59+00:00\",\"dateModified\":\"2025-06-11T07:44:36+00:00\",\"mainEntityOfPage\":{\"@id\":\"https:\/\/stourm.news\/?p=4257\"},\"wordCount\":525,\"commentCount\":0,\"publisher\":{\"@id\":\"https:\/\/stourm.news\/#organization\"},\"image\":{\"@id\":\"https:\/\/stourm.news\/?p=4257#primaryimage\"},\"thumbnailUrl\":\"https:\/\/stourm.news\/wp-content\/uploads\/2025\/06\/Capture-decran-2025-06-11-a-15.55.38.png\",\"articleSection\":[\"Breizh\",\"Loire-Atlantique\",\"Principale\"],\"inLanguage\":\"fr-FR\",\"potentialAction\":[{\"@type\":\"CommentAction\",\"name\":\"Comment\",\"target\":[\"https:\/\/stourm.news\/?p=4257#respond\"]}]},{\"@type\":\"WebPage\",\"@id\":\"https:\/\/stourm.news\/?p=4257\",\"url\":\"https:\/\/stourm.news\/?p=4257\",\"name\":\"Pays nantais : le drapeau des ducs de Bretagne flotte sur le ch\u00e2teau d'Oudon - STOURM\",\"isPartOf\":{\"@id\":\"https:\/\/stourm.news\/#website\"},\"primaryImageOfPage\":{\"@id\":\"https:\/\/stourm.news\/?p=4257#primaryimage\"},\"image\":{\"@id\":\"https:\/\/stourm.news\/?p=4257#primaryimage\"},\"thumbnailUrl\":\"https:\/\/stourm.news\/wp-content\/uploads\/2025\/06\/Capture-decran-2025-06-11-a-15.55.38.png\",\"datePublished\":\"2025-06-11T07:05:59+00:00\",\"dateModified\":\"2025-06-11T07:44:36+00:00\",\"breadcrumb\":{\"@id\":\"https:\/\/stourm.news\/?p=4257#breadcrumb\"},\"inLanguage\":\"fr-FR\",\"potentialAction\":[{\"@type\":\"ReadAction\",\"target\":[\"https:\/\/stourm.news\/?p=4257\"]}]},{\"@type\":\"ImageObject\",\"inLanguage\":\"fr-FR\",\"@id\":\"https:\/\/stourm.news\/?p=4257#primaryimage\",\"url\":\"https:\/\/stourm.news\/wp-content\/uploads\/2025\/06\/Capture-decran-2025-06-11-a-15.55.38.png\",\"contentUrl\":\"https:\/\/stourm.news\/wp-content\/uploads\/2025\/06\/Capture-decran-2025-06-11-a-15.55.38.png\",\"width\":1010,\"height\":594},{\"@type\":\"BreadcrumbList\",\"@id\":\"https:\/\/stourm.news\/?p=4257#breadcrumb\",\"itemListElement\":[{\"@type\":\"ListItem\",\"position\":1,\"name\":\"Accueil\",\"item\":\"https:\/\/stourm.news\/\"},{\"@type\":\"ListItem\",\"position\":2,\"name\":\"Pays nantais : le drapeau des ducs de Bretagne flotte sur le ch\u00e2teau d&rsquo;Oudon\"}]},{\"@type\":\"WebSite\",\"@id\":\"https:\/\/stourm.news\/#website\",\"url\":\"https:\/\/stourm.news\/\",\"name\":\"Stourm\",\"description\":\"Kazetenn Strollad Broadel Breizh\",\"publisher\":{\"@id\":\"https:\/\/stourm.news\/#organization\"},\"potentialAction\":[{\"@type\":\"SearchAction\",\"target\":{\"@type\":\"EntryPoint\",\"urlTemplate\":\"https:\/\/stourm.news\/?s={search_term_string}\"},\"query-input\":{\"@type\":\"PropertyValueSpecification\",\"valueRequired\":true,\"valueName\":\"search_term_string\"}}],\"inLanguage\":\"fr-FR\"},{\"@type\":\"Organization\",\"@id\":\"https:\/\/stourm.news\/#organization\",\"name\":\"Stourm\",\"url\":\"https:\/\/stourm.news\/\",\"logo\":{\"@type\":\"ImageObject\",\"inLanguage\":\"fr-FR\",\"@id\":\"https:\/\/stourm.news\/#\/schema\/logo\/image\/\",\"url\":\"https:\/\/stourm.news\/wp-content\/uploads\/2025\/11\/cropped-Capture-decran-2025-11-28-a-15.19.07.png\",\"contentUrl\":\"https:\/\/stourm.news\/wp-content\/uploads\/2025\/11\/cropped-Capture-decran-2025-11-28-a-15.19.07.png\",\"width\":1855,\"height\":383,\"caption\":\"Stourm\"},\"image\":{\"@id\":\"https:\/\/stourm.news\/#\/schema\/logo\/image\/\"},\"sameAs\":[\"https:\/\/www.facebook.com\/stourmnews\/\"]},{\"@type\":\"Person\",\"@id\":\"https:\/\/stourm.news\/#\/schema\/person\/c3e1dc65988632e190969234ef046cf9\",\"name\":\"La r\u00e9daction\",\"image\":{\"@type\":\"ImageObject\",\"inLanguage\":\"fr-FR\",\"@id\":\"https:\/\/stourm.news\/#\/schema\/person\/image\/\",\"url\":\"https:\/\/secure.gravatar.com\/avatar\/7463443f194b6b5fb706b074ca0ef59a0cfcfd720cb47764b0ec5a952ce422b3?s=96&d=mm&r=g\",\"contentUrl\":\"https:\/\/secure.gravatar.com\/avatar\/7463443f194b6b5fb706b074ca0ef59a0cfcfd720cb47764b0ec5a952ce422b3?s=96&d=mm&r=g\",\"caption\":\"La r\u00e9daction\"},\"sameAs\":[\"https:\/\/stourm.news\"],\"url\":\"https:\/\/stourm.news\/?author=1\"}]}<\/script>\n<!-- \/ Yoast SEO plugin. -->","yoast_head_json":{"title":"Pays nantais : le drapeau des ducs de Bretagne flotte sur le ch\u00e2teau d'Oudon - STOURM","robots":{"index":"index","follow":"follow","max-snippet":"max-snippet:-1","max-image-preview":"max-image-preview:large","max-video-preview":"max-video-preview:-1"},"canonical":"https:\/\/stourm.news\/?p=4257","og_locale":"fr_FR","og_type":"article","og_title":"Pays nantais : le drapeau des ducs de Bretagne flotte sur le ch\u00e2teau d'Oudon - STOURM","og_description":"Dans la paisible commune d\u2019Oudon, nich\u00e9e sur les rives de la Loire en Pays nantais, un geste symbolique vient raviver la flamme de l\u2019identit\u00e9 bretonne. Depuis le 4 juin 2025, le drapeau du duch\u00e9 de Bretagne, flotte fi\u00e8rement au sommet du ch\u00e2teau m\u00e9di\u00e9val d\u2019Oudon, \u00e0 la suite d\u2019une d\u00e9cision unanime du conseil municipal. Ce choix, [&hellip;]","og_url":"https:\/\/stourm.news\/?p=4257","og_site_name":"STOURM","article_publisher":"https:\/\/www.facebook.com\/stourmnews\/","article_published_time":"2025-06-11T07:05:59+00:00","article_modified_time":"2025-06-11T07:44:36+00:00","og_image":[{"width":1010,"height":594,"url":"https:\/\/stourm.news\/wp-content\/uploads\/2025\/06\/Capture-decran-2025-06-11-a-15.55.38.png","type":"image\/png"}],"author":"La r\u00e9daction","twitter_card":"summary_large_image","twitter_misc":{"\u00c9crit par":"La r\u00e9daction","Dur\u00e9e de lecture estim\u00e9e":"3 minutes"},"schema":{"@context":"https:\/\/schema.org","@graph":[{"@type":"Article","@id":"https:\/\/stourm.news\/?p=4257#article","isPartOf":{"@id":"https:\/\/stourm.news\/?p=4257"},"author":{"name":"La r\u00e9daction","@id":"https:\/\/stourm.news\/#\/schema\/person\/c3e1dc65988632e190969234ef046cf9"},"headline":"Pays nantais : le drapeau des ducs de Bretagne flotte sur le ch\u00e2teau d&rsquo;Oudon","datePublished":"2025-06-11T07:05:59+00:00","dateModified":"2025-06-11T07:44:36+00:00","mainEntityOfPage":{"@id":"https:\/\/stourm.news\/?p=4257"},"wordCount":525,"commentCount":0,"publisher":{"@id":"https:\/\/stourm.news\/#organization"},"image":{"@id":"https:\/\/stourm.news\/?p=4257#primaryimage"},"thumbnailUrl":"https:\/\/stourm.news\/wp-content\/uploads\/2025\/06\/Capture-decran-2025-06-11-a-15.55.38.png","articleSection":["Breizh","Loire-Atlantique","Principale"],"inLanguage":"fr-FR","potentialAction":[{"@type":"CommentAction","name":"Comment","target":["https:\/\/stourm.news\/?p=4257#respond"]}]},{"@type":"WebPage","@id":"https:\/\/stourm.news\/?p=4257","url":"https:\/\/stourm.news\/?p=4257","name":"Pays nantais : le drapeau des ducs de Bretagne flotte sur le ch\u00e2teau d'Oudon - STOURM","isPartOf":{"@id":"https:\/\/stourm.news\/#website"},"primaryImageOfPage":{"@id":"https:\/\/stourm.news\/?p=4257#primaryimage"},"image":{"@id":"https:\/\/stourm.news\/?p=4257#primaryimage"},"thumbnailUrl":"https:\/\/stourm.news\/wp-content\/uploads\/2025\/06\/Capture-decran-2025-06-11-a-15.55.38.png","datePublished":"2025-06-11T07:05:59+00:00","dateModified":"2025-06-11T07:44:36+00:00","breadcrumb":{"@id":"https:\/\/stourm.news\/?p=4257#breadcrumb"},"inLanguage":"fr-FR","potentialAction":[{"@type":"ReadAction","target":["https:\/\/stourm.news\/?p=4257"]}]},{"@type":"ImageObject","inLanguage":"fr-FR","@id":"https:\/\/stourm.news\/?p=4257#primaryimage","url":"https:\/\/stourm.news\/wp-content\/uploads\/2025\/06\/Capture-decran-2025-06-11-a-15.55.38.png","contentUrl":"https:\/\/stourm.news\/wp-content\/uploads\/2025\/06\/Capture-decran-2025-06-11-a-15.55.38.png","width":1010,"height":594},{"@type":"BreadcrumbList","@id":"https:\/\/stourm.news\/?p=4257#breadcrumb","itemListElement":[{"@type":"ListItem","position":1,"name":"Accueil","item":"https:\/\/stourm.news\/"},{"@type":"ListItem","position":2,"name":"Pays nantais : le drapeau des ducs de Bretagne flotte sur le ch\u00e2teau d&rsquo;Oudon"}]},{"@type":"WebSite","@id":"https:\/\/stourm.news\/#website","url":"https:\/\/stourm.news\/","name":"Stourm","description":"Kazetenn Strollad Broadel Breizh","publisher":{"@id":"https:\/\/stourm.news\/#organization"},"potentialAction":[{"@type":"SearchAction","target":{"@type":"EntryPoint","urlTemplate":"https:\/\/stourm.news\/?s={search_term_string}"},"query-input":{"@type":"PropertyValueSpecification","valueRequired":true,"valueName":"search_term_string"}}],"inLanguage":"fr-FR"},{"@type":"Organization","@id":"https:\/\/stourm.news\/#organization","name":"Stourm","url":"https:\/\/stourm.news\/","logo":{"@type":"ImageObject","inLanguage":"fr-FR","@id":"https:\/\/stourm.news\/#\/schema\/logo\/image\/","url":"https:\/\/stourm.news\/wp-content\/uploads\/2025\/11\/cropped-Capture-decran-2025-11-28-a-15.19.07.png","contentUrl":"https:\/\/stourm.news\/wp-content\/uploads\/2025\/11\/cropped-Capture-decran-2025-11-28-a-15.19.07.png","width":1855,"height":383,"caption":"Stourm"},"image":{"@id":"https:\/\/stourm.news\/#\/schema\/logo\/image\/"},"sameAs":["https:\/\/www.facebook.com\/stourmnews\/"]},{"@type":"Person","@id":"https:\/\/stourm.news\/#\/schema\/person\/c3e1dc65988632e190969234ef046cf9","name":"La r\u00e9daction","image":{"@type":"ImageObject","inLanguage":"fr-FR","@id":"https:\/\/stourm.news\/#\/schema\/person\/image\/","url":"https:\/\/secure.gravatar.com\/avatar\/7463443f194b6b5fb706b074ca0ef59a0cfcfd720cb47764b0ec5a952ce422b3?s=96&d=mm&r=g","contentUrl":"https:\/\/secure.gravatar.com\/avatar\/7463443f194b6b5fb706b074ca0ef59a0cfcfd720cb47764b0ec5a952ce422b3?s=96&d=mm&r=g","caption":"La r\u00e9daction"},"sameAs":["https:\/\/stourm.news"],"url":"https:\/\/stourm.news\/?author=1"}]}},"_links":{"self":[{"href":"https:\/\/stourm.news\/index.php?rest_route=\/wp\/v2\/posts\/4257","targetHints":{"allow":["GET"]}}],"collection":[{"href":"https:\/\/stourm.news\/index.php?rest_route=\/wp\/v2\/posts"}],"about":[{"href":"https:\/\/stourm.news\/index.php?rest_route=\/wp\/v2\/types\/post"}],"author":[{"embeddable":true,"href":"https:\/\/stourm.news\/index.php?rest_route=\/wp\/v2\/users\/1"}],"replies":[{"embeddable":true,"href":"https:\/\/stourm.news\/index.php?rest_route=%2Fwp%2Fv2%2Fcomments&post=4257"}],"version-history":[{"count":2,"href":"https:\/\/stourm.news\/index.php?rest_route=\/wp\/v2\/posts\/4257\/revisions"}],"predecessor-version":[{"id":4260,"href":"https:\/\/stourm.news\/index.php?rest_route=\/wp\/v2\/posts\/4257\/revisions\/4260"}],"wp:featuredmedia":[{"embeddable":true,"href":"https:\/\/stourm.news\/index.php?rest_route=\/wp\/v2\/media\/4258"}],"wp:attachment":[{"href":"https:\/\/stourm.news\/index.php?rest_route=%2Fwp%2Fv2%2Fmedia&parent=4257"}],"wp:term":[{"taxonomy":"category","embeddable":true,"href":"https:\/\/stourm.news\/index.php?rest_route=%2Fwp%2Fv2%2Fcategories&post=4257"},{"taxonomy":"post_tag","embeddable":true,"href":"https:\/\/stourm.news\/index.php?rest_route=%2Fwp%2Fv2%2Ftags&post=4257"}],"curies":[{"name":"wp","href":"https:\/\/api.w.org\/{rel}","templated":true}]}}