{"id":4261,"date":"2025-06-11T17:44:04","date_gmt":"2025-06-11T17:44:04","guid":{"rendered":"https:\/\/stourm.news\/?p=4261"},"modified":"2025-06-11T17:44:41","modified_gmt":"2025-06-11T17:44:41","slug":"la-langue-fait-partie-de-ma-vie-gwenno-partage-des-chansons-en-cornique-pour-inspirer-la-nouvelle-generation","status":"publish","type":"post","link":"https:\/\/stourm.news\/?p=4261","title":{"rendered":"\u00ab La langue fait partie de ma vie \u00bb : Gwenno partage des chansons en cornique pour inspirer la nouvelle g\u00e9n\u00e9ration"},"content":{"rendered":"<p style=\"text-align: justify;\">La chanteuse cornouaillaise\/galloise Gwenno Saunders, nomin\u00e9e au Mercury Prize, a d\u00e9clar\u00e9 que le cornouaillais devrait \u00eatre davantage enseign\u00e9 aux enfants du sud-ouest de la Grande-Bretagne afin de prot\u00e9ger la langue et de pr\u00e9server la culture locale.<\/p>\n<p style=\"text-align: justify;\">Gwenno s&rsquo;est exprim\u00e9e apr\u00e8s avoir visit\u00e9 une \u00e9cole dans le village de p\u00eacheurs de Mevagissey, sur la c\u00f4te sud de la Cornouailles, avant de se produire dans les jardins perdus de Heligan, situ\u00e9s \u00e0 proximit\u00e9.<\/p>\n<p style=\"text-align: justify;\">Les \u00e9l\u00e8ves de CM2 de l&rsquo;\u00e9cole primaire communautaire de Mevagissey se sont joints \u00e0 elle pour chanter. Elle a abord\u00e9 des sujets tr\u00e8s vari\u00e9s, allant de l&rsquo;importance et de la vitalit\u00e9 du kerneweg (cornouaillais) aux r\u00e9bellions des XVe et XVIe si\u00e8cles, en passant par le fromage.<\/p>\n<p style=\"text-align: justify;\">Gwenno, dont les parents sont un po\u00e8te cornouaillais et une militante de la langue galloise, chante en cornique, en gallois et en anglais. Elle a d\u00e9clar\u00e9 : <strong>\u00ab\u00a0Les enfants de Mevagissey ne connaissaient pas tr\u00e8s bien la langue, car ils n&rsquo;y ont pas acc\u00e8s. Je pense qu&rsquo;il serait tr\u00e8s utile de l&rsquo;int\u00e9grer au programme scolaire. Il est tr\u00e8s enrichissant pour les enfants d&rsquo;apprendre le patrimoine et l&rsquo;histoire locaux dans la langue de leur r\u00e9gion. Dans un monde tr\u00e8s globalis\u00e9, il est si facile d&rsquo;avoir l&rsquo;impression que tout est pareil et qu&rsquo;il n&rsquo;y a qu&rsquo;une seule fa\u00e7on de faire les choses. Le fait d&rsquo;avoir des traditions locales en mati\u00e8re d&rsquo;histoire, de langue et d&rsquo;accents vous donne un sentiment d&rsquo;appartenance, un sens de la communaut\u00e9 et de la cr\u00e9ativit\u00e9. \u00bb<\/strong><\/p>\n<p style=\"text-align: justify;\">Gwenno a \u00e9t\u00e9 nomin\u00e9e pour le prix Mercury en 2022 pour son troisi\u00e8me album acclam\u00e9, Tresor, en langue cornique. Elle se produira au festival Heligan Homecoming le jeudi 19 juin dans le cadre d&rsquo;une programmation d&rsquo;artistes, d&rsquo;humoristes et de penseurs explorant les th\u00e8mes du foyer et de l&rsquo;appartenance. Elle s&rsquo;est produite pour la derni\u00e8re fois en Cornouailles au th\u00e9\u00e2tre Minack en 2023.<\/p>\n<p><iframe title=\"Welsh singer Gwenno&#039;s new album is written entirely in the Cornish   ITV News\" width=\"500\" height=\"281\" src=\"https:\/\/www.youtube.com\/embed\/8j5Mf-AFYQk?feature=oembed\" frameborder=\"0\" allow=\"accelerometer; autoplay; clipboard-write; encrypted-media; gyroscope; picture-in-picture; web-share\" referrerpolicy=\"strict-origin-when-cross-origin\" allowfullscreen><\/iframe><\/p>\n<p style=\"text-align: justify;\">Parmi les chansons que Gwenno a interpr\u00e9t\u00e9es pour les enfants de Mevagissey figurait Den Heb Taves, qui signifie \u00ab l&rsquo;homme sans langue \u00bb. Gwenno a d\u00e9clar\u00e9 : <strong>\u00ab Elle parle de la perte de sa langue et de la fa\u00e7on dont cela contribue \u00e0 perdre ses rep\u00e8res et ses fondements. \u00bb<\/strong><\/p>\n<p style=\"text-align: justify;\">Elle a \u00e9galement parl\u00e9 aux enfants de la r\u00e9bellion cornouaillaise de 1497, qui \u00e9tait en partie une r\u00e9ponse aux difficult\u00e9s caus\u00e9es par l&rsquo;augmentation des imp\u00f4ts d\u00e9cid\u00e9e par Henri VII pour financer la guerre, et de la r\u00e9bellion du Livre de pri\u00e8res de 1549.<\/p>\n<p style=\"text-align: justify;\"><strong>\u00ab Les enfants adorent ce genre d&rsquo;id\u00e9es profondes, sombres et importantes \u00bb<\/strong>, a d\u00e9clar\u00e9 Gwenno. <strong>\u00ab Je pense que lorsque vous allez \u00e0 l&rsquo;\u00e9cole et que vous discutez, il est vraiment important d&rsquo;essayer de pousser les choses sur le plan \u00e9motionnel et intellectuel. Souvent, les gens pensent : \u00ab Oh, nous avons perdu notre langue parce qu&rsquo;elle n&rsquo;\u00e9tait pas importante ou qu&rsquo;elle n&rsquo;avait pas d&rsquo;int\u00e9r\u00eat \u00bb, alors qu&rsquo;en r\u00e9alit\u00e9, la mort ou la quasi-disparition d&rsquo;une langue est souvent syst\u00e9matique et structurelle. \u00bb<\/strong><\/p>\n<p style=\"text-align: justify;\">Elle a d\u00e9clar\u00e9 vouloir transmettre aux enfants l&rsquo;id\u00e9e que le cornique faisait partie int\u00e9grante de sa vie. <strong>\u00ab La langue fait partie de ma vie et de ma vie familiale, et je pense que si une langue vient de l\u00e0, elle a de r\u00e9elles chances de prosp\u00e9rer. \u00bb<\/strong><\/p>\n<p style=\"text-align: justify;\">Le conseil r\u00e9gional de Cornouailles estime qu&rsquo;il y a environ 500 locuteurs avanc\u00e9s du cornique et 2 000 locuteurs ayant un niveau de base. Il a mis en place une initiative gratuite appel\u00e9e \u00ab Go Cornish for Primary Schools \u00bb (Vive le cornique \u00e0 l&rsquo;\u00e9cole primaire) afin de promouvoir la langue et la culture.<\/p>\n<p style=\"text-align: justify;\">Il affirme que la culture cornique est \u00ab florissante \u00bb, avec de plus en plus de personnes participant \u00e0 des programmes et des \u00e9v\u00e9nements c\u00e9l\u00e9brant la gastronomie, le patrimoine, les sports et la musique corniques.<\/p>\n<p style=\"text-align: justify;\">Gwenno a \u00e9galement chant\u00e9 une chanson entra\u00eenante avec les enfants de Mevagissey sur le fromage, intitul\u00e9e Eus Keus? (Y a-t-il du fromage ?). \u00ab J&rsquo;ai pens\u00e9 qu&rsquo;il fallait probablement all\u00e9ger le ton. Le propre de toute langue ou culture est qu&rsquo;il faut y trouver l&rsquo;absurde et l&rsquo;humour. C&rsquo;est vraiment cathartique de crier \u00e0 propos du fromage. C&rsquo;\u00e9tait amusant \u00e0 faire. Je chanterai cette chanson jusqu&rsquo;\u00e0 mes 90 ans, si je suis encore l\u00e0. \u00bb<\/p>\n<p style=\"text-align: justify;\">Le festival Heligan Homecoming se d\u00e9roule \u00e0 certaines dates entre le 13 et le 22 juin 2013.<\/p>\n<p>Source : <strong><a href=\"https:\/\/www.theguardian.com\/uk-news\/2025\/jun\/08\/the-language-is-part-of-my-life-gwenno-shares-songs-in-cornish-to-inspire-new-generation\">The Guardian\u00a0<\/a><\/strong><\/p>\n","protected":false},"excerpt":{"rendered":"<p>La chanteuse cornouaillaise\/galloise Gwenno Saunders, nomin\u00e9e au Mercury Prize, a d\u00e9clar\u00e9 que le cornouaillais devrait \u00eatre davantage enseign\u00e9 aux enfants du sud-ouest de la Grande-Bretagne afin de prot\u00e9ger la langue et de pr\u00e9server la culture locale. Gwenno s&rsquo;est exprim\u00e9e apr\u00e8s avoir visit\u00e9 une \u00e9cole dans le village de p\u00eacheurs de Mevagissey, sur la c\u00f4te sud [&hellip;]<\/p>\n","protected":false},"author":1,"featured_media":4268,"comment_status":"open","ping_status":"open","sticky":false,"template":"","format":"standard","meta":{"sb_editor_width":"","footnotes":""},"categories":[88,65],"tags":[],"class_list":["post-4261","post","type-post","status-publish","format-standard","has-post-thumbnail","hentry","category-interceltisme","category-principale"],"relative_dates":{"created":"11 mois ago","modified":"11 mois ago"},"yoast_head":"<!-- This site is optimized with the Yoast SEO plugin v26.3 - https:\/\/yoast.com\/wordpress\/plugins\/seo\/ -->\n<title>\u00ab La langue fait partie de ma vie \u00bb : Gwenno partage des chansons en cornique pour inspirer la nouvelle g\u00e9n\u00e9ration - STOURM<\/title>\n<meta name=\"robots\" content=\"index, follow, max-snippet:-1, max-image-preview:large, max-video-preview:-1\" \/>\n<link rel=\"canonical\" href=\"https:\/\/stourm.news\/?p=4261\" \/>\n<meta property=\"og:locale\" content=\"fr_FR\" \/>\n<meta property=\"og:type\" content=\"article\" \/>\n<meta property=\"og:title\" content=\"\u00ab La langue fait partie de ma vie \u00bb : Gwenno partage des chansons en cornique pour inspirer la nouvelle g\u00e9n\u00e9ration - STOURM\" \/>\n<meta property=\"og:description\" content=\"La chanteuse cornouaillaise\/galloise Gwenno Saunders, nomin\u00e9e au Mercury Prize, a d\u00e9clar\u00e9 que le cornouaillais devrait \u00eatre davantage enseign\u00e9 aux enfants du sud-ouest de la Grande-Bretagne afin de prot\u00e9ger la langue et de pr\u00e9server la culture locale. Gwenno s&rsquo;est exprim\u00e9e apr\u00e8s avoir visit\u00e9 une \u00e9cole dans le village de p\u00eacheurs de Mevagissey, sur la c\u00f4te sud [&hellip;]\" \/>\n<meta property=\"og:url\" content=\"https:\/\/stourm.news\/?p=4261\" \/>\n<meta property=\"og:site_name\" content=\"STOURM\" \/>\n<meta property=\"article:publisher\" content=\"https:\/\/www.facebook.com\/stourmnews\/\" \/>\n<meta property=\"article:published_time\" content=\"2025-06-11T17:44:04+00:00\" \/>\n<meta property=\"article:modified_time\" content=\"2025-06-11T17:44:41+00:00\" \/>\n<meta name=\"author\" content=\"La r\u00e9daction\" \/>\n<meta name=\"twitter:card\" content=\"summary_large_image\" \/>\n<meta name=\"twitter:label1\" content=\"\u00c9crit par\" \/>\n\t<meta name=\"twitter:data1\" content=\"La r\u00e9daction\" \/>\n\t<meta name=\"twitter:label2\" content=\"Dur\u00e9e de lecture estim\u00e9e\" \/>\n\t<meta name=\"twitter:data2\" content=\"4 minutes\" \/>\n<script type=\"application\/ld+json\" class=\"yoast-schema-graph\">{\"@context\":\"https:\/\/schema.org\",\"@graph\":[{\"@type\":\"Article\",\"@id\":\"https:\/\/stourm.news\/?p=4261#article\",\"isPartOf\":{\"@id\":\"https:\/\/stourm.news\/?p=4261\"},\"author\":{\"name\":\"La r\u00e9daction\",\"@id\":\"https:\/\/stourm.news\/#\/schema\/person\/c3e1dc65988632e190969234ef046cf9\"},\"headline\":\"\u00ab La langue fait partie de ma vie \u00bb : Gwenno partage des chansons en cornique pour inspirer la nouvelle g\u00e9n\u00e9ration\",\"datePublished\":\"2025-06-11T17:44:04+00:00\",\"dateModified\":\"2025-06-11T17:44:41+00:00\",\"mainEntityOfPage\":{\"@id\":\"https:\/\/stourm.news\/?p=4261\"},\"wordCount\":809,\"commentCount\":0,\"publisher\":{\"@id\":\"https:\/\/stourm.news\/#organization\"},\"image\":{\"@id\":\"https:\/\/stourm.news\/?p=4261#primaryimage\"},\"thumbnailUrl\":\"https:\/\/stourm.news\/wp-content\/uploads\/2025\/06\/667-scaled.avif\",\"articleSection\":[\"Interceltisme\",\"Principale\"],\"inLanguage\":\"fr-FR\",\"potentialAction\":[{\"@type\":\"CommentAction\",\"name\":\"Comment\",\"target\":[\"https:\/\/stourm.news\/?p=4261#respond\"]}]},{\"@type\":\"WebPage\",\"@id\":\"https:\/\/stourm.news\/?p=4261\",\"url\":\"https:\/\/stourm.news\/?p=4261\",\"name\":\"\u00ab La langue fait partie de ma vie \u00bb : Gwenno partage des chansons en cornique pour inspirer la nouvelle g\u00e9n\u00e9ration - STOURM\",\"isPartOf\":{\"@id\":\"https:\/\/stourm.news\/#website\"},\"primaryImageOfPage\":{\"@id\":\"https:\/\/stourm.news\/?p=4261#primaryimage\"},\"image\":{\"@id\":\"https:\/\/stourm.news\/?p=4261#primaryimage\"},\"thumbnailUrl\":\"https:\/\/stourm.news\/wp-content\/uploads\/2025\/06\/667-scaled.avif\",\"datePublished\":\"2025-06-11T17:44:04+00:00\",\"dateModified\":\"2025-06-11T17:44:41+00:00\",\"breadcrumb\":{\"@id\":\"https:\/\/stourm.news\/?p=4261#breadcrumb\"},\"inLanguage\":\"fr-FR\",\"potentialAction\":[{\"@type\":\"ReadAction\",\"target\":[\"https:\/\/stourm.news\/?p=4261\"]}]},{\"@type\":\"ImageObject\",\"inLanguage\":\"fr-FR\",\"@id\":\"https:\/\/stourm.news\/?p=4261#primaryimage\",\"url\":\"https:\/\/stourm.news\/wp-content\/uploads\/2025\/06\/667-scaled.avif\",\"contentUrl\":\"https:\/\/stourm.news\/wp-content\/uploads\/2025\/06\/667-scaled.avif\",\"width\":2560,\"height\":2049},{\"@type\":\"BreadcrumbList\",\"@id\":\"https:\/\/stourm.news\/?p=4261#breadcrumb\",\"itemListElement\":[{\"@type\":\"ListItem\",\"position\":1,\"name\":\"Accueil\",\"item\":\"https:\/\/stourm.news\/\"},{\"@type\":\"ListItem\",\"position\":2,\"name\":\"\u00ab La langue fait partie de ma vie \u00bb : Gwenno partage des chansons en cornique pour inspirer la nouvelle g\u00e9n\u00e9ration\"}]},{\"@type\":\"WebSite\",\"@id\":\"https:\/\/stourm.news\/#website\",\"url\":\"https:\/\/stourm.news\/\",\"name\":\"Stourm\",\"description\":\"Kazetenn Strollad Broadel Breizh\",\"publisher\":{\"@id\":\"https:\/\/stourm.news\/#organization\"},\"potentialAction\":[{\"@type\":\"SearchAction\",\"target\":{\"@type\":\"EntryPoint\",\"urlTemplate\":\"https:\/\/stourm.news\/?s={search_term_string}\"},\"query-input\":{\"@type\":\"PropertyValueSpecification\",\"valueRequired\":true,\"valueName\":\"search_term_string\"}}],\"inLanguage\":\"fr-FR\"},{\"@type\":\"Organization\",\"@id\":\"https:\/\/stourm.news\/#organization\",\"name\":\"Stourm\",\"url\":\"https:\/\/stourm.news\/\",\"logo\":{\"@type\":\"ImageObject\",\"inLanguage\":\"fr-FR\",\"@id\":\"https:\/\/stourm.news\/#\/schema\/logo\/image\/\",\"url\":\"https:\/\/stourm.news\/wp-content\/uploads\/2025\/11\/cropped-Capture-decran-2025-11-28-a-15.19.07.png\",\"contentUrl\":\"https:\/\/stourm.news\/wp-content\/uploads\/2025\/11\/cropped-Capture-decran-2025-11-28-a-15.19.07.png\",\"width\":1855,\"height\":383,\"caption\":\"Stourm\"},\"image\":{\"@id\":\"https:\/\/stourm.news\/#\/schema\/logo\/image\/\"},\"sameAs\":[\"https:\/\/www.facebook.com\/stourmnews\/\"]},{\"@type\":\"Person\",\"@id\":\"https:\/\/stourm.news\/#\/schema\/person\/c3e1dc65988632e190969234ef046cf9\",\"name\":\"La r\u00e9daction\",\"image\":{\"@type\":\"ImageObject\",\"inLanguage\":\"fr-FR\",\"@id\":\"https:\/\/stourm.news\/#\/schema\/person\/image\/\",\"url\":\"https:\/\/secure.gravatar.com\/avatar\/7463443f194b6b5fb706b074ca0ef59a0cfcfd720cb47764b0ec5a952ce422b3?s=96&d=mm&r=g\",\"contentUrl\":\"https:\/\/secure.gravatar.com\/avatar\/7463443f194b6b5fb706b074ca0ef59a0cfcfd720cb47764b0ec5a952ce422b3?s=96&d=mm&r=g\",\"caption\":\"La r\u00e9daction\"},\"sameAs\":[\"https:\/\/stourm.news\"],\"url\":\"https:\/\/stourm.news\/?author=1\"}]}<\/script>\n<!-- \/ Yoast SEO plugin. -->","yoast_head_json":{"title":"\u00ab La langue fait partie de ma vie \u00bb : Gwenno partage des chansons en cornique pour inspirer la nouvelle g\u00e9n\u00e9ration - STOURM","robots":{"index":"index","follow":"follow","max-snippet":"max-snippet:-1","max-image-preview":"max-image-preview:large","max-video-preview":"max-video-preview:-1"},"canonical":"https:\/\/stourm.news\/?p=4261","og_locale":"fr_FR","og_type":"article","og_title":"\u00ab La langue fait partie de ma vie \u00bb : Gwenno partage des chansons en cornique pour inspirer la nouvelle g\u00e9n\u00e9ration - STOURM","og_description":"La chanteuse cornouaillaise\/galloise Gwenno Saunders, nomin\u00e9e au Mercury Prize, a d\u00e9clar\u00e9 que le cornouaillais devrait \u00eatre davantage enseign\u00e9 aux enfants du sud-ouest de la Grande-Bretagne afin de prot\u00e9ger la langue et de pr\u00e9server la culture locale. Gwenno s&rsquo;est exprim\u00e9e apr\u00e8s avoir visit\u00e9 une \u00e9cole dans le village de p\u00eacheurs de Mevagissey, sur la c\u00f4te sud [&hellip;]","og_url":"https:\/\/stourm.news\/?p=4261","og_site_name":"STOURM","article_publisher":"https:\/\/www.facebook.com\/stourmnews\/","article_published_time":"2025-06-11T17:44:04+00:00","article_modified_time":"2025-06-11T17:44:41+00:00","author":"La r\u00e9daction","twitter_card":"summary_large_image","twitter_misc":{"\u00c9crit par":"La r\u00e9daction","Dur\u00e9e de lecture estim\u00e9e":"4 minutes"},"schema":{"@context":"https:\/\/schema.org","@graph":[{"@type":"Article","@id":"https:\/\/stourm.news\/?p=4261#article","isPartOf":{"@id":"https:\/\/stourm.news\/?p=4261"},"author":{"name":"La r\u00e9daction","@id":"https:\/\/stourm.news\/#\/schema\/person\/c3e1dc65988632e190969234ef046cf9"},"headline":"\u00ab La langue fait partie de ma vie \u00bb : Gwenno partage des chansons en cornique pour inspirer la nouvelle g\u00e9n\u00e9ration","datePublished":"2025-06-11T17:44:04+00:00","dateModified":"2025-06-11T17:44:41+00:00","mainEntityOfPage":{"@id":"https:\/\/stourm.news\/?p=4261"},"wordCount":809,"commentCount":0,"publisher":{"@id":"https:\/\/stourm.news\/#organization"},"image":{"@id":"https:\/\/stourm.news\/?p=4261#primaryimage"},"thumbnailUrl":"https:\/\/stourm.news\/wp-content\/uploads\/2025\/06\/667-scaled.avif","articleSection":["Interceltisme","Principale"],"inLanguage":"fr-FR","potentialAction":[{"@type":"CommentAction","name":"Comment","target":["https:\/\/stourm.news\/?p=4261#respond"]}]},{"@type":"WebPage","@id":"https:\/\/stourm.news\/?p=4261","url":"https:\/\/stourm.news\/?p=4261","name":"\u00ab La langue fait partie de ma vie \u00bb : Gwenno partage des chansons en cornique pour inspirer la nouvelle g\u00e9n\u00e9ration - STOURM","isPartOf":{"@id":"https:\/\/stourm.news\/#website"},"primaryImageOfPage":{"@id":"https:\/\/stourm.news\/?p=4261#primaryimage"},"image":{"@id":"https:\/\/stourm.news\/?p=4261#primaryimage"},"thumbnailUrl":"https:\/\/stourm.news\/wp-content\/uploads\/2025\/06\/667-scaled.avif","datePublished":"2025-06-11T17:44:04+00:00","dateModified":"2025-06-11T17:44:41+00:00","breadcrumb":{"@id":"https:\/\/stourm.news\/?p=4261#breadcrumb"},"inLanguage":"fr-FR","potentialAction":[{"@type":"ReadAction","target":["https:\/\/stourm.news\/?p=4261"]}]},{"@type":"ImageObject","inLanguage":"fr-FR","@id":"https:\/\/stourm.news\/?p=4261#primaryimage","url":"https:\/\/stourm.news\/wp-content\/uploads\/2025\/06\/667-scaled.avif","contentUrl":"https:\/\/stourm.news\/wp-content\/uploads\/2025\/06\/667-scaled.avif","width":2560,"height":2049},{"@type":"BreadcrumbList","@id":"https:\/\/stourm.news\/?p=4261#breadcrumb","itemListElement":[{"@type":"ListItem","position":1,"name":"Accueil","item":"https:\/\/stourm.news\/"},{"@type":"ListItem","position":2,"name":"\u00ab La langue fait partie de ma vie \u00bb : Gwenno partage des chansons en cornique pour inspirer la nouvelle g\u00e9n\u00e9ration"}]},{"@type":"WebSite","@id":"https:\/\/stourm.news\/#website","url":"https:\/\/stourm.news\/","name":"Stourm","description":"Kazetenn Strollad Broadel Breizh","publisher":{"@id":"https:\/\/stourm.news\/#organization"},"potentialAction":[{"@type":"SearchAction","target":{"@type":"EntryPoint","urlTemplate":"https:\/\/stourm.news\/?s={search_term_string}"},"query-input":{"@type":"PropertyValueSpecification","valueRequired":true,"valueName":"search_term_string"}}],"inLanguage":"fr-FR"},{"@type":"Organization","@id":"https:\/\/stourm.news\/#organization","name":"Stourm","url":"https:\/\/stourm.news\/","logo":{"@type":"ImageObject","inLanguage":"fr-FR","@id":"https:\/\/stourm.news\/#\/schema\/logo\/image\/","url":"https:\/\/stourm.news\/wp-content\/uploads\/2025\/11\/cropped-Capture-decran-2025-11-28-a-15.19.07.png","contentUrl":"https:\/\/stourm.news\/wp-content\/uploads\/2025\/11\/cropped-Capture-decran-2025-11-28-a-15.19.07.png","width":1855,"height":383,"caption":"Stourm"},"image":{"@id":"https:\/\/stourm.news\/#\/schema\/logo\/image\/"},"sameAs":["https:\/\/www.facebook.com\/stourmnews\/"]},{"@type":"Person","@id":"https:\/\/stourm.news\/#\/schema\/person\/c3e1dc65988632e190969234ef046cf9","name":"La r\u00e9daction","image":{"@type":"ImageObject","inLanguage":"fr-FR","@id":"https:\/\/stourm.news\/#\/schema\/person\/image\/","url":"https:\/\/secure.gravatar.com\/avatar\/7463443f194b6b5fb706b074ca0ef59a0cfcfd720cb47764b0ec5a952ce422b3?s=96&d=mm&r=g","contentUrl":"https:\/\/secure.gravatar.com\/avatar\/7463443f194b6b5fb706b074ca0ef59a0cfcfd720cb47764b0ec5a952ce422b3?s=96&d=mm&r=g","caption":"La r\u00e9daction"},"sameAs":["https:\/\/stourm.news"],"url":"https:\/\/stourm.news\/?author=1"}]}},"_links":{"self":[{"href":"https:\/\/stourm.news\/index.php?rest_route=\/wp\/v2\/posts\/4261","targetHints":{"allow":["GET"]}}],"collection":[{"href":"https:\/\/stourm.news\/index.php?rest_route=\/wp\/v2\/posts"}],"about":[{"href":"https:\/\/stourm.news\/index.php?rest_route=\/wp\/v2\/types\/post"}],"author":[{"embeddable":true,"href":"https:\/\/stourm.news\/index.php?rest_route=\/wp\/v2\/users\/1"}],"replies":[{"embeddable":true,"href":"https:\/\/stourm.news\/index.php?rest_route=%2Fwp%2Fv2%2Fcomments&post=4261"}],"version-history":[{"count":2,"href":"https:\/\/stourm.news\/index.php?rest_route=\/wp\/v2\/posts\/4261\/revisions"}],"predecessor-version":[{"id":4270,"href":"https:\/\/stourm.news\/index.php?rest_route=\/wp\/v2\/posts\/4261\/revisions\/4270"}],"wp:featuredmedia":[{"embeddable":true,"href":"https:\/\/stourm.news\/index.php?rest_route=\/wp\/v2\/media\/4268"}],"wp:attachment":[{"href":"https:\/\/stourm.news\/index.php?rest_route=%2Fwp%2Fv2%2Fmedia&parent=4261"}],"wp:term":[{"taxonomy":"category","embeddable":true,"href":"https:\/\/stourm.news\/index.php?rest_route=%2Fwp%2Fv2%2Fcategories&post=4261"},{"taxonomy":"post_tag","embeddable":true,"href":"https:\/\/stourm.news\/index.php?rest_route=%2Fwp%2Fv2%2Ftags&post=4261"}],"curies":[{"name":"wp","href":"https:\/\/api.w.org\/{rel}","templated":true}]}}