{"id":4265,"date":"2025-06-11T17:34:32","date_gmt":"2025-06-11T17:34:32","guid":{"rendered":"https:\/\/stourm.news\/?p=4265"},"modified":"2025-06-11T17:34:32","modified_gmt":"2025-06-11T17:34:32","slug":"trafic-de-drogue-a-dinan-un-reseau-albanais-demantele","status":"publish","type":"post","link":"https:\/\/stourm.news\/?p=4265","title":{"rendered":"Trafic de drogue \u00e0 Dinan : un r\u00e9seau albanais d\u00e9mantel\u00e9"},"content":{"rendered":"<p style=\"text-align: justify;\">Huit individus ont \u00e9t\u00e9 jug\u00e9s le 6 juin 2025 par le tribunal de Saint-Malo pour leur implication dans un trafic de stup\u00e9fiants op\u00e9rant entre l\u2019Espagne et la r\u00e9gion de Dinan, dans les C\u00f4tes-d\u2019Armor indique <strong><a href=\"https:\/\/www.letelegramme.fr\/cotes-d-armor\/go-fast-vers-cotes-darmor-les-enqueteurs-avaient-suivi-la-tete-de-reseau-en-espagne-et-en-italie-6833841.php\">Le T\u00e9l\u00e9gramme<\/a><\/strong>. Ce r\u00e9seau, actif d\u2019octobre 2024 \u00e0 juin 2025, organisait des \u00ab\u00a0go fast\u00a0\u00bb transportant jusqu\u2019\u00e0 20 kg de cannabis par voyage. Les enqu\u00eateurs avaient suivi la t\u00eate du r\u00e9seau en Espagne et en Italie, r\u00e9v\u00e9lant une organisation sophistiqu\u00e9e.<\/p>\n<p style=\"text-align: justify;\">Six pr\u00e9venus, ayant reconnu leur culpabilit\u00e9, ont \u00e9t\u00e9 condamn\u00e9s \u00e0 des peines allant jusqu\u2019\u00e0 36 mois de prison via une proc\u00e9dure de comparution sur reconnaissance pr\u00e9alable de culpabilit\u00e9 (CRPC). Deux autres, \u00e2g\u00e9s de 22 et 41 ans, ont \u00e9t\u00e9 pr\u00e9sent\u00e9s en comparution imm\u00e9diate. Le plus jeune a admis les faits, motiv\u00e9 par \u00ab\u00a0l\u2019adr\u00e9naline\u00a0\u00bb plut\u00f4t que l\u2019app\u00e2t du gain, tandis que le second, <strong>de nationalit\u00e9 albanaise<\/strong> r\u00e9sidant en Italie, a demand\u00e9 un renvoi pour pr\u00e9parer sa d\u00e9fense. Ce dernier, d\u00e9j\u00e0 condamn\u00e9 pour des faits similaires, a \u00e9t\u00e9 plac\u00e9 en d\u00e9tention provisoire en attendant son jugement le 17 juillet 2025, en raison de son implication pr\u00e9sum\u00e9e dans ce trafic \u00ab\u00a0extr\u00eamement bien organis\u00e9\u00a0\u00bb et de ses attaches \u00e0 l\u2019\u00e9tranger.<\/p>\n<p style=\"text-align: justify;\">Cette op\u00e9ration met en lumi\u00e8re l\u2019efficacit\u00e9 des investigations transfrontali\u00e8res face \u00e0 des r\u00e9seaux criminels structur\u00e9s, tout en soulignant les d\u00e9fis pos\u00e9s par les profils r\u00e9cidivistes et internationaux.<\/p>\n<p style=\"text-align: right;\"><strong>Ewen Broc&rsquo;han<\/strong><\/p>\n","protected":false},"excerpt":{"rendered":"<p>Huit individus ont \u00e9t\u00e9 jug\u00e9s le 6 juin 2025 par le tribunal de Saint-Malo pour leur implication dans un trafic de stup\u00e9fiants op\u00e9rant entre l\u2019Espagne et la r\u00e9gion de Dinan, dans les C\u00f4tes-d\u2019Armor indique Le T\u00e9l\u00e9gramme. Ce r\u00e9seau, actif d\u2019octobre 2024 \u00e0 juin 2025, organisait des \u00ab\u00a0go fast\u00a0\u00bb transportant jusqu\u2019\u00e0 20 kg de cannabis par [&hellip;]<\/p>\n","protected":false},"author":1,"featured_media":4266,"comment_status":"open","ping_status":"open","sticky":false,"template":"","format":"standard","meta":{"sb_editor_width":"","footnotes":""},"categories":[39,29,62],"tags":[],"class_list":["post-4265","post","type-post","status-publish","format-standard","has-post-thumbnail","hentry","category-cotes-darmor","category-drogue","category-revue-de-presse"],"relative_dates":{"created":"11 mois ago","modified":"11 mois ago"},"yoast_head":"<!-- This site is optimized with the Yoast SEO plugin v26.3 - https:\/\/yoast.com\/wordpress\/plugins\/seo\/ -->\n<title>Trafic de drogue \u00e0 Dinan : un r\u00e9seau albanais d\u00e9mantel\u00e9 - STOURM<\/title>\n<meta name=\"robots\" content=\"index, follow, max-snippet:-1, max-image-preview:large, max-video-preview:-1\" \/>\n<link rel=\"canonical\" href=\"https:\/\/stourm.news\/?p=4265\" \/>\n<meta property=\"og:locale\" content=\"fr_FR\" \/>\n<meta property=\"og:type\" content=\"article\" \/>\n<meta property=\"og:title\" content=\"Trafic de drogue \u00e0 Dinan : un r\u00e9seau albanais d\u00e9mantel\u00e9 - STOURM\" \/>\n<meta property=\"og:description\" content=\"Huit individus ont \u00e9t\u00e9 jug\u00e9s le 6 juin 2025 par le tribunal de Saint-Malo pour leur implication dans un trafic de stup\u00e9fiants op\u00e9rant entre l\u2019Espagne et la r\u00e9gion de Dinan, dans les C\u00f4tes-d\u2019Armor indique Le T\u00e9l\u00e9gramme. Ce r\u00e9seau, actif d\u2019octobre 2024 \u00e0 juin 2025, organisait des \u00ab\u00a0go fast\u00a0\u00bb transportant jusqu\u2019\u00e0 20 kg de cannabis par [&hellip;]\" \/>\n<meta property=\"og:url\" content=\"https:\/\/stourm.news\/?p=4265\" \/>\n<meta property=\"og:site_name\" content=\"STOURM\" \/>\n<meta property=\"article:publisher\" content=\"https:\/\/www.facebook.com\/stourmnews\/\" \/>\n<meta property=\"article:published_time\" content=\"2025-06-11T17:34:32+00:00\" \/>\n<meta property=\"og:image\" content=\"https:\/\/stourm.news\/wp-content\/uploads\/2025\/06\/68499900fe581a6cef0bf160.1.webp\" \/>\n\t<meta property=\"og:image:width\" content=\"1200\" \/>\n\t<meta property=\"og:image:height\" content=\"750\" \/>\n\t<meta property=\"og:image:type\" content=\"image\/webp\" \/>\n<meta name=\"author\" content=\"La r\u00e9daction\" \/>\n<meta name=\"twitter:card\" content=\"summary_large_image\" \/>\n<meta name=\"twitter:label1\" content=\"\u00c9crit par\" \/>\n\t<meta name=\"twitter:data1\" content=\"La r\u00e9daction\" \/>\n\t<meta name=\"twitter:label2\" content=\"Dur\u00e9e de lecture estim\u00e9e\" \/>\n\t<meta name=\"twitter:data2\" content=\"2 minutes\" \/>\n<script type=\"application\/ld+json\" class=\"yoast-schema-graph\">{\"@context\":\"https:\/\/schema.org\",\"@graph\":[{\"@type\":\"Article\",\"@id\":\"https:\/\/stourm.news\/?p=4265#article\",\"isPartOf\":{\"@id\":\"https:\/\/stourm.news\/?p=4265\"},\"author\":{\"name\":\"La r\u00e9daction\",\"@id\":\"https:\/\/stourm.news\/#\/schema\/person\/c3e1dc65988632e190969234ef046cf9\"},\"headline\":\"Trafic de drogue \u00e0 Dinan : un r\u00e9seau albanais d\u00e9mantel\u00e9\",\"datePublished\":\"2025-06-11T17:34:32+00:00\",\"mainEntityOfPage\":{\"@id\":\"https:\/\/stourm.news\/?p=4265\"},\"wordCount\":263,\"commentCount\":0,\"publisher\":{\"@id\":\"https:\/\/stourm.news\/#organization\"},\"image\":{\"@id\":\"https:\/\/stourm.news\/?p=4265#primaryimage\"},\"thumbnailUrl\":\"https:\/\/stourm.news\/wp-content\/uploads\/2025\/06\/68499900fe581a6cef0bf160.1.webp\",\"articleSection\":[\"C\u00f4tes d'Armor\",\"Drogue\",\"Revue de presse\"],\"inLanguage\":\"fr-FR\",\"potentialAction\":[{\"@type\":\"CommentAction\",\"name\":\"Comment\",\"target\":[\"https:\/\/stourm.news\/?p=4265#respond\"]}]},{\"@type\":\"WebPage\",\"@id\":\"https:\/\/stourm.news\/?p=4265\",\"url\":\"https:\/\/stourm.news\/?p=4265\",\"name\":\"Trafic de drogue \u00e0 Dinan : un r\u00e9seau albanais d\u00e9mantel\u00e9 - STOURM\",\"isPartOf\":{\"@id\":\"https:\/\/stourm.news\/#website\"},\"primaryImageOfPage\":{\"@id\":\"https:\/\/stourm.news\/?p=4265#primaryimage\"},\"image\":{\"@id\":\"https:\/\/stourm.news\/?p=4265#primaryimage\"},\"thumbnailUrl\":\"https:\/\/stourm.news\/wp-content\/uploads\/2025\/06\/68499900fe581a6cef0bf160.1.webp\",\"datePublished\":\"2025-06-11T17:34:32+00:00\",\"breadcrumb\":{\"@id\":\"https:\/\/stourm.news\/?p=4265#breadcrumb\"},\"inLanguage\":\"fr-FR\",\"potentialAction\":[{\"@type\":\"ReadAction\",\"target\":[\"https:\/\/stourm.news\/?p=4265\"]}]},{\"@type\":\"ImageObject\",\"inLanguage\":\"fr-FR\",\"@id\":\"https:\/\/stourm.news\/?p=4265#primaryimage\",\"url\":\"https:\/\/stourm.news\/wp-content\/uploads\/2025\/06\/68499900fe581a6cef0bf160.1.webp\",\"contentUrl\":\"https:\/\/stourm.news\/wp-content\/uploads\/2025\/06\/68499900fe581a6cef0bf160.1.webp\",\"width\":1200,\"height\":750},{\"@type\":\"BreadcrumbList\",\"@id\":\"https:\/\/stourm.news\/?p=4265#breadcrumb\",\"itemListElement\":[{\"@type\":\"ListItem\",\"position\":1,\"name\":\"Accueil\",\"item\":\"https:\/\/stourm.news\/\"},{\"@type\":\"ListItem\",\"position\":2,\"name\":\"Trafic de drogue \u00e0 Dinan : un r\u00e9seau albanais d\u00e9mantel\u00e9\"}]},{\"@type\":\"WebSite\",\"@id\":\"https:\/\/stourm.news\/#website\",\"url\":\"https:\/\/stourm.news\/\",\"name\":\"Stourm\",\"description\":\"Kazetenn Strollad Broadel Breizh\",\"publisher\":{\"@id\":\"https:\/\/stourm.news\/#organization\"},\"potentialAction\":[{\"@type\":\"SearchAction\",\"target\":{\"@type\":\"EntryPoint\",\"urlTemplate\":\"https:\/\/stourm.news\/?s={search_term_string}\"},\"query-input\":{\"@type\":\"PropertyValueSpecification\",\"valueRequired\":true,\"valueName\":\"search_term_string\"}}],\"inLanguage\":\"fr-FR\"},{\"@type\":\"Organization\",\"@id\":\"https:\/\/stourm.news\/#organization\",\"name\":\"Stourm\",\"url\":\"https:\/\/stourm.news\/\",\"logo\":{\"@type\":\"ImageObject\",\"inLanguage\":\"fr-FR\",\"@id\":\"https:\/\/stourm.news\/#\/schema\/logo\/image\/\",\"url\":\"https:\/\/stourm.news\/wp-content\/uploads\/2025\/11\/cropped-Capture-decran-2025-11-28-a-15.19.07.png\",\"contentUrl\":\"https:\/\/stourm.news\/wp-content\/uploads\/2025\/11\/cropped-Capture-decran-2025-11-28-a-15.19.07.png\",\"width\":1855,\"height\":383,\"caption\":\"Stourm\"},\"image\":{\"@id\":\"https:\/\/stourm.news\/#\/schema\/logo\/image\/\"},\"sameAs\":[\"https:\/\/www.facebook.com\/stourmnews\/\"]},{\"@type\":\"Person\",\"@id\":\"https:\/\/stourm.news\/#\/schema\/person\/c3e1dc65988632e190969234ef046cf9\",\"name\":\"La r\u00e9daction\",\"image\":{\"@type\":\"ImageObject\",\"inLanguage\":\"fr-FR\",\"@id\":\"https:\/\/stourm.news\/#\/schema\/person\/image\/\",\"url\":\"https:\/\/secure.gravatar.com\/avatar\/7463443f194b6b5fb706b074ca0ef59a0cfcfd720cb47764b0ec5a952ce422b3?s=96&d=mm&r=g\",\"contentUrl\":\"https:\/\/secure.gravatar.com\/avatar\/7463443f194b6b5fb706b074ca0ef59a0cfcfd720cb47764b0ec5a952ce422b3?s=96&d=mm&r=g\",\"caption\":\"La r\u00e9daction\"},\"sameAs\":[\"https:\/\/stourm.news\"],\"url\":\"https:\/\/stourm.news\/?author=1\"}]}<\/script>\n<!-- \/ Yoast SEO plugin. -->","yoast_head_json":{"title":"Trafic de drogue \u00e0 Dinan : un r\u00e9seau albanais d\u00e9mantel\u00e9 - STOURM","robots":{"index":"index","follow":"follow","max-snippet":"max-snippet:-1","max-image-preview":"max-image-preview:large","max-video-preview":"max-video-preview:-1"},"canonical":"https:\/\/stourm.news\/?p=4265","og_locale":"fr_FR","og_type":"article","og_title":"Trafic de drogue \u00e0 Dinan : un r\u00e9seau albanais d\u00e9mantel\u00e9 - STOURM","og_description":"Huit individus ont \u00e9t\u00e9 jug\u00e9s le 6 juin 2025 par le tribunal de Saint-Malo pour leur implication dans un trafic de stup\u00e9fiants op\u00e9rant entre l\u2019Espagne et la r\u00e9gion de Dinan, dans les C\u00f4tes-d\u2019Armor indique Le T\u00e9l\u00e9gramme. Ce r\u00e9seau, actif d\u2019octobre 2024 \u00e0 juin 2025, organisait des \u00ab\u00a0go fast\u00a0\u00bb transportant jusqu\u2019\u00e0 20 kg de cannabis par [&hellip;]","og_url":"https:\/\/stourm.news\/?p=4265","og_site_name":"STOURM","article_publisher":"https:\/\/www.facebook.com\/stourmnews\/","article_published_time":"2025-06-11T17:34:32+00:00","og_image":[{"width":1200,"height":750,"url":"https:\/\/stourm.news\/wp-content\/uploads\/2025\/06\/68499900fe581a6cef0bf160.1.webp","type":"image\/webp"}],"author":"La r\u00e9daction","twitter_card":"summary_large_image","twitter_misc":{"\u00c9crit par":"La r\u00e9daction","Dur\u00e9e de lecture estim\u00e9e":"2 minutes"},"schema":{"@context":"https:\/\/schema.org","@graph":[{"@type":"Article","@id":"https:\/\/stourm.news\/?p=4265#article","isPartOf":{"@id":"https:\/\/stourm.news\/?p=4265"},"author":{"name":"La r\u00e9daction","@id":"https:\/\/stourm.news\/#\/schema\/person\/c3e1dc65988632e190969234ef046cf9"},"headline":"Trafic de drogue \u00e0 Dinan : un r\u00e9seau albanais d\u00e9mantel\u00e9","datePublished":"2025-06-11T17:34:32+00:00","mainEntityOfPage":{"@id":"https:\/\/stourm.news\/?p=4265"},"wordCount":263,"commentCount":0,"publisher":{"@id":"https:\/\/stourm.news\/#organization"},"image":{"@id":"https:\/\/stourm.news\/?p=4265#primaryimage"},"thumbnailUrl":"https:\/\/stourm.news\/wp-content\/uploads\/2025\/06\/68499900fe581a6cef0bf160.1.webp","articleSection":["C\u00f4tes d'Armor","Drogue","Revue de presse"],"inLanguage":"fr-FR","potentialAction":[{"@type":"CommentAction","name":"Comment","target":["https:\/\/stourm.news\/?p=4265#respond"]}]},{"@type":"WebPage","@id":"https:\/\/stourm.news\/?p=4265","url":"https:\/\/stourm.news\/?p=4265","name":"Trafic de drogue \u00e0 Dinan : un r\u00e9seau albanais d\u00e9mantel\u00e9 - STOURM","isPartOf":{"@id":"https:\/\/stourm.news\/#website"},"primaryImageOfPage":{"@id":"https:\/\/stourm.news\/?p=4265#primaryimage"},"image":{"@id":"https:\/\/stourm.news\/?p=4265#primaryimage"},"thumbnailUrl":"https:\/\/stourm.news\/wp-content\/uploads\/2025\/06\/68499900fe581a6cef0bf160.1.webp","datePublished":"2025-06-11T17:34:32+00:00","breadcrumb":{"@id":"https:\/\/stourm.news\/?p=4265#breadcrumb"},"inLanguage":"fr-FR","potentialAction":[{"@type":"ReadAction","target":["https:\/\/stourm.news\/?p=4265"]}]},{"@type":"ImageObject","inLanguage":"fr-FR","@id":"https:\/\/stourm.news\/?p=4265#primaryimage","url":"https:\/\/stourm.news\/wp-content\/uploads\/2025\/06\/68499900fe581a6cef0bf160.1.webp","contentUrl":"https:\/\/stourm.news\/wp-content\/uploads\/2025\/06\/68499900fe581a6cef0bf160.1.webp","width":1200,"height":750},{"@type":"BreadcrumbList","@id":"https:\/\/stourm.news\/?p=4265#breadcrumb","itemListElement":[{"@type":"ListItem","position":1,"name":"Accueil","item":"https:\/\/stourm.news\/"},{"@type":"ListItem","position":2,"name":"Trafic de drogue \u00e0 Dinan : un r\u00e9seau albanais d\u00e9mantel\u00e9"}]},{"@type":"WebSite","@id":"https:\/\/stourm.news\/#website","url":"https:\/\/stourm.news\/","name":"Stourm","description":"Kazetenn Strollad Broadel Breizh","publisher":{"@id":"https:\/\/stourm.news\/#organization"},"potentialAction":[{"@type":"SearchAction","target":{"@type":"EntryPoint","urlTemplate":"https:\/\/stourm.news\/?s={search_term_string}"},"query-input":{"@type":"PropertyValueSpecification","valueRequired":true,"valueName":"search_term_string"}}],"inLanguage":"fr-FR"},{"@type":"Organization","@id":"https:\/\/stourm.news\/#organization","name":"Stourm","url":"https:\/\/stourm.news\/","logo":{"@type":"ImageObject","inLanguage":"fr-FR","@id":"https:\/\/stourm.news\/#\/schema\/logo\/image\/","url":"https:\/\/stourm.news\/wp-content\/uploads\/2025\/11\/cropped-Capture-decran-2025-11-28-a-15.19.07.png","contentUrl":"https:\/\/stourm.news\/wp-content\/uploads\/2025\/11\/cropped-Capture-decran-2025-11-28-a-15.19.07.png","width":1855,"height":383,"caption":"Stourm"},"image":{"@id":"https:\/\/stourm.news\/#\/schema\/logo\/image\/"},"sameAs":["https:\/\/www.facebook.com\/stourmnews\/"]},{"@type":"Person","@id":"https:\/\/stourm.news\/#\/schema\/person\/c3e1dc65988632e190969234ef046cf9","name":"La r\u00e9daction","image":{"@type":"ImageObject","inLanguage":"fr-FR","@id":"https:\/\/stourm.news\/#\/schema\/person\/image\/","url":"https:\/\/secure.gravatar.com\/avatar\/7463443f194b6b5fb706b074ca0ef59a0cfcfd720cb47764b0ec5a952ce422b3?s=96&d=mm&r=g","contentUrl":"https:\/\/secure.gravatar.com\/avatar\/7463443f194b6b5fb706b074ca0ef59a0cfcfd720cb47764b0ec5a952ce422b3?s=96&d=mm&r=g","caption":"La r\u00e9daction"},"sameAs":["https:\/\/stourm.news"],"url":"https:\/\/stourm.news\/?author=1"}]}},"_links":{"self":[{"href":"https:\/\/stourm.news\/index.php?rest_route=\/wp\/v2\/posts\/4265","targetHints":{"allow":["GET"]}}],"collection":[{"href":"https:\/\/stourm.news\/index.php?rest_route=\/wp\/v2\/posts"}],"about":[{"href":"https:\/\/stourm.news\/index.php?rest_route=\/wp\/v2\/types\/post"}],"author":[{"embeddable":true,"href":"https:\/\/stourm.news\/index.php?rest_route=\/wp\/v2\/users\/1"}],"replies":[{"embeddable":true,"href":"https:\/\/stourm.news\/index.php?rest_route=%2Fwp%2Fv2%2Fcomments&post=4265"}],"version-history":[{"count":1,"href":"https:\/\/stourm.news\/index.php?rest_route=\/wp\/v2\/posts\/4265\/revisions"}],"predecessor-version":[{"id":4267,"href":"https:\/\/stourm.news\/index.php?rest_route=\/wp\/v2\/posts\/4265\/revisions\/4267"}],"wp:featuredmedia":[{"embeddable":true,"href":"https:\/\/stourm.news\/index.php?rest_route=\/wp\/v2\/media\/4266"}],"wp:attachment":[{"href":"https:\/\/stourm.news\/index.php?rest_route=%2Fwp%2Fv2%2Fmedia&parent=4265"}],"wp:term":[{"taxonomy":"category","embeddable":true,"href":"https:\/\/stourm.news\/index.php?rest_route=%2Fwp%2Fv2%2Fcategories&post=4265"},{"taxonomy":"post_tag","embeddable":true,"href":"https:\/\/stourm.news\/index.php?rest_route=%2Fwp%2Fv2%2Ftags&post=4265"}],"curies":[{"name":"wp","href":"https:\/\/api.w.org\/{rel}","templated":true}]}}