{"id":4274,"date":"2025-06-12T15:54:14","date_gmt":"2025-06-12T15:54:14","guid":{"rendered":"https:\/\/stourm.news\/?p=4274"},"modified":"2025-06-12T15:54:14","modified_gmt":"2025-06-12T15:54:14","slug":"lirlande-du-nord-face-a-linvasion-migratoire-se-rebeller-ou-disparaitre","status":"publish","type":"post","link":"https:\/\/stourm.news\/?p=4274","title":{"rendered":"L&rsquo;Irlande du Nord face \u00e0 l\u2019invasion migratoire : se rebeller ou dispara\u00eetre"},"content":{"rendered":"<p style=\"text-align: justify;\">Ballymena, bastion protestant et unioniste dans le comt\u00e9 d\u2019Antrim, Irlande du Nord, est aujourd\u2019hui le th\u00e9\u00e2tre d\u2019une crise majeure, sans rapport avec les r\u00e9publicains irlandais. Sous le poids de vagues migratoires incontr\u00f4l\u00e9es, venues d\u2019Europe de l\u2019Est, d\u2019Afrique et d\u2019Asie, des \u00e9meutes ont \u00e9clat\u00e9 ces derniers jours, d\u00e9clench\u00e9es par l\u2019inculpation de deux Tziganes de Roumanie pour une tentative de viol sur une adolescente irlandaise.<\/p>\n<p style=\"text-align: justify;\"><strong>Ballymena, une ville boulevers\u00e9e par l\u2019immigration<\/strong><\/p>\n<p style=\"text-align: justify;\">Ballymena, dont le nom ga\u00e9lique An Baile Me\u00e1nach signifie \u00ab la ville du milieu \u00bb, est un pilier de l\u2019identit\u00e9 protestante de l&rsquo;Irlande du Nord. Fond\u00e9e sur les terres octroy\u00e9es \u00e0 la famille Adair par le roi d&rsquo;Angleterre Charles Ier en 1626, la ville s\u2019est d\u00e9velopp\u00e9e comme un centre commercial et religieux, ancr\u00e9 dans les valeurs presbyt\u00e9riennes. La \u00ab\u00a0Plantation of Ulster\u00a0\u00bb au XVIIe si\u00e8cle a fait de Ballymena un bastion de colons \u00e9cossais et anglais, loyaux \u00e0 la Couronne britannique, face aux clans ga\u00e9liques catholiques. Cette histoire a forg\u00e9 une identit\u00e9 militante forte, fond\u00e9e sur la discipline, la foi protestante et l\u2019unionisme.<\/p>\n<p><img fetchpriority=\"high\" decoding=\"async\" class=\"alignnone size-medium\" src=\"https:\/\/upload.wikimedia.org\/wikipedia\/commons\/thumb\/9\/9f\/Ballymena_in_Northern_Ireland.svg\/1200px-Ballymena_in_Northern_Ireland.svg.png\" width=\"1200\" height=\"1020\" \/><\/p>\n<p style=\"text-align: justify;\">Au XIXe si\u00e8cle, Ballymena prosp\u00e8re gr\u00e2ce \u00e0 l\u2019industrie textile, incarnant le dynamisme \u00e9conomique de l\u2019Ulster. Mais depuis les ann\u00e9es 2000, la ville subit un d\u00e9clin brutal. Les fermetures des usines Michelin (2018) et JTI Gallaher (2014) ont d\u00e9truit des milliers d\u2019emplois. Ce d\u00e9sastre \u00e9conomique, combin\u00e9 \u00e0 une crise du logement, a fragilis\u00e9 la situation sociale des habitants, d\u00e9j\u00e0 sous pression face \u00e0 l\u2019arriv\u00e9e massive d\u2019immigr\u00e9s qui, selon beaucoup, accaparent les ressources limit\u00e9es et aggravent la pr\u00e9carit\u00e9.<\/p>\n<p style=\"text-align: justify;\"><strong>Les Troubles : un peuple uni contre les divisions<\/strong><\/p>\n<p style=\"text-align: justify;\">Les Troubles (1960-1998) ont profond\u00e9ment marqu\u00e9 Ballymena. Onze personnes ont \u00e9t\u00e9 tu\u00e9es dans la r\u00e9gion lors d&rsquo;affrontements entre l\u2019IRA et des groupes paramilitaires loyalistes. Malgr\u00e9 les tensions entre catholiques et protestants, la ville a su pr\u00e9server son identit\u00e9 unioniste, port\u00e9e par le Democratic Unionist Party (DUP). Mais ce clivage historique, vieux de pr\u00e8s de quatre si\u00e8cles, est progressivement mis au second plan par une nouvelle urgence : l\u2019immigration de masse non-blanche, qui dissout l\u2019h\u00e9ritage culturel et religieux de Ballymena sous un flot d\u2019\u00e9trangers indiff\u00e9rents \u00e0 ses traditions. Un sc\u00e9nario similaire \u00e0 ce qui se produit en R\u00e9publique d&rsquo;Irlande.<\/p>\n<p style=\"text-align: justify;\"><strong>Une identit\u00e9 en p\u00e9ril<\/strong><\/p>\n<p style=\"text-align: justify;\">Ballymena compte 31 205 habitants selon le recensement de 2021. Historiquement, la ville est un bastion protestant, surnomm\u00e9 la \u00ab Bible Belt \u00bb nord-irlandaise, pour son conservatisme religieux. La communaut\u00e9 catholique, bien que croissante dans des quartiers comme Dunclug, reste minoritaire. Mais c\u2019est l\u2019arriv\u00e9e d\u2019immigr\u00e9s, notamment d\u2019Europe de l\u2019Est (Roumains, Polonais), d\u2019Afrique et d\u2019Asie, qui bouleverse l\u2019\u00e9quilibre. Ces nouveaux venus, dont la proportion est pass\u00e9e de 6,5 % \u00e0 8,6 % de la population nord-irlandaise entre 2011 et 2021, repr\u00e9sentent une menace directe pour l\u2019homog\u00e9n\u00e9it\u00e9 culturelle de Ballymena.<\/p>\n<p style=\"text-align: justify;\"><strong>L\u2019invasion migratoire<\/strong><\/p>\n<p style=\"text-align: justify;\">Les immigr\u00e9s, souvent concentr\u00e9s dans des secteurs comme l\u2019agroalimentaire, occupent des emplois que les locaux, durement touch\u00e9s par le ch\u00f4mage, pourraient revendiquer. Leur pr\u00e9sence, visible dans les rues et les \u00e9coles, est per\u00e7ue comme une provocation. Des habitants, comme Allison McCurdy cit\u00e9e par France24, d\u00e9noncent l\u2019arrogance de ces \u00ab \u00e9trangers \u00bb qui, selon eux, refusent de s\u2019int\u00e9grer, imposent leurs langues et leurs coutumes, et contribuent \u00e0 la hausse de la criminalit\u00e9. Les Tziganes de Roumanie, en particulier, sont point\u00e9s du doigt apr\u00e8s l\u2019incident de juin 2025, o\u00f9 deux adolescents d\u2019origine roumaine ont \u00e9t\u00e9 accus\u00e9s d\u2019une tentative de viol sur une Irlandaise de 13 ans.<\/p>\n<p style=\"text-align: justify;\"><strong>Fractures communautaires amplifi\u00e9es<\/strong><\/p>\n<p style=\"text-align: justify;\">L\u2019immigration extra-europ\u00e9enne exacerbe les tensions existantes. Les catholiques, dont la population cro\u00eet \u00e0 Dunclug, s\u2019allient parfois aux immigr\u00e9s pour d\u00e9fier l\u2019h\u00e9g\u00e9monie protestante, tandis que les unionistes, sentant leur identit\u00e9 menac\u00e9e, se radicalisent. Cette invasion migratoire agit comme un catalyseur, transformant Ballymena en un champ de bataille o\u00f9 l\u2019avenir de l\u2019Ulster blanc est en jeu.<\/p>\n<p><img decoding=\"async\" class=\"alignnone size-medium\" src=\"https:\/\/arc-anglerfish-washpost-prod-washpost.s3.amazonaws.com\/public\/EZFDEQCGW4I7BEQQQ7XIF36MQA.jpg\" width=\"1920\" height=\"1080\" \/><\/p>\n<p style=\"text-align: justify;\">Ballymena est le fief du Democratic Unionist Party (DUP), fond\u00e9 par Ian Paisley, un champion de l\u2019unionisme et du protestantisme. Le DUP a toujours d\u00e9fendu les int\u00e9r\u00eats des Anglo-\u00c9cossais nord-irlandais, mais aussi les Irlandais protestants, contre les pr\u00e9tentions r\u00e9publicaines. Mais face \u00e0 l\u2019immigration non-blanche, le parti, d\u00e9pendant du soutien de Londres, semble h\u00e9siter, paralys\u00e9 par la peur d\u2019\u00eatre accus\u00e9 de racisme par les m\u00e9dias britanniques. Ses \u00e9lecteurs, eux, n\u2019ont pas ces r\u00e9serves : ils exigent des mesures fermes pour stopper l\u2019afflux d\u2019\u00e9trangers.<\/p>\n<p style=\"text-align: justify;\"><strong>Sinn F\u00e9in et l\u2019Alliance : complices de l\u2019invasion<\/strong><\/p>\n<p style=\"text-align: justify;\">Comme au Sud, le Sinn F\u00e9in, parti historique de la cause r\u00e9publicaine irlandaise, adopte une posture pro-immigration, trahissant les int\u00e9r\u00eats des Nord-Irlandais au nom d\u2019un multiculturalisme destructeur d&rsquo;inspiration marxiste. L\u2019Alliance Party, avec son discours mod\u00e9r\u00e9, pr\u00f4ne une illusoire int\u00e9gration des allog\u00e8nes, ignorant les r\u00e9alit\u00e9s de l\u2019\u00e9chec migratoire. Ces partis, en soutenant les immigr\u00e9s, s\u2019ali\u00e8nent une population exc\u00e9d\u00e9e par la perte de son identit\u00e9.<\/p>\n<p style=\"text-align: justify;\">Face \u00e0 l\u2019inaction des partis traditionnels, des mouvements anti-immigration gagnent du terrain. Influenc\u00e9s par des figures comme Tommy Robinson, ces groupes canalisent la col\u00e8re des habitants, qui refusent de voir Ballymena transform\u00e9e en ville balkanis\u00e9e. Les \u00e9meutes de 2025 montrent que le peuple est pr\u00eat \u00e0 se lever, m\u00eame si les \u00e9lites politiques restent englu\u00e9es dans le politiquement correct.<\/p>\n<p style=\"text-align: justify;\"><strong>Bouleversements li\u00e9s \u00e0 l\u2019immigration : Une ville au bord du chaos<\/strong><\/p>\n<p style=\"text-align: justify;\">Les \u00e9meutes de juin 2025, d\u00e9clench\u00e9es par l\u2019inculpation de deux adolescents roumains pour une tentative de viol, sont la r\u00e9ponse l\u00e9gitime d\u2019un peuple pouss\u00e9 \u00e0 bout. Des habitants, exc\u00e9d\u00e9s par la mont\u00e9e de la criminalit\u00e9 attribu\u00e9e aux immigr\u00e9s, ont pris les rues, lan\u00e7ant cocktails Molotov et briques contre une police d\u00e9bord\u00e9e. Ces violences, qui ont bless\u00e9 32 agents et incendi\u00e9 des propri\u00e9t\u00e9s, se sont \u00e9tendues \u00e0 Belfast, Lisburn et Coleraine, prouvant que la col\u00e8re anti-immigration est g\u00e9n\u00e9rale. \u00c0 Larne, un centre de loisirs abritant des immigr\u00e9s fuyant Ballymena a \u00e9t\u00e9 r\u00e9duit en cendres, un symbole fort de la r\u00e9sistance populaire.<\/p>\n<blockquote class=\"twitter-tweet\">\n<p dir=\"ltr\" lang=\"fr\">Des incidents \u00e9clatent ce soir \u00e0 Larne sur la c\u00f4te Est de l\u2019Irlande du Nord \u00e0 c\u00f4t\u00e9 d\u2019un centre qui a \u00e9t\u00e9 annonc\u00e9 comme accueillant des migrants <a href=\"https:\/\/t.co\/oiEKdp0kdA\">https:\/\/t.co\/oiEKdp0kdA<\/a><\/p>\n<p>\u2014 Breizh-Info (@Breizh_Info) <a href=\"https:\/\/twitter.com\/Breizh_Info\/status\/1932904411413598613?ref_src=twsrc%5Etfw\">June 11, 2025<\/a><\/p><\/blockquote>\n<p><script async src=\"https:\/\/platform.twitter.com\/widgets.js\" charset=\"utf-8\"><\/script><\/p>\n<p style=\"text-align: justify;\">Les immigr\u00e9s, loin de s\u2019assimiler, imposent leurs modes de vie. Les Roumains, souvent associ\u00e9s \u00e0 la communaut\u00e9 rom, sont accus\u00e9s de vols, de violences et de d\u00e9sordres . Leur refus d\u2019apprendre l\u2019anglais et leur concentration dans des ghettos urbains aggravent les tensions. Les habitants, comme ceux cit\u00e9s par France24, d\u00e9crivent une ville m\u00e9connaissable, o\u00f9 la s\u00e9curit\u00e9 et l\u2019identit\u00e9 sont sacrifi\u00e9es sur l\u2019autel du multiculturalisme.<\/p>\n<p style=\"text-align: justify;\"><strong>R\u00e9actions des partis<\/strong><\/p>\n<p style=\"text-align: justify;\">Les partis politiques, du DUP au Sinn F\u00e9in, ont publi\u00e9 une d\u00e9claration commune condamnant les \u00e9meutes comme \u00ab racistes \u00bb. Cette posture moralisatrice ignore la col\u00e8re l\u00e9gitime des habitants face \u00e0 une immigration incontr\u00f4l\u00e9e. Keir Starmer, Premier ministre britannique, a qualifi\u00e9 les violences d\u2019\u00ab insens\u00e9es \u00bb, tandis que Hilary Benn, secr\u00e9taire d\u2019\u00c9tat pour l\u2019Irlande du Nord, a d\u00e9nonc\u00e9 une atteinte \u00e0 la \u00ab paix \u00bb. Ces discours, d\u00e9connect\u00e9s des r\u00e9alit\u00e9s, trahissent les Nord-Irlandais abandonn\u00e9s \u00e0 leur sort.<\/p>\n<p><img decoding=\"async\" class=\"alignnone size-medium\" src=\"https:\/\/s.abcnews.com\/images\/International\/wirestory_9952fa07928ce2337453a6609a3f2d5a_16x9_1600.jpg\" width=\"1600\" height=\"900\" \/><\/p>\n<p style=\"text-align: justify;\">Le DUP, malgr\u00e9 son ancrage unioniste, h\u00e9site \u00e0 prendre des mesures radicales contre l\u2019immigration, craignant de perdre sa respectabilit\u00e9. Pourtant, sa base \u00e9lectorale, lass\u00e9e des promesses creuses, exige des expulsions massives et un retour \u00e0 une Irlande du Nord homog\u00e8ne. Le Sinn F\u00e9in, en soutenant les immigr\u00e9s, s\u2019ali\u00e8ne les protestants mais aussi certains catholiques, qui refusent de voir leur ville envahie.<\/p>\n<p style=\"text-align: justify;\"><strong>Un sursaut populaire<\/strong><\/p>\n<p style=\"text-align: justify;\">L\u2019immigration extra-europ\u00e9enne est une submersion qui menace \u00e0 moyen terme l\u2019existence m\u00eame de l&rsquo;Irlande du Nord. Les \u00e9trangers, avec leurs cultures incompatibles, diluent l\u2019h\u00e9ritage des Irlandais, qu&rsquo;ils soient protestants ou catholiques.\u00a0La \u00ab submersion \u00bb n\u2019est pas un mythe : elle est visible dans les rues de Ballymena, comme dans d&rsquo;autres villes nord-irlandaises, o\u00f9 les langues \u00e9trang\u00e8res et les comportements d\u00e9viants deviennent la norme. Les vieux clivages entre catholiques et protestants, bien que r\u00e9els, p\u00e2lissent face \u00e0 la menace migratoire.<\/p>\n<p style=\"text-align: justify;\">L\u2019avenir de l&rsquo;Ulster d\u00e9pend de la capacit\u00e9 des Blancs nord-irlandais \u00e0 r\u00e9aliser que Londres et Dublin sont les capitales de deux \u00e9tats dont l&rsquo;id\u00e9ologie cosmopolite est identique et dont la politique vise \u00e0 marginaliser les populations blanches. Au 21e si\u00e8cle, les fronti\u00e8res nationales ne signifient plus rien en Europe occidentale, ni l&rsquo;id\u00e9e d&rsquo;\u00e9tat-nation dans des pays ethniquement balkanis\u00e9s par l&rsquo;immigration extra-europ\u00e9enne. S&rsquo;il n&rsquo;est pas dans l&rsquo;int\u00e9r\u00eat des vieux partis de l&rsquo;admettre et de cultiver les r\u00e9flexes h\u00e9rit\u00e9s des si\u00e8cles pass\u00e9s qui ont fa\u00e7onn\u00e9 la politique nord-irlandaise, il n&rsquo;en va pas de m\u00eame pour les Nord-Irlandais, menac\u00e9s de submersion \u00e0 br\u00e8ve \u00e9ch\u00e9ance. S&rsquo;adapter ou dispara\u00eetre, telle est la question qui se posent aux Blancs d&rsquo;Irlande du Nord, qu&rsquo;ils soient catholiques ou protestants.<\/p>\n","protected":false},"excerpt":{"rendered":"<p>Ballymena, bastion protestant et unioniste dans le comt\u00e9 d\u2019Antrim, Irlande du Nord, est aujourd\u2019hui le th\u00e9\u00e2tre d\u2019une crise majeure, sans rapport avec les r\u00e9publicains irlandais. Sous le poids de vagues migratoires incontr\u00f4l\u00e9es, venues d\u2019Europe de l\u2019Est, d\u2019Afrique et d\u2019Asie, des \u00e9meutes ont \u00e9clat\u00e9 ces derniers jours, d\u00e9clench\u00e9es par l\u2019inculpation de deux Tziganes de Roumanie pour [&hellip;]<\/p>\n","protected":false},"author":1,"featured_media":4275,"comment_status":"open","ping_status":"open","sticky":false,"template":"","format":"standard","meta":{"sb_editor_width":"","footnotes":""},"categories":[63,65],"tags":[],"class_list":["post-4274","post","type-post","status-publish","format-standard","has-post-thumbnail","hentry","category-editorial","category-principale"],"relative_dates":{"created":"11 mois ago","modified":"11 mois ago"},"yoast_head":"<!-- This site is optimized with the Yoast SEO plugin v26.3 - https:\/\/yoast.com\/wordpress\/plugins\/seo\/ -->\n<title>L&#039;Irlande du Nord face \u00e0 l\u2019invasion migratoire : se rebeller ou dispara\u00eetre - STOURM<\/title>\n<meta name=\"robots\" content=\"index, follow, max-snippet:-1, max-image-preview:large, max-video-preview:-1\" \/>\n<link rel=\"canonical\" href=\"https:\/\/stourm.news\/?p=4274\" \/>\n<meta property=\"og:locale\" content=\"fr_FR\" \/>\n<meta property=\"og:type\" content=\"article\" \/>\n<meta property=\"og:title\" content=\"L&#039;Irlande du Nord face \u00e0 l\u2019invasion migratoire : se rebeller ou dispara\u00eetre - STOURM\" \/>\n<meta property=\"og:description\" content=\"Ballymena, bastion protestant et unioniste dans le comt\u00e9 d\u2019Antrim, Irlande du Nord, est aujourd\u2019hui le th\u00e9\u00e2tre d\u2019une crise majeure, sans rapport avec les r\u00e9publicains irlandais. Sous le poids de vagues migratoires incontr\u00f4l\u00e9es, venues d\u2019Europe de l\u2019Est, d\u2019Afrique et d\u2019Asie, des \u00e9meutes ont \u00e9clat\u00e9 ces derniers jours, d\u00e9clench\u00e9es par l\u2019inculpation de deux Tziganes de Roumanie pour [&hellip;]\" \/>\n<meta property=\"og:url\" content=\"https:\/\/stourm.news\/?p=4274\" \/>\n<meta property=\"og:site_name\" content=\"STOURM\" \/>\n<meta property=\"article:publisher\" content=\"https:\/\/www.facebook.com\/stourmnews\/\" \/>\n<meta property=\"article:published_time\" content=\"2025-06-12T15:54:14+00:00\" \/>\n<meta property=\"og:image\" content=\"https:\/\/stourm.news\/wp-content\/uploads\/2025\/06\/500fe3a_ftp-import-images-1-srjorpunikst-afp-49va8fp.jpg\" \/>\n\t<meta property=\"og:image:width\" content=\"1280\" \/>\n\t<meta property=\"og:image:height\" content=\"720\" \/>\n\t<meta property=\"og:image:type\" content=\"image\/jpeg\" \/>\n<meta name=\"author\" content=\"La r\u00e9daction\" \/>\n<meta name=\"twitter:card\" content=\"summary_large_image\" \/>\n<meta name=\"twitter:label1\" content=\"\u00c9crit par\" \/>\n\t<meta name=\"twitter:data1\" content=\"La r\u00e9daction\" \/>\n\t<meta name=\"twitter:label2\" content=\"Dur\u00e9e de lecture estim\u00e9e\" \/>\n\t<meta name=\"twitter:data2\" content=\"8 minutes\" \/>\n<script type=\"application\/ld+json\" class=\"yoast-schema-graph\">{\"@context\":\"https:\/\/schema.org\",\"@graph\":[{\"@type\":\"Article\",\"@id\":\"https:\/\/stourm.news\/?p=4274#article\",\"isPartOf\":{\"@id\":\"https:\/\/stourm.news\/?p=4274\"},\"author\":{\"name\":\"La r\u00e9daction\",\"@id\":\"https:\/\/stourm.news\/#\/schema\/person\/c3e1dc65988632e190969234ef046cf9\"},\"headline\":\"L&rsquo;Irlande du Nord face \u00e0 l\u2019invasion migratoire : se rebeller ou dispara\u00eetre\",\"datePublished\":\"2025-06-12T15:54:14+00:00\",\"mainEntityOfPage\":{\"@id\":\"https:\/\/stourm.news\/?p=4274\"},\"wordCount\":1597,\"commentCount\":0,\"publisher\":{\"@id\":\"https:\/\/stourm.news\/#organization\"},\"image\":{\"@id\":\"https:\/\/stourm.news\/?p=4274#primaryimage\"},\"thumbnailUrl\":\"https:\/\/stourm.news\/wp-content\/uploads\/2025\/06\/500fe3a_ftp-import-images-1-srjorpunikst-afp-49va8fp.jpg\",\"articleSection\":[\"Editorial\",\"Principale\"],\"inLanguage\":\"fr-FR\",\"potentialAction\":[{\"@type\":\"CommentAction\",\"name\":\"Comment\",\"target\":[\"https:\/\/stourm.news\/?p=4274#respond\"]}]},{\"@type\":\"WebPage\",\"@id\":\"https:\/\/stourm.news\/?p=4274\",\"url\":\"https:\/\/stourm.news\/?p=4274\",\"name\":\"L'Irlande du Nord face \u00e0 l\u2019invasion migratoire : se rebeller ou dispara\u00eetre - STOURM\",\"isPartOf\":{\"@id\":\"https:\/\/stourm.news\/#website\"},\"primaryImageOfPage\":{\"@id\":\"https:\/\/stourm.news\/?p=4274#primaryimage\"},\"image\":{\"@id\":\"https:\/\/stourm.news\/?p=4274#primaryimage\"},\"thumbnailUrl\":\"https:\/\/stourm.news\/wp-content\/uploads\/2025\/06\/500fe3a_ftp-import-images-1-srjorpunikst-afp-49va8fp.jpg\",\"datePublished\":\"2025-06-12T15:54:14+00:00\",\"breadcrumb\":{\"@id\":\"https:\/\/stourm.news\/?p=4274#breadcrumb\"},\"inLanguage\":\"fr-FR\",\"potentialAction\":[{\"@type\":\"ReadAction\",\"target\":[\"https:\/\/stourm.news\/?p=4274\"]}]},{\"@type\":\"ImageObject\",\"inLanguage\":\"fr-FR\",\"@id\":\"https:\/\/stourm.news\/?p=4274#primaryimage\",\"url\":\"https:\/\/stourm.news\/wp-content\/uploads\/2025\/06\/500fe3a_ftp-import-images-1-srjorpunikst-afp-49va8fp.jpg\",\"contentUrl\":\"https:\/\/stourm.news\/wp-content\/uploads\/2025\/06\/500fe3a_ftp-import-images-1-srjorpunikst-afp-49va8fp.jpg\",\"width\":1280,\"height\":720},{\"@type\":\"BreadcrumbList\",\"@id\":\"https:\/\/stourm.news\/?p=4274#breadcrumb\",\"itemListElement\":[{\"@type\":\"ListItem\",\"position\":1,\"name\":\"Accueil\",\"item\":\"https:\/\/stourm.news\/\"},{\"@type\":\"ListItem\",\"position\":2,\"name\":\"L&rsquo;Irlande du Nord face \u00e0 l\u2019invasion migratoire : se rebeller ou dispara\u00eetre\"}]},{\"@type\":\"WebSite\",\"@id\":\"https:\/\/stourm.news\/#website\",\"url\":\"https:\/\/stourm.news\/\",\"name\":\"Stourm\",\"description\":\"Kazetenn Strollad Broadel Breizh\",\"publisher\":{\"@id\":\"https:\/\/stourm.news\/#organization\"},\"potentialAction\":[{\"@type\":\"SearchAction\",\"target\":{\"@type\":\"EntryPoint\",\"urlTemplate\":\"https:\/\/stourm.news\/?s={search_term_string}\"},\"query-input\":{\"@type\":\"PropertyValueSpecification\",\"valueRequired\":true,\"valueName\":\"search_term_string\"}}],\"inLanguage\":\"fr-FR\"},{\"@type\":\"Organization\",\"@id\":\"https:\/\/stourm.news\/#organization\",\"name\":\"Stourm\",\"url\":\"https:\/\/stourm.news\/\",\"logo\":{\"@type\":\"ImageObject\",\"inLanguage\":\"fr-FR\",\"@id\":\"https:\/\/stourm.news\/#\/schema\/logo\/image\/\",\"url\":\"https:\/\/stourm.news\/wp-content\/uploads\/2025\/11\/cropped-Capture-decran-2025-11-28-a-15.19.07.png\",\"contentUrl\":\"https:\/\/stourm.news\/wp-content\/uploads\/2025\/11\/cropped-Capture-decran-2025-11-28-a-15.19.07.png\",\"width\":1855,\"height\":383,\"caption\":\"Stourm\"},\"image\":{\"@id\":\"https:\/\/stourm.news\/#\/schema\/logo\/image\/\"},\"sameAs\":[\"https:\/\/www.facebook.com\/stourmnews\/\"]},{\"@type\":\"Person\",\"@id\":\"https:\/\/stourm.news\/#\/schema\/person\/c3e1dc65988632e190969234ef046cf9\",\"name\":\"La r\u00e9daction\",\"image\":{\"@type\":\"ImageObject\",\"inLanguage\":\"fr-FR\",\"@id\":\"https:\/\/stourm.news\/#\/schema\/person\/image\/\",\"url\":\"https:\/\/secure.gravatar.com\/avatar\/7463443f194b6b5fb706b074ca0ef59a0cfcfd720cb47764b0ec5a952ce422b3?s=96&d=mm&r=g\",\"contentUrl\":\"https:\/\/secure.gravatar.com\/avatar\/7463443f194b6b5fb706b074ca0ef59a0cfcfd720cb47764b0ec5a952ce422b3?s=96&d=mm&r=g\",\"caption\":\"La r\u00e9daction\"},\"sameAs\":[\"https:\/\/stourm.news\"],\"url\":\"https:\/\/stourm.news\/?author=1\"}]}<\/script>\n<!-- \/ Yoast SEO plugin. -->","yoast_head_json":{"title":"L'Irlande du Nord face \u00e0 l\u2019invasion migratoire : se rebeller ou dispara\u00eetre - STOURM","robots":{"index":"index","follow":"follow","max-snippet":"max-snippet:-1","max-image-preview":"max-image-preview:large","max-video-preview":"max-video-preview:-1"},"canonical":"https:\/\/stourm.news\/?p=4274","og_locale":"fr_FR","og_type":"article","og_title":"L'Irlande du Nord face \u00e0 l\u2019invasion migratoire : se rebeller ou dispara\u00eetre - STOURM","og_description":"Ballymena, bastion protestant et unioniste dans le comt\u00e9 d\u2019Antrim, Irlande du Nord, est aujourd\u2019hui le th\u00e9\u00e2tre d\u2019une crise majeure, sans rapport avec les r\u00e9publicains irlandais. Sous le poids de vagues migratoires incontr\u00f4l\u00e9es, venues d\u2019Europe de l\u2019Est, d\u2019Afrique et d\u2019Asie, des \u00e9meutes ont \u00e9clat\u00e9 ces derniers jours, d\u00e9clench\u00e9es par l\u2019inculpation de deux Tziganes de Roumanie pour [&hellip;]","og_url":"https:\/\/stourm.news\/?p=4274","og_site_name":"STOURM","article_publisher":"https:\/\/www.facebook.com\/stourmnews\/","article_published_time":"2025-06-12T15:54:14+00:00","og_image":[{"width":1280,"height":720,"url":"https:\/\/stourm.news\/wp-content\/uploads\/2025\/06\/500fe3a_ftp-import-images-1-srjorpunikst-afp-49va8fp.jpg","type":"image\/jpeg"}],"author":"La r\u00e9daction","twitter_card":"summary_large_image","twitter_misc":{"\u00c9crit par":"La r\u00e9daction","Dur\u00e9e de lecture estim\u00e9e":"8 minutes"},"schema":{"@context":"https:\/\/schema.org","@graph":[{"@type":"Article","@id":"https:\/\/stourm.news\/?p=4274#article","isPartOf":{"@id":"https:\/\/stourm.news\/?p=4274"},"author":{"name":"La r\u00e9daction","@id":"https:\/\/stourm.news\/#\/schema\/person\/c3e1dc65988632e190969234ef046cf9"},"headline":"L&rsquo;Irlande du Nord face \u00e0 l\u2019invasion migratoire : se rebeller ou dispara\u00eetre","datePublished":"2025-06-12T15:54:14+00:00","mainEntityOfPage":{"@id":"https:\/\/stourm.news\/?p=4274"},"wordCount":1597,"commentCount":0,"publisher":{"@id":"https:\/\/stourm.news\/#organization"},"image":{"@id":"https:\/\/stourm.news\/?p=4274#primaryimage"},"thumbnailUrl":"https:\/\/stourm.news\/wp-content\/uploads\/2025\/06\/500fe3a_ftp-import-images-1-srjorpunikst-afp-49va8fp.jpg","articleSection":["Editorial","Principale"],"inLanguage":"fr-FR","potentialAction":[{"@type":"CommentAction","name":"Comment","target":["https:\/\/stourm.news\/?p=4274#respond"]}]},{"@type":"WebPage","@id":"https:\/\/stourm.news\/?p=4274","url":"https:\/\/stourm.news\/?p=4274","name":"L'Irlande du Nord face \u00e0 l\u2019invasion migratoire : se rebeller ou dispara\u00eetre - STOURM","isPartOf":{"@id":"https:\/\/stourm.news\/#website"},"primaryImageOfPage":{"@id":"https:\/\/stourm.news\/?p=4274#primaryimage"},"image":{"@id":"https:\/\/stourm.news\/?p=4274#primaryimage"},"thumbnailUrl":"https:\/\/stourm.news\/wp-content\/uploads\/2025\/06\/500fe3a_ftp-import-images-1-srjorpunikst-afp-49va8fp.jpg","datePublished":"2025-06-12T15:54:14+00:00","breadcrumb":{"@id":"https:\/\/stourm.news\/?p=4274#breadcrumb"},"inLanguage":"fr-FR","potentialAction":[{"@type":"ReadAction","target":["https:\/\/stourm.news\/?p=4274"]}]},{"@type":"ImageObject","inLanguage":"fr-FR","@id":"https:\/\/stourm.news\/?p=4274#primaryimage","url":"https:\/\/stourm.news\/wp-content\/uploads\/2025\/06\/500fe3a_ftp-import-images-1-srjorpunikst-afp-49va8fp.jpg","contentUrl":"https:\/\/stourm.news\/wp-content\/uploads\/2025\/06\/500fe3a_ftp-import-images-1-srjorpunikst-afp-49va8fp.jpg","width":1280,"height":720},{"@type":"BreadcrumbList","@id":"https:\/\/stourm.news\/?p=4274#breadcrumb","itemListElement":[{"@type":"ListItem","position":1,"name":"Accueil","item":"https:\/\/stourm.news\/"},{"@type":"ListItem","position":2,"name":"L&rsquo;Irlande du Nord face \u00e0 l\u2019invasion migratoire : se rebeller ou dispara\u00eetre"}]},{"@type":"WebSite","@id":"https:\/\/stourm.news\/#website","url":"https:\/\/stourm.news\/","name":"Stourm","description":"Kazetenn Strollad Broadel Breizh","publisher":{"@id":"https:\/\/stourm.news\/#organization"},"potentialAction":[{"@type":"SearchAction","target":{"@type":"EntryPoint","urlTemplate":"https:\/\/stourm.news\/?s={search_term_string}"},"query-input":{"@type":"PropertyValueSpecification","valueRequired":true,"valueName":"search_term_string"}}],"inLanguage":"fr-FR"},{"@type":"Organization","@id":"https:\/\/stourm.news\/#organization","name":"Stourm","url":"https:\/\/stourm.news\/","logo":{"@type":"ImageObject","inLanguage":"fr-FR","@id":"https:\/\/stourm.news\/#\/schema\/logo\/image\/","url":"https:\/\/stourm.news\/wp-content\/uploads\/2025\/11\/cropped-Capture-decran-2025-11-28-a-15.19.07.png","contentUrl":"https:\/\/stourm.news\/wp-content\/uploads\/2025\/11\/cropped-Capture-decran-2025-11-28-a-15.19.07.png","width":1855,"height":383,"caption":"Stourm"},"image":{"@id":"https:\/\/stourm.news\/#\/schema\/logo\/image\/"},"sameAs":["https:\/\/www.facebook.com\/stourmnews\/"]},{"@type":"Person","@id":"https:\/\/stourm.news\/#\/schema\/person\/c3e1dc65988632e190969234ef046cf9","name":"La r\u00e9daction","image":{"@type":"ImageObject","inLanguage":"fr-FR","@id":"https:\/\/stourm.news\/#\/schema\/person\/image\/","url":"https:\/\/secure.gravatar.com\/avatar\/7463443f194b6b5fb706b074ca0ef59a0cfcfd720cb47764b0ec5a952ce422b3?s=96&d=mm&r=g","contentUrl":"https:\/\/secure.gravatar.com\/avatar\/7463443f194b6b5fb706b074ca0ef59a0cfcfd720cb47764b0ec5a952ce422b3?s=96&d=mm&r=g","caption":"La r\u00e9daction"},"sameAs":["https:\/\/stourm.news"],"url":"https:\/\/stourm.news\/?author=1"}]}},"_links":{"self":[{"href":"https:\/\/stourm.news\/index.php?rest_route=\/wp\/v2\/posts\/4274","targetHints":{"allow":["GET"]}}],"collection":[{"href":"https:\/\/stourm.news\/index.php?rest_route=\/wp\/v2\/posts"}],"about":[{"href":"https:\/\/stourm.news\/index.php?rest_route=\/wp\/v2\/types\/post"}],"author":[{"embeddable":true,"href":"https:\/\/stourm.news\/index.php?rest_route=\/wp\/v2\/users\/1"}],"replies":[{"embeddable":true,"href":"https:\/\/stourm.news\/index.php?rest_route=%2Fwp%2Fv2%2Fcomments&post=4274"}],"version-history":[{"count":1,"href":"https:\/\/stourm.news\/index.php?rest_route=\/wp\/v2\/posts\/4274\/revisions"}],"predecessor-version":[{"id":4276,"href":"https:\/\/stourm.news\/index.php?rest_route=\/wp\/v2\/posts\/4274\/revisions\/4276"}],"wp:featuredmedia":[{"embeddable":true,"href":"https:\/\/stourm.news\/index.php?rest_route=\/wp\/v2\/media\/4275"}],"wp:attachment":[{"href":"https:\/\/stourm.news\/index.php?rest_route=%2Fwp%2Fv2%2Fmedia&parent=4274"}],"wp:term":[{"taxonomy":"category","embeddable":true,"href":"https:\/\/stourm.news\/index.php?rest_route=%2Fwp%2Fv2%2Fcategories&post=4274"},{"taxonomy":"post_tag","embeddable":true,"href":"https:\/\/stourm.news\/index.php?rest_route=%2Fwp%2Fv2%2Ftags&post=4274"}],"curies":[{"name":"wp","href":"https:\/\/api.w.org\/{rel}","templated":true}]}}