{"id":4280,"date":"2025-06-17T05:50:50","date_gmt":"2025-06-17T05:50:50","guid":{"rendered":"https:\/\/stourm.news\/?p=4280"},"modified":"2025-06-17T05:50:51","modified_gmt":"2025-06-17T05:50:51","slug":"pont-labbe-vexe-un-automobiliste-ouvre-le-feu-sur-la-voiture-avec-des-enfants-a-bord-qui-la-double","status":"publish","type":"post","link":"https:\/\/stourm.news\/?p=4280","title":{"rendered":"Pont l&rsquo;Abb\u00e9 : vex\u00e9, un automobiliste ouvre le feu sur la voiture avec des enfants \u00e0 bord qui l&rsquo;a doubl\u00e9"},"content":{"rendered":"<p style=\"text-align: justify;\">Le 8 juin 2025, un grave incident a secou\u00e9 la d\u00e9partementale entre Quimper et Pont-l\u2019Abb\u00e9, surnomm\u00e9e la \u00ab Transbigoud\u00e8ne \u00bb, dans le Finist\u00e8re. Un homme de 54 ans, exc\u00e9d\u00e9 apr\u00e8s s\u2019\u00eatre fait doubler, a sorti une arme \u00e0 feu et a tir\u00e9 sur une voiture transportant un p\u00e8re et ses deux enfants de six et douze ans. Par miracle, aucune victime n\u2019est \u00e0 d\u00e9plorer, mais le choc psychologique reste important pour la famille. L\u2019auteur des tirs, qui avait acc\u00e9l\u00e9r\u00e9 pour reprendre la t\u00eate apr\u00e8s le d\u00e9passement, a \u00e9t\u00e9 rapidement interpell\u00e9 par les gendarmes de la brigade Audierne Plogastel-Saint-Germain.<\/p>\n<p>Source : <a href=\"https:\/\/www.autonews.fr\/buzz\/un-automobiliste-tire-sur-une-voiture-apres-setre-fait-doubler-136989\">Autonews<\/a><\/p>\n","protected":false},"excerpt":{"rendered":"<p>Le 8 juin 2025, un grave incident a secou\u00e9 la d\u00e9partementale entre Quimper et Pont-l\u2019Abb\u00e9, surnomm\u00e9e la \u00ab Transbigoud\u00e8ne \u00bb, dans le Finist\u00e8re. Un homme de 54 ans, exc\u00e9d\u00e9 apr\u00e8s s\u2019\u00eatre fait doubler, a sorti une arme \u00e0 feu et a tir\u00e9 sur une voiture transportant un p\u00e8re et ses deux enfants de six et [&hellip;]<\/p>\n","protected":false},"author":1,"featured_media":4282,"comment_status":"open","ping_status":"open","sticky":false,"template":"","format":"standard","meta":{"sb_editor_width":"","footnotes":""},"categories":[52,38,62],"tags":[],"class_list":["post-4280","post","type-post","status-publish","format-standard","has-post-thumbnail","hentry","category-faits-divers","category-finistere","category-revue-de-presse"],"relative_dates":{"created":"11 mois ago","modified":"11 mois ago"},"yoast_head":"<!-- This site is optimized with the Yoast SEO plugin v26.3 - https:\/\/yoast.com\/wordpress\/plugins\/seo\/ -->\n<title>Pont l&#039;Abb\u00e9 : vex\u00e9, un automobiliste ouvre le feu sur la voiture avec des enfants \u00e0 bord qui l&#039;a doubl\u00e9 - STOURM<\/title>\n<meta name=\"robots\" content=\"index, follow, max-snippet:-1, max-image-preview:large, max-video-preview:-1\" \/>\n<link rel=\"canonical\" href=\"https:\/\/stourm.news\/?p=4280\" \/>\n<meta property=\"og:locale\" content=\"fr_FR\" \/>\n<meta property=\"og:type\" content=\"article\" \/>\n<meta property=\"og:title\" content=\"Pont l&#039;Abb\u00e9 : vex\u00e9, un automobiliste ouvre le feu sur la voiture avec des enfants \u00e0 bord qui l&#039;a doubl\u00e9 - STOURM\" \/>\n<meta property=\"og:description\" content=\"Le 8 juin 2025, un grave incident a secou\u00e9 la d\u00e9partementale entre Quimper et Pont-l\u2019Abb\u00e9, surnomm\u00e9e la \u00ab Transbigoud\u00e8ne \u00bb, dans le Finist\u00e8re. Un homme de 54 ans, exc\u00e9d\u00e9 apr\u00e8s s\u2019\u00eatre fait doubler, a sorti une arme \u00e0 feu et a tir\u00e9 sur une voiture transportant un p\u00e8re et ses deux enfants de six et [&hellip;]\" \/>\n<meta property=\"og:url\" content=\"https:\/\/stourm.news\/?p=4280\" \/>\n<meta property=\"og:site_name\" content=\"STOURM\" \/>\n<meta property=\"article:publisher\" content=\"https:\/\/www.facebook.com\/stourmnews\/\" \/>\n<meta property=\"article:published_time\" content=\"2025-06-17T05:50:50+00:00\" \/>\n<meta property=\"article:modified_time\" content=\"2025-06-17T05:50:51+00:00\" \/>\n<meta property=\"og:image\" content=\"https:\/\/stourm.news\/wp-content\/uploads\/2025\/06\/RD785_transbigoudene_CD29_FBetermin.jpg\" \/>\n\t<meta property=\"og:image:width\" content=\"1600\" \/>\n\t<meta property=\"og:image:height\" content=\"840\" \/>\n\t<meta property=\"og:image:type\" content=\"image\/jpeg\" \/>\n<meta name=\"author\" content=\"La r\u00e9daction\" \/>\n<meta name=\"twitter:card\" content=\"summary_large_image\" \/>\n<meta name=\"twitter:label1\" content=\"\u00c9crit par\" \/>\n\t<meta name=\"twitter:data1\" content=\"La r\u00e9daction\" \/>\n\t<meta name=\"twitter:label2\" content=\"Dur\u00e9e de lecture estim\u00e9e\" \/>\n\t<meta name=\"twitter:data2\" content=\"1 minute\" \/>\n<script type=\"application\/ld+json\" class=\"yoast-schema-graph\">{\"@context\":\"https:\/\/schema.org\",\"@graph\":[{\"@type\":\"Article\",\"@id\":\"https:\/\/stourm.news\/?p=4280#article\",\"isPartOf\":{\"@id\":\"https:\/\/stourm.news\/?p=4280\"},\"author\":{\"name\":\"La r\u00e9daction\",\"@id\":\"https:\/\/stourm.news\/#\/schema\/person\/c3e1dc65988632e190969234ef046cf9\"},\"headline\":\"Pont l&rsquo;Abb\u00e9 : vex\u00e9, un automobiliste ouvre le feu sur la voiture avec des enfants \u00e0 bord qui l&rsquo;a doubl\u00e9\",\"datePublished\":\"2025-06-17T05:50:50+00:00\",\"dateModified\":\"2025-06-17T05:50:51+00:00\",\"mainEntityOfPage\":{\"@id\":\"https:\/\/stourm.news\/?p=4280\"},\"wordCount\":130,\"commentCount\":0,\"publisher\":{\"@id\":\"https:\/\/stourm.news\/#organization\"},\"image\":{\"@id\":\"https:\/\/stourm.news\/?p=4280#primaryimage\"},\"thumbnailUrl\":\"https:\/\/stourm.news\/wp-content\/uploads\/2025\/06\/RD785_transbigoudene_CD29_FBetermin.jpg\",\"articleSection\":[\"Faits divers\",\"Finist\u00e8re\",\"Revue de presse\"],\"inLanguage\":\"fr-FR\",\"potentialAction\":[{\"@type\":\"CommentAction\",\"name\":\"Comment\",\"target\":[\"https:\/\/stourm.news\/?p=4280#respond\"]}]},{\"@type\":\"WebPage\",\"@id\":\"https:\/\/stourm.news\/?p=4280\",\"url\":\"https:\/\/stourm.news\/?p=4280\",\"name\":\"Pont l'Abb\u00e9 : vex\u00e9, un automobiliste ouvre le feu sur la voiture avec des enfants \u00e0 bord qui l'a doubl\u00e9 - STOURM\",\"isPartOf\":{\"@id\":\"https:\/\/stourm.news\/#website\"},\"primaryImageOfPage\":{\"@id\":\"https:\/\/stourm.news\/?p=4280#primaryimage\"},\"image\":{\"@id\":\"https:\/\/stourm.news\/?p=4280#primaryimage\"},\"thumbnailUrl\":\"https:\/\/stourm.news\/wp-content\/uploads\/2025\/06\/RD785_transbigoudene_CD29_FBetermin.jpg\",\"datePublished\":\"2025-06-17T05:50:50+00:00\",\"dateModified\":\"2025-06-17T05:50:51+00:00\",\"breadcrumb\":{\"@id\":\"https:\/\/stourm.news\/?p=4280#breadcrumb\"},\"inLanguage\":\"fr-FR\",\"potentialAction\":[{\"@type\":\"ReadAction\",\"target\":[\"https:\/\/stourm.news\/?p=4280\"]}]},{\"@type\":\"ImageObject\",\"inLanguage\":\"fr-FR\",\"@id\":\"https:\/\/stourm.news\/?p=4280#primaryimage\",\"url\":\"https:\/\/stourm.news\/wp-content\/uploads\/2025\/06\/RD785_transbigoudene_CD29_FBetermin.jpg\",\"contentUrl\":\"https:\/\/stourm.news\/wp-content\/uploads\/2025\/06\/RD785_transbigoudene_CD29_FBetermin.jpg\",\"width\":1600,\"height\":840},{\"@type\":\"BreadcrumbList\",\"@id\":\"https:\/\/stourm.news\/?p=4280#breadcrumb\",\"itemListElement\":[{\"@type\":\"ListItem\",\"position\":1,\"name\":\"Accueil\",\"item\":\"https:\/\/stourm.news\/\"},{\"@type\":\"ListItem\",\"position\":2,\"name\":\"Pont l&rsquo;Abb\u00e9 : vex\u00e9, un automobiliste ouvre le feu sur la voiture avec des enfants \u00e0 bord qui l&rsquo;a doubl\u00e9\"}]},{\"@type\":\"WebSite\",\"@id\":\"https:\/\/stourm.news\/#website\",\"url\":\"https:\/\/stourm.news\/\",\"name\":\"Stourm\",\"description\":\"Kazetenn Strollad Broadel Breizh\",\"publisher\":{\"@id\":\"https:\/\/stourm.news\/#organization\"},\"potentialAction\":[{\"@type\":\"SearchAction\",\"target\":{\"@type\":\"EntryPoint\",\"urlTemplate\":\"https:\/\/stourm.news\/?s={search_term_string}\"},\"query-input\":{\"@type\":\"PropertyValueSpecification\",\"valueRequired\":true,\"valueName\":\"search_term_string\"}}],\"inLanguage\":\"fr-FR\"},{\"@type\":\"Organization\",\"@id\":\"https:\/\/stourm.news\/#organization\",\"name\":\"Stourm\",\"url\":\"https:\/\/stourm.news\/\",\"logo\":{\"@type\":\"ImageObject\",\"inLanguage\":\"fr-FR\",\"@id\":\"https:\/\/stourm.news\/#\/schema\/logo\/image\/\",\"url\":\"https:\/\/stourm.news\/wp-content\/uploads\/2025\/11\/cropped-Capture-decran-2025-11-28-a-15.19.07.png\",\"contentUrl\":\"https:\/\/stourm.news\/wp-content\/uploads\/2025\/11\/cropped-Capture-decran-2025-11-28-a-15.19.07.png\",\"width\":1855,\"height\":383,\"caption\":\"Stourm\"},\"image\":{\"@id\":\"https:\/\/stourm.news\/#\/schema\/logo\/image\/\"},\"sameAs\":[\"https:\/\/www.facebook.com\/stourmnews\/\"]},{\"@type\":\"Person\",\"@id\":\"https:\/\/stourm.news\/#\/schema\/person\/c3e1dc65988632e190969234ef046cf9\",\"name\":\"La r\u00e9daction\",\"image\":{\"@type\":\"ImageObject\",\"inLanguage\":\"fr-FR\",\"@id\":\"https:\/\/stourm.news\/#\/schema\/person\/image\/\",\"url\":\"https:\/\/secure.gravatar.com\/avatar\/7463443f194b6b5fb706b074ca0ef59a0cfcfd720cb47764b0ec5a952ce422b3?s=96&d=mm&r=g\",\"contentUrl\":\"https:\/\/secure.gravatar.com\/avatar\/7463443f194b6b5fb706b074ca0ef59a0cfcfd720cb47764b0ec5a952ce422b3?s=96&d=mm&r=g\",\"caption\":\"La r\u00e9daction\"},\"sameAs\":[\"https:\/\/stourm.news\"],\"url\":\"https:\/\/stourm.news\/?author=1\"}]}<\/script>\n<!-- \/ Yoast SEO plugin. -->","yoast_head_json":{"title":"Pont l'Abb\u00e9 : vex\u00e9, un automobiliste ouvre le feu sur la voiture avec des enfants \u00e0 bord qui l'a doubl\u00e9 - STOURM","robots":{"index":"index","follow":"follow","max-snippet":"max-snippet:-1","max-image-preview":"max-image-preview:large","max-video-preview":"max-video-preview:-1"},"canonical":"https:\/\/stourm.news\/?p=4280","og_locale":"fr_FR","og_type":"article","og_title":"Pont l'Abb\u00e9 : vex\u00e9, un automobiliste ouvre le feu sur la voiture avec des enfants \u00e0 bord qui l'a doubl\u00e9 - STOURM","og_description":"Le 8 juin 2025, un grave incident a secou\u00e9 la d\u00e9partementale entre Quimper et Pont-l\u2019Abb\u00e9, surnomm\u00e9e la \u00ab Transbigoud\u00e8ne \u00bb, dans le Finist\u00e8re. Un homme de 54 ans, exc\u00e9d\u00e9 apr\u00e8s s\u2019\u00eatre fait doubler, a sorti une arme \u00e0 feu et a tir\u00e9 sur une voiture transportant un p\u00e8re et ses deux enfants de six et [&hellip;]","og_url":"https:\/\/stourm.news\/?p=4280","og_site_name":"STOURM","article_publisher":"https:\/\/www.facebook.com\/stourmnews\/","article_published_time":"2025-06-17T05:50:50+00:00","article_modified_time":"2025-06-17T05:50:51+00:00","og_image":[{"width":1600,"height":840,"url":"https:\/\/stourm.news\/wp-content\/uploads\/2025\/06\/RD785_transbigoudene_CD29_FBetermin.jpg","type":"image\/jpeg"}],"author":"La r\u00e9daction","twitter_card":"summary_large_image","twitter_misc":{"\u00c9crit par":"La r\u00e9daction","Dur\u00e9e de lecture estim\u00e9e":"1 minute"},"schema":{"@context":"https:\/\/schema.org","@graph":[{"@type":"Article","@id":"https:\/\/stourm.news\/?p=4280#article","isPartOf":{"@id":"https:\/\/stourm.news\/?p=4280"},"author":{"name":"La r\u00e9daction","@id":"https:\/\/stourm.news\/#\/schema\/person\/c3e1dc65988632e190969234ef046cf9"},"headline":"Pont l&rsquo;Abb\u00e9 : vex\u00e9, un automobiliste ouvre le feu sur la voiture avec des enfants \u00e0 bord qui l&rsquo;a doubl\u00e9","datePublished":"2025-06-17T05:50:50+00:00","dateModified":"2025-06-17T05:50:51+00:00","mainEntityOfPage":{"@id":"https:\/\/stourm.news\/?p=4280"},"wordCount":130,"commentCount":0,"publisher":{"@id":"https:\/\/stourm.news\/#organization"},"image":{"@id":"https:\/\/stourm.news\/?p=4280#primaryimage"},"thumbnailUrl":"https:\/\/stourm.news\/wp-content\/uploads\/2025\/06\/RD785_transbigoudene_CD29_FBetermin.jpg","articleSection":["Faits divers","Finist\u00e8re","Revue de presse"],"inLanguage":"fr-FR","potentialAction":[{"@type":"CommentAction","name":"Comment","target":["https:\/\/stourm.news\/?p=4280#respond"]}]},{"@type":"WebPage","@id":"https:\/\/stourm.news\/?p=4280","url":"https:\/\/stourm.news\/?p=4280","name":"Pont l'Abb\u00e9 : vex\u00e9, un automobiliste ouvre le feu sur la voiture avec des enfants \u00e0 bord qui l'a doubl\u00e9 - STOURM","isPartOf":{"@id":"https:\/\/stourm.news\/#website"},"primaryImageOfPage":{"@id":"https:\/\/stourm.news\/?p=4280#primaryimage"},"image":{"@id":"https:\/\/stourm.news\/?p=4280#primaryimage"},"thumbnailUrl":"https:\/\/stourm.news\/wp-content\/uploads\/2025\/06\/RD785_transbigoudene_CD29_FBetermin.jpg","datePublished":"2025-06-17T05:50:50+00:00","dateModified":"2025-06-17T05:50:51+00:00","breadcrumb":{"@id":"https:\/\/stourm.news\/?p=4280#breadcrumb"},"inLanguage":"fr-FR","potentialAction":[{"@type":"ReadAction","target":["https:\/\/stourm.news\/?p=4280"]}]},{"@type":"ImageObject","inLanguage":"fr-FR","@id":"https:\/\/stourm.news\/?p=4280#primaryimage","url":"https:\/\/stourm.news\/wp-content\/uploads\/2025\/06\/RD785_transbigoudene_CD29_FBetermin.jpg","contentUrl":"https:\/\/stourm.news\/wp-content\/uploads\/2025\/06\/RD785_transbigoudene_CD29_FBetermin.jpg","width":1600,"height":840},{"@type":"BreadcrumbList","@id":"https:\/\/stourm.news\/?p=4280#breadcrumb","itemListElement":[{"@type":"ListItem","position":1,"name":"Accueil","item":"https:\/\/stourm.news\/"},{"@type":"ListItem","position":2,"name":"Pont l&rsquo;Abb\u00e9 : vex\u00e9, un automobiliste ouvre le feu sur la voiture avec des enfants \u00e0 bord qui l&rsquo;a doubl\u00e9"}]},{"@type":"WebSite","@id":"https:\/\/stourm.news\/#website","url":"https:\/\/stourm.news\/","name":"Stourm","description":"Kazetenn Strollad Broadel Breizh","publisher":{"@id":"https:\/\/stourm.news\/#organization"},"potentialAction":[{"@type":"SearchAction","target":{"@type":"EntryPoint","urlTemplate":"https:\/\/stourm.news\/?s={search_term_string}"},"query-input":{"@type":"PropertyValueSpecification","valueRequired":true,"valueName":"search_term_string"}}],"inLanguage":"fr-FR"},{"@type":"Organization","@id":"https:\/\/stourm.news\/#organization","name":"Stourm","url":"https:\/\/stourm.news\/","logo":{"@type":"ImageObject","inLanguage":"fr-FR","@id":"https:\/\/stourm.news\/#\/schema\/logo\/image\/","url":"https:\/\/stourm.news\/wp-content\/uploads\/2025\/11\/cropped-Capture-decran-2025-11-28-a-15.19.07.png","contentUrl":"https:\/\/stourm.news\/wp-content\/uploads\/2025\/11\/cropped-Capture-decran-2025-11-28-a-15.19.07.png","width":1855,"height":383,"caption":"Stourm"},"image":{"@id":"https:\/\/stourm.news\/#\/schema\/logo\/image\/"},"sameAs":["https:\/\/www.facebook.com\/stourmnews\/"]},{"@type":"Person","@id":"https:\/\/stourm.news\/#\/schema\/person\/c3e1dc65988632e190969234ef046cf9","name":"La r\u00e9daction","image":{"@type":"ImageObject","inLanguage":"fr-FR","@id":"https:\/\/stourm.news\/#\/schema\/person\/image\/","url":"https:\/\/secure.gravatar.com\/avatar\/7463443f194b6b5fb706b074ca0ef59a0cfcfd720cb47764b0ec5a952ce422b3?s=96&d=mm&r=g","contentUrl":"https:\/\/secure.gravatar.com\/avatar\/7463443f194b6b5fb706b074ca0ef59a0cfcfd720cb47764b0ec5a952ce422b3?s=96&d=mm&r=g","caption":"La r\u00e9daction"},"sameAs":["https:\/\/stourm.news"],"url":"https:\/\/stourm.news\/?author=1"}]}},"_links":{"self":[{"href":"https:\/\/stourm.news\/index.php?rest_route=\/wp\/v2\/posts\/4280","targetHints":{"allow":["GET"]}}],"collection":[{"href":"https:\/\/stourm.news\/index.php?rest_route=\/wp\/v2\/posts"}],"about":[{"href":"https:\/\/stourm.news\/index.php?rest_route=\/wp\/v2\/types\/post"}],"author":[{"embeddable":true,"href":"https:\/\/stourm.news\/index.php?rest_route=\/wp\/v2\/users\/1"}],"replies":[{"embeddable":true,"href":"https:\/\/stourm.news\/index.php?rest_route=%2Fwp%2Fv2%2Fcomments&post=4280"}],"version-history":[{"count":1,"href":"https:\/\/stourm.news\/index.php?rest_route=\/wp\/v2\/posts\/4280\/revisions"}],"predecessor-version":[{"id":4283,"href":"https:\/\/stourm.news\/index.php?rest_route=\/wp\/v2\/posts\/4280\/revisions\/4283"}],"wp:featuredmedia":[{"embeddable":true,"href":"https:\/\/stourm.news\/index.php?rest_route=\/wp\/v2\/media\/4282"}],"wp:attachment":[{"href":"https:\/\/stourm.news\/index.php?rest_route=%2Fwp%2Fv2%2Fmedia&parent=4280"}],"wp:term":[{"taxonomy":"category","embeddable":true,"href":"https:\/\/stourm.news\/index.php?rest_route=%2Fwp%2Fv2%2Fcategories&post=4280"},{"taxonomy":"post_tag","embeddable":true,"href":"https:\/\/stourm.news\/index.php?rest_route=%2Fwp%2Fv2%2Ftags&post=4280"}],"curies":[{"name":"wp","href":"https:\/\/api.w.org\/{rel}","templated":true}]}}