{"id":4290,"date":"2025-06-17T07:02:01","date_gmt":"2025-06-17T07:02:01","guid":{"rendered":"https:\/\/stourm.news\/?p=4290"},"modified":"2025-06-17T07:02:01","modified_gmt":"2025-06-17T07:02:01","slug":"emsav-16-juin-1904-naissance-de-loiez-andouard-ecrivain-linguiste-marin-et-journaliste","status":"publish","type":"post","link":"https:\/\/stourm.news\/?p=4290","title":{"rendered":"EMSAV : 16 juin 1904, naissance de Loiez Andouard, \u00e9crivain, linguiste, marin et journaliste"},"content":{"rendered":"<p style=\"text-align: justify;\">Loeiz Andouard, n\u00e9 Louis-Fernand Andouard le 16 juin 1904 \u00e0 Binic (C\u00f4tes-d\u2019Armor) et mort le 14 juin 1985 \u00e0 Lamballe, est une figure incontournable du nationalisme breton du XXe si\u00e8cle. \u00c9crivain, linguiste, marin et journaliste, connu sous des pseudonymes tels que Farnachanavan, Erel Keralban ou Abherhel, il a d\u00e9di\u00e9 sa vie \u00e0 la d\u00e9fense de la langue bretonne et \u00e0 l\u2019affirmation d\u2019une nation bretonne souveraine.<\/p>\n<p style=\"text-align: justify;\"><strong>Une enfance bretonne marqu\u00e9e par la perte<\/strong><\/p>\n<p style=\"text-align: justify;\">N\u00e9 dans une famille modeste, fils d\u2019un brigadier des douanes de Fr\u00e9hel et d\u2019Ad\u00e9la\u00efde Flouas, Loeiz Andouard conna\u00eet une trag\u00e9die pr\u00e9coce. En 1908, une \u00e9pid\u00e9mie ravage sa famille, emportant ses deux s\u0153urs, son p\u00e8re, puis sa m\u00e8re. Orphelin \u00e0 quatre ans, il est \u00e9lev\u00e9 par un oncle gendarme pr\u00e8s de Rennes. Apr\u00e8s des \u00e9tudes secondaires, il int\u00e8gre en 1921 l\u2019\u00c9cole nationale de la Marine marchande de Paimpol, o\u00f9 il obtient un brevet de capitaine au long cours, scellant son lien avec la mer.<\/p>\n<p style=\"text-align: justify;\"><strong>De la mer au combat nationaliste<\/strong><\/p>\n<p style=\"text-align: justify;\">Pendant une d\u00e9cennie, Andouard sillonne les mers comme officier, puis capitaine, sur des navires de commerce, du Havre \u00e0 Madagascar. La crise \u00e9conomique de 1931 met un terme \u00e0 sa carri\u00e8re maritime, le poussant vers le journalisme. \u00c0 Saint-Malo, il rejoint La Voix du Marin, o\u00f9 ses chroniques exaltent la vie des marins bretons. C\u2019est \u00e0 cette \u00e9poque qu\u2019il embrasse pleinement le nationalisme breton, influenc\u00e9 par des figures comme Yann Sohier et Roparz Hemon. Il s\u2019engage dans le mouvement Gwalarn, un cercle litt\u00e9raire visant \u00e0 moderniser la langue bretonne, et publie po\u00e8mes, traductions et articles dans des revues nationalistes comme Breiz Atao, Kornog et Arvor. Son pseudonyme Farnachanavan, adopt\u00e9 lors de s\u00e9jours en Irlande, refl\u00e8te son id\u00e9al celtique et son r\u00eave d\u2019une Bretagne \u00e9mancip\u00e9e.<\/p>\n<p style=\"text-align: justify;\"><strong>Un linguiste au c\u0153ur du celtisme nationaliste<\/strong><\/p>\n<p style=\"text-align: justify;\">Andouard place la langue bretonne au centre de son combat pour l\u2019identit\u00e9 nationale. Passionn\u00e9 par les langues celtiques, il apprend le ga\u00e9lique et s\u00e9journe r\u00e9guli\u00e8rement en Irlande, o\u00f9 il tisse des liens avec des nationalistes irlandais, s\u2019inspirant de leur lutte pour l\u2019ind\u00e9pendance. Il participe avec \u00c9amon \u00d3 Cios\u00e1in \u00e0 la r\u00e9alisation d&rsquo;un dictionnaire britto-ga\u00e9lique, le Geriadur Iwerzhoneg-Brezhoneg (dictionnaire irlandais-breton), un ouvrage pionnier renfor\u00e7ant les solidarit\u00e9s celtiques qui para\u00eetra en 1987. Ses contributions \u00e0 Al Liamm, Gwalarn et autres revues bretonnes font de lui un pilier de la renaissance linguistique, qu\u2019il con\u00e7oit comme une arme contre l\u2019assimilation fran\u00e7aise. Pour Andouard, le breton n\u2019est pas seulement une langue : c\u2019est l\u2019\u00e2me d\u2019une nation opprim\u00e9e.<\/p>\n<p style=\"text-align: justify;\"><strong>Une \u0153uvre pour la Bretagne souveraine<\/strong><\/p>\n<p style=\"text-align: justify;\">L\u2019\u0153uvre d\u2019Andouard est un manifeste nationaliste, m\u00ealant po\u00e9sie, r\u00e9cits maritimes et r\u00e9flexions identitaires. Ses textes, souvent sign\u00e9s sous pseudonymes, vibrent d\u2019une passion pour la Bretagne et d\u2019un rejet de l\u2019uniformisation fran\u00e7aise.<\/p>\n<p><img fetchpriority=\"high\" decoding=\"async\" class=\"aligncenter\" src=\"https:\/\/d3525k1ryd2155.cloudfront.net\/h\/028\/282\/643282028.0.x.jpg\" width=\"371\" height=\"523\" \/><\/p>\n<p style=\"text-align: center;\"><em>Loeiz Andouard est l&rsquo;auteur d&rsquo;une biographie du malouin Jacques Cartier en langue bretonne<\/em><\/p>\n<p style=\"text-align: justify;\">Parmi ses publications, Brezhoneg ar mor (1983) c\u00e9l\u00e8bre la langue bretonne \u00e0 travers le prisme de la mer, tandis que sa traduction d\u2019Isagan (1979), un texte de Padraic Mac Piarais illustr\u00e9 par Juliana Brohan, t\u00e9moigne de son admiration pour les combats celtiques. Il contribue \u00e9galement \u00e0 Jakez Karter (1984).<\/p>\n<p style=\"text-align: justify;\"><strong>Un militant breton jusqu\u2019\u00e0 la fin<\/strong><\/p>\n<p style=\"text-align: justify;\">En 1935, Andouard \u00e9pouse Fant Rozeg-Meavenn, avec qui il a trois enfants. Le couple se s\u00e9pare en 1943, sans que cela n\u2019entrave son engagement. Militant infatigable, il participe activement aux cercles nationalistes bretons, soutenant la reconnaissance de la langue bretonne et l\u2019autod\u00e9termination de la Bretagne. Dans Al Liamm, B. an Nail le d\u00e9crit comme un \u00ab stourmer kalonek ha divrall \u00bb (combattant courageux et passionn\u00e9), un hommage \u00e0 son d\u00e9vouement sans faille.<\/p>\n<p style=\"text-align: justify;\"><strong>Un h\u00e9ritage pour la lutte bretonne<\/strong><\/p>\n<p style=\"text-align: justify;\">Loeiz Andouard s\u2019\u00e9teint le 14 juin 1985 \u00e0 Lamballe, laissant un legs pr\u00e9cieux pour les nationalistes bretons. Ses \u00e9crits, son dictionnaire interceltique et son combat linguistique rappellent que la Bretagne est une nation distincte, avec une langue et une culture \u00e0 d\u00e9fendre farouchement.<\/p>\n<p style=\"text-align: justify;\">Sources :<\/p>\n<ul>\n<li style=\"text-align: justify;\">Wikip\u00e9dia, \u00ab Loeiz Andouard \u00bb, disponible sur https:\/\/fr.wikipedia.org\/wiki\/Loeiz_Andouard.<\/li>\n<li style=\"text-align: justify;\">IDBE &#8211; Biblioth\u00e8que Num\u00e9rique Bretonne et Europ\u00e9enne, \u00ab Loeiz Andouard &#8211; Farnachanavan \u00bb, disponible sur https:\/\/bibliotheque.idbe-bzh.org.<\/li>\n<li style=\"text-align: justify;\">Al Liamm, \u00ab Loeiz Andouard, ur stourmer kalonek ha divrall \u00bb, par B. an Nail, 1992, pp. 19-20.<\/li>\n<\/ul>\n","protected":false},"excerpt":{"rendered":"<p>Loeiz Andouard, n\u00e9 Louis-Fernand Andouard le 16 juin 1904 \u00e0 Binic (C\u00f4tes-d\u2019Armor) et mort le 14 juin 1985 \u00e0 Lamballe, est une figure incontournable du nationalisme breton du XXe si\u00e8cle. \u00c9crivain, linguiste, marin et journaliste, connu sous des pseudonymes tels que Farnachanavan, Erel Keralban ou Abherhel, il a d\u00e9di\u00e9 sa vie \u00e0 la d\u00e9fense de [&hellip;]<\/p>\n","protected":false},"author":1,"featured_media":4291,"comment_status":"open","ping_status":"open","sticky":false,"template":"","format":"standard","meta":{"sb_editor_width":"","footnotes":""},"categories":[74,65],"tags":[],"class_list":["post-4290","post","type-post","status-publish","format-standard","has-post-thumbnail","hentry","category-emsav","category-principale"],"relative_dates":{"created":"11 mois ago","modified":"11 mois ago"},"yoast_head":"<!-- This site is optimized with the Yoast SEO plugin v26.3 - https:\/\/yoast.com\/wordpress\/plugins\/seo\/ -->\n<title>EMSAV : 16 juin 1904, naissance de Loiez Andouard, \u00e9crivain, linguiste, marin et journaliste - STOURM<\/title>\n<meta name=\"robots\" content=\"index, follow, max-snippet:-1, max-image-preview:large, max-video-preview:-1\" \/>\n<link rel=\"canonical\" href=\"https:\/\/stourm.news\/?p=4290\" \/>\n<meta property=\"og:locale\" content=\"fr_FR\" \/>\n<meta property=\"og:type\" content=\"article\" \/>\n<meta property=\"og:title\" content=\"EMSAV : 16 juin 1904, naissance de Loiez Andouard, \u00e9crivain, linguiste, marin et journaliste - STOURM\" \/>\n<meta property=\"og:description\" content=\"Loeiz Andouard, n\u00e9 Louis-Fernand Andouard le 16 juin 1904 \u00e0 Binic (C\u00f4tes-d\u2019Armor) et mort le 14 juin 1985 \u00e0 Lamballe, est une figure incontournable du nationalisme breton du XXe si\u00e8cle. \u00c9crivain, linguiste, marin et journaliste, connu sous des pseudonymes tels que Farnachanavan, Erel Keralban ou Abherhel, il a d\u00e9di\u00e9 sa vie \u00e0 la d\u00e9fense de [&hellip;]\" \/>\n<meta property=\"og:url\" content=\"https:\/\/stourm.news\/?p=4290\" \/>\n<meta property=\"og:site_name\" content=\"STOURM\" \/>\n<meta property=\"article:publisher\" content=\"https:\/\/www.facebook.com\/stourmnews\/\" \/>\n<meta property=\"article:published_time\" content=\"2025-06-17T07:02:01+00:00\" \/>\n<meta property=\"og:image\" content=\"https:\/\/stourm.news\/wp-content\/uploads\/2025\/06\/Capture-decran-2025-06-17-a-16.01.40.png\" \/>\n\t<meta property=\"og:image:width\" content=\"934\" \/>\n\t<meta property=\"og:image:height\" content=\"676\" \/>\n\t<meta property=\"og:image:type\" content=\"image\/png\" \/>\n<meta name=\"author\" content=\"La r\u00e9daction\" \/>\n<meta name=\"twitter:card\" content=\"summary_large_image\" \/>\n<meta name=\"twitter:label1\" content=\"\u00c9crit par\" \/>\n\t<meta name=\"twitter:data1\" content=\"La r\u00e9daction\" \/>\n\t<meta name=\"twitter:label2\" content=\"Dur\u00e9e de lecture estim\u00e9e\" \/>\n\t<meta name=\"twitter:data2\" content=\"4 minutes\" \/>\n<script type=\"application\/ld+json\" class=\"yoast-schema-graph\">{\"@context\":\"https:\/\/schema.org\",\"@graph\":[{\"@type\":\"Article\",\"@id\":\"https:\/\/stourm.news\/?p=4290#article\",\"isPartOf\":{\"@id\":\"https:\/\/stourm.news\/?p=4290\"},\"author\":{\"name\":\"La r\u00e9daction\",\"@id\":\"https:\/\/stourm.news\/#\/schema\/person\/c3e1dc65988632e190969234ef046cf9\"},\"headline\":\"EMSAV : 16 juin 1904, naissance de Loiez Andouard, \u00e9crivain, linguiste, marin et journaliste\",\"datePublished\":\"2025-06-17T07:02:01+00:00\",\"mainEntityOfPage\":{\"@id\":\"https:\/\/stourm.news\/?p=4290\"},\"wordCount\":743,\"commentCount\":0,\"publisher\":{\"@id\":\"https:\/\/stourm.news\/#organization\"},\"image\":{\"@id\":\"https:\/\/stourm.news\/?p=4290#primaryimage\"},\"thumbnailUrl\":\"https:\/\/stourm.news\/wp-content\/uploads\/2025\/06\/Capture-decran-2025-06-17-a-16.01.40.png\",\"articleSection\":[\"Emsav\",\"Principale\"],\"inLanguage\":\"fr-FR\",\"potentialAction\":[{\"@type\":\"CommentAction\",\"name\":\"Comment\",\"target\":[\"https:\/\/stourm.news\/?p=4290#respond\"]}]},{\"@type\":\"WebPage\",\"@id\":\"https:\/\/stourm.news\/?p=4290\",\"url\":\"https:\/\/stourm.news\/?p=4290\",\"name\":\"EMSAV : 16 juin 1904, naissance de Loiez Andouard, \u00e9crivain, linguiste, marin et journaliste - STOURM\",\"isPartOf\":{\"@id\":\"https:\/\/stourm.news\/#website\"},\"primaryImageOfPage\":{\"@id\":\"https:\/\/stourm.news\/?p=4290#primaryimage\"},\"image\":{\"@id\":\"https:\/\/stourm.news\/?p=4290#primaryimage\"},\"thumbnailUrl\":\"https:\/\/stourm.news\/wp-content\/uploads\/2025\/06\/Capture-decran-2025-06-17-a-16.01.40.png\",\"datePublished\":\"2025-06-17T07:02:01+00:00\",\"breadcrumb\":{\"@id\":\"https:\/\/stourm.news\/?p=4290#breadcrumb\"},\"inLanguage\":\"fr-FR\",\"potentialAction\":[{\"@type\":\"ReadAction\",\"target\":[\"https:\/\/stourm.news\/?p=4290\"]}]},{\"@type\":\"ImageObject\",\"inLanguage\":\"fr-FR\",\"@id\":\"https:\/\/stourm.news\/?p=4290#primaryimage\",\"url\":\"https:\/\/stourm.news\/wp-content\/uploads\/2025\/06\/Capture-decran-2025-06-17-a-16.01.40.png\",\"contentUrl\":\"https:\/\/stourm.news\/wp-content\/uploads\/2025\/06\/Capture-decran-2025-06-17-a-16.01.40.png\",\"width\":934,\"height\":676},{\"@type\":\"BreadcrumbList\",\"@id\":\"https:\/\/stourm.news\/?p=4290#breadcrumb\",\"itemListElement\":[{\"@type\":\"ListItem\",\"position\":1,\"name\":\"Accueil\",\"item\":\"https:\/\/stourm.news\/\"},{\"@type\":\"ListItem\",\"position\":2,\"name\":\"EMSAV : 16 juin 1904, naissance de Loiez Andouard, \u00e9crivain, linguiste, marin et journaliste\"}]},{\"@type\":\"WebSite\",\"@id\":\"https:\/\/stourm.news\/#website\",\"url\":\"https:\/\/stourm.news\/\",\"name\":\"Stourm\",\"description\":\"Kazetenn Strollad Broadel Breizh\",\"publisher\":{\"@id\":\"https:\/\/stourm.news\/#organization\"},\"potentialAction\":[{\"@type\":\"SearchAction\",\"target\":{\"@type\":\"EntryPoint\",\"urlTemplate\":\"https:\/\/stourm.news\/?s={search_term_string}\"},\"query-input\":{\"@type\":\"PropertyValueSpecification\",\"valueRequired\":true,\"valueName\":\"search_term_string\"}}],\"inLanguage\":\"fr-FR\"},{\"@type\":\"Organization\",\"@id\":\"https:\/\/stourm.news\/#organization\",\"name\":\"Stourm\",\"url\":\"https:\/\/stourm.news\/\",\"logo\":{\"@type\":\"ImageObject\",\"inLanguage\":\"fr-FR\",\"@id\":\"https:\/\/stourm.news\/#\/schema\/logo\/image\/\",\"url\":\"https:\/\/stourm.news\/wp-content\/uploads\/2025\/11\/cropped-Capture-decran-2025-11-28-a-15.19.07.png\",\"contentUrl\":\"https:\/\/stourm.news\/wp-content\/uploads\/2025\/11\/cropped-Capture-decran-2025-11-28-a-15.19.07.png\",\"width\":1855,\"height\":383,\"caption\":\"Stourm\"},\"image\":{\"@id\":\"https:\/\/stourm.news\/#\/schema\/logo\/image\/\"},\"sameAs\":[\"https:\/\/www.facebook.com\/stourmnews\/\"]},{\"@type\":\"Person\",\"@id\":\"https:\/\/stourm.news\/#\/schema\/person\/c3e1dc65988632e190969234ef046cf9\",\"name\":\"La r\u00e9daction\",\"image\":{\"@type\":\"ImageObject\",\"inLanguage\":\"fr-FR\",\"@id\":\"https:\/\/stourm.news\/#\/schema\/person\/image\/\",\"url\":\"https:\/\/secure.gravatar.com\/avatar\/7463443f194b6b5fb706b074ca0ef59a0cfcfd720cb47764b0ec5a952ce422b3?s=96&d=mm&r=g\",\"contentUrl\":\"https:\/\/secure.gravatar.com\/avatar\/7463443f194b6b5fb706b074ca0ef59a0cfcfd720cb47764b0ec5a952ce422b3?s=96&d=mm&r=g\",\"caption\":\"La r\u00e9daction\"},\"sameAs\":[\"https:\/\/stourm.news\"],\"url\":\"https:\/\/stourm.news\/?author=1\"}]}<\/script>\n<!-- \/ Yoast SEO plugin. -->","yoast_head_json":{"title":"EMSAV : 16 juin 1904, naissance de Loiez Andouard, \u00e9crivain, linguiste, marin et journaliste - STOURM","robots":{"index":"index","follow":"follow","max-snippet":"max-snippet:-1","max-image-preview":"max-image-preview:large","max-video-preview":"max-video-preview:-1"},"canonical":"https:\/\/stourm.news\/?p=4290","og_locale":"fr_FR","og_type":"article","og_title":"EMSAV : 16 juin 1904, naissance de Loiez Andouard, \u00e9crivain, linguiste, marin et journaliste - STOURM","og_description":"Loeiz Andouard, n\u00e9 Louis-Fernand Andouard le 16 juin 1904 \u00e0 Binic (C\u00f4tes-d\u2019Armor) et mort le 14 juin 1985 \u00e0 Lamballe, est une figure incontournable du nationalisme breton du XXe si\u00e8cle. \u00c9crivain, linguiste, marin et journaliste, connu sous des pseudonymes tels que Farnachanavan, Erel Keralban ou Abherhel, il a d\u00e9di\u00e9 sa vie \u00e0 la d\u00e9fense de [&hellip;]","og_url":"https:\/\/stourm.news\/?p=4290","og_site_name":"STOURM","article_publisher":"https:\/\/www.facebook.com\/stourmnews\/","article_published_time":"2025-06-17T07:02:01+00:00","og_image":[{"width":934,"height":676,"url":"https:\/\/stourm.news\/wp-content\/uploads\/2025\/06\/Capture-decran-2025-06-17-a-16.01.40.png","type":"image\/png"}],"author":"La r\u00e9daction","twitter_card":"summary_large_image","twitter_misc":{"\u00c9crit par":"La r\u00e9daction","Dur\u00e9e de lecture estim\u00e9e":"4 minutes"},"schema":{"@context":"https:\/\/schema.org","@graph":[{"@type":"Article","@id":"https:\/\/stourm.news\/?p=4290#article","isPartOf":{"@id":"https:\/\/stourm.news\/?p=4290"},"author":{"name":"La r\u00e9daction","@id":"https:\/\/stourm.news\/#\/schema\/person\/c3e1dc65988632e190969234ef046cf9"},"headline":"EMSAV : 16 juin 1904, naissance de Loiez Andouard, \u00e9crivain, linguiste, marin et journaliste","datePublished":"2025-06-17T07:02:01+00:00","mainEntityOfPage":{"@id":"https:\/\/stourm.news\/?p=4290"},"wordCount":743,"commentCount":0,"publisher":{"@id":"https:\/\/stourm.news\/#organization"},"image":{"@id":"https:\/\/stourm.news\/?p=4290#primaryimage"},"thumbnailUrl":"https:\/\/stourm.news\/wp-content\/uploads\/2025\/06\/Capture-decran-2025-06-17-a-16.01.40.png","articleSection":["Emsav","Principale"],"inLanguage":"fr-FR","potentialAction":[{"@type":"CommentAction","name":"Comment","target":["https:\/\/stourm.news\/?p=4290#respond"]}]},{"@type":"WebPage","@id":"https:\/\/stourm.news\/?p=4290","url":"https:\/\/stourm.news\/?p=4290","name":"EMSAV : 16 juin 1904, naissance de Loiez Andouard, \u00e9crivain, linguiste, marin et journaliste - STOURM","isPartOf":{"@id":"https:\/\/stourm.news\/#website"},"primaryImageOfPage":{"@id":"https:\/\/stourm.news\/?p=4290#primaryimage"},"image":{"@id":"https:\/\/stourm.news\/?p=4290#primaryimage"},"thumbnailUrl":"https:\/\/stourm.news\/wp-content\/uploads\/2025\/06\/Capture-decran-2025-06-17-a-16.01.40.png","datePublished":"2025-06-17T07:02:01+00:00","breadcrumb":{"@id":"https:\/\/stourm.news\/?p=4290#breadcrumb"},"inLanguage":"fr-FR","potentialAction":[{"@type":"ReadAction","target":["https:\/\/stourm.news\/?p=4290"]}]},{"@type":"ImageObject","inLanguage":"fr-FR","@id":"https:\/\/stourm.news\/?p=4290#primaryimage","url":"https:\/\/stourm.news\/wp-content\/uploads\/2025\/06\/Capture-decran-2025-06-17-a-16.01.40.png","contentUrl":"https:\/\/stourm.news\/wp-content\/uploads\/2025\/06\/Capture-decran-2025-06-17-a-16.01.40.png","width":934,"height":676},{"@type":"BreadcrumbList","@id":"https:\/\/stourm.news\/?p=4290#breadcrumb","itemListElement":[{"@type":"ListItem","position":1,"name":"Accueil","item":"https:\/\/stourm.news\/"},{"@type":"ListItem","position":2,"name":"EMSAV : 16 juin 1904, naissance de Loiez Andouard, \u00e9crivain, linguiste, marin et journaliste"}]},{"@type":"WebSite","@id":"https:\/\/stourm.news\/#website","url":"https:\/\/stourm.news\/","name":"Stourm","description":"Kazetenn Strollad Broadel Breizh","publisher":{"@id":"https:\/\/stourm.news\/#organization"},"potentialAction":[{"@type":"SearchAction","target":{"@type":"EntryPoint","urlTemplate":"https:\/\/stourm.news\/?s={search_term_string}"},"query-input":{"@type":"PropertyValueSpecification","valueRequired":true,"valueName":"search_term_string"}}],"inLanguage":"fr-FR"},{"@type":"Organization","@id":"https:\/\/stourm.news\/#organization","name":"Stourm","url":"https:\/\/stourm.news\/","logo":{"@type":"ImageObject","inLanguage":"fr-FR","@id":"https:\/\/stourm.news\/#\/schema\/logo\/image\/","url":"https:\/\/stourm.news\/wp-content\/uploads\/2025\/11\/cropped-Capture-decran-2025-11-28-a-15.19.07.png","contentUrl":"https:\/\/stourm.news\/wp-content\/uploads\/2025\/11\/cropped-Capture-decran-2025-11-28-a-15.19.07.png","width":1855,"height":383,"caption":"Stourm"},"image":{"@id":"https:\/\/stourm.news\/#\/schema\/logo\/image\/"},"sameAs":["https:\/\/www.facebook.com\/stourmnews\/"]},{"@type":"Person","@id":"https:\/\/stourm.news\/#\/schema\/person\/c3e1dc65988632e190969234ef046cf9","name":"La r\u00e9daction","image":{"@type":"ImageObject","inLanguage":"fr-FR","@id":"https:\/\/stourm.news\/#\/schema\/person\/image\/","url":"https:\/\/secure.gravatar.com\/avatar\/7463443f194b6b5fb706b074ca0ef59a0cfcfd720cb47764b0ec5a952ce422b3?s=96&d=mm&r=g","contentUrl":"https:\/\/secure.gravatar.com\/avatar\/7463443f194b6b5fb706b074ca0ef59a0cfcfd720cb47764b0ec5a952ce422b3?s=96&d=mm&r=g","caption":"La r\u00e9daction"},"sameAs":["https:\/\/stourm.news"],"url":"https:\/\/stourm.news\/?author=1"}]}},"_links":{"self":[{"href":"https:\/\/stourm.news\/index.php?rest_route=\/wp\/v2\/posts\/4290","targetHints":{"allow":["GET"]}}],"collection":[{"href":"https:\/\/stourm.news\/index.php?rest_route=\/wp\/v2\/posts"}],"about":[{"href":"https:\/\/stourm.news\/index.php?rest_route=\/wp\/v2\/types\/post"}],"author":[{"embeddable":true,"href":"https:\/\/stourm.news\/index.php?rest_route=\/wp\/v2\/users\/1"}],"replies":[{"embeddable":true,"href":"https:\/\/stourm.news\/index.php?rest_route=%2Fwp%2Fv2%2Fcomments&post=4290"}],"version-history":[{"count":1,"href":"https:\/\/stourm.news\/index.php?rest_route=\/wp\/v2\/posts\/4290\/revisions"}],"predecessor-version":[{"id":4292,"href":"https:\/\/stourm.news\/index.php?rest_route=\/wp\/v2\/posts\/4290\/revisions\/4292"}],"wp:featuredmedia":[{"embeddable":true,"href":"https:\/\/stourm.news\/index.php?rest_route=\/wp\/v2\/media\/4291"}],"wp:attachment":[{"href":"https:\/\/stourm.news\/index.php?rest_route=%2Fwp%2Fv2%2Fmedia&parent=4290"}],"wp:term":[{"taxonomy":"category","embeddable":true,"href":"https:\/\/stourm.news\/index.php?rest_route=%2Fwp%2Fv2%2Fcategories&post=4290"},{"taxonomy":"post_tag","embeddable":true,"href":"https:\/\/stourm.news\/index.php?rest_route=%2Fwp%2Fv2%2Ftags&post=4290"}],"curies":[{"name":"wp","href":"https:\/\/api.w.org\/{rel}","templated":true}]}}