{"id":4295,"date":"2025-06-17T15:24:44","date_gmt":"2025-06-17T15:24:44","guid":{"rendered":"https:\/\/stourm.news\/?p=4295"},"modified":"2025-06-17T15:25:44","modified_gmt":"2025-06-17T15:25:44","slug":"la-construction-etatique-israelienne-comment-les-nationalistes-bretons-peuvent-forger-leur-etat-dans-une-france-en-crise","status":"publish","type":"post","link":"https:\/\/stourm.news\/?p=4295","title":{"rendered":"L&rsquo;exemple de la construction \u00e9tatique isra\u00e9lienne : comment les nationalistes bretons peuvent forger leur \u00c9tat"},"content":{"rendered":"<p style=\"text-align: justify;\">La construction de l\u2019\u00c9tat isra\u00e9lien, de ses origines id\u00e9ologiques \u00e0 sa puissance actuelle, constitue un exemple historique de r\u00e9surgence nationale qui m\u00e9rite l&rsquo;attention des nationalistes bretons. Cet article ne vise pas \u00e0 prendre partie pour un \u00c9tat plus qu\u2019un autre, ni \u00e0 pol\u00e9miquer ou \u00e0 juger les dynamiques g\u00e9opolitiques du Proche-Orient, mais plut\u00f4t de proposer une r\u00e9flexion strat\u00e9gique sur les mod\u00e8les existants de construction \u00e9tatique, dont l\u2019exp\u00e9rience isra\u00e9lienne offre des enseignements pr\u00e9cieux pour les vieux peuples en qu\u00eate d&rsquo;ind\u00e9pendance, comme les Bretons.<\/p>\n<p style=\"text-align: justify;\">Comment un mouvement national, port\u00e9 par une id\u00e9ologie claire, une diaspora mobilis\u00e9e et des circonstances favorables, a-t-il b\u00e2ti un \u00c9tat puissant ? Quelles le\u00e7ons concr\u00e8tes les Bretons peuvent-ils tirer pour leur projet d\u2019\u00c9tat ? L\u2019exemple isra\u00e9lien, analys\u00e9 avec nuance, offre des pistes strat\u00e9giques : un mythe commun, une vision unifi\u00e9e, des institutions pr\u00e9-\u00e9tatiques, et l\u2019exploitation d\u2019opportunit\u00e9s g\u00e9opolitiques.<\/p>\n<h5 style=\"text-align: justify;\"><strong>Les fondations id\u00e9ologiques et historiques de l\u2019\u00c9tat isra\u00e9lien<\/strong><\/h5>\n<p style=\"text-align: justify;\"><strong>Les th\u00e9oriciens du sionisme et l\u2019\u00e9mergence d\u2019une id\u00e9ologie nationale<\/strong><\/p>\n<p style=\"text-align: justify;\">Le sionisme, n\u00e9 \u00e0 la fin du XIXe si\u00e8cle, est la pierre angulaire de l\u2019\u00c9tat isra\u00e9lien. Dans un contexte de crise de l&rsquo;assimilation juive en Europe, Theodor Herzl, avec son ouvrage Der Judenstaat (1896), pose les bases d\u2019un \u00c9tat juif souverain. Lors du premier congr\u00e8s sioniste de B\u00e2le en 1897, il f\u00e9d\u00e8re une vision politique : un foyer national pour les Juifs, en Palestine ou ailleurs. Le sionisme n\u2019est pas monolithique. Des courants vari\u00e9s \u00e9mergent : le sionisme culturel d\u2019Ahad Ha\u2019am insiste sur la renaissance spirituelle juive ; le sionisme socialiste de Ber Borochov promeut une soci\u00e9t\u00e9 \u00e9galitaire via les kibboutzim ; le sionisme religieux lie le projet \u00e0 une mission divine. Cette diversit\u00e9, loin d\u2019affaiblir le mouvement, lui donne une force mobilisatrice, unissant des Juifs de contextes diff\u00e9rents autour d\u2019un objectif commun.<\/p>\n<p style=\"text-align: justify;\">La clart\u00e9 id\u00e9ologique du sionisme est une le\u00e7on cl\u00e9. Malgr\u00e9 leurs divergences, les sionistes partagent une vision : un \u00c9tat juif comme solution \u00e0 l\u2019exil. Cette unit\u00e9 dans la diversit\u00e9 a permis de f\u00e9d\u00e9rer une population dispers\u00e9e, un d\u00e9fi comparable \u00e0 celui des Bretons, dont l\u2019identit\u00e9, bien que forte, reste fragment\u00e9e par l&rsquo;assimilation coercitive fran\u00e7aise et l\u2019absence d\u2019un projet politique unifi\u00e9 en faveur de l&rsquo;\u00c9tat breton.<\/p>\n<p style=\"text-align: justify;\"><strong>La diaspora comme moteur initial<\/strong><\/p>\n<p style=\"text-align: justify;\">La diaspora juive joue un r\u00f4le central d\u00e8s les d\u00e9buts. D\u00e8s les ann\u00e9es 1880, les premi\u00e8res vagues d\u2019immigration (alya) vers la Palestine ottomane posent les bases du yishuv, une communaut\u00e9 juive organis\u00e9e en noyau national. Des organisations comme le Keren Hayesod (1920) collectent des fonds aupr\u00e8s des Juifs d\u2019Europe et d\u2019Am\u00e9rique pour financer l\u2019achat de terres et le d\u00e9veloppement d\u2019infrastructures. Ces efforts, bien que modestes, cr\u00e9ent une \u00e9conomie et une soci\u00e9t\u00e9 pr\u00e9-\u00e9tatiques, avec des \u00e9coles, des h\u00f4pitaux et des milices comme la Haganah. La diaspora ne se limite pas \u00e0 un soutien financier : elle exerce une influence politique, notamment via des leaders comme Chaim Weizmann, qui n\u00e9gocie avec les puissances europ\u00e9ennes.<\/p>\n<p style=\"text-align: justify;\"><strong>Circonstances historiques favorables<\/strong><\/p>\n<p style=\"text-align: justify;\">Le succ\u00e8s sioniste s\u2019explique aussi par des opportunit\u00e9s g\u00e9opolitiques. L\u2019effondrement de l\u2019Empire ottoman apr\u00e8s la Premi\u00e8re Guerre mondiale (1918) place la Palestine sous mandat britannique, offrant un cadre favorable \u00e0 l\u2019immigration juive. La D\u00e9claration Balfour (1917), dans laquelle le Royaume-Uni soutient un \u00ab foyer national juif \u00bb, l\u00e9gitime le projet sioniste, malgr\u00e9 les tensions avec les populations arabes locales. La r\u00e9solution de l\u2019ONU de 1947, proposant un partage de la Palestine, est le fruit de ce contexte, bien que les sionistes doivent encore affronter une guerre pour concr\u00e9tiser leur \u00c9tat.<\/p>\n<p style=\"text-align: justify;\">Ces circonstances rappellent que les mouvements nationaux prosp\u00e8rent souvent dans des moments de rupture. Pour la Bretagne, l\u2019instabilit\u00e9 fran\u00e7aise actuelle \u2013 crise de l\u00e9gitimit\u00e9 de l\u2019\u00c9tat, tensions sociales \u2013 pourrait, \u00e0 terme, offrir des opportunit\u00e9s similaires, bien que dans un cadre non conflictuel.<\/p>\n<h5 style=\"text-align: justify;\"><strong>Construction et consolidation de l\u2019\u00c9tat isra\u00e9lien : diaspora, organisation et opportunit\u00e9s<\/strong><\/h5>\n<p style=\"text-align: justify;\"><strong>La cr\u00e9ation de l\u2019\u00c9tat et les d\u00e9fis initiaux (1948-1967)<\/strong><\/p>\n<p style=\"text-align: justify;\">Le 14 mai 1948, David Ben-Gurion proclame l\u2019ind\u00e9pendance d\u2019Isra\u00ebl, s\u2019appuyant sur les institutions du yishuv (Agence juive, Haganah). La premi\u00e8re guerre arabo-isra\u00e9lienne (1948-1949) oppose le jeune \u00c9tat \u00e0 cinq pays arabes. Malgr\u00e9 des ressources limit\u00e9es, Isra\u00ebl l\u2019emporte gr\u00e2ce \u00e0 une organisation rigoureuse et \u00e0 la mobilisation de la diaspora, qui fournit fonds et volontaires. Entre 1948 et 1967, Isra\u00ebl absorbe 750 000 immigrants, doublant sa population.<\/p>\n<p><img fetchpriority=\"high\" decoding=\"async\" class=\"alignnone size-medium\" src=\"https:\/\/upload.wikimedia.org\/wikipedia\/commons\/thumb\/3\/36\/Declaration_of_State_of_Israel_1948.jpg\/1200px-Declaration_of_State_of_Israel_1948.jpg\" width=\"1200\" height=\"800\" \/><\/p>\n<p style=\"text-align: justify;\">La gestion des Arabes rest\u00e9s en Isra\u00ebl (20 % de la population) est un d\u00e9fi. Plac\u00e9s sous r\u00e9gime militaire jusqu\u2019en 1966, ils illustrent les tensions inh\u00e9rentes \u00e0 la construction d\u2019un \u00c9tat national dans un contexte multiethnique, un point \u00e0 m\u00e9diter pour la Bretagne o\u00f9 l&rsquo;immigration de masse impos\u00e9e par l&rsquo;\u00c9tat entra\u00eene la formation d&rsquo;enclave afro-musulmanes.<\/p>\n<p style=\"text-align: justify;\"><strong>Le r\u00f4le continu de la diaspora<\/strong><\/p>\n<p style=\"text-align: justify;\">La diaspora reste un pilier apr\u00e8s 1948. Les Juifs am\u00e9ricains, via des organisations comme l\u2019AIPAC, influencent la politique \u00e9trang\u00e8re des \u00c9tats-Unis en faveur d\u2019Isra\u00ebl, s\u00e9curisant un soutien crucial. La Loi du retour (1950) encourage l\u2019immigration juive, renfor\u00e7ant la d\u00e9mographie de l\u2019\u00c9tat. Les organisations juives mondiales promeuvent aussi la langue h\u00e9bra\u00efque moderne et l\u2019identit\u00e9 isra\u00e9lienne, consolidant un sentiment d\u2019unit\u00e9 transnationale.<\/p>\n<p style=\"text-align: justify;\">Pour la Bretagne, cette mobilisation inspire des pistes : cr\u00e9er des r\u00e9seaux \u00e9conomiques avec la diaspora bretonne, financer des \u00e9coles Diwan ou des projets culturels, et promouvoir la langue bretonne moderne comme vecteur de l&rsquo;identit\u00e9 de l&rsquo;\u00c9tat breton, \u00e0 l\u2019image de l\u2019h\u00e9breu.<\/p>\n<p style=\"text-align: justify;\"><strong>La mont\u00e9e en puissance militaire<\/strong><\/p>\n<p style=\"text-align: justify;\">La puissance militaire isra\u00e9lienne est un facteur cl\u00e9 de sa survie. La guerre des Six Jours (1967) marque un tournant : en six jours, Isra\u00ebl triomphe de l\u2019\u00c9gypte, de la Jordanie et de la Syrie, occupant le Sina\u00ef, la Cisjordanie, Gaza et le Golan. Cette victoire repose sur une pr\u00e9paration minutieuse, une doctrine proactive et un effet de surprise. La guerre du Kippour (1973), bien que plus difficile, renforce la r\u00e9silience d\u2019Isra\u00ebl face aux menaces.<\/p>\n<p style=\"text-align: justify;\">Aujourd\u2019hui, Tsahal est une arm\u00e9e de pointe, soutenue par une industrie de d\u00e9fense (Rafael, IAI) et une aide militaire annuelle de 3 milliards de dollars des \u00c9tats-Unis. Le programme nucl\u00e9aire pr\u00e9sum\u00e9 d\u2019Isra\u00ebl et son \u00e9cosyst\u00e8me technologique en font une puissance r\u00e9gionale.<\/p>\n<p style=\"text-align: justify;\"><strong>Circonstances g\u00e9opolitiques favorables<\/strong><\/p>\n<p style=\"text-align: justify;\">L\u2019alliance avec les \u00c9tats-Unis, renforc\u00e9e depuis les ann\u00e9es 1960, offre \u00e0 Isra\u00ebl un avantage strat\u00e9gique. Les divisions dans le monde arabe (\u00e9chec du panarabisme, instabilit\u00e9 en Syrie et en Irak) et les Accords d\u2019Abraham (2020) avec des pays comme les \u00c9mirats r\u00e9duisent son isolement. Ces opportunit\u00e9s rappellent que les mouvements nationaux prosp\u00e8rent en exploitant les faiblesses de leurs adversaires, une le\u00e7on applicable \u00e0 la Bretagne face \u00e0 une France en crise.<\/p>\n<h5 style=\"text-align: justify;\"><strong>Le\u00e7ons concr\u00e8tes pour les Bretons dans un contexte de fragmentation<\/strong><strong> de l&rsquo;\u00c9tat fran\u00e7ais\u00a0<\/strong><\/h5>\n<p style=\"text-align: justify;\"><strong>Comparaison des contextes : Isra\u00ebl vs Bretagne dans une France en mutation<\/strong><\/p>\n<p style=\"text-align: justify;\">L\u2019histoire de l&rsquo;\u00c9tat isra\u00e9lien inspire les nationalistes bretons par ses parall\u00e8les : une identit\u00e9 forte (breton\/celtisme vs h\u00e9breu\/judaisme), une diaspora mobilisable (plus de 5 millions de Bretons expatri\u00e9s), et une lutte contre une puissance dominante (\u00c9tat fran\u00e7ais vs \u00c9tats arabes). Pourtant, les Bretons souffrent d\u2019une conscience nationale faible, fruit d\u2019une assimilation fran\u00e7aise extr\u00eamement coercitive et efficace gr\u00e2ce \u00e0 leur int\u00e9gration sociale et \u00e9conomique dans le syst\u00e8me parisiano-centr\u00e9.<\/p>\n<p style=\"text-align: justify;\">L&rsquo;\u00e9radication de la langue bretonne, parl\u00e9e par un peu plus de 100 000 personnes, et de l\u2019histoire bretonne, \u00e9clips\u00e9e sciemment par l\u2019\u00e9cole fran\u00e7aise, limite l&rsquo;\u00e9mergence de cette conscience nationale. Contrairement \u00e0 l&rsquo;\u00c9tat isra\u00e9lien, confront\u00e9 \u00e0 des menaces existentielles imm\u00e9diates, la Bretagne \u00e9volue dans un \u00c9tat fran\u00e7ais encore solide, mais en lente fragmentation, marqu\u00e9e par un vaste bouleversement d\u00e9mographique et des crises sociales de plus en plus fortes. Cette instabilit\u00e9, comparable \u00e0 l\u2019effondrement progressif de l&rsquo;\u00c9tat ottoman qui a servi les sionistes, offre des opportunit\u00e9s, mais la militarisation isra\u00e9lienne est inadapt\u00e9e \u00e0 un projet breton.<\/p>\n<p style=\"text-align: justify;\"><b>Le mythe mobilisateur<\/b><\/p>\n<p style=\"text-align: justify;\">La lente d\u00e9sint\u00e9gration de l\u2019\u00c9tat fran\u00e7ais, marqu\u00e9e par des crises comme celle des Gilets jaunes ou les \u00e9meutes raciales de juin 2023, ouvre une br\u00e8che historique pour les nationalistes bretons, tout comme l\u2019effondrement de l\u2019Empire ottoman a servi les sionistes il y a un si\u00e8cle. Les fissures dans l\u2019autorit\u00e9 de Paris \u2013 m\u00e9fiance croissante envers le pouvoir central, tensions sociales, mont\u00e9e des tensions raciales et religieuses \u2013 offrent une opportunit\u00e9 unique pour faire avancer l\u2019id\u00e9e d\u2019un \u00c9tat breton.<\/p>\n<p style=\"text-align: justify;\">Mais le chemin est sem\u00e9 d\u2019emb\u00fbches, car la conscience nationale bretonne reste embryonnaire. La langue bretonne, parl\u00e9e par un peu plus de 100 000 locuteurs, ne peut rivaliser avec le fran\u00e7ais en l&rsquo;\u00e9tat, impos\u00e9 par un syst\u00e8me \u00e9ducatif et des m\u00e9dias qui rel\u00e8guent l\u2019histoire bretonne \u2013 les exploits de Nomino\u00eb, l\u2019ind\u00e9pendance du Royaume et du Duch\u00e9 de Bretagne \u2013 \u00e0 l\u2019oubli. Ce faible \u00e9lan identitaire freine la mobilisation n\u00e9cessaire pour b\u00e2tir un \u00c9tat. Pour surmonter cet obstacle, les nationalistes doivent s\u2019adresser \u00e0 tous, des jeunes aux expatri\u00e9s, via des plateformes num\u00e9riques et des campagnes visuelles, transformant l\u2019attachement diffus \u00e0 l\u2019identit\u00e9 bretonne en un v\u00e9ritable \u00e9lan national.<\/p>\n<p style=\"text-align: justify;\">L\u2019\u00c9tat fran\u00e7ais, malgr\u00e9 ses failles, reste un adversaire redoutable. Son centralisme, ancr\u00e9 dans des si\u00e8cles d\u2019uniformisation, bloque toutes les avanc\u00e9es. Cette r\u00e9sistance freine les ambitions bretonnes, m\u00eame dans un contexte de crise. Pour contourner ce mur, les nationalistes doivent s\u2019inspirer du lobbying sioniste, qui a su rallier le soutien britannique via une diplomatie patiente. En se pr\u00e9sentant comme un mod\u00e8le de stabilit\u00e9, la Bretagne peut gagner la l\u00e9gitimit\u00e9 n\u00e9cessaire pour avancer vers l&rsquo;ind\u00e9pendance.<\/p>\n<p style=\"text-align: justify;\">Les divisions internes \u00e0 l&rsquo;Emsav constituent un autre d\u00e9fi de taille. Ces tensions rappellent les d\u00e9bats entre sionistes socialistes et religieux, qui ont parfois fragilis\u00e9 leur projet. Pour \u00e9viter ce pi\u00e8ge, les nationalistes bretons doivent cr\u00e9er une plateforme unificatrice qui rallie les Bretons autour d\u2019un objectif commun, simple et puissant : la cr\u00e9ation d&rsquo;un \u00c9tat breton ethno-national.<\/p>\n<p style=\"text-align: justify;\">L\u2019apathie populaire est un obstacle tout aussi pressant. Contrairement aux Juifs, pouss\u00e9s par l\u2019urgence, la plupart des Bretons ne ressentent pas le besoin d\u2019un \u00c9tat propre. Pour transformer cette indiff\u00e9rence en croyance, les nationalistes doivent se retrouver autour d&rsquo;un mythe mobilisateur et lier la r\u00e9alisation de ce mythe \u00e0 des b\u00e9n\u00e9fices tangibles, tant au plan s\u00e9curitaire que fiscal et \u00e9conomique, mais aussi identitaire. Les kibboutzim isra\u00e9liens ont ancr\u00e9 l\u2019id\u00e9al sioniste dans la r\u00e9alit\u00e9 \u00e9conomique, la formation de communaut\u00e9s bretonnes de langue bretonne inspir\u00e9es de ce mod\u00e8le peuvent devenir la base du mouvement de reconqu\u00eate de la Bretagne par les Bretons.<\/p>\n<p><img decoding=\"async\" class=\"alignnone size-medium\" src=\"https:\/\/static-cdn.toi-media.com\/fr\/uploads\/2018\/01\/D31-035-1.jpg\" width=\"3000\" height=\"1687\" \/><\/p>\n<p style=\"text-align: center;\"><em>Des jeunes olim hadashim d&rsquo;Allemagne dansant la hora au kibboutz Ein Harod, en 1936 (Cr\u00e9dit : Kluger Zoltan\/GPO)<\/em><\/p>\n<p style=\"text-align: justify;\">La question du mythe mobilisateur est essentielle. Les Juifs, religieux ou non, s&rsquo;accordent sur un r\u00e9cit national dont la base se trouve dans la Torah. Quoique d&rsquo;essence religieuse, ce texte narre l&rsquo;histoire id\u00e9alis\u00e9e de la nation juive depuis l&rsquo;Antiquit\u00e9 et, gr\u00e2ce \u00e0 des rites et des symboles, les Juifs entretiennent le mythe h\u00e9bra\u00efque jusqu&rsquo;\u00e0 aujourd&rsquo;hui. Les Bretons disposent certainement d&rsquo;un tel mythe mobilisateur \u00e0 travers les grands r\u00e9cits du celtisme antique dont le mythe arthurien est la forme proto-moderne. Le retour d&rsquo;Arthur, c&rsquo;est-\u00e0-dire de la souverainet\u00e9 bretonne, qui est au coeur de la pens\u00e9e bretonne depuis le haut moyen \u00e2ge, a rythm\u00e9 la formation du Royaume de Bretagne face aux Francs, puis assis l&rsquo;autorit\u00e9 du Duch\u00e9 face aux m\u00eames. Reformul\u00e9 dans les termes modernes du nationalisme et de l&rsquo;\u00e9tatisme, ce mythe peut mobiliser les Bretons autour de l&rsquo;id\u00e9e nationale pour restaurer un \u00c9tat breton de langue celtique sur les ruines de la soci\u00e9t\u00e9 fran\u00e7aise.<\/p>\n<p style=\"text-align: justify;\">L\u2019instabilit\u00e9 fran\u00e7aise, bien qu\u2019une opportunit\u00e9, comporte des dangers. Une crise chaotique pourrait marginaliser la Bretagne si elle n\u2019est pas pr\u00eate \u00e0 occuper l\u2019espace politique pour affirmer sa souverainet\u00e9. Des acteurs ext\u00e9rieurs \u2013 int\u00e9r\u00eats \u00e9conomiques ou influences \u00e9trang\u00e8res \u2013 pourraient profiter d\u2019un \u00c9tat fran\u00e7ais affaibli pour imposer leurs priorit\u00e9s en Bretagne, rel\u00e9guant les aspirations bretonnes au second plan. Pour \u00e9viter ce sc\u00e9nario, les nationalistes doivent investir d\u00e8s maintenant les institutions existantes, \u00e0 l\u2019image du yishuv isra\u00e9lien qui a pr\u00e9par\u00e9 l\u2019\u00c9tat avant 1948. En saisissant cette opportunit\u00e9 avec audace et discipline, les nationalistes bretons peuvent transformer les failles de l&rsquo;\u00c9tat fran\u00e7ais en tremplin pour un \u00c9tat breton.<\/p>\n<p style=\"text-align: right;\"><strong>Budig Gourmaelon<\/strong><\/p>\n","protected":false},"excerpt":{"rendered":"<p>La construction de l\u2019\u00c9tat isra\u00e9lien, de ses origines id\u00e9ologiques \u00e0 sa puissance actuelle, constitue un exemple historique de r\u00e9surgence nationale qui m\u00e9rite l&rsquo;attention des nationalistes bretons. Cet article ne vise pas \u00e0 prendre partie pour un \u00c9tat plus qu\u2019un autre, ni \u00e0 pol\u00e9miquer ou \u00e0 juger les dynamiques g\u00e9opolitiques du Proche-Orient, mais plut\u00f4t de proposer [&hellip;]<\/p>\n","protected":false},"author":1,"featured_media":4297,"comment_status":"open","ping_status":"open","sticky":false,"template":"","format":"standard","meta":{"sb_editor_width":"","footnotes":""},"categories":[63,65],"tags":[],"class_list":["post-4295","post","type-post","status-publish","format-standard","has-post-thumbnail","hentry","category-editorial","category-principale"],"relative_dates":{"created":"11 mois ago","modified":"11 mois ago"},"yoast_head":"<!-- This site is optimized with the Yoast SEO plugin v26.3 - https:\/\/yoast.com\/wordpress\/plugins\/seo\/ -->\n<title>L&#039;exemple de la construction \u00e9tatique isra\u00e9lienne : comment les nationalistes bretons peuvent forger leur \u00c9tat - STOURM<\/title>\n<meta name=\"robots\" content=\"index, follow, max-snippet:-1, max-image-preview:large, max-video-preview:-1\" \/>\n<link rel=\"canonical\" href=\"https:\/\/stourm.news\/?p=4295\" \/>\n<meta property=\"og:locale\" content=\"fr_FR\" \/>\n<meta property=\"og:type\" content=\"article\" \/>\n<meta property=\"og:title\" content=\"L&#039;exemple de la construction \u00e9tatique isra\u00e9lienne : comment les nationalistes bretons peuvent forger leur \u00c9tat - STOURM\" \/>\n<meta property=\"og:description\" content=\"La construction de l\u2019\u00c9tat isra\u00e9lien, de ses origines id\u00e9ologiques \u00e0 sa puissance actuelle, constitue un exemple historique de r\u00e9surgence nationale qui m\u00e9rite l&rsquo;attention des nationalistes bretons. Cet article ne vise pas \u00e0 prendre partie pour un \u00c9tat plus qu\u2019un autre, ni \u00e0 pol\u00e9miquer ou \u00e0 juger les dynamiques g\u00e9opolitiques du Proche-Orient, mais plut\u00f4t de proposer [&hellip;]\" \/>\n<meta property=\"og:url\" content=\"https:\/\/stourm.news\/?p=4295\" \/>\n<meta property=\"og:site_name\" content=\"STOURM\" \/>\n<meta property=\"article:publisher\" content=\"https:\/\/www.facebook.com\/stourmnews\/\" \/>\n<meta property=\"article:published_time\" content=\"2025-06-17T15:24:44+00:00\" \/>\n<meta property=\"article:modified_time\" content=\"2025-06-17T15:25:44+00:00\" \/>\n<meta property=\"og:image\" content=\"https:\/\/stourm.news\/wp-content\/uploads\/2025\/06\/Capture-decran-2025-06-18-a-00.23.07.png\" \/>\n\t<meta property=\"og:image:width\" content=\"1094\" \/>\n\t<meta property=\"og:image:height\" content=\"722\" \/>\n\t<meta property=\"og:image:type\" content=\"image\/png\" \/>\n<meta name=\"author\" content=\"La r\u00e9daction\" \/>\n<meta name=\"twitter:card\" content=\"summary_large_image\" \/>\n<meta name=\"twitter:label1\" content=\"\u00c9crit par\" \/>\n\t<meta name=\"twitter:data1\" content=\"La r\u00e9daction\" \/>\n\t<meta name=\"twitter:label2\" content=\"Dur\u00e9e de lecture estim\u00e9e\" \/>\n\t<meta name=\"twitter:data2\" content=\"11 minutes\" \/>\n<script type=\"application\/ld+json\" class=\"yoast-schema-graph\">{\"@context\":\"https:\/\/schema.org\",\"@graph\":[{\"@type\":\"Article\",\"@id\":\"https:\/\/stourm.news\/?p=4295#article\",\"isPartOf\":{\"@id\":\"https:\/\/stourm.news\/?p=4295\"},\"author\":{\"name\":\"La r\u00e9daction\",\"@id\":\"https:\/\/stourm.news\/#\/schema\/person\/c3e1dc65988632e190969234ef046cf9\"},\"headline\":\"L&rsquo;exemple de la construction \u00e9tatique isra\u00e9lienne : comment les nationalistes bretons peuvent forger leur \u00c9tat\",\"datePublished\":\"2025-06-17T15:24:44+00:00\",\"dateModified\":\"2025-06-17T15:25:44+00:00\",\"mainEntityOfPage\":{\"@id\":\"https:\/\/stourm.news\/?p=4295\"},\"wordCount\":2221,\"commentCount\":0,\"publisher\":{\"@id\":\"https:\/\/stourm.news\/#organization\"},\"image\":{\"@id\":\"https:\/\/stourm.news\/?p=4295#primaryimage\"},\"thumbnailUrl\":\"https:\/\/stourm.news\/wp-content\/uploads\/2025\/06\/Capture-decran-2025-06-18-a-00.23.07.png\",\"articleSection\":[\"Editorial\",\"Principale\"],\"inLanguage\":\"fr-FR\",\"potentialAction\":[{\"@type\":\"CommentAction\",\"name\":\"Comment\",\"target\":[\"https:\/\/stourm.news\/?p=4295#respond\"]}]},{\"@type\":\"WebPage\",\"@id\":\"https:\/\/stourm.news\/?p=4295\",\"url\":\"https:\/\/stourm.news\/?p=4295\",\"name\":\"L'exemple de la construction \u00e9tatique isra\u00e9lienne : comment les nationalistes bretons peuvent forger leur \u00c9tat - STOURM\",\"isPartOf\":{\"@id\":\"https:\/\/stourm.news\/#website\"},\"primaryImageOfPage\":{\"@id\":\"https:\/\/stourm.news\/?p=4295#primaryimage\"},\"image\":{\"@id\":\"https:\/\/stourm.news\/?p=4295#primaryimage\"},\"thumbnailUrl\":\"https:\/\/stourm.news\/wp-content\/uploads\/2025\/06\/Capture-decran-2025-06-18-a-00.23.07.png\",\"datePublished\":\"2025-06-17T15:24:44+00:00\",\"dateModified\":\"2025-06-17T15:25:44+00:00\",\"breadcrumb\":{\"@id\":\"https:\/\/stourm.news\/?p=4295#breadcrumb\"},\"inLanguage\":\"fr-FR\",\"potentialAction\":[{\"@type\":\"ReadAction\",\"target\":[\"https:\/\/stourm.news\/?p=4295\"]}]},{\"@type\":\"ImageObject\",\"inLanguage\":\"fr-FR\",\"@id\":\"https:\/\/stourm.news\/?p=4295#primaryimage\",\"url\":\"https:\/\/stourm.news\/wp-content\/uploads\/2025\/06\/Capture-decran-2025-06-18-a-00.23.07.png\",\"contentUrl\":\"https:\/\/stourm.news\/wp-content\/uploads\/2025\/06\/Capture-decran-2025-06-18-a-00.23.07.png\",\"width\":1094,\"height\":722},{\"@type\":\"BreadcrumbList\",\"@id\":\"https:\/\/stourm.news\/?p=4295#breadcrumb\",\"itemListElement\":[{\"@type\":\"ListItem\",\"position\":1,\"name\":\"Accueil\",\"item\":\"https:\/\/stourm.news\/\"},{\"@type\":\"ListItem\",\"position\":2,\"name\":\"L&rsquo;exemple de la construction \u00e9tatique isra\u00e9lienne : comment les nationalistes bretons peuvent forger leur \u00c9tat\"}]},{\"@type\":\"WebSite\",\"@id\":\"https:\/\/stourm.news\/#website\",\"url\":\"https:\/\/stourm.news\/\",\"name\":\"Stourm\",\"description\":\"Kazetenn Strollad Broadel Breizh\",\"publisher\":{\"@id\":\"https:\/\/stourm.news\/#organization\"},\"potentialAction\":[{\"@type\":\"SearchAction\",\"target\":{\"@type\":\"EntryPoint\",\"urlTemplate\":\"https:\/\/stourm.news\/?s={search_term_string}\"},\"query-input\":{\"@type\":\"PropertyValueSpecification\",\"valueRequired\":true,\"valueName\":\"search_term_string\"}}],\"inLanguage\":\"fr-FR\"},{\"@type\":\"Organization\",\"@id\":\"https:\/\/stourm.news\/#organization\",\"name\":\"Stourm\",\"url\":\"https:\/\/stourm.news\/\",\"logo\":{\"@type\":\"ImageObject\",\"inLanguage\":\"fr-FR\",\"@id\":\"https:\/\/stourm.news\/#\/schema\/logo\/image\/\",\"url\":\"https:\/\/stourm.news\/wp-content\/uploads\/2025\/11\/cropped-Capture-decran-2025-11-28-a-15.19.07.png\",\"contentUrl\":\"https:\/\/stourm.news\/wp-content\/uploads\/2025\/11\/cropped-Capture-decran-2025-11-28-a-15.19.07.png\",\"width\":1855,\"height\":383,\"caption\":\"Stourm\"},\"image\":{\"@id\":\"https:\/\/stourm.news\/#\/schema\/logo\/image\/\"},\"sameAs\":[\"https:\/\/www.facebook.com\/stourmnews\/\"]},{\"@type\":\"Person\",\"@id\":\"https:\/\/stourm.news\/#\/schema\/person\/c3e1dc65988632e190969234ef046cf9\",\"name\":\"La r\u00e9daction\",\"image\":{\"@type\":\"ImageObject\",\"inLanguage\":\"fr-FR\",\"@id\":\"https:\/\/stourm.news\/#\/schema\/person\/image\/\",\"url\":\"https:\/\/secure.gravatar.com\/avatar\/7463443f194b6b5fb706b074ca0ef59a0cfcfd720cb47764b0ec5a952ce422b3?s=96&d=mm&r=g\",\"contentUrl\":\"https:\/\/secure.gravatar.com\/avatar\/7463443f194b6b5fb706b074ca0ef59a0cfcfd720cb47764b0ec5a952ce422b3?s=96&d=mm&r=g\",\"caption\":\"La r\u00e9daction\"},\"sameAs\":[\"https:\/\/stourm.news\"],\"url\":\"https:\/\/stourm.news\/?author=1\"}]}<\/script>\n<!-- \/ Yoast SEO plugin. -->","yoast_head_json":{"title":"L'exemple de la construction \u00e9tatique isra\u00e9lienne : comment les nationalistes bretons peuvent forger leur \u00c9tat - STOURM","robots":{"index":"index","follow":"follow","max-snippet":"max-snippet:-1","max-image-preview":"max-image-preview:large","max-video-preview":"max-video-preview:-1"},"canonical":"https:\/\/stourm.news\/?p=4295","og_locale":"fr_FR","og_type":"article","og_title":"L'exemple de la construction \u00e9tatique isra\u00e9lienne : comment les nationalistes bretons peuvent forger leur \u00c9tat - STOURM","og_description":"La construction de l\u2019\u00c9tat isra\u00e9lien, de ses origines id\u00e9ologiques \u00e0 sa puissance actuelle, constitue un exemple historique de r\u00e9surgence nationale qui m\u00e9rite l&rsquo;attention des nationalistes bretons. Cet article ne vise pas \u00e0 prendre partie pour un \u00c9tat plus qu\u2019un autre, ni \u00e0 pol\u00e9miquer ou \u00e0 juger les dynamiques g\u00e9opolitiques du Proche-Orient, mais plut\u00f4t de proposer [&hellip;]","og_url":"https:\/\/stourm.news\/?p=4295","og_site_name":"STOURM","article_publisher":"https:\/\/www.facebook.com\/stourmnews\/","article_published_time":"2025-06-17T15:24:44+00:00","article_modified_time":"2025-06-17T15:25:44+00:00","og_image":[{"width":1094,"height":722,"url":"https:\/\/stourm.news\/wp-content\/uploads\/2025\/06\/Capture-decran-2025-06-18-a-00.23.07.png","type":"image\/png"}],"author":"La r\u00e9daction","twitter_card":"summary_large_image","twitter_misc":{"\u00c9crit par":"La r\u00e9daction","Dur\u00e9e de lecture estim\u00e9e":"11 minutes"},"schema":{"@context":"https:\/\/schema.org","@graph":[{"@type":"Article","@id":"https:\/\/stourm.news\/?p=4295#article","isPartOf":{"@id":"https:\/\/stourm.news\/?p=4295"},"author":{"name":"La r\u00e9daction","@id":"https:\/\/stourm.news\/#\/schema\/person\/c3e1dc65988632e190969234ef046cf9"},"headline":"L&rsquo;exemple de la construction \u00e9tatique isra\u00e9lienne : comment les nationalistes bretons peuvent forger leur \u00c9tat","datePublished":"2025-06-17T15:24:44+00:00","dateModified":"2025-06-17T15:25:44+00:00","mainEntityOfPage":{"@id":"https:\/\/stourm.news\/?p=4295"},"wordCount":2221,"commentCount":0,"publisher":{"@id":"https:\/\/stourm.news\/#organization"},"image":{"@id":"https:\/\/stourm.news\/?p=4295#primaryimage"},"thumbnailUrl":"https:\/\/stourm.news\/wp-content\/uploads\/2025\/06\/Capture-decran-2025-06-18-a-00.23.07.png","articleSection":["Editorial","Principale"],"inLanguage":"fr-FR","potentialAction":[{"@type":"CommentAction","name":"Comment","target":["https:\/\/stourm.news\/?p=4295#respond"]}]},{"@type":"WebPage","@id":"https:\/\/stourm.news\/?p=4295","url":"https:\/\/stourm.news\/?p=4295","name":"L'exemple de la construction \u00e9tatique isra\u00e9lienne : comment les nationalistes bretons peuvent forger leur \u00c9tat - STOURM","isPartOf":{"@id":"https:\/\/stourm.news\/#website"},"primaryImageOfPage":{"@id":"https:\/\/stourm.news\/?p=4295#primaryimage"},"image":{"@id":"https:\/\/stourm.news\/?p=4295#primaryimage"},"thumbnailUrl":"https:\/\/stourm.news\/wp-content\/uploads\/2025\/06\/Capture-decran-2025-06-18-a-00.23.07.png","datePublished":"2025-06-17T15:24:44+00:00","dateModified":"2025-06-17T15:25:44+00:00","breadcrumb":{"@id":"https:\/\/stourm.news\/?p=4295#breadcrumb"},"inLanguage":"fr-FR","potentialAction":[{"@type":"ReadAction","target":["https:\/\/stourm.news\/?p=4295"]}]},{"@type":"ImageObject","inLanguage":"fr-FR","@id":"https:\/\/stourm.news\/?p=4295#primaryimage","url":"https:\/\/stourm.news\/wp-content\/uploads\/2025\/06\/Capture-decran-2025-06-18-a-00.23.07.png","contentUrl":"https:\/\/stourm.news\/wp-content\/uploads\/2025\/06\/Capture-decran-2025-06-18-a-00.23.07.png","width":1094,"height":722},{"@type":"BreadcrumbList","@id":"https:\/\/stourm.news\/?p=4295#breadcrumb","itemListElement":[{"@type":"ListItem","position":1,"name":"Accueil","item":"https:\/\/stourm.news\/"},{"@type":"ListItem","position":2,"name":"L&rsquo;exemple de la construction \u00e9tatique isra\u00e9lienne : comment les nationalistes bretons peuvent forger leur \u00c9tat"}]},{"@type":"WebSite","@id":"https:\/\/stourm.news\/#website","url":"https:\/\/stourm.news\/","name":"Stourm","description":"Kazetenn Strollad Broadel Breizh","publisher":{"@id":"https:\/\/stourm.news\/#organization"},"potentialAction":[{"@type":"SearchAction","target":{"@type":"EntryPoint","urlTemplate":"https:\/\/stourm.news\/?s={search_term_string}"},"query-input":{"@type":"PropertyValueSpecification","valueRequired":true,"valueName":"search_term_string"}}],"inLanguage":"fr-FR"},{"@type":"Organization","@id":"https:\/\/stourm.news\/#organization","name":"Stourm","url":"https:\/\/stourm.news\/","logo":{"@type":"ImageObject","inLanguage":"fr-FR","@id":"https:\/\/stourm.news\/#\/schema\/logo\/image\/","url":"https:\/\/stourm.news\/wp-content\/uploads\/2025\/11\/cropped-Capture-decran-2025-11-28-a-15.19.07.png","contentUrl":"https:\/\/stourm.news\/wp-content\/uploads\/2025\/11\/cropped-Capture-decran-2025-11-28-a-15.19.07.png","width":1855,"height":383,"caption":"Stourm"},"image":{"@id":"https:\/\/stourm.news\/#\/schema\/logo\/image\/"},"sameAs":["https:\/\/www.facebook.com\/stourmnews\/"]},{"@type":"Person","@id":"https:\/\/stourm.news\/#\/schema\/person\/c3e1dc65988632e190969234ef046cf9","name":"La r\u00e9daction","image":{"@type":"ImageObject","inLanguage":"fr-FR","@id":"https:\/\/stourm.news\/#\/schema\/person\/image\/","url":"https:\/\/secure.gravatar.com\/avatar\/7463443f194b6b5fb706b074ca0ef59a0cfcfd720cb47764b0ec5a952ce422b3?s=96&d=mm&r=g","contentUrl":"https:\/\/secure.gravatar.com\/avatar\/7463443f194b6b5fb706b074ca0ef59a0cfcfd720cb47764b0ec5a952ce422b3?s=96&d=mm&r=g","caption":"La r\u00e9daction"},"sameAs":["https:\/\/stourm.news"],"url":"https:\/\/stourm.news\/?author=1"}]}},"_links":{"self":[{"href":"https:\/\/stourm.news\/index.php?rest_route=\/wp\/v2\/posts\/4295","targetHints":{"allow":["GET"]}}],"collection":[{"href":"https:\/\/stourm.news\/index.php?rest_route=\/wp\/v2\/posts"}],"about":[{"href":"https:\/\/stourm.news\/index.php?rest_route=\/wp\/v2\/types\/post"}],"author":[{"embeddable":true,"href":"https:\/\/stourm.news\/index.php?rest_route=\/wp\/v2\/users\/1"}],"replies":[{"embeddable":true,"href":"https:\/\/stourm.news\/index.php?rest_route=%2Fwp%2Fv2%2Fcomments&post=4295"}],"version-history":[{"count":3,"href":"https:\/\/stourm.news\/index.php?rest_route=\/wp\/v2\/posts\/4295\/revisions"}],"predecessor-version":[{"id":4299,"href":"https:\/\/stourm.news\/index.php?rest_route=\/wp\/v2\/posts\/4295\/revisions\/4299"}],"wp:featuredmedia":[{"embeddable":true,"href":"https:\/\/stourm.news\/index.php?rest_route=\/wp\/v2\/media\/4297"}],"wp:attachment":[{"href":"https:\/\/stourm.news\/index.php?rest_route=%2Fwp%2Fv2%2Fmedia&parent=4295"}],"wp:term":[{"taxonomy":"category","embeddable":true,"href":"https:\/\/stourm.news\/index.php?rest_route=%2Fwp%2Fv2%2Fcategories&post=4295"},{"taxonomy":"post_tag","embeddable":true,"href":"https:\/\/stourm.news\/index.php?rest_route=%2Fwp%2Fv2%2Ftags&post=4295"}],"curies":[{"name":"wp","href":"https:\/\/api.w.org\/{rel}","templated":true}]}}