{"id":4302,"date":"2025-06-18T06:40:07","date_gmt":"2025-06-18T06:40:07","guid":{"rendered":"https:\/\/stourm.news\/?p=4302"},"modified":"2025-06-18T06:40:38","modified_gmt":"2025-06-18T06:40:38","slug":"4302","status":"publish","type":"post","link":"https:\/\/stourm.news\/?p=4302","title":{"rendered":"L\u2019\u00c9cosse fait un pas historique : le ga\u00e9lique consacr\u00e9 langue officielle"},"content":{"rendered":"<p style=\"text-align: justify;\">Le 17 juin 2025, le Parlement \u00e9cossais a franchi une \u00e9tape majeure dans la pr\u00e9servation de son patrimoine culturel en adoptant \u00e0 l\u2019unanimit\u00e9 le <strong><a href=\"https:\/\/www.heraldscotland.com\/news\/25247002.msps-pass-bill-giving-gaelic-scots-official-status-scotland\/\">Scottish Languages Bill<\/a><\/strong>. Cette loi, qui \u00e9l\u00e8ve le ga\u00e9lique (G\u00e0idhlig) et le scots au rang de langues officielles aux c\u00f4t\u00e9s de l\u2019anglais, marque un tournant pour ces deux langues indig\u00e8nes, longtemps marginalis\u00e9es par la domination de l\u2019anglais. Pour les militants linguistiques, c\u2019est une victoire historique, mais aussi un d\u00e9fi : transformer une reconnaissance l\u00e9gale en un renouveau vivant, dans un contexte socio-\u00e9conomique tendu. Cet \u00e9lan \u00e9cossais r\u00e9sonne avec les combats men\u00e9s ailleurs, notamment pour le breton en Bretagne, et invite \u00e0 r\u00e9fl\u00e9chir \u00e0 la revitalisation des langues celtiques dans un monde globalis\u00e9.<\/p>\n<p style=\"text-align: justify;\"><strong>Une reconnaissance attendue depuis des d\u00e9cennies<\/strong><\/p>\n<p style=\"text-align: justify;\">Le Scottish Languages Bill n\u2019est pas une simple formalit\u00e9 l\u00e9gislative : il donne au ga\u00e9lique une place officielle dans la soci\u00e9t\u00e9 \u00e9cossaise, une reconnaissance que les militants attendaient depuis des g\u00e9n\u00e9rations. Le ga\u00e9lique, langue celtique parl\u00e9e principalement dans les Highlands et les H\u00e9brides ext\u00e9rieures, a vu son usage d\u00e9cliner au fil des si\u00e8cles, supplant\u00e9 par l\u2019anglais. Avec environ 57 000 locuteurs fluides selon le recensement de 2011, mais plus de 130 000 personnes d\u00e9clarant des comp\u00e9tences en 2021, la langue montre des signes de reprise, notamment gr\u00e2ce \u00e0 l\u2019\u00e9ducation en immersion (Gaelic Medium Education), qui c\u00e9l\u00e8bre ses 40 ans en 2025.<\/p>\n<p style=\"text-align: justify;\">La ministre Kate Forbes, \u00e9galement secr\u00e9taire \u00e0 l\u2019\u00c9conomie et au Ga\u00e9lique, a port\u00e9 ce projet avec conviction, affirmant qu\u2019il \u00ab acc\u00e9l\u00e9rera la croissance \u00bb de la langue. Mais au-del\u00e0 de la symbolique, la loi propose des mesures concr\u00e8tes pour ancrer ga\u00e9lique dans le tissu social \u00e9cossais.<\/p>\n<p style=\"text-align: justify;\"><strong>Les piliers du Scottish Languages Bill<\/strong><\/p>\n<p style=\"text-align: justify;\">Le texte repose sur plusieurs axes strat\u00e9giques pour revitaliser cette langue. D\u2019abord, il consacre son statut officiel, lui offrant une visibilit\u00e9 juridique \u00e9quivalente \u00e0 celle de l\u2019anglais. Ensuite, il renforce l\u2019acc\u00e8s \u00e0 l\u2019\u00e9ducation en ga\u00e9lique, en permettant aux parents de demander <strong>la cr\u00e9ation d\u2019\u00e9coles ou de cr\u00e8ches en immersion<\/strong>. Des normes p\u00e9dagogiques seront \u00e9galement \u00e9tablies pour la langue.<\/p>\n<p style=\"text-align: justify;\">Un autre aspect cl\u00e9 est la cr\u00e9ation de \u00ab zones de signification linguistique \u00bb, des r\u00e9gions o\u00f9 le ga\u00e9lique est encore une langue communautaire, comme les H\u00e9brides ext\u00e9rieures. Ces zones b\u00e9n\u00e9ficieront de subventions cibl\u00e9es pour pr\u00e9server et promouvoir la langue l\u00e0 o\u00f9 elle est la plus vuln\u00e9rable. Enfin, la loi fixe des objectifs mesurables, comme <strong>l\u2019augmentation du nombre de locuteurs<\/strong> et des qualifications en ga\u00e9lique, soutenus par un budget de 5,7 millions de livres pour 2025.<\/p>\n<p style=\"text-align: justify;\">Ces mesures s\u2019inscrivent dans une logique de revitalisation active, inspir\u00e9e par des mod\u00e8les comme le gallois au Pays de Galles, o\u00f9 des politiques linguistiques ont permis <strong>de doubler le nombre de locuteurs<\/strong> en quelques d\u00e9cennies. Mais en \u00c9cosse, le chemin reste sem\u00e9 d\u2019emb\u00fbches.<\/p>\n<p style=\"text-align: justify;\"><strong>Un \u00e9lan c\u00e9l\u00e9br\u00e9, des critiques persistantes<\/strong><\/p>\n<p style=\"text-align: justify;\">L\u2019adoption du projet a suscit\u00e9 un vif enthousiasme parmi les militants. Les initiatives culturelles, comme les fresques murales en ga\u00e9lique \u00e0 Glasgow devraient b\u00e9n\u00e9ficier de ce nouvel \u00e9lan. Pourtant, des voix discordantes se font entendre. Le d\u00e9put\u00e9 travailliste Michael Marra a critiqu\u00e9 une loi qu\u2019il juge \u00ab insuffisamment ambitieuse \u00bb pour sauver le ga\u00e9lique, malgr\u00e9 des amendements renfor\u00e7ant certains aspects, comme l\u2019\u00e9ducation.<\/p>\n<p style=\"text-align: justify;\">Ces critiques refl\u00e8tent un contexte \u00e9cossais tendu. L\u2019\u00c9cosse fait face \u00e0 des d\u00e9fis budg\u00e9taires et sociaux croissants. La crise du co\u00fbt de la vie, les listes d\u2019attente dans le syst\u00e8me de sant\u00e9 et les p\u00e9nuries de logements dominent le d\u00e9bat public. Pour certains, investir 5,7 millions de livres dans la langue ga\u00e9lique semble malvenu, m\u00eame si ce montant reste modeste compar\u00e9 \u00e0 d\u2019autres d\u00e9penses publiques.<\/p>\n<p style=\"text-align: justify;\"><strong>Un parall\u00e8le breton : une lutte universelle<\/strong><\/p>\n<p style=\"text-align: justify;\">Le combat \u00e9cossais pour le ga\u00e9lique fait \u00e9cho \u00e0 la lutte pour le breton. Les deux nations partagent une histoire de marginalisation linguistique, o\u00f9 les langues celtiques ont \u00e9t\u00e9 rel\u00e9gu\u00e9es au second plan par la langue dominante de l&rsquo;\u00c9tat occupant. En Bretagne, les \u00e9coles Diwan rappellent les efforts \u00e9cossais pour l\u2019\u00e9ducation en immersion ou les m\u00e9dias ga\u00e9liques, comme BBC Alba.<\/p>\n<p style=\"text-align: justify;\">Mais les d\u00e9fis sont similaires : manque d\u2019enseignants form\u00e9s, ressources limit\u00e9es, et n\u00e9cessit\u00e9 de convaincre les jeunes g\u00e9n\u00e9rations de l\u2019importance de leur langue. Les deux pays pourraient s\u2019inspirer mutuellement, notamment dans l\u2019usage des nouvelles technologies, comme les applications d\u2019apprentissage ou les r\u00e9seaux sociaux, pour rendre les langues attractives.<\/p>\n<p style=\"text-align: justify;\"><strong>Les d\u00e9fis de la mise en \u0153uvre<\/strong><\/p>\n<p style=\"text-align: justify;\">Le succ\u00e8s du Scottish Languages Bill d\u00e9pendra de sa mise en \u0153uvre. Les 5,7 millions de livres, bien qu\u2019importants, devront \u00eatre utilis\u00e9s efficacement pour financer des enseignants, des supports p\u00e9dagogiques et des projets culturels. Les autorit\u00e9s locales, souvent sous pression budg\u00e9taire, auront la lourde t\u00e2che de r\u00e9pondre \u00e0 la demande croissante pour l\u2019\u00e9ducation en ga\u00e9lique.<\/p>\n<p style=\"text-align: justify;\">Un autre enjeu est de maintenir l\u2019\u00e9lan communautaire. Les initiatives locales, comme les clubs de langue ou les festivals, jouent un r\u00f4le cl\u00e9 pour ancrer ga\u00e9lique dans le quotidien. Mais la revitalisation ne peut r\u00e9ussir sans un engagement des jeunes, souvent plus attir\u00e9s par l\u2019anglais et la culture globalis\u00e9e.<\/p>\n<p style=\"text-align: justify;\"><strong>Un appel \u00e0 l\u2019action<\/strong><\/p>\n<p style=\"text-align: justify;\">Le Scottish Languages Bill est une victoire, mais aussi un point de d\u00e9part. Pour les \u00c9cossais, il s\u2019agit de transformer une reconnaissance l\u00e9gale en une r\u00e9alit\u00e9 quotidienne. Pour nous, en Bretagne, c\u2019est une source d\u2019inspiration. Le combat pour le brezhoneg, comme pour le ga\u00e9lique, est une lutte pour l\u2019identit\u00e9, la m\u00e9moire et l\u2019avenir de la nation bretonne.<\/p>\n<p style=\"text-align: right;\"><strong>Tudual Riwanon<\/strong><\/p>\n","protected":false},"excerpt":{"rendered":"<p>Le 17 juin 2025, le Parlement \u00e9cossais a franchi une \u00e9tape majeure dans la pr\u00e9servation de son patrimoine culturel en adoptant \u00e0 l\u2019unanimit\u00e9 le Scottish Languages Bill. Cette loi, qui \u00e9l\u00e8ve le ga\u00e9lique (G\u00e0idhlig) et le scots au rang de langues officielles aux c\u00f4t\u00e9s de l\u2019anglais, marque un tournant pour ces deux langues indig\u00e8nes, longtemps [&hellip;]<\/p>\n","protected":false},"author":1,"featured_media":4303,"comment_status":"open","ping_status":"open","sticky":false,"template":"","format":"standard","meta":{"sb_editor_width":"","footnotes":""},"categories":[88,65],"tags":[],"class_list":["post-4302","post","type-post","status-publish","format-standard","has-post-thumbnail","hentry","category-interceltisme","category-principale"],"relative_dates":{"created":"11 mois ago","modified":"11 mois ago"},"yoast_head":"<!-- This site is optimized with the Yoast SEO plugin v26.3 - https:\/\/yoast.com\/wordpress\/plugins\/seo\/ -->\n<title>L\u2019\u00c9cosse fait un pas historique : le ga\u00e9lique consacr\u00e9 langue officielle - STOURM<\/title>\n<meta name=\"robots\" content=\"index, follow, max-snippet:-1, max-image-preview:large, max-video-preview:-1\" \/>\n<link rel=\"canonical\" href=\"https:\/\/stourm.news\/?p=4302\" \/>\n<meta property=\"og:locale\" content=\"fr_FR\" \/>\n<meta property=\"og:type\" content=\"article\" \/>\n<meta property=\"og:title\" content=\"L\u2019\u00c9cosse fait un pas historique : le ga\u00e9lique consacr\u00e9 langue officielle - STOURM\" \/>\n<meta property=\"og:description\" content=\"Le 17 juin 2025, le Parlement \u00e9cossais a franchi une \u00e9tape majeure dans la pr\u00e9servation de son patrimoine culturel en adoptant \u00e0 l\u2019unanimit\u00e9 le Scottish Languages Bill. Cette loi, qui \u00e9l\u00e8ve le ga\u00e9lique (G\u00e0idhlig) et le scots au rang de langues officielles aux c\u00f4t\u00e9s de l\u2019anglais, marque un tournant pour ces deux langues indig\u00e8nes, longtemps [&hellip;]\" \/>\n<meta property=\"og:url\" content=\"https:\/\/stourm.news\/?p=4302\" \/>\n<meta property=\"og:site_name\" content=\"STOURM\" \/>\n<meta property=\"article:publisher\" content=\"https:\/\/www.facebook.com\/stourmnews\/\" \/>\n<meta property=\"article:published_time\" content=\"2025-06-18T06:40:07+00:00\" \/>\n<meta property=\"article:modified_time\" content=\"2025-06-18T06:40:38+00:00\" \/>\n<meta property=\"og:image\" content=\"https:\/\/stourm.news\/wp-content\/uploads\/2025\/06\/4ZV73IWYYAIF34MVZAELFHBZS4.jpg\" \/>\n\t<meta property=\"og:image:width\" content=\"1600\" \/>\n\t<meta property=\"og:image:height\" content=\"1200\" \/>\n\t<meta property=\"og:image:type\" content=\"image\/jpeg\" \/>\n<meta name=\"author\" content=\"La r\u00e9daction\" \/>\n<meta name=\"twitter:card\" content=\"summary_large_image\" \/>\n<meta name=\"twitter:label1\" content=\"\u00c9crit par\" \/>\n\t<meta name=\"twitter:data1\" content=\"La r\u00e9daction\" \/>\n\t<meta name=\"twitter:label2\" content=\"Dur\u00e9e de lecture estim\u00e9e\" \/>\n\t<meta name=\"twitter:data2\" content=\"5 minutes\" \/>\n<script type=\"application\/ld+json\" class=\"yoast-schema-graph\">{\"@context\":\"https:\/\/schema.org\",\"@graph\":[{\"@type\":\"Article\",\"@id\":\"https:\/\/stourm.news\/?p=4302#article\",\"isPartOf\":{\"@id\":\"https:\/\/stourm.news\/?p=4302\"},\"author\":{\"name\":\"La r\u00e9daction\",\"@id\":\"https:\/\/stourm.news\/#\/schema\/person\/c3e1dc65988632e190969234ef046cf9\"},\"headline\":\"L\u2019\u00c9cosse fait un pas historique : le ga\u00e9lique consacr\u00e9 langue officielle\",\"datePublished\":\"2025-06-18T06:40:07+00:00\",\"dateModified\":\"2025-06-18T06:40:38+00:00\",\"mainEntityOfPage\":{\"@id\":\"https:\/\/stourm.news\/?p=4302\"},\"wordCount\":999,\"commentCount\":0,\"publisher\":{\"@id\":\"https:\/\/stourm.news\/#organization\"},\"image\":{\"@id\":\"https:\/\/stourm.news\/?p=4302#primaryimage\"},\"thumbnailUrl\":\"https:\/\/stourm.news\/wp-content\/uploads\/2025\/06\/4ZV73IWYYAIF34MVZAELFHBZS4.jpg\",\"articleSection\":[\"Interceltisme\",\"Principale\"],\"inLanguage\":\"fr-FR\",\"potentialAction\":[{\"@type\":\"CommentAction\",\"name\":\"Comment\",\"target\":[\"https:\/\/stourm.news\/?p=4302#respond\"]}]},{\"@type\":\"WebPage\",\"@id\":\"https:\/\/stourm.news\/?p=4302\",\"url\":\"https:\/\/stourm.news\/?p=4302\",\"name\":\"L\u2019\u00c9cosse fait un pas historique : le ga\u00e9lique consacr\u00e9 langue officielle - STOURM\",\"isPartOf\":{\"@id\":\"https:\/\/stourm.news\/#website\"},\"primaryImageOfPage\":{\"@id\":\"https:\/\/stourm.news\/?p=4302#primaryimage\"},\"image\":{\"@id\":\"https:\/\/stourm.news\/?p=4302#primaryimage\"},\"thumbnailUrl\":\"https:\/\/stourm.news\/wp-content\/uploads\/2025\/06\/4ZV73IWYYAIF34MVZAELFHBZS4.jpg\",\"datePublished\":\"2025-06-18T06:40:07+00:00\",\"dateModified\":\"2025-06-18T06:40:38+00:00\",\"breadcrumb\":{\"@id\":\"https:\/\/stourm.news\/?p=4302#breadcrumb\"},\"inLanguage\":\"fr-FR\",\"potentialAction\":[{\"@type\":\"ReadAction\",\"target\":[\"https:\/\/stourm.news\/?p=4302\"]}]},{\"@type\":\"ImageObject\",\"inLanguage\":\"fr-FR\",\"@id\":\"https:\/\/stourm.news\/?p=4302#primaryimage\",\"url\":\"https:\/\/stourm.news\/wp-content\/uploads\/2025\/06\/4ZV73IWYYAIF34MVZAELFHBZS4.jpg\",\"contentUrl\":\"https:\/\/stourm.news\/wp-content\/uploads\/2025\/06\/4ZV73IWYYAIF34MVZAELFHBZS4.jpg\",\"width\":1600,\"height\":1200},{\"@type\":\"BreadcrumbList\",\"@id\":\"https:\/\/stourm.news\/?p=4302#breadcrumb\",\"itemListElement\":[{\"@type\":\"ListItem\",\"position\":1,\"name\":\"Accueil\",\"item\":\"https:\/\/stourm.news\/\"},{\"@type\":\"ListItem\",\"position\":2,\"name\":\"L\u2019\u00c9cosse fait un pas historique : le ga\u00e9lique consacr\u00e9 langue officielle\"}]},{\"@type\":\"WebSite\",\"@id\":\"https:\/\/stourm.news\/#website\",\"url\":\"https:\/\/stourm.news\/\",\"name\":\"Stourm\",\"description\":\"Kazetenn Strollad Broadel Breizh\",\"publisher\":{\"@id\":\"https:\/\/stourm.news\/#organization\"},\"potentialAction\":[{\"@type\":\"SearchAction\",\"target\":{\"@type\":\"EntryPoint\",\"urlTemplate\":\"https:\/\/stourm.news\/?s={search_term_string}\"},\"query-input\":{\"@type\":\"PropertyValueSpecification\",\"valueRequired\":true,\"valueName\":\"search_term_string\"}}],\"inLanguage\":\"fr-FR\"},{\"@type\":\"Organization\",\"@id\":\"https:\/\/stourm.news\/#organization\",\"name\":\"Stourm\",\"url\":\"https:\/\/stourm.news\/\",\"logo\":{\"@type\":\"ImageObject\",\"inLanguage\":\"fr-FR\",\"@id\":\"https:\/\/stourm.news\/#\/schema\/logo\/image\/\",\"url\":\"https:\/\/stourm.news\/wp-content\/uploads\/2025\/11\/cropped-Capture-decran-2025-11-28-a-15.19.07.png\",\"contentUrl\":\"https:\/\/stourm.news\/wp-content\/uploads\/2025\/11\/cropped-Capture-decran-2025-11-28-a-15.19.07.png\",\"width\":1855,\"height\":383,\"caption\":\"Stourm\"},\"image\":{\"@id\":\"https:\/\/stourm.news\/#\/schema\/logo\/image\/\"},\"sameAs\":[\"https:\/\/www.facebook.com\/stourmnews\/\"]},{\"@type\":\"Person\",\"@id\":\"https:\/\/stourm.news\/#\/schema\/person\/c3e1dc65988632e190969234ef046cf9\",\"name\":\"La r\u00e9daction\",\"image\":{\"@type\":\"ImageObject\",\"inLanguage\":\"fr-FR\",\"@id\":\"https:\/\/stourm.news\/#\/schema\/person\/image\/\",\"url\":\"https:\/\/secure.gravatar.com\/avatar\/7463443f194b6b5fb706b074ca0ef59a0cfcfd720cb47764b0ec5a952ce422b3?s=96&d=mm&r=g\",\"contentUrl\":\"https:\/\/secure.gravatar.com\/avatar\/7463443f194b6b5fb706b074ca0ef59a0cfcfd720cb47764b0ec5a952ce422b3?s=96&d=mm&r=g\",\"caption\":\"La r\u00e9daction\"},\"sameAs\":[\"https:\/\/stourm.news\"],\"url\":\"https:\/\/stourm.news\/?author=1\"}]}<\/script>\n<!-- \/ Yoast SEO plugin. -->","yoast_head_json":{"title":"L\u2019\u00c9cosse fait un pas historique : le ga\u00e9lique consacr\u00e9 langue officielle - STOURM","robots":{"index":"index","follow":"follow","max-snippet":"max-snippet:-1","max-image-preview":"max-image-preview:large","max-video-preview":"max-video-preview:-1"},"canonical":"https:\/\/stourm.news\/?p=4302","og_locale":"fr_FR","og_type":"article","og_title":"L\u2019\u00c9cosse fait un pas historique : le ga\u00e9lique consacr\u00e9 langue officielle - STOURM","og_description":"Le 17 juin 2025, le Parlement \u00e9cossais a franchi une \u00e9tape majeure dans la pr\u00e9servation de son patrimoine culturel en adoptant \u00e0 l\u2019unanimit\u00e9 le Scottish Languages Bill. Cette loi, qui \u00e9l\u00e8ve le ga\u00e9lique (G\u00e0idhlig) et le scots au rang de langues officielles aux c\u00f4t\u00e9s de l\u2019anglais, marque un tournant pour ces deux langues indig\u00e8nes, longtemps [&hellip;]","og_url":"https:\/\/stourm.news\/?p=4302","og_site_name":"STOURM","article_publisher":"https:\/\/www.facebook.com\/stourmnews\/","article_published_time":"2025-06-18T06:40:07+00:00","article_modified_time":"2025-06-18T06:40:38+00:00","og_image":[{"width":1600,"height":1200,"url":"https:\/\/stourm.news\/wp-content\/uploads\/2025\/06\/4ZV73IWYYAIF34MVZAELFHBZS4.jpg","type":"image\/jpeg"}],"author":"La r\u00e9daction","twitter_card":"summary_large_image","twitter_misc":{"\u00c9crit par":"La r\u00e9daction","Dur\u00e9e de lecture estim\u00e9e":"5 minutes"},"schema":{"@context":"https:\/\/schema.org","@graph":[{"@type":"Article","@id":"https:\/\/stourm.news\/?p=4302#article","isPartOf":{"@id":"https:\/\/stourm.news\/?p=4302"},"author":{"name":"La r\u00e9daction","@id":"https:\/\/stourm.news\/#\/schema\/person\/c3e1dc65988632e190969234ef046cf9"},"headline":"L\u2019\u00c9cosse fait un pas historique : le ga\u00e9lique consacr\u00e9 langue officielle","datePublished":"2025-06-18T06:40:07+00:00","dateModified":"2025-06-18T06:40:38+00:00","mainEntityOfPage":{"@id":"https:\/\/stourm.news\/?p=4302"},"wordCount":999,"commentCount":0,"publisher":{"@id":"https:\/\/stourm.news\/#organization"},"image":{"@id":"https:\/\/stourm.news\/?p=4302#primaryimage"},"thumbnailUrl":"https:\/\/stourm.news\/wp-content\/uploads\/2025\/06\/4ZV73IWYYAIF34MVZAELFHBZS4.jpg","articleSection":["Interceltisme","Principale"],"inLanguage":"fr-FR","potentialAction":[{"@type":"CommentAction","name":"Comment","target":["https:\/\/stourm.news\/?p=4302#respond"]}]},{"@type":"WebPage","@id":"https:\/\/stourm.news\/?p=4302","url":"https:\/\/stourm.news\/?p=4302","name":"L\u2019\u00c9cosse fait un pas historique : le ga\u00e9lique consacr\u00e9 langue officielle - STOURM","isPartOf":{"@id":"https:\/\/stourm.news\/#website"},"primaryImageOfPage":{"@id":"https:\/\/stourm.news\/?p=4302#primaryimage"},"image":{"@id":"https:\/\/stourm.news\/?p=4302#primaryimage"},"thumbnailUrl":"https:\/\/stourm.news\/wp-content\/uploads\/2025\/06\/4ZV73IWYYAIF34MVZAELFHBZS4.jpg","datePublished":"2025-06-18T06:40:07+00:00","dateModified":"2025-06-18T06:40:38+00:00","breadcrumb":{"@id":"https:\/\/stourm.news\/?p=4302#breadcrumb"},"inLanguage":"fr-FR","potentialAction":[{"@type":"ReadAction","target":["https:\/\/stourm.news\/?p=4302"]}]},{"@type":"ImageObject","inLanguage":"fr-FR","@id":"https:\/\/stourm.news\/?p=4302#primaryimage","url":"https:\/\/stourm.news\/wp-content\/uploads\/2025\/06\/4ZV73IWYYAIF34MVZAELFHBZS4.jpg","contentUrl":"https:\/\/stourm.news\/wp-content\/uploads\/2025\/06\/4ZV73IWYYAIF34MVZAELFHBZS4.jpg","width":1600,"height":1200},{"@type":"BreadcrumbList","@id":"https:\/\/stourm.news\/?p=4302#breadcrumb","itemListElement":[{"@type":"ListItem","position":1,"name":"Accueil","item":"https:\/\/stourm.news\/"},{"@type":"ListItem","position":2,"name":"L\u2019\u00c9cosse fait un pas historique : le ga\u00e9lique consacr\u00e9 langue officielle"}]},{"@type":"WebSite","@id":"https:\/\/stourm.news\/#website","url":"https:\/\/stourm.news\/","name":"Stourm","description":"Kazetenn Strollad Broadel Breizh","publisher":{"@id":"https:\/\/stourm.news\/#organization"},"potentialAction":[{"@type":"SearchAction","target":{"@type":"EntryPoint","urlTemplate":"https:\/\/stourm.news\/?s={search_term_string}"},"query-input":{"@type":"PropertyValueSpecification","valueRequired":true,"valueName":"search_term_string"}}],"inLanguage":"fr-FR"},{"@type":"Organization","@id":"https:\/\/stourm.news\/#organization","name":"Stourm","url":"https:\/\/stourm.news\/","logo":{"@type":"ImageObject","inLanguage":"fr-FR","@id":"https:\/\/stourm.news\/#\/schema\/logo\/image\/","url":"https:\/\/stourm.news\/wp-content\/uploads\/2025\/11\/cropped-Capture-decran-2025-11-28-a-15.19.07.png","contentUrl":"https:\/\/stourm.news\/wp-content\/uploads\/2025\/11\/cropped-Capture-decran-2025-11-28-a-15.19.07.png","width":1855,"height":383,"caption":"Stourm"},"image":{"@id":"https:\/\/stourm.news\/#\/schema\/logo\/image\/"},"sameAs":["https:\/\/www.facebook.com\/stourmnews\/"]},{"@type":"Person","@id":"https:\/\/stourm.news\/#\/schema\/person\/c3e1dc65988632e190969234ef046cf9","name":"La r\u00e9daction","image":{"@type":"ImageObject","inLanguage":"fr-FR","@id":"https:\/\/stourm.news\/#\/schema\/person\/image\/","url":"https:\/\/secure.gravatar.com\/avatar\/7463443f194b6b5fb706b074ca0ef59a0cfcfd720cb47764b0ec5a952ce422b3?s=96&d=mm&r=g","contentUrl":"https:\/\/secure.gravatar.com\/avatar\/7463443f194b6b5fb706b074ca0ef59a0cfcfd720cb47764b0ec5a952ce422b3?s=96&d=mm&r=g","caption":"La r\u00e9daction"},"sameAs":["https:\/\/stourm.news"],"url":"https:\/\/stourm.news\/?author=1"}]}},"_links":{"self":[{"href":"https:\/\/stourm.news\/index.php?rest_route=\/wp\/v2\/posts\/4302","targetHints":{"allow":["GET"]}}],"collection":[{"href":"https:\/\/stourm.news\/index.php?rest_route=\/wp\/v2\/posts"}],"about":[{"href":"https:\/\/stourm.news\/index.php?rest_route=\/wp\/v2\/types\/post"}],"author":[{"embeddable":true,"href":"https:\/\/stourm.news\/index.php?rest_route=\/wp\/v2\/users\/1"}],"replies":[{"embeddable":true,"href":"https:\/\/stourm.news\/index.php?rest_route=%2Fwp%2Fv2%2Fcomments&post=4302"}],"version-history":[{"count":2,"href":"https:\/\/stourm.news\/index.php?rest_route=\/wp\/v2\/posts\/4302\/revisions"}],"predecessor-version":[{"id":4305,"href":"https:\/\/stourm.news\/index.php?rest_route=\/wp\/v2\/posts\/4302\/revisions\/4305"}],"wp:featuredmedia":[{"embeddable":true,"href":"https:\/\/stourm.news\/index.php?rest_route=\/wp\/v2\/media\/4303"}],"wp:attachment":[{"href":"https:\/\/stourm.news\/index.php?rest_route=%2Fwp%2Fv2%2Fmedia&parent=4302"}],"wp:term":[{"taxonomy":"category","embeddable":true,"href":"https:\/\/stourm.news\/index.php?rest_route=%2Fwp%2Fv2%2Fcategories&post=4302"},{"taxonomy":"post_tag","embeddable":true,"href":"https:\/\/stourm.news\/index.php?rest_route=%2Fwp%2Fv2%2Ftags&post=4302"}],"curies":[{"name":"wp","href":"https:\/\/api.w.org\/{rel}","templated":true}]}}