{"id":4315,"date":"2025-06-21T11:52:00","date_gmt":"2025-06-21T11:52:00","guid":{"rendered":"https:\/\/stourm.news\/?p=4315"},"modified":"2025-06-21T11:53:14","modified_gmt":"2025-06-21T11:53:14","slug":"lhermine-bretonne-en-danger-de-disparition-sauvons-notre-symbole-vivant","status":"publish","type":"post","link":"https:\/\/stourm.news\/?p=4315","title":{"rendered":"L\u2019Hermine bretonne en danger de disparition : sauvons notre symbole vivant !"},"content":{"rendered":"<p style=\"text-align: justify;\">Bretons, Bretonnes, amis de la nature et de notre culture, je vous \u00e9cris aujourd\u2019hui avec le c\u0153ur lourd. L\u2019hermine notre embl\u00e8me, notre fiert\u00e9, le symbole blanc immacul\u00e9 de la Bretagne libre et fi\u00e8re est en danger dans sa propre terre d\u2019origine. Ce n\u2019est pas une formule, ni un effet de style. C\u2019est un constat, \u00e9tay\u00e9 par des donn\u00e9es alarmantes : l\u2019hermine est en d\u00e9clin s\u00e9v\u00e8re en Bretagne, au point que le Groupe Mammalogique Breton la classe aujourd\u2019hui parmi les esp\u00e8ces potentiellement menac\u00e9es, une information relay\u00e9e notamment par Ouest-France.<\/p>\n<p style=\"text-align: justify;\"><strong>Une disparition discr\u00e8te, mais bien r\u00e9elle<\/strong><\/p>\n<p style=\"text-align: justify;\">Entre 2005 et 2014, seulement 134 observations confirm\u00e9es d\u2019hermines ont \u00e9t\u00e9 enregistr\u00e9es en Bretagne. C\u2019est tr\u00e8s en dessous des attentes : selon les estimations, il aurait fallu environ 39 observations par an pour consid\u00e9rer la population comme stable entre 2015 et 2023.<\/p>\n<p><img fetchpriority=\"high\" decoding=\"async\" class=\"alignnone size-medium\" src=\"https:\/\/www.chassepassion.net\/wp-content\/uploads\/2011\/09\/hermine.jpg\" width=\"1164\" height=\"777\" \/><\/p>\n<p style=\"text-align: justify;\">Aujourd\u2019hui, l\u2019esp\u00e8ce ne semble plus se maintenir que dans le centre et le nord-ouest de la Bretagne. Elle devient quasi fantomatique, insaisissable m\u00eame pour les experts utilisant des pi\u00e8ges photographiques ou des \u201ctubes \u00e0 poils\u201d. Cette disparition progressive, presque silencieuse, prend \u00e0 revers notre imaginaire collectif, encore berc\u00e9 par la pr\u00e9sence de ce petit must\u00e9lid\u00e9 vif et discret, autrefois si r\u00e9pandu dans nos haies, nos prairies, nos landes.<\/p>\n<p style=\"text-align: justify;\"><strong>Une esp\u00e8ce oubli\u00e9e par les plans de conservation ?<\/strong><\/p>\n<p style=\"text-align: justify;\">Contrairement \u00e0 la loutre ou au lynx, l\u2019hermine ne b\u00e9n\u00e9ficie pas d\u2019un statut de protection stricte en France. Elle est m\u00eame encore chassable dans plusieurs d\u00e9partements. \u00c0 l\u2019\u00e9chelle mondiale, l\u2019UICN la classe en \u201cpr\u00e9occupation mineure\u201den France, mais ce classement global masque des r\u00e9alit\u00e9s locales bien plus pr\u00e9occupantes, notamment en Bretagne.<\/p>\n<p style=\"text-align: justify;\">En v\u00e9rit\u00e9, nous sommes face \u00e0 une carence dramatique de donn\u00e9es scientifiques. Le terme officiel est \u201cData Deficient\u201d \u2013 on ne sait presque rien de ses effectifs, de son comportement reproductif local, ni de l\u2019\u00e9volution de ses populations. Et ce vide d\u2019informations rend toute action plus difficile.<\/p>\n<p style=\"text-align: justify;\"><strong>Pourquoi ce symbole est-il si important ?<\/strong><\/p>\n<p style=\"text-align: justify;\">L\u2019hermine, ce n\u2019est pas qu\u2019un animal. C\u2019est l\u2019\u00e2me de notre drapeau. Le souvenir de la duchesse Anne. Un trait d\u2019union entre l\u2019histoire, la nature et notre identit\u00e9 bretonne. Sa disparition serait une trag\u00e9die. Elle signifierait que m\u00eame nos symboles les plus enracin\u00e9s peuvent dispara\u00eetre si nous restons passifs.<\/p>\n<p style=\"text-align: justify;\">Que faire maintenant ? C\u2019est ici que chacun peut jouer un r\u00f4le.<\/p>\n<p style=\"text-align: justify;\">Du c\u00f4t\u00e9 des pouvoirs publics :<br \/>\n\u2022 J\u2019ai d\u2019ores et d\u00e9j\u00e0 contact\u00e9 le gouvernement pour demander des subventions permettant :<br \/>\n\u2022 De relancer des recherches scientifiques approfondies sur l\u2019hermine en Bretagne.<br \/>\n\u2022 De cr\u00e9er des r\u00e9serves naturelles d\u00e9di\u00e9es pour favoriser sa reproduction et sa r\u00e9introduction dans des habitats pr\u00e9serv\u00e9s.<br \/>\n\u2022 De mettre fin \u00e0 la chasse de cette esp\u00e8ce sur notre territoire.<\/p>\n<p style=\"text-align: justify;\">Du c\u00f4t\u00e9 des citoyens :<br \/>\n\u2022 Sensibiliser : parlez-en autour de vous, dans vos \u00e9coles, vos mairies, vos associations.<br \/>\n\u2022 Soutenir : engagez-vous aux c\u00f4t\u00e9s des acteurs locaux comme le Groupe Mammalogique Breton* ou Bretagne Vivante*, qui \u0153uvrent sur le terrain.<br \/>\n\u2022 Partager : relayez cet appel. L\u2019indiff\u00e9rence est la plus grande menace.<\/p>\n<p style=\"text-align: justify;\">En conclusion : l\u2019hermine n\u2019est pas encore perdue\u2026 si nous agissons maintenant Nous sommes encore \u00e0 temps. Mais la fen\u00eatre se referme.<\/p>\n<p><img decoding=\"async\" class=\"alignnone size-medium\" src=\"https:\/\/staging.ekolien.fr\/medias\/2022\/03\/hermine-maison.jpeg\" width=\"1024\" height=\"768\" \/><\/p>\n<p style=\"text-align: justify;\">Ne laissons pas l\u2019hermine devenir un souvenir fig\u00e9 sur un drapeau. Redonnons-lui sa place dans nos champs, nos bois, nos chemins de traverse. Car c\u2019est l\u00e0 qu\u2019elle doit vivre. Et c\u2019est l\u00e0 qu\u2019elle nous rappellera, \u00e0 chaque apparition furtive, que la Bretagne vivante ne se r\u00e9sume pas \u00e0 ses paysages, mais aussi \u00e0 ceux qui y vivent.<\/p>\n<p style=\"text-align: right;\"><strong>Jimmy.M<\/strong><br \/>\nUn passionn\u00e9 breton engag\u00e9 pour sa terre, sa nature, et son avenir<\/p>\n<p><strong>*Groupe Mammalogique Breton :<\/strong><\/p>\n<ul>\n<li>Adresse du si\u00e8ge : Maison de la Rivi\u00e8re, 29450 Sizun, France<\/li>\n<li>T\u00e9l\u00e9phone du si\u00e8ge : 02 98 24 14 00<\/li>\n<li>Email : contact@gmb.bzh<\/li>\n<li>Site web : www.gmb.bzh<\/li>\n<\/ul>\n<p><strong>*Bretagne vivante :<\/strong><\/p>\n<ul>\n<li>Adresse du si\u00e8ge : 19 rue de Gouesnou, 29200 Brest, France<\/li>\n<li>T\u00e9l\u00e9phone : 02 98 49 07 18<\/li>\n<li>Email : contact@bretagne-vivante.org<\/li>\n<li>Site web : www.bretagne-vivante.org<\/li>\n<\/ul>\n<p>&nbsp;<\/p>\n","protected":false},"excerpt":{"rendered":"<p>Bretons, Bretonnes, amis de la nature et de notre culture, je vous \u00e9cris aujourd\u2019hui avec le c\u0153ur lourd. L\u2019hermine notre embl\u00e8me, notre fiert\u00e9, le symbole blanc immacul\u00e9 de la Bretagne libre et fi\u00e8re est en danger dans sa propre terre d\u2019origine. Ce n\u2019est pas une formule, ni un effet de style. C\u2019est un constat, \u00e9tay\u00e9 [&hellip;]<\/p>\n","protected":false},"author":1,"featured_media":4316,"comment_status":"open","ping_status":"open","sticky":false,"template":"","format":"standard","meta":{"sb_editor_width":"","footnotes":""},"categories":[58,63,65],"tags":[],"class_list":["post-4315","post","type-post","status-publish","format-standard","has-post-thumbnail","hentry","category-breizh","category-editorial","category-principale"],"relative_dates":{"created":"10 mois ago","modified":"10 mois ago"},"yoast_head":"<!-- This site is optimized with the Yoast SEO plugin v26.3 - https:\/\/yoast.com\/wordpress\/plugins\/seo\/ -->\n<title>L\u2019Hermine bretonne en danger de disparition : sauvons notre symbole vivant ! - STOURM<\/title>\n<meta name=\"robots\" content=\"index, follow, max-snippet:-1, max-image-preview:large, max-video-preview:-1\" \/>\n<link rel=\"canonical\" href=\"https:\/\/stourm.news\/?p=4315\" \/>\n<meta property=\"og:locale\" content=\"fr_FR\" \/>\n<meta property=\"og:type\" content=\"article\" \/>\n<meta property=\"og:title\" content=\"L\u2019Hermine bretonne en danger de disparition : sauvons notre symbole vivant ! - STOURM\" \/>\n<meta property=\"og:description\" content=\"Bretons, Bretonnes, amis de la nature et de notre culture, je vous \u00e9cris aujourd\u2019hui avec le c\u0153ur lourd. L\u2019hermine notre embl\u00e8me, notre fiert\u00e9, le symbole blanc immacul\u00e9 de la Bretagne libre et fi\u00e8re est en danger dans sa propre terre d\u2019origine. Ce n\u2019est pas une formule, ni un effet de style. C\u2019est un constat, \u00e9tay\u00e9 [&hellip;]\" \/>\n<meta property=\"og:url\" content=\"https:\/\/stourm.news\/?p=4315\" \/>\n<meta property=\"og:site_name\" content=\"STOURM\" \/>\n<meta property=\"article:publisher\" content=\"https:\/\/www.facebook.com\/stourmnews\/\" \/>\n<meta property=\"article:published_time\" content=\"2025-06-21T11:52:00+00:00\" \/>\n<meta property=\"article:modified_time\" content=\"2025-06-21T11:53:14+00:00\" \/>\n<meta property=\"og:image\" content=\"https:\/\/stourm.news\/wp-content\/uploads\/2025\/06\/un-animal-d-une-grande-vivacite-c-l-1430138544.jpg\" \/>\n\t<meta property=\"og:image:width\" content=\"1600\" \/>\n\t<meta property=\"og:image:height\" content=\"1054\" \/>\n\t<meta property=\"og:image:type\" content=\"image\/jpeg\" \/>\n<meta name=\"author\" content=\"La r\u00e9daction\" \/>\n<meta name=\"twitter:card\" content=\"summary_large_image\" \/>\n<meta name=\"twitter:label1\" content=\"\u00c9crit par\" \/>\n\t<meta name=\"twitter:data1\" content=\"La r\u00e9daction\" \/>\n\t<meta name=\"twitter:label2\" content=\"Dur\u00e9e de lecture estim\u00e9e\" \/>\n\t<meta name=\"twitter:data2\" content=\"4 minutes\" \/>\n<script type=\"application\/ld+json\" class=\"yoast-schema-graph\">{\"@context\":\"https:\/\/schema.org\",\"@graph\":[{\"@type\":\"Article\",\"@id\":\"https:\/\/stourm.news\/?p=4315#article\",\"isPartOf\":{\"@id\":\"https:\/\/stourm.news\/?p=4315\"},\"author\":{\"name\":\"La r\u00e9daction\",\"@id\":\"https:\/\/stourm.news\/#\/schema\/person\/c3e1dc65988632e190969234ef046cf9\"},\"headline\":\"L\u2019Hermine bretonne en danger de disparition : sauvons notre symbole vivant !\",\"datePublished\":\"2025-06-21T11:52:00+00:00\",\"dateModified\":\"2025-06-21T11:53:14+00:00\",\"mainEntityOfPage\":{\"@id\":\"https:\/\/stourm.news\/?p=4315\"},\"wordCount\":705,\"commentCount\":0,\"publisher\":{\"@id\":\"https:\/\/stourm.news\/#organization\"},\"image\":{\"@id\":\"https:\/\/stourm.news\/?p=4315#primaryimage\"},\"thumbnailUrl\":\"https:\/\/stourm.news\/wp-content\/uploads\/2025\/06\/un-animal-d-une-grande-vivacite-c-l-1430138544.jpg\",\"articleSection\":[\"Breizh\",\"Editorial\",\"Principale\"],\"inLanguage\":\"fr-FR\",\"potentialAction\":[{\"@type\":\"CommentAction\",\"name\":\"Comment\",\"target\":[\"https:\/\/stourm.news\/?p=4315#respond\"]}]},{\"@type\":\"WebPage\",\"@id\":\"https:\/\/stourm.news\/?p=4315\",\"url\":\"https:\/\/stourm.news\/?p=4315\",\"name\":\"L\u2019Hermine bretonne en danger de disparition : sauvons notre symbole vivant ! - STOURM\",\"isPartOf\":{\"@id\":\"https:\/\/stourm.news\/#website\"},\"primaryImageOfPage\":{\"@id\":\"https:\/\/stourm.news\/?p=4315#primaryimage\"},\"image\":{\"@id\":\"https:\/\/stourm.news\/?p=4315#primaryimage\"},\"thumbnailUrl\":\"https:\/\/stourm.news\/wp-content\/uploads\/2025\/06\/un-animal-d-une-grande-vivacite-c-l-1430138544.jpg\",\"datePublished\":\"2025-06-21T11:52:00+00:00\",\"dateModified\":\"2025-06-21T11:53:14+00:00\",\"breadcrumb\":{\"@id\":\"https:\/\/stourm.news\/?p=4315#breadcrumb\"},\"inLanguage\":\"fr-FR\",\"potentialAction\":[{\"@type\":\"ReadAction\",\"target\":[\"https:\/\/stourm.news\/?p=4315\"]}]},{\"@type\":\"ImageObject\",\"inLanguage\":\"fr-FR\",\"@id\":\"https:\/\/stourm.news\/?p=4315#primaryimage\",\"url\":\"https:\/\/stourm.news\/wp-content\/uploads\/2025\/06\/un-animal-d-une-grande-vivacite-c-l-1430138544.jpg\",\"contentUrl\":\"https:\/\/stourm.news\/wp-content\/uploads\/2025\/06\/un-animal-d-une-grande-vivacite-c-l-1430138544.jpg\",\"width\":1600,\"height\":1054},{\"@type\":\"BreadcrumbList\",\"@id\":\"https:\/\/stourm.news\/?p=4315#breadcrumb\",\"itemListElement\":[{\"@type\":\"ListItem\",\"position\":1,\"name\":\"Accueil\",\"item\":\"https:\/\/stourm.news\/\"},{\"@type\":\"ListItem\",\"position\":2,\"name\":\"L\u2019Hermine bretonne en danger de disparition : sauvons notre symbole vivant !\"}]},{\"@type\":\"WebSite\",\"@id\":\"https:\/\/stourm.news\/#website\",\"url\":\"https:\/\/stourm.news\/\",\"name\":\"Stourm\",\"description\":\"Kazetenn Strollad Broadel Breizh\",\"publisher\":{\"@id\":\"https:\/\/stourm.news\/#organization\"},\"potentialAction\":[{\"@type\":\"SearchAction\",\"target\":{\"@type\":\"EntryPoint\",\"urlTemplate\":\"https:\/\/stourm.news\/?s={search_term_string}\"},\"query-input\":{\"@type\":\"PropertyValueSpecification\",\"valueRequired\":true,\"valueName\":\"search_term_string\"}}],\"inLanguage\":\"fr-FR\"},{\"@type\":\"Organization\",\"@id\":\"https:\/\/stourm.news\/#organization\",\"name\":\"Stourm\",\"url\":\"https:\/\/stourm.news\/\",\"logo\":{\"@type\":\"ImageObject\",\"inLanguage\":\"fr-FR\",\"@id\":\"https:\/\/stourm.news\/#\/schema\/logo\/image\/\",\"url\":\"https:\/\/stourm.news\/wp-content\/uploads\/2025\/11\/cropped-Capture-decran-2025-11-28-a-15.19.07.png\",\"contentUrl\":\"https:\/\/stourm.news\/wp-content\/uploads\/2025\/11\/cropped-Capture-decran-2025-11-28-a-15.19.07.png\",\"width\":1855,\"height\":383,\"caption\":\"Stourm\"},\"image\":{\"@id\":\"https:\/\/stourm.news\/#\/schema\/logo\/image\/\"},\"sameAs\":[\"https:\/\/www.facebook.com\/stourmnews\/\"]},{\"@type\":\"Person\",\"@id\":\"https:\/\/stourm.news\/#\/schema\/person\/c3e1dc65988632e190969234ef046cf9\",\"name\":\"La r\u00e9daction\",\"image\":{\"@type\":\"ImageObject\",\"inLanguage\":\"fr-FR\",\"@id\":\"https:\/\/stourm.news\/#\/schema\/person\/image\/\",\"url\":\"https:\/\/secure.gravatar.com\/avatar\/7463443f194b6b5fb706b074ca0ef59a0cfcfd720cb47764b0ec5a952ce422b3?s=96&d=mm&r=g\",\"contentUrl\":\"https:\/\/secure.gravatar.com\/avatar\/7463443f194b6b5fb706b074ca0ef59a0cfcfd720cb47764b0ec5a952ce422b3?s=96&d=mm&r=g\",\"caption\":\"La r\u00e9daction\"},\"sameAs\":[\"https:\/\/stourm.news\"],\"url\":\"https:\/\/stourm.news\/?author=1\"}]}<\/script>\n<!-- \/ Yoast SEO plugin. -->","yoast_head_json":{"title":"L\u2019Hermine bretonne en danger de disparition : sauvons notre symbole vivant ! - STOURM","robots":{"index":"index","follow":"follow","max-snippet":"max-snippet:-1","max-image-preview":"max-image-preview:large","max-video-preview":"max-video-preview:-1"},"canonical":"https:\/\/stourm.news\/?p=4315","og_locale":"fr_FR","og_type":"article","og_title":"L\u2019Hermine bretonne en danger de disparition : sauvons notre symbole vivant ! - STOURM","og_description":"Bretons, Bretonnes, amis de la nature et de notre culture, je vous \u00e9cris aujourd\u2019hui avec le c\u0153ur lourd. L\u2019hermine notre embl\u00e8me, notre fiert\u00e9, le symbole blanc immacul\u00e9 de la Bretagne libre et fi\u00e8re est en danger dans sa propre terre d\u2019origine. Ce n\u2019est pas une formule, ni un effet de style. C\u2019est un constat, \u00e9tay\u00e9 [&hellip;]","og_url":"https:\/\/stourm.news\/?p=4315","og_site_name":"STOURM","article_publisher":"https:\/\/www.facebook.com\/stourmnews\/","article_published_time":"2025-06-21T11:52:00+00:00","article_modified_time":"2025-06-21T11:53:14+00:00","og_image":[{"width":1600,"height":1054,"url":"https:\/\/stourm.news\/wp-content\/uploads\/2025\/06\/un-animal-d-une-grande-vivacite-c-l-1430138544.jpg","type":"image\/jpeg"}],"author":"La r\u00e9daction","twitter_card":"summary_large_image","twitter_misc":{"\u00c9crit par":"La r\u00e9daction","Dur\u00e9e de lecture estim\u00e9e":"4 minutes"},"schema":{"@context":"https:\/\/schema.org","@graph":[{"@type":"Article","@id":"https:\/\/stourm.news\/?p=4315#article","isPartOf":{"@id":"https:\/\/stourm.news\/?p=4315"},"author":{"name":"La r\u00e9daction","@id":"https:\/\/stourm.news\/#\/schema\/person\/c3e1dc65988632e190969234ef046cf9"},"headline":"L\u2019Hermine bretonne en danger de disparition : sauvons notre symbole vivant !","datePublished":"2025-06-21T11:52:00+00:00","dateModified":"2025-06-21T11:53:14+00:00","mainEntityOfPage":{"@id":"https:\/\/stourm.news\/?p=4315"},"wordCount":705,"commentCount":0,"publisher":{"@id":"https:\/\/stourm.news\/#organization"},"image":{"@id":"https:\/\/stourm.news\/?p=4315#primaryimage"},"thumbnailUrl":"https:\/\/stourm.news\/wp-content\/uploads\/2025\/06\/un-animal-d-une-grande-vivacite-c-l-1430138544.jpg","articleSection":["Breizh","Editorial","Principale"],"inLanguage":"fr-FR","potentialAction":[{"@type":"CommentAction","name":"Comment","target":["https:\/\/stourm.news\/?p=4315#respond"]}]},{"@type":"WebPage","@id":"https:\/\/stourm.news\/?p=4315","url":"https:\/\/stourm.news\/?p=4315","name":"L\u2019Hermine bretonne en danger de disparition : sauvons notre symbole vivant ! - STOURM","isPartOf":{"@id":"https:\/\/stourm.news\/#website"},"primaryImageOfPage":{"@id":"https:\/\/stourm.news\/?p=4315#primaryimage"},"image":{"@id":"https:\/\/stourm.news\/?p=4315#primaryimage"},"thumbnailUrl":"https:\/\/stourm.news\/wp-content\/uploads\/2025\/06\/un-animal-d-une-grande-vivacite-c-l-1430138544.jpg","datePublished":"2025-06-21T11:52:00+00:00","dateModified":"2025-06-21T11:53:14+00:00","breadcrumb":{"@id":"https:\/\/stourm.news\/?p=4315#breadcrumb"},"inLanguage":"fr-FR","potentialAction":[{"@type":"ReadAction","target":["https:\/\/stourm.news\/?p=4315"]}]},{"@type":"ImageObject","inLanguage":"fr-FR","@id":"https:\/\/stourm.news\/?p=4315#primaryimage","url":"https:\/\/stourm.news\/wp-content\/uploads\/2025\/06\/un-animal-d-une-grande-vivacite-c-l-1430138544.jpg","contentUrl":"https:\/\/stourm.news\/wp-content\/uploads\/2025\/06\/un-animal-d-une-grande-vivacite-c-l-1430138544.jpg","width":1600,"height":1054},{"@type":"BreadcrumbList","@id":"https:\/\/stourm.news\/?p=4315#breadcrumb","itemListElement":[{"@type":"ListItem","position":1,"name":"Accueil","item":"https:\/\/stourm.news\/"},{"@type":"ListItem","position":2,"name":"L\u2019Hermine bretonne en danger de disparition : sauvons notre symbole vivant !"}]},{"@type":"WebSite","@id":"https:\/\/stourm.news\/#website","url":"https:\/\/stourm.news\/","name":"Stourm","description":"Kazetenn Strollad Broadel Breizh","publisher":{"@id":"https:\/\/stourm.news\/#organization"},"potentialAction":[{"@type":"SearchAction","target":{"@type":"EntryPoint","urlTemplate":"https:\/\/stourm.news\/?s={search_term_string}"},"query-input":{"@type":"PropertyValueSpecification","valueRequired":true,"valueName":"search_term_string"}}],"inLanguage":"fr-FR"},{"@type":"Organization","@id":"https:\/\/stourm.news\/#organization","name":"Stourm","url":"https:\/\/stourm.news\/","logo":{"@type":"ImageObject","inLanguage":"fr-FR","@id":"https:\/\/stourm.news\/#\/schema\/logo\/image\/","url":"https:\/\/stourm.news\/wp-content\/uploads\/2025\/11\/cropped-Capture-decran-2025-11-28-a-15.19.07.png","contentUrl":"https:\/\/stourm.news\/wp-content\/uploads\/2025\/11\/cropped-Capture-decran-2025-11-28-a-15.19.07.png","width":1855,"height":383,"caption":"Stourm"},"image":{"@id":"https:\/\/stourm.news\/#\/schema\/logo\/image\/"},"sameAs":["https:\/\/www.facebook.com\/stourmnews\/"]},{"@type":"Person","@id":"https:\/\/stourm.news\/#\/schema\/person\/c3e1dc65988632e190969234ef046cf9","name":"La r\u00e9daction","image":{"@type":"ImageObject","inLanguage":"fr-FR","@id":"https:\/\/stourm.news\/#\/schema\/person\/image\/","url":"https:\/\/secure.gravatar.com\/avatar\/7463443f194b6b5fb706b074ca0ef59a0cfcfd720cb47764b0ec5a952ce422b3?s=96&d=mm&r=g","contentUrl":"https:\/\/secure.gravatar.com\/avatar\/7463443f194b6b5fb706b074ca0ef59a0cfcfd720cb47764b0ec5a952ce422b3?s=96&d=mm&r=g","caption":"La r\u00e9daction"},"sameAs":["https:\/\/stourm.news"],"url":"https:\/\/stourm.news\/?author=1"}]}},"_links":{"self":[{"href":"https:\/\/stourm.news\/index.php?rest_route=\/wp\/v2\/posts\/4315","targetHints":{"allow":["GET"]}}],"collection":[{"href":"https:\/\/stourm.news\/index.php?rest_route=\/wp\/v2\/posts"}],"about":[{"href":"https:\/\/stourm.news\/index.php?rest_route=\/wp\/v2\/types\/post"}],"author":[{"embeddable":true,"href":"https:\/\/stourm.news\/index.php?rest_route=\/wp\/v2\/users\/1"}],"replies":[{"embeddable":true,"href":"https:\/\/stourm.news\/index.php?rest_route=%2Fwp%2Fv2%2Fcomments&post=4315"}],"version-history":[{"count":2,"href":"https:\/\/stourm.news\/index.php?rest_route=\/wp\/v2\/posts\/4315\/revisions"}],"predecessor-version":[{"id":4318,"href":"https:\/\/stourm.news\/index.php?rest_route=\/wp\/v2\/posts\/4315\/revisions\/4318"}],"wp:featuredmedia":[{"embeddable":true,"href":"https:\/\/stourm.news\/index.php?rest_route=\/wp\/v2\/media\/4316"}],"wp:attachment":[{"href":"https:\/\/stourm.news\/index.php?rest_route=%2Fwp%2Fv2%2Fmedia&parent=4315"}],"wp:term":[{"taxonomy":"category","embeddable":true,"href":"https:\/\/stourm.news\/index.php?rest_route=%2Fwp%2Fv2%2Fcategories&post=4315"},{"taxonomy":"post_tag","embeddable":true,"href":"https:\/\/stourm.news\/index.php?rest_route=%2Fwp%2Fv2%2Ftags&post=4315"}],"curies":[{"name":"wp","href":"https:\/\/api.w.org\/{rel}","templated":true}]}}