{"id":4319,"date":"2025-06-25T05:04:51","date_gmt":"2025-06-25T05:04:51","guid":{"rendered":"https:\/\/stourm.news\/?p=4319"},"modified":"2025-06-25T05:04:51","modified_gmt":"2025-06-25T05:04:51","slug":"emsav-25-juin-1931-naissance-de-glenmor-poete-et-militant-nationaliste","status":"publish","type":"post","link":"https:\/\/stourm.news\/?p=4319","title":{"rendered":"EMSAV : 25 juin 1931, naissance de Glenmor, po\u00e8te et militant nationaliste"},"content":{"rendered":"<p style=\"text-align: justify;\">\u00c9mile Le Scanff, connu sous le nom de sc\u00e8ne Glenmor ou Milig ar Ska\u00f1v (le l\u00e9ger en breton), est une figure embl\u00e9matique de la culture bretonne, un artiste aux multiples facettes \u2013 chanteur, po\u00e8te, \u00e9crivain, et militant \u2013 dont l\u2019\u0153uvre a profond\u00e9ment marqu\u00e9 le renouveau de l\u2019identit\u00e9 bretonne au XXe si\u00e8cle. N\u00e9 le 25 juin 1931 \u00e0 Ma\u00ebl-Carhaix, en plein c\u0153ur du Kreiz Breizh (Centre-Bretagne), et d\u00e9c\u00e9d\u00e9 le 18 juin 1996 \u00e0 Quimperl\u00e9, Glenmor a incarn\u00e9 avec ferveur la voix d\u2019une Bretagne en qu\u00eate de libert\u00e9, de fiert\u00e9 et de reconnaissance. \u00c0 travers ses chansons, ses po\u00e8mes et son engagement militant, il a r\u00e9veill\u00e9 les consciences bretonnes et ouvert la voie \u00e0 une g\u00e9n\u00e9ration d\u2019artistes et d\u2019activistes.<\/p>\n<p style=\"text-align: justify;\"><strong>Enfance et Formation : Les Racines d\u2019un Barde<\/strong><\/p>\n<p style=\"text-align: justify;\">\u00c9mile Le Scanff grandit dans une famille paysanne bretonnante du Poher, une r\u00e9gion o\u00f9 la langue bretonne est encore vive dans les ann\u00e9es 1930. D\u00e8s son jeune \u00e2ge, il est immerg\u00e9 dans une culture riche de traditions orales, de chansons et de r\u00e9cits celtiques. Il raconte : <strong>\u00ab Tout enfant n\u00e9 dans le plein centre de la Bretagne, un pays bretonnant par excellence, o\u00f9 le fran\u00e7ais n\u2019\u00e9tait m\u00eame pas employ\u00e9 dans la conversation courante de tous les jours. Parce que quand je suis parti en classe, je ne savais m\u00eame pas un mot de fran\u00e7ais. \u00bb<\/strong> Cette immersion pr\u00e9coce dans la langue et la culture bretonne forge son identit\u00e9 et son r\u00eave d\u2019enfant : devenir le barde de la Bretagne.<\/p>\n<p style=\"text-align: justify;\">\u00c0 10 ans, en 1941, il entre au petit s\u00e9minaire de Quintin, o\u00f9 il \u00e9tudie le latin, le grec et la th\u00e9ologie, obtenant ses deux baccalaur\u00e9ats \u00e0 seulement 17 ans. Malgr\u00e9 cette \u00e9ducation religieuse, il d\u00e9veloppe un anticl\u00e9ricalisme marqu\u00e9, tout en conservant une forme de mysticisme personnel, une qu\u00eate spirituelle qu\u2019il exprime ainsi : <strong>\u00ab Je pr\u00e9f\u00e8re croire en Dieu qu\u2019\u00eatre ath\u00e9e, ne serait-ce que pour le maudire. \u00bb<\/strong> Apr\u00e8s son bac, il obtient une licence de philosophie \u00e0 Rennes en 1952, puis entreprend un voyage \u00e0 travers l\u2019Europe (Italie, Gr\u00e8ce, Turquie, Yougoslavie, URSS), s\u2019inspirant de l\u2019errance po\u00e9tique d\u2019un Rimbaud. Ce p\u00e9riple, interrompu par une tuberculose en 1955, marque le d\u00e9but de son \u00e9criture.<\/p>\n<p style=\"text-align: justify;\"><strong>La Naissance de Glenmor : Le Barde Moderne<\/strong><\/p>\n<p style=\"text-align: justify;\">En 1958, alors qu\u2019il se remet de sa maladie dans un sanatorium alpin, \u00c9mile Le Scanff donne sa premi\u00e8re repr\u00e9sentation publique. Il adopte peu apr\u00e8s le nom de sc\u00e8ne Glenmor, fusion des mots bretons glen (terre) et mor (mer), symbolisant l\u2019union de l\u2019Armor (le littoral) et de l\u2019Argoat (l\u2019int\u00e9rieur des terres), incarnation de la Bretagne tout enti\u00e8re.<\/p>\n<p style=\"text-align: justify;\">Sa carri\u00e8re artistique d\u00e9bute officiellement en 1959 \u00e0 Paris, o\u00f9 il donne un r\u00e9cital accompagn\u00e9 de la harpiste Denise M\u00e9gevand devant un public restreint mais conquis. Ce moment marque le d\u00e9but d\u2019une carri\u00e8re qui le verra chanter dans les cabarets de Montparnasse, puis triompher \u00e0 la Mutualit\u00e9 en 1965 avec un premier disque publi\u00e9 \u00e0 compte d\u2019auteur, Glenmor \u00e0 la Mutualit\u00e9, un succ\u00e8s qui attire l\u2019attention de la maison de disques Barclay.<\/p>\n<p style=\"text-align: justify;\">Glenmor se distingue par son allure de barde druidique \u2013 barbe fournie, cheveux longs \u2013 et par sa voix puissante, qui m\u00eale po\u00e9sie lyrique et r\u00e9volte. Comme l\u2019\u00e9crit son ami Xavier Grall : <strong>\u00ab La Bretagne, ce soir-l\u00e0, c\u2019\u00e9tait la Bretagne prol\u00e9tarienne, la non-folklorique, celle des rues, des faubourgs et des exils, l\u2019humili\u00e9e, l\u2019offens\u00e9e. \u00bb<\/strong> Ses chansons, en fran\u00e7ais et en breton, rejettent le folklorisme st\u00e9rile de figures comme Th\u00e9odore Botrel, pour redonner \u00e0 la Bretagne sa dignit\u00e9 et sa voix.<\/p>\n<p style=\"text-align: justify;\"><strong>L\u2019Engagement pour une Bretagne Libre<\/strong><\/p>\n<p style=\"text-align: justify;\">Glenmor est bien plus qu\u2019un chanteur : il est un militant culturel et politique, un \u00ab \u00e9veilleur de consciences \u00bb qui refuse le centralisme jacobin et l\u2019uniformisation culturelle impos\u00e9e par l\u2019\u00c9tat fran\u00e7ais. Dans les ann\u00e9es 1960 et 1970, p\u00e9riode marqu\u00e9e par la marginalisation de la langue bretonne et la stigmatisation de l\u2019identit\u00e9 bretonne, Glenmor devient le porte-drapeau d\u2019une Bretagne libre et fi\u00e8re. Il d\u00e9clare : <strong>\u00ab J\u2019ai toujours r\u00eav\u00e9 de devenir le barde de la Bretagne, je ne sais pas si j\u2019y arrive. J\u2019ai voulu d\u2019abord chanter mon pays et je l\u2019ai beaucoup aim\u00e9. \u00bb<\/strong><\/p>\n<p style=\"text-align: justify;\"><strong>Ses engagements<\/strong><\/p>\n<p style=\"text-align: justify;\">Glenmor est l\u2019un des premiers artistes bretons \u00e0 conna\u00eetre une renomm\u00e9e dans l&rsquo;Hexagone tout en chantant en breton, brisant le tabou de l\u2019interdiction de cette langue \u00e0 une \u00e9poque o\u00f9 elle \u00e9tait r\u00e9prim\u00e9e. Ses chansons comme Viviana ou Klemm Breizh-Izel (La Plainte de la Bretagne) redonnent une voix \u00e0 une langue opprim\u00e9e. Il soutient \u00e9galement l\u2019ouverture des \u00e9coles Diwan, qui enseignent en breton.<\/p>\n<p style=\"text-align: justify;\">Glenmor s\u2019engage activement dans le nationalisme breton. En 1972, il compose Kan bale lu poblek Breizh, renomm\u00e9 Kan bale an ARB (Chant de marche de l\u2019Arm\u00e9e r\u00e9volutionnaire bretonne), un hymne pour l\u2019ARB, \u00e9manation du Front de Lib\u00e9ration de la Bretagne (FLB). Ce texte, d\u2019une puissance \u00e9vocatrice, appelle \u00e0 la r\u00e9sistance : \u00ab Princes, entendez bien, le chant de marche du peuple breton \/ Qui s\u2019\u00e9l\u00e8ve des landes et des vall\u00e9es \/ Pour la libert\u00e9 de notre terre. \u00bb En 1979, il participe \u00e0 une gr\u00e8ve de la faim pour protester contre l\u2019incarc\u00e9ration d\u2019un militant breton arr\u00eat\u00e9 apr\u00e8s un attentat contre le ch\u00e2teau de Versailles.<\/p>\n<p style=\"text-align: justify;\">Glenmor s\u2019implique \u00e9galement dans les combats environnementaux, notamment apr\u00e8s la mar\u00e9e noire du Torrey Canyon en 1967, avec sa chanson Ils se meurent nos oiseaux, un cri contre la destruction de la nature bretonne : \u00ab Ils se meurent nos oiseaux \/ Dans le mazout, dans le p\u00e9trole \/ Sur les plages de notre Armor. \u00bb<\/p>\n<p style=\"text-align: justify;\">Avec ses amis Xavier Grall et Alain Guel, il fonde les \u00e9ditions Kelenn et le journal La Nation bretonne, qui influencent l\u2019\u00e9lite intellectuelle bretonne. Ces initiatives visent \u00e0 promouvoir une pens\u00e9e bretonne autonome.<\/p>\n<p style=\"text-align: justify;\">Comme le note Philippe Guilloux dans son documentaire, Glenmor est un personnage complexe, parfois dur avec ses proches, mais toujours port\u00e9 par une qu\u00eate de libert\u00e9 : <strong>\u00ab Glenmor n\u2019a pas forg\u00e9 UNE conscience. Il a simplement r\u00e9veill\u00e9 le sentiment d\u2019\u00eatre breton et donn\u00e9 aux gens le courage de l\u2019affirmer. \u00bb<\/strong><\/p>\n<p style=\"text-align: justify;\"><strong>Une Po\u00e9sie au Service de la R\u00e9volte<\/strong><\/p>\n<p style=\"text-align: justify;\">Glenmor m\u00eale po\u00e9sie, mysticisme et r\u00e9volte dans ses textes, qu\u2019il chante en fran\u00e7ais ou en breton. Ses chansons, souvent qualifi\u00e9es de \u00ab bardiques \u00bb, s\u2019inscrivent dans la tradition celtique tout en d\u00e9non\u00e7ant les injustices subies par les Bretons.<\/p>\n<p style=\"text-align: justify;\">Kan bale an ARB (1972) : Ce chant de marche, compos\u00e9 pour l\u2019Arm\u00e9e r\u00e9volutionnaire bretonne, est un appel \u00e0 la r\u00e9sistance : <strong>\u00ab \u00d4 mes fr\u00e8res, levez-vous \/ Que le vent porte notre cri \/ Pour que la Bretagne vive libre \/ Sous le ciel de nos anc\u00eatres. \u00bb<\/strong> Ce texte, d\u2019une force rare, devient un symbole de la lutte bretonne.<\/p>\n<p style=\"text-align: justify;\">Klemm Breizh-Izel (La Plainte de la Bretagne, 1967) : Cette chanson exprime la douleur d\u2019une Bretagne opprim\u00e9e : <strong>\u00ab Bretagne, \u00f4 ma terre, \/ Ton c\u0153ur saigne sous le joug \/ Mais ton chant ne mourra pas. \u00bb<\/strong> Accompagn\u00e9e d\u2019un r\u00e9citatif en fran\u00e7ais par sa femme Katell, elle incarne la r\u00e9silience bretonne.<\/p>\n<p style=\"text-align: justify;\">Princes, entendez bien (1973) : Cette composition de 18 minutes, qui donne son titre \u00e0 l\u2019album, est une fresque po\u00e9tique et politique : <strong>\u00ab Princes, entendez bien, ce peuple n\u2019est pas mort \/ Il porte en son sein l\u2019espoir d\u2019un jour nouveau. \u00bb<\/strong> Ce texte, \u00e0 la fois lyrique et combatif, illustre la capacit\u00e9 de Glenmor \u00e0 unir po\u00e9sie et militantisme.<\/p>\n<p><iframe title=\"Glenmor   Princes entendez bien\" width=\"500\" height=\"375\" src=\"https:\/\/www.youtube.com\/embed\/4HmQguyCHFU?feature=oembed\" frameborder=\"0\" allow=\"accelerometer; autoplay; clipboard-write; encrypted-media; gyroscope; picture-in-picture; web-share\" referrerpolicy=\"strict-origin-when-cross-origin\" allowfullscreen><\/iframe><\/p>\n<p style=\"text-align: justify;\">Glenmor interpr\u00e8te \u00e9galement des po\u00e8mes d\u2019autres auteurs, comme Armand Robin ou Ren\u00e9-Guy Cadou, mais ses propres textes, qu\u2019il aff\u00fbte comme des armes, restent au c\u0153ur de son \u0153uvre. Comme l\u2019\u00e9crit Xavier Grall : <strong>\u00ab Le barde sait qu\u2019il va \u00e9tablir sa souverainet\u00e9 sur un peuple aveugle, un peuple rampant, un peuple-crapaud. \u00bb<\/strong><\/p>\n<p style=\"text-align: justify;\"><strong>Vie Personnelle et H\u00e9ritage<\/strong><\/p>\n<p style=\"text-align: justify;\">En 1961, Glenmor rencontre Katell (Catherine Duveillez), une Belge qu\u2019il \u00e9pouse en 1963 lors d\u2019une noce traditionnelle \u00e0 Glomel, enregistr\u00e9e sur disque. Ce mariage, c\u00e9l\u00e9br\u00e9 en pr\u00e9sence de nombreux artistes bretons, symbolise son ancrage dans la culture bretonne. Katell, conteuse \u00e0 Rostrenen, joue un r\u00f4le important dans son \u0153uvre, notamment en r\u00e9citant des textes sur l\u2019album Vivre. Le couple a deux enfants, Sterenn et Edern, mais leur relation se d\u00e9t\u00e9riore, Katell reprochant \u00e0 Glenmor son comportement de \u00ab s\u00e9ducteur \u00bb.<\/p>\n<p style=\"text-align: justify;\">Apr\u00e8s une carri\u00e8re musicale intense, Glenmor se retire de la sc\u00e8ne en 1990 pour se consacrer \u00e0 l\u2019\u00e9criture. Atteint d\u2019un cancer, il s\u2019\u00e9teint en 1996 \u00e0 Quimperl\u00e9. Plus de 4 000 personnes assistent \u00e0 ses obs\u00e8ques \u00e0 Ma\u00ebl-Carhaix, o\u00f9 sa tombe porte l\u2019inscription : <strong>\u00ab Et voici bien ma terre, la vall\u00e9e de mes amours. \u00bb<\/strong><\/p>\n<p style=\"text-align: justify;\"><strong>Un H\u00e9ritage Vivant<\/strong><\/p>\n<p style=\"text-align: justify;\">L\u2019h\u00e9ritage de Glenmor est immense. Il a pav\u00e9 la voie \u00e0 des artistes comme Alan Stivell, Gilles Servat ou Dan ar Braz, et a contribu\u00e9 \u00e0 redonner aux Bretons leur fiert\u00e9. Des rues portent son nom dans de nombreuses villes bretonnes, et la sc\u00e8ne principale du Festival des Vieilles Charrues \u00e0 Carhaix est baptis\u00e9e \u00ab Sc\u00e8ne Glenmor \u00bb. L\u2019association Glenmor an Distro perp\u00e9tue sa m\u00e9moire, et un Prix Glenmor de Po\u00e9sie r\u00e9compense les jeunes po\u00e8tes dans l\u2019esprit de son \u0153uvre.<\/p>\n<p style=\"text-align: justify;\">Comme le souligne Louis Bertholom : <strong>\u00ab Il a \u00e9veill\u00e9 les consciences et ouvert la voix dans les ann\u00e9es 70. \u00bb<\/strong><\/p>\n<p style=\"text-align: justify;\">Bibliographie s\u00e9lective :<\/p>\n<ul>\n<li style=\"text-align: justify;\">Livre des Chansons (1968, Kelenn)<\/li>\n<li style=\"text-align: justify;\">Sables et Dunes (1971, Ternel)<\/li>\n<li style=\"text-align: justify;\">La Septi\u00e8me Mort (1974, Ternel)<\/li>\n<li style=\"text-align: justify;\">Le Sang nomade (1975, Ternel)<\/li>\n<li style=\"text-align: justify;\">Les Emblaves et la moisson (1977, Stern ha Lugern)<\/li>\n<\/ul>\n<p>Discographie s\u00e9lective :<\/p>\n<ul>\n<li>Glenmor \u00e0 la Mutualit\u00e9 (1965)<\/li>\n<li style=\"text-align: justify;\">Klemm Breizh-Izel (1967)<\/li>\n<li style=\"text-align: justify;\">O Keltia (1969)<\/li>\n<li style=\"text-align: justify;\">Vivre (1972)<\/li>\n<li style=\"text-align: justify;\">Princes, entendez bien (1973)<\/li>\n<li style=\"text-align: justify;\">Ils se meurent nos oiseaux (1978)<\/li>\n<\/ul>\n<p style=\"text-align: justify;\">Glenmor, barde insoumis, a su, par sa voix et ses mots, redonner \u00e0 la Bretagne son souffle et son orgueil. Son combat pour une Bretagne libre continue de vibrer dans les c\u0153urs bretons et au-del\u00e0.<\/p>\n<p style=\"text-align: right;\"><strong>Olier Kerdrel<\/strong><\/p>\n","protected":false},"excerpt":{"rendered":"<p>\u00c9mile Le Scanff, connu sous le nom de sc\u00e8ne Glenmor ou Milig ar Ska\u00f1v (le l\u00e9ger en breton), est une figure embl\u00e9matique de la culture bretonne, un artiste aux multiples facettes \u2013 chanteur, po\u00e8te, \u00e9crivain, et militant \u2013 dont l\u2019\u0153uvre a profond\u00e9ment marqu\u00e9 le renouveau de l\u2019identit\u00e9 bretonne au XXe si\u00e8cle. N\u00e9 le 25 juin [&hellip;]<\/p>\n","protected":false},"author":1,"featured_media":4321,"comment_status":"open","ping_status":"open","sticky":false,"template":"","format":"standard","meta":{"sb_editor_width":"","footnotes":""},"categories":[74,65],"tags":[],"class_list":["post-4319","post","type-post","status-publish","format-standard","has-post-thumbnail","hentry","category-emsav","category-principale"],"relative_dates":{"created":"10 mois ago","modified":"10 mois ago"},"yoast_head":"<!-- This site is optimized with the Yoast SEO plugin v26.3 - https:\/\/yoast.com\/wordpress\/plugins\/seo\/ -->\n<title>EMSAV : 25 juin 1931, naissance de Glenmor, po\u00e8te et militant nationaliste - STOURM<\/title>\n<meta name=\"robots\" content=\"index, follow, max-snippet:-1, max-image-preview:large, max-video-preview:-1\" \/>\n<link rel=\"canonical\" href=\"https:\/\/stourm.news\/?p=4319\" \/>\n<meta property=\"og:locale\" content=\"fr_FR\" \/>\n<meta property=\"og:type\" content=\"article\" \/>\n<meta property=\"og:title\" content=\"EMSAV : 25 juin 1931, naissance de Glenmor, po\u00e8te et militant nationaliste - STOURM\" \/>\n<meta property=\"og:description\" content=\"\u00c9mile Le Scanff, connu sous le nom de sc\u00e8ne Glenmor ou Milig ar Ska\u00f1v (le l\u00e9ger en breton), est une figure embl\u00e9matique de la culture bretonne, un artiste aux multiples facettes \u2013 chanteur, po\u00e8te, \u00e9crivain, et militant \u2013 dont l\u2019\u0153uvre a profond\u00e9ment marqu\u00e9 le renouveau de l\u2019identit\u00e9 bretonne au XXe si\u00e8cle. N\u00e9 le 25 juin [&hellip;]\" \/>\n<meta property=\"og:url\" content=\"https:\/\/stourm.news\/?p=4319\" \/>\n<meta property=\"og:site_name\" content=\"STOURM\" \/>\n<meta property=\"article:publisher\" content=\"https:\/\/www.facebook.com\/stourmnews\/\" \/>\n<meta property=\"article:published_time\" content=\"2025-06-25T05:04:51+00:00\" \/>\n<meta property=\"og:image\" content=\"https:\/\/stourm.news\/wp-content\/uploads\/2025\/06\/Capture-decran-2025-06-25-a-13.42.21.png\" \/>\n\t<meta property=\"og:image:width\" content=\"1034\" \/>\n\t<meta property=\"og:image:height\" content=\"750\" \/>\n\t<meta property=\"og:image:type\" content=\"image\/png\" \/>\n<meta name=\"author\" content=\"La r\u00e9daction\" \/>\n<meta name=\"twitter:card\" content=\"summary_large_image\" \/>\n<meta name=\"twitter:label1\" content=\"\u00c9crit par\" \/>\n\t<meta name=\"twitter:data1\" content=\"La r\u00e9daction\" \/>\n\t<meta name=\"twitter:label2\" content=\"Dur\u00e9e de lecture estim\u00e9e\" \/>\n\t<meta name=\"twitter:data2\" content=\"8 minutes\" \/>\n<script type=\"application\/ld+json\" class=\"yoast-schema-graph\">{\"@context\":\"https:\/\/schema.org\",\"@graph\":[{\"@type\":\"Article\",\"@id\":\"https:\/\/stourm.news\/?p=4319#article\",\"isPartOf\":{\"@id\":\"https:\/\/stourm.news\/?p=4319\"},\"author\":{\"name\":\"La r\u00e9daction\",\"@id\":\"https:\/\/stourm.news\/#\/schema\/person\/c3e1dc65988632e190969234ef046cf9\"},\"headline\":\"EMSAV : 25 juin 1931, naissance de Glenmor, po\u00e8te et militant nationaliste\",\"datePublished\":\"2025-06-25T05:04:51+00:00\",\"mainEntityOfPage\":{\"@id\":\"https:\/\/stourm.news\/?p=4319\"},\"wordCount\":1693,\"commentCount\":0,\"publisher\":{\"@id\":\"https:\/\/stourm.news\/#organization\"},\"image\":{\"@id\":\"https:\/\/stourm.news\/?p=4319#primaryimage\"},\"thumbnailUrl\":\"https:\/\/stourm.news\/wp-content\/uploads\/2025\/06\/Capture-decran-2025-06-25-a-13.42.21.png\",\"articleSection\":[\"Emsav\",\"Principale\"],\"inLanguage\":\"fr-FR\",\"potentialAction\":[{\"@type\":\"CommentAction\",\"name\":\"Comment\",\"target\":[\"https:\/\/stourm.news\/?p=4319#respond\"]}]},{\"@type\":\"WebPage\",\"@id\":\"https:\/\/stourm.news\/?p=4319\",\"url\":\"https:\/\/stourm.news\/?p=4319\",\"name\":\"EMSAV : 25 juin 1931, naissance de Glenmor, po\u00e8te et militant nationaliste - STOURM\",\"isPartOf\":{\"@id\":\"https:\/\/stourm.news\/#website\"},\"primaryImageOfPage\":{\"@id\":\"https:\/\/stourm.news\/?p=4319#primaryimage\"},\"image\":{\"@id\":\"https:\/\/stourm.news\/?p=4319#primaryimage\"},\"thumbnailUrl\":\"https:\/\/stourm.news\/wp-content\/uploads\/2025\/06\/Capture-decran-2025-06-25-a-13.42.21.png\",\"datePublished\":\"2025-06-25T05:04:51+00:00\",\"breadcrumb\":{\"@id\":\"https:\/\/stourm.news\/?p=4319#breadcrumb\"},\"inLanguage\":\"fr-FR\",\"potentialAction\":[{\"@type\":\"ReadAction\",\"target\":[\"https:\/\/stourm.news\/?p=4319\"]}]},{\"@type\":\"ImageObject\",\"inLanguage\":\"fr-FR\",\"@id\":\"https:\/\/stourm.news\/?p=4319#primaryimage\",\"url\":\"https:\/\/stourm.news\/wp-content\/uploads\/2025\/06\/Capture-decran-2025-06-25-a-13.42.21.png\",\"contentUrl\":\"https:\/\/stourm.news\/wp-content\/uploads\/2025\/06\/Capture-decran-2025-06-25-a-13.42.21.png\",\"width\":1034,\"height\":750},{\"@type\":\"BreadcrumbList\",\"@id\":\"https:\/\/stourm.news\/?p=4319#breadcrumb\",\"itemListElement\":[{\"@type\":\"ListItem\",\"position\":1,\"name\":\"Accueil\",\"item\":\"https:\/\/stourm.news\/\"},{\"@type\":\"ListItem\",\"position\":2,\"name\":\"EMSAV : 25 juin 1931, naissance de Glenmor, po\u00e8te et militant nationaliste\"}]},{\"@type\":\"WebSite\",\"@id\":\"https:\/\/stourm.news\/#website\",\"url\":\"https:\/\/stourm.news\/\",\"name\":\"Stourm\",\"description\":\"Kazetenn Strollad Broadel Breizh\",\"publisher\":{\"@id\":\"https:\/\/stourm.news\/#organization\"},\"potentialAction\":[{\"@type\":\"SearchAction\",\"target\":{\"@type\":\"EntryPoint\",\"urlTemplate\":\"https:\/\/stourm.news\/?s={search_term_string}\"},\"query-input\":{\"@type\":\"PropertyValueSpecification\",\"valueRequired\":true,\"valueName\":\"search_term_string\"}}],\"inLanguage\":\"fr-FR\"},{\"@type\":\"Organization\",\"@id\":\"https:\/\/stourm.news\/#organization\",\"name\":\"Stourm\",\"url\":\"https:\/\/stourm.news\/\",\"logo\":{\"@type\":\"ImageObject\",\"inLanguage\":\"fr-FR\",\"@id\":\"https:\/\/stourm.news\/#\/schema\/logo\/image\/\",\"url\":\"https:\/\/stourm.news\/wp-content\/uploads\/2025\/11\/cropped-Capture-decran-2025-11-28-a-15.19.07.png\",\"contentUrl\":\"https:\/\/stourm.news\/wp-content\/uploads\/2025\/11\/cropped-Capture-decran-2025-11-28-a-15.19.07.png\",\"width\":1855,\"height\":383,\"caption\":\"Stourm\"},\"image\":{\"@id\":\"https:\/\/stourm.news\/#\/schema\/logo\/image\/\"},\"sameAs\":[\"https:\/\/www.facebook.com\/stourmnews\/\"]},{\"@type\":\"Person\",\"@id\":\"https:\/\/stourm.news\/#\/schema\/person\/c3e1dc65988632e190969234ef046cf9\",\"name\":\"La r\u00e9daction\",\"image\":{\"@type\":\"ImageObject\",\"inLanguage\":\"fr-FR\",\"@id\":\"https:\/\/stourm.news\/#\/schema\/person\/image\/\",\"url\":\"https:\/\/secure.gravatar.com\/avatar\/7463443f194b6b5fb706b074ca0ef59a0cfcfd720cb47764b0ec5a952ce422b3?s=96&d=mm&r=g\",\"contentUrl\":\"https:\/\/secure.gravatar.com\/avatar\/7463443f194b6b5fb706b074ca0ef59a0cfcfd720cb47764b0ec5a952ce422b3?s=96&d=mm&r=g\",\"caption\":\"La r\u00e9daction\"},\"sameAs\":[\"https:\/\/stourm.news\"],\"url\":\"https:\/\/stourm.news\/?author=1\"}]}<\/script>\n<!-- \/ Yoast SEO plugin. -->","yoast_head_json":{"title":"EMSAV : 25 juin 1931, naissance de Glenmor, po\u00e8te et militant nationaliste - STOURM","robots":{"index":"index","follow":"follow","max-snippet":"max-snippet:-1","max-image-preview":"max-image-preview:large","max-video-preview":"max-video-preview:-1"},"canonical":"https:\/\/stourm.news\/?p=4319","og_locale":"fr_FR","og_type":"article","og_title":"EMSAV : 25 juin 1931, naissance de Glenmor, po\u00e8te et militant nationaliste - STOURM","og_description":"\u00c9mile Le Scanff, connu sous le nom de sc\u00e8ne Glenmor ou Milig ar Ska\u00f1v (le l\u00e9ger en breton), est une figure embl\u00e9matique de la culture bretonne, un artiste aux multiples facettes \u2013 chanteur, po\u00e8te, \u00e9crivain, et militant \u2013 dont l\u2019\u0153uvre a profond\u00e9ment marqu\u00e9 le renouveau de l\u2019identit\u00e9 bretonne au XXe si\u00e8cle. N\u00e9 le 25 juin [&hellip;]","og_url":"https:\/\/stourm.news\/?p=4319","og_site_name":"STOURM","article_publisher":"https:\/\/www.facebook.com\/stourmnews\/","article_published_time":"2025-06-25T05:04:51+00:00","og_image":[{"width":1034,"height":750,"url":"https:\/\/stourm.news\/wp-content\/uploads\/2025\/06\/Capture-decran-2025-06-25-a-13.42.21.png","type":"image\/png"}],"author":"La r\u00e9daction","twitter_card":"summary_large_image","twitter_misc":{"\u00c9crit par":"La r\u00e9daction","Dur\u00e9e de lecture estim\u00e9e":"8 minutes"},"schema":{"@context":"https:\/\/schema.org","@graph":[{"@type":"Article","@id":"https:\/\/stourm.news\/?p=4319#article","isPartOf":{"@id":"https:\/\/stourm.news\/?p=4319"},"author":{"name":"La r\u00e9daction","@id":"https:\/\/stourm.news\/#\/schema\/person\/c3e1dc65988632e190969234ef046cf9"},"headline":"EMSAV : 25 juin 1931, naissance de Glenmor, po\u00e8te et militant nationaliste","datePublished":"2025-06-25T05:04:51+00:00","mainEntityOfPage":{"@id":"https:\/\/stourm.news\/?p=4319"},"wordCount":1693,"commentCount":0,"publisher":{"@id":"https:\/\/stourm.news\/#organization"},"image":{"@id":"https:\/\/stourm.news\/?p=4319#primaryimage"},"thumbnailUrl":"https:\/\/stourm.news\/wp-content\/uploads\/2025\/06\/Capture-decran-2025-06-25-a-13.42.21.png","articleSection":["Emsav","Principale"],"inLanguage":"fr-FR","potentialAction":[{"@type":"CommentAction","name":"Comment","target":["https:\/\/stourm.news\/?p=4319#respond"]}]},{"@type":"WebPage","@id":"https:\/\/stourm.news\/?p=4319","url":"https:\/\/stourm.news\/?p=4319","name":"EMSAV : 25 juin 1931, naissance de Glenmor, po\u00e8te et militant nationaliste - STOURM","isPartOf":{"@id":"https:\/\/stourm.news\/#website"},"primaryImageOfPage":{"@id":"https:\/\/stourm.news\/?p=4319#primaryimage"},"image":{"@id":"https:\/\/stourm.news\/?p=4319#primaryimage"},"thumbnailUrl":"https:\/\/stourm.news\/wp-content\/uploads\/2025\/06\/Capture-decran-2025-06-25-a-13.42.21.png","datePublished":"2025-06-25T05:04:51+00:00","breadcrumb":{"@id":"https:\/\/stourm.news\/?p=4319#breadcrumb"},"inLanguage":"fr-FR","potentialAction":[{"@type":"ReadAction","target":["https:\/\/stourm.news\/?p=4319"]}]},{"@type":"ImageObject","inLanguage":"fr-FR","@id":"https:\/\/stourm.news\/?p=4319#primaryimage","url":"https:\/\/stourm.news\/wp-content\/uploads\/2025\/06\/Capture-decran-2025-06-25-a-13.42.21.png","contentUrl":"https:\/\/stourm.news\/wp-content\/uploads\/2025\/06\/Capture-decran-2025-06-25-a-13.42.21.png","width":1034,"height":750},{"@type":"BreadcrumbList","@id":"https:\/\/stourm.news\/?p=4319#breadcrumb","itemListElement":[{"@type":"ListItem","position":1,"name":"Accueil","item":"https:\/\/stourm.news\/"},{"@type":"ListItem","position":2,"name":"EMSAV : 25 juin 1931, naissance de Glenmor, po\u00e8te et militant nationaliste"}]},{"@type":"WebSite","@id":"https:\/\/stourm.news\/#website","url":"https:\/\/stourm.news\/","name":"Stourm","description":"Kazetenn Strollad Broadel Breizh","publisher":{"@id":"https:\/\/stourm.news\/#organization"},"potentialAction":[{"@type":"SearchAction","target":{"@type":"EntryPoint","urlTemplate":"https:\/\/stourm.news\/?s={search_term_string}"},"query-input":{"@type":"PropertyValueSpecification","valueRequired":true,"valueName":"search_term_string"}}],"inLanguage":"fr-FR"},{"@type":"Organization","@id":"https:\/\/stourm.news\/#organization","name":"Stourm","url":"https:\/\/stourm.news\/","logo":{"@type":"ImageObject","inLanguage":"fr-FR","@id":"https:\/\/stourm.news\/#\/schema\/logo\/image\/","url":"https:\/\/stourm.news\/wp-content\/uploads\/2025\/11\/cropped-Capture-decran-2025-11-28-a-15.19.07.png","contentUrl":"https:\/\/stourm.news\/wp-content\/uploads\/2025\/11\/cropped-Capture-decran-2025-11-28-a-15.19.07.png","width":1855,"height":383,"caption":"Stourm"},"image":{"@id":"https:\/\/stourm.news\/#\/schema\/logo\/image\/"},"sameAs":["https:\/\/www.facebook.com\/stourmnews\/"]},{"@type":"Person","@id":"https:\/\/stourm.news\/#\/schema\/person\/c3e1dc65988632e190969234ef046cf9","name":"La r\u00e9daction","image":{"@type":"ImageObject","inLanguage":"fr-FR","@id":"https:\/\/stourm.news\/#\/schema\/person\/image\/","url":"https:\/\/secure.gravatar.com\/avatar\/7463443f194b6b5fb706b074ca0ef59a0cfcfd720cb47764b0ec5a952ce422b3?s=96&d=mm&r=g","contentUrl":"https:\/\/secure.gravatar.com\/avatar\/7463443f194b6b5fb706b074ca0ef59a0cfcfd720cb47764b0ec5a952ce422b3?s=96&d=mm&r=g","caption":"La r\u00e9daction"},"sameAs":["https:\/\/stourm.news"],"url":"https:\/\/stourm.news\/?author=1"}]}},"_links":{"self":[{"href":"https:\/\/stourm.news\/index.php?rest_route=\/wp\/v2\/posts\/4319","targetHints":{"allow":["GET"]}}],"collection":[{"href":"https:\/\/stourm.news\/index.php?rest_route=\/wp\/v2\/posts"}],"about":[{"href":"https:\/\/stourm.news\/index.php?rest_route=\/wp\/v2\/types\/post"}],"author":[{"embeddable":true,"href":"https:\/\/stourm.news\/index.php?rest_route=\/wp\/v2\/users\/1"}],"replies":[{"embeddable":true,"href":"https:\/\/stourm.news\/index.php?rest_route=%2Fwp%2Fv2%2Fcomments&post=4319"}],"version-history":[{"count":1,"href":"https:\/\/stourm.news\/index.php?rest_route=\/wp\/v2\/posts\/4319\/revisions"}],"predecessor-version":[{"id":4322,"href":"https:\/\/stourm.news\/index.php?rest_route=\/wp\/v2\/posts\/4319\/revisions\/4322"}],"wp:featuredmedia":[{"embeddable":true,"href":"https:\/\/stourm.news\/index.php?rest_route=\/wp\/v2\/media\/4321"}],"wp:attachment":[{"href":"https:\/\/stourm.news\/index.php?rest_route=%2Fwp%2Fv2%2Fmedia&parent=4319"}],"wp:term":[{"taxonomy":"category","embeddable":true,"href":"https:\/\/stourm.news\/index.php?rest_route=%2Fwp%2Fv2%2Fcategories&post=4319"},{"taxonomy":"post_tag","embeddable":true,"href":"https:\/\/stourm.news\/index.php?rest_route=%2Fwp%2Fv2%2Ftags&post=4319"}],"curies":[{"name":"wp","href":"https:\/\/api.w.org\/{rel}","templated":true}]}}