{"id":4327,"date":"2025-06-26T05:16:39","date_gmt":"2025-06-26T05:16:39","guid":{"rendered":"https:\/\/stourm.news\/?p=4327"},"modified":"2025-06-26T05:24:19","modified_gmt":"2025-06-26T05:24:19","slug":"la-nouvelle-taxe-pseudo-ecologique-de-chesnais-girard-un-poison-pour-leconomie-bretonne","status":"publish","type":"post","link":"https:\/\/stourm.news\/?p=4327","title":{"rendered":"La nouvelle taxe pseudo \u00ab\u00a0\u00e9cologique\u00a0\u00bb de Chesnais-Girard : un poison pour l\u2019\u00e9conomie bretonne"},"content":{"rendered":"<p style=\"text-align: justify;\">La d\u00e9cision de Lo\u00efg Chesnais-Girard d\u2019imposer la contribution mobilit\u00e9 \u00ab\u00a0r\u00e9gionale\u00a0\u00bb et rurale (VMRR), g\u00e9n\u00e9rant 41 millions d\u2019euros \u00e0 partir de janvier 2026, est une mesure profond\u00e9ment n\u00e9faste pour l\u2019\u00e9conomie bretonne. Cette taxe, appliqu\u00e9e \u00e0 hauteur de 0,15 % de la masse salariale des entreprises de 11 salari\u00e9s et plus, s\u2019ajoute \u00e0 un contexte \u00e9conomique d\u00e9j\u00e0 fragilis\u00e9 par la centralisation parisienne et les d\u00e9fis structurels de la Bretagne.<\/p>\n<p style=\"text-align: justify;\"><strong>Un coup dur pour l\u2019agroalimentaire, pilier de la Bretagne<\/strong><\/p>\n<p style=\"text-align: justify;\">L\u2019agroalimentaire repr\u00e9sente environ 20 % du PIB breton et emploie plus de 70 000 personnes (donn\u00e9es \u00ab\u00a0R\u00e9gion\u00a0\u00bb Bretagne, 2024). Cette taxe suppl\u00e9mentaire, qui frappe directement les entreprises, risque d\u2019alourdir les co\u00fbts de production pour des acteurs comme les coop\u00e9ratives laiti\u00e8res (ex. Lactalis Bretagne) ou les entreprises de volaille (ex. Doux). Avec des marges d\u00e9j\u00e0 serr\u00e9es face \u00e0 la concurrence internationale et aux normes environnementales, ces entreprises pourraient r\u00e9duire leurs effectifs ou d\u00e9localiser certaines activit\u00e9s. Le Medef Bretagne a alert\u00e9 sur une possible perte de comp\u00e9titivit\u00e9, estimant que 10 \u00e0 15 % des PME agroalimentaires pourraient revoir leurs investissements \u00e0 la baisse, freinant ainsi l\u2019innovation dans un secteur vital.<\/p>\n<p style=\"text-align: justify;\"><strong>Les PME, c\u0153ur battant de l\u2019\u00e9conomie, \u00e9touff\u00e9es<\/strong><\/p>\n<p style=\"text-align: justify;\">Les petites et moyennes entreprises, qui constituent 95 % du tissu \u00e9conomique breton (Chambre de Commerce et d\u2019Industrie, 2024), seront les principales victimes de cette mesure. Avec un seuil d\u2019application \u00e0 11 salari\u00e9s, la taxe cible pr\u00e9cis\u00e9ment ces acteurs qui peinent d\u00e9j\u00e0 \u00e0 absorber les hausses des charges sociales et \u00e9nerg\u00e9tiques. Une enqu\u00eate du Medef (2025) indique que 30 % des PME bretonnes envisagent <strong>de geler leurs embauches<\/strong> pour \u00e9viter de d\u00e9passer ce seuil, ce qui limitera la cr\u00e9ation d\u2019emplois et la croissance. Cette pression fiscale risque aussi d\u2019encourager le maintien dans l\u2019informel ou la r\u00e9duction des effectifs, affaiblissant la r\u00e9silience \u00e9conomique bretonne.<\/p>\n<p style=\"text-align: justify;\"><strong>Les industries maritimes en p\u00e9ril<\/strong><\/p>\n<p style=\"text-align: justify;\">La Bretagne, avec son littoral de 2 700 km, tire une part importante de son \u00e9conomie des industries maritimes : p\u00eache, aquaculture et chantiers navals (environ 15 000 emplois directs, selon France AgriMer, 2024). Ces secteurs, souvent organis\u00e9s en PME ou coop\u00e9ratives, d\u00e9pendent de marges faibles et d\u2019une logistique efficace. La VMRR augmentera les co\u00fbts de transport et de distribution, notamment pour l\u2019exportation de produits comme le poisson ou les algues. Les armements de p\u00eache, d\u00e9j\u00e0 confront\u00e9s \u00e0 des quotas stricts et \u00e0 la hausse des carburants, pourraient voir leurs b\u00e9n\u00e9fices fondre de 5 \u00e0 10 % (estimation PNB, 2025), mena\u00e7ant des emplois dans des zones rurales comme le Finist\u00e8re.<\/p>\n<p style=\"text-align: justify;\"><strong>Un effet domino \u00e9conomique<\/strong><\/p>\n<p style=\"text-align: justify;\">Au-del\u00e0 de ces secteurs, la taxe cr\u00e9era un effet domino : r\u00e9duction des investissements, baisse de la consommation locale due \u00e0 une perte de pouvoir d\u2019achat des employ\u00e9s, et d\u00e9sengagement des entrepreneurs. Les donn\u00e9es historiques des Bonnets Rouges (2013-2014) montrent qu\u2019une telle imposition avait d\u00e9j\u00e0 co\u00fbt\u00e9 200 millions d\u2019euros \u00e0 l\u2019\u00e9conomie bretonne en pertes indirectes (rapport \u00e9conomique, 2015). Chesnais-Girard, en s\u2019alignant sur Paris, ignore ces le\u00e7ons et compromet la souverainet\u00e9 \u00e9conomique de la Bretagne.<\/p>\n<p style=\"text-align: justify;\"><strong>Les solutions fiscales du Parti National Breton<\/strong><\/p>\n<p style=\"text-align: justify;\">Plut\u00f4t que de plier sous la centralisation fran\u00e7aise et au v\u00e9ritable racket que repr\u00e9sente cette mesure, la Bretagne doit s\u2019\u00e9manciper.\u00a0Le PNB, dans son <strong><a href=\"https:\/\/partinationalbreton.com\/wp-content\/uploads\/2025\/05\/PapierBlanc.pdf\">Livre blanc sur l\u2019ind\u00e9pendance<\/a><\/strong> \u00e9conomique et politique de la Bretagne, publi\u00e9 en mai 2025, offre une alternative radicale et visionnaire fond\u00e9e sur l&rsquo;autonomie, puis l&rsquo;ind\u00e9pendance de l&rsquo;\u00c9tat breton, donc de sa fiscalit\u00e9, enfin adapt\u00e9e \u00e0 ses besoins strat\u00e9giques.<\/p>\n<p style=\"text-align: justify;\">Inspir\u00e9e des mod\u00e8les islandais et \u00e9cossais, l&rsquo;instauration d&rsquo;une taxe de 2,5 euros par nuit\u00e9e viserait les touristes s\u00e9journant plus de deux nuits en Bretagne, g\u00e9n\u00e9rant une recette estim\u00e9e \u00e0 environ 45 millions d\u2019euros annuels (selon les donn\u00e9es touristiques de 2024). Elle financerait des infrastructures de la Bretagne sans peser sur les entreprises bretonnes, contrairement \u00e0 la VMRR. Le PNB insiste sur une gestion 100 % bretonne.<\/p>\n<p><strong>Les priorit\u00e9s pour les transports bretons<\/strong><\/p>\n<p style=\"text-align: justify;\">La majorit\u00e9 socialiste de Chesnais-Girard, outre qu&rsquo;il consent au racket impos\u00e9 par Paris aux contribuables bretons, gaspille les recettes g\u00e9n\u00e9r\u00e9es dans des d\u00e9penses aux allures de saupoudrage \u00e0 vocation \u00e9lectorale et m\u00e9diatique. En rompant avec le mythe du r\u00e9chauffement climatique d&rsquo;origine humaine tel que le d\u00e9fend le PNB, la Bretagne pourrait enfin mener une politique de transports tourn\u00e9e vers l&rsquo;efficacit\u00e9.<\/p>\n<ul>\n<li style=\"text-align: justify;\">Modernisation des lignes TER (20 M\u20ac) : Cette allocation viserait \u00e0 am\u00e9liorer la fiabilit\u00e9 et la fr\u00e9quence des trains bretons sur des tron\u00e7ons cl\u00e9s, r\u00e9duisant les temps de trajet et facilitant l\u2019acc\u00e8s aux zones rurales et urbaines. Avec un retour \u00e9conomique de 2,5 euros par euro investi (SNCF, 2023), elle soutiendrait l\u2019emploi et le commerce.<\/li>\n<li style=\"text-align: justify;\">Renforcement des infrastructures portuaires (15 M\u20ac) : Les ports de Brest et Lorient, essentiels pour l\u2019exportation maritime (p\u00eache, produits transform\u00e9s), b\u00e9n\u00e9ficieraient d\u2019am\u00e9liorations des quais et acc\u00e8s. Cela pourrait augmenter les exportations de 10 % (300 millions d\u2019euros annuels, France AgriMer, 2024), avec une rentabilit\u00e9 rapide.<\/li>\n<li style=\"text-align: justify;\">D\u00e9veloppement des axes routiers (15 M\u20ac) : Des travaux cibl\u00e9s sur la RN12 (20-25 km, ex. pr\u00e8s de Morlaix) et la RN165 (15-20 km, ex. autour de Lorient) fluidifieront le trafic marchandises et touristique, g\u00e9n\u00e9rant des \u00e9conomies de 20 \u00e0 30 millions d\u2019euros par an pour les transporteurs (CCI, 2024).<\/li>\n<\/ul>\n<p style=\"text-align: justify;\">Gr\u00e2ce \u00e0 la taxe sur le tourisme que propose le PNB, la Bretagne pourrait g\u00e9n\u00e9rer entre 35 et 37 millions d&rsquo;euros de revenus par an et financer en seulement un et demi ces chantiers prioritaires qui g\u00e9n\u00e9reraient des revenus \u00e0 long terme, tant pour l&rsquo;\u00e9conomie r\u00e9elle que pour l&rsquo;\u00c9tat breton gr\u00e2ce aux retomb\u00e9es fiscales. Le socialisme pseudo \u00e9cologiste de facture fran\u00e7aise enfonce un peu plus l&rsquo;\u00e9conomie bretonne dans le d\u00e9classement, il est urgent d&rsquo;en sortir.<\/p>\n<p style=\"text-align: right;\"><strong>Budig Gourmaelon<\/strong><\/p>\n","protected":false},"excerpt":{"rendered":"<p>La d\u00e9cision de Lo\u00efg Chesnais-Girard d\u2019imposer la contribution mobilit\u00e9 \u00ab\u00a0r\u00e9gionale\u00a0\u00bb et rurale (VMRR), g\u00e9n\u00e9rant 41 millions d\u2019euros \u00e0 partir de janvier 2026, est une mesure profond\u00e9ment n\u00e9faste pour l\u2019\u00e9conomie bretonne. Cette taxe, appliqu\u00e9e \u00e0 hauteur de 0,15 % de la masse salariale des entreprises de 11 salari\u00e9s et plus, s\u2019ajoute \u00e0 un contexte \u00e9conomique d\u00e9j\u00e0 [&hellip;]<\/p>\n","protected":false},"author":1,"featured_media":4328,"comment_status":"open","ping_status":"open","sticky":false,"template":"","format":"standard","meta":{"sb_editor_width":"","footnotes":""},"categories":[55,63,65],"tags":[],"class_list":["post-4327","post","type-post","status-publish","format-standard","has-post-thumbnail","hentry","category-economie","category-editorial","category-principale"],"relative_dates":{"created":"10 mois ago","modified":"10 mois ago"},"yoast_head":"<!-- This site is optimized with the Yoast SEO plugin v26.3 - https:\/\/yoast.com\/wordpress\/plugins\/seo\/ -->\n<title>La nouvelle taxe pseudo &quot;\u00e9cologique&quot; de Chesnais-Girard : un poison pour l\u2019\u00e9conomie bretonne - STOURM<\/title>\n<meta name=\"robots\" content=\"index, follow, max-snippet:-1, max-image-preview:large, max-video-preview:-1\" \/>\n<link rel=\"canonical\" href=\"https:\/\/stourm.news\/?p=4327\" \/>\n<meta property=\"og:locale\" content=\"fr_FR\" \/>\n<meta property=\"og:type\" content=\"article\" \/>\n<meta property=\"og:title\" content=\"La nouvelle taxe pseudo &quot;\u00e9cologique&quot; de Chesnais-Girard : un poison pour l\u2019\u00e9conomie bretonne - STOURM\" \/>\n<meta property=\"og:description\" content=\"La d\u00e9cision de Lo\u00efg Chesnais-Girard d\u2019imposer la contribution mobilit\u00e9 \u00ab\u00a0r\u00e9gionale\u00a0\u00bb et rurale (VMRR), g\u00e9n\u00e9rant 41 millions d\u2019euros \u00e0 partir de janvier 2026, est une mesure profond\u00e9ment n\u00e9faste pour l\u2019\u00e9conomie bretonne. Cette taxe, appliqu\u00e9e \u00e0 hauteur de 0,15 % de la masse salariale des entreprises de 11 salari\u00e9s et plus, s\u2019ajoute \u00e0 un contexte \u00e9conomique d\u00e9j\u00e0 [&hellip;]\" \/>\n<meta property=\"og:url\" content=\"https:\/\/stourm.news\/?p=4327\" \/>\n<meta property=\"og:site_name\" content=\"STOURM\" \/>\n<meta property=\"article:publisher\" content=\"https:\/\/www.facebook.com\/stourmnews\/\" \/>\n<meta property=\"article:published_time\" content=\"2025-06-26T05:16:39+00:00\" \/>\n<meta property=\"article:modified_time\" content=\"2025-06-26T05:24:19+00:00\" \/>\n<meta property=\"og:image\" content=\"https:\/\/stourm.news\/wp-content\/uploads\/2025\/06\/685c3ab6bb354d396c0dd12c.webp\" \/>\n\t<meta property=\"og:image:width\" content=\"1200\" \/>\n\t<meta property=\"og:image:height\" content=\"750\" \/>\n\t<meta property=\"og:image:type\" content=\"image\/webp\" \/>\n<meta name=\"author\" content=\"La r\u00e9daction\" \/>\n<meta name=\"twitter:card\" content=\"summary_large_image\" \/>\n<meta name=\"twitter:label1\" content=\"\u00c9crit par\" \/>\n\t<meta name=\"twitter:data1\" content=\"La r\u00e9daction\" \/>\n\t<meta name=\"twitter:label2\" content=\"Dur\u00e9e de lecture estim\u00e9e\" \/>\n\t<meta name=\"twitter:data2\" content=\"5 minutes\" \/>\n<script type=\"application\/ld+json\" class=\"yoast-schema-graph\">{\"@context\":\"https:\/\/schema.org\",\"@graph\":[{\"@type\":\"Article\",\"@id\":\"https:\/\/stourm.news\/?p=4327#article\",\"isPartOf\":{\"@id\":\"https:\/\/stourm.news\/?p=4327\"},\"author\":{\"name\":\"La r\u00e9daction\",\"@id\":\"https:\/\/stourm.news\/#\/schema\/person\/c3e1dc65988632e190969234ef046cf9\"},\"headline\":\"La nouvelle taxe pseudo \u00ab\u00a0\u00e9cologique\u00a0\u00bb de Chesnais-Girard : un poison pour l\u2019\u00e9conomie bretonne\",\"datePublished\":\"2025-06-26T05:16:39+00:00\",\"dateModified\":\"2025-06-26T05:24:19+00:00\",\"mainEntityOfPage\":{\"@id\":\"https:\/\/stourm.news\/?p=4327\"},\"wordCount\":1004,\"commentCount\":0,\"publisher\":{\"@id\":\"https:\/\/stourm.news\/#organization\"},\"image\":{\"@id\":\"https:\/\/stourm.news\/?p=4327#primaryimage\"},\"thumbnailUrl\":\"https:\/\/stourm.news\/wp-content\/uploads\/2025\/06\/685c3ab6bb354d396c0dd12c.webp\",\"articleSection\":[\"Economie\",\"Editorial\",\"Principale\"],\"inLanguage\":\"fr-FR\",\"potentialAction\":[{\"@type\":\"CommentAction\",\"name\":\"Comment\",\"target\":[\"https:\/\/stourm.news\/?p=4327#respond\"]}]},{\"@type\":\"WebPage\",\"@id\":\"https:\/\/stourm.news\/?p=4327\",\"url\":\"https:\/\/stourm.news\/?p=4327\",\"name\":\"La nouvelle taxe pseudo \\\"\u00e9cologique\\\" de Chesnais-Girard : un poison pour l\u2019\u00e9conomie bretonne - STOURM\",\"isPartOf\":{\"@id\":\"https:\/\/stourm.news\/#website\"},\"primaryImageOfPage\":{\"@id\":\"https:\/\/stourm.news\/?p=4327#primaryimage\"},\"image\":{\"@id\":\"https:\/\/stourm.news\/?p=4327#primaryimage\"},\"thumbnailUrl\":\"https:\/\/stourm.news\/wp-content\/uploads\/2025\/06\/685c3ab6bb354d396c0dd12c.webp\",\"datePublished\":\"2025-06-26T05:16:39+00:00\",\"dateModified\":\"2025-06-26T05:24:19+00:00\",\"breadcrumb\":{\"@id\":\"https:\/\/stourm.news\/?p=4327#breadcrumb\"},\"inLanguage\":\"fr-FR\",\"potentialAction\":[{\"@type\":\"ReadAction\",\"target\":[\"https:\/\/stourm.news\/?p=4327\"]}]},{\"@type\":\"ImageObject\",\"inLanguage\":\"fr-FR\",\"@id\":\"https:\/\/stourm.news\/?p=4327#primaryimage\",\"url\":\"https:\/\/stourm.news\/wp-content\/uploads\/2025\/06\/685c3ab6bb354d396c0dd12c.webp\",\"contentUrl\":\"https:\/\/stourm.news\/wp-content\/uploads\/2025\/06\/685c3ab6bb354d396c0dd12c.webp\",\"width\":1200,\"height\":750},{\"@type\":\"BreadcrumbList\",\"@id\":\"https:\/\/stourm.news\/?p=4327#breadcrumb\",\"itemListElement\":[{\"@type\":\"ListItem\",\"position\":1,\"name\":\"Accueil\",\"item\":\"https:\/\/stourm.news\/\"},{\"@type\":\"ListItem\",\"position\":2,\"name\":\"La nouvelle taxe pseudo \u00ab\u00a0\u00e9cologique\u00a0\u00bb de Chesnais-Girard : un poison pour l\u2019\u00e9conomie bretonne\"}]},{\"@type\":\"WebSite\",\"@id\":\"https:\/\/stourm.news\/#website\",\"url\":\"https:\/\/stourm.news\/\",\"name\":\"Stourm\",\"description\":\"Kazetenn Strollad Broadel Breizh\",\"publisher\":{\"@id\":\"https:\/\/stourm.news\/#organization\"},\"potentialAction\":[{\"@type\":\"SearchAction\",\"target\":{\"@type\":\"EntryPoint\",\"urlTemplate\":\"https:\/\/stourm.news\/?s={search_term_string}\"},\"query-input\":{\"@type\":\"PropertyValueSpecification\",\"valueRequired\":true,\"valueName\":\"search_term_string\"}}],\"inLanguage\":\"fr-FR\"},{\"@type\":\"Organization\",\"@id\":\"https:\/\/stourm.news\/#organization\",\"name\":\"Stourm\",\"url\":\"https:\/\/stourm.news\/\",\"logo\":{\"@type\":\"ImageObject\",\"inLanguage\":\"fr-FR\",\"@id\":\"https:\/\/stourm.news\/#\/schema\/logo\/image\/\",\"url\":\"https:\/\/stourm.news\/wp-content\/uploads\/2025\/11\/cropped-Capture-decran-2025-11-28-a-15.19.07.png\",\"contentUrl\":\"https:\/\/stourm.news\/wp-content\/uploads\/2025\/11\/cropped-Capture-decran-2025-11-28-a-15.19.07.png\",\"width\":1855,\"height\":383,\"caption\":\"Stourm\"},\"image\":{\"@id\":\"https:\/\/stourm.news\/#\/schema\/logo\/image\/\"},\"sameAs\":[\"https:\/\/www.facebook.com\/stourmnews\/\"]},{\"@type\":\"Person\",\"@id\":\"https:\/\/stourm.news\/#\/schema\/person\/c3e1dc65988632e190969234ef046cf9\",\"name\":\"La r\u00e9daction\",\"image\":{\"@type\":\"ImageObject\",\"inLanguage\":\"fr-FR\",\"@id\":\"https:\/\/stourm.news\/#\/schema\/person\/image\/\",\"url\":\"https:\/\/secure.gravatar.com\/avatar\/7463443f194b6b5fb706b074ca0ef59a0cfcfd720cb47764b0ec5a952ce422b3?s=96&d=mm&r=g\",\"contentUrl\":\"https:\/\/secure.gravatar.com\/avatar\/7463443f194b6b5fb706b074ca0ef59a0cfcfd720cb47764b0ec5a952ce422b3?s=96&d=mm&r=g\",\"caption\":\"La r\u00e9daction\"},\"sameAs\":[\"https:\/\/stourm.news\"],\"url\":\"https:\/\/stourm.news\/?author=1\"}]}<\/script>\n<!-- \/ Yoast SEO plugin. -->","yoast_head_json":{"title":"La nouvelle taxe pseudo \"\u00e9cologique\" de Chesnais-Girard : un poison pour l\u2019\u00e9conomie bretonne - STOURM","robots":{"index":"index","follow":"follow","max-snippet":"max-snippet:-1","max-image-preview":"max-image-preview:large","max-video-preview":"max-video-preview:-1"},"canonical":"https:\/\/stourm.news\/?p=4327","og_locale":"fr_FR","og_type":"article","og_title":"La nouvelle taxe pseudo \"\u00e9cologique\" de Chesnais-Girard : un poison pour l\u2019\u00e9conomie bretonne - STOURM","og_description":"La d\u00e9cision de Lo\u00efg Chesnais-Girard d\u2019imposer la contribution mobilit\u00e9 \u00ab\u00a0r\u00e9gionale\u00a0\u00bb et rurale (VMRR), g\u00e9n\u00e9rant 41 millions d\u2019euros \u00e0 partir de janvier 2026, est une mesure profond\u00e9ment n\u00e9faste pour l\u2019\u00e9conomie bretonne. Cette taxe, appliqu\u00e9e \u00e0 hauteur de 0,15 % de la masse salariale des entreprises de 11 salari\u00e9s et plus, s\u2019ajoute \u00e0 un contexte \u00e9conomique d\u00e9j\u00e0 [&hellip;]","og_url":"https:\/\/stourm.news\/?p=4327","og_site_name":"STOURM","article_publisher":"https:\/\/www.facebook.com\/stourmnews\/","article_published_time":"2025-06-26T05:16:39+00:00","article_modified_time":"2025-06-26T05:24:19+00:00","og_image":[{"width":1200,"height":750,"url":"https:\/\/stourm.news\/wp-content\/uploads\/2025\/06\/685c3ab6bb354d396c0dd12c.webp","type":"image\/webp"}],"author":"La r\u00e9daction","twitter_card":"summary_large_image","twitter_misc":{"\u00c9crit par":"La r\u00e9daction","Dur\u00e9e de lecture estim\u00e9e":"5 minutes"},"schema":{"@context":"https:\/\/schema.org","@graph":[{"@type":"Article","@id":"https:\/\/stourm.news\/?p=4327#article","isPartOf":{"@id":"https:\/\/stourm.news\/?p=4327"},"author":{"name":"La r\u00e9daction","@id":"https:\/\/stourm.news\/#\/schema\/person\/c3e1dc65988632e190969234ef046cf9"},"headline":"La nouvelle taxe pseudo \u00ab\u00a0\u00e9cologique\u00a0\u00bb de Chesnais-Girard : un poison pour l\u2019\u00e9conomie bretonne","datePublished":"2025-06-26T05:16:39+00:00","dateModified":"2025-06-26T05:24:19+00:00","mainEntityOfPage":{"@id":"https:\/\/stourm.news\/?p=4327"},"wordCount":1004,"commentCount":0,"publisher":{"@id":"https:\/\/stourm.news\/#organization"},"image":{"@id":"https:\/\/stourm.news\/?p=4327#primaryimage"},"thumbnailUrl":"https:\/\/stourm.news\/wp-content\/uploads\/2025\/06\/685c3ab6bb354d396c0dd12c.webp","articleSection":["Economie","Editorial","Principale"],"inLanguage":"fr-FR","potentialAction":[{"@type":"CommentAction","name":"Comment","target":["https:\/\/stourm.news\/?p=4327#respond"]}]},{"@type":"WebPage","@id":"https:\/\/stourm.news\/?p=4327","url":"https:\/\/stourm.news\/?p=4327","name":"La nouvelle taxe pseudo \"\u00e9cologique\" de Chesnais-Girard : un poison pour l\u2019\u00e9conomie bretonne - STOURM","isPartOf":{"@id":"https:\/\/stourm.news\/#website"},"primaryImageOfPage":{"@id":"https:\/\/stourm.news\/?p=4327#primaryimage"},"image":{"@id":"https:\/\/stourm.news\/?p=4327#primaryimage"},"thumbnailUrl":"https:\/\/stourm.news\/wp-content\/uploads\/2025\/06\/685c3ab6bb354d396c0dd12c.webp","datePublished":"2025-06-26T05:16:39+00:00","dateModified":"2025-06-26T05:24:19+00:00","breadcrumb":{"@id":"https:\/\/stourm.news\/?p=4327#breadcrumb"},"inLanguage":"fr-FR","potentialAction":[{"@type":"ReadAction","target":["https:\/\/stourm.news\/?p=4327"]}]},{"@type":"ImageObject","inLanguage":"fr-FR","@id":"https:\/\/stourm.news\/?p=4327#primaryimage","url":"https:\/\/stourm.news\/wp-content\/uploads\/2025\/06\/685c3ab6bb354d396c0dd12c.webp","contentUrl":"https:\/\/stourm.news\/wp-content\/uploads\/2025\/06\/685c3ab6bb354d396c0dd12c.webp","width":1200,"height":750},{"@type":"BreadcrumbList","@id":"https:\/\/stourm.news\/?p=4327#breadcrumb","itemListElement":[{"@type":"ListItem","position":1,"name":"Accueil","item":"https:\/\/stourm.news\/"},{"@type":"ListItem","position":2,"name":"La nouvelle taxe pseudo \u00ab\u00a0\u00e9cologique\u00a0\u00bb de Chesnais-Girard : un poison pour l\u2019\u00e9conomie bretonne"}]},{"@type":"WebSite","@id":"https:\/\/stourm.news\/#website","url":"https:\/\/stourm.news\/","name":"Stourm","description":"Kazetenn Strollad Broadel Breizh","publisher":{"@id":"https:\/\/stourm.news\/#organization"},"potentialAction":[{"@type":"SearchAction","target":{"@type":"EntryPoint","urlTemplate":"https:\/\/stourm.news\/?s={search_term_string}"},"query-input":{"@type":"PropertyValueSpecification","valueRequired":true,"valueName":"search_term_string"}}],"inLanguage":"fr-FR"},{"@type":"Organization","@id":"https:\/\/stourm.news\/#organization","name":"Stourm","url":"https:\/\/stourm.news\/","logo":{"@type":"ImageObject","inLanguage":"fr-FR","@id":"https:\/\/stourm.news\/#\/schema\/logo\/image\/","url":"https:\/\/stourm.news\/wp-content\/uploads\/2025\/11\/cropped-Capture-decran-2025-11-28-a-15.19.07.png","contentUrl":"https:\/\/stourm.news\/wp-content\/uploads\/2025\/11\/cropped-Capture-decran-2025-11-28-a-15.19.07.png","width":1855,"height":383,"caption":"Stourm"},"image":{"@id":"https:\/\/stourm.news\/#\/schema\/logo\/image\/"},"sameAs":["https:\/\/www.facebook.com\/stourmnews\/"]},{"@type":"Person","@id":"https:\/\/stourm.news\/#\/schema\/person\/c3e1dc65988632e190969234ef046cf9","name":"La r\u00e9daction","image":{"@type":"ImageObject","inLanguage":"fr-FR","@id":"https:\/\/stourm.news\/#\/schema\/person\/image\/","url":"https:\/\/secure.gravatar.com\/avatar\/7463443f194b6b5fb706b074ca0ef59a0cfcfd720cb47764b0ec5a952ce422b3?s=96&d=mm&r=g","contentUrl":"https:\/\/secure.gravatar.com\/avatar\/7463443f194b6b5fb706b074ca0ef59a0cfcfd720cb47764b0ec5a952ce422b3?s=96&d=mm&r=g","caption":"La r\u00e9daction"},"sameAs":["https:\/\/stourm.news"],"url":"https:\/\/stourm.news\/?author=1"}]}},"_links":{"self":[{"href":"https:\/\/stourm.news\/index.php?rest_route=\/wp\/v2\/posts\/4327","targetHints":{"allow":["GET"]}}],"collection":[{"href":"https:\/\/stourm.news\/index.php?rest_route=\/wp\/v2\/posts"}],"about":[{"href":"https:\/\/stourm.news\/index.php?rest_route=\/wp\/v2\/types\/post"}],"author":[{"embeddable":true,"href":"https:\/\/stourm.news\/index.php?rest_route=\/wp\/v2\/users\/1"}],"replies":[{"embeddable":true,"href":"https:\/\/stourm.news\/index.php?rest_route=%2Fwp%2Fv2%2Fcomments&post=4327"}],"version-history":[{"count":3,"href":"https:\/\/stourm.news\/index.php?rest_route=\/wp\/v2\/posts\/4327\/revisions"}],"predecessor-version":[{"id":4331,"href":"https:\/\/stourm.news\/index.php?rest_route=\/wp\/v2\/posts\/4327\/revisions\/4331"}],"wp:featuredmedia":[{"embeddable":true,"href":"https:\/\/stourm.news\/index.php?rest_route=\/wp\/v2\/media\/4328"}],"wp:attachment":[{"href":"https:\/\/stourm.news\/index.php?rest_route=%2Fwp%2Fv2%2Fmedia&parent=4327"}],"wp:term":[{"taxonomy":"category","embeddable":true,"href":"https:\/\/stourm.news\/index.php?rest_route=%2Fwp%2Fv2%2Fcategories&post=4327"},{"taxonomy":"post_tag","embeddable":true,"href":"https:\/\/stourm.news\/index.php?rest_route=%2Fwp%2Fv2%2Ftags&post=4327"}],"curies":[{"name":"wp","href":"https:\/\/api.w.org\/{rel}","templated":true}]}}