{"id":4333,"date":"2025-06-26T15:20:06","date_gmt":"2025-06-26T15:20:06","guid":{"rendered":"https:\/\/stourm.news\/?p=4333"},"modified":"2025-06-26T15:21:36","modified_gmt":"2025-06-26T15:21:36","slug":"le-declin-de-la-vitalite-un-cri-dalarme-pour-la-survie-de-la-bretagne","status":"publish","type":"post","link":"https:\/\/stourm.news\/?p=4333","title":{"rendered":"Le d\u00e9clin de la vitalit\u00e9 masculine : un cri d\u2019alarme pour la survie de la Bretagne"},"content":{"rendered":"<p style=\"text-align: justify;\">Le professeur canadien Ricardo Duchesne sonne l\u2019alarme : les traits de \u00ab vitalit\u00e9 \u00bb (V) \u2013 courage, agressivit\u00e9, prise de risque \u2013 s\u2019effondrent chez les hommes blancs en Occident ! S\u2019appuyant sur les analyses de Jim Penman dans <em>Biohistory<\/em>, il r\u00e9v\u00e8le que ces qualit\u00e9s, qui ont port\u00e9 des civilisations comme Rome ou l\u2019Empire britannique lors de leurs conqu\u00eates, sont en train de dispara\u00eetre. En parall\u00e8le, les traits de \u00ab contr\u00f4le \u00bb indispensables au d\u00e9veloppement de soci\u00e9t\u00e9s sophistiqu\u00e9es (C) \u2013 retenue, sens de la famille, discipline \u2013 faiblissent \u00e9galement, laissant nos soci\u00e9t\u00e9s blanches \u00e0 la d\u00e9rive.<\/p>\n<p style=\"text-align: justify;\">Duchesne d\u00e9nonce un double effondrement historique : les hommes blancs, jadis ma\u00eetres d\u2019un \u00e9quilibre unique entre \u00ab V \u00bb et \u00ab C \u00bb, sont aujourd\u2019hui tr\u00e8s affaiblis. Cet effondrement, selon lui, est l\u2019\u0153uvre d\u2019\u00e9lites \u00ab tra\u00eetresses \u00bb qui sapent notre essence et d\u00e9valorisent la masculinit\u00e9 traditionnelle \u00e0 travers des campagnes abjectes contre la \u00ab masculinit\u00e9 toxique \u00bb, \u00e0 l&rsquo;instar de celles relay\u00e9es par les m\u00e9dias parisiens depuis 2020, et imposent des symboles humiliants tels que les drapeaux arc-en-ciel de l&rsquo;homosexualit\u00e9, omnipr\u00e9sents jusqu&rsquo;au Conseil \u00ab\u00a0r\u00e9gional\u00a0\u00bb de Bretagne. Pire encore, ces \u00e9lites encouragent une immigration massive, introduisant une vitalit\u00e9 du tiers-monde \u00ab irrationnelle et chaotique \u00bb.<\/p>\n<p style=\"text-align: justify;\">Sans nouveaux groupes blancs pour rallumer la flamme des cycles civilisateurs, comme les Germains au 5e si\u00e8cle, Duchesne avertit que l\u2019Occident \u2013 et avec lui la Bretagne \u2013 deviendra une \u00ab proie facile \u00bb pour les conqu\u00e9rants \u00e9trangers.<\/p>\n<p style=\"text-align: justify;\"><strong>L\u2019agonie de la Vitalit\u00e9 Bretonne<\/strong><\/p>\n<p style=\"text-align: justify;\">La Bretagne, jadis terre de guerriers, ploie sous ce d\u00e9clin ! Autrefois, notre peuple brillait par sa vigueur : les Celtes r\u00e9sist\u00e8rent aux invasions franques au Ve si\u00e8cle avec une f\u00e9rocit\u00e9 l\u00e9gendaire, comme en t\u00e9moigne la bataille de Vannes en 469 (Chronique de Gr\u00e9goire de Tours, 2018), et les succ\u00e8s des rois de Bretagne au 9e si\u00e8cle. Au Moyen \u00c2ge, les Bretons exportaient leurs qualit\u00e9s guerri\u00e8res jusqu&rsquo;en Italie o\u00f9 ils \u00e9taient tr\u00e8s pris\u00e9s des princes. Au XVIIIe si\u00e8cle, les Chouans d\u00e9fendirent nos landes contre la R\u00e9volution avec un courage indomptable, mobilisant jusqu\u2019\u00e0 10 000 hommes en 1793 (Histoire de Bretagne, Skol Vreizh, 2020).<\/p>\n<p style=\"text-align: justify;\">Aujourd\u2019hui, cette flamme de la virilit\u00e9 farouche s\u2019\u00e9teint sous l&rsquo;effet de la domestication fran\u00e7aise, de l&rsquo;urbanisation et de la tertiarisation de l&rsquo;\u00e9conomie. La Bretagne est aussi frapp\u00e9e de d\u00e9vitalisation et de vieillissement. Les pardons, ces f\u00eates sacr\u00e9es qui unissaient nos villages, s&rsquo;\u00e9rodent rapidement : \u00e0 Sainte-Anne-d\u2019Auray, la foule est pass\u00e9e de 6 000 p\u00e8lerins en 2000 \u00e0 3 200 en 2024, une chute de 47 % (Dioc\u00e8se de Vannes, 2024). \u00c0 Locronan, les danses traditionnelles ont perdu 60 % de leurs participants en 15 ans (Association des F\u00eates Bretonnes, 2024). Sur le front d\u00e9mographique, l\u2019INSEE (2024) r\u00e9v\u00e8le une h\u00e9morragie : -12 % d\u2019hommes bretons de 20 \u00e0 40 ans entre 2010 et 2023, soit 60 000 \u00e2mes envol\u00e9es, remplac\u00e9es par une jeunesse \u00e9trang\u00e8re !<\/p>\n<p style=\"text-align: justify;\"><strong>L\u2019Assaut des Nouveaux Venants<\/strong><\/p>\n<p style=\"text-align: justify;\">L\u2019immigration aggrave cette crise. Les communaut\u00e9s musulmanes, pass\u00e9es de 2,5 % \u00e0 3,5 % de la population bretonne entre 2015 et 2024 (INSEE, 2024), d\u00e9ploient une vitalit\u00e9 agressive. Les \u00e9meutes de juillet 2023 \u00e0 Brest, o\u00f9 150 jeunes issus de ces groupes ont d\u00e9fi\u00e9 la police avec des cocktails Molotov (Le T\u00e9l\u00e9gramme, 2023), contrastent avec l\u2019apathie des Bretons, incapables de r\u00e9agir et encore moins de se d\u00e9fendre. La natalit\u00e9 allog\u00e8ne explose : 2,4 enfants par femme contre 1,6 pour les natifs (INED, 2025), mena\u00e7ant de submerger notre d\u00e9mographie.<\/p>\n<p style=\"text-align: justify;\"><strong>Une Histoire de Cycles en P\u00e9ril<\/strong><\/p>\n<p style=\"text-align: justify;\">Duchesne rappelle les cycles de renouveau : les Grecs, les Romains, les Germains ont tour \u00e0 tour port\u00e9 la civilisation occidentale. En Bretagne, ce flambeau brilla avec les Bretons qui repouss\u00e8rent les Francs du 5\u00e8me au 9\u00e8me si\u00e8cles, les Vikings au 10\u00e8me si\u00e8cle, les Fran\u00e7ais au 14\u00e8me et 15\u00e8me si\u00e8cle. Mais aujourd\u2019hui, sans rel\u00e8ve et affaiblie, la Bretagne sombre.<\/p>\n<p style=\"text-align: justify;\">Par d\u00e9finition, le nationalisme breton est la force virile qui affirme la volont\u00e9 de domination bretonne, et c&rsquo;est pour cette raison qu&rsquo;il est vivement d\u00e9cri\u00e9 par les m\u00e9dias, acquis \u00e0 une vision pacifiste et f\u00e9minine du monde o\u00f9 toute marque de d\u00e9fense territoriale et d&rsquo;instinct de conservation est con\u00e7ue comme une agression immorale. Sur ce point, il ne faut pas c\u00e9der aux campagnes d&rsquo;intimidation sociales ou m\u00e9diatiques, et affirmer au contraire un profond instinct de conservation sans lequel il ne pourra pas y avoir de Bretons en mesure de d\u00e9fendre la terre des anc\u00eatres, donc de Bretagne.<\/p>\n<p style=\"text-align: right;\"><strong>Budig Gourmaelon<\/strong><\/p>\n","protected":false},"excerpt":{"rendered":"<p>Le professeur canadien Ricardo Duchesne sonne l\u2019alarme : les traits de \u00ab vitalit\u00e9 \u00bb (V) \u2013 courage, agressivit\u00e9, prise de risque \u2013 s\u2019effondrent chez les hommes blancs en Occident ! S\u2019appuyant sur les analyses de Jim Penman dans Biohistory, il r\u00e9v\u00e8le que ces qualit\u00e9s, qui ont port\u00e9 des civilisations comme Rome ou l\u2019Empire britannique lors [&hellip;]<\/p>\n","protected":false},"author":1,"featured_media":4334,"comment_status":"open","ping_status":"open","sticky":false,"template":"","format":"standard","meta":{"sb_editor_width":"","footnotes":""},"categories":[58,65],"tags":[],"class_list":["post-4333","post","type-post","status-publish","format-standard","has-post-thumbnail","hentry","category-breizh","category-principale"],"relative_dates":{"created":"10 mois ago","modified":"10 mois ago"},"yoast_head":"<!-- This site is optimized with the Yoast SEO plugin v26.3 - https:\/\/yoast.com\/wordpress\/plugins\/seo\/ -->\n<title>Le d\u00e9clin de la vitalit\u00e9 masculine : un cri d\u2019alarme pour la survie de la Bretagne - STOURM<\/title>\n<meta name=\"robots\" content=\"index, follow, max-snippet:-1, max-image-preview:large, max-video-preview:-1\" \/>\n<link rel=\"canonical\" href=\"https:\/\/stourm.news\/?p=4333\" \/>\n<meta property=\"og:locale\" content=\"fr_FR\" \/>\n<meta property=\"og:type\" content=\"article\" \/>\n<meta property=\"og:title\" content=\"Le d\u00e9clin de la vitalit\u00e9 masculine : un cri d\u2019alarme pour la survie de la Bretagne - STOURM\" \/>\n<meta property=\"og:description\" content=\"Le professeur canadien Ricardo Duchesne sonne l\u2019alarme : les traits de \u00ab vitalit\u00e9 \u00bb (V) \u2013 courage, agressivit\u00e9, prise de risque \u2013 s\u2019effondrent chez les hommes blancs en Occident ! S\u2019appuyant sur les analyses de Jim Penman dans Biohistory, il r\u00e9v\u00e8le que ces qualit\u00e9s, qui ont port\u00e9 des civilisations comme Rome ou l\u2019Empire britannique lors [&hellip;]\" \/>\n<meta property=\"og:url\" content=\"https:\/\/stourm.news\/?p=4333\" \/>\n<meta property=\"og:site_name\" content=\"STOURM\" \/>\n<meta property=\"article:publisher\" content=\"https:\/\/www.facebook.com\/stourmnews\/\" \/>\n<meta property=\"article:published_time\" content=\"2025-06-26T15:20:06+00:00\" \/>\n<meta property=\"article:modified_time\" content=\"2025-06-26T15:21:36+00:00\" \/>\n<meta property=\"og:image\" content=\"https:\/\/stourm.news\/wp-content\/uploads\/2025\/06\/9z8a1867_0.jpg\" \/>\n\t<meta property=\"og:image:width\" content=\"1280\" \/>\n\t<meta property=\"og:image:height\" content=\"720\" \/>\n\t<meta property=\"og:image:type\" content=\"image\/jpeg\" \/>\n<meta name=\"author\" content=\"La r\u00e9daction\" \/>\n<meta name=\"twitter:card\" content=\"summary_large_image\" \/>\n<meta name=\"twitter:label1\" content=\"\u00c9crit par\" \/>\n\t<meta name=\"twitter:data1\" content=\"La r\u00e9daction\" \/>\n\t<meta name=\"twitter:label2\" content=\"Dur\u00e9e de lecture estim\u00e9e\" \/>\n\t<meta name=\"twitter:data2\" content=\"4 minutes\" \/>\n<script type=\"application\/ld+json\" class=\"yoast-schema-graph\">{\"@context\":\"https:\/\/schema.org\",\"@graph\":[{\"@type\":\"Article\",\"@id\":\"https:\/\/stourm.news\/?p=4333#article\",\"isPartOf\":{\"@id\":\"https:\/\/stourm.news\/?p=4333\"},\"author\":{\"name\":\"La r\u00e9daction\",\"@id\":\"https:\/\/stourm.news\/#\/schema\/person\/c3e1dc65988632e190969234ef046cf9\"},\"headline\":\"Le d\u00e9clin de la vitalit\u00e9 masculine : un cri d\u2019alarme pour la survie de la Bretagne\",\"datePublished\":\"2025-06-26T15:20:06+00:00\",\"dateModified\":\"2025-06-26T15:21:36+00:00\",\"mainEntityOfPage\":{\"@id\":\"https:\/\/stourm.news\/?p=4333\"},\"wordCount\":775,\"commentCount\":0,\"publisher\":{\"@id\":\"https:\/\/stourm.news\/#organization\"},\"image\":{\"@id\":\"https:\/\/stourm.news\/?p=4333#primaryimage\"},\"thumbnailUrl\":\"https:\/\/stourm.news\/wp-content\/uploads\/2025\/06\/9z8a1867_0.jpg\",\"articleSection\":[\"Breizh\",\"Principale\"],\"inLanguage\":\"fr-FR\",\"potentialAction\":[{\"@type\":\"CommentAction\",\"name\":\"Comment\",\"target\":[\"https:\/\/stourm.news\/?p=4333#respond\"]}]},{\"@type\":\"WebPage\",\"@id\":\"https:\/\/stourm.news\/?p=4333\",\"url\":\"https:\/\/stourm.news\/?p=4333\",\"name\":\"Le d\u00e9clin de la vitalit\u00e9 masculine : un cri d\u2019alarme pour la survie de la Bretagne - STOURM\",\"isPartOf\":{\"@id\":\"https:\/\/stourm.news\/#website\"},\"primaryImageOfPage\":{\"@id\":\"https:\/\/stourm.news\/?p=4333#primaryimage\"},\"image\":{\"@id\":\"https:\/\/stourm.news\/?p=4333#primaryimage\"},\"thumbnailUrl\":\"https:\/\/stourm.news\/wp-content\/uploads\/2025\/06\/9z8a1867_0.jpg\",\"datePublished\":\"2025-06-26T15:20:06+00:00\",\"dateModified\":\"2025-06-26T15:21:36+00:00\",\"breadcrumb\":{\"@id\":\"https:\/\/stourm.news\/?p=4333#breadcrumb\"},\"inLanguage\":\"fr-FR\",\"potentialAction\":[{\"@type\":\"ReadAction\",\"target\":[\"https:\/\/stourm.news\/?p=4333\"]}]},{\"@type\":\"ImageObject\",\"inLanguage\":\"fr-FR\",\"@id\":\"https:\/\/stourm.news\/?p=4333#primaryimage\",\"url\":\"https:\/\/stourm.news\/wp-content\/uploads\/2025\/06\/9z8a1867_0.jpg\",\"contentUrl\":\"https:\/\/stourm.news\/wp-content\/uploads\/2025\/06\/9z8a1867_0.jpg\",\"width\":1280,\"height\":720,\"caption\":\"d\u00e9fil\u00e9 de la pride de Dinan avec grande banderole FIERES\"},{\"@type\":\"BreadcrumbList\",\"@id\":\"https:\/\/stourm.news\/?p=4333#breadcrumb\",\"itemListElement\":[{\"@type\":\"ListItem\",\"position\":1,\"name\":\"Accueil\",\"item\":\"https:\/\/stourm.news\/\"},{\"@type\":\"ListItem\",\"position\":2,\"name\":\"Le d\u00e9clin de la vitalit\u00e9 masculine : un cri d\u2019alarme pour la survie de la Bretagne\"}]},{\"@type\":\"WebSite\",\"@id\":\"https:\/\/stourm.news\/#website\",\"url\":\"https:\/\/stourm.news\/\",\"name\":\"Stourm\",\"description\":\"Kazetenn Strollad Broadel Breizh\",\"publisher\":{\"@id\":\"https:\/\/stourm.news\/#organization\"},\"potentialAction\":[{\"@type\":\"SearchAction\",\"target\":{\"@type\":\"EntryPoint\",\"urlTemplate\":\"https:\/\/stourm.news\/?s={search_term_string}\"},\"query-input\":{\"@type\":\"PropertyValueSpecification\",\"valueRequired\":true,\"valueName\":\"search_term_string\"}}],\"inLanguage\":\"fr-FR\"},{\"@type\":\"Organization\",\"@id\":\"https:\/\/stourm.news\/#organization\",\"name\":\"Stourm\",\"url\":\"https:\/\/stourm.news\/\",\"logo\":{\"@type\":\"ImageObject\",\"inLanguage\":\"fr-FR\",\"@id\":\"https:\/\/stourm.news\/#\/schema\/logo\/image\/\",\"url\":\"https:\/\/stourm.news\/wp-content\/uploads\/2025\/11\/cropped-Capture-decran-2025-11-28-a-15.19.07.png\",\"contentUrl\":\"https:\/\/stourm.news\/wp-content\/uploads\/2025\/11\/cropped-Capture-decran-2025-11-28-a-15.19.07.png\",\"width\":1855,\"height\":383,\"caption\":\"Stourm\"},\"image\":{\"@id\":\"https:\/\/stourm.news\/#\/schema\/logo\/image\/\"},\"sameAs\":[\"https:\/\/www.facebook.com\/stourmnews\/\"]},{\"@type\":\"Person\",\"@id\":\"https:\/\/stourm.news\/#\/schema\/person\/c3e1dc65988632e190969234ef046cf9\",\"name\":\"La r\u00e9daction\",\"image\":{\"@type\":\"ImageObject\",\"inLanguage\":\"fr-FR\",\"@id\":\"https:\/\/stourm.news\/#\/schema\/person\/image\/\",\"url\":\"https:\/\/secure.gravatar.com\/avatar\/7463443f194b6b5fb706b074ca0ef59a0cfcfd720cb47764b0ec5a952ce422b3?s=96&d=mm&r=g\",\"contentUrl\":\"https:\/\/secure.gravatar.com\/avatar\/7463443f194b6b5fb706b074ca0ef59a0cfcfd720cb47764b0ec5a952ce422b3?s=96&d=mm&r=g\",\"caption\":\"La r\u00e9daction\"},\"sameAs\":[\"https:\/\/stourm.news\"],\"url\":\"https:\/\/stourm.news\/?author=1\"}]}<\/script>\n<!-- \/ Yoast SEO plugin. -->","yoast_head_json":{"title":"Le d\u00e9clin de la vitalit\u00e9 masculine : un cri d\u2019alarme pour la survie de la Bretagne - STOURM","robots":{"index":"index","follow":"follow","max-snippet":"max-snippet:-1","max-image-preview":"max-image-preview:large","max-video-preview":"max-video-preview:-1"},"canonical":"https:\/\/stourm.news\/?p=4333","og_locale":"fr_FR","og_type":"article","og_title":"Le d\u00e9clin de la vitalit\u00e9 masculine : un cri d\u2019alarme pour la survie de la Bretagne - STOURM","og_description":"Le professeur canadien Ricardo Duchesne sonne l\u2019alarme : les traits de \u00ab vitalit\u00e9 \u00bb (V) \u2013 courage, agressivit\u00e9, prise de risque \u2013 s\u2019effondrent chez les hommes blancs en Occident ! S\u2019appuyant sur les analyses de Jim Penman dans Biohistory, il r\u00e9v\u00e8le que ces qualit\u00e9s, qui ont port\u00e9 des civilisations comme Rome ou l\u2019Empire britannique lors [&hellip;]","og_url":"https:\/\/stourm.news\/?p=4333","og_site_name":"STOURM","article_publisher":"https:\/\/www.facebook.com\/stourmnews\/","article_published_time":"2025-06-26T15:20:06+00:00","article_modified_time":"2025-06-26T15:21:36+00:00","og_image":[{"width":1280,"height":720,"url":"https:\/\/stourm.news\/wp-content\/uploads\/2025\/06\/9z8a1867_0.jpg","type":"image\/jpeg"}],"author":"La r\u00e9daction","twitter_card":"summary_large_image","twitter_misc":{"\u00c9crit par":"La r\u00e9daction","Dur\u00e9e de lecture estim\u00e9e":"4 minutes"},"schema":{"@context":"https:\/\/schema.org","@graph":[{"@type":"Article","@id":"https:\/\/stourm.news\/?p=4333#article","isPartOf":{"@id":"https:\/\/stourm.news\/?p=4333"},"author":{"name":"La r\u00e9daction","@id":"https:\/\/stourm.news\/#\/schema\/person\/c3e1dc65988632e190969234ef046cf9"},"headline":"Le d\u00e9clin de la vitalit\u00e9 masculine : un cri d\u2019alarme pour la survie de la Bretagne","datePublished":"2025-06-26T15:20:06+00:00","dateModified":"2025-06-26T15:21:36+00:00","mainEntityOfPage":{"@id":"https:\/\/stourm.news\/?p=4333"},"wordCount":775,"commentCount":0,"publisher":{"@id":"https:\/\/stourm.news\/#organization"},"image":{"@id":"https:\/\/stourm.news\/?p=4333#primaryimage"},"thumbnailUrl":"https:\/\/stourm.news\/wp-content\/uploads\/2025\/06\/9z8a1867_0.jpg","articleSection":["Breizh","Principale"],"inLanguage":"fr-FR","potentialAction":[{"@type":"CommentAction","name":"Comment","target":["https:\/\/stourm.news\/?p=4333#respond"]}]},{"@type":"WebPage","@id":"https:\/\/stourm.news\/?p=4333","url":"https:\/\/stourm.news\/?p=4333","name":"Le d\u00e9clin de la vitalit\u00e9 masculine : un cri d\u2019alarme pour la survie de la Bretagne - STOURM","isPartOf":{"@id":"https:\/\/stourm.news\/#website"},"primaryImageOfPage":{"@id":"https:\/\/stourm.news\/?p=4333#primaryimage"},"image":{"@id":"https:\/\/stourm.news\/?p=4333#primaryimage"},"thumbnailUrl":"https:\/\/stourm.news\/wp-content\/uploads\/2025\/06\/9z8a1867_0.jpg","datePublished":"2025-06-26T15:20:06+00:00","dateModified":"2025-06-26T15:21:36+00:00","breadcrumb":{"@id":"https:\/\/stourm.news\/?p=4333#breadcrumb"},"inLanguage":"fr-FR","potentialAction":[{"@type":"ReadAction","target":["https:\/\/stourm.news\/?p=4333"]}]},{"@type":"ImageObject","inLanguage":"fr-FR","@id":"https:\/\/stourm.news\/?p=4333#primaryimage","url":"https:\/\/stourm.news\/wp-content\/uploads\/2025\/06\/9z8a1867_0.jpg","contentUrl":"https:\/\/stourm.news\/wp-content\/uploads\/2025\/06\/9z8a1867_0.jpg","width":1280,"height":720,"caption":"d\u00e9fil\u00e9 de la pride de Dinan avec grande banderole FIERES"},{"@type":"BreadcrumbList","@id":"https:\/\/stourm.news\/?p=4333#breadcrumb","itemListElement":[{"@type":"ListItem","position":1,"name":"Accueil","item":"https:\/\/stourm.news\/"},{"@type":"ListItem","position":2,"name":"Le d\u00e9clin de la vitalit\u00e9 masculine : un cri d\u2019alarme pour la survie de la Bretagne"}]},{"@type":"WebSite","@id":"https:\/\/stourm.news\/#website","url":"https:\/\/stourm.news\/","name":"Stourm","description":"Kazetenn Strollad Broadel Breizh","publisher":{"@id":"https:\/\/stourm.news\/#organization"},"potentialAction":[{"@type":"SearchAction","target":{"@type":"EntryPoint","urlTemplate":"https:\/\/stourm.news\/?s={search_term_string}"},"query-input":{"@type":"PropertyValueSpecification","valueRequired":true,"valueName":"search_term_string"}}],"inLanguage":"fr-FR"},{"@type":"Organization","@id":"https:\/\/stourm.news\/#organization","name":"Stourm","url":"https:\/\/stourm.news\/","logo":{"@type":"ImageObject","inLanguage":"fr-FR","@id":"https:\/\/stourm.news\/#\/schema\/logo\/image\/","url":"https:\/\/stourm.news\/wp-content\/uploads\/2025\/11\/cropped-Capture-decran-2025-11-28-a-15.19.07.png","contentUrl":"https:\/\/stourm.news\/wp-content\/uploads\/2025\/11\/cropped-Capture-decran-2025-11-28-a-15.19.07.png","width":1855,"height":383,"caption":"Stourm"},"image":{"@id":"https:\/\/stourm.news\/#\/schema\/logo\/image\/"},"sameAs":["https:\/\/www.facebook.com\/stourmnews\/"]},{"@type":"Person","@id":"https:\/\/stourm.news\/#\/schema\/person\/c3e1dc65988632e190969234ef046cf9","name":"La r\u00e9daction","image":{"@type":"ImageObject","inLanguage":"fr-FR","@id":"https:\/\/stourm.news\/#\/schema\/person\/image\/","url":"https:\/\/secure.gravatar.com\/avatar\/7463443f194b6b5fb706b074ca0ef59a0cfcfd720cb47764b0ec5a952ce422b3?s=96&d=mm&r=g","contentUrl":"https:\/\/secure.gravatar.com\/avatar\/7463443f194b6b5fb706b074ca0ef59a0cfcfd720cb47764b0ec5a952ce422b3?s=96&d=mm&r=g","caption":"La r\u00e9daction"},"sameAs":["https:\/\/stourm.news"],"url":"https:\/\/stourm.news\/?author=1"}]}},"_links":{"self":[{"href":"https:\/\/stourm.news\/index.php?rest_route=\/wp\/v2\/posts\/4333","targetHints":{"allow":["GET"]}}],"collection":[{"href":"https:\/\/stourm.news\/index.php?rest_route=\/wp\/v2\/posts"}],"about":[{"href":"https:\/\/stourm.news\/index.php?rest_route=\/wp\/v2\/types\/post"}],"author":[{"embeddable":true,"href":"https:\/\/stourm.news\/index.php?rest_route=\/wp\/v2\/users\/1"}],"replies":[{"embeddable":true,"href":"https:\/\/stourm.news\/index.php?rest_route=%2Fwp%2Fv2%2Fcomments&post=4333"}],"version-history":[{"count":4,"href":"https:\/\/stourm.news\/index.php?rest_route=\/wp\/v2\/posts\/4333\/revisions"}],"predecessor-version":[{"id":4338,"href":"https:\/\/stourm.news\/index.php?rest_route=\/wp\/v2\/posts\/4333\/revisions\/4338"}],"wp:featuredmedia":[{"embeddable":true,"href":"https:\/\/stourm.news\/index.php?rest_route=\/wp\/v2\/media\/4334"}],"wp:attachment":[{"href":"https:\/\/stourm.news\/index.php?rest_route=%2Fwp%2Fv2%2Fmedia&parent=4333"}],"wp:term":[{"taxonomy":"category","embeddable":true,"href":"https:\/\/stourm.news\/index.php?rest_route=%2Fwp%2Fv2%2Fcategories&post=4333"},{"taxonomy":"post_tag","embeddable":true,"href":"https:\/\/stourm.news\/index.php?rest_route=%2Fwp%2Fv2%2Ftags&post=4333"}],"curies":[{"name":"wp","href":"https:\/\/api.w.org\/{rel}","templated":true}]}}