{"id":4344,"date":"2025-06-28T12:11:21","date_gmt":"2025-06-28T12:11:21","guid":{"rendered":"https:\/\/stourm.news\/?p=4344"},"modified":"2025-06-28T12:11:21","modified_gmt":"2025-06-28T12:11:21","slug":"rennes-le-chaos-des-mineursclandestins-au-parc-de-maurepas","status":"publish","type":"post","link":"https:\/\/stourm.news\/?p=4344","title":{"rendered":"Rennes : le chaos des \u00ab\u00a0mineurs\u00a0\u00bbclandestins au parc de Maurepas"},"content":{"rendered":"<p style=\"text-align: justify;\">\u00c0 Rennes, le parc de Maurepas, une enclave multiethnique, s\u2019est transform\u00e9 en campement de fortune pour 211 soi-disant mineurs isol\u00e9s, dont 90 femmes ou filles, apr\u00e8s l\u2019expulsion de 174 clandestins du gymnase F\u00e9lix-Masson \u00e0 Villejean comme le rapporte <strong><a href=\"https:\/\/actu.fr\/bretagne\/rennes_35238\/notre-vie-fait-pitie-au-parc-de-maurepas-l-appel-de-detresse-des-jeunes-mineurs-isoles-reunis-en-collectif_62833386.html\">Actu.fr<\/a><\/strong>.<\/p>\n<p style=\"text-align: justify;\">Tol\u00e9r\u00e9e par la municipalit\u00e9 depuis 2019, cette occupation ill\u00e9gale expose une nouvelle fois le refus des autorit\u00e9s fran\u00e7aises de juguler l&rsquo;immigration clandestine. Ces migrants extra-europ\u00e9ens, dont beaucoup attendent depuis des ann\u00e9es une reconnaissance douteuse de leur minorit\u00e9 par le D\u00e9partement d&rsquo;Ille-et-Vilaine (PS), vivent dans des conditions insalubres, errant dans les rues et alimentant l\u2019ins\u00e9curit\u00e9 locale, souvent per\u00e7us comme des d\u00e9linquants.<\/p>\n<p style=\"text-align: justify;\">Moussa, 17 ans, et Mariam, 16 ans, se plaignent ainsi de leur sort, exigeant \u00e9ducation et travail comme si cela leur \u00e9tait d\u00fb, tandis que les contribuables bretons subissent les cons\u00e9quences de cette immigration incontr\u00f4l\u00e9e. Les organisations d&rsquo;extr\u00eame-gauche Cimade et Utopia 56, en soutenant ces clandestins, ne font qu\u2019aggraver le probl\u00e8me. Le collectif menace d\u00e9sormais d\u2019une manifestation le 9 juillet devant le Palais Saint-Georges, avec un ultimatum d\u2019installer un campement ill\u00e9gal si leurs exigences ne sont pas satisfaites.<\/p>\n<p style=\"text-align: right;\"><strong>Ewen Broc&rsquo;han<\/strong><\/p>\n","protected":false},"excerpt":{"rendered":"<p>\u00c0 Rennes, le parc de Maurepas, une enclave multiethnique, s\u2019est transform\u00e9 en campement de fortune pour 211 soi-disant mineurs isol\u00e9s, dont 90 femmes ou filles, apr\u00e8s l\u2019expulsion de 174 clandestins du gymnase F\u00e9lix-Masson \u00e0 Villejean comme le rapporte Actu.fr. Tol\u00e9r\u00e9e par la municipalit\u00e9 depuis 2019, cette occupation ill\u00e9gale expose une nouvelle fois le refus des [&hellip;]<\/p>\n","protected":false},"author":1,"featured_media":4346,"comment_status":"open","ping_status":"open","sticky":false,"template":"","format":"standard","meta":{"sb_editor_width":"","footnotes":""},"categories":[41,33,62],"tags":[],"class_list":["post-4344","post","type-post","status-publish","format-standard","has-post-thumbnail","hentry","category-ille-et-vilaine","category-immigration","category-revue-de-presse"],"relative_dates":{"created":"10 mois ago","modified":"10 mois ago"},"yoast_head":"<!-- This site is optimized with the Yoast SEO plugin v26.3 - https:\/\/yoast.com\/wordpress\/plugins\/seo\/ -->\n<title>Rennes : le chaos des &quot;mineurs&quot;clandestins au parc de Maurepas - STOURM<\/title>\n<meta name=\"robots\" content=\"index, follow, max-snippet:-1, max-image-preview:large, max-video-preview:-1\" \/>\n<link rel=\"canonical\" href=\"https:\/\/stourm.news\/?p=4344\" \/>\n<meta property=\"og:locale\" content=\"fr_FR\" \/>\n<meta property=\"og:type\" content=\"article\" \/>\n<meta property=\"og:title\" content=\"Rennes : le chaos des &quot;mineurs&quot;clandestins au parc de Maurepas - STOURM\" \/>\n<meta property=\"og:description\" content=\"\u00c0 Rennes, le parc de Maurepas, une enclave multiethnique, s\u2019est transform\u00e9 en campement de fortune pour 211 soi-disant mineurs isol\u00e9s, dont 90 femmes ou filles, apr\u00e8s l\u2019expulsion de 174 clandestins du gymnase F\u00e9lix-Masson \u00e0 Villejean comme le rapporte Actu.fr. Tol\u00e9r\u00e9e par la municipalit\u00e9 depuis 2019, cette occupation ill\u00e9gale expose une nouvelle fois le refus des [&hellip;]\" \/>\n<meta property=\"og:url\" content=\"https:\/\/stourm.news\/?p=4344\" \/>\n<meta property=\"og:site_name\" content=\"STOURM\" \/>\n<meta property=\"article:publisher\" content=\"https:\/\/www.facebook.com\/stourmnews\/\" \/>\n<meta property=\"article:published_time\" content=\"2025-06-28T12:11:21+00:00\" \/>\n<meta property=\"og:image\" content=\"https:\/\/stourm.news\/wp-content\/uploads\/2025\/06\/mineurs-migrants-rennes-maurepas-parc-4-960x640-1.jpg\" \/>\n\t<meta property=\"og:image:width\" content=\"960\" \/>\n\t<meta property=\"og:image:height\" content=\"640\" \/>\n\t<meta property=\"og:image:type\" content=\"image\/jpeg\" \/>\n<meta name=\"author\" content=\"La r\u00e9daction\" \/>\n<meta name=\"twitter:card\" content=\"summary_large_image\" \/>\n<meta name=\"twitter:label1\" content=\"\u00c9crit par\" \/>\n\t<meta name=\"twitter:data1\" content=\"La r\u00e9daction\" \/>\n\t<meta name=\"twitter:label2\" content=\"Dur\u00e9e de lecture estim\u00e9e\" \/>\n\t<meta name=\"twitter:data2\" content=\"1 minute\" \/>\n<script type=\"application\/ld+json\" class=\"yoast-schema-graph\">{\"@context\":\"https:\/\/schema.org\",\"@graph\":[{\"@type\":\"Article\",\"@id\":\"https:\/\/stourm.news\/?p=4344#article\",\"isPartOf\":{\"@id\":\"https:\/\/stourm.news\/?p=4344\"},\"author\":{\"name\":\"La r\u00e9daction\",\"@id\":\"https:\/\/stourm.news\/#\/schema\/person\/c3e1dc65988632e190969234ef046cf9\"},\"headline\":\"Rennes : le chaos des \u00ab\u00a0mineurs\u00a0\u00bbclandestins au parc de Maurepas\",\"datePublished\":\"2025-06-28T12:11:21+00:00\",\"mainEntityOfPage\":{\"@id\":\"https:\/\/stourm.news\/?p=4344\"},\"wordCount\":211,\"commentCount\":0,\"publisher\":{\"@id\":\"https:\/\/stourm.news\/#organization\"},\"image\":{\"@id\":\"https:\/\/stourm.news\/?p=4344#primaryimage\"},\"thumbnailUrl\":\"https:\/\/stourm.news\/wp-content\/uploads\/2025\/06\/mineurs-migrants-rennes-maurepas-parc-4-960x640-1.jpg\",\"articleSection\":[\"Ille-et-Vilaine\",\"Immigration\",\"Revue de presse\"],\"inLanguage\":\"fr-FR\",\"potentialAction\":[{\"@type\":\"CommentAction\",\"name\":\"Comment\",\"target\":[\"https:\/\/stourm.news\/?p=4344#respond\"]}]},{\"@type\":\"WebPage\",\"@id\":\"https:\/\/stourm.news\/?p=4344\",\"url\":\"https:\/\/stourm.news\/?p=4344\",\"name\":\"Rennes : le chaos des \\\"mineurs\\\"clandestins au parc de Maurepas - STOURM\",\"isPartOf\":{\"@id\":\"https:\/\/stourm.news\/#website\"},\"primaryImageOfPage\":{\"@id\":\"https:\/\/stourm.news\/?p=4344#primaryimage\"},\"image\":{\"@id\":\"https:\/\/stourm.news\/?p=4344#primaryimage\"},\"thumbnailUrl\":\"https:\/\/stourm.news\/wp-content\/uploads\/2025\/06\/mineurs-migrants-rennes-maurepas-parc-4-960x640-1.jpg\",\"datePublished\":\"2025-06-28T12:11:21+00:00\",\"breadcrumb\":{\"@id\":\"https:\/\/stourm.news\/?p=4344#breadcrumb\"},\"inLanguage\":\"fr-FR\",\"potentialAction\":[{\"@type\":\"ReadAction\",\"target\":[\"https:\/\/stourm.news\/?p=4344\"]}]},{\"@type\":\"ImageObject\",\"inLanguage\":\"fr-FR\",\"@id\":\"https:\/\/stourm.news\/?p=4344#primaryimage\",\"url\":\"https:\/\/stourm.news\/wp-content\/uploads\/2025\/06\/mineurs-migrants-rennes-maurepas-parc-4-960x640-1.jpg\",\"contentUrl\":\"https:\/\/stourm.news\/wp-content\/uploads\/2025\/06\/mineurs-migrants-rennes-maurepas-parc-4-960x640-1.jpg\",\"width\":960,\"height\":640},{\"@type\":\"BreadcrumbList\",\"@id\":\"https:\/\/stourm.news\/?p=4344#breadcrumb\",\"itemListElement\":[{\"@type\":\"ListItem\",\"position\":1,\"name\":\"Accueil\",\"item\":\"https:\/\/stourm.news\/\"},{\"@type\":\"ListItem\",\"position\":2,\"name\":\"Rennes : le chaos des \u00ab\u00a0mineurs\u00a0\u00bbclandestins au parc de Maurepas\"}]},{\"@type\":\"WebSite\",\"@id\":\"https:\/\/stourm.news\/#website\",\"url\":\"https:\/\/stourm.news\/\",\"name\":\"Stourm\",\"description\":\"Kazetenn Strollad Broadel Breizh\",\"publisher\":{\"@id\":\"https:\/\/stourm.news\/#organization\"},\"potentialAction\":[{\"@type\":\"SearchAction\",\"target\":{\"@type\":\"EntryPoint\",\"urlTemplate\":\"https:\/\/stourm.news\/?s={search_term_string}\"},\"query-input\":{\"@type\":\"PropertyValueSpecification\",\"valueRequired\":true,\"valueName\":\"search_term_string\"}}],\"inLanguage\":\"fr-FR\"},{\"@type\":\"Organization\",\"@id\":\"https:\/\/stourm.news\/#organization\",\"name\":\"Stourm\",\"url\":\"https:\/\/stourm.news\/\",\"logo\":{\"@type\":\"ImageObject\",\"inLanguage\":\"fr-FR\",\"@id\":\"https:\/\/stourm.news\/#\/schema\/logo\/image\/\",\"url\":\"https:\/\/stourm.news\/wp-content\/uploads\/2025\/11\/cropped-Capture-decran-2025-11-28-a-15.19.07.png\",\"contentUrl\":\"https:\/\/stourm.news\/wp-content\/uploads\/2025\/11\/cropped-Capture-decran-2025-11-28-a-15.19.07.png\",\"width\":1855,\"height\":383,\"caption\":\"Stourm\"},\"image\":{\"@id\":\"https:\/\/stourm.news\/#\/schema\/logo\/image\/\"},\"sameAs\":[\"https:\/\/www.facebook.com\/stourmnews\/\"]},{\"@type\":\"Person\",\"@id\":\"https:\/\/stourm.news\/#\/schema\/person\/c3e1dc65988632e190969234ef046cf9\",\"name\":\"La r\u00e9daction\",\"image\":{\"@type\":\"ImageObject\",\"inLanguage\":\"fr-FR\",\"@id\":\"https:\/\/stourm.news\/#\/schema\/person\/image\/\",\"url\":\"https:\/\/secure.gravatar.com\/avatar\/7463443f194b6b5fb706b074ca0ef59a0cfcfd720cb47764b0ec5a952ce422b3?s=96&d=mm&r=g\",\"contentUrl\":\"https:\/\/secure.gravatar.com\/avatar\/7463443f194b6b5fb706b074ca0ef59a0cfcfd720cb47764b0ec5a952ce422b3?s=96&d=mm&r=g\",\"caption\":\"La r\u00e9daction\"},\"sameAs\":[\"https:\/\/stourm.news\"],\"url\":\"https:\/\/stourm.news\/?author=1\"}]}<\/script>\n<!-- \/ Yoast SEO plugin. -->","yoast_head_json":{"title":"Rennes : le chaos des \"mineurs\"clandestins au parc de Maurepas - STOURM","robots":{"index":"index","follow":"follow","max-snippet":"max-snippet:-1","max-image-preview":"max-image-preview:large","max-video-preview":"max-video-preview:-1"},"canonical":"https:\/\/stourm.news\/?p=4344","og_locale":"fr_FR","og_type":"article","og_title":"Rennes : le chaos des \"mineurs\"clandestins au parc de Maurepas - STOURM","og_description":"\u00c0 Rennes, le parc de Maurepas, une enclave multiethnique, s\u2019est transform\u00e9 en campement de fortune pour 211 soi-disant mineurs isol\u00e9s, dont 90 femmes ou filles, apr\u00e8s l\u2019expulsion de 174 clandestins du gymnase F\u00e9lix-Masson \u00e0 Villejean comme le rapporte Actu.fr. Tol\u00e9r\u00e9e par la municipalit\u00e9 depuis 2019, cette occupation ill\u00e9gale expose une nouvelle fois le refus des [&hellip;]","og_url":"https:\/\/stourm.news\/?p=4344","og_site_name":"STOURM","article_publisher":"https:\/\/www.facebook.com\/stourmnews\/","article_published_time":"2025-06-28T12:11:21+00:00","og_image":[{"width":960,"height":640,"url":"https:\/\/stourm.news\/wp-content\/uploads\/2025\/06\/mineurs-migrants-rennes-maurepas-parc-4-960x640-1.jpg","type":"image\/jpeg"}],"author":"La r\u00e9daction","twitter_card":"summary_large_image","twitter_misc":{"\u00c9crit par":"La r\u00e9daction","Dur\u00e9e de lecture estim\u00e9e":"1 minute"},"schema":{"@context":"https:\/\/schema.org","@graph":[{"@type":"Article","@id":"https:\/\/stourm.news\/?p=4344#article","isPartOf":{"@id":"https:\/\/stourm.news\/?p=4344"},"author":{"name":"La r\u00e9daction","@id":"https:\/\/stourm.news\/#\/schema\/person\/c3e1dc65988632e190969234ef046cf9"},"headline":"Rennes : le chaos des \u00ab\u00a0mineurs\u00a0\u00bbclandestins au parc de Maurepas","datePublished":"2025-06-28T12:11:21+00:00","mainEntityOfPage":{"@id":"https:\/\/stourm.news\/?p=4344"},"wordCount":211,"commentCount":0,"publisher":{"@id":"https:\/\/stourm.news\/#organization"},"image":{"@id":"https:\/\/stourm.news\/?p=4344#primaryimage"},"thumbnailUrl":"https:\/\/stourm.news\/wp-content\/uploads\/2025\/06\/mineurs-migrants-rennes-maurepas-parc-4-960x640-1.jpg","articleSection":["Ille-et-Vilaine","Immigration","Revue de presse"],"inLanguage":"fr-FR","potentialAction":[{"@type":"CommentAction","name":"Comment","target":["https:\/\/stourm.news\/?p=4344#respond"]}]},{"@type":"WebPage","@id":"https:\/\/stourm.news\/?p=4344","url":"https:\/\/stourm.news\/?p=4344","name":"Rennes : le chaos des \"mineurs\"clandestins au parc de Maurepas - STOURM","isPartOf":{"@id":"https:\/\/stourm.news\/#website"},"primaryImageOfPage":{"@id":"https:\/\/stourm.news\/?p=4344#primaryimage"},"image":{"@id":"https:\/\/stourm.news\/?p=4344#primaryimage"},"thumbnailUrl":"https:\/\/stourm.news\/wp-content\/uploads\/2025\/06\/mineurs-migrants-rennes-maurepas-parc-4-960x640-1.jpg","datePublished":"2025-06-28T12:11:21+00:00","breadcrumb":{"@id":"https:\/\/stourm.news\/?p=4344#breadcrumb"},"inLanguage":"fr-FR","potentialAction":[{"@type":"ReadAction","target":["https:\/\/stourm.news\/?p=4344"]}]},{"@type":"ImageObject","inLanguage":"fr-FR","@id":"https:\/\/stourm.news\/?p=4344#primaryimage","url":"https:\/\/stourm.news\/wp-content\/uploads\/2025\/06\/mineurs-migrants-rennes-maurepas-parc-4-960x640-1.jpg","contentUrl":"https:\/\/stourm.news\/wp-content\/uploads\/2025\/06\/mineurs-migrants-rennes-maurepas-parc-4-960x640-1.jpg","width":960,"height":640},{"@type":"BreadcrumbList","@id":"https:\/\/stourm.news\/?p=4344#breadcrumb","itemListElement":[{"@type":"ListItem","position":1,"name":"Accueil","item":"https:\/\/stourm.news\/"},{"@type":"ListItem","position":2,"name":"Rennes : le chaos des \u00ab\u00a0mineurs\u00a0\u00bbclandestins au parc de Maurepas"}]},{"@type":"WebSite","@id":"https:\/\/stourm.news\/#website","url":"https:\/\/stourm.news\/","name":"Stourm","description":"Kazetenn Strollad Broadel Breizh","publisher":{"@id":"https:\/\/stourm.news\/#organization"},"potentialAction":[{"@type":"SearchAction","target":{"@type":"EntryPoint","urlTemplate":"https:\/\/stourm.news\/?s={search_term_string}"},"query-input":{"@type":"PropertyValueSpecification","valueRequired":true,"valueName":"search_term_string"}}],"inLanguage":"fr-FR"},{"@type":"Organization","@id":"https:\/\/stourm.news\/#organization","name":"Stourm","url":"https:\/\/stourm.news\/","logo":{"@type":"ImageObject","inLanguage":"fr-FR","@id":"https:\/\/stourm.news\/#\/schema\/logo\/image\/","url":"https:\/\/stourm.news\/wp-content\/uploads\/2025\/11\/cropped-Capture-decran-2025-11-28-a-15.19.07.png","contentUrl":"https:\/\/stourm.news\/wp-content\/uploads\/2025\/11\/cropped-Capture-decran-2025-11-28-a-15.19.07.png","width":1855,"height":383,"caption":"Stourm"},"image":{"@id":"https:\/\/stourm.news\/#\/schema\/logo\/image\/"},"sameAs":["https:\/\/www.facebook.com\/stourmnews\/"]},{"@type":"Person","@id":"https:\/\/stourm.news\/#\/schema\/person\/c3e1dc65988632e190969234ef046cf9","name":"La r\u00e9daction","image":{"@type":"ImageObject","inLanguage":"fr-FR","@id":"https:\/\/stourm.news\/#\/schema\/person\/image\/","url":"https:\/\/secure.gravatar.com\/avatar\/7463443f194b6b5fb706b074ca0ef59a0cfcfd720cb47764b0ec5a952ce422b3?s=96&d=mm&r=g","contentUrl":"https:\/\/secure.gravatar.com\/avatar\/7463443f194b6b5fb706b074ca0ef59a0cfcfd720cb47764b0ec5a952ce422b3?s=96&d=mm&r=g","caption":"La r\u00e9daction"},"sameAs":["https:\/\/stourm.news"],"url":"https:\/\/stourm.news\/?author=1"}]}},"_links":{"self":[{"href":"https:\/\/stourm.news\/index.php?rest_route=\/wp\/v2\/posts\/4344","targetHints":{"allow":["GET"]}}],"collection":[{"href":"https:\/\/stourm.news\/index.php?rest_route=\/wp\/v2\/posts"}],"about":[{"href":"https:\/\/stourm.news\/index.php?rest_route=\/wp\/v2\/types\/post"}],"author":[{"embeddable":true,"href":"https:\/\/stourm.news\/index.php?rest_route=\/wp\/v2\/users\/1"}],"replies":[{"embeddable":true,"href":"https:\/\/stourm.news\/index.php?rest_route=%2Fwp%2Fv2%2Fcomments&post=4344"}],"version-history":[{"count":1,"href":"https:\/\/stourm.news\/index.php?rest_route=\/wp\/v2\/posts\/4344\/revisions"}],"predecessor-version":[{"id":4347,"href":"https:\/\/stourm.news\/index.php?rest_route=\/wp\/v2\/posts\/4344\/revisions\/4347"}],"wp:featuredmedia":[{"embeddable":true,"href":"https:\/\/stourm.news\/index.php?rest_route=\/wp\/v2\/media\/4346"}],"wp:attachment":[{"href":"https:\/\/stourm.news\/index.php?rest_route=%2Fwp%2Fv2%2Fmedia&parent=4344"}],"wp:term":[{"taxonomy":"category","embeddable":true,"href":"https:\/\/stourm.news\/index.php?rest_route=%2Fwp%2Fv2%2Fcategories&post=4344"},{"taxonomy":"post_tag","embeddable":true,"href":"https:\/\/stourm.news\/index.php?rest_route=%2Fwp%2Fv2%2Ftags&post=4344"}],"curies":[{"name":"wp","href":"https:\/\/api.w.org\/{rel}","templated":true}]}}