{"id":4349,"date":"2025-06-28T12:37:07","date_gmt":"2025-06-28T12:37:07","guid":{"rendered":"https:\/\/stourm.news\/?p=4349"},"modified":"2025-06-28T12:37:07","modified_gmt":"2025-06-28T12:37:07","slug":"brest-apres-ses-appels-a-des-attaques-terroristes-le-migrant-clandestin-zazou-youcef-reste-en-prison","status":"publish","type":"post","link":"https:\/\/stourm.news\/?p=4349","title":{"rendered":"Brest : apr\u00e8s ses appels \u00e0 des attaques terroristes, le migrant clandestin Zazou Youcef reste en prison"},"content":{"rendered":"<p style=\"text-align: justify;\">Le 27 juin 2025, la cour d\u2019appel de Rennes a confirm\u00e9 la condamnation de l\u2019influenceur alg\u00e9rien <strong>Youcef Aziria<\/strong>, alias Zazou Youssef, \u00e0 12 mois de prison ferme pour des d\u00e9gradations lors des \u00e9meutes de juin 2023 \u00e0 Brest rel\u00e8ve la t\u00e9l\u00e9vision d&rsquo;\u00e9tat hexagonale \u00ab\u00a0<a href=\"https:\/\/france3-regions.franceinfo.fr\/bretagne\/finistere\/brest\/apologie-du-terrorisme-et-participation-aux-emeutes-de-2023-a-brest-l-influenceur-algerien-zazou-youssef-reste-en-prison-3179190.html\">France 3<\/a>\u00ab\u00a0.<\/p>\n<p style=\"text-align: justify;\">Ce clandestin de 26 ans, sous le coup d\u2019une obligation de quitter le territoire fran\u00e7ais (OQTF) depuis avril 2024, avait lanc\u00e9 une fus\u00e9e de d\u00e9tresse sur le Tennis Club Brestois, o\u00f9 son ADN et celui de sa compagne ont \u00e9t\u00e9 retrouv\u00e9s. Il s\u2019\u00e9tait aussi affich\u00e9 cagoul\u00e9, revendiquant ces actes sur TikTok.<\/p>\n<p style=\"text-align: justify;\">Une semaine plus t\u00f4t, la m\u00eame cour avait valid\u00e9 sa peine de 18 mois pour <strong>provocation au terrorisme<\/strong>. Inscrit au FINIADA, interdit de territoire fran\u00e7ais pour dix ans, Zazou Youssef reste incarc\u00e9r\u00e9 \u00e0 Ploemeur.<\/p>\n<p style=\"text-align: right;\"><strong>Ewen Broc&rsquo;han<\/strong><\/p>\n","protected":false},"excerpt":{"rendered":"<p>Le 27 juin 2025, la cour d\u2019appel de Rennes a confirm\u00e9 la condamnation de l\u2019influenceur alg\u00e9rien Youcef Aziria, alias Zazou Youssef, \u00e0 12 mois de prison ferme pour des d\u00e9gradations lors des \u00e9meutes de juin 2023 \u00e0 Brest rel\u00e8ve la t\u00e9l\u00e9vision d&rsquo;\u00e9tat hexagonale \u00ab\u00a0France 3\u00ab\u00a0. Ce clandestin de 26 ans, sous le coup d\u2019une obligation [&hellip;]<\/p>\n","protected":false},"author":1,"featured_media":4350,"comment_status":"open","ping_status":"open","sticky":false,"template":"","format":"standard","meta":{"sb_editor_width":"","footnotes":""},"categories":[38,33,62,72],"tags":[],"class_list":["post-4349","post","type-post","status-publish","format-standard","has-post-thumbnail","hentry","category-finistere","category-immigration","category-revue-de-presse","category-terrorisme"],"relative_dates":{"created":"10 mois ago","modified":"10 mois ago"},"yoast_head":"<!-- This site is optimized with the Yoast SEO plugin v26.3 - https:\/\/yoast.com\/wordpress\/plugins\/seo\/ -->\n<title>Brest : apr\u00e8s ses appels \u00e0 des attaques terroristes, le migrant clandestin Zazou Youcef reste en prison - STOURM<\/title>\n<meta name=\"robots\" content=\"index, follow, max-snippet:-1, max-image-preview:large, max-video-preview:-1\" \/>\n<link rel=\"canonical\" href=\"https:\/\/stourm.news\/?p=4349\" \/>\n<meta property=\"og:locale\" content=\"fr_FR\" \/>\n<meta property=\"og:type\" content=\"article\" \/>\n<meta property=\"og:title\" content=\"Brest : apr\u00e8s ses appels \u00e0 des attaques terroristes, le migrant clandestin Zazou Youcef reste en prison - STOURM\" \/>\n<meta property=\"og:description\" content=\"Le 27 juin 2025, la cour d\u2019appel de Rennes a confirm\u00e9 la condamnation de l\u2019influenceur alg\u00e9rien Youcef Aziria, alias Zazou Youssef, \u00e0 12 mois de prison ferme pour des d\u00e9gradations lors des \u00e9meutes de juin 2023 \u00e0 Brest rel\u00e8ve la t\u00e9l\u00e9vision d&rsquo;\u00e9tat hexagonale \u00ab\u00a0France 3\u00ab\u00a0. Ce clandestin de 26 ans, sous le coup d\u2019une obligation [&hellip;]\" \/>\n<meta property=\"og:url\" content=\"https:\/\/stourm.news\/?p=4349\" \/>\n<meta property=\"og:site_name\" content=\"STOURM\" \/>\n<meta property=\"article:publisher\" content=\"https:\/\/www.facebook.com\/stourmnews\/\" \/>\n<meta property=\"article:published_time\" content=\"2025-06-28T12:37:07+00:00\" \/>\n<meta property=\"og:image\" content=\"https:\/\/stourm.news\/wp-content\/uploads\/2025\/06\/images-1.jpg\" \/>\n\t<meta property=\"og:image:width\" content=\"300\" \/>\n\t<meta property=\"og:image:height\" content=\"168\" \/>\n\t<meta property=\"og:image:type\" content=\"image\/jpeg\" \/>\n<meta name=\"author\" content=\"La r\u00e9daction\" \/>\n<meta name=\"twitter:card\" content=\"summary_large_image\" \/>\n<meta name=\"twitter:label1\" content=\"\u00c9crit par\" \/>\n\t<meta name=\"twitter:data1\" content=\"La r\u00e9daction\" \/>\n\t<meta name=\"twitter:label2\" content=\"Dur\u00e9e de lecture estim\u00e9e\" \/>\n\t<meta name=\"twitter:data2\" content=\"1 minute\" \/>\n<script type=\"application\/ld+json\" class=\"yoast-schema-graph\">{\"@context\":\"https:\/\/schema.org\",\"@graph\":[{\"@type\":\"Article\",\"@id\":\"https:\/\/stourm.news\/?p=4349#article\",\"isPartOf\":{\"@id\":\"https:\/\/stourm.news\/?p=4349\"},\"author\":{\"name\":\"La r\u00e9daction\",\"@id\":\"https:\/\/stourm.news\/#\/schema\/person\/c3e1dc65988632e190969234ef046cf9\"},\"headline\":\"Brest : apr\u00e8s ses appels \u00e0 des attaques terroristes, le migrant clandestin Zazou Youcef reste en prison\",\"datePublished\":\"2025-06-28T12:37:07+00:00\",\"mainEntityOfPage\":{\"@id\":\"https:\/\/stourm.news\/?p=4349\"},\"wordCount\":156,\"commentCount\":0,\"publisher\":{\"@id\":\"https:\/\/stourm.news\/#organization\"},\"image\":{\"@id\":\"https:\/\/stourm.news\/?p=4349#primaryimage\"},\"thumbnailUrl\":\"https:\/\/stourm.news\/wp-content\/uploads\/2025\/06\/images-1.jpg\",\"articleSection\":[\"Finist\u00e8re\",\"Immigration\",\"Revue de presse\",\"Terrorisme\"],\"inLanguage\":\"fr-FR\",\"potentialAction\":[{\"@type\":\"CommentAction\",\"name\":\"Comment\",\"target\":[\"https:\/\/stourm.news\/?p=4349#respond\"]}]},{\"@type\":\"WebPage\",\"@id\":\"https:\/\/stourm.news\/?p=4349\",\"url\":\"https:\/\/stourm.news\/?p=4349\",\"name\":\"Brest : apr\u00e8s ses appels \u00e0 des attaques terroristes, le migrant clandestin Zazou Youcef reste en prison - STOURM\",\"isPartOf\":{\"@id\":\"https:\/\/stourm.news\/#website\"},\"primaryImageOfPage\":{\"@id\":\"https:\/\/stourm.news\/?p=4349#primaryimage\"},\"image\":{\"@id\":\"https:\/\/stourm.news\/?p=4349#primaryimage\"},\"thumbnailUrl\":\"https:\/\/stourm.news\/wp-content\/uploads\/2025\/06\/images-1.jpg\",\"datePublished\":\"2025-06-28T12:37:07+00:00\",\"breadcrumb\":{\"@id\":\"https:\/\/stourm.news\/?p=4349#breadcrumb\"},\"inLanguage\":\"fr-FR\",\"potentialAction\":[{\"@type\":\"ReadAction\",\"target\":[\"https:\/\/stourm.news\/?p=4349\"]}]},{\"@type\":\"ImageObject\",\"inLanguage\":\"fr-FR\",\"@id\":\"https:\/\/stourm.news\/?p=4349#primaryimage\",\"url\":\"https:\/\/stourm.news\/wp-content\/uploads\/2025\/06\/images-1.jpg\",\"contentUrl\":\"https:\/\/stourm.news\/wp-content\/uploads\/2025\/06\/images-1.jpg\",\"width\":300,\"height\":168},{\"@type\":\"BreadcrumbList\",\"@id\":\"https:\/\/stourm.news\/?p=4349#breadcrumb\",\"itemListElement\":[{\"@type\":\"ListItem\",\"position\":1,\"name\":\"Accueil\",\"item\":\"https:\/\/stourm.news\/\"},{\"@type\":\"ListItem\",\"position\":2,\"name\":\"Brest : apr\u00e8s ses appels \u00e0 des attaques terroristes, le migrant clandestin Zazou Youcef reste en prison\"}]},{\"@type\":\"WebSite\",\"@id\":\"https:\/\/stourm.news\/#website\",\"url\":\"https:\/\/stourm.news\/\",\"name\":\"Stourm\",\"description\":\"Kazetenn Strollad Broadel Breizh\",\"publisher\":{\"@id\":\"https:\/\/stourm.news\/#organization\"},\"potentialAction\":[{\"@type\":\"SearchAction\",\"target\":{\"@type\":\"EntryPoint\",\"urlTemplate\":\"https:\/\/stourm.news\/?s={search_term_string}\"},\"query-input\":{\"@type\":\"PropertyValueSpecification\",\"valueRequired\":true,\"valueName\":\"search_term_string\"}}],\"inLanguage\":\"fr-FR\"},{\"@type\":\"Organization\",\"@id\":\"https:\/\/stourm.news\/#organization\",\"name\":\"Stourm\",\"url\":\"https:\/\/stourm.news\/\",\"logo\":{\"@type\":\"ImageObject\",\"inLanguage\":\"fr-FR\",\"@id\":\"https:\/\/stourm.news\/#\/schema\/logo\/image\/\",\"url\":\"https:\/\/stourm.news\/wp-content\/uploads\/2025\/11\/cropped-Capture-decran-2025-11-28-a-15.19.07.png\",\"contentUrl\":\"https:\/\/stourm.news\/wp-content\/uploads\/2025\/11\/cropped-Capture-decran-2025-11-28-a-15.19.07.png\",\"width\":1855,\"height\":383,\"caption\":\"Stourm\"},\"image\":{\"@id\":\"https:\/\/stourm.news\/#\/schema\/logo\/image\/\"},\"sameAs\":[\"https:\/\/www.facebook.com\/stourmnews\/\"]},{\"@type\":\"Person\",\"@id\":\"https:\/\/stourm.news\/#\/schema\/person\/c3e1dc65988632e190969234ef046cf9\",\"name\":\"La r\u00e9daction\",\"image\":{\"@type\":\"ImageObject\",\"inLanguage\":\"fr-FR\",\"@id\":\"https:\/\/stourm.news\/#\/schema\/person\/image\/\",\"url\":\"https:\/\/secure.gravatar.com\/avatar\/7463443f194b6b5fb706b074ca0ef59a0cfcfd720cb47764b0ec5a952ce422b3?s=96&d=mm&r=g\",\"contentUrl\":\"https:\/\/secure.gravatar.com\/avatar\/7463443f194b6b5fb706b074ca0ef59a0cfcfd720cb47764b0ec5a952ce422b3?s=96&d=mm&r=g\",\"caption\":\"La r\u00e9daction\"},\"sameAs\":[\"https:\/\/stourm.news\"],\"url\":\"https:\/\/stourm.news\/?author=1\"}]}<\/script>\n<!-- \/ Yoast SEO plugin. -->","yoast_head_json":{"title":"Brest : apr\u00e8s ses appels \u00e0 des attaques terroristes, le migrant clandestin Zazou Youcef reste en prison - STOURM","robots":{"index":"index","follow":"follow","max-snippet":"max-snippet:-1","max-image-preview":"max-image-preview:large","max-video-preview":"max-video-preview:-1"},"canonical":"https:\/\/stourm.news\/?p=4349","og_locale":"fr_FR","og_type":"article","og_title":"Brest : apr\u00e8s ses appels \u00e0 des attaques terroristes, le migrant clandestin Zazou Youcef reste en prison - STOURM","og_description":"Le 27 juin 2025, la cour d\u2019appel de Rennes a confirm\u00e9 la condamnation de l\u2019influenceur alg\u00e9rien Youcef Aziria, alias Zazou Youssef, \u00e0 12 mois de prison ferme pour des d\u00e9gradations lors des \u00e9meutes de juin 2023 \u00e0 Brest rel\u00e8ve la t\u00e9l\u00e9vision d&rsquo;\u00e9tat hexagonale \u00ab\u00a0France 3\u00ab\u00a0. Ce clandestin de 26 ans, sous le coup d\u2019une obligation [&hellip;]","og_url":"https:\/\/stourm.news\/?p=4349","og_site_name":"STOURM","article_publisher":"https:\/\/www.facebook.com\/stourmnews\/","article_published_time":"2025-06-28T12:37:07+00:00","og_image":[{"width":300,"height":168,"url":"https:\/\/stourm.news\/wp-content\/uploads\/2025\/06\/images-1.jpg","type":"image\/jpeg"}],"author":"La r\u00e9daction","twitter_card":"summary_large_image","twitter_misc":{"\u00c9crit par":"La r\u00e9daction","Dur\u00e9e de lecture estim\u00e9e":"1 minute"},"schema":{"@context":"https:\/\/schema.org","@graph":[{"@type":"Article","@id":"https:\/\/stourm.news\/?p=4349#article","isPartOf":{"@id":"https:\/\/stourm.news\/?p=4349"},"author":{"name":"La r\u00e9daction","@id":"https:\/\/stourm.news\/#\/schema\/person\/c3e1dc65988632e190969234ef046cf9"},"headline":"Brest : apr\u00e8s ses appels \u00e0 des attaques terroristes, le migrant clandestin Zazou Youcef reste en prison","datePublished":"2025-06-28T12:37:07+00:00","mainEntityOfPage":{"@id":"https:\/\/stourm.news\/?p=4349"},"wordCount":156,"commentCount":0,"publisher":{"@id":"https:\/\/stourm.news\/#organization"},"image":{"@id":"https:\/\/stourm.news\/?p=4349#primaryimage"},"thumbnailUrl":"https:\/\/stourm.news\/wp-content\/uploads\/2025\/06\/images-1.jpg","articleSection":["Finist\u00e8re","Immigration","Revue de presse","Terrorisme"],"inLanguage":"fr-FR","potentialAction":[{"@type":"CommentAction","name":"Comment","target":["https:\/\/stourm.news\/?p=4349#respond"]}]},{"@type":"WebPage","@id":"https:\/\/stourm.news\/?p=4349","url":"https:\/\/stourm.news\/?p=4349","name":"Brest : apr\u00e8s ses appels \u00e0 des attaques terroristes, le migrant clandestin Zazou Youcef reste en prison - STOURM","isPartOf":{"@id":"https:\/\/stourm.news\/#website"},"primaryImageOfPage":{"@id":"https:\/\/stourm.news\/?p=4349#primaryimage"},"image":{"@id":"https:\/\/stourm.news\/?p=4349#primaryimage"},"thumbnailUrl":"https:\/\/stourm.news\/wp-content\/uploads\/2025\/06\/images-1.jpg","datePublished":"2025-06-28T12:37:07+00:00","breadcrumb":{"@id":"https:\/\/stourm.news\/?p=4349#breadcrumb"},"inLanguage":"fr-FR","potentialAction":[{"@type":"ReadAction","target":["https:\/\/stourm.news\/?p=4349"]}]},{"@type":"ImageObject","inLanguage":"fr-FR","@id":"https:\/\/stourm.news\/?p=4349#primaryimage","url":"https:\/\/stourm.news\/wp-content\/uploads\/2025\/06\/images-1.jpg","contentUrl":"https:\/\/stourm.news\/wp-content\/uploads\/2025\/06\/images-1.jpg","width":300,"height":168},{"@type":"BreadcrumbList","@id":"https:\/\/stourm.news\/?p=4349#breadcrumb","itemListElement":[{"@type":"ListItem","position":1,"name":"Accueil","item":"https:\/\/stourm.news\/"},{"@type":"ListItem","position":2,"name":"Brest : apr\u00e8s ses appels \u00e0 des attaques terroristes, le migrant clandestin Zazou Youcef reste en prison"}]},{"@type":"WebSite","@id":"https:\/\/stourm.news\/#website","url":"https:\/\/stourm.news\/","name":"Stourm","description":"Kazetenn Strollad Broadel Breizh","publisher":{"@id":"https:\/\/stourm.news\/#organization"},"potentialAction":[{"@type":"SearchAction","target":{"@type":"EntryPoint","urlTemplate":"https:\/\/stourm.news\/?s={search_term_string}"},"query-input":{"@type":"PropertyValueSpecification","valueRequired":true,"valueName":"search_term_string"}}],"inLanguage":"fr-FR"},{"@type":"Organization","@id":"https:\/\/stourm.news\/#organization","name":"Stourm","url":"https:\/\/stourm.news\/","logo":{"@type":"ImageObject","inLanguage":"fr-FR","@id":"https:\/\/stourm.news\/#\/schema\/logo\/image\/","url":"https:\/\/stourm.news\/wp-content\/uploads\/2025\/11\/cropped-Capture-decran-2025-11-28-a-15.19.07.png","contentUrl":"https:\/\/stourm.news\/wp-content\/uploads\/2025\/11\/cropped-Capture-decran-2025-11-28-a-15.19.07.png","width":1855,"height":383,"caption":"Stourm"},"image":{"@id":"https:\/\/stourm.news\/#\/schema\/logo\/image\/"},"sameAs":["https:\/\/www.facebook.com\/stourmnews\/"]},{"@type":"Person","@id":"https:\/\/stourm.news\/#\/schema\/person\/c3e1dc65988632e190969234ef046cf9","name":"La r\u00e9daction","image":{"@type":"ImageObject","inLanguage":"fr-FR","@id":"https:\/\/stourm.news\/#\/schema\/person\/image\/","url":"https:\/\/secure.gravatar.com\/avatar\/7463443f194b6b5fb706b074ca0ef59a0cfcfd720cb47764b0ec5a952ce422b3?s=96&d=mm&r=g","contentUrl":"https:\/\/secure.gravatar.com\/avatar\/7463443f194b6b5fb706b074ca0ef59a0cfcfd720cb47764b0ec5a952ce422b3?s=96&d=mm&r=g","caption":"La r\u00e9daction"},"sameAs":["https:\/\/stourm.news"],"url":"https:\/\/stourm.news\/?author=1"}]}},"_links":{"self":[{"href":"https:\/\/stourm.news\/index.php?rest_route=\/wp\/v2\/posts\/4349","targetHints":{"allow":["GET"]}}],"collection":[{"href":"https:\/\/stourm.news\/index.php?rest_route=\/wp\/v2\/posts"}],"about":[{"href":"https:\/\/stourm.news\/index.php?rest_route=\/wp\/v2\/types\/post"}],"author":[{"embeddable":true,"href":"https:\/\/stourm.news\/index.php?rest_route=\/wp\/v2\/users\/1"}],"replies":[{"embeddable":true,"href":"https:\/\/stourm.news\/index.php?rest_route=%2Fwp%2Fv2%2Fcomments&post=4349"}],"version-history":[{"count":1,"href":"https:\/\/stourm.news\/index.php?rest_route=\/wp\/v2\/posts\/4349\/revisions"}],"predecessor-version":[{"id":4351,"href":"https:\/\/stourm.news\/index.php?rest_route=\/wp\/v2\/posts\/4349\/revisions\/4351"}],"wp:featuredmedia":[{"embeddable":true,"href":"https:\/\/stourm.news\/index.php?rest_route=\/wp\/v2\/media\/4350"}],"wp:attachment":[{"href":"https:\/\/stourm.news\/index.php?rest_route=%2Fwp%2Fv2%2Fmedia&parent=4349"}],"wp:term":[{"taxonomy":"category","embeddable":true,"href":"https:\/\/stourm.news\/index.php?rest_route=%2Fwp%2Fv2%2Fcategories&post=4349"},{"taxonomy":"post_tag","embeddable":true,"href":"https:\/\/stourm.news\/index.php?rest_route=%2Fwp%2Fv2%2Ftags&post=4349"}],"curies":[{"name":"wp","href":"https:\/\/api.w.org\/{rel}","templated":true}]}}