{"id":4358,"date":"2025-06-29T05:06:46","date_gmt":"2025-06-29T05:06:46","guid":{"rendered":"https:\/\/stourm.news\/?p=4358"},"modified":"2025-06-29T05:06:46","modified_gmt":"2025-06-29T05:06:46","slug":"vitre-se-disant-emporte-par-un-esprit-il-viole-sa-niece-congolaise-quil-avait-introduite-clandestinement-en-bretagne","status":"publish","type":"post","link":"https:\/\/stourm.news\/?p=4358","title":{"rendered":"Vitr\u00e9 : se disant \u00ab\u00a0emport\u00e9 par un esprit\u00a0\u00bb, il viole sa ni\u00e8ce congolaise qu&rsquo;il avait introduite clandestinement en Bretagne"},"content":{"rendered":"<p style=\"text-align: justify;\">En \u00e9t\u00e9 2022, une adolescente de 16 ans, orpheline de p\u00e8re et arriv\u00e9e seule en France <strong>depuis le Congo<\/strong> sous le statut de <strong>mineure non accompagn\u00e9e<\/strong>, a \u00e9t\u00e9 victime de viol incestueux par son grand-oncle, chez qui elle \u00e9tait h\u00e9berg\u00e9e en Ille-et-Vilaine rapporte <strong><a href=\"https:\/\/www.ouest-france.fr\/faits-divers\/violence-sexuelle\/viol\/en-ille-et-vilaine-lancien-president-dune-association-de-jeunesse-soupconne-de-viol-sur-mineure-801ba688-52a5-11f0-9865-cae506d28d23\">Ouest-France<\/a><\/strong>.<\/p>\n<p style=\"text-align: justify;\">Les faits ont d\u00e9but\u00e9 par des attouchements et une p\u00e9n\u00e9tration digitale, suivis d\u2019excuses de l\u2019accus\u00e9, qui a invoqu\u00e9 <strong>un \u00ab esprit \u00bb l\u2019ayant emport\u00e9<\/strong>, promettant de ne pas r\u00e9cidiver. Cependant, <strong>plusieurs rapports sexuels<\/strong> ont suivi.<\/p>\n<p style=\"text-align: justify;\">L\u2019accus\u00e9, ancien pr\u00e9sident d\u2019une association d\u2019aide aux jeunes d\u00e9munis, a tent\u00e9 de discr\u00e9diter la plaignante, exer\u00e7ant des pressions et un chantage au suicide pour \u00e9touffer l\u2019affaire. Incarc\u00e9r\u00e9, il a renonc\u00e9 \u00e0 son mandat associatif. L\u2019affaire, examin\u00e9e en appel le 26 juin 2025 \u00e0 Rennes, soul\u00e8ve des questions sur l\u2019abus de pouvoir et la confiance dans les structures d\u2019aide \u00e0 la jeunesse.<\/p>\n<p style=\"text-align: right;\"><strong>Ewen Broc&rsquo;han<\/strong><\/p>\n<p>&nbsp;<\/p>\n","protected":false},"excerpt":{"rendered":"<p>En \u00e9t\u00e9 2022, une adolescente de 16 ans, orpheline de p\u00e8re et arriv\u00e9e seule en France depuis le Congo sous le statut de mineure non accompagn\u00e9e, a \u00e9t\u00e9 victime de viol incestueux par son grand-oncle, chez qui elle \u00e9tait h\u00e9berg\u00e9e en Ille-et-Vilaine rapporte Ouest-France. Les faits ont d\u00e9but\u00e9 par des attouchements et une p\u00e9n\u00e9tration digitale, [&hellip;]<\/p>\n","protected":false},"author":1,"featured_media":4359,"comment_status":"open","ping_status":"open","sticky":false,"template":"","format":"standard","meta":{"sb_editor_width":"","footnotes":""},"categories":[41,33,62,30],"tags":[],"class_list":["post-4358","post","type-post","status-publish","format-standard","has-post-thumbnail","hentry","category-ille-et-vilaine","category-immigration","category-revue-de-presse","category-viol"],"relative_dates":{"created":"10 mois ago","modified":"10 mois ago"},"yoast_head":"<!-- This site is optimized with the Yoast SEO plugin v26.3 - https:\/\/yoast.com\/wordpress\/plugins\/seo\/ -->\n<title>Vitr\u00e9 : se disant &quot;emport\u00e9 par un esprit&quot;, il viole sa ni\u00e8ce congolaise qu&#039;il avait introduite clandestinement en Bretagne - STOURM<\/title>\n<meta name=\"robots\" content=\"index, follow, max-snippet:-1, max-image-preview:large, max-video-preview:-1\" \/>\n<link rel=\"canonical\" href=\"https:\/\/stourm.news\/?p=4358\" \/>\n<meta property=\"og:locale\" content=\"fr_FR\" \/>\n<meta property=\"og:type\" content=\"article\" \/>\n<meta property=\"og:title\" content=\"Vitr\u00e9 : se disant &quot;emport\u00e9 par un esprit&quot;, il viole sa ni\u00e8ce congolaise qu&#039;il avait introduite clandestinement en Bretagne - STOURM\" \/>\n<meta property=\"og:description\" content=\"En \u00e9t\u00e9 2022, une adolescente de 16 ans, orpheline de p\u00e8re et arriv\u00e9e seule en France depuis le Congo sous le statut de mineure non accompagn\u00e9e, a \u00e9t\u00e9 victime de viol incestueux par son grand-oncle, chez qui elle \u00e9tait h\u00e9berg\u00e9e en Ille-et-Vilaine rapporte Ouest-France. Les faits ont d\u00e9but\u00e9 par des attouchements et une p\u00e9n\u00e9tration digitale, [&hellip;]\" \/>\n<meta property=\"og:url\" content=\"https:\/\/stourm.news\/?p=4358\" \/>\n<meta property=\"og:site_name\" content=\"STOURM\" \/>\n<meta property=\"article:publisher\" content=\"https:\/\/www.facebook.com\/stourmnews\/\" \/>\n<meta property=\"article:published_time\" content=\"2025-06-29T05:06:46+00:00\" \/>\n<meta name=\"author\" content=\"La r\u00e9daction\" \/>\n<meta name=\"twitter:card\" content=\"summary_large_image\" \/>\n<meta name=\"twitter:label1\" content=\"\u00c9crit par\" \/>\n\t<meta name=\"twitter:data1\" content=\"La r\u00e9daction\" \/>\n\t<meta name=\"twitter:label2\" content=\"Dur\u00e9e de lecture estim\u00e9e\" \/>\n\t<meta name=\"twitter:data2\" content=\"1 minute\" \/>\n<script type=\"application\/ld+json\" class=\"yoast-schema-graph\">{\"@context\":\"https:\/\/schema.org\",\"@graph\":[{\"@type\":\"Article\",\"@id\":\"https:\/\/stourm.news\/?p=4358#article\",\"isPartOf\":{\"@id\":\"https:\/\/stourm.news\/?p=4358\"},\"author\":{\"name\":\"La r\u00e9daction\",\"@id\":\"https:\/\/stourm.news\/#\/schema\/person\/c3e1dc65988632e190969234ef046cf9\"},\"headline\":\"Vitr\u00e9 : se disant \u00ab\u00a0emport\u00e9 par un esprit\u00a0\u00bb, il viole sa ni\u00e8ce congolaise qu&rsquo;il avait introduite clandestinement en Bretagne\",\"datePublished\":\"2025-06-29T05:06:46+00:00\",\"mainEntityOfPage\":{\"@id\":\"https:\/\/stourm.news\/?p=4358\"},\"wordCount\":181,\"commentCount\":0,\"publisher\":{\"@id\":\"https:\/\/stourm.news\/#organization\"},\"image\":{\"@id\":\"https:\/\/stourm.news\/?p=4358#primaryimage\"},\"thumbnailUrl\":\"https:\/\/stourm.news\/wp-content\/uploads\/2025\/06\/MjAyNDExNmNlYWJlYWI5YTAwNTRjMTU0ZTNhN2U0NWFkOTgwMGY.avif\",\"articleSection\":[\"Ille-et-Vilaine\",\"Immigration\",\"Revue de presse\",\"Viol\"],\"inLanguage\":\"fr-FR\",\"potentialAction\":[{\"@type\":\"CommentAction\",\"name\":\"Comment\",\"target\":[\"https:\/\/stourm.news\/?p=4358#respond\"]}]},{\"@type\":\"WebPage\",\"@id\":\"https:\/\/stourm.news\/?p=4358\",\"url\":\"https:\/\/stourm.news\/?p=4358\",\"name\":\"Vitr\u00e9 : se disant \\\"emport\u00e9 par un esprit\\\", il viole sa ni\u00e8ce congolaise qu'il avait introduite clandestinement en Bretagne - STOURM\",\"isPartOf\":{\"@id\":\"https:\/\/stourm.news\/#website\"},\"primaryImageOfPage\":{\"@id\":\"https:\/\/stourm.news\/?p=4358#primaryimage\"},\"image\":{\"@id\":\"https:\/\/stourm.news\/?p=4358#primaryimage\"},\"thumbnailUrl\":\"https:\/\/stourm.news\/wp-content\/uploads\/2025\/06\/MjAyNDExNmNlYWJlYWI5YTAwNTRjMTU0ZTNhN2U0NWFkOTgwMGY.avif\",\"datePublished\":\"2025-06-29T05:06:46+00:00\",\"breadcrumb\":{\"@id\":\"https:\/\/stourm.news\/?p=4358#breadcrumb\"},\"inLanguage\":\"fr-FR\",\"potentialAction\":[{\"@type\":\"ReadAction\",\"target\":[\"https:\/\/stourm.news\/?p=4358\"]}]},{\"@type\":\"ImageObject\",\"inLanguage\":\"fr-FR\",\"@id\":\"https:\/\/stourm.news\/?p=4358#primaryimage\",\"url\":\"https:\/\/stourm.news\/wp-content\/uploads\/2025\/06\/MjAyNDExNmNlYWJlYWI5YTAwNTRjMTU0ZTNhN2U0NWFkOTgwMGY.avif\",\"contentUrl\":\"https:\/\/stourm.news\/wp-content\/uploads\/2025\/06\/MjAyNDExNmNlYWJlYWI5YTAwNTRjMTU0ZTNhN2U0NWFkOTgwMGY.avif\",\"width\":1260,\"height\":708},{\"@type\":\"BreadcrumbList\",\"@id\":\"https:\/\/stourm.news\/?p=4358#breadcrumb\",\"itemListElement\":[{\"@type\":\"ListItem\",\"position\":1,\"name\":\"Accueil\",\"item\":\"https:\/\/stourm.news\/\"},{\"@type\":\"ListItem\",\"position\":2,\"name\":\"Vitr\u00e9 : se disant \u00ab\u00a0emport\u00e9 par un esprit\u00a0\u00bb, il viole sa ni\u00e8ce congolaise qu&rsquo;il avait introduite clandestinement en Bretagne\"}]},{\"@type\":\"WebSite\",\"@id\":\"https:\/\/stourm.news\/#website\",\"url\":\"https:\/\/stourm.news\/\",\"name\":\"Stourm\",\"description\":\"Kazetenn Strollad Broadel Breizh\",\"publisher\":{\"@id\":\"https:\/\/stourm.news\/#organization\"},\"potentialAction\":[{\"@type\":\"SearchAction\",\"target\":{\"@type\":\"EntryPoint\",\"urlTemplate\":\"https:\/\/stourm.news\/?s={search_term_string}\"},\"query-input\":{\"@type\":\"PropertyValueSpecification\",\"valueRequired\":true,\"valueName\":\"search_term_string\"}}],\"inLanguage\":\"fr-FR\"},{\"@type\":\"Organization\",\"@id\":\"https:\/\/stourm.news\/#organization\",\"name\":\"Stourm\",\"url\":\"https:\/\/stourm.news\/\",\"logo\":{\"@type\":\"ImageObject\",\"inLanguage\":\"fr-FR\",\"@id\":\"https:\/\/stourm.news\/#\/schema\/logo\/image\/\",\"url\":\"https:\/\/stourm.news\/wp-content\/uploads\/2025\/11\/cropped-Capture-decran-2025-11-28-a-15.19.07.png\",\"contentUrl\":\"https:\/\/stourm.news\/wp-content\/uploads\/2025\/11\/cropped-Capture-decran-2025-11-28-a-15.19.07.png\",\"width\":1855,\"height\":383,\"caption\":\"Stourm\"},\"image\":{\"@id\":\"https:\/\/stourm.news\/#\/schema\/logo\/image\/\"},\"sameAs\":[\"https:\/\/www.facebook.com\/stourmnews\/\"]},{\"@type\":\"Person\",\"@id\":\"https:\/\/stourm.news\/#\/schema\/person\/c3e1dc65988632e190969234ef046cf9\",\"name\":\"La r\u00e9daction\",\"image\":{\"@type\":\"ImageObject\",\"inLanguage\":\"fr-FR\",\"@id\":\"https:\/\/stourm.news\/#\/schema\/person\/image\/\",\"url\":\"https:\/\/secure.gravatar.com\/avatar\/7463443f194b6b5fb706b074ca0ef59a0cfcfd720cb47764b0ec5a952ce422b3?s=96&d=mm&r=g\",\"contentUrl\":\"https:\/\/secure.gravatar.com\/avatar\/7463443f194b6b5fb706b074ca0ef59a0cfcfd720cb47764b0ec5a952ce422b3?s=96&d=mm&r=g\",\"caption\":\"La r\u00e9daction\"},\"sameAs\":[\"https:\/\/stourm.news\"],\"url\":\"https:\/\/stourm.news\/?author=1\"}]}<\/script>\n<!-- \/ Yoast SEO plugin. -->","yoast_head_json":{"title":"Vitr\u00e9 : se disant \"emport\u00e9 par un esprit\", il viole sa ni\u00e8ce congolaise qu'il avait introduite clandestinement en Bretagne - STOURM","robots":{"index":"index","follow":"follow","max-snippet":"max-snippet:-1","max-image-preview":"max-image-preview:large","max-video-preview":"max-video-preview:-1"},"canonical":"https:\/\/stourm.news\/?p=4358","og_locale":"fr_FR","og_type":"article","og_title":"Vitr\u00e9 : se disant \"emport\u00e9 par un esprit\", il viole sa ni\u00e8ce congolaise qu'il avait introduite clandestinement en Bretagne - STOURM","og_description":"En \u00e9t\u00e9 2022, une adolescente de 16 ans, orpheline de p\u00e8re et arriv\u00e9e seule en France depuis le Congo sous le statut de mineure non accompagn\u00e9e, a \u00e9t\u00e9 victime de viol incestueux par son grand-oncle, chez qui elle \u00e9tait h\u00e9berg\u00e9e en Ille-et-Vilaine rapporte Ouest-France. Les faits ont d\u00e9but\u00e9 par des attouchements et une p\u00e9n\u00e9tration digitale, [&hellip;]","og_url":"https:\/\/stourm.news\/?p=4358","og_site_name":"STOURM","article_publisher":"https:\/\/www.facebook.com\/stourmnews\/","article_published_time":"2025-06-29T05:06:46+00:00","author":"La r\u00e9daction","twitter_card":"summary_large_image","twitter_misc":{"\u00c9crit par":"La r\u00e9daction","Dur\u00e9e de lecture estim\u00e9e":"1 minute"},"schema":{"@context":"https:\/\/schema.org","@graph":[{"@type":"Article","@id":"https:\/\/stourm.news\/?p=4358#article","isPartOf":{"@id":"https:\/\/stourm.news\/?p=4358"},"author":{"name":"La r\u00e9daction","@id":"https:\/\/stourm.news\/#\/schema\/person\/c3e1dc65988632e190969234ef046cf9"},"headline":"Vitr\u00e9 : se disant \u00ab\u00a0emport\u00e9 par un esprit\u00a0\u00bb, il viole sa ni\u00e8ce congolaise qu&rsquo;il avait introduite clandestinement en Bretagne","datePublished":"2025-06-29T05:06:46+00:00","mainEntityOfPage":{"@id":"https:\/\/stourm.news\/?p=4358"},"wordCount":181,"commentCount":0,"publisher":{"@id":"https:\/\/stourm.news\/#organization"},"image":{"@id":"https:\/\/stourm.news\/?p=4358#primaryimage"},"thumbnailUrl":"https:\/\/stourm.news\/wp-content\/uploads\/2025\/06\/MjAyNDExNmNlYWJlYWI5YTAwNTRjMTU0ZTNhN2U0NWFkOTgwMGY.avif","articleSection":["Ille-et-Vilaine","Immigration","Revue de presse","Viol"],"inLanguage":"fr-FR","potentialAction":[{"@type":"CommentAction","name":"Comment","target":["https:\/\/stourm.news\/?p=4358#respond"]}]},{"@type":"WebPage","@id":"https:\/\/stourm.news\/?p=4358","url":"https:\/\/stourm.news\/?p=4358","name":"Vitr\u00e9 : se disant \"emport\u00e9 par un esprit\", il viole sa ni\u00e8ce congolaise qu'il avait introduite clandestinement en Bretagne - STOURM","isPartOf":{"@id":"https:\/\/stourm.news\/#website"},"primaryImageOfPage":{"@id":"https:\/\/stourm.news\/?p=4358#primaryimage"},"image":{"@id":"https:\/\/stourm.news\/?p=4358#primaryimage"},"thumbnailUrl":"https:\/\/stourm.news\/wp-content\/uploads\/2025\/06\/MjAyNDExNmNlYWJlYWI5YTAwNTRjMTU0ZTNhN2U0NWFkOTgwMGY.avif","datePublished":"2025-06-29T05:06:46+00:00","breadcrumb":{"@id":"https:\/\/stourm.news\/?p=4358#breadcrumb"},"inLanguage":"fr-FR","potentialAction":[{"@type":"ReadAction","target":["https:\/\/stourm.news\/?p=4358"]}]},{"@type":"ImageObject","inLanguage":"fr-FR","@id":"https:\/\/stourm.news\/?p=4358#primaryimage","url":"https:\/\/stourm.news\/wp-content\/uploads\/2025\/06\/MjAyNDExNmNlYWJlYWI5YTAwNTRjMTU0ZTNhN2U0NWFkOTgwMGY.avif","contentUrl":"https:\/\/stourm.news\/wp-content\/uploads\/2025\/06\/MjAyNDExNmNlYWJlYWI5YTAwNTRjMTU0ZTNhN2U0NWFkOTgwMGY.avif","width":1260,"height":708},{"@type":"BreadcrumbList","@id":"https:\/\/stourm.news\/?p=4358#breadcrumb","itemListElement":[{"@type":"ListItem","position":1,"name":"Accueil","item":"https:\/\/stourm.news\/"},{"@type":"ListItem","position":2,"name":"Vitr\u00e9 : se disant \u00ab\u00a0emport\u00e9 par un esprit\u00a0\u00bb, il viole sa ni\u00e8ce congolaise qu&rsquo;il avait introduite clandestinement en Bretagne"}]},{"@type":"WebSite","@id":"https:\/\/stourm.news\/#website","url":"https:\/\/stourm.news\/","name":"Stourm","description":"Kazetenn Strollad Broadel Breizh","publisher":{"@id":"https:\/\/stourm.news\/#organization"},"potentialAction":[{"@type":"SearchAction","target":{"@type":"EntryPoint","urlTemplate":"https:\/\/stourm.news\/?s={search_term_string}"},"query-input":{"@type":"PropertyValueSpecification","valueRequired":true,"valueName":"search_term_string"}}],"inLanguage":"fr-FR"},{"@type":"Organization","@id":"https:\/\/stourm.news\/#organization","name":"Stourm","url":"https:\/\/stourm.news\/","logo":{"@type":"ImageObject","inLanguage":"fr-FR","@id":"https:\/\/stourm.news\/#\/schema\/logo\/image\/","url":"https:\/\/stourm.news\/wp-content\/uploads\/2025\/11\/cropped-Capture-decran-2025-11-28-a-15.19.07.png","contentUrl":"https:\/\/stourm.news\/wp-content\/uploads\/2025\/11\/cropped-Capture-decran-2025-11-28-a-15.19.07.png","width":1855,"height":383,"caption":"Stourm"},"image":{"@id":"https:\/\/stourm.news\/#\/schema\/logo\/image\/"},"sameAs":["https:\/\/www.facebook.com\/stourmnews\/"]},{"@type":"Person","@id":"https:\/\/stourm.news\/#\/schema\/person\/c3e1dc65988632e190969234ef046cf9","name":"La r\u00e9daction","image":{"@type":"ImageObject","inLanguage":"fr-FR","@id":"https:\/\/stourm.news\/#\/schema\/person\/image\/","url":"https:\/\/secure.gravatar.com\/avatar\/7463443f194b6b5fb706b074ca0ef59a0cfcfd720cb47764b0ec5a952ce422b3?s=96&d=mm&r=g","contentUrl":"https:\/\/secure.gravatar.com\/avatar\/7463443f194b6b5fb706b074ca0ef59a0cfcfd720cb47764b0ec5a952ce422b3?s=96&d=mm&r=g","caption":"La r\u00e9daction"},"sameAs":["https:\/\/stourm.news"],"url":"https:\/\/stourm.news\/?author=1"}]}},"_links":{"self":[{"href":"https:\/\/stourm.news\/index.php?rest_route=\/wp\/v2\/posts\/4358","targetHints":{"allow":["GET"]}}],"collection":[{"href":"https:\/\/stourm.news\/index.php?rest_route=\/wp\/v2\/posts"}],"about":[{"href":"https:\/\/stourm.news\/index.php?rest_route=\/wp\/v2\/types\/post"}],"author":[{"embeddable":true,"href":"https:\/\/stourm.news\/index.php?rest_route=\/wp\/v2\/users\/1"}],"replies":[{"embeddable":true,"href":"https:\/\/stourm.news\/index.php?rest_route=%2Fwp%2Fv2%2Fcomments&post=4358"}],"version-history":[{"count":1,"href":"https:\/\/stourm.news\/index.php?rest_route=\/wp\/v2\/posts\/4358\/revisions"}],"predecessor-version":[{"id":4360,"href":"https:\/\/stourm.news\/index.php?rest_route=\/wp\/v2\/posts\/4358\/revisions\/4360"}],"wp:featuredmedia":[{"embeddable":true,"href":"https:\/\/stourm.news\/index.php?rest_route=\/wp\/v2\/media\/4359"}],"wp:attachment":[{"href":"https:\/\/stourm.news\/index.php?rest_route=%2Fwp%2Fv2%2Fmedia&parent=4358"}],"wp:term":[{"taxonomy":"category","embeddable":true,"href":"https:\/\/stourm.news\/index.php?rest_route=%2Fwp%2Fv2%2Fcategories&post=4358"},{"taxonomy":"post_tag","embeddable":true,"href":"https:\/\/stourm.news\/index.php?rest_route=%2Fwp%2Fv2%2Ftags&post=4358"}],"curies":[{"name":"wp","href":"https:\/\/api.w.org\/{rel}","templated":true}]}}