{"id":4361,"date":"2025-07-01T17:00:46","date_gmt":"2025-07-01T17:00:46","guid":{"rendered":"https:\/\/stourm.news\/?p=4361"},"modified":"2025-07-02T08:26:00","modified_gmt":"2025-07-02T08:26:00","slug":"vitreg-vitre-deja-sous-controle-judiciaire-un-algerien-poignarde-deux-fois-les-memes-victimes-dans-la-nuit","status":"publish","type":"post","link":"https:\/\/stourm.news\/?p=4361","title":{"rendered":"Gwitreg (Vitr\u00e9) : d\u00e9j\u00e0 sous contr\u00f4le judiciaire, un Alg\u00e9rien poignarde deux fois les m\u00eames victimes dans la nuit"},"content":{"rendered":"<p style=\"text-align: justify;\">Le 26 avril 2025, \u00e0 Vitr\u00e9 (Ille-et-Vilaine), un homme de 30 ans, de nationalit\u00e9 alg\u00e9rienne, sous contr\u00f4le judiciaire, a commis deux agressions au couteau au cours d\u2019une m\u00eame soir\u00e9e rapporte <strong><a href=\"https:\/\/www.ouest-france.fr\/societe\/faits-divers\/sous-controle-judiciaire-il-commet-deux-agressions-au-couteau-lors-dune-soiree-a-vitre-acecd63a-55d1-11f0-acb7-473b370f0632\">Ouest-France<\/a><\/strong>.<\/p>\n<p style=\"text-align: justify;\">Arm\u00e9, il a d\u2019abord attaqu\u00e9 un groupe de personnes devant le bar \u00ab\u00a0Le Gastos\u00a0\u00bb, puis est revenu une heure plus tard avec une autre arme blanche pour s\u2019en prendre aux m\u00eames individus. Jug\u00e9 le 30 juin 2025 par le tribunal de Rennes, il a \u00e9t\u00e9 condamn\u00e9 \u00e0 36 mois de prison, dont 12 mois avec sursis.<\/p>\n<p style=\"text-align: justify;\">Cette affaire met en lumi\u00e8re les failles du suivi des individus sous contr\u00f4le judiciaire et soul\u00e8ve des inqui\u00e9tudes sur la r\u00e9cidive violente.<\/p>\n<p style=\"text-align: right;\"><strong>Ewen Broc&rsquo;han<\/strong><\/p>\n","protected":false},"excerpt":{"rendered":"<p>Le 26 avril 2025, \u00e0 Vitr\u00e9 (Ille-et-Vilaine), un homme de 30 ans, de nationalit\u00e9 alg\u00e9rienne, sous contr\u00f4le judiciaire, a commis deux agressions au couteau au cours d\u2019une m\u00eame soir\u00e9e rapporte Ouest-France. Arm\u00e9, il a d\u2019abord attaqu\u00e9 un groupe de personnes devant le bar \u00ab\u00a0Le Gastos\u00a0\u00bb, puis est revenu une heure plus tard avec une autre [&hellip;]<\/p>\n","protected":false},"author":1,"featured_media":4362,"comment_status":"open","ping_status":"open","sticky":false,"template":"","format":"standard","meta":{"sb_editor_width":"","footnotes":""},"categories":[31,41,62],"tags":[],"class_list":["post-4361","post","type-post","status-publish","format-standard","has-post-thumbnail","hentry","category-agression","category-ille-et-vilaine","category-revue-de-presse"],"relative_dates":{"created":"10 mois ago","modified":"10 mois ago"},"yoast_head":"<!-- This site is optimized with the Yoast SEO plugin v26.3 - https:\/\/yoast.com\/wordpress\/plugins\/seo\/ -->\n<title>Gwitreg (Vitr\u00e9) : d\u00e9j\u00e0 sous contr\u00f4le judiciaire, un Alg\u00e9rien poignarde deux fois les m\u00eames victimes dans la nuit - STOURM<\/title>\n<meta name=\"robots\" content=\"index, follow, max-snippet:-1, max-image-preview:large, max-video-preview:-1\" \/>\n<link rel=\"canonical\" href=\"https:\/\/stourm.news\/?p=4361\" \/>\n<meta property=\"og:locale\" content=\"fr_FR\" \/>\n<meta property=\"og:type\" content=\"article\" \/>\n<meta property=\"og:title\" content=\"Gwitreg (Vitr\u00e9) : d\u00e9j\u00e0 sous contr\u00f4le judiciaire, un Alg\u00e9rien poignarde deux fois les m\u00eames victimes dans la nuit - STOURM\" \/>\n<meta property=\"og:description\" content=\"Le 26 avril 2025, \u00e0 Vitr\u00e9 (Ille-et-Vilaine), un homme de 30 ans, de nationalit\u00e9 alg\u00e9rienne, sous contr\u00f4le judiciaire, a commis deux agressions au couteau au cours d\u2019une m\u00eame soir\u00e9e rapporte Ouest-France. Arm\u00e9, il a d\u2019abord attaqu\u00e9 un groupe de personnes devant le bar \u00ab\u00a0Le Gastos\u00a0\u00bb, puis est revenu une heure plus tard avec une autre [&hellip;]\" \/>\n<meta property=\"og:url\" content=\"https:\/\/stourm.news\/?p=4361\" \/>\n<meta property=\"og:site_name\" content=\"STOURM\" \/>\n<meta property=\"article:publisher\" content=\"https:\/\/www.facebook.com\/stourmnews\/\" \/>\n<meta property=\"article:published_time\" content=\"2025-07-01T17:00:46+00:00\" \/>\n<meta property=\"article:modified_time\" content=\"2025-07-02T08:26:00+00:00\" \/>\n<meta property=\"og:image\" content=\"https:\/\/stourm.news\/wp-content\/uploads\/2025\/07\/visiter-vitre-bretagne.jpg\" \/>\n\t<meta property=\"og:image:width\" content=\"1170\" \/>\n\t<meta property=\"og:image:height\" content=\"780\" \/>\n\t<meta property=\"og:image:type\" content=\"image\/jpeg\" \/>\n<meta name=\"author\" content=\"La r\u00e9daction\" \/>\n<meta name=\"twitter:card\" content=\"summary_large_image\" \/>\n<meta name=\"twitter:label1\" content=\"\u00c9crit par\" \/>\n\t<meta name=\"twitter:data1\" content=\"La r\u00e9daction\" \/>\n\t<meta name=\"twitter:label2\" content=\"Dur\u00e9e de lecture estim\u00e9e\" \/>\n\t<meta name=\"twitter:data2\" content=\"1 minute\" \/>\n<script type=\"application\/ld+json\" class=\"yoast-schema-graph\">{\"@context\":\"https:\/\/schema.org\",\"@graph\":[{\"@type\":\"Article\",\"@id\":\"https:\/\/stourm.news\/?p=4361#article\",\"isPartOf\":{\"@id\":\"https:\/\/stourm.news\/?p=4361\"},\"author\":{\"name\":\"La r\u00e9daction\",\"@id\":\"https:\/\/stourm.news\/#\/schema\/person\/c3e1dc65988632e190969234ef046cf9\"},\"headline\":\"Gwitreg (Vitr\u00e9) : d\u00e9j\u00e0 sous contr\u00f4le judiciaire, un Alg\u00e9rien poignarde deux fois les m\u00eames victimes dans la nuit\",\"datePublished\":\"2025-07-01T17:00:46+00:00\",\"dateModified\":\"2025-07-02T08:26:00+00:00\",\"mainEntityOfPage\":{\"@id\":\"https:\/\/stourm.news\/?p=4361\"},\"wordCount\":137,\"commentCount\":0,\"publisher\":{\"@id\":\"https:\/\/stourm.news\/#organization\"},\"image\":{\"@id\":\"https:\/\/stourm.news\/?p=4361#primaryimage\"},\"thumbnailUrl\":\"https:\/\/stourm.news\/wp-content\/uploads\/2025\/07\/visiter-vitre-bretagne.jpg\",\"articleSection\":[\"Agression\",\"Ille-et-Vilaine\",\"Revue de presse\"],\"inLanguage\":\"fr-FR\",\"potentialAction\":[{\"@type\":\"CommentAction\",\"name\":\"Comment\",\"target\":[\"https:\/\/stourm.news\/?p=4361#respond\"]}]},{\"@type\":\"WebPage\",\"@id\":\"https:\/\/stourm.news\/?p=4361\",\"url\":\"https:\/\/stourm.news\/?p=4361\",\"name\":\"Gwitreg (Vitr\u00e9) : d\u00e9j\u00e0 sous contr\u00f4le judiciaire, un Alg\u00e9rien poignarde deux fois les m\u00eames victimes dans la nuit - STOURM\",\"isPartOf\":{\"@id\":\"https:\/\/stourm.news\/#website\"},\"primaryImageOfPage\":{\"@id\":\"https:\/\/stourm.news\/?p=4361#primaryimage\"},\"image\":{\"@id\":\"https:\/\/stourm.news\/?p=4361#primaryimage\"},\"thumbnailUrl\":\"https:\/\/stourm.news\/wp-content\/uploads\/2025\/07\/visiter-vitre-bretagne.jpg\",\"datePublished\":\"2025-07-01T17:00:46+00:00\",\"dateModified\":\"2025-07-02T08:26:00+00:00\",\"breadcrumb\":{\"@id\":\"https:\/\/stourm.news\/?p=4361#breadcrumb\"},\"inLanguage\":\"fr-FR\",\"potentialAction\":[{\"@type\":\"ReadAction\",\"target\":[\"https:\/\/stourm.news\/?p=4361\"]}]},{\"@type\":\"ImageObject\",\"inLanguage\":\"fr-FR\",\"@id\":\"https:\/\/stourm.news\/?p=4361#primaryimage\",\"url\":\"https:\/\/stourm.news\/wp-content\/uploads\/2025\/07\/visiter-vitre-bretagne.jpg\",\"contentUrl\":\"https:\/\/stourm.news\/wp-content\/uploads\/2025\/07\/visiter-vitre-bretagne.jpg\",\"width\":1170,\"height\":780},{\"@type\":\"BreadcrumbList\",\"@id\":\"https:\/\/stourm.news\/?p=4361#breadcrumb\",\"itemListElement\":[{\"@type\":\"ListItem\",\"position\":1,\"name\":\"Accueil\",\"item\":\"https:\/\/stourm.news\/\"},{\"@type\":\"ListItem\",\"position\":2,\"name\":\"Gwitreg (Vitr\u00e9) : d\u00e9j\u00e0 sous contr\u00f4le judiciaire, un Alg\u00e9rien poignarde deux fois les m\u00eames victimes dans la nuit\"}]},{\"@type\":\"WebSite\",\"@id\":\"https:\/\/stourm.news\/#website\",\"url\":\"https:\/\/stourm.news\/\",\"name\":\"Stourm\",\"description\":\"Kazetenn Strollad Broadel Breizh\",\"publisher\":{\"@id\":\"https:\/\/stourm.news\/#organization\"},\"potentialAction\":[{\"@type\":\"SearchAction\",\"target\":{\"@type\":\"EntryPoint\",\"urlTemplate\":\"https:\/\/stourm.news\/?s={search_term_string}\"},\"query-input\":{\"@type\":\"PropertyValueSpecification\",\"valueRequired\":true,\"valueName\":\"search_term_string\"}}],\"inLanguage\":\"fr-FR\"},{\"@type\":\"Organization\",\"@id\":\"https:\/\/stourm.news\/#organization\",\"name\":\"Stourm\",\"url\":\"https:\/\/stourm.news\/\",\"logo\":{\"@type\":\"ImageObject\",\"inLanguage\":\"fr-FR\",\"@id\":\"https:\/\/stourm.news\/#\/schema\/logo\/image\/\",\"url\":\"https:\/\/stourm.news\/wp-content\/uploads\/2025\/11\/cropped-Capture-decran-2025-11-28-a-15.19.07.png\",\"contentUrl\":\"https:\/\/stourm.news\/wp-content\/uploads\/2025\/11\/cropped-Capture-decran-2025-11-28-a-15.19.07.png\",\"width\":1855,\"height\":383,\"caption\":\"Stourm\"},\"image\":{\"@id\":\"https:\/\/stourm.news\/#\/schema\/logo\/image\/\"},\"sameAs\":[\"https:\/\/www.facebook.com\/stourmnews\/\"]},{\"@type\":\"Person\",\"@id\":\"https:\/\/stourm.news\/#\/schema\/person\/c3e1dc65988632e190969234ef046cf9\",\"name\":\"La r\u00e9daction\",\"image\":{\"@type\":\"ImageObject\",\"inLanguage\":\"fr-FR\",\"@id\":\"https:\/\/stourm.news\/#\/schema\/person\/image\/\",\"url\":\"https:\/\/secure.gravatar.com\/avatar\/7463443f194b6b5fb706b074ca0ef59a0cfcfd720cb47764b0ec5a952ce422b3?s=96&d=mm&r=g\",\"contentUrl\":\"https:\/\/secure.gravatar.com\/avatar\/7463443f194b6b5fb706b074ca0ef59a0cfcfd720cb47764b0ec5a952ce422b3?s=96&d=mm&r=g\",\"caption\":\"La r\u00e9daction\"},\"sameAs\":[\"https:\/\/stourm.news\"],\"url\":\"https:\/\/stourm.news\/?author=1\"}]}<\/script>\n<!-- \/ Yoast SEO plugin. -->","yoast_head_json":{"title":"Gwitreg (Vitr\u00e9) : d\u00e9j\u00e0 sous contr\u00f4le judiciaire, un Alg\u00e9rien poignarde deux fois les m\u00eames victimes dans la nuit - STOURM","robots":{"index":"index","follow":"follow","max-snippet":"max-snippet:-1","max-image-preview":"max-image-preview:large","max-video-preview":"max-video-preview:-1"},"canonical":"https:\/\/stourm.news\/?p=4361","og_locale":"fr_FR","og_type":"article","og_title":"Gwitreg (Vitr\u00e9) : d\u00e9j\u00e0 sous contr\u00f4le judiciaire, un Alg\u00e9rien poignarde deux fois les m\u00eames victimes dans la nuit - STOURM","og_description":"Le 26 avril 2025, \u00e0 Vitr\u00e9 (Ille-et-Vilaine), un homme de 30 ans, de nationalit\u00e9 alg\u00e9rienne, sous contr\u00f4le judiciaire, a commis deux agressions au couteau au cours d\u2019une m\u00eame soir\u00e9e rapporte Ouest-France. Arm\u00e9, il a d\u2019abord attaqu\u00e9 un groupe de personnes devant le bar \u00ab\u00a0Le Gastos\u00a0\u00bb, puis est revenu une heure plus tard avec une autre [&hellip;]","og_url":"https:\/\/stourm.news\/?p=4361","og_site_name":"STOURM","article_publisher":"https:\/\/www.facebook.com\/stourmnews\/","article_published_time":"2025-07-01T17:00:46+00:00","article_modified_time":"2025-07-02T08:26:00+00:00","og_image":[{"width":1170,"height":780,"url":"https:\/\/stourm.news\/wp-content\/uploads\/2025\/07\/visiter-vitre-bretagne.jpg","type":"image\/jpeg"}],"author":"La r\u00e9daction","twitter_card":"summary_large_image","twitter_misc":{"\u00c9crit par":"La r\u00e9daction","Dur\u00e9e de lecture estim\u00e9e":"1 minute"},"schema":{"@context":"https:\/\/schema.org","@graph":[{"@type":"Article","@id":"https:\/\/stourm.news\/?p=4361#article","isPartOf":{"@id":"https:\/\/stourm.news\/?p=4361"},"author":{"name":"La r\u00e9daction","@id":"https:\/\/stourm.news\/#\/schema\/person\/c3e1dc65988632e190969234ef046cf9"},"headline":"Gwitreg (Vitr\u00e9) : d\u00e9j\u00e0 sous contr\u00f4le judiciaire, un Alg\u00e9rien poignarde deux fois les m\u00eames victimes dans la nuit","datePublished":"2025-07-01T17:00:46+00:00","dateModified":"2025-07-02T08:26:00+00:00","mainEntityOfPage":{"@id":"https:\/\/stourm.news\/?p=4361"},"wordCount":137,"commentCount":0,"publisher":{"@id":"https:\/\/stourm.news\/#organization"},"image":{"@id":"https:\/\/stourm.news\/?p=4361#primaryimage"},"thumbnailUrl":"https:\/\/stourm.news\/wp-content\/uploads\/2025\/07\/visiter-vitre-bretagne.jpg","articleSection":["Agression","Ille-et-Vilaine","Revue de presse"],"inLanguage":"fr-FR","potentialAction":[{"@type":"CommentAction","name":"Comment","target":["https:\/\/stourm.news\/?p=4361#respond"]}]},{"@type":"WebPage","@id":"https:\/\/stourm.news\/?p=4361","url":"https:\/\/stourm.news\/?p=4361","name":"Gwitreg (Vitr\u00e9) : d\u00e9j\u00e0 sous contr\u00f4le judiciaire, un Alg\u00e9rien poignarde deux fois les m\u00eames victimes dans la nuit - STOURM","isPartOf":{"@id":"https:\/\/stourm.news\/#website"},"primaryImageOfPage":{"@id":"https:\/\/stourm.news\/?p=4361#primaryimage"},"image":{"@id":"https:\/\/stourm.news\/?p=4361#primaryimage"},"thumbnailUrl":"https:\/\/stourm.news\/wp-content\/uploads\/2025\/07\/visiter-vitre-bretagne.jpg","datePublished":"2025-07-01T17:00:46+00:00","dateModified":"2025-07-02T08:26:00+00:00","breadcrumb":{"@id":"https:\/\/stourm.news\/?p=4361#breadcrumb"},"inLanguage":"fr-FR","potentialAction":[{"@type":"ReadAction","target":["https:\/\/stourm.news\/?p=4361"]}]},{"@type":"ImageObject","inLanguage":"fr-FR","@id":"https:\/\/stourm.news\/?p=4361#primaryimage","url":"https:\/\/stourm.news\/wp-content\/uploads\/2025\/07\/visiter-vitre-bretagne.jpg","contentUrl":"https:\/\/stourm.news\/wp-content\/uploads\/2025\/07\/visiter-vitre-bretagne.jpg","width":1170,"height":780},{"@type":"BreadcrumbList","@id":"https:\/\/stourm.news\/?p=4361#breadcrumb","itemListElement":[{"@type":"ListItem","position":1,"name":"Accueil","item":"https:\/\/stourm.news\/"},{"@type":"ListItem","position":2,"name":"Gwitreg (Vitr\u00e9) : d\u00e9j\u00e0 sous contr\u00f4le judiciaire, un Alg\u00e9rien poignarde deux fois les m\u00eames victimes dans la nuit"}]},{"@type":"WebSite","@id":"https:\/\/stourm.news\/#website","url":"https:\/\/stourm.news\/","name":"Stourm","description":"Kazetenn Strollad Broadel Breizh","publisher":{"@id":"https:\/\/stourm.news\/#organization"},"potentialAction":[{"@type":"SearchAction","target":{"@type":"EntryPoint","urlTemplate":"https:\/\/stourm.news\/?s={search_term_string}"},"query-input":{"@type":"PropertyValueSpecification","valueRequired":true,"valueName":"search_term_string"}}],"inLanguage":"fr-FR"},{"@type":"Organization","@id":"https:\/\/stourm.news\/#organization","name":"Stourm","url":"https:\/\/stourm.news\/","logo":{"@type":"ImageObject","inLanguage":"fr-FR","@id":"https:\/\/stourm.news\/#\/schema\/logo\/image\/","url":"https:\/\/stourm.news\/wp-content\/uploads\/2025\/11\/cropped-Capture-decran-2025-11-28-a-15.19.07.png","contentUrl":"https:\/\/stourm.news\/wp-content\/uploads\/2025\/11\/cropped-Capture-decran-2025-11-28-a-15.19.07.png","width":1855,"height":383,"caption":"Stourm"},"image":{"@id":"https:\/\/stourm.news\/#\/schema\/logo\/image\/"},"sameAs":["https:\/\/www.facebook.com\/stourmnews\/"]},{"@type":"Person","@id":"https:\/\/stourm.news\/#\/schema\/person\/c3e1dc65988632e190969234ef046cf9","name":"La r\u00e9daction","image":{"@type":"ImageObject","inLanguage":"fr-FR","@id":"https:\/\/stourm.news\/#\/schema\/person\/image\/","url":"https:\/\/secure.gravatar.com\/avatar\/7463443f194b6b5fb706b074ca0ef59a0cfcfd720cb47764b0ec5a952ce422b3?s=96&d=mm&r=g","contentUrl":"https:\/\/secure.gravatar.com\/avatar\/7463443f194b6b5fb706b074ca0ef59a0cfcfd720cb47764b0ec5a952ce422b3?s=96&d=mm&r=g","caption":"La r\u00e9daction"},"sameAs":["https:\/\/stourm.news"],"url":"https:\/\/stourm.news\/?author=1"}]}},"_links":{"self":[{"href":"https:\/\/stourm.news\/index.php?rest_route=\/wp\/v2\/posts\/4361","targetHints":{"allow":["GET"]}}],"collection":[{"href":"https:\/\/stourm.news\/index.php?rest_route=\/wp\/v2\/posts"}],"about":[{"href":"https:\/\/stourm.news\/index.php?rest_route=\/wp\/v2\/types\/post"}],"author":[{"embeddable":true,"href":"https:\/\/stourm.news\/index.php?rest_route=\/wp\/v2\/users\/1"}],"replies":[{"embeddable":true,"href":"https:\/\/stourm.news\/index.php?rest_route=%2Fwp%2Fv2%2Fcomments&post=4361"}],"version-history":[{"count":2,"href":"https:\/\/stourm.news\/index.php?rest_route=\/wp\/v2\/posts\/4361\/revisions"}],"predecessor-version":[{"id":4373,"href":"https:\/\/stourm.news\/index.php?rest_route=\/wp\/v2\/posts\/4361\/revisions\/4373"}],"wp:featuredmedia":[{"embeddable":true,"href":"https:\/\/stourm.news\/index.php?rest_route=\/wp\/v2\/media\/4362"}],"wp:attachment":[{"href":"https:\/\/stourm.news\/index.php?rest_route=%2Fwp%2Fv2%2Fmedia&parent=4361"}],"wp:term":[{"taxonomy":"category","embeddable":true,"href":"https:\/\/stourm.news\/index.php?rest_route=%2Fwp%2Fv2%2Fcategories&post=4361"},{"taxonomy":"post_tag","embeddable":true,"href":"https:\/\/stourm.news\/index.php?rest_route=%2Fwp%2Fv2%2Ftags&post=4361"}],"curies":[{"name":"wp","href":"https:\/\/api.w.org\/{rel}","templated":true}]}}