{"id":4364,"date":"2025-07-02T06:43:19","date_gmt":"2025-07-02T06:43:19","guid":{"rendered":"https:\/\/stourm.news\/?p=4364"},"modified":"2025-07-02T08:26:15","modified_gmt":"2025-07-02T08:26:15","slug":"saint-brieuc-2-roumains-juges-pour-proxenetisme-de-mineures-dont-une-sest-suicidee","status":"publish","type":"post","link":"https:\/\/stourm.news\/?p=4364","title":{"rendered":"Sant-Brieg (Saint-Brieuc) : 2 Roumains jug\u00e9s pour prox\u00e9n\u00e9tisme de mineures dont une s&rsquo;est suicid\u00e9e"},"content":{"rendered":"<p style=\"text-align: justify;\">Le 1er juillet 2025, le proc\u00e8s de deux fr\u00e8res <strong>roumains<\/strong>, soup\u00e7onn\u00e9s de prox\u00e9n\u00e9tisme aggrav\u00e9 \u00e0 Saint-Brieuc (C\u00f4tes-d\u2019Armor), a \u00e9t\u00e9 renvoy\u00e9 au 28 ao\u00fbt 2025, en raison de l\u2019absence de deux expertises psychiatriques obligatoires indique <strong><a href=\"https:\/\/www.ouest-france.fr\/societe\/prostitution\/le-proces-de-deux-freres-pour-proxenetisme-aggrave-en-bretagne-renvoye-a-la-fin-du-mois-daout-a2f50ef8-567c-11f0-bfe7-b5be353361db\">Ouest-France<\/a><\/strong>.<\/p>\n<p style=\"text-align: justify;\">Les faits, survenus entre janvier 2023 et mars 2024, impliquent l\u2019exploitation de plusieurs victimes, dont une mineure, dans un r\u00e9seau de prostitution. Les deux fr\u00e8res, Doru Gabor (40 ans, d\u00e9j\u00e0 condamn\u00e9 pour prox\u00e9n\u00e9tisme en 2010) et Florian Sandor (34 ans), sont accus\u00e9s d\u2019avoir prostitu\u00e9 des jeunes filles, certaines en fugue, contre de la drogue et des passes. <strong>Une victime s\u2019est suicid\u00e9e<\/strong>, une autre, plac\u00e9e en foyer, a \u00e9t\u00e9 rendue accro \u00e0 la drogue pour \u00eatre maintenue sous emprise. Un troisi\u00e8me homme, client pr\u00e9sum\u00e9, est poursuivi pour recours \u00e0 la prostitution de mineures.<\/p>\n<p style=\"text-align: justify;\">Le r\u00e9seau est \u00e9galement li\u00e9 \u00e0 un trafic de stup\u00e9fiants, jug\u00e9 s\u00e9par\u00e9ment. Cette affaire r\u00e9v\u00e8le la vuln\u00e9rabilit\u00e9 des mineures et les failles dans la lutte contre les r\u00e9seaux de prox\u00e9n\u00e9tisme \u00e9trangers qui op\u00e8rent en Bretagne.<\/p>\n<p style=\"text-align: right;\"><strong>Ewen Broc&rsquo;han<\/strong><\/p>\n","protected":false},"excerpt":{"rendered":"<p>Le 1er juillet 2025, le proc\u00e8s de deux fr\u00e8res roumains, soup\u00e7onn\u00e9s de prox\u00e9n\u00e9tisme aggrav\u00e9 \u00e0 Saint-Brieuc (C\u00f4tes-d\u2019Armor), a \u00e9t\u00e9 renvoy\u00e9 au 28 ao\u00fbt 2025, en raison de l\u2019absence de deux expertises psychiatriques obligatoires indique Ouest-France. Les faits, survenus entre janvier 2023 et mars 2024, impliquent l\u2019exploitation de plusieurs victimes, dont une mineure, dans un r\u00e9seau [&hellip;]<\/p>\n","protected":false},"author":1,"featured_media":4365,"comment_status":"open","ping_status":"open","sticky":false,"template":"","format":"standard","meta":{"sb_editor_width":"","footnotes":""},"categories":[39,52,33,62],"tags":[],"class_list":["post-4364","post","type-post","status-publish","format-standard","has-post-thumbnail","hentry","category-cotes-darmor","category-faits-divers","category-immigration","category-revue-de-presse"],"relative_dates":{"created":"10 mois ago","modified":"10 mois ago"},"yoast_head":"<!-- This site is optimized with the Yoast SEO plugin v26.3 - https:\/\/yoast.com\/wordpress\/plugins\/seo\/ -->\n<title>Sant-Brieg (Saint-Brieuc) : 2 Roumains jug\u00e9s pour prox\u00e9n\u00e9tisme de mineures dont une s&#039;est suicid\u00e9e - STOURM<\/title>\n<meta name=\"robots\" content=\"index, follow, max-snippet:-1, max-image-preview:large, max-video-preview:-1\" \/>\n<link rel=\"canonical\" href=\"https:\/\/stourm.news\/?p=4364\" \/>\n<meta property=\"og:locale\" content=\"fr_FR\" \/>\n<meta property=\"og:type\" content=\"article\" \/>\n<meta property=\"og:title\" content=\"Sant-Brieg (Saint-Brieuc) : 2 Roumains jug\u00e9s pour prox\u00e9n\u00e9tisme de mineures dont une s&#039;est suicid\u00e9e - STOURM\" \/>\n<meta property=\"og:description\" content=\"Le 1er juillet 2025, le proc\u00e8s de deux fr\u00e8res roumains, soup\u00e7onn\u00e9s de prox\u00e9n\u00e9tisme aggrav\u00e9 \u00e0 Saint-Brieuc (C\u00f4tes-d\u2019Armor), a \u00e9t\u00e9 renvoy\u00e9 au 28 ao\u00fbt 2025, en raison de l\u2019absence de deux expertises psychiatriques obligatoires indique Ouest-France. Les faits, survenus entre janvier 2023 et mars 2024, impliquent l\u2019exploitation de plusieurs victimes, dont une mineure, dans un r\u00e9seau [&hellip;]\" \/>\n<meta property=\"og:url\" content=\"https:\/\/stourm.news\/?p=4364\" \/>\n<meta property=\"og:site_name\" content=\"STOURM\" \/>\n<meta property=\"article:publisher\" content=\"https:\/\/www.facebook.com\/stourmnews\/\" \/>\n<meta property=\"article:published_time\" content=\"2025-07-02T06:43:19+00:00\" \/>\n<meta property=\"article:modified_time\" content=\"2025-07-02T08:26:15+00:00\" \/>\n<meta name=\"author\" content=\"La r\u00e9daction\" \/>\n<meta name=\"twitter:card\" content=\"summary_large_image\" \/>\n<meta name=\"twitter:label1\" content=\"\u00c9crit par\" \/>\n\t<meta name=\"twitter:data1\" content=\"La r\u00e9daction\" \/>\n\t<meta name=\"twitter:label2\" content=\"Dur\u00e9e de lecture estim\u00e9e\" \/>\n\t<meta name=\"twitter:data2\" content=\"2 minutes\" \/>\n<script type=\"application\/ld+json\" class=\"yoast-schema-graph\">{\"@context\":\"https:\/\/schema.org\",\"@graph\":[{\"@type\":\"Article\",\"@id\":\"https:\/\/stourm.news\/?p=4364#article\",\"isPartOf\":{\"@id\":\"https:\/\/stourm.news\/?p=4364\"},\"author\":{\"name\":\"La r\u00e9daction\",\"@id\":\"https:\/\/stourm.news\/#\/schema\/person\/c3e1dc65988632e190969234ef046cf9\"},\"headline\":\"Sant-Brieg (Saint-Brieuc) : 2 Roumains jug\u00e9s pour prox\u00e9n\u00e9tisme de mineures dont une s&rsquo;est suicid\u00e9e\",\"datePublished\":\"2025-07-02T06:43:19+00:00\",\"dateModified\":\"2025-07-02T08:26:15+00:00\",\"mainEntityOfPage\":{\"@id\":\"https:\/\/stourm.news\/?p=4364\"},\"wordCount\":204,\"commentCount\":0,\"publisher\":{\"@id\":\"https:\/\/stourm.news\/#organization\"},\"image\":{\"@id\":\"https:\/\/stourm.news\/?p=4364#primaryimage\"},\"thumbnailUrl\":\"https:\/\/stourm.news\/wp-content\/uploads\/2025\/07\/MjAxODAzNDAzYjY2YzM4MTk0MDQxZjMwMDA3MjRhMjViN2M0NTU.avif\",\"articleSection\":[\"C\u00f4tes d'Armor\",\"Faits divers\",\"Immigration\",\"Revue de presse\"],\"inLanguage\":\"fr-FR\",\"potentialAction\":[{\"@type\":\"CommentAction\",\"name\":\"Comment\",\"target\":[\"https:\/\/stourm.news\/?p=4364#respond\"]}]},{\"@type\":\"WebPage\",\"@id\":\"https:\/\/stourm.news\/?p=4364\",\"url\":\"https:\/\/stourm.news\/?p=4364\",\"name\":\"Sant-Brieg (Saint-Brieuc) : 2 Roumains jug\u00e9s pour prox\u00e9n\u00e9tisme de mineures dont une s'est suicid\u00e9e - STOURM\",\"isPartOf\":{\"@id\":\"https:\/\/stourm.news\/#website\"},\"primaryImageOfPage\":{\"@id\":\"https:\/\/stourm.news\/?p=4364#primaryimage\"},\"image\":{\"@id\":\"https:\/\/stourm.news\/?p=4364#primaryimage\"},\"thumbnailUrl\":\"https:\/\/stourm.news\/wp-content\/uploads\/2025\/07\/MjAxODAzNDAzYjY2YzM4MTk0MDQxZjMwMDA3MjRhMjViN2M0NTU.avif\",\"datePublished\":\"2025-07-02T06:43:19+00:00\",\"dateModified\":\"2025-07-02T08:26:15+00:00\",\"breadcrumb\":{\"@id\":\"https:\/\/stourm.news\/?p=4364#breadcrumb\"},\"inLanguage\":\"fr-FR\",\"potentialAction\":[{\"@type\":\"ReadAction\",\"target\":[\"https:\/\/stourm.news\/?p=4364\"]}]},{\"@type\":\"ImageObject\",\"inLanguage\":\"fr-FR\",\"@id\":\"https:\/\/stourm.news\/?p=4364#primaryimage\",\"url\":\"https:\/\/stourm.news\/wp-content\/uploads\/2025\/07\/MjAxODAzNDAzYjY2YzM4MTk0MDQxZjMwMDA3MjRhMjViN2M0NTU.avif\",\"contentUrl\":\"https:\/\/stourm.news\/wp-content\/uploads\/2025\/07\/MjAxODAzNDAzYjY2YzM4MTk0MDQxZjMwMDA3MjRhMjViN2M0NTU.avif\",\"width\":1260,\"height\":708},{\"@type\":\"BreadcrumbList\",\"@id\":\"https:\/\/stourm.news\/?p=4364#breadcrumb\",\"itemListElement\":[{\"@type\":\"ListItem\",\"position\":1,\"name\":\"Accueil\",\"item\":\"https:\/\/stourm.news\/\"},{\"@type\":\"ListItem\",\"position\":2,\"name\":\"Sant-Brieg (Saint-Brieuc) : 2 Roumains jug\u00e9s pour prox\u00e9n\u00e9tisme de mineures dont une s&rsquo;est suicid\u00e9e\"}]},{\"@type\":\"WebSite\",\"@id\":\"https:\/\/stourm.news\/#website\",\"url\":\"https:\/\/stourm.news\/\",\"name\":\"Stourm\",\"description\":\"Kazetenn Strollad Broadel Breizh\",\"publisher\":{\"@id\":\"https:\/\/stourm.news\/#organization\"},\"potentialAction\":[{\"@type\":\"SearchAction\",\"target\":{\"@type\":\"EntryPoint\",\"urlTemplate\":\"https:\/\/stourm.news\/?s={search_term_string}\"},\"query-input\":{\"@type\":\"PropertyValueSpecification\",\"valueRequired\":true,\"valueName\":\"search_term_string\"}}],\"inLanguage\":\"fr-FR\"},{\"@type\":\"Organization\",\"@id\":\"https:\/\/stourm.news\/#organization\",\"name\":\"Stourm\",\"url\":\"https:\/\/stourm.news\/\",\"logo\":{\"@type\":\"ImageObject\",\"inLanguage\":\"fr-FR\",\"@id\":\"https:\/\/stourm.news\/#\/schema\/logo\/image\/\",\"url\":\"https:\/\/stourm.news\/wp-content\/uploads\/2025\/11\/cropped-Capture-decran-2025-11-28-a-15.19.07.png\",\"contentUrl\":\"https:\/\/stourm.news\/wp-content\/uploads\/2025\/11\/cropped-Capture-decran-2025-11-28-a-15.19.07.png\",\"width\":1855,\"height\":383,\"caption\":\"Stourm\"},\"image\":{\"@id\":\"https:\/\/stourm.news\/#\/schema\/logo\/image\/\"},\"sameAs\":[\"https:\/\/www.facebook.com\/stourmnews\/\"]},{\"@type\":\"Person\",\"@id\":\"https:\/\/stourm.news\/#\/schema\/person\/c3e1dc65988632e190969234ef046cf9\",\"name\":\"La r\u00e9daction\",\"image\":{\"@type\":\"ImageObject\",\"inLanguage\":\"fr-FR\",\"@id\":\"https:\/\/stourm.news\/#\/schema\/person\/image\/\",\"url\":\"https:\/\/secure.gravatar.com\/avatar\/7463443f194b6b5fb706b074ca0ef59a0cfcfd720cb47764b0ec5a952ce422b3?s=96&d=mm&r=g\",\"contentUrl\":\"https:\/\/secure.gravatar.com\/avatar\/7463443f194b6b5fb706b074ca0ef59a0cfcfd720cb47764b0ec5a952ce422b3?s=96&d=mm&r=g\",\"caption\":\"La r\u00e9daction\"},\"sameAs\":[\"https:\/\/stourm.news\"],\"url\":\"https:\/\/stourm.news\/?author=1\"}]}<\/script>\n<!-- \/ Yoast SEO plugin. -->","yoast_head_json":{"title":"Sant-Brieg (Saint-Brieuc) : 2 Roumains jug\u00e9s pour prox\u00e9n\u00e9tisme de mineures dont une s'est suicid\u00e9e - STOURM","robots":{"index":"index","follow":"follow","max-snippet":"max-snippet:-1","max-image-preview":"max-image-preview:large","max-video-preview":"max-video-preview:-1"},"canonical":"https:\/\/stourm.news\/?p=4364","og_locale":"fr_FR","og_type":"article","og_title":"Sant-Brieg (Saint-Brieuc) : 2 Roumains jug\u00e9s pour prox\u00e9n\u00e9tisme de mineures dont une s'est suicid\u00e9e - STOURM","og_description":"Le 1er juillet 2025, le proc\u00e8s de deux fr\u00e8res roumains, soup\u00e7onn\u00e9s de prox\u00e9n\u00e9tisme aggrav\u00e9 \u00e0 Saint-Brieuc (C\u00f4tes-d\u2019Armor), a \u00e9t\u00e9 renvoy\u00e9 au 28 ao\u00fbt 2025, en raison de l\u2019absence de deux expertises psychiatriques obligatoires indique Ouest-France. Les faits, survenus entre janvier 2023 et mars 2024, impliquent l\u2019exploitation de plusieurs victimes, dont une mineure, dans un r\u00e9seau [&hellip;]","og_url":"https:\/\/stourm.news\/?p=4364","og_site_name":"STOURM","article_publisher":"https:\/\/www.facebook.com\/stourmnews\/","article_published_time":"2025-07-02T06:43:19+00:00","article_modified_time":"2025-07-02T08:26:15+00:00","author":"La r\u00e9daction","twitter_card":"summary_large_image","twitter_misc":{"\u00c9crit par":"La r\u00e9daction","Dur\u00e9e de lecture estim\u00e9e":"2 minutes"},"schema":{"@context":"https:\/\/schema.org","@graph":[{"@type":"Article","@id":"https:\/\/stourm.news\/?p=4364#article","isPartOf":{"@id":"https:\/\/stourm.news\/?p=4364"},"author":{"name":"La r\u00e9daction","@id":"https:\/\/stourm.news\/#\/schema\/person\/c3e1dc65988632e190969234ef046cf9"},"headline":"Sant-Brieg (Saint-Brieuc) : 2 Roumains jug\u00e9s pour prox\u00e9n\u00e9tisme de mineures dont une s&rsquo;est suicid\u00e9e","datePublished":"2025-07-02T06:43:19+00:00","dateModified":"2025-07-02T08:26:15+00:00","mainEntityOfPage":{"@id":"https:\/\/stourm.news\/?p=4364"},"wordCount":204,"commentCount":0,"publisher":{"@id":"https:\/\/stourm.news\/#organization"},"image":{"@id":"https:\/\/stourm.news\/?p=4364#primaryimage"},"thumbnailUrl":"https:\/\/stourm.news\/wp-content\/uploads\/2025\/07\/MjAxODAzNDAzYjY2YzM4MTk0MDQxZjMwMDA3MjRhMjViN2M0NTU.avif","articleSection":["C\u00f4tes d'Armor","Faits divers","Immigration","Revue de presse"],"inLanguage":"fr-FR","potentialAction":[{"@type":"CommentAction","name":"Comment","target":["https:\/\/stourm.news\/?p=4364#respond"]}]},{"@type":"WebPage","@id":"https:\/\/stourm.news\/?p=4364","url":"https:\/\/stourm.news\/?p=4364","name":"Sant-Brieg (Saint-Brieuc) : 2 Roumains jug\u00e9s pour prox\u00e9n\u00e9tisme de mineures dont une s'est suicid\u00e9e - STOURM","isPartOf":{"@id":"https:\/\/stourm.news\/#website"},"primaryImageOfPage":{"@id":"https:\/\/stourm.news\/?p=4364#primaryimage"},"image":{"@id":"https:\/\/stourm.news\/?p=4364#primaryimage"},"thumbnailUrl":"https:\/\/stourm.news\/wp-content\/uploads\/2025\/07\/MjAxODAzNDAzYjY2YzM4MTk0MDQxZjMwMDA3MjRhMjViN2M0NTU.avif","datePublished":"2025-07-02T06:43:19+00:00","dateModified":"2025-07-02T08:26:15+00:00","breadcrumb":{"@id":"https:\/\/stourm.news\/?p=4364#breadcrumb"},"inLanguage":"fr-FR","potentialAction":[{"@type":"ReadAction","target":["https:\/\/stourm.news\/?p=4364"]}]},{"@type":"ImageObject","inLanguage":"fr-FR","@id":"https:\/\/stourm.news\/?p=4364#primaryimage","url":"https:\/\/stourm.news\/wp-content\/uploads\/2025\/07\/MjAxODAzNDAzYjY2YzM4MTk0MDQxZjMwMDA3MjRhMjViN2M0NTU.avif","contentUrl":"https:\/\/stourm.news\/wp-content\/uploads\/2025\/07\/MjAxODAzNDAzYjY2YzM4MTk0MDQxZjMwMDA3MjRhMjViN2M0NTU.avif","width":1260,"height":708},{"@type":"BreadcrumbList","@id":"https:\/\/stourm.news\/?p=4364#breadcrumb","itemListElement":[{"@type":"ListItem","position":1,"name":"Accueil","item":"https:\/\/stourm.news\/"},{"@type":"ListItem","position":2,"name":"Sant-Brieg (Saint-Brieuc) : 2 Roumains jug\u00e9s pour prox\u00e9n\u00e9tisme de mineures dont une s&rsquo;est suicid\u00e9e"}]},{"@type":"WebSite","@id":"https:\/\/stourm.news\/#website","url":"https:\/\/stourm.news\/","name":"Stourm","description":"Kazetenn Strollad Broadel Breizh","publisher":{"@id":"https:\/\/stourm.news\/#organization"},"potentialAction":[{"@type":"SearchAction","target":{"@type":"EntryPoint","urlTemplate":"https:\/\/stourm.news\/?s={search_term_string}"},"query-input":{"@type":"PropertyValueSpecification","valueRequired":true,"valueName":"search_term_string"}}],"inLanguage":"fr-FR"},{"@type":"Organization","@id":"https:\/\/stourm.news\/#organization","name":"Stourm","url":"https:\/\/stourm.news\/","logo":{"@type":"ImageObject","inLanguage":"fr-FR","@id":"https:\/\/stourm.news\/#\/schema\/logo\/image\/","url":"https:\/\/stourm.news\/wp-content\/uploads\/2025\/11\/cropped-Capture-decran-2025-11-28-a-15.19.07.png","contentUrl":"https:\/\/stourm.news\/wp-content\/uploads\/2025\/11\/cropped-Capture-decran-2025-11-28-a-15.19.07.png","width":1855,"height":383,"caption":"Stourm"},"image":{"@id":"https:\/\/stourm.news\/#\/schema\/logo\/image\/"},"sameAs":["https:\/\/www.facebook.com\/stourmnews\/"]},{"@type":"Person","@id":"https:\/\/stourm.news\/#\/schema\/person\/c3e1dc65988632e190969234ef046cf9","name":"La r\u00e9daction","image":{"@type":"ImageObject","inLanguage":"fr-FR","@id":"https:\/\/stourm.news\/#\/schema\/person\/image\/","url":"https:\/\/secure.gravatar.com\/avatar\/7463443f194b6b5fb706b074ca0ef59a0cfcfd720cb47764b0ec5a952ce422b3?s=96&d=mm&r=g","contentUrl":"https:\/\/secure.gravatar.com\/avatar\/7463443f194b6b5fb706b074ca0ef59a0cfcfd720cb47764b0ec5a952ce422b3?s=96&d=mm&r=g","caption":"La r\u00e9daction"},"sameAs":["https:\/\/stourm.news"],"url":"https:\/\/stourm.news\/?author=1"}]}},"_links":{"self":[{"href":"https:\/\/stourm.news\/index.php?rest_route=\/wp\/v2\/posts\/4364","targetHints":{"allow":["GET"]}}],"collection":[{"href":"https:\/\/stourm.news\/index.php?rest_route=\/wp\/v2\/posts"}],"about":[{"href":"https:\/\/stourm.news\/index.php?rest_route=\/wp\/v2\/types\/post"}],"author":[{"embeddable":true,"href":"https:\/\/stourm.news\/index.php?rest_route=\/wp\/v2\/users\/1"}],"replies":[{"embeddable":true,"href":"https:\/\/stourm.news\/index.php?rest_route=%2Fwp%2Fv2%2Fcomments&post=4364"}],"version-history":[{"count":2,"href":"https:\/\/stourm.news\/index.php?rest_route=\/wp\/v2\/posts\/4364\/revisions"}],"predecessor-version":[{"id":4374,"href":"https:\/\/stourm.news\/index.php?rest_route=\/wp\/v2\/posts\/4364\/revisions\/4374"}],"wp:featuredmedia":[{"embeddable":true,"href":"https:\/\/stourm.news\/index.php?rest_route=\/wp\/v2\/media\/4365"}],"wp:attachment":[{"href":"https:\/\/stourm.news\/index.php?rest_route=%2Fwp%2Fv2%2Fmedia&parent=4364"}],"wp:term":[{"taxonomy":"category","embeddable":true,"href":"https:\/\/stourm.news\/index.php?rest_route=%2Fwp%2Fv2%2Fcategories&post=4364"},{"taxonomy":"post_tag","embeddable":true,"href":"https:\/\/stourm.news\/index.php?rest_route=%2Fwp%2Fv2%2Ftags&post=4364"}],"curies":[{"name":"wp","href":"https:\/\/api.w.org\/{rel}","templated":true}]}}