{"id":4367,"date":"2025-07-02T07:00:40","date_gmt":"2025-07-02T07:00:40","guid":{"rendered":"https:\/\/stourm.news\/?p=4367"},"modified":"2025-07-02T07:02:37","modified_gmt":"2025-07-02T07:02:37","slug":"les-groupes-liot-et-rn-votent-limportation-de-clandestins-de-mayotte-en-metropole-et-en-bretagne","status":"publish","type":"post","link":"https:\/\/stourm.news\/?p=4367","title":{"rendered":"Les groupes LIOT et RN votent l\u2019importation de clandestins de Mayotte en m\u00e9tropole et en Bretagne"},"content":{"rendered":"<p style=\"text-align: justify;\">Le 24 juin 2025, l\u2019Assembl\u00e9e nationale fran\u00e7aise a entam\u00e9 l\u2019examen d\u2019une loi dite \u00ab pour la refondation de Mayotte \u00bb, un texte qui, sous couvert de r\u00e9pondre \u00e0 la crise migratoire dans cette colonie fran\u00e7aise ultra-marine, ouvre grand les portes \u00e0 l\u2019importation de clandestins d&rsquo;Afrique en France m\u00e9tropolitaine, y compris en Bretagne. Parmi les soutiens \u00e0 ce projet, le groupe parlementaire LIOT (Libert\u00e9s, Ind\u00e9pendants, Outre-mer et Territoires), auquel appartient le d\u00e9put\u00e9 breton Paul Molac, a jou\u00e9 un r\u00f4le cl\u00e9, trahissant ainsi les int\u00e9r\u00eats des Bretons en cautionnant une politique migratoire dict\u00e9e par l&rsquo;imp\u00e9rialisme fran\u00e7ais dans l&rsquo;Oc\u00e9an indien. Plus troublant encore, le Rassemblement National (RN), qui se pr\u00e9sente comme un rempart contre l\u2019immigration, a \u00e9galement vot\u00e9 en faveur de ce texte, r\u00e9v\u00e9lant une duplicit\u00e9 criante.<\/p>\n<p style=\"text-align: justify;\"><strong>Une loi qui aggrave la crise migratoire<\/strong><\/p>\n<p style=\"text-align: justify;\">Le projet de loi, port\u00e9 par le ministre des Outre-mer Manuel Valls, pr\u00e9tend r\u00e9pondre aux d\u00e9fis \u00e9conomiques, sociaux et s\u00e9curitaires de Mayotte, o\u00f9 l\u2019immigration ill\u00e9gale, principalement en provenance d\u2019Afrique via les Comores, alimente les tensions. Cependant, loin de renforcer les contr\u00f4les aux fronti\u00e8res, ce texte abolit <strong>les visas territorialis\u00e9s<\/strong> \u00e0 l\u2019horizon 2030, permettant ainsi aux d\u00e9tenteurs de titres de s\u00e9jour mahorais <strong>de se d\u00e9placer vers la France m\u00e9tropolitaine, y compris en Bretagne<\/strong>, o\u00f9 les structures d\u2019accueil sont d\u00e9j\u00e0 satur\u00e9es. La d\u00e9put\u00e9e LIOT de Mayotte, Estelle Youssouffa, a salu\u00e9 ce projet comme une \u00ab \u00e9tape historique \u00bb vers l\u2019\u00e9galit\u00e9, tandis que son groupe, incluant Paul Molac, a soutenu une loi qui, dans les faits, risque d\u2019aggraver la crise migratoire en m\u00e9tropole et de compromettre la stabilit\u00e9 de la Bretagne.<\/p>\n<p style=\"text-align: justify;\"><strong>La complicit\u00e9 du groupe LIOT et de Paul Molac<\/strong><\/p>\n<p style=\"text-align: justify;\">Paul Molac, d\u00e9put\u00e9 du Morbihan, figure embl\u00e9matique du \u00ab\u00a0r\u00e9gionalisme breton\u00a0\u00bb, s\u2019est illustr\u00e9 par son engagement dans le groupe LIOT, qui se veut d\u00e9fenseur des \u00ab\u00a0territoires\u00a0\u00bb et des \u00ab\u00a0identit\u00e9s locales\u00a0\u00bb. Pourtant, en soutenant cette loi, LIOT, sous l\u2019impulsion de figures comme Molac, tourne le dos \u00e0 la d\u00e9fense des int\u00e9r\u00eats bretons.<\/p>\n<p><img fetchpriority=\"high\" decoding=\"async\" class=\"alignnone size-medium\" src=\"https:\/\/www.francebleu.fr\/s3\/cruiser-production-eu3\/2024\/09\/81d7493a-8a6c-4ab9-83df-19fff6e1ee72\/1200x680_sc_maxnewsfrfive188379.jpg\" width=\"1200\" height=\"680\" \/><\/p>\n<p style=\"text-align: center;\"><em>Paul Molac, d\u00e9put\u00e9 membre du groupe LIOT<\/em><\/p>\n<p style=\"text-align: justify;\">En permettant l\u2019arriv\u00e9e de clandestins en Bretagne pour conforter la position de l&rsquo;\u00c9tat fran\u00e7ais \u00e0 Mayotte, ce groupe contribue \u00e0 fragiliser la coh\u00e9sion sociale et culturelle de la Bretagne o\u00f9 l&rsquo;immigration mahoraise <strong><a href=\"https:\/\/www.leparisien.fr\/faits-divers\/enfant-blesse-par-balles-pres-de-rennes-la-piste-des-represailles-apres-une-rixe-entre-trafiquants-rivaux-28-10-2024-SXXH6PGLBJBTTEWES5SD63RIR4.php\">entra\u00eene d\u00e9j\u00e0 des drames<\/a><\/strong>. Cette d\u00e9cision est une trahison manifeste des aspirations bretonnes \u00e0 pr\u00e9server notre identit\u00e9 et notre s\u00e9curit\u00e9 face \u00e0 une immigration de masse impos\u00e9e par l&rsquo;\u00c9tat fran\u00e7ais.<\/p>\n<p style=\"text-align: justify;\"><strong>L\u2019hypocrisie du RN : un vote qui contredit son discours<\/strong><\/p>\n<p style=\"text-align: justify;\">Le Rassemblement National, par la voix de la d\u00e9put\u00e9e mahoraise Anchya Bamana, a vot\u00e9 en faveur de cette loi permettant d&rsquo;exporter en Europe ces migrants clandestins, r\u00e9v\u00e9lant une incoh\u00e9rence flagrante avec son discours anti-immigration.<\/p>\n<p><img decoding=\"async\" class=\"alignnone size-medium\" src=\"https:\/\/backend.streetpress.com\/sites\/default\/files\/field\/image\/mlp.jpg\" width=\"1700\" height=\"1133\" \/><\/p>\n<p style=\"text-align: justify;\">Ce soutien inattendu du parti de Marine Le Pen et Jordan Bardella, qui pr\u00e9tend d\u00e9fendre la \u00ab pr\u00e9f\u00e9rence nationale \u00bb, montre que ses positions peuvent vaciller lorsqu\u2019il s\u2019agit de conforter des alliances tactiques ou de suivre la pression politique du moment. Ce vote est une gifle pour ceux qui voyaient dans le RN un rempart contre l\u2019immigration massive.<\/p>\n<p style=\"text-align: justify;\"><strong>Une Bretagne souveraine pour un contr\u00f4le effectif des fronti\u00e8res<\/strong><\/p>\n<p style=\"text-align: justify;\">Cette loi, soutenue par LIOT et le RN, met en lumi\u00e8re une v\u00e9rit\u00e9 criante : tant que la Bretagne restera sous la tutelle de l\u2019\u00c9tat fran\u00e7ais, elle sera vuln\u00e9rable aux d\u00e9cisions fran\u00e7aises qui m\u00e9prisent ses int\u00e9r\u00eats. L\u2019importation de clandestins, d\u00e9cid\u00e9e \u00e0 Paris, expose la Bretagne \u00e0 des d\u00e9fis s\u00e9curitaires, sociaux et \u00e9conomiques sans qu\u2019elle ait son mot \u00e0 dire. Seule une Bretagne ma\u00eetresse de ses fronti\u00e8res, libre de d\u00e9terminer ses politiques migratoires, pourra garantir la s\u00e9curit\u00e9 de ses habitants et pr\u00e9server son identit\u00e9 culturelle. Il est temps que les Bretons reprennent le contr\u00f4le de leur destin, loin des trahisons des \u00e9lites parisiennes et de leurs relais locaux.<\/p>\n<p style=\"text-align: right;\"><strong>Budig Gourmaelon<\/strong><\/p>\n","protected":false},"excerpt":{"rendered":"<p>Le 24 juin 2025, l\u2019Assembl\u00e9e nationale fran\u00e7aise a entam\u00e9 l\u2019examen d\u2019une loi dite \u00ab pour la refondation de Mayotte \u00bb, un texte qui, sous couvert de r\u00e9pondre \u00e0 la crise migratoire dans cette colonie fran\u00e7aise ultra-marine, ouvre grand les portes \u00e0 l\u2019importation de clandestins d&rsquo;Afrique en France m\u00e9tropolitaine, y compris en Bretagne. Parmi les soutiens [&hellip;]<\/p>\n","protected":false},"author":1,"featured_media":4368,"comment_status":"open","ping_status":"open","sticky":false,"template":"","format":"standard","meta":{"sb_editor_width":"","footnotes":""},"categories":[33,67,65],"tags":[],"class_list":["post-4367","post","type-post","status-publish","format-standard","has-post-thumbnail","hentry","category-immigration","category-politique","category-principale"],"relative_dates":{"created":"10 mois ago","modified":"10 mois ago"},"yoast_head":"<!-- This site is optimized with the Yoast SEO plugin v26.3 - https:\/\/yoast.com\/wordpress\/plugins\/seo\/ -->\n<title>Les groupes LIOT et RN votent l\u2019importation de clandestins de Mayotte en m\u00e9tropole et en Bretagne - STOURM<\/title>\n<meta name=\"robots\" content=\"index, follow, max-snippet:-1, max-image-preview:large, max-video-preview:-1\" \/>\n<link rel=\"canonical\" href=\"https:\/\/stourm.news\/?p=4367\" \/>\n<meta property=\"og:locale\" content=\"fr_FR\" \/>\n<meta property=\"og:type\" content=\"article\" \/>\n<meta property=\"og:title\" content=\"Les groupes LIOT et RN votent l\u2019importation de clandestins de Mayotte en m\u00e9tropole et en Bretagne - STOURM\" \/>\n<meta property=\"og:description\" content=\"Le 24 juin 2025, l\u2019Assembl\u00e9e nationale fran\u00e7aise a entam\u00e9 l\u2019examen d\u2019une loi dite \u00ab pour la refondation de Mayotte \u00bb, un texte qui, sous couvert de r\u00e9pondre \u00e0 la crise migratoire dans cette colonie fran\u00e7aise ultra-marine, ouvre grand les portes \u00e0 l\u2019importation de clandestins d&rsquo;Afrique en France m\u00e9tropolitaine, y compris en Bretagne. Parmi les soutiens [&hellip;]\" \/>\n<meta property=\"og:url\" content=\"https:\/\/stourm.news\/?p=4367\" \/>\n<meta property=\"og:site_name\" content=\"STOURM\" \/>\n<meta property=\"article:publisher\" content=\"https:\/\/www.facebook.com\/stourmnews\/\" \/>\n<meta property=\"article:published_time\" content=\"2025-07-02T07:00:40+00:00\" \/>\n<meta property=\"article:modified_time\" content=\"2025-07-02T07:02:37+00:00\" \/>\n<meta property=\"og:image\" content=\"https:\/\/stourm.news\/wp-content\/uploads\/2025\/07\/2023_Mayotte_reportage_MartinStraub4-1536x863-1.jpg\" \/>\n\t<meta property=\"og:image:width\" content=\"1536\" \/>\n\t<meta property=\"og:image:height\" content=\"863\" \/>\n\t<meta property=\"og:image:type\" content=\"image\/jpeg\" \/>\n<meta name=\"author\" content=\"La r\u00e9daction\" \/>\n<meta name=\"twitter:card\" content=\"summary_large_image\" \/>\n<meta name=\"twitter:label1\" content=\"\u00c9crit par\" \/>\n\t<meta name=\"twitter:data1\" content=\"La r\u00e9daction\" \/>\n\t<meta name=\"twitter:label2\" content=\"Dur\u00e9e de lecture estim\u00e9e\" \/>\n\t<meta name=\"twitter:data2\" content=\"4 minutes\" \/>\n<script type=\"application\/ld+json\" class=\"yoast-schema-graph\">{\"@context\":\"https:\/\/schema.org\",\"@graph\":[{\"@type\":\"Article\",\"@id\":\"https:\/\/stourm.news\/?p=4367#article\",\"isPartOf\":{\"@id\":\"https:\/\/stourm.news\/?p=4367\"},\"author\":{\"name\":\"La r\u00e9daction\",\"@id\":\"https:\/\/stourm.news\/#\/schema\/person\/c3e1dc65988632e190969234ef046cf9\"},\"headline\":\"Les groupes LIOT et RN votent l\u2019importation de clandestins de Mayotte en m\u00e9tropole et en Bretagne\",\"datePublished\":\"2025-07-02T07:00:40+00:00\",\"dateModified\":\"2025-07-02T07:02:37+00:00\",\"mainEntityOfPage\":{\"@id\":\"https:\/\/stourm.news\/?p=4367\"},\"wordCount\":714,\"commentCount\":0,\"publisher\":{\"@id\":\"https:\/\/stourm.news\/#organization\"},\"image\":{\"@id\":\"https:\/\/stourm.news\/?p=4367#primaryimage\"},\"thumbnailUrl\":\"https:\/\/stourm.news\/wp-content\/uploads\/2025\/07\/2023_Mayotte_reportage_MartinStraub4-1536x863-1.jpg\",\"articleSection\":[\"Immigration\",\"Politique\",\"Principale\"],\"inLanguage\":\"fr-FR\",\"potentialAction\":[{\"@type\":\"CommentAction\",\"name\":\"Comment\",\"target\":[\"https:\/\/stourm.news\/?p=4367#respond\"]}]},{\"@type\":\"WebPage\",\"@id\":\"https:\/\/stourm.news\/?p=4367\",\"url\":\"https:\/\/stourm.news\/?p=4367\",\"name\":\"Les groupes LIOT et RN votent l\u2019importation de clandestins de Mayotte en m\u00e9tropole et en Bretagne - STOURM\",\"isPartOf\":{\"@id\":\"https:\/\/stourm.news\/#website\"},\"primaryImageOfPage\":{\"@id\":\"https:\/\/stourm.news\/?p=4367#primaryimage\"},\"image\":{\"@id\":\"https:\/\/stourm.news\/?p=4367#primaryimage\"},\"thumbnailUrl\":\"https:\/\/stourm.news\/wp-content\/uploads\/2025\/07\/2023_Mayotte_reportage_MartinStraub4-1536x863-1.jpg\",\"datePublished\":\"2025-07-02T07:00:40+00:00\",\"dateModified\":\"2025-07-02T07:02:37+00:00\",\"breadcrumb\":{\"@id\":\"https:\/\/stourm.news\/?p=4367#breadcrumb\"},\"inLanguage\":\"fr-FR\",\"potentialAction\":[{\"@type\":\"ReadAction\",\"target\":[\"https:\/\/stourm.news\/?p=4367\"]}]},{\"@type\":\"ImageObject\",\"inLanguage\":\"fr-FR\",\"@id\":\"https:\/\/stourm.news\/?p=4367#primaryimage\",\"url\":\"https:\/\/stourm.news\/wp-content\/uploads\/2025\/07\/2023_Mayotte_reportage_MartinStraub4-1536x863-1.jpg\",\"contentUrl\":\"https:\/\/stourm.news\/wp-content\/uploads\/2025\/07\/2023_Mayotte_reportage_MartinStraub4-1536x863-1.jpg\",\"width\":1536,\"height\":863},{\"@type\":\"BreadcrumbList\",\"@id\":\"https:\/\/stourm.news\/?p=4367#breadcrumb\",\"itemListElement\":[{\"@type\":\"ListItem\",\"position\":1,\"name\":\"Accueil\",\"item\":\"https:\/\/stourm.news\/\"},{\"@type\":\"ListItem\",\"position\":2,\"name\":\"Les groupes LIOT et RN votent l\u2019importation de clandestins de Mayotte en m\u00e9tropole et en Bretagne\"}]},{\"@type\":\"WebSite\",\"@id\":\"https:\/\/stourm.news\/#website\",\"url\":\"https:\/\/stourm.news\/\",\"name\":\"Stourm\",\"description\":\"Kazetenn Strollad Broadel Breizh\",\"publisher\":{\"@id\":\"https:\/\/stourm.news\/#organization\"},\"potentialAction\":[{\"@type\":\"SearchAction\",\"target\":{\"@type\":\"EntryPoint\",\"urlTemplate\":\"https:\/\/stourm.news\/?s={search_term_string}\"},\"query-input\":{\"@type\":\"PropertyValueSpecification\",\"valueRequired\":true,\"valueName\":\"search_term_string\"}}],\"inLanguage\":\"fr-FR\"},{\"@type\":\"Organization\",\"@id\":\"https:\/\/stourm.news\/#organization\",\"name\":\"Stourm\",\"url\":\"https:\/\/stourm.news\/\",\"logo\":{\"@type\":\"ImageObject\",\"inLanguage\":\"fr-FR\",\"@id\":\"https:\/\/stourm.news\/#\/schema\/logo\/image\/\",\"url\":\"https:\/\/stourm.news\/wp-content\/uploads\/2025\/11\/cropped-Capture-decran-2025-11-28-a-15.19.07.png\",\"contentUrl\":\"https:\/\/stourm.news\/wp-content\/uploads\/2025\/11\/cropped-Capture-decran-2025-11-28-a-15.19.07.png\",\"width\":1855,\"height\":383,\"caption\":\"Stourm\"},\"image\":{\"@id\":\"https:\/\/stourm.news\/#\/schema\/logo\/image\/\"},\"sameAs\":[\"https:\/\/www.facebook.com\/stourmnews\/\"]},{\"@type\":\"Person\",\"@id\":\"https:\/\/stourm.news\/#\/schema\/person\/c3e1dc65988632e190969234ef046cf9\",\"name\":\"La r\u00e9daction\",\"image\":{\"@type\":\"ImageObject\",\"inLanguage\":\"fr-FR\",\"@id\":\"https:\/\/stourm.news\/#\/schema\/person\/image\/\",\"url\":\"https:\/\/secure.gravatar.com\/avatar\/7463443f194b6b5fb706b074ca0ef59a0cfcfd720cb47764b0ec5a952ce422b3?s=96&d=mm&r=g\",\"contentUrl\":\"https:\/\/secure.gravatar.com\/avatar\/7463443f194b6b5fb706b074ca0ef59a0cfcfd720cb47764b0ec5a952ce422b3?s=96&d=mm&r=g\",\"caption\":\"La r\u00e9daction\"},\"sameAs\":[\"https:\/\/stourm.news\"],\"url\":\"https:\/\/stourm.news\/?author=1\"}]}<\/script>\n<!-- \/ Yoast SEO plugin. -->","yoast_head_json":{"title":"Les groupes LIOT et RN votent l\u2019importation de clandestins de Mayotte en m\u00e9tropole et en Bretagne - STOURM","robots":{"index":"index","follow":"follow","max-snippet":"max-snippet:-1","max-image-preview":"max-image-preview:large","max-video-preview":"max-video-preview:-1"},"canonical":"https:\/\/stourm.news\/?p=4367","og_locale":"fr_FR","og_type":"article","og_title":"Les groupes LIOT et RN votent l\u2019importation de clandestins de Mayotte en m\u00e9tropole et en Bretagne - STOURM","og_description":"Le 24 juin 2025, l\u2019Assembl\u00e9e nationale fran\u00e7aise a entam\u00e9 l\u2019examen d\u2019une loi dite \u00ab pour la refondation de Mayotte \u00bb, un texte qui, sous couvert de r\u00e9pondre \u00e0 la crise migratoire dans cette colonie fran\u00e7aise ultra-marine, ouvre grand les portes \u00e0 l\u2019importation de clandestins d&rsquo;Afrique en France m\u00e9tropolitaine, y compris en Bretagne. Parmi les soutiens [&hellip;]","og_url":"https:\/\/stourm.news\/?p=4367","og_site_name":"STOURM","article_publisher":"https:\/\/www.facebook.com\/stourmnews\/","article_published_time":"2025-07-02T07:00:40+00:00","article_modified_time":"2025-07-02T07:02:37+00:00","og_image":[{"width":1536,"height":863,"url":"https:\/\/stourm.news\/wp-content\/uploads\/2025\/07\/2023_Mayotte_reportage_MartinStraub4-1536x863-1.jpg","type":"image\/jpeg"}],"author":"La r\u00e9daction","twitter_card":"summary_large_image","twitter_misc":{"\u00c9crit par":"La r\u00e9daction","Dur\u00e9e de lecture estim\u00e9e":"4 minutes"},"schema":{"@context":"https:\/\/schema.org","@graph":[{"@type":"Article","@id":"https:\/\/stourm.news\/?p=4367#article","isPartOf":{"@id":"https:\/\/stourm.news\/?p=4367"},"author":{"name":"La r\u00e9daction","@id":"https:\/\/stourm.news\/#\/schema\/person\/c3e1dc65988632e190969234ef046cf9"},"headline":"Les groupes LIOT et RN votent l\u2019importation de clandestins de Mayotte en m\u00e9tropole et en Bretagne","datePublished":"2025-07-02T07:00:40+00:00","dateModified":"2025-07-02T07:02:37+00:00","mainEntityOfPage":{"@id":"https:\/\/stourm.news\/?p=4367"},"wordCount":714,"commentCount":0,"publisher":{"@id":"https:\/\/stourm.news\/#organization"},"image":{"@id":"https:\/\/stourm.news\/?p=4367#primaryimage"},"thumbnailUrl":"https:\/\/stourm.news\/wp-content\/uploads\/2025\/07\/2023_Mayotte_reportage_MartinStraub4-1536x863-1.jpg","articleSection":["Immigration","Politique","Principale"],"inLanguage":"fr-FR","potentialAction":[{"@type":"CommentAction","name":"Comment","target":["https:\/\/stourm.news\/?p=4367#respond"]}]},{"@type":"WebPage","@id":"https:\/\/stourm.news\/?p=4367","url":"https:\/\/stourm.news\/?p=4367","name":"Les groupes LIOT et RN votent l\u2019importation de clandestins de Mayotte en m\u00e9tropole et en Bretagne - STOURM","isPartOf":{"@id":"https:\/\/stourm.news\/#website"},"primaryImageOfPage":{"@id":"https:\/\/stourm.news\/?p=4367#primaryimage"},"image":{"@id":"https:\/\/stourm.news\/?p=4367#primaryimage"},"thumbnailUrl":"https:\/\/stourm.news\/wp-content\/uploads\/2025\/07\/2023_Mayotte_reportage_MartinStraub4-1536x863-1.jpg","datePublished":"2025-07-02T07:00:40+00:00","dateModified":"2025-07-02T07:02:37+00:00","breadcrumb":{"@id":"https:\/\/stourm.news\/?p=4367#breadcrumb"},"inLanguage":"fr-FR","potentialAction":[{"@type":"ReadAction","target":["https:\/\/stourm.news\/?p=4367"]}]},{"@type":"ImageObject","inLanguage":"fr-FR","@id":"https:\/\/stourm.news\/?p=4367#primaryimage","url":"https:\/\/stourm.news\/wp-content\/uploads\/2025\/07\/2023_Mayotte_reportage_MartinStraub4-1536x863-1.jpg","contentUrl":"https:\/\/stourm.news\/wp-content\/uploads\/2025\/07\/2023_Mayotte_reportage_MartinStraub4-1536x863-1.jpg","width":1536,"height":863},{"@type":"BreadcrumbList","@id":"https:\/\/stourm.news\/?p=4367#breadcrumb","itemListElement":[{"@type":"ListItem","position":1,"name":"Accueil","item":"https:\/\/stourm.news\/"},{"@type":"ListItem","position":2,"name":"Les groupes LIOT et RN votent l\u2019importation de clandestins de Mayotte en m\u00e9tropole et en Bretagne"}]},{"@type":"WebSite","@id":"https:\/\/stourm.news\/#website","url":"https:\/\/stourm.news\/","name":"Stourm","description":"Kazetenn Strollad Broadel Breizh","publisher":{"@id":"https:\/\/stourm.news\/#organization"},"potentialAction":[{"@type":"SearchAction","target":{"@type":"EntryPoint","urlTemplate":"https:\/\/stourm.news\/?s={search_term_string}"},"query-input":{"@type":"PropertyValueSpecification","valueRequired":true,"valueName":"search_term_string"}}],"inLanguage":"fr-FR"},{"@type":"Organization","@id":"https:\/\/stourm.news\/#organization","name":"Stourm","url":"https:\/\/stourm.news\/","logo":{"@type":"ImageObject","inLanguage":"fr-FR","@id":"https:\/\/stourm.news\/#\/schema\/logo\/image\/","url":"https:\/\/stourm.news\/wp-content\/uploads\/2025\/11\/cropped-Capture-decran-2025-11-28-a-15.19.07.png","contentUrl":"https:\/\/stourm.news\/wp-content\/uploads\/2025\/11\/cropped-Capture-decran-2025-11-28-a-15.19.07.png","width":1855,"height":383,"caption":"Stourm"},"image":{"@id":"https:\/\/stourm.news\/#\/schema\/logo\/image\/"},"sameAs":["https:\/\/www.facebook.com\/stourmnews\/"]},{"@type":"Person","@id":"https:\/\/stourm.news\/#\/schema\/person\/c3e1dc65988632e190969234ef046cf9","name":"La r\u00e9daction","image":{"@type":"ImageObject","inLanguage":"fr-FR","@id":"https:\/\/stourm.news\/#\/schema\/person\/image\/","url":"https:\/\/secure.gravatar.com\/avatar\/7463443f194b6b5fb706b074ca0ef59a0cfcfd720cb47764b0ec5a952ce422b3?s=96&d=mm&r=g","contentUrl":"https:\/\/secure.gravatar.com\/avatar\/7463443f194b6b5fb706b074ca0ef59a0cfcfd720cb47764b0ec5a952ce422b3?s=96&d=mm&r=g","caption":"La r\u00e9daction"},"sameAs":["https:\/\/stourm.news"],"url":"https:\/\/stourm.news\/?author=1"}]}},"_links":{"self":[{"href":"https:\/\/stourm.news\/index.php?rest_route=\/wp\/v2\/posts\/4367","targetHints":{"allow":["GET"]}}],"collection":[{"href":"https:\/\/stourm.news\/index.php?rest_route=\/wp\/v2\/posts"}],"about":[{"href":"https:\/\/stourm.news\/index.php?rest_route=\/wp\/v2\/types\/post"}],"author":[{"embeddable":true,"href":"https:\/\/stourm.news\/index.php?rest_route=\/wp\/v2\/users\/1"}],"replies":[{"embeddable":true,"href":"https:\/\/stourm.news\/index.php?rest_route=%2Fwp%2Fv2%2Fcomments&post=4367"}],"version-history":[{"count":3,"href":"https:\/\/stourm.news\/index.php?rest_route=\/wp\/v2\/posts\/4367\/revisions"}],"predecessor-version":[{"id":4371,"href":"https:\/\/stourm.news\/index.php?rest_route=\/wp\/v2\/posts\/4367\/revisions\/4371"}],"wp:featuredmedia":[{"embeddable":true,"href":"https:\/\/stourm.news\/index.php?rest_route=\/wp\/v2\/media\/4368"}],"wp:attachment":[{"href":"https:\/\/stourm.news\/index.php?rest_route=%2Fwp%2Fv2%2Fmedia&parent=4367"}],"wp:term":[{"taxonomy":"category","embeddable":true,"href":"https:\/\/stourm.news\/index.php?rest_route=%2Fwp%2Fv2%2Fcategories&post=4367"},{"taxonomy":"post_tag","embeddable":true,"href":"https:\/\/stourm.news\/index.php?rest_route=%2Fwp%2Fv2%2Ftags&post=4367"}],"curies":[{"name":"wp","href":"https:\/\/api.w.org\/{rel}","templated":true}]}}