{"id":4420,"date":"2025-07-11T06:51:39","date_gmt":"2025-07-11T06:51:39","guid":{"rendered":"https:\/\/stourm.news\/?p=4420"},"modified":"2025-07-11T06:51:39","modified_gmt":"2025-07-11T06:51:39","slug":"editorial-detruire-la-famille-traditionnelle-strategie-consciente-du-capitalisme-liberal-mondialise-par-ronan-morvan","status":"publish","type":"post","link":"https:\/\/stourm.news\/?p=4420","title":{"rendered":"\u00c9ditorial : \u00ab\u00a0D\u00e9truire la famille traditionnelle : strat\u00e9gie consciente du capitalisme lib\u00e9ral mondialis\u00e9\u00a0\u00bb Par Ronan Morvan."},"content":{"rendered":"<p style=\"text-align: justify;\">Le d\u00e9mant\u00e8lement de la famille traditionnelle n\u2019est ni une d\u00e9rive spontan\u00e9e des soci\u00e9t\u00e9s modernes, ni une simple cons\u00e9quence de l\u2019\u00e9volution des m\u0153urs. Il s\u2019agit d\u2019un processus d\u00e9lib\u00e9r\u00e9, fonctionnel, instrumentalis\u00e9 par le capitalisme lib\u00e9ral mondialis\u00e9 dans son projet de soci\u00e9t\u00e9. Ce syst\u00e8me, qui ne conna\u00eet ni peuple, ni limite, ni racine, a compris depuis longtemps que pour r\u00e9gner sans partage, il fallait affaiblir, voire \u00e9radiquer toutes les formes d\u2019organisation humaine qui ne lui sont pas soumises. La famille traditionnelle, cellule de solidarit\u00e9 autonome, en est la premi\u00e8re cible.<\/p>\n<p style=\"text-align: justify;\">I. La famille, obstacle \u00e0 l\u2019individualisme marchand.<\/p>\n<p style=\"text-align: justify;\">Le capitalisme lib\u00e9ral ne prosp\u00e8re que dans des soci\u00e9t\u00e9s o\u00f9 l\u2019individu est isol\u00e9, d\u00e9connect\u00e9 des structures sociales primaires. La famille traditionnelle \u2014 c\u2019est-\u00e0-dire une organisation stable, interg\u00e9n\u00e9rationnelle, fond\u00e9e sur la solidarit\u00e9 interne et la transmission \u2014 freine cette logique.<\/p>\n<p style=\"text-align: justify;\">Dans une famille forte, les individus sont moins d\u00e9pendants du march\u00e9 :<\/p>\n<p style=\"text-align: justify;\">&#8211; Les enfants sont \u00e9lev\u00e9s par leurs parents, pas par des structures priv\u00e9es payantes.<\/p>\n<p style=\"text-align: justify;\">&#8211; Les personnes \u00e2g\u00e9es sont prises en charge au sein du foyer, pas dans des institutions marchandes.<\/p>\n<p style=\"text-align: justify;\">&#8211; La solidarit\u00e9 joue contre la pr\u00e9carit\u00e9, le besoin d\u2019endettement, ou l\u2019obsession de \u00ab\u00a0r\u00e9ussite individuelle\u00a0\u00bb.<\/p>\n<p style=\"text-align: justify;\">C\u2019est pr\u00e9cis\u00e9ment cette autonomie relative que le syst\u00e8me veut abolir. L\u2019individu doit \u00eatre seul, sans attache, sans soutien autre que l&rsquo;\u00c9tat ou le march\u00e9. Il devient alors une cible parfaite pour la consommation, la mobilit\u00e9 forc\u00e9e, l\u2019endettement chronique.<\/p>\n<p style=\"text-align: justify;\">Comme l\u2019expliquait d\u00e9j\u00e0 en 1978 le sociologue Christopher Lasch dans La culture du narcissisme :<\/p>\n<p style=\"text-align: justify;\">\u00ab La d\u00e9composition de la famille n&rsquo;est pas une cons\u00e9quence du capitalisme avanc\u00e9, elle en est une condition. \u00bb<\/p>\n<p style=\"text-align: justify;\">II. Une strat\u00e9gie mise en \u0153uvre par l\u2019\u00c9tat fran\u00e7ais et les multinationales.<\/p>\n<p style=\"text-align: justify;\">Contrairement \u00e0 l\u2019illusion entretenue par certains discours progressistes, ce ne sont pas les conqu\u00eates sociales ou les luttes individuelles qui ont \u00e9rod\u00e9 la famille traditionnelle, mais des politiques syst\u00e9matiques d\u2019ing\u00e9nierie sociale. Depuis les ann\u00e9es 1980, sous l&rsquo;influence du n\u00e9olib\u00e9ralisme de Reagan et Thatcher, les politiques publiques ont favoris\u00e9 l\u2019ind\u00e9pendance \u00e9conomique absolue des individus, au d\u00e9triment de toute forme d\u2019interd\u00e9pendance familiale.<\/p>\n<p style=\"text-align: justify;\">Le tournant lib\u00e9ral initi\u00e9 par Mitterrand en 1983 a \u00e9t\u00e9 accompagn\u00e9 d\u2019une transformation profonde de l\u2019\u00c9tat social en \u00c9tat gestionnaire, instrumentalisant les politiques sociales pour faire de chaque citoyen un \u00ab\u00a0acteur autonome\u00a0\u00bb, mais seul. Le d\u00e9veloppement massif de la garde d\u2019enfants, non comme un choix mais comme une norme obligatoire pour permettre aux deux parents de travailler \u00e0 plein temps, a \u00e9t\u00e9 vendu comme une \u00ab\u00a0lib\u00e9ration\u00a0\u00bb, mais a surtout aliment\u00e9 l\u2019\u00e9conomie de service et permis une mise au travail maximale de la population.<\/p>\n<p style=\"text-align: justify;\">Selon l\u2019INSEE, 63 % des enfants naissent aujourd\u2019hui hors mariage en France (+ nations occup\u00e9es), contre 6 % en 1965. Le taux de divorce y a doubl\u00e9 depuis 1980. Ces chiffres ne sont pas des preuves d\u2019\u00e9mancipation : ils sont les sympt\u00f4mes d\u2019un isolement social g\u00e9n\u00e9ralis\u00e9. R\u00e9sultat : en 2023, selon Eurostat, pr\u00e8s de 41 % des foyers europ\u00e9ens sont constitu\u00e9s d\u2019une seule personne. Une aubaine pour les march\u00e9s : une personne seule consomme plus, se d\u00e9place plus, change de logement plus souvent, travaille plus d\u2019heures.<\/p>\n<p style=\"text-align: justify;\">La famille devient alors une marchandise :<\/p>\n<p style=\"text-align: justify;\">&#8211; La parentalit\u00e9 est sous-trait\u00e9e aux cr\u00e8ches, aux \u00e9crans, aux algorithmes.<\/p>\n<p style=\"text-align: justify;\">&#8211; Les liens affectifs sont conditionn\u00e9s par les logiques du march\u00e9 (applications de rencontres, tourisme familial, soins aux personnes \u00e2g\u00e9es privatis\u00e9s).<\/p>\n<p style=\"text-align: justify;\">&#8211; L\u2019\u00e9ducation est uniformis\u00e9e, d\u00e9sid\u00e9ologis\u00e9e, d\u00e9racin\u00e9e : elle forme des \u00ab\u00a0citoyens du monde\u00a0\u00bb interchangeables, pas des h\u00e9ritiers d\u2019une culture.<\/p>\n<p style=\"text-align: justify;\">III. Le d\u00e9racinement comme condition du march\u00e9 total<br \/>\nL\u2019objectif du capitalisme lib\u00e9ral n\u2019est pas simplement \u00e9conomique : il est anthropologique. Il ne veut pas seulement des consommateurs, il veut cr\u00e9er un type humain nouveau : d\u00e9li\u00e9 de toute appartenance, sans fid\u00e9lit\u00e9 autre que celle \u00e0 ses d\u00e9sirs, sans m\u00e9moire autre que celle des r\u00e9seaux sociaux, sans avenir autre que celui de la croissance infinie.<\/p>\n<p style=\"text-align: justify;\">Le philosophe italien Diego Fusaro l&rsquo;exprimait ainsi :<\/p>\n<p style=\"text-align: justify;\">\u00ab Le capitalisme veut la fin des communaut\u00e9s pour mieux imposer la dictature de la marchandise. \u00bb<\/p>\n<p style=\"text-align: justify;\">La famille traditionnelle \u2014 avec sa hi\u00e9rarchie, sa dur\u00e9e, sa transmission \u2014 est un rempart. Elle enseigne la patience, la responsabilit\u00e9, la loyaut\u00e9, l\u2019enracinement. Elle forme des individus capables de r\u00e9sister \u00e0 l\u2019imm\u00e9diatet\u00e9, au consum\u00e9risme, \u00e0 l\u2019id\u00e9ologie du pr\u00e9sent perp\u00e9tuel. Elle prot\u00e8ge contre la tyrannie de l&rsquo;instant. C\u2019est pourquoi le capitalisme doit la casser : non pas parce qu\u2019elle serait patriarcale ou d\u00e9pass\u00e9e, mais parce qu\u2019elle est trop stable, trop durable, trop humaine.<\/p>\n<p style=\"text-align: justify;\">Reconstruire des communaut\u00e9s contre le march\u00e9.<\/p>\n<p style=\"text-align: justify;\">R\u00e9sister \u00e0 la destruction de la famille traditionnelle, ce n\u2019est pas sombrer dans la nostalgie ou le conservatisme st\u00e9rile. C\u2019est prendre acte d\u2019un fait brutal : le march\u00e9 total a besoin de l\u2019atomisation des individus. Il faut donc reconstruire \u2014 \u00e0 l\u2019\u00e9chelle locale, communautaire, populaire \u2014 des formes de vie qui permettent l\u2019autonomie r\u00e9elle.<\/p>\n<p style=\"text-align: justify;\">Cela passe par :<\/p>\n<p style=\"text-align: justify;\">&#8211; La revalorisation du foyer comme lieu de production sociale, culturelle et affective.<\/p>\n<p style=\"text-align: justify;\">&#8211; La sortie de la logique de double travail obligatoire, au profit du temps long familial.<\/p>\n<p style=\"text-align: justify;\">&#8211; Le soutien \u00e0 une \u00e9ducation enracin\u00e9e, contre l\u2019uniformisation des valeurs marchandes.<\/p>\n<p style=\"text-align: justify;\">&#8211; Une red\u00e9finition politique de l\u2019\u00e9conomie : elle doit servir les communaut\u00e9s humaines, pas les d\u00e9truire.<\/p>\n<p style=\"text-align: justify;\">La famille traditionnelle est l\u2019un des derniers bastions contre la marchandisation int\u00e9grale de l\u2019humain. Sa d\u00e9fense ne rel\u00e8ve pas d\u2019un pass\u00e9 id\u00e9alis\u00e9, mais d\u2019un futur \u00e0 r\u00e9inventer \u2014 hors du capitalisme.<\/p>\n<p style=\"text-align: right;\"><strong>Ronan Morvan<\/strong><\/p>\n","protected":false},"excerpt":{"rendered":"<p>Le d\u00e9mant\u00e8lement de la famille traditionnelle n\u2019est ni une d\u00e9rive spontan\u00e9e des soci\u00e9t\u00e9s modernes, ni une simple cons\u00e9quence de l\u2019\u00e9volution des m\u0153urs. Il s\u2019agit d\u2019un processus d\u00e9lib\u00e9r\u00e9, fonctionnel, instrumentalis\u00e9 par le capitalisme lib\u00e9ral mondialis\u00e9 dans son projet de soci\u00e9t\u00e9. Ce syst\u00e8me, qui ne conna\u00eet ni peuple, ni limite, ni racine, a compris depuis longtemps que [&hellip;]<\/p>\n","protected":false},"author":1,"featured_media":4421,"comment_status":"open","ping_status":"open","sticky":false,"template":"","format":"standard","meta":{"sb_editor_width":"","footnotes":""},"categories":[63,65],"tags":[],"class_list":["post-4420","post","type-post","status-publish","format-standard","has-post-thumbnail","hentry","category-editorial","category-principale"],"relative_dates":{"created":"10 mois ago","modified":"10 mois ago"},"yoast_head":"<!-- This site is optimized with the Yoast SEO plugin v26.3 - https:\/\/yoast.com\/wordpress\/plugins\/seo\/ -->\n<title>\u00c9ditorial : &quot;D\u00e9truire la famille traditionnelle : strat\u00e9gie consciente du capitalisme lib\u00e9ral mondialis\u00e9&quot; Par Ronan Morvan. - STOURM<\/title>\n<meta name=\"robots\" content=\"index, follow, max-snippet:-1, max-image-preview:large, max-video-preview:-1\" \/>\n<link rel=\"canonical\" href=\"https:\/\/stourm.news\/?p=4420\" \/>\n<meta property=\"og:locale\" content=\"fr_FR\" \/>\n<meta property=\"og:type\" content=\"article\" \/>\n<meta property=\"og:title\" content=\"\u00c9ditorial : &quot;D\u00e9truire la famille traditionnelle : strat\u00e9gie consciente du capitalisme lib\u00e9ral mondialis\u00e9&quot; Par Ronan Morvan. - STOURM\" \/>\n<meta property=\"og:description\" content=\"Le d\u00e9mant\u00e8lement de la famille traditionnelle n\u2019est ni une d\u00e9rive spontan\u00e9e des soci\u00e9t\u00e9s modernes, ni une simple cons\u00e9quence de l\u2019\u00e9volution des m\u0153urs. Il s\u2019agit d\u2019un processus d\u00e9lib\u00e9r\u00e9, fonctionnel, instrumentalis\u00e9 par le capitalisme lib\u00e9ral mondialis\u00e9 dans son projet de soci\u00e9t\u00e9. Ce syst\u00e8me, qui ne conna\u00eet ni peuple, ni limite, ni racine, a compris depuis longtemps que [&hellip;]\" \/>\n<meta property=\"og:url\" content=\"https:\/\/stourm.news\/?p=4420\" \/>\n<meta property=\"og:site_name\" content=\"STOURM\" \/>\n<meta property=\"article:publisher\" content=\"https:\/\/www.facebook.com\/stourmnews\/\" \/>\n<meta property=\"article:published_time\" content=\"2025-07-11T06:51:39+00:00\" \/>\n<meta property=\"og:image\" content=\"https:\/\/stourm.news\/wp-content\/uploads\/2025\/07\/xlarge_famille_saint_malo_1478376_30aab77bd0.jpg\" \/>\n\t<meta property=\"og:image:width\" content=\"1400\" \/>\n\t<meta property=\"og:image:height\" content=\"935\" \/>\n\t<meta property=\"og:image:type\" content=\"image\/jpeg\" \/>\n<meta name=\"author\" content=\"La r\u00e9daction\" \/>\n<meta name=\"twitter:card\" content=\"summary_large_image\" \/>\n<meta name=\"twitter:label1\" content=\"\u00c9crit par\" \/>\n\t<meta name=\"twitter:data1\" content=\"La r\u00e9daction\" \/>\n\t<meta name=\"twitter:label2\" content=\"Dur\u00e9e de lecture estim\u00e9e\" \/>\n\t<meta name=\"twitter:data2\" content=\"5 minutes\" \/>\n<script type=\"application\/ld+json\" class=\"yoast-schema-graph\">{\"@context\":\"https:\/\/schema.org\",\"@graph\":[{\"@type\":\"Article\",\"@id\":\"https:\/\/stourm.news\/?p=4420#article\",\"isPartOf\":{\"@id\":\"https:\/\/stourm.news\/?p=4420\"},\"author\":{\"name\":\"La r\u00e9daction\",\"@id\":\"https:\/\/stourm.news\/#\/schema\/person\/c3e1dc65988632e190969234ef046cf9\"},\"headline\":\"\u00c9ditorial : \u00ab\u00a0D\u00e9truire la famille traditionnelle : strat\u00e9gie consciente du capitalisme lib\u00e9ral mondialis\u00e9\u00a0\u00bb Par Ronan Morvan.\",\"datePublished\":\"2025-07-11T06:51:39+00:00\",\"mainEntityOfPage\":{\"@id\":\"https:\/\/stourm.news\/?p=4420\"},\"wordCount\":1010,\"commentCount\":0,\"publisher\":{\"@id\":\"https:\/\/stourm.news\/#organization\"},\"image\":{\"@id\":\"https:\/\/stourm.news\/?p=4420#primaryimage\"},\"thumbnailUrl\":\"https:\/\/stourm.news\/wp-content\/uploads\/2025\/07\/xlarge_famille_saint_malo_1478376_30aab77bd0.jpg\",\"articleSection\":[\"Editorial\",\"Principale\"],\"inLanguage\":\"fr-FR\",\"potentialAction\":[{\"@type\":\"CommentAction\",\"name\":\"Comment\",\"target\":[\"https:\/\/stourm.news\/?p=4420#respond\"]}]},{\"@type\":\"WebPage\",\"@id\":\"https:\/\/stourm.news\/?p=4420\",\"url\":\"https:\/\/stourm.news\/?p=4420\",\"name\":\"\u00c9ditorial : \\\"D\u00e9truire la famille traditionnelle : strat\u00e9gie consciente du capitalisme lib\u00e9ral mondialis\u00e9\\\" Par Ronan Morvan. - STOURM\",\"isPartOf\":{\"@id\":\"https:\/\/stourm.news\/#website\"},\"primaryImageOfPage\":{\"@id\":\"https:\/\/stourm.news\/?p=4420#primaryimage\"},\"image\":{\"@id\":\"https:\/\/stourm.news\/?p=4420#primaryimage\"},\"thumbnailUrl\":\"https:\/\/stourm.news\/wp-content\/uploads\/2025\/07\/xlarge_famille_saint_malo_1478376_30aab77bd0.jpg\",\"datePublished\":\"2025-07-11T06:51:39+00:00\",\"breadcrumb\":{\"@id\":\"https:\/\/stourm.news\/?p=4420#breadcrumb\"},\"inLanguage\":\"fr-FR\",\"potentialAction\":[{\"@type\":\"ReadAction\",\"target\":[\"https:\/\/stourm.news\/?p=4420\"]}]},{\"@type\":\"ImageObject\",\"inLanguage\":\"fr-FR\",\"@id\":\"https:\/\/stourm.news\/?p=4420#primaryimage\",\"url\":\"https:\/\/stourm.news\/wp-content\/uploads\/2025\/07\/xlarge_famille_saint_malo_1478376_30aab77bd0.jpg\",\"contentUrl\":\"https:\/\/stourm.news\/wp-content\/uploads\/2025\/07\/xlarge_famille_saint_malo_1478376_30aab77bd0.jpg\",\"width\":1400,\"height\":935},{\"@type\":\"BreadcrumbList\",\"@id\":\"https:\/\/stourm.news\/?p=4420#breadcrumb\",\"itemListElement\":[{\"@type\":\"ListItem\",\"position\":1,\"name\":\"Accueil\",\"item\":\"https:\/\/stourm.news\/\"},{\"@type\":\"ListItem\",\"position\":2,\"name\":\"\u00c9ditorial : \u00ab\u00a0D\u00e9truire la famille traditionnelle : strat\u00e9gie consciente du capitalisme lib\u00e9ral mondialis\u00e9\u00a0\u00bb Par Ronan Morvan.\"}]},{\"@type\":\"WebSite\",\"@id\":\"https:\/\/stourm.news\/#website\",\"url\":\"https:\/\/stourm.news\/\",\"name\":\"Stourm\",\"description\":\"Kazetenn Strollad Broadel Breizh\",\"publisher\":{\"@id\":\"https:\/\/stourm.news\/#organization\"},\"potentialAction\":[{\"@type\":\"SearchAction\",\"target\":{\"@type\":\"EntryPoint\",\"urlTemplate\":\"https:\/\/stourm.news\/?s={search_term_string}\"},\"query-input\":{\"@type\":\"PropertyValueSpecification\",\"valueRequired\":true,\"valueName\":\"search_term_string\"}}],\"inLanguage\":\"fr-FR\"},{\"@type\":\"Organization\",\"@id\":\"https:\/\/stourm.news\/#organization\",\"name\":\"Stourm\",\"url\":\"https:\/\/stourm.news\/\",\"logo\":{\"@type\":\"ImageObject\",\"inLanguage\":\"fr-FR\",\"@id\":\"https:\/\/stourm.news\/#\/schema\/logo\/image\/\",\"url\":\"https:\/\/stourm.news\/wp-content\/uploads\/2025\/11\/cropped-Capture-decran-2025-11-28-a-15.19.07.png\",\"contentUrl\":\"https:\/\/stourm.news\/wp-content\/uploads\/2025\/11\/cropped-Capture-decran-2025-11-28-a-15.19.07.png\",\"width\":1855,\"height\":383,\"caption\":\"Stourm\"},\"image\":{\"@id\":\"https:\/\/stourm.news\/#\/schema\/logo\/image\/\"},\"sameAs\":[\"https:\/\/www.facebook.com\/stourmnews\/\"]},{\"@type\":\"Person\",\"@id\":\"https:\/\/stourm.news\/#\/schema\/person\/c3e1dc65988632e190969234ef046cf9\",\"name\":\"La r\u00e9daction\",\"image\":{\"@type\":\"ImageObject\",\"inLanguage\":\"fr-FR\",\"@id\":\"https:\/\/stourm.news\/#\/schema\/person\/image\/\",\"url\":\"https:\/\/secure.gravatar.com\/avatar\/7463443f194b6b5fb706b074ca0ef59a0cfcfd720cb47764b0ec5a952ce422b3?s=96&d=mm&r=g\",\"contentUrl\":\"https:\/\/secure.gravatar.com\/avatar\/7463443f194b6b5fb706b074ca0ef59a0cfcfd720cb47764b0ec5a952ce422b3?s=96&d=mm&r=g\",\"caption\":\"La r\u00e9daction\"},\"sameAs\":[\"https:\/\/stourm.news\"],\"url\":\"https:\/\/stourm.news\/?author=1\"}]}<\/script>\n<!-- \/ Yoast SEO plugin. -->","yoast_head_json":{"title":"\u00c9ditorial : \"D\u00e9truire la famille traditionnelle : strat\u00e9gie consciente du capitalisme lib\u00e9ral mondialis\u00e9\" Par Ronan Morvan. - STOURM","robots":{"index":"index","follow":"follow","max-snippet":"max-snippet:-1","max-image-preview":"max-image-preview:large","max-video-preview":"max-video-preview:-1"},"canonical":"https:\/\/stourm.news\/?p=4420","og_locale":"fr_FR","og_type":"article","og_title":"\u00c9ditorial : \"D\u00e9truire la famille traditionnelle : strat\u00e9gie consciente du capitalisme lib\u00e9ral mondialis\u00e9\" Par Ronan Morvan. - STOURM","og_description":"Le d\u00e9mant\u00e8lement de la famille traditionnelle n\u2019est ni une d\u00e9rive spontan\u00e9e des soci\u00e9t\u00e9s modernes, ni une simple cons\u00e9quence de l\u2019\u00e9volution des m\u0153urs. Il s\u2019agit d\u2019un processus d\u00e9lib\u00e9r\u00e9, fonctionnel, instrumentalis\u00e9 par le capitalisme lib\u00e9ral mondialis\u00e9 dans son projet de soci\u00e9t\u00e9. Ce syst\u00e8me, qui ne conna\u00eet ni peuple, ni limite, ni racine, a compris depuis longtemps que [&hellip;]","og_url":"https:\/\/stourm.news\/?p=4420","og_site_name":"STOURM","article_publisher":"https:\/\/www.facebook.com\/stourmnews\/","article_published_time":"2025-07-11T06:51:39+00:00","og_image":[{"width":1400,"height":935,"url":"https:\/\/stourm.news\/wp-content\/uploads\/2025\/07\/xlarge_famille_saint_malo_1478376_30aab77bd0.jpg","type":"image\/jpeg"}],"author":"La r\u00e9daction","twitter_card":"summary_large_image","twitter_misc":{"\u00c9crit par":"La r\u00e9daction","Dur\u00e9e de lecture estim\u00e9e":"5 minutes"},"schema":{"@context":"https:\/\/schema.org","@graph":[{"@type":"Article","@id":"https:\/\/stourm.news\/?p=4420#article","isPartOf":{"@id":"https:\/\/stourm.news\/?p=4420"},"author":{"name":"La r\u00e9daction","@id":"https:\/\/stourm.news\/#\/schema\/person\/c3e1dc65988632e190969234ef046cf9"},"headline":"\u00c9ditorial : \u00ab\u00a0D\u00e9truire la famille traditionnelle : strat\u00e9gie consciente du capitalisme lib\u00e9ral mondialis\u00e9\u00a0\u00bb Par Ronan Morvan.","datePublished":"2025-07-11T06:51:39+00:00","mainEntityOfPage":{"@id":"https:\/\/stourm.news\/?p=4420"},"wordCount":1010,"commentCount":0,"publisher":{"@id":"https:\/\/stourm.news\/#organization"},"image":{"@id":"https:\/\/stourm.news\/?p=4420#primaryimage"},"thumbnailUrl":"https:\/\/stourm.news\/wp-content\/uploads\/2025\/07\/xlarge_famille_saint_malo_1478376_30aab77bd0.jpg","articleSection":["Editorial","Principale"],"inLanguage":"fr-FR","potentialAction":[{"@type":"CommentAction","name":"Comment","target":["https:\/\/stourm.news\/?p=4420#respond"]}]},{"@type":"WebPage","@id":"https:\/\/stourm.news\/?p=4420","url":"https:\/\/stourm.news\/?p=4420","name":"\u00c9ditorial : \"D\u00e9truire la famille traditionnelle : strat\u00e9gie consciente du capitalisme lib\u00e9ral mondialis\u00e9\" Par Ronan Morvan. - STOURM","isPartOf":{"@id":"https:\/\/stourm.news\/#website"},"primaryImageOfPage":{"@id":"https:\/\/stourm.news\/?p=4420#primaryimage"},"image":{"@id":"https:\/\/stourm.news\/?p=4420#primaryimage"},"thumbnailUrl":"https:\/\/stourm.news\/wp-content\/uploads\/2025\/07\/xlarge_famille_saint_malo_1478376_30aab77bd0.jpg","datePublished":"2025-07-11T06:51:39+00:00","breadcrumb":{"@id":"https:\/\/stourm.news\/?p=4420#breadcrumb"},"inLanguage":"fr-FR","potentialAction":[{"@type":"ReadAction","target":["https:\/\/stourm.news\/?p=4420"]}]},{"@type":"ImageObject","inLanguage":"fr-FR","@id":"https:\/\/stourm.news\/?p=4420#primaryimage","url":"https:\/\/stourm.news\/wp-content\/uploads\/2025\/07\/xlarge_famille_saint_malo_1478376_30aab77bd0.jpg","contentUrl":"https:\/\/stourm.news\/wp-content\/uploads\/2025\/07\/xlarge_famille_saint_malo_1478376_30aab77bd0.jpg","width":1400,"height":935},{"@type":"BreadcrumbList","@id":"https:\/\/stourm.news\/?p=4420#breadcrumb","itemListElement":[{"@type":"ListItem","position":1,"name":"Accueil","item":"https:\/\/stourm.news\/"},{"@type":"ListItem","position":2,"name":"\u00c9ditorial : \u00ab\u00a0D\u00e9truire la famille traditionnelle : strat\u00e9gie consciente du capitalisme lib\u00e9ral mondialis\u00e9\u00a0\u00bb Par Ronan Morvan."}]},{"@type":"WebSite","@id":"https:\/\/stourm.news\/#website","url":"https:\/\/stourm.news\/","name":"Stourm","description":"Kazetenn Strollad Broadel Breizh","publisher":{"@id":"https:\/\/stourm.news\/#organization"},"potentialAction":[{"@type":"SearchAction","target":{"@type":"EntryPoint","urlTemplate":"https:\/\/stourm.news\/?s={search_term_string}"},"query-input":{"@type":"PropertyValueSpecification","valueRequired":true,"valueName":"search_term_string"}}],"inLanguage":"fr-FR"},{"@type":"Organization","@id":"https:\/\/stourm.news\/#organization","name":"Stourm","url":"https:\/\/stourm.news\/","logo":{"@type":"ImageObject","inLanguage":"fr-FR","@id":"https:\/\/stourm.news\/#\/schema\/logo\/image\/","url":"https:\/\/stourm.news\/wp-content\/uploads\/2025\/11\/cropped-Capture-decran-2025-11-28-a-15.19.07.png","contentUrl":"https:\/\/stourm.news\/wp-content\/uploads\/2025\/11\/cropped-Capture-decran-2025-11-28-a-15.19.07.png","width":1855,"height":383,"caption":"Stourm"},"image":{"@id":"https:\/\/stourm.news\/#\/schema\/logo\/image\/"},"sameAs":["https:\/\/www.facebook.com\/stourmnews\/"]},{"@type":"Person","@id":"https:\/\/stourm.news\/#\/schema\/person\/c3e1dc65988632e190969234ef046cf9","name":"La r\u00e9daction","image":{"@type":"ImageObject","inLanguage":"fr-FR","@id":"https:\/\/stourm.news\/#\/schema\/person\/image\/","url":"https:\/\/secure.gravatar.com\/avatar\/7463443f194b6b5fb706b074ca0ef59a0cfcfd720cb47764b0ec5a952ce422b3?s=96&d=mm&r=g","contentUrl":"https:\/\/secure.gravatar.com\/avatar\/7463443f194b6b5fb706b074ca0ef59a0cfcfd720cb47764b0ec5a952ce422b3?s=96&d=mm&r=g","caption":"La r\u00e9daction"},"sameAs":["https:\/\/stourm.news"],"url":"https:\/\/stourm.news\/?author=1"}]}},"_links":{"self":[{"href":"https:\/\/stourm.news\/index.php?rest_route=\/wp\/v2\/posts\/4420","targetHints":{"allow":["GET"]}}],"collection":[{"href":"https:\/\/stourm.news\/index.php?rest_route=\/wp\/v2\/posts"}],"about":[{"href":"https:\/\/stourm.news\/index.php?rest_route=\/wp\/v2\/types\/post"}],"author":[{"embeddable":true,"href":"https:\/\/stourm.news\/index.php?rest_route=\/wp\/v2\/users\/1"}],"replies":[{"embeddable":true,"href":"https:\/\/stourm.news\/index.php?rest_route=%2Fwp%2Fv2%2Fcomments&post=4420"}],"version-history":[{"count":1,"href":"https:\/\/stourm.news\/index.php?rest_route=\/wp\/v2\/posts\/4420\/revisions"}],"predecessor-version":[{"id":4422,"href":"https:\/\/stourm.news\/index.php?rest_route=\/wp\/v2\/posts\/4420\/revisions\/4422"}],"wp:featuredmedia":[{"embeddable":true,"href":"https:\/\/stourm.news\/index.php?rest_route=\/wp\/v2\/media\/4421"}],"wp:attachment":[{"href":"https:\/\/stourm.news\/index.php?rest_route=%2Fwp%2Fv2%2Fmedia&parent=4420"}],"wp:term":[{"taxonomy":"category","embeddable":true,"href":"https:\/\/stourm.news\/index.php?rest_route=%2Fwp%2Fv2%2Fcategories&post=4420"},{"taxonomy":"post_tag","embeddable":true,"href":"https:\/\/stourm.news\/index.php?rest_route=%2Fwp%2Fv2%2Ftags&post=4420"}],"curies":[{"name":"wp","href":"https:\/\/api.w.org\/{rel}","templated":true}]}}