{"id":4424,"date":"2025-07-12T10:03:02","date_gmt":"2025-07-12T10:03:02","guid":{"rendered":"https:\/\/stourm.news\/?p=4424"},"modified":"2025-07-12T10:03:24","modified_gmt":"2025-07-12T10:03:24","slug":"4424","status":"publish","type":"post","link":"https:\/\/stourm.news\/?p=4424","title":{"rendered":"Biographie de Jorj Robin : Un h\u00e9ros de l\u2019art national breton"},"content":{"rendered":"<p style=\"text-align: justify;\">Jorj Robin, de son vrai nom Georges Robin, n\u00e9 le 12 juillet 1904 \u00e0 Nantes et mort tragiquement le 14 ao\u00fbt 1928 dans la m\u00eame ville, incarne l\u2019\u00e2me vibrante et indomptable de la Bretagne ind\u00e9pendante. Artiste visionnaire, sculpteur, graveur, dessinateur et militant passionn\u00e9, il fut l\u2019un des piliers fondateurs du mouvement artistique Seiz Breur, une avant-garde bretonne qui, dans les ann\u00e9es 1920, porta haut le flambeau de l\u2019identit\u00e9 nationale bretonne face \u00e0 l\u2019assimilation fran\u00e7aise. Sa vie, bien que br\u00e8ve, fut une flamme ardente au service de la renaissance culturelle et nationale de la Bretagne, un combat pour la pr\u00e9servation de son \u00e2me celtique et de son h\u00e9ritage mill\u00e9naire.<\/p>\n<p style=\"text-align: justify;\"><strong>Une jeunesse ancr\u00e9e dans l\u2019art et la Bretagne<\/strong><\/p>\n<p style=\"text-align: justify;\">N\u00e9 dans une famille d\u2019artistes nantais, Jorj Robin grandit sous l\u2019influence de son grand-p\u00e8re, Joseph Vallet, sculpteur religieux de renom, qui lui transmit un amour profond pour l\u2019art et une sensibilit\u00e9 aux formes sacr\u00e9es. D\u00e8s l\u2019\u00e2ge de 14 ans, il int\u00e8gre l\u2019\u00c9cole des Beaux-Arts de Nantes, o\u00f9 son talent pr\u00e9coce pour la sculpture se r\u00e9v\u00e8le. \u00c0 18 ans, il poursuit son apprentissage \u00e0 l\u2019\u00c9cole nationale sup\u00e9rieure des Beaux-Arts de Paris, dans l\u2019atelier du sculpteur breton Jean Boucher, figure embl\u00e9matique du r\u00e9gionalisme. Cette formation, bien que parisienne, ne d\u00e9tourne pas Jorj Robin de ses racines : au contraire, elle aiguise son engagement pour la cause bretonne, dans un contexte o\u00f9 l&rsquo;\u00c9tat fran\u00e7ais centralisateur \u00e9touffe la langue et la culture bretonnes.<\/p>\n<p><img fetchpriority=\"high\" decoding=\"async\" class=\"aligncenter\" src=\"https:\/\/upload.wikimedia.org\/wikipedia\/commons\/thumb\/6\/6b\/Sant_Erwan.jpg\/1024px-Sant_Erwan.jpg\" width=\"470\" height=\"611\" \/><\/p>\n<p style=\"text-align: center;\"><em>Xylographie Sant Erwan, Jorj Robin, 1928, pour la s\u00e9rie Pevarzek Sant ar vreiz<\/em><\/p>\n<p style=\"text-align: justify;\">C\u2019est \u00e0 Paris, au c\u0153ur de ce \u00ab r\u00e9veil des petites nations \u00bb europ\u00e9ennes \u2013 de la Finlande \u00e0 la Catalogne, en passant par l\u2019Irlande \u2013 que Jorj Robin rencontre des figures cl\u00e9s du mouvement breton, telles que Jeanne Malivel, Ren\u00e9-Yves Creston et Suzanne Candr\u00e9-Creston. Ces rencontres, marqu\u00e9es par une ferveur partag\u00e9e pour l\u2019identit\u00e9 celtique, fa\u00e7onnent sa vision artistique et militante. En 1923, \u00e0 l\u2019\u00e2ge de 19 ans, il devient l\u2019un des membres fondateurs des Seiz Breur (\u00ab Sept Fr\u00e8res \u00bb), un mouvement artistique qui ambitionne de r\u00e9inventer un art national breton, moderne mais enracin\u00e9 dans les traditions celtiques, loin des influences fran\u00e7aises uniformisantes.<\/p>\n<p style=\"text-align: justify;\"><strong>Un militant de la cause bretonne<\/strong><\/p>\n<p style=\"text-align: justify;\">Jorj Robin n\u2019\u00e9tait pas seulement un artiste : il \u00e9tait un combattant de l\u2019id\u00e9e bretonne. Membre actif du Parti Autonomiste Breton \u00e0 Paris, il s\u2019engagea avec ferveur dans la d\u00e9fense de la langue et de la culture bretonnes. \u00c0 Nantes, il pr\u00eata son atelier, situ\u00e9 sur l\u2019\u00eele de Versailles, pour des cours de langue bretonne, contribuant ainsi \u00e0 la sauvegarde d\u2019une langue menac\u00e9e par la politique assimilationniste de la France. Il participa \u00e9galement \u00e0 la fondation du Cercle celtique de Nantes, un espace de promotion de la culture bretonne, et initia un projet de chorale bretonne, visant \u00e0 faire r\u00e9sonner les chants traditionnels de son peuple. Ces initiatives t\u00e9moignent de son engagement ind\u00e9fectible pour une Bretagne libre, fi\u00e8re de son identit\u00e9 et de son histoire.<\/p>\n<p style=\"text-align: justify;\">Dans une lettre de 1928, Jorj Robin \u00e9crivait : <strong>\u00ab La propagande est pour moi le premier but d\u2019\u00eatre Ar Seiz Breur. Si le groupe devait \u00eatre une entreprise commerciale, je n\u2019en ferais pas partie. \u00bb<\/strong> Cette d\u00e9claration illustre sa vision d\u2019un art au service de la nation bretonne, un art qui ne se plie pas aux logiques mercantiles mais qui porte un message politique et culturel. Pour lui, l\u2019\u00e9tude du pass\u00e9 breton n\u2019\u00e9tait pas un retour en arri\u00e8re, mais une source d\u2019inspiration pour un avenir moderne et souverain, o\u00f9 la Bretagne pourrait s\u2019affirmer comme une nation \u00e0 part enti\u00e8re, \u00e0 l\u2019image de l\u2019Irlande ou du pays de Galles.Un artiste au service de l\u2019art national breton<\/p>\n<p style=\"text-align: justify;\">L\u2019\u0153uvre de Jorj Robin, bien que limit\u00e9e par sa mort pr\u00e9matur\u00e9e, est d\u2019une richesse et d\u2019une modernit\u00e9 saisissantes. Sculpteur, graveur et dessinateur, il collabora \u00e0 la revue Kornog, fond\u00e9e par Ren\u00e9-Yves Creston, o\u00f9 il publia des gravures et des articles d\u00e9fendant un <strong>\u00ab art national \u00bb<\/strong> breton. Ses cr\u00e9ations, marqu\u00e9es par une esth\u00e9tique \u00e9pur\u00e9e et inspir\u00e9e des traditions celtiques, r\u00e9inventaient les motifs anciens tout en les projetant dans une modernit\u00e9 audacieuse. Ses quatre estampes pour le recueil Pevarzek Sant ar Vreizh (Quatorze saints de Bretagne), publi\u00e9 en 1928, illustrent des figures comme Saint Gwenol\u00e9, Saint Pol Aur\u00e9lien, Saint Erwan et Saint Brieuc, c\u00e9l\u00e9brant ainsi le martyrologe breton avec une ferveur quasi-religieuse.<\/p>\n<p><img decoding=\"async\" class=\"aligncenter\" src=\"https:\/\/upload.wikimedia.org\/wikipedia\/commons\/2\/2a\/Bigoud\u00e8ne_assise_1%2C_1928.jpg\" width=\"440\" height=\"561\" \/><\/p>\n<p style=\"text-align: center;\"><em>Bigoud\u00e8ne assise, Jorj Robin, fa\u00efencerie HB, 1928.<\/em><\/p>\n<p style=\"text-align: justify;\">Influenc\u00e9 par Jeanne Malivel, pionni\u00e8re du mouvement Seiz Breur, Jorj Robin s\u2019inscrivit dans la lign\u00e9e des \u00ab tailleurs d\u2019images \u00bb m\u00e9di\u00e9vaux, reprenant la technique de la gravure sur bois pour exalter l\u2019histoire et les h\u00e9ros bretons. Ses travaux pour la manufacture de fa\u00efence HB-Henriot, d\u00e9but\u00e9s en 1924, t\u00e9moignent de son ambition de faire p\u00e9n\u00e9trer l\u2019art breton dans la vie quotidienne, avec la cr\u00e9ation de vingt-cinq statuaires diff\u00e9rentes, empreintes de l\u2019\u00e2me bretonne. Il s\u2019essaya \u00e9galement \u00e0 la broderie, poursuivant l\u2019\u0153uvre de Malivel pour cr\u00e9er une mode vestimentaire bretonne, symbole d\u2019une identit\u00e9 nationale retrouv\u00e9e.Son art sacr\u00e9, profond\u00e9ment ancr\u00e9 dans sa foi et dans l\u2019h\u00e9ritage familial, fut salu\u00e9 comme une contribution majeure \u00e0 la renaissance d\u2019un art breton moderne. Avec Malivel, il fut consid\u00e9r\u00e9 comme un chef de file de cet \u00ab art sacr\u00e9 moderne \u00bb, m\u00ealant liturgie chr\u00e9tienne et identit\u00e9 bretonne, dans une d\u00e9marche qui transcendait les simples consid\u00e9rations esth\u00e9tiques pour devenir un acte de r\u00e9sistance culturelle.<\/p>\n<p style=\"text-align: justify;\"><strong>Une fin tragique, un legs immortel<\/strong><\/p>\n<p style=\"text-align: justify;\">Atteint de tuberculose, Jorj Robin s\u2019\u00e9teignit \u00e0 l\u2019\u00e2ge de 24 ans, le 14 ao\u00fbt 1928, laissant derri\u00e8re lui un vide immense dans le mouvement breton. Sa mort, survenue peu apr\u00e8s celle de Jeanne Malivel en 1926, fut un coup dur pour les Seiz Breur, mais son h\u00e9ritage perdura. Ren\u00e9-Yves Creston, dans un hommage poignant publi\u00e9 dans Ar Falz, d\u00e9crivit Jorj Robin comme un semeur d\u2019id\u00e9es dont la moisson continuerait de cro\u00eetre : \u00ab Jeanne Malivel, Georges Robin, Yann Sohier, la moisson l\u00e8ve, la faucille s\u2019appr\u00eate pour la r\u00e9colte merveilleuse, pour la victorieuse r\u00e9colte. Heureux, vous qui \u00eates morts en sachant que la moisson m\u00fbrissait et que les moissonneurs ne manqueraient pas apr\u00e8s vous. \u00bb<\/p>\n<p><img decoding=\"async\" class=\"aligncenter\" src=\"https:\/\/bcd.bzh\/becedia\/sites\/default\/files\/medias\/dossiers-thematiques\/les-seiz-breur\/jorj%20robin.jpg\" width=\"454\" height=\"559\" \/><\/p>\n<p style=\"text-align: center;\"><em>Couverture de l\u2019\u00e9dition limit\u00e9e de Jorj Robin skulter breton Cr\u00e9dit : CRBC-UBO-Brest.<\/em><\/p>\n<p style=\"text-align: justify;\">Ses \u0153uvres, conserv\u00e9es en partie au Mus\u00e9e de Bretagne \u00e0 Rennes et au Mus\u00e9e d\u00e9partemental breton de Quimper, continuent d\u2019inspirer les g\u00e9n\u00e9rations. Depuis les ann\u00e9es 1980, et particuli\u00e8rement avec le centenaire des Seiz Breur en 2023, l\u2019\u0153uvre de Jorj Robin conna\u00eet un regain d\u2019int\u00e9r\u00eat, t\u00e9moignant de la p\u00e9rennit\u00e9 de son message. Ses sculptures, gravures et dessins ne sont pas de simples objets d\u2019art : ils sont des \u00e9tendards de la nation bretonne, des appels \u00e0 ne jamais oublier l\u2019histoire, la langue et la culture d\u2019un peuple qui refuse de plier.<\/p>\n<p style=\"text-align: justify;\"><strong>Un symbole du nationalisme breton<\/strong><\/p>\n<p style=\"text-align: justify;\">Jorj Robin n\u2019\u00e9tait pas un artiste isol\u00e9, mais un combattant de la cause bretonne, dont chaque \u0153uvre \u00e9tait un cri pour l\u2019\u00e9mancipation de son peuple. Dans une \u00e9poque o\u00f9 la France imposait son joug culturel, il choisit de faire de l\u2019art un outil de r\u00e9sistance, un moyen de raviver la flamme d\u2019une Bretagne libre et souveraine. Sa participation \u00e0 l\u2019Exposition internationale des Arts d\u00e9coratifs de Paris en 1925, aux c\u00f4t\u00e9s des Seiz Breur, d\u00e9montra au monde que la Bretagne pouvait rivaliser avec les grandes nations par la force de sa cr\u00e9ativit\u00e9 et de son identit\u00e9.<\/p>\n<p><img loading=\"lazy\" decoding=\"async\" class=\"alignnone size-medium\" src=\"https:\/\/bcd.bzh\/becedia\/sites\/default\/files\/medias\/dossiers-thematiques\/seizBreur\/14-porteuses%20de%20goemon.jpg\" width=\"4278\" height=\"3422\" \/><\/p>\n<p style=\"text-align: center;\"><em>\u00a0\u00bbLes porteuses de go\u00e9mon\u00a0\u00bb. Statuette r\u00e9alis\u00e9e par Georges Robin en 1925. Source : Mus\u00e9e d\u00e9partemental breton. Num\u00e9ro d&rsquo;inventaire : 1990.25.10.<\/em><\/p>\n<p style=\"text-align: justify;\">Son engagement dans le Parti Autonomiste Breton et ses liens avec des figures comme Paul Ladmirault, qui partageait sa vision d\u2019un renouveau culturel breton inspir\u00e9 des traditions populaires, montrent que Jorj Robin ne se contentait pas de cr\u00e9er : il voulait b\u00e2tir une Bretagne nouvelle, fi\u00e8re de son pass\u00e9 et tourn\u00e9e vers un avenir ind\u00e9pendant. Son admiration pour Jeanne Malivel, qu\u2019il d\u00e9crivit comme \u00ab la premi\u00e8re lib\u00e9ratrice de l\u2019art national breton \u00bb lors de l\u2019exposition des Seiz Breur de 1927 \u00e0 Saint-Nazaire, refl\u00e8te sa conviction que l\u2019art et la nation sont indissociables.<\/p>\n<p style=\"text-align: justify;\"><strong>Un martyr de la Bretagne<\/strong><\/p>\n<p style=\"text-align: justify;\">Jorj Robin, fauch\u00e9 dans la fleur de l\u2019\u00e2ge, reste un symbole \u00e9ternel du nationalisme breton. Sa vie, bien que courte, fut un acte de foi en la Bretagne, une offrande \u00e0 la cause d\u2019un peuple qui lutte pour sa dignit\u00e9 et sa libert\u00e9. \u00c0 travers ses sculptures, ses gravures et son militantisme, il a grav\u00e9 dans l\u2019histoire un message clair : la Bretagne ne mourra jamais tant que ses fils et ses filles porteront son \u00e9tendard. Comme il l\u2019\u00e9crivait, \u00ab \u00e9tudier le pass\u00e9 n\u2019est nullement revenir en arri\u00e8re, nullement \u00eatre r\u00e9actionnaire, comme beaucoup le croient, et ce n\u2019est pas non plus contraire \u00e0 l\u2019esprit moderne \u00bb. Jorj Robin, par son g\u00e9nie et son sacrifice, demeure un phare pour tous ceux qui r\u00eavent d\u2019une Bretagne souveraine, fid\u00e8le \u00e0 son \u00e2me celtique et \u00e0 son destin de nation.<\/p>\n<p style=\"text-align: right;\"><strong>Olier Kerdrel<\/strong><\/p>\n","protected":false},"excerpt":{"rendered":"<p>Jorj Robin, de son vrai nom Georges Robin, n\u00e9 le 12 juillet 1904 \u00e0 Nantes et mort tragiquement le 14 ao\u00fbt 1928 dans la m\u00eame ville, incarne l\u2019\u00e2me vibrante et indomptable de la Bretagne ind\u00e9pendante. Artiste visionnaire, sculpteur, graveur, dessinateur et militant passionn\u00e9, il fut l\u2019un des piliers fondateurs du mouvement artistique Seiz Breur, une [&hellip;]<\/p>\n","protected":false},"author":1,"featured_media":4425,"comment_status":"open","ping_status":"open","sticky":false,"template":"","format":"standard","meta":{"sb_editor_width":"","footnotes":""},"categories":[74,65],"tags":[],"class_list":["post-4424","post","type-post","status-publish","format-standard","has-post-thumbnail","hentry","category-emsav","category-principale"],"relative_dates":{"created":"10 mois ago","modified":"10 mois ago"},"yoast_head":"<!-- This site is optimized with the Yoast SEO plugin v26.3 - https:\/\/yoast.com\/wordpress\/plugins\/seo\/ -->\n<title>Biographie de Jorj Robin : Un h\u00e9ros de l\u2019art national breton - STOURM<\/title>\n<meta name=\"robots\" content=\"index, follow, max-snippet:-1, max-image-preview:large, max-video-preview:-1\" \/>\n<link rel=\"canonical\" href=\"https:\/\/stourm.news\/?p=4424\" \/>\n<meta property=\"og:locale\" content=\"fr_FR\" \/>\n<meta property=\"og:type\" content=\"article\" \/>\n<meta property=\"og:title\" content=\"Biographie de Jorj Robin : Un h\u00e9ros de l\u2019art national breton - STOURM\" \/>\n<meta property=\"og:description\" content=\"Jorj Robin, de son vrai nom Georges Robin, n\u00e9 le 12 juillet 1904 \u00e0 Nantes et mort tragiquement le 14 ao\u00fbt 1928 dans la m\u00eame ville, incarne l\u2019\u00e2me vibrante et indomptable de la Bretagne ind\u00e9pendante. Artiste visionnaire, sculpteur, graveur, dessinateur et militant passionn\u00e9, il fut l\u2019un des piliers fondateurs du mouvement artistique Seiz Breur, une [&hellip;]\" \/>\n<meta property=\"og:url\" content=\"https:\/\/stourm.news\/?p=4424\" \/>\n<meta property=\"og:site_name\" content=\"STOURM\" \/>\n<meta property=\"article:publisher\" content=\"https:\/\/www.facebook.com\/stourmnews\/\" \/>\n<meta property=\"article:published_time\" content=\"2025-07-12T10:03:02+00:00\" \/>\n<meta property=\"article:modified_time\" content=\"2025-07-12T10:03:24+00:00\" \/>\n<meta property=\"og:image\" content=\"https:\/\/stourm.news\/wp-content\/uploads\/2025\/07\/Capture-decran-2025-07-12-a-18.58.24.png\" \/>\n\t<meta property=\"og:image:width\" content=\"544\" \/>\n\t<meta property=\"og:image:height\" content=\"576\" \/>\n\t<meta property=\"og:image:type\" content=\"image\/png\" \/>\n<meta name=\"author\" content=\"La r\u00e9daction\" \/>\n<meta name=\"twitter:card\" content=\"summary_large_image\" \/>\n<meta name=\"twitter:label1\" content=\"\u00c9crit par\" \/>\n\t<meta name=\"twitter:data1\" content=\"La r\u00e9daction\" \/>\n\t<meta name=\"twitter:label2\" content=\"Dur\u00e9e de lecture estim\u00e9e\" \/>\n\t<meta name=\"twitter:data2\" content=\"9 minutes\" \/>\n<script type=\"application\/ld+json\" class=\"yoast-schema-graph\">{\"@context\":\"https:\/\/schema.org\",\"@graph\":[{\"@type\":\"Article\",\"@id\":\"https:\/\/stourm.news\/?p=4424#article\",\"isPartOf\":{\"@id\":\"https:\/\/stourm.news\/?p=4424\"},\"author\":{\"name\":\"La r\u00e9daction\",\"@id\":\"https:\/\/stourm.news\/#\/schema\/person\/c3e1dc65988632e190969234ef046cf9\"},\"headline\":\"Biographie de Jorj Robin : Un h\u00e9ros de l\u2019art national breton\",\"datePublished\":\"2025-07-12T10:03:02+00:00\",\"dateModified\":\"2025-07-12T10:03:24+00:00\",\"mainEntityOfPage\":{\"@id\":\"https:\/\/stourm.news\/?p=4424\"},\"wordCount\":1600,\"commentCount\":0,\"publisher\":{\"@id\":\"https:\/\/stourm.news\/#organization\"},\"image\":{\"@id\":\"https:\/\/stourm.news\/?p=4424#primaryimage\"},\"thumbnailUrl\":\"https:\/\/stourm.news\/wp-content\/uploads\/2025\/07\/Capture-decran-2025-07-12-a-18.58.24.png\",\"articleSection\":[\"Emsav\",\"Principale\"],\"inLanguage\":\"fr-FR\",\"potentialAction\":[{\"@type\":\"CommentAction\",\"name\":\"Comment\",\"target\":[\"https:\/\/stourm.news\/?p=4424#respond\"]}]},{\"@type\":\"WebPage\",\"@id\":\"https:\/\/stourm.news\/?p=4424\",\"url\":\"https:\/\/stourm.news\/?p=4424\",\"name\":\"Biographie de Jorj Robin : Un h\u00e9ros de l\u2019art national breton - STOURM\",\"isPartOf\":{\"@id\":\"https:\/\/stourm.news\/#website\"},\"primaryImageOfPage\":{\"@id\":\"https:\/\/stourm.news\/?p=4424#primaryimage\"},\"image\":{\"@id\":\"https:\/\/stourm.news\/?p=4424#primaryimage\"},\"thumbnailUrl\":\"https:\/\/stourm.news\/wp-content\/uploads\/2025\/07\/Capture-decran-2025-07-12-a-18.58.24.png\",\"datePublished\":\"2025-07-12T10:03:02+00:00\",\"dateModified\":\"2025-07-12T10:03:24+00:00\",\"breadcrumb\":{\"@id\":\"https:\/\/stourm.news\/?p=4424#breadcrumb\"},\"inLanguage\":\"fr-FR\",\"potentialAction\":[{\"@type\":\"ReadAction\",\"target\":[\"https:\/\/stourm.news\/?p=4424\"]}]},{\"@type\":\"ImageObject\",\"inLanguage\":\"fr-FR\",\"@id\":\"https:\/\/stourm.news\/?p=4424#primaryimage\",\"url\":\"https:\/\/stourm.news\/wp-content\/uploads\/2025\/07\/Capture-decran-2025-07-12-a-18.58.24.png\",\"contentUrl\":\"https:\/\/stourm.news\/wp-content\/uploads\/2025\/07\/Capture-decran-2025-07-12-a-18.58.24.png\",\"width\":544,\"height\":576},{\"@type\":\"BreadcrumbList\",\"@id\":\"https:\/\/stourm.news\/?p=4424#breadcrumb\",\"itemListElement\":[{\"@type\":\"ListItem\",\"position\":1,\"name\":\"Accueil\",\"item\":\"https:\/\/stourm.news\/\"},{\"@type\":\"ListItem\",\"position\":2,\"name\":\"Biographie de Jorj Robin : Un h\u00e9ros de l\u2019art national breton\"}]},{\"@type\":\"WebSite\",\"@id\":\"https:\/\/stourm.news\/#website\",\"url\":\"https:\/\/stourm.news\/\",\"name\":\"Stourm\",\"description\":\"Kazetenn Strollad Broadel Breizh\",\"publisher\":{\"@id\":\"https:\/\/stourm.news\/#organization\"},\"potentialAction\":[{\"@type\":\"SearchAction\",\"target\":{\"@type\":\"EntryPoint\",\"urlTemplate\":\"https:\/\/stourm.news\/?s={search_term_string}\"},\"query-input\":{\"@type\":\"PropertyValueSpecification\",\"valueRequired\":true,\"valueName\":\"search_term_string\"}}],\"inLanguage\":\"fr-FR\"},{\"@type\":\"Organization\",\"@id\":\"https:\/\/stourm.news\/#organization\",\"name\":\"Stourm\",\"url\":\"https:\/\/stourm.news\/\",\"logo\":{\"@type\":\"ImageObject\",\"inLanguage\":\"fr-FR\",\"@id\":\"https:\/\/stourm.news\/#\/schema\/logo\/image\/\",\"url\":\"https:\/\/stourm.news\/wp-content\/uploads\/2025\/11\/cropped-Capture-decran-2025-11-28-a-15.19.07.png\",\"contentUrl\":\"https:\/\/stourm.news\/wp-content\/uploads\/2025\/11\/cropped-Capture-decran-2025-11-28-a-15.19.07.png\",\"width\":1855,\"height\":383,\"caption\":\"Stourm\"},\"image\":{\"@id\":\"https:\/\/stourm.news\/#\/schema\/logo\/image\/\"},\"sameAs\":[\"https:\/\/www.facebook.com\/stourmnews\/\"]},{\"@type\":\"Person\",\"@id\":\"https:\/\/stourm.news\/#\/schema\/person\/c3e1dc65988632e190969234ef046cf9\",\"name\":\"La r\u00e9daction\",\"image\":{\"@type\":\"ImageObject\",\"inLanguage\":\"fr-FR\",\"@id\":\"https:\/\/stourm.news\/#\/schema\/person\/image\/\",\"url\":\"https:\/\/secure.gravatar.com\/avatar\/7463443f194b6b5fb706b074ca0ef59a0cfcfd720cb47764b0ec5a952ce422b3?s=96&d=mm&r=g\",\"contentUrl\":\"https:\/\/secure.gravatar.com\/avatar\/7463443f194b6b5fb706b074ca0ef59a0cfcfd720cb47764b0ec5a952ce422b3?s=96&d=mm&r=g\",\"caption\":\"La r\u00e9daction\"},\"sameAs\":[\"https:\/\/stourm.news\"],\"url\":\"https:\/\/stourm.news\/?author=1\"}]}<\/script>\n<!-- \/ Yoast SEO plugin. -->","yoast_head_json":{"title":"Biographie de Jorj Robin : Un h\u00e9ros de l\u2019art national breton - STOURM","robots":{"index":"index","follow":"follow","max-snippet":"max-snippet:-1","max-image-preview":"max-image-preview:large","max-video-preview":"max-video-preview:-1"},"canonical":"https:\/\/stourm.news\/?p=4424","og_locale":"fr_FR","og_type":"article","og_title":"Biographie de Jorj Robin : Un h\u00e9ros de l\u2019art national breton - STOURM","og_description":"Jorj Robin, de son vrai nom Georges Robin, n\u00e9 le 12 juillet 1904 \u00e0 Nantes et mort tragiquement le 14 ao\u00fbt 1928 dans la m\u00eame ville, incarne l\u2019\u00e2me vibrante et indomptable de la Bretagne ind\u00e9pendante. Artiste visionnaire, sculpteur, graveur, dessinateur et militant passionn\u00e9, il fut l\u2019un des piliers fondateurs du mouvement artistique Seiz Breur, une [&hellip;]","og_url":"https:\/\/stourm.news\/?p=4424","og_site_name":"STOURM","article_publisher":"https:\/\/www.facebook.com\/stourmnews\/","article_published_time":"2025-07-12T10:03:02+00:00","article_modified_time":"2025-07-12T10:03:24+00:00","og_image":[{"width":544,"height":576,"url":"https:\/\/stourm.news\/wp-content\/uploads\/2025\/07\/Capture-decran-2025-07-12-a-18.58.24.png","type":"image\/png"}],"author":"La r\u00e9daction","twitter_card":"summary_large_image","twitter_misc":{"\u00c9crit par":"La r\u00e9daction","Dur\u00e9e de lecture estim\u00e9e":"9 minutes"},"schema":{"@context":"https:\/\/schema.org","@graph":[{"@type":"Article","@id":"https:\/\/stourm.news\/?p=4424#article","isPartOf":{"@id":"https:\/\/stourm.news\/?p=4424"},"author":{"name":"La r\u00e9daction","@id":"https:\/\/stourm.news\/#\/schema\/person\/c3e1dc65988632e190969234ef046cf9"},"headline":"Biographie de Jorj Robin : Un h\u00e9ros de l\u2019art national breton","datePublished":"2025-07-12T10:03:02+00:00","dateModified":"2025-07-12T10:03:24+00:00","mainEntityOfPage":{"@id":"https:\/\/stourm.news\/?p=4424"},"wordCount":1600,"commentCount":0,"publisher":{"@id":"https:\/\/stourm.news\/#organization"},"image":{"@id":"https:\/\/stourm.news\/?p=4424#primaryimage"},"thumbnailUrl":"https:\/\/stourm.news\/wp-content\/uploads\/2025\/07\/Capture-decran-2025-07-12-a-18.58.24.png","articleSection":["Emsav","Principale"],"inLanguage":"fr-FR","potentialAction":[{"@type":"CommentAction","name":"Comment","target":["https:\/\/stourm.news\/?p=4424#respond"]}]},{"@type":"WebPage","@id":"https:\/\/stourm.news\/?p=4424","url":"https:\/\/stourm.news\/?p=4424","name":"Biographie de Jorj Robin : Un h\u00e9ros de l\u2019art national breton - STOURM","isPartOf":{"@id":"https:\/\/stourm.news\/#website"},"primaryImageOfPage":{"@id":"https:\/\/stourm.news\/?p=4424#primaryimage"},"image":{"@id":"https:\/\/stourm.news\/?p=4424#primaryimage"},"thumbnailUrl":"https:\/\/stourm.news\/wp-content\/uploads\/2025\/07\/Capture-decran-2025-07-12-a-18.58.24.png","datePublished":"2025-07-12T10:03:02+00:00","dateModified":"2025-07-12T10:03:24+00:00","breadcrumb":{"@id":"https:\/\/stourm.news\/?p=4424#breadcrumb"},"inLanguage":"fr-FR","potentialAction":[{"@type":"ReadAction","target":["https:\/\/stourm.news\/?p=4424"]}]},{"@type":"ImageObject","inLanguage":"fr-FR","@id":"https:\/\/stourm.news\/?p=4424#primaryimage","url":"https:\/\/stourm.news\/wp-content\/uploads\/2025\/07\/Capture-decran-2025-07-12-a-18.58.24.png","contentUrl":"https:\/\/stourm.news\/wp-content\/uploads\/2025\/07\/Capture-decran-2025-07-12-a-18.58.24.png","width":544,"height":576},{"@type":"BreadcrumbList","@id":"https:\/\/stourm.news\/?p=4424#breadcrumb","itemListElement":[{"@type":"ListItem","position":1,"name":"Accueil","item":"https:\/\/stourm.news\/"},{"@type":"ListItem","position":2,"name":"Biographie de Jorj Robin : Un h\u00e9ros de l\u2019art national breton"}]},{"@type":"WebSite","@id":"https:\/\/stourm.news\/#website","url":"https:\/\/stourm.news\/","name":"Stourm","description":"Kazetenn Strollad Broadel Breizh","publisher":{"@id":"https:\/\/stourm.news\/#organization"},"potentialAction":[{"@type":"SearchAction","target":{"@type":"EntryPoint","urlTemplate":"https:\/\/stourm.news\/?s={search_term_string}"},"query-input":{"@type":"PropertyValueSpecification","valueRequired":true,"valueName":"search_term_string"}}],"inLanguage":"fr-FR"},{"@type":"Organization","@id":"https:\/\/stourm.news\/#organization","name":"Stourm","url":"https:\/\/stourm.news\/","logo":{"@type":"ImageObject","inLanguage":"fr-FR","@id":"https:\/\/stourm.news\/#\/schema\/logo\/image\/","url":"https:\/\/stourm.news\/wp-content\/uploads\/2025\/11\/cropped-Capture-decran-2025-11-28-a-15.19.07.png","contentUrl":"https:\/\/stourm.news\/wp-content\/uploads\/2025\/11\/cropped-Capture-decran-2025-11-28-a-15.19.07.png","width":1855,"height":383,"caption":"Stourm"},"image":{"@id":"https:\/\/stourm.news\/#\/schema\/logo\/image\/"},"sameAs":["https:\/\/www.facebook.com\/stourmnews\/"]},{"@type":"Person","@id":"https:\/\/stourm.news\/#\/schema\/person\/c3e1dc65988632e190969234ef046cf9","name":"La r\u00e9daction","image":{"@type":"ImageObject","inLanguage":"fr-FR","@id":"https:\/\/stourm.news\/#\/schema\/person\/image\/","url":"https:\/\/secure.gravatar.com\/avatar\/7463443f194b6b5fb706b074ca0ef59a0cfcfd720cb47764b0ec5a952ce422b3?s=96&d=mm&r=g","contentUrl":"https:\/\/secure.gravatar.com\/avatar\/7463443f194b6b5fb706b074ca0ef59a0cfcfd720cb47764b0ec5a952ce422b3?s=96&d=mm&r=g","caption":"La r\u00e9daction"},"sameAs":["https:\/\/stourm.news"],"url":"https:\/\/stourm.news\/?author=1"}]}},"_links":{"self":[{"href":"https:\/\/stourm.news\/index.php?rest_route=\/wp\/v2\/posts\/4424","targetHints":{"allow":["GET"]}}],"collection":[{"href":"https:\/\/stourm.news\/index.php?rest_route=\/wp\/v2\/posts"}],"about":[{"href":"https:\/\/stourm.news\/index.php?rest_route=\/wp\/v2\/types\/post"}],"author":[{"embeddable":true,"href":"https:\/\/stourm.news\/index.php?rest_route=\/wp\/v2\/users\/1"}],"replies":[{"embeddable":true,"href":"https:\/\/stourm.news\/index.php?rest_route=%2Fwp%2Fv2%2Fcomments&post=4424"}],"version-history":[{"count":2,"href":"https:\/\/stourm.news\/index.php?rest_route=\/wp\/v2\/posts\/4424\/revisions"}],"predecessor-version":[{"id":4427,"href":"https:\/\/stourm.news\/index.php?rest_route=\/wp\/v2\/posts\/4424\/revisions\/4427"}],"wp:featuredmedia":[{"embeddable":true,"href":"https:\/\/stourm.news\/index.php?rest_route=\/wp\/v2\/media\/4425"}],"wp:attachment":[{"href":"https:\/\/stourm.news\/index.php?rest_route=%2Fwp%2Fv2%2Fmedia&parent=4424"}],"wp:term":[{"taxonomy":"category","embeddable":true,"href":"https:\/\/stourm.news\/index.php?rest_route=%2Fwp%2Fv2%2Fcategories&post=4424"},{"taxonomy":"post_tag","embeddable":true,"href":"https:\/\/stourm.news\/index.php?rest_route=%2Fwp%2Fv2%2Ftags&post=4424"}],"curies":[{"name":"wp","href":"https:\/\/api.w.org\/{rel}","templated":true}]}}