{"id":4428,"date":"2025-07-12T10:46:34","date_gmt":"2025-07-12T10:46:34","guid":{"rendered":"https:\/\/stourm.news\/?p=4428"},"modified":"2025-07-12T10:48:10","modified_gmt":"2025-07-12T10:48:10","slug":"ni-drapeau-palestinien-ni-tricolore-a-carhaix-comme-ailleurs-en-bretagne-seul-le-gwenn-ha-du-seul-doit-flotter","status":"publish","type":"post","link":"https:\/\/stourm.news\/?p=4428","title":{"rendered":"Ni drapeau palestinien, ni tricolore : \u00e0 Carhaix comme ailleurs en Bretagne, seul le Gwenn ha Du doit flotter sur nos mairies !"},"content":{"rendered":"<p style=\"text-align: justify;\">Dans un r\u00e9cent article publi\u00e9 par <strong><a href=\"https:\/\/www.ouest-france.fr\/monde\/palestine\/somme-de-retirer-le-drapeau-palestinien-par-la-prefecture-le-maire-de-carhaix-refuse-e8307fa4-5d9b-11f0-a0c4-7d0511e82e11\">Ouest-France<\/a><\/strong> le 11 juillet 2025, nous apprenons que la municipalit\u00e9 de Karaez (Carhaix), sous la conduite de son maire Christian Troadec (gauche r\u00e9gionaliste), a re\u00e7u un courrier de la sous-pr\u00e9fecture de Ch\u00e2teaulin exigeant le retrait du drapeau palestinien flottant sur le fronton de la mairie. Cette injonction, justifi\u00e9e par le principe de \u00ab neutralit\u00e9 des services publics \u00bb, a \u00e9t\u00e9 fermement rejet\u00e9e par le maire, qui rappelle l\u2019exemple du drapeau ukrainien, tol\u00e9r\u00e9 pendant des mois sur des b\u00e2timents publics sans que l\u2019\u00c9tat fran\u00e7ais ne s\u2019en \u00e9meuve.<\/p>\n<p style=\"text-align: justify;\">Nous allons plus loin : il est temps de d\u00e9noncer avec force la pr\u00e9sence de tout drapeau \u00e9tranger sur les \u00e9difices publics bretons, \u00e0 commencer par le drapeau tricolore fran\u00e7ais, symbole d\u2019une domination \u00e9trang\u00e8re impos\u00e9e \u00e0 notre nation depuis des si\u00e8cles. La Bretagne n\u2019a pas \u00e0 plier sous le joug des symboles \u00e9trangers, qu\u2019ils soient fran\u00e7ais, palestiniens, ukrainiens ou autres. Nos mairies, nos \u00e9coles, nos institutions publiques doivent arborer un seul \u00e9tendard : le Gwenn ha Du, drapeau de la Bretagne libre et souveraine !<\/p>\n<p style=\"text-align: justify;\"><strong>Une hypocrisie fran\u00e7aise d\u00e9voil\u00e9e<\/strong><\/p>\n<p style=\"text-align: justify;\">L\u2019affaire de Karaez met en lumi\u00e8re l\u2019hypocrisie de l\u2019\u00c9tat fran\u00e7ais. Pourquoi s\u2019indigner du drapeau palestinien alors que le drapeau ukrainien a \u00e9t\u00e9 tol\u00e9r\u00e9 sans broncher ? Pourquoi cette s\u00e9lectivit\u00e9 dans l\u2019application du pr\u00e9tendu \u00ab principe de neutralit\u00e9 \u00bb ? La r\u00e9ponse est claire : l\u2019\u00c9tat fran\u00e7ais instrumentalise ses propres lois pour imposer son agenda politique, tout en \u00e9crasant l\u2019expression des identit\u00e9s nationales, qu\u2019elles soient bretonnes ou autres. \u00c0 Karaez, nous, nationalistes bretons, allons au-del\u00e0 : nous refusons que les mairies bretonnes soient contraintes de se soumettre \u00e0 des diktats parisiens, qu\u2019il s\u2019agisse de retirer un drapeau ou d\u2019en imposer un autre.<\/p>\n<p style=\"text-align: justify;\">Le drapeau palestinien, hiss\u00e9 \u00e0 Carhaix en solidarit\u00e9 avec un peuple opprim\u00e9, peut \u00eatre vu comme un geste de r\u00e9sistance face \u00e0 l\u2019imp\u00e9rialisme. Mais il ne saurait remplacer le combat fondamental pour l\u2019\u00e9mancipation de la Bretagne. Les causes internationales, si justes soient-elles, ne doivent pas d\u00e9tourner notre peuple de son propre combat pour la souverainet\u00e9. Chaque drapeau \u00e9tranger, qu\u2019il soit brandi par solidarit\u00e9 ou impos\u00e9 par l\u2019\u00c9tat, est une distraction face \u00e0 l\u2019urgence de lib\u00e9rer nos institutions des symboles de l\u2019occupation fran\u00e7aise.<\/p>\n<p style=\"text-align: justify;\"><strong>Le tricolore : un symbole d\u2019oppression<\/strong><\/p>\n<p style=\"text-align: justify;\">Le v\u00e9ritable scandale, celui que l\u2019\u00c9tat fran\u00e7ais passe sous silence, est la pr\u00e9sence omnipr\u00e9sente du drapeau tricolore sur les \u00e9difices publics bretons. Ce drapeau, impos\u00e9 par la force depuis l\u2019annexion de la Bretagne en 1532 et la destruction de nos institutions nationales en 1789, est le symbole d\u2019une occupation et d&rsquo;une centralisation brutales qui a cherch\u00e9 \u00e0 \u00e9radiquer notre langue, notre culture et notre identit\u00e9. Il flotte sur nos mairies comme un rappel constant de la soumission de notre nation \u00e0 une r\u00e9publique \u00e9trang\u00e8re qui nie notre droit \u00e0 l\u2019autod\u00e9termination. Chaque jour, ce drapeau tricolore est une insulte \u00e0 l\u2019h\u00e9ritage de tous les h\u00e9ros bretons qui ont lutt\u00e9 pour une Bretagne libre.<\/p>\n<p style=\"text-align: justify;\">Pourquoi acceptons-nous que ce symbole \u00e9tranger domine nos terres ? Pourquoi tol\u00e9rons-nous que l\u2019\u00c9tat fran\u00e7ais, qui s\u2019arroge le droit de dicter quels drapeaux peuvent ou ne peuvent pas flotter, impose le sien sans d\u00e9bat ? Nous affirmons que le seul drapeau l\u00e9gitime sur les \u00e9difices publics bretons est le Gwenn ha Du, embl\u00e8me de notre nation, de notre histoire et de notre avenir. Les mairies bretonnes ne doivent pas \u00eatre des relais de l\u2019administration fran\u00e7aise, mais des bastions de l\u2019identit\u00e9 bretonne, des lieux o\u00f9 s\u2019exprime la volont\u00e9 d\u2019un peuple qui refuse de plier.<\/p>\n<p style=\"text-align: justify;\"><strong>Une Bretagne libre, sans compromis<\/strong><\/p>\n<p style=\"text-align: justify;\">L\u2019exemple de Karaez montre que la r\u00e9sistance est possible. Christian Troadec, en refusant de retirer le drapeau palestinien, d\u00e9fie l\u2019autorit\u00e9 de l\u2019\u00c9tat fran\u00e7ais et rappelle que les \u00e9lus bretons peuvent \u00eatre des acteurs de la souverainet\u00e9. Mais nous, nationalistes bretons, devons pousser cette logique jusqu\u2019au bout : il ne s\u2019agit pas seulement de r\u00e9sister \u00e0 une injonction pr\u00e9fectorale, mais de rejeter toute forme de domination \u00e9trang\u00e8re et d&rsquo;affirmer notre lutte pour l&rsquo;ind\u00e9pendance nationale. Cela commence par le retrait du drapeau tricolore de nos mairies, de nos \u00e9coles et de nos places publiques.<\/p>\n<p style=\"text-align: justify;\">Nous appelons les maires bretons, les \u00e9lus, les citoyens \u00e0 hisser le Gwenn ha Du sur chaque \u00e9difice public, \u00e0 en faire le symbole de notre unit\u00e9 et de notre d\u00e9termination. Que chaque mairie devienne un foyer de r\u00e9sistance, un lieu o\u00f9 la Bretagne affirme son droit \u00e0 exister comme nation souveraine. Les drapeaux \u00e9trangers, qu\u2019ils soient impos\u00e9s par Paris ou choisis par solidarit\u00e9, n\u2019ont pas leur place sur nos terres tant que la Bretagne n\u2019a pas recouvr\u00e9 sa libert\u00e9.<\/p>\n<p style=\"text-align: justify;\"><strong>Un appel \u00e0 l\u2019action<\/strong><\/p>\n<p style=\"text-align: justify;\">Nous lan\u00e7ons un appel vibrant \u00e0 tous les Bretons : reprenons nos symboles, reprenons notre destin. Le combat pour une Bretagne ind\u00e9pendante passe par la r\u00e9appropriation de nos espaces publics, de nos institutions, de notre identit\u00e9. Le Gwenn ha Du doit flotter seul, fier et libre, sur les mairies de Karaez, de Roazhon, de Kemper, de Sant-Brieg et de toutes les communes bretonnes. Refusons l\u2019hypocrisie de l\u2019\u00c9tat fran\u00e7ais, refusons les drapeaux \u00e9trangers, \u00e0 commencer par celui qui nous opprime depuis trop longtemps.<\/p>\n<p style=\"text-align: justify;\">La Bretagne n\u2019est pas une r\u00e9gion, c\u2019est une nation. Elle m\u00e9rite mieux que d\u2019\u00eatre un pion dans les jeux g\u00e9opolitiques de Paris. Faisons de nos mairies des bastions de la culture et de la souverainet\u00e9 bretonnes. Pour une Bretagne libre, pour une Bretagne fi\u00e8re, disons non aux drapeaux \u00e9trangers et oui au Gwenn ha Du !<\/p>\n<p style=\"text-align: right;\"><strong>Budig Gourmaelon<\/strong><\/p>\n","protected":false},"excerpt":{"rendered":"<p>Dans un r\u00e9cent article publi\u00e9 par Ouest-France le 11 juillet 2025, nous apprenons que la municipalit\u00e9 de Karaez (Carhaix), sous la conduite de son maire Christian Troadec (gauche r\u00e9gionaliste), a re\u00e7u un courrier de la sous-pr\u00e9fecture de Ch\u00e2teaulin exigeant le retrait du drapeau palestinien flottant sur le fronton de la mairie. Cette injonction, justifi\u00e9e par [&hellip;]<\/p>\n","protected":false},"author":1,"featured_media":4429,"comment_status":"open","ping_status":"open","sticky":false,"template":"","format":"standard","meta":{"sb_editor_width":"","footnotes":""},"categories":[58,38,46,67,65],"tags":[],"class_list":["post-4428","post","type-post","status-publish","format-standard","has-post-thumbnail","hentry","category-breizh","category-finistere","category-independance","category-politique","category-principale"],"relative_dates":{"created":"10 mois ago","modified":"10 mois ago"},"yoast_head":"<!-- This site is optimized with the Yoast SEO plugin v26.3 - https:\/\/yoast.com\/wordpress\/plugins\/seo\/ -->\n<title>Ni drapeau palestinien, ni tricolore : \u00e0 Carhaix comme ailleurs en Bretagne, seul le Gwenn ha Du doit flotter sur nos mairies ! - STOURM<\/title>\n<meta name=\"robots\" content=\"index, follow, max-snippet:-1, max-image-preview:large, max-video-preview:-1\" \/>\n<link rel=\"canonical\" href=\"https:\/\/stourm.news\/?p=4428\" \/>\n<meta property=\"og:locale\" content=\"fr_FR\" \/>\n<meta property=\"og:type\" content=\"article\" \/>\n<meta property=\"og:title\" content=\"Ni drapeau palestinien, ni tricolore : \u00e0 Carhaix comme ailleurs en Bretagne, seul le Gwenn ha Du doit flotter sur nos mairies ! - STOURM\" \/>\n<meta property=\"og:description\" content=\"Dans un r\u00e9cent article publi\u00e9 par Ouest-France le 11 juillet 2025, nous apprenons que la municipalit\u00e9 de Karaez (Carhaix), sous la conduite de son maire Christian Troadec (gauche r\u00e9gionaliste), a re\u00e7u un courrier de la sous-pr\u00e9fecture de Ch\u00e2teaulin exigeant le retrait du drapeau palestinien flottant sur le fronton de la mairie. Cette injonction, justifi\u00e9e par [&hellip;]\" \/>\n<meta property=\"og:url\" content=\"https:\/\/stourm.news\/?p=4428\" \/>\n<meta property=\"og:site_name\" content=\"STOURM\" \/>\n<meta property=\"article:publisher\" content=\"https:\/\/www.facebook.com\/stourmnews\/\" \/>\n<meta property=\"article:published_time\" content=\"2025-07-12T10:46:34+00:00\" \/>\n<meta property=\"article:modified_time\" content=\"2025-07-12T10:48:10+00:00\" \/>\n<meta property=\"og:image\" content=\"https:\/\/stourm.news\/wp-content\/uploads\/2025\/07\/2102e8_3dabb6290d7d4a9f94eaba200595a13bmv2.png\" \/>\n\t<meta property=\"og:image:width\" content=\"1000\" \/>\n\t<meta property=\"og:image:height\" content=\"678\" \/>\n\t<meta property=\"og:image:type\" content=\"image\/png\" \/>\n<meta name=\"author\" content=\"La r\u00e9daction\" \/>\n<meta name=\"twitter:card\" content=\"summary_large_image\" \/>\n<meta name=\"twitter:label1\" content=\"\u00c9crit par\" \/>\n\t<meta name=\"twitter:data1\" content=\"La r\u00e9daction\" \/>\n\t<meta name=\"twitter:label2\" content=\"Dur\u00e9e de lecture estim\u00e9e\" \/>\n\t<meta name=\"twitter:data2\" content=\"5 minutes\" \/>\n<script type=\"application\/ld+json\" class=\"yoast-schema-graph\">{\"@context\":\"https:\/\/schema.org\",\"@graph\":[{\"@type\":\"Article\",\"@id\":\"https:\/\/stourm.news\/?p=4428#article\",\"isPartOf\":{\"@id\":\"https:\/\/stourm.news\/?p=4428\"},\"author\":{\"name\":\"La r\u00e9daction\",\"@id\":\"https:\/\/stourm.news\/#\/schema\/person\/c3e1dc65988632e190969234ef046cf9\"},\"headline\":\"Ni drapeau palestinien, ni tricolore : \u00e0 Carhaix comme ailleurs en Bretagne, seul le Gwenn ha Du doit flotter sur nos mairies !\",\"datePublished\":\"2025-07-12T10:46:34+00:00\",\"dateModified\":\"2025-07-12T10:48:10+00:00\",\"mainEntityOfPage\":{\"@id\":\"https:\/\/stourm.news\/?p=4428\"},\"wordCount\":994,\"commentCount\":0,\"publisher\":{\"@id\":\"https:\/\/stourm.news\/#organization\"},\"image\":{\"@id\":\"https:\/\/stourm.news\/?p=4428#primaryimage\"},\"thumbnailUrl\":\"https:\/\/stourm.news\/wp-content\/uploads\/2025\/07\/2102e8_3dabb6290d7d4a9f94eaba200595a13bmv2.png\",\"articleSection\":[\"Breizh\",\"Finist\u00e8re\",\"Ind\u00e9pendance\",\"Politique\",\"Principale\"],\"inLanguage\":\"fr-FR\",\"potentialAction\":[{\"@type\":\"CommentAction\",\"name\":\"Comment\",\"target\":[\"https:\/\/stourm.news\/?p=4428#respond\"]}]},{\"@type\":\"WebPage\",\"@id\":\"https:\/\/stourm.news\/?p=4428\",\"url\":\"https:\/\/stourm.news\/?p=4428\",\"name\":\"Ni drapeau palestinien, ni tricolore : \u00e0 Carhaix comme ailleurs en Bretagne, seul le Gwenn ha Du doit flotter sur nos mairies ! - STOURM\",\"isPartOf\":{\"@id\":\"https:\/\/stourm.news\/#website\"},\"primaryImageOfPage\":{\"@id\":\"https:\/\/stourm.news\/?p=4428#primaryimage\"},\"image\":{\"@id\":\"https:\/\/stourm.news\/?p=4428#primaryimage\"},\"thumbnailUrl\":\"https:\/\/stourm.news\/wp-content\/uploads\/2025\/07\/2102e8_3dabb6290d7d4a9f94eaba200595a13bmv2.png\",\"datePublished\":\"2025-07-12T10:46:34+00:00\",\"dateModified\":\"2025-07-12T10:48:10+00:00\",\"breadcrumb\":{\"@id\":\"https:\/\/stourm.news\/?p=4428#breadcrumb\"},\"inLanguage\":\"fr-FR\",\"potentialAction\":[{\"@type\":\"ReadAction\",\"target\":[\"https:\/\/stourm.news\/?p=4428\"]}]},{\"@type\":\"ImageObject\",\"inLanguage\":\"fr-FR\",\"@id\":\"https:\/\/stourm.news\/?p=4428#primaryimage\",\"url\":\"https:\/\/stourm.news\/wp-content\/uploads\/2025\/07\/2102e8_3dabb6290d7d4a9f94eaba200595a13bmv2.png\",\"contentUrl\":\"https:\/\/stourm.news\/wp-content\/uploads\/2025\/07\/2102e8_3dabb6290d7d4a9f94eaba200595a13bmv2.png\",\"width\":1000,\"height\":678},{\"@type\":\"BreadcrumbList\",\"@id\":\"https:\/\/stourm.news\/?p=4428#breadcrumb\",\"itemListElement\":[{\"@type\":\"ListItem\",\"position\":1,\"name\":\"Accueil\",\"item\":\"https:\/\/stourm.news\/\"},{\"@type\":\"ListItem\",\"position\":2,\"name\":\"Ni drapeau palestinien, ni tricolore : \u00e0 Carhaix comme ailleurs en Bretagne, seul le Gwenn ha Du doit flotter sur nos mairies !\"}]},{\"@type\":\"WebSite\",\"@id\":\"https:\/\/stourm.news\/#website\",\"url\":\"https:\/\/stourm.news\/\",\"name\":\"Stourm\",\"description\":\"Kazetenn Strollad Broadel Breizh\",\"publisher\":{\"@id\":\"https:\/\/stourm.news\/#organization\"},\"potentialAction\":[{\"@type\":\"SearchAction\",\"target\":{\"@type\":\"EntryPoint\",\"urlTemplate\":\"https:\/\/stourm.news\/?s={search_term_string}\"},\"query-input\":{\"@type\":\"PropertyValueSpecification\",\"valueRequired\":true,\"valueName\":\"search_term_string\"}}],\"inLanguage\":\"fr-FR\"},{\"@type\":\"Organization\",\"@id\":\"https:\/\/stourm.news\/#organization\",\"name\":\"Stourm\",\"url\":\"https:\/\/stourm.news\/\",\"logo\":{\"@type\":\"ImageObject\",\"inLanguage\":\"fr-FR\",\"@id\":\"https:\/\/stourm.news\/#\/schema\/logo\/image\/\",\"url\":\"https:\/\/stourm.news\/wp-content\/uploads\/2025\/11\/cropped-Capture-decran-2025-11-28-a-15.19.07.png\",\"contentUrl\":\"https:\/\/stourm.news\/wp-content\/uploads\/2025\/11\/cropped-Capture-decran-2025-11-28-a-15.19.07.png\",\"width\":1855,\"height\":383,\"caption\":\"Stourm\"},\"image\":{\"@id\":\"https:\/\/stourm.news\/#\/schema\/logo\/image\/\"},\"sameAs\":[\"https:\/\/www.facebook.com\/stourmnews\/\"]},{\"@type\":\"Person\",\"@id\":\"https:\/\/stourm.news\/#\/schema\/person\/c3e1dc65988632e190969234ef046cf9\",\"name\":\"La r\u00e9daction\",\"image\":{\"@type\":\"ImageObject\",\"inLanguage\":\"fr-FR\",\"@id\":\"https:\/\/stourm.news\/#\/schema\/person\/image\/\",\"url\":\"https:\/\/secure.gravatar.com\/avatar\/7463443f194b6b5fb706b074ca0ef59a0cfcfd720cb47764b0ec5a952ce422b3?s=96&d=mm&r=g\",\"contentUrl\":\"https:\/\/secure.gravatar.com\/avatar\/7463443f194b6b5fb706b074ca0ef59a0cfcfd720cb47764b0ec5a952ce422b3?s=96&d=mm&r=g\",\"caption\":\"La r\u00e9daction\"},\"sameAs\":[\"https:\/\/stourm.news\"],\"url\":\"https:\/\/stourm.news\/?author=1\"}]}<\/script>\n<!-- \/ Yoast SEO plugin. -->","yoast_head_json":{"title":"Ni drapeau palestinien, ni tricolore : \u00e0 Carhaix comme ailleurs en Bretagne, seul le Gwenn ha Du doit flotter sur nos mairies ! - STOURM","robots":{"index":"index","follow":"follow","max-snippet":"max-snippet:-1","max-image-preview":"max-image-preview:large","max-video-preview":"max-video-preview:-1"},"canonical":"https:\/\/stourm.news\/?p=4428","og_locale":"fr_FR","og_type":"article","og_title":"Ni drapeau palestinien, ni tricolore : \u00e0 Carhaix comme ailleurs en Bretagne, seul le Gwenn ha Du doit flotter sur nos mairies ! - STOURM","og_description":"Dans un r\u00e9cent article publi\u00e9 par Ouest-France le 11 juillet 2025, nous apprenons que la municipalit\u00e9 de Karaez (Carhaix), sous la conduite de son maire Christian Troadec (gauche r\u00e9gionaliste), a re\u00e7u un courrier de la sous-pr\u00e9fecture de Ch\u00e2teaulin exigeant le retrait du drapeau palestinien flottant sur le fronton de la mairie. Cette injonction, justifi\u00e9e par [&hellip;]","og_url":"https:\/\/stourm.news\/?p=4428","og_site_name":"STOURM","article_publisher":"https:\/\/www.facebook.com\/stourmnews\/","article_published_time":"2025-07-12T10:46:34+00:00","article_modified_time":"2025-07-12T10:48:10+00:00","og_image":[{"width":1000,"height":678,"url":"https:\/\/stourm.news\/wp-content\/uploads\/2025\/07\/2102e8_3dabb6290d7d4a9f94eaba200595a13bmv2.png","type":"image\/png"}],"author":"La r\u00e9daction","twitter_card":"summary_large_image","twitter_misc":{"\u00c9crit par":"La r\u00e9daction","Dur\u00e9e de lecture estim\u00e9e":"5 minutes"},"schema":{"@context":"https:\/\/schema.org","@graph":[{"@type":"Article","@id":"https:\/\/stourm.news\/?p=4428#article","isPartOf":{"@id":"https:\/\/stourm.news\/?p=4428"},"author":{"name":"La r\u00e9daction","@id":"https:\/\/stourm.news\/#\/schema\/person\/c3e1dc65988632e190969234ef046cf9"},"headline":"Ni drapeau palestinien, ni tricolore : \u00e0 Carhaix comme ailleurs en Bretagne, seul le Gwenn ha Du doit flotter sur nos mairies !","datePublished":"2025-07-12T10:46:34+00:00","dateModified":"2025-07-12T10:48:10+00:00","mainEntityOfPage":{"@id":"https:\/\/stourm.news\/?p=4428"},"wordCount":994,"commentCount":0,"publisher":{"@id":"https:\/\/stourm.news\/#organization"},"image":{"@id":"https:\/\/stourm.news\/?p=4428#primaryimage"},"thumbnailUrl":"https:\/\/stourm.news\/wp-content\/uploads\/2025\/07\/2102e8_3dabb6290d7d4a9f94eaba200595a13bmv2.png","articleSection":["Breizh","Finist\u00e8re","Ind\u00e9pendance","Politique","Principale"],"inLanguage":"fr-FR","potentialAction":[{"@type":"CommentAction","name":"Comment","target":["https:\/\/stourm.news\/?p=4428#respond"]}]},{"@type":"WebPage","@id":"https:\/\/stourm.news\/?p=4428","url":"https:\/\/stourm.news\/?p=4428","name":"Ni drapeau palestinien, ni tricolore : \u00e0 Carhaix comme ailleurs en Bretagne, seul le Gwenn ha Du doit flotter sur nos mairies ! - STOURM","isPartOf":{"@id":"https:\/\/stourm.news\/#website"},"primaryImageOfPage":{"@id":"https:\/\/stourm.news\/?p=4428#primaryimage"},"image":{"@id":"https:\/\/stourm.news\/?p=4428#primaryimage"},"thumbnailUrl":"https:\/\/stourm.news\/wp-content\/uploads\/2025\/07\/2102e8_3dabb6290d7d4a9f94eaba200595a13bmv2.png","datePublished":"2025-07-12T10:46:34+00:00","dateModified":"2025-07-12T10:48:10+00:00","breadcrumb":{"@id":"https:\/\/stourm.news\/?p=4428#breadcrumb"},"inLanguage":"fr-FR","potentialAction":[{"@type":"ReadAction","target":["https:\/\/stourm.news\/?p=4428"]}]},{"@type":"ImageObject","inLanguage":"fr-FR","@id":"https:\/\/stourm.news\/?p=4428#primaryimage","url":"https:\/\/stourm.news\/wp-content\/uploads\/2025\/07\/2102e8_3dabb6290d7d4a9f94eaba200595a13bmv2.png","contentUrl":"https:\/\/stourm.news\/wp-content\/uploads\/2025\/07\/2102e8_3dabb6290d7d4a9f94eaba200595a13bmv2.png","width":1000,"height":678},{"@type":"BreadcrumbList","@id":"https:\/\/stourm.news\/?p=4428#breadcrumb","itemListElement":[{"@type":"ListItem","position":1,"name":"Accueil","item":"https:\/\/stourm.news\/"},{"@type":"ListItem","position":2,"name":"Ni drapeau palestinien, ni tricolore : \u00e0 Carhaix comme ailleurs en Bretagne, seul le Gwenn ha Du doit flotter sur nos mairies !"}]},{"@type":"WebSite","@id":"https:\/\/stourm.news\/#website","url":"https:\/\/stourm.news\/","name":"Stourm","description":"Kazetenn Strollad Broadel Breizh","publisher":{"@id":"https:\/\/stourm.news\/#organization"},"potentialAction":[{"@type":"SearchAction","target":{"@type":"EntryPoint","urlTemplate":"https:\/\/stourm.news\/?s={search_term_string}"},"query-input":{"@type":"PropertyValueSpecification","valueRequired":true,"valueName":"search_term_string"}}],"inLanguage":"fr-FR"},{"@type":"Organization","@id":"https:\/\/stourm.news\/#organization","name":"Stourm","url":"https:\/\/stourm.news\/","logo":{"@type":"ImageObject","inLanguage":"fr-FR","@id":"https:\/\/stourm.news\/#\/schema\/logo\/image\/","url":"https:\/\/stourm.news\/wp-content\/uploads\/2025\/11\/cropped-Capture-decran-2025-11-28-a-15.19.07.png","contentUrl":"https:\/\/stourm.news\/wp-content\/uploads\/2025\/11\/cropped-Capture-decran-2025-11-28-a-15.19.07.png","width":1855,"height":383,"caption":"Stourm"},"image":{"@id":"https:\/\/stourm.news\/#\/schema\/logo\/image\/"},"sameAs":["https:\/\/www.facebook.com\/stourmnews\/"]},{"@type":"Person","@id":"https:\/\/stourm.news\/#\/schema\/person\/c3e1dc65988632e190969234ef046cf9","name":"La r\u00e9daction","image":{"@type":"ImageObject","inLanguage":"fr-FR","@id":"https:\/\/stourm.news\/#\/schema\/person\/image\/","url":"https:\/\/secure.gravatar.com\/avatar\/7463443f194b6b5fb706b074ca0ef59a0cfcfd720cb47764b0ec5a952ce422b3?s=96&d=mm&r=g","contentUrl":"https:\/\/secure.gravatar.com\/avatar\/7463443f194b6b5fb706b074ca0ef59a0cfcfd720cb47764b0ec5a952ce422b3?s=96&d=mm&r=g","caption":"La r\u00e9daction"},"sameAs":["https:\/\/stourm.news"],"url":"https:\/\/stourm.news\/?author=1"}]}},"_links":{"self":[{"href":"https:\/\/stourm.news\/index.php?rest_route=\/wp\/v2\/posts\/4428","targetHints":{"allow":["GET"]}}],"collection":[{"href":"https:\/\/stourm.news\/index.php?rest_route=\/wp\/v2\/posts"}],"about":[{"href":"https:\/\/stourm.news\/index.php?rest_route=\/wp\/v2\/types\/post"}],"author":[{"embeddable":true,"href":"https:\/\/stourm.news\/index.php?rest_route=\/wp\/v2\/users\/1"}],"replies":[{"embeddable":true,"href":"https:\/\/stourm.news\/index.php?rest_route=%2Fwp%2Fv2%2Fcomments&post=4428"}],"version-history":[{"count":2,"href":"https:\/\/stourm.news\/index.php?rest_route=\/wp\/v2\/posts\/4428\/revisions"}],"predecessor-version":[{"id":4431,"href":"https:\/\/stourm.news\/index.php?rest_route=\/wp\/v2\/posts\/4428\/revisions\/4431"}],"wp:featuredmedia":[{"embeddable":true,"href":"https:\/\/stourm.news\/index.php?rest_route=\/wp\/v2\/media\/4429"}],"wp:attachment":[{"href":"https:\/\/stourm.news\/index.php?rest_route=%2Fwp%2Fv2%2Fmedia&parent=4428"}],"wp:term":[{"taxonomy":"category","embeddable":true,"href":"https:\/\/stourm.news\/index.php?rest_route=%2Fwp%2Fv2%2Fcategories&post=4428"},{"taxonomy":"post_tag","embeddable":true,"href":"https:\/\/stourm.news\/index.php?rest_route=%2Fwp%2Fv2%2Ftags&post=4428"}],"curies":[{"name":"wp","href":"https:\/\/api.w.org\/{rel}","templated":true}]}}