{"id":4432,"date":"2025-07-14T05:56:46","date_gmt":"2025-07-14T05:56:46","guid":{"rendered":"https:\/\/stourm.news\/?p=4432"},"modified":"2025-07-14T05:57:03","modified_gmt":"2025-07-14T05:57:03","slug":"laccord-sur-la-nouvelle-caledonie-une-breche-dans-le-mur-du-jacobinisme-francais-et-un-precedent-decisif-pour-le-combat-breton","status":"publish","type":"post","link":"https:\/\/stourm.news\/?p=4432","title":{"rendered":"L\u2019accord sur la Nouvelle-Cal\u00e9donie : une br\u00e8che dans le mur du jacobinisme fran\u00e7ais et un pr\u00e9c\u00e9dent d\u00e9cisif pour le combat national breton (\u00c9ditorial)"},"content":{"rendered":"<p style=\"text-align: justify;\">Le 12 juillet 2025, un accord qualifi\u00e9 d\u2019\u00ab historique \u00bb a \u00e9t\u00e9 sign\u00e9 \u00e0 Bougival, pr\u00e8s de Paris, entre l\u2019\u00c9tat fran\u00e7ais, les ind\u00e9pendantistes et les non-ind\u00e9pendantistes de Nouvelle-Cal\u00e9donie, marquant une \u00e9tape d\u00e9cisive dans l\u2019avenir institutionnel de cet archipel du Pacifique. Intitul\u00e9 \u00ab le pari de la confiance \u00bb, ce texte de 13 pages, fruit de dix jours de n\u00e9gociations intenses, propose une refonte profonde du statut de la Nouvelle-Cal\u00e9donie, avec des implications majeures pour la R\u00e9publique fran\u00e7aise, traditionnellement jacobine, et pour les peuples en qu\u00eate de reconnaissance identitaire, comme les Bretons.<\/p>\n<p style=\"text-align: justify;\"><strong>Contenu de l\u2019accord : un nouvel \u00ab \u00c9tat de la Nouvelle-Cal\u00e9donie \u00bb<\/strong><\/p>\n<p style=\"text-align: justify;\">L\u2019accord sign\u00e9 le 12 juillet 2025 instaure un cadre institutionnel in\u00e9dit pour la Nouvelle-Cal\u00e9donie, rompant avec le statu quo issu des accords de Noum\u00e9a (1998). Voici ses principaux points :<\/p>\n<ol>\n<li style=\"text-align: justify;\"><strong>Cr\u00e9ation d\u2019un \u00ab \u00c9tat de la Nouvelle-Cal\u00e9donie<\/strong> : Le texte consacre la transformation de la collectivit\u00e9 territoriale en un \u00ab \u00c9tat de la Nouvelle-Cal\u00e9donie \u00bb, inscrit dans la Constitution fran\u00e7aise. Cet \u00c9tat, qualifi\u00e9 de *sui generis* (unique en son genre), pourra \u00eatre reconnu par la communaut\u00e9 internationale, bien qu\u2019il ne disposera pas d\u2019un si\u00e8ge \u00e0 l\u2019ONU. Cette reconnaissance potentielle marque une avanc\u00e9e vers une souverainet\u00e9 partag\u00e9e, tout en restant dans le giron de la R\u00e9publique fran\u00e7aise.(<a href=\"https:\/\/www.lemonde.fr\/politique\/article\/2025\/07\/12\/un-accord-a-l-arrache-cree-un-etat-de-la-nouvelle-caledonie_6620844_823448.html\">https:\/\/www.lemonde.fr\/politique\/article\/2025\/07\/12\/un-accord-a-l-arrache-cree-un-etat-de-la-nouvelle-caledonie_6620844_823448.html<\/a>)<\/li>\n<li style=\"text-align: justify;\"><span style=\"font-family: var(--viral-mag-body-family, Poppins); font-size: var(--viral-mag-body-size, 16px); font-style: var(--viral-mag-body-style, normal); letter-spacing: var(--viral-mag-body-letter-spacing, 0); text-transform: var(--viral-mag-body-text-transform, none); text-decoration: var(--viral-mag-body-text-decoration, none);\"><strong>Double nationalit\u00e9 fran\u00e7aise et cal\u00e9donienne<\/strong> : Une \u00ab nationalit\u00e9 cal\u00e9donienne \u00bb est cr\u00e9\u00e9e, permettant aux habitants de l\u2019archipel de b\u00e9n\u00e9ficier d\u2019une double nationalit\u00e9, fran\u00e7aise et cal\u00e9donienne, tout en conservant la citoyennet\u00e9 europ\u00e9enne. Cette nationalit\u00e9 cal\u00e9donienne est indissociable de la nationalit\u00e9 fran\u00e7aise : renoncer \u00e0 l\u2019une entra\u00eene la perte de l\u2019autre. Les crit\u00e8res pr\u00e9cis de cette nationalit\u00e9 seront d\u00e9finis par le Congr\u00e8s de la Nouvelle-Cal\u00e9donie \u00e0 partir de 2026. (<\/span><a style=\"font-family: var(--viral-mag-body-family, Poppins); font-size: var(--viral-mag-body-size, 16px); font-style: var(--viral-mag-body-style, normal); letter-spacing: var(--viral-mag-body-letter-spacing, 0); text-transform: var(--viral-mag-body-text-transform, none);\" href=\"https:\/\/www.franceinfo.fr\/france\/nouvelle-caledonie\/creation-d-un-etat-de-nouvelle-caledonie-nationalite-corps-electoral-ce-que-contient-l-accord-historique-signe-entre-l-etat-et-les-forces-politiques-du-territoire_7372849.html\">https:\/\/www.franceinfo.fr\/france\/nouvelle-caledonie\/creation-d-un-etat-de-nouvelle-caledonie-nationalite-corps-electoral-ce-que-contient-l-accord-historique-signe-entre-l-etat-et-les-forces-politiques-du-territoire_7372849.html<\/a><span style=\"font-family: var(--viral-mag-body-family, Poppins); font-size: var(--viral-mag-body-size, 16px); font-style: var(--viral-mag-body-style, normal); letter-spacing: var(--viral-mag-body-letter-spacing, 0); text-transform: var(--viral-mag-body-text-transform, none); text-decoration: var(--viral-mag-body-text-decoration, none);\">)<\/span><\/li>\n<li style=\"text-align: justify;\"><span style=\"font-family: var(--viral-mag-body-family, Poppins); font-size: var(--viral-mag-body-size, 16px); font-style: var(--viral-mag-body-style, normal); letter-spacing: var(--viral-mag-body-letter-spacing, 0); text-transform: var(--viral-mag-body-text-transform, none); text-decoration: var(--viral-mag-body-text-decoration, none);\"><strong>Ouverture du corps \u00e9lectoral<\/strong> : L\u2019accord r\u00e9forme le corps \u00e9lectoral, un sujet explosif ayant d\u00e9clench\u00e9 les \u00e9meutes de mai 2024 (14 morts, plus de 2 milliards d\u2019euros de d\u00e9g\u00e2ts). D\u00e9sormais, les \u00e9lections provinciales incluront les personnes n\u00e9es en Nouvelle-Cal\u00e9donie ou y r\u00e9sidant depuis au moins 15 ans, \u00e9largissant ainsi la participation par rapport au gel strict de 1998. Cette mesure vise \u00e0 concilier les revendications des non-ind\u00e9pendantistes, favorables \u00e0 un suffrage plus universel, et celles des ind\u00e9pendantistes, soucieux de pr\u00e9server l\u2019influence kanak. (<\/span><a style=\"font-family: var(--viral-mag-body-family, Poppins); font-size: var(--viral-mag-body-size, 16px); font-style: var(--viral-mag-body-style, normal); letter-spacing: var(--viral-mag-body-letter-spacing, 0); text-transform: var(--viral-mag-body-text-transform, none);\" href=\"https:\/\/www.lepoint.fr\/politique\/accord-historique-en-nouvelle-caledonie-ce-que-contient-le-texte-12-07-2025-2594222_20.php\">https:\/\/www.lepoint.fr\/politique\/accord-historique-en-nouvelle-caledonie-ce-que-contient-le-texte-12-07-2025-2594222_20.php<\/a><span style=\"font-family: var(--viral-mag-body-family, Poppins); font-size: var(--viral-mag-body-size, 16px); font-style: var(--viral-mag-body-style, normal); letter-spacing: var(--viral-mag-body-letter-spacing, 0); text-transform: var(--viral-mag-body-text-transform, none); text-decoration: var(--viral-mag-body-text-decoration, none);\">)<\/span><\/li>\n<li style=\"text-align: justify;\"><span style=\"font-family: var(--viral-mag-body-family, Poppins); font-size: var(--viral-mag-body-size, 16px); font-style: var(--viral-mag-body-style, normal); letter-spacing: var(--viral-mag-body-letter-spacing, 0); text-transform: var(--viral-mag-body-text-transform, none); text-decoration: var(--viral-mag-body-text-decoration, none);\"><strong>Loi fondamentale et auto-organisation<\/strong> : \u00c0 partir de 2026, le Congr\u00e8s de la Nouvelle-Cal\u00e9donie adoptera une loi fondamentale, consacrant sa capacit\u00e9 d\u2019auto-organisation. Ce texte pourra inclure une charte des valeurs (r\u00e9publicaines, kanak, oc\u00e9aniennes), modifier les signes identitaires (nom, drapeau) et int\u00e9grer un code de la citoyennet\u00e9 cal\u00e9donienne.(<\/span><a style=\"font-family: var(--viral-mag-body-family, Poppins); font-size: var(--viral-mag-body-size, 16px); font-style: var(--viral-mag-body-style, normal); letter-spacing: var(--viral-mag-body-letter-spacing, 0); text-transform: var(--viral-mag-body-text-transform, none);\" href=\"https:\/\/www.info.gouv.fr\/actualite\/un-accord-pour-lavenir-de-la-nouvelle-caledonie\">https:\/\/www.info.gouv.fr\/actualite\/un-accord-pour-lavenir-de-la-nouvelle-caledonie<\/a><span style=\"font-family: var(--viral-mag-body-family, Poppins); font-size: var(--viral-mag-body-size, 16px); font-style: var(--viral-mag-body-style, normal); letter-spacing: var(--viral-mag-body-letter-spacing, 0); text-transform: var(--viral-mag-body-text-transform, none); text-decoration: var(--viral-mag-body-text-decoration, none);\">)<\/span><\/li>\n<li style=\"text-align: justify;\"><span style=\"font-family: var(--viral-mag-body-family, Poppins); font-size: var(--viral-mag-body-size, 16px); font-style: var(--viral-mag-body-style, normal); letter-spacing: var(--viral-mag-body-letter-spacing, 0); text-transform: var(--viral-mag-body-text-transform, none); text-decoration: var(--viral-mag-body-text-decoration, none);\"><strong>Transferts de comp\u00e9tences r\u00e9galiennes<\/strong> : L\u2019accord ouvre la possibilit\u00e9 pour la Nouvelle-Cal\u00e9donie de demander des transferts de comp\u00e9tences r\u00e9galiennes (d\u00e9fense, monnaie, justice, s\u00e9curit\u00e9), sous r\u00e9serve d\u2019une consultation populaire. L\u2019\u00c9tat fran\u00e7ais conserve pour l\u2019instant ces comp\u00e9tences, mais la Nouvelle-Cal\u00e9donie sera \u00e9troitement associ\u00e9e \u00e0 leur exercice, notamment en mati\u00e8re de politique p\u00e9nale et de r\u00e9insertion.(<\/span><a style=\"font-family: var(--viral-mag-body-family, Poppins); font-size: var(--viral-mag-body-size, 16px); font-style: var(--viral-mag-body-style, normal); letter-spacing: var(--viral-mag-body-letter-spacing, 0); text-transform: var(--viral-mag-body-text-transform, none);\" href=\"https:\/\/www.franceinfo.fr\/france\/nouvelle-caledonie\/creation-d-un-etat-de-nouvelle-caledonie-nationalite-corps-electoral-ce-que-contient-l-accord-historique-signe-entre-l-etat-et-les-forces-politiques-du-territoire_7372849.html\">https:\/\/www.franceinfo.fr\/france\/nouvelle-caledonie\/creation-d-un-etat-de-nouvelle-caledonie-nationalite-corps-electoral-ce-que-contient-l-accord-historique-signe-entre-l-etat-et-les-forces-politiques-du-territoire_7372849.html<\/a><span style=\"font-family: var(--viral-mag-body-family, Poppins); font-size: var(--viral-mag-body-size, 16px); font-style: var(--viral-mag-body-style, normal); letter-spacing: var(--viral-mag-body-letter-spacing, 0); text-transform: var(--viral-mag-body-text-transform, none); text-decoration: var(--viral-mag-body-text-decoration, none);\">)<\/span><\/li>\n<li style=\"text-align: justify;\"><span style=\"font-family: var(--viral-mag-body-family, Poppins); font-size: var(--viral-mag-body-size, 16px); font-style: var(--viral-mag-body-style, normal); letter-spacing: var(--viral-mag-body-letter-spacing, 0); text-transform: var(--viral-mag-body-text-transform, none); text-decoration: var(--viral-mag-body-text-decoration, none);\"><strong>Pacte \u00e9conomique<\/strong> : Un \u00ab pacte de refondation \u00e9conomique et financi\u00e8re \u00bb est pr\u00e9vu, avec un accent sur la relance de la fili\u00e8re du nickel, ressource strat\u00e9gique de l\u2019archipel. Toutefois, ce volet reste vague, critiqu\u00e9 pour son manque d\u2019ambition par certains acteurs \u00e9conomiques, comme Mimsy Daly, pr\u00e9sidente du Medef cal\u00e9donien.(<\/span><a style=\"font-family: var(--viral-mag-body-family, Poppins); font-size: var(--viral-mag-body-size, 16px); font-style: var(--viral-mag-body-style, normal); letter-spacing: var(--viral-mag-body-letter-spacing, 0); text-transform: var(--viral-mag-body-text-transform, none);\" href=\"https:\/\/www.lemonde.fr\/politique\/article\/2025\/07\/13\/en-nouvelle-caledonie-le-projet-d-accord-suscite-de-premieres-reactions-contrastees_6620997_823448.html\">https:\/\/www.lemonde.fr\/politique\/article\/2025\/07\/13\/en-nouvelle-caledonie-le-projet-d-accord-suscite-de-premieres-reactions-contrastees_6620997_823448.html<\/a><span style=\"font-family: var(--viral-mag-body-family, Poppins); font-size: var(--viral-mag-body-size, 16px); font-style: var(--viral-mag-body-style, normal); letter-spacing: var(--viral-mag-body-letter-spacing, 0); text-transform: var(--viral-mag-body-text-transform, none); text-decoration: var(--viral-mag-body-text-decoration, none);\">)<\/span><\/li>\n<\/ol>\n<p style=\"text-align: justify;\"><strong>Conditions d\u2019application : un chemin sem\u00e9 d\u2019emb\u00fbches<\/strong><\/p>\n<p style=\"text-align: justify;\">L\u2019accord, bien que sign\u00e9, n\u2019est pas encore effectif. Son application repose sur plusieurs \u00e9tapes cruciales :<\/p>\n<ol>\n<li style=\"text-align: justify;\"><strong>Validation par r\u00e9f\u00e9rendum<\/strong> : Le texte sera soumis \u00e0 un r\u00e9f\u00e9rendum local en f\u00e9vrier 2026, bas\u00e9 sur le corps \u00e9lectoral des r\u00e9f\u00e9rendums de 2018-2021, \u00e9largi aux nouveaux \u00e9lecteurs r\u00e9pondant aux crit\u00e8res de la nationalit\u00e9 cal\u00e9donienne. Ce scrutin sera d\u00e9cisif pour ent\u00e9riner l\u2019accord. (<a href=\"https:\/\/www.lemonde.fr\/politique\/article\/2025\/07\/13\/en-nouvelle-caledonie-le-projet-d-accord-suscite-de-premieres-reactions-contrastees_6620997_823448.html\">https:\/\/www.lemonde.fr\/politique\/article\/2025\/07\/13\/en-nouvelle-caledonie-le-projet-d-accord-suscite-de-premieres-reactions-contrastees_6620997_823448.html<\/a>)<\/li>\n<li style=\"text-align: justify;\"><span style=\"font-family: var(--viral-mag-body-family, Poppins); font-size: var(--viral-mag-body-size, 16px); font-style: var(--viral-mag-body-style, normal); letter-spacing: var(--viral-mag-body-letter-spacing, 0); text-transform: var(--viral-mag-body-text-transform, none); text-decoration: var(--viral-mag-body-text-decoration, none);\"><strong>R\u00e9vision constitutionnelle<\/strong> : Une loi organique, adopt\u00e9e \u00e0 l\u2019automne 2025 par le Parlement fran\u00e7ais r\u00e9uni en Congr\u00e8s \u00e0 Versailles, inscrira l\u2019\u00ab \u00c9tat de la Nouvelle-Cal\u00e9donie \u00bb dans la Constitution. Cette \u00e9tape n\u00e9cessitera un large consensus politique en m\u00e9tropole. (<a href=\"https:\/\/ici.radio-canada.ca\/nouvelle\/2179057\/signature-accord-etat-nouvelle-caledonie-france\">https:\/\/ici.radio-canada.ca\/nouvelle\/2179057\/signature-accord-etat-nouvelle-caledonie-france<\/a>)<\/span><\/li>\n<li style=\"text-align: justify;\"><span style=\"font-family: var(--viral-mag-body-family, Poppins); font-size: var(--viral-mag-body-size, 16px); font-style: var(--viral-mag-body-style, normal); letter-spacing: var(--viral-mag-body-letter-spacing, 0); text-transform: var(--viral-mag-body-text-transform, none); text-decoration: var(--viral-mag-body-text-decoration, none);\"><strong>Report des \u00e9lections provinciales<\/strong> : Les \u00e9lections provinciales, initialement pr\u00e9vues fin 2025, sont report\u00e9es \u00e0 juin 2026 pour permettre la mise en \u0153uvre de l\u2019accord et la d\u00e9finition des nouveaux contours institutionnels.(<a href=\"https:\/\/www.franceinfo.fr\/france\/nouvelle-caledonie\/creation-d-un-etat-de-nouvelle-caledonie-nationalite-corps-electoral-ce-que-contient-l-accord-historique-signe-entre-l-etat-et-les-forces-politiques-du-territoire_7372849.html\">https:\/\/www.franceinfo.fr\/france\/nouvelle-caledonie\/creation-d-un-etat-de-nouvelle-caledonie-nationalite-corps-electoral-ce-que-contient-l-accord-historique-signe-entre-l-etat-et-les-forces-politiques-du-territoire_7372849.html<\/a>)<\/span><\/li>\n<li style=\"text-align: justify;\"><span style=\"font-family: var(--viral-mag-body-family, Poppins); font-size: var(--viral-mag-body-size, 16px); font-style: var(--viral-mag-body-style, normal); letter-spacing: var(--viral-mag-body-letter-spacing, 0); text-transform: var(--viral-mag-body-text-transform, none); text-decoration: var(--viral-mag-body-text-decoration, none);\"><strong>Consultation des bases<\/strong> : Les signataires doivent convaincre leurs bases respectives, une t\u00e2che ardue. Les n\u00e9gociations ont r\u00e9v\u00e9l\u00e9 des fractures, notamment chez les ind\u00e9pendantistes, o\u00f9 certains d\u00e9noncent un manque de mandat clair.(<a href=\"https:\/\/www.lemonde.fr\/politique\/article\/2025\/07\/13\/en-nouvelle-caledonie-le-projet-d-accord-suscite-de-premieres-reactions-contrastees_6620997_823448.html\">https:\/\/www.lemonde.fr\/politique\/article\/2025\/07\/13\/en-nouvelle-caledonie-le-projet-d-accord-suscite-de-premieres-reactions-contrastees_6620997_823448.html<\/a>)<\/span><\/li>\n<\/ol>\n<p style=\"text-align: justify;\"><strong>R\u00e9actions des diff\u00e9rents courants : un consensus fragile<\/strong><\/p>\n<p style=\"text-align: justify;\">L\u2019accord a suscit\u00e9 des r\u00e9actions contrast\u00e9es, refl\u00e9tant les tensions historiques entre ind\u00e9pendantistes, non-ind\u00e9pendantistes et acteurs \u00e9conomiques.<\/p>\n<p style=\"text-align: justify;\">&#8211; Non-ind\u00e9pendantistes (Loyalistes et Rassemblement) : Ils saluent un \u00ab accord historique \u00bb qui respecte les r\u00e9sultats des r\u00e9f\u00e9rendums de 2018, 2020 et 2021, o\u00f9 le \u00ab non \u00bb \u00e0 l\u2019ind\u00e9pendance l\u2019a emport\u00e9. Ils valorisent le maintien dans la R\u00e9publique fran\u00e7aise et l\u2019ouverture du corps \u00e9lectoral, mais certains, comme Philippe Blaise, vice-pr\u00e9sident de la province Sud, d\u00e9noncent une \u00ab ligne rouge franchie \u00bb avec la cr\u00e9ation d\u2019un \u00c9tat et d\u2019une nationalit\u00e9 cal\u00e9donienne, jug\u00e9s contraires \u00e0 \u00ab\u00a0l\u2019unit\u00e9 r\u00e9publicaine\u00a0\u00bb.(<a href=\"https:\/\/www.lemonde.fr\/politique\/article\/2025\/07\/13\/en-nouvelle-caledonie-le-projet-d-accord-suscite-de-premieres-reactions-contrastees_6620997_823448.html\">https:\/\/www.lemonde.fr\/politique\/article\/2025\/07\/13\/en-nouvelle-caledonie-le-projet-d-accord-suscite-de-premieres-reactions-contrastees_6620997_823448.html<\/a>)<\/p>\n<p style=\"text-align: justify;\">&#8211; Ind\u00e9pendantistes (FLNKS et autres) : Si certains leaders, comme Veylma Falaeo, pr\u00e9sidente du Congr\u00e8s, se f\u00e9licitent d\u2019un compromis audacieux, d\u2019autres voix, notamment Brenda Wanabo-Ipeze (CCAT) et M\u00e9lanie Atapo (USTKE), critiquent un texte sign\u00e9 sans consultation de la base. Ils estiment que l\u2019ouverture du corps \u00e9lectoral risque de diluer l\u2019influence kanak, per\u00e7u comme un recul par rapport aux acquis de Noum\u00e9a. (<a href=\"https:\/\/www.lemonde.fr\/politique\/article\/2025\/07\/13\/en-nouvelle-caledonie-le-projet-d-accord-suscite-de-premieres-reactions-contrastees_6620997_823448.html\">https:\/\/www.lemonde.fr\/politique\/article\/2025\/07\/13\/en-nouvelle-caledonie-le-projet-d-accord-suscite-de-premieres-reactions-contrastees_6620997_823448.html<\/a>)<\/p>\n<p style=\"text-align: justify;\">&#8211; Patronat et soci\u00e9t\u00e9 civile : Mimsy Daly, du Medef cal\u00e9donien, voit dans l\u2019accord un \u00ab espoir de paix et de stabilit\u00e9 \u00bb, mais regrette un volet \u00e9conomique \u00ab l\u00e9ger \u00bb. Les acteurs \u00e9conomiques attendent des mesures concr\u00e8tes pour relancer l\u2019\u00e9conomie, notamment la fili\u00e8re du nickel. (<a href=\"https:\/\/www.lemonde.fr\/politique\/article\/2025\/07\/13\/en-nouvelle-caledonie-le-projet-d-accord-suscite-de-premieres-reactions-contrastees_6620997_823448.html\">https:\/\/www.lemonde.fr\/politique\/article\/2025\/07\/13\/en-nouvelle-caledonie-le-projet-d-accord-suscite-de-premieres-reactions-contrastees_6620997_823448.html<\/a>)<\/p>\n<p style=\"text-align: justify;\">&#8211; Gouvernement fran\u00e7ais : Emmanuel Macron, Fran\u00e7ois Bayrou et Manuel Valls saluent un \u00ab engagement majeur \u00bb et un \u00ab choix du courage \u00bb. Jean-Luc M\u00e9lenchon, en revanche, appelle \u00e0 analyser les implications constitutionnelles, soulignant un bouleversement des principes r\u00e9publicains. (<a href=\"https:\/\/www.liberation.fr\/politique\/nouvelle-caledonie-independantistes-et-loyalistes-signent-un-accord-historique-20250712_Y4QFLARU4JHB5CO5GDKW6GLBF4\/\">https:\/\/www.liberation.fr\/politique\/nouvelle-caledonie-independantistes-et-loyalistes-signent-un-accord-historique-20250712_Y4QFLARU4JHB5CO5GDKW6GLBF4\/<\/a>)<\/p>\n<p style=\"text-align: justify;\"><strong>Une r\u00e9volution id\u00e9ologique et politique pour l\u2019\u00c9tat fran\u00e7ais<\/strong><\/p>\n<p style=\"text-align: justify;\">L\u2019accord sur la Nouvelle-Cal\u00e9donie marque une rupture majeure avec la tradition jacobine de la R\u00e9publique fran\u00e7aise, qui, depuis la R\u00e9volution de 1789, repose sur l\u2019id\u00e9e d\u2019une nation une et indivisible, niant les diff\u00e9rences ethniques au profit d\u2019une identit\u00e9 nationale artificielle. En reconnaissant un \u00ab \u00c9tat de la Nouvelle-Cal\u00e9donie \u00bb et une \u00ab nationalit\u00e9 cal\u00e9donienne \u00bb, l\u2019\u00c9tat fran\u00e7ais accepte, pour la premi\u00e8re fois, une forme de pluralisme ethnique et identitaire au sein de la R\u00e9publique fran\u00e7aise. Cette \u00e9volution est d\u2019autant plus significative qu\u2019elle intervient dans un contexte de tensions postcoloniales, apr\u00e8s des d\u00e9cennies de luttes kanak et d\u2019accords (Matignon 1988, Noum\u00e9a 1998) visant \u00e0 corriger les injustices de la colonisation.<\/p>\n<p style=\"text-align: justify;\">1. Reconnaissance d\u2019une identit\u00e9 sp\u00e9cifique : La double nationalit\u00e9 cal\u00e9donienne-fran\u00e7aise brise le tabou d\u2019une citoyennet\u00e9 unique. Elle r\u00e9pond \u00e0 la demande kanak de reconnaissance culturelle et politique, tout en maintenant un lien avec la France. Ce pr\u00e9c\u00e9dent ouvre la voie \u00e0 une red\u00e9finition de la nationalit\u00e9 fran\u00e7aise, jusqu\u2019ici con\u00e7ue comme exclusive et universaliste.<\/p>\n<p style=\"text-align: justify;\">2. Souverainet\u00e9 partag\u00e9e : L\u2019\u00c9tat *sui generis* et les transferts potentiels de comp\u00e9tences r\u00e9galiennes introduisent une forme d\u2019autonomie in\u00e9dite, proche d\u2019un mod\u00e8le d\u2019\u00ab ind\u00e9pendance-association \u00bb, selon le constitutionnaliste et militant nationaliste Benjamin Morel. Cela contraste avec le centralisme parisien, qui a toujours privil\u00e9gi\u00e9 l\u2019uniformit\u00e9 administrative.<\/p>\n<p style=\"text-align: justify;\">3. D\u00e9passement du jacobinisme : En acceptant un cadre institutionnel diff\u00e9renci\u00e9, la France s\u2019\u00e9loigne de son mod\u00e8le unitaire. Ce tournant pourrait inspirer d\u2019autres territoires, comme la Corse ou la Bretagne, \u00e0 revendiquer des statuts sp\u00e9cifiques, voire des formes de co-souverainet\u00e9.<\/p>\n<p style=\"text-align: justify;\"><strong>Une inspiration pour le combat national breton<\/strong><\/p>\n<p style=\"text-align: justify;\">Pour les Bretons, toutes tendances confondues \u2013 qu\u2019ils soient autonomistes, ind\u00e9pendantistes, r\u00e9gionalistes ou simplement attach\u00e9s \u00e0 leur identit\u00e9 culturelle \u2013, l\u2019accord sur la Nouvelle-Cal\u00e9donie doit servir de boussole.<\/p>\n<p style=\"text-align: justify;\">Reconnaissance des communaut\u00e9s nationales sous occupation fran\u00e7aise : Comme les Kanak, les Bretons portent une identit\u00e9 ethnique forte, ancr\u00e9e dans une langue, une histoire et des traditions distinctes. L\u2019accord cal\u00e9donien montre qu\u2019il est possible de faire reconna\u00eetre une nationalit\u00e9 par la R\u00e9publique fran\u00e7aise. Les Bretons pourraient s\u2019inspirer de ce mod\u00e8le pour exiger la reconnaissance de leur nationalit\u00e9.<\/p>\n<p style=\"text-align: justify;\">Conf\u00e9d\u00e9ralisation : La cr\u00e9ation d\u2019un \u00c9tat *sui generis* et d\u2019une loi fondamentale cal\u00e9donienne ouvre la voie \u00e0 des revendications similaires en Bretagne. Un Parlement de Bretagne dot\u00e9 de comp\u00e9tences \u00e9largies (\u00e9ducation, culture, \u00e9conomie locale) peut d\u00e9sormais voir le jour en s\u2019appuyant sur le pr\u00e9c\u00e9dent cal\u00e9donien pour n\u00e9gocier avec Paris.<\/p>\n<p style=\"text-align: justify;\">Unit\u00e9 des forces bretonnes : L\u2019accord cal\u00e9donien, bien qu\u2019imparfait, est le fruit d\u2019un compromis entre ind\u00e9pendantistes et loyalistes. En Bretagne, les divisions entre tendances fragilisent le combat pour l&rsquo;auto-d\u00e9termination. L\u2019exemple cal\u00e9donien appelle \u00e0 un pragmatisme des forces bretonnes autour de la restauration de l&rsquo;\u00c9tat breton.<\/p>\n<p style=\"text-align: justify;\">Mobilisation populaire : Le r\u00e9f\u00e9rendum pr\u00e9vu en Nouvelle-Cal\u00e9donie montre l\u2019importance de la consultation populaire. Les Bretons pourraient revendiquer un r\u00e9f\u00e9rendum pour d\u00e9finir leur statut, \u00e0 l\u2019image des \u00c9cossais ou des Catalans, afin de l\u00e9gitimer leurs aspirations face \u00e0 l\u2019\u00c9tat central.<\/p>\n<p style=\"text-align: justify;\">Un appel \u00e0 l\u2019action pour les Bretons<\/p>\n<p style=\"text-align: justify;\">L\u2019accord sur la Nouvelle-Cal\u00e9donie n\u2019est pas une simple r\u00e9forme administrative \u00e0 17 000 kilom\u00e8tres de nos c\u00f4tes. Il est une br\u00e8che dans le mur du jacobinisme, une preuve que l\u2019\u00c9tat fran\u00e7ais, face \u00e0 un peuple, peut c\u00e9der, reconna\u00eetre ses droits fondamentaux et reconna\u00eetre partiellement sa souverainet\u00e9. Ce pr\u00e9c\u00e9dent doit galvaniser notre combat pour inventer un mod\u00e8le breton, audacieux et f\u00e9d\u00e9rateur.<\/p>\n<p style=\"text-align: justify;\">Quelles que soient nos divergences \u2013 pour l\u2019ind\u00e9pendance, l\u2019autonomie ou une r\u00e9gionalisation renforc\u00e9e \u2013, il faut aux Bretons une ambition commune : refaire de la Bretagne un \u00c9tat et une nation reconnue en Europe. Le chemin est long, mais l\u2019histoire nous enseigne que les peuples qui osent, comme les Kanak, finissent par \u00eatre l&#8217;emporter.<\/p>\n<p style=\"text-align: justify;\">Pour la Bretagne, pour notre avenir, saisissons cette opportunit\u00e9.<\/p>\n<p style=\"text-align: right;\"><strong>Budig Gourmaelon<\/strong><\/p>\n","protected":false},"excerpt":{"rendered":"<p>Le 12 juillet 2025, un accord qualifi\u00e9 d\u2019\u00ab historique \u00bb a \u00e9t\u00e9 sign\u00e9 \u00e0 Bougival, pr\u00e8s de Paris, entre l\u2019\u00c9tat fran\u00e7ais, les ind\u00e9pendantistes et les non-ind\u00e9pendantistes de Nouvelle-Cal\u00e9donie, marquant une \u00e9tape d\u00e9cisive dans l\u2019avenir institutionnel de cet archipel du Pacifique. Intitul\u00e9 \u00ab le pari de la confiance \u00bb, ce texte de 13 pages, fruit de [&hellip;]<\/p>\n","protected":false},"author":1,"featured_media":4433,"comment_status":"open","ping_status":"open","sticky":false,"template":"","format":"standard","meta":{"sb_editor_width":"","footnotes":""},"categories":[63,46,66,48,67,65],"tags":[],"class_list":["post-4432","post","type-post","status-publish","format-standard","has-post-thumbnail","hentry","category-editorial","category-independance","category-international","category-occupation-francaise","category-politique","category-principale"],"relative_dates":{"created":"10 mois ago","modified":"10 mois ago"},"yoast_head":"<!-- This site is optimized with the Yoast SEO plugin v26.3 - https:\/\/yoast.com\/wordpress\/plugins\/seo\/ -->\n<title>L\u2019accord sur la Nouvelle-Cal\u00e9donie : une br\u00e8che dans le mur du jacobinisme fran\u00e7ais et un pr\u00e9c\u00e9dent d\u00e9cisif pour le combat national breton (\u00c9ditorial) - STOURM<\/title>\n<meta name=\"robots\" content=\"index, follow, max-snippet:-1, max-image-preview:large, max-video-preview:-1\" \/>\n<link rel=\"canonical\" href=\"https:\/\/stourm.news\/?p=4432\" \/>\n<meta property=\"og:locale\" content=\"fr_FR\" \/>\n<meta property=\"og:type\" content=\"article\" \/>\n<meta property=\"og:title\" content=\"L\u2019accord sur la Nouvelle-Cal\u00e9donie : une br\u00e8che dans le mur du jacobinisme fran\u00e7ais et un pr\u00e9c\u00e9dent d\u00e9cisif pour le combat national breton (\u00c9ditorial) - STOURM\" \/>\n<meta property=\"og:description\" content=\"Le 12 juillet 2025, un accord qualifi\u00e9 d\u2019\u00ab historique \u00bb a \u00e9t\u00e9 sign\u00e9 \u00e0 Bougival, pr\u00e8s de Paris, entre l\u2019\u00c9tat fran\u00e7ais, les ind\u00e9pendantistes et les non-ind\u00e9pendantistes de Nouvelle-Cal\u00e9donie, marquant une \u00e9tape d\u00e9cisive dans l\u2019avenir institutionnel de cet archipel du Pacifique. Intitul\u00e9 \u00ab le pari de la confiance \u00bb, ce texte de 13 pages, fruit de [&hellip;]\" \/>\n<meta property=\"og:url\" content=\"https:\/\/stourm.news\/?p=4432\" \/>\n<meta property=\"og:site_name\" content=\"STOURM\" \/>\n<meta property=\"article:publisher\" content=\"https:\/\/www.facebook.com\/stourmnews\/\" \/>\n<meta property=\"article:published_time\" content=\"2025-07-14T05:56:46+00:00\" \/>\n<meta property=\"article:modified_time\" content=\"2025-07-14T05:57:03+00:00\" \/>\n<meta property=\"og:image\" content=\"https:\/\/stourm.news\/wp-content\/uploads\/2025\/07\/320drapeaux.webp\" \/>\n\t<meta property=\"og:image:width\" content=\"1200\" \/>\n\t<meta property=\"og:image:height\" content=\"666\" \/>\n\t<meta property=\"og:image:type\" content=\"image\/webp\" \/>\n<meta name=\"author\" content=\"La r\u00e9daction\" \/>\n<meta name=\"twitter:card\" content=\"summary_large_image\" \/>\n<meta name=\"twitter:label1\" content=\"\u00c9crit par\" \/>\n\t<meta name=\"twitter:data1\" content=\"La r\u00e9daction\" \/>\n\t<meta name=\"twitter:label2\" content=\"Dur\u00e9e de lecture estim\u00e9e\" \/>\n\t<meta name=\"twitter:data2\" content=\"8 minutes\" \/>\n<script type=\"application\/ld+json\" class=\"yoast-schema-graph\">{\"@context\":\"https:\/\/schema.org\",\"@graph\":[{\"@type\":\"Article\",\"@id\":\"https:\/\/stourm.news\/?p=4432#article\",\"isPartOf\":{\"@id\":\"https:\/\/stourm.news\/?p=4432\"},\"author\":{\"name\":\"La r\u00e9daction\",\"@id\":\"https:\/\/stourm.news\/#\/schema\/person\/c3e1dc65988632e190969234ef046cf9\"},\"headline\":\"L\u2019accord sur la Nouvelle-Cal\u00e9donie : une br\u00e8che dans le mur du jacobinisme fran\u00e7ais et un pr\u00e9c\u00e9dent d\u00e9cisif pour le combat national breton (\u00c9ditorial)\",\"datePublished\":\"2025-07-14T05:56:46+00:00\",\"dateModified\":\"2025-07-14T05:57:03+00:00\",\"mainEntityOfPage\":{\"@id\":\"https:\/\/stourm.news\/?p=4432\"},\"wordCount\":1881,\"commentCount\":0,\"publisher\":{\"@id\":\"https:\/\/stourm.news\/#organization\"},\"image\":{\"@id\":\"https:\/\/stourm.news\/?p=4432#primaryimage\"},\"thumbnailUrl\":\"https:\/\/stourm.news\/wp-content\/uploads\/2025\/07\/320drapeaux.webp\",\"articleSection\":[\"Editorial\",\"Ind\u00e9pendance\",\"International\",\"Occupation fran\u00e7aise\",\"Politique\",\"Principale\"],\"inLanguage\":\"fr-FR\",\"potentialAction\":[{\"@type\":\"CommentAction\",\"name\":\"Comment\",\"target\":[\"https:\/\/stourm.news\/?p=4432#respond\"]}]},{\"@type\":\"WebPage\",\"@id\":\"https:\/\/stourm.news\/?p=4432\",\"url\":\"https:\/\/stourm.news\/?p=4432\",\"name\":\"L\u2019accord sur la Nouvelle-Cal\u00e9donie : une br\u00e8che dans le mur du jacobinisme fran\u00e7ais et un pr\u00e9c\u00e9dent d\u00e9cisif pour le combat national breton (\u00c9ditorial) - STOURM\",\"isPartOf\":{\"@id\":\"https:\/\/stourm.news\/#website\"},\"primaryImageOfPage\":{\"@id\":\"https:\/\/stourm.news\/?p=4432#primaryimage\"},\"image\":{\"@id\":\"https:\/\/stourm.news\/?p=4432#primaryimage\"},\"thumbnailUrl\":\"https:\/\/stourm.news\/wp-content\/uploads\/2025\/07\/320drapeaux.webp\",\"datePublished\":\"2025-07-14T05:56:46+00:00\",\"dateModified\":\"2025-07-14T05:57:03+00:00\",\"breadcrumb\":{\"@id\":\"https:\/\/stourm.news\/?p=4432#breadcrumb\"},\"inLanguage\":\"fr-FR\",\"potentialAction\":[{\"@type\":\"ReadAction\",\"target\":[\"https:\/\/stourm.news\/?p=4432\"]}]},{\"@type\":\"ImageObject\",\"inLanguage\":\"fr-FR\",\"@id\":\"https:\/\/stourm.news\/?p=4432#primaryimage\",\"url\":\"https:\/\/stourm.news\/wp-content\/uploads\/2025\/07\/320drapeaux.webp\",\"contentUrl\":\"https:\/\/stourm.news\/wp-content\/uploads\/2025\/07\/320drapeaux.webp\",\"width\":1200,\"height\":666},{\"@type\":\"BreadcrumbList\",\"@id\":\"https:\/\/stourm.news\/?p=4432#breadcrumb\",\"itemListElement\":[{\"@type\":\"ListItem\",\"position\":1,\"name\":\"Accueil\",\"item\":\"https:\/\/stourm.news\/\"},{\"@type\":\"ListItem\",\"position\":2,\"name\":\"L\u2019accord sur la Nouvelle-Cal\u00e9donie : une br\u00e8che dans le mur du jacobinisme fran\u00e7ais et un pr\u00e9c\u00e9dent d\u00e9cisif pour le combat national breton (\u00c9ditorial)\"}]},{\"@type\":\"WebSite\",\"@id\":\"https:\/\/stourm.news\/#website\",\"url\":\"https:\/\/stourm.news\/\",\"name\":\"Stourm\",\"description\":\"Kazetenn Strollad Broadel Breizh\",\"publisher\":{\"@id\":\"https:\/\/stourm.news\/#organization\"},\"potentialAction\":[{\"@type\":\"SearchAction\",\"target\":{\"@type\":\"EntryPoint\",\"urlTemplate\":\"https:\/\/stourm.news\/?s={search_term_string}\"},\"query-input\":{\"@type\":\"PropertyValueSpecification\",\"valueRequired\":true,\"valueName\":\"search_term_string\"}}],\"inLanguage\":\"fr-FR\"},{\"@type\":\"Organization\",\"@id\":\"https:\/\/stourm.news\/#organization\",\"name\":\"Stourm\",\"url\":\"https:\/\/stourm.news\/\",\"logo\":{\"@type\":\"ImageObject\",\"inLanguage\":\"fr-FR\",\"@id\":\"https:\/\/stourm.news\/#\/schema\/logo\/image\/\",\"url\":\"https:\/\/stourm.news\/wp-content\/uploads\/2025\/11\/cropped-Capture-decran-2025-11-28-a-15.19.07.png\",\"contentUrl\":\"https:\/\/stourm.news\/wp-content\/uploads\/2025\/11\/cropped-Capture-decran-2025-11-28-a-15.19.07.png\",\"width\":1855,\"height\":383,\"caption\":\"Stourm\"},\"image\":{\"@id\":\"https:\/\/stourm.news\/#\/schema\/logo\/image\/\"},\"sameAs\":[\"https:\/\/www.facebook.com\/stourmnews\/\"]},{\"@type\":\"Person\",\"@id\":\"https:\/\/stourm.news\/#\/schema\/person\/c3e1dc65988632e190969234ef046cf9\",\"name\":\"La r\u00e9daction\",\"image\":{\"@type\":\"ImageObject\",\"inLanguage\":\"fr-FR\",\"@id\":\"https:\/\/stourm.news\/#\/schema\/person\/image\/\",\"url\":\"https:\/\/secure.gravatar.com\/avatar\/7463443f194b6b5fb706b074ca0ef59a0cfcfd720cb47764b0ec5a952ce422b3?s=96&d=mm&r=g\",\"contentUrl\":\"https:\/\/secure.gravatar.com\/avatar\/7463443f194b6b5fb706b074ca0ef59a0cfcfd720cb47764b0ec5a952ce422b3?s=96&d=mm&r=g\",\"caption\":\"La r\u00e9daction\"},\"sameAs\":[\"https:\/\/stourm.news\"],\"url\":\"https:\/\/stourm.news\/?author=1\"}]}<\/script>\n<!-- \/ Yoast SEO plugin. -->","yoast_head_json":{"title":"L\u2019accord sur la Nouvelle-Cal\u00e9donie : une br\u00e8che dans le mur du jacobinisme fran\u00e7ais et un pr\u00e9c\u00e9dent d\u00e9cisif pour le combat national breton (\u00c9ditorial) - STOURM","robots":{"index":"index","follow":"follow","max-snippet":"max-snippet:-1","max-image-preview":"max-image-preview:large","max-video-preview":"max-video-preview:-1"},"canonical":"https:\/\/stourm.news\/?p=4432","og_locale":"fr_FR","og_type":"article","og_title":"L\u2019accord sur la Nouvelle-Cal\u00e9donie : une br\u00e8che dans le mur du jacobinisme fran\u00e7ais et un pr\u00e9c\u00e9dent d\u00e9cisif pour le combat national breton (\u00c9ditorial) - STOURM","og_description":"Le 12 juillet 2025, un accord qualifi\u00e9 d\u2019\u00ab historique \u00bb a \u00e9t\u00e9 sign\u00e9 \u00e0 Bougival, pr\u00e8s de Paris, entre l\u2019\u00c9tat fran\u00e7ais, les ind\u00e9pendantistes et les non-ind\u00e9pendantistes de Nouvelle-Cal\u00e9donie, marquant une \u00e9tape d\u00e9cisive dans l\u2019avenir institutionnel de cet archipel du Pacifique. Intitul\u00e9 \u00ab le pari de la confiance \u00bb, ce texte de 13 pages, fruit de [&hellip;]","og_url":"https:\/\/stourm.news\/?p=4432","og_site_name":"STOURM","article_publisher":"https:\/\/www.facebook.com\/stourmnews\/","article_published_time":"2025-07-14T05:56:46+00:00","article_modified_time":"2025-07-14T05:57:03+00:00","og_image":[{"width":1200,"height":666,"url":"https:\/\/stourm.news\/wp-content\/uploads\/2025\/07\/320drapeaux.webp","type":"image\/webp"}],"author":"La r\u00e9daction","twitter_card":"summary_large_image","twitter_misc":{"\u00c9crit par":"La r\u00e9daction","Dur\u00e9e de lecture estim\u00e9e":"8 minutes"},"schema":{"@context":"https:\/\/schema.org","@graph":[{"@type":"Article","@id":"https:\/\/stourm.news\/?p=4432#article","isPartOf":{"@id":"https:\/\/stourm.news\/?p=4432"},"author":{"name":"La r\u00e9daction","@id":"https:\/\/stourm.news\/#\/schema\/person\/c3e1dc65988632e190969234ef046cf9"},"headline":"L\u2019accord sur la Nouvelle-Cal\u00e9donie : une br\u00e8che dans le mur du jacobinisme fran\u00e7ais et un pr\u00e9c\u00e9dent d\u00e9cisif pour le combat national breton (\u00c9ditorial)","datePublished":"2025-07-14T05:56:46+00:00","dateModified":"2025-07-14T05:57:03+00:00","mainEntityOfPage":{"@id":"https:\/\/stourm.news\/?p=4432"},"wordCount":1881,"commentCount":0,"publisher":{"@id":"https:\/\/stourm.news\/#organization"},"image":{"@id":"https:\/\/stourm.news\/?p=4432#primaryimage"},"thumbnailUrl":"https:\/\/stourm.news\/wp-content\/uploads\/2025\/07\/320drapeaux.webp","articleSection":["Editorial","Ind\u00e9pendance","International","Occupation fran\u00e7aise","Politique","Principale"],"inLanguage":"fr-FR","potentialAction":[{"@type":"CommentAction","name":"Comment","target":["https:\/\/stourm.news\/?p=4432#respond"]}]},{"@type":"WebPage","@id":"https:\/\/stourm.news\/?p=4432","url":"https:\/\/stourm.news\/?p=4432","name":"L\u2019accord sur la Nouvelle-Cal\u00e9donie : une br\u00e8che dans le mur du jacobinisme fran\u00e7ais et un pr\u00e9c\u00e9dent d\u00e9cisif pour le combat national breton (\u00c9ditorial) - STOURM","isPartOf":{"@id":"https:\/\/stourm.news\/#website"},"primaryImageOfPage":{"@id":"https:\/\/stourm.news\/?p=4432#primaryimage"},"image":{"@id":"https:\/\/stourm.news\/?p=4432#primaryimage"},"thumbnailUrl":"https:\/\/stourm.news\/wp-content\/uploads\/2025\/07\/320drapeaux.webp","datePublished":"2025-07-14T05:56:46+00:00","dateModified":"2025-07-14T05:57:03+00:00","breadcrumb":{"@id":"https:\/\/stourm.news\/?p=4432#breadcrumb"},"inLanguage":"fr-FR","potentialAction":[{"@type":"ReadAction","target":["https:\/\/stourm.news\/?p=4432"]}]},{"@type":"ImageObject","inLanguage":"fr-FR","@id":"https:\/\/stourm.news\/?p=4432#primaryimage","url":"https:\/\/stourm.news\/wp-content\/uploads\/2025\/07\/320drapeaux.webp","contentUrl":"https:\/\/stourm.news\/wp-content\/uploads\/2025\/07\/320drapeaux.webp","width":1200,"height":666},{"@type":"BreadcrumbList","@id":"https:\/\/stourm.news\/?p=4432#breadcrumb","itemListElement":[{"@type":"ListItem","position":1,"name":"Accueil","item":"https:\/\/stourm.news\/"},{"@type":"ListItem","position":2,"name":"L\u2019accord sur la Nouvelle-Cal\u00e9donie : une br\u00e8che dans le mur du jacobinisme fran\u00e7ais et un pr\u00e9c\u00e9dent d\u00e9cisif pour le combat national breton (\u00c9ditorial)"}]},{"@type":"WebSite","@id":"https:\/\/stourm.news\/#website","url":"https:\/\/stourm.news\/","name":"Stourm","description":"Kazetenn Strollad Broadel Breizh","publisher":{"@id":"https:\/\/stourm.news\/#organization"},"potentialAction":[{"@type":"SearchAction","target":{"@type":"EntryPoint","urlTemplate":"https:\/\/stourm.news\/?s={search_term_string}"},"query-input":{"@type":"PropertyValueSpecification","valueRequired":true,"valueName":"search_term_string"}}],"inLanguage":"fr-FR"},{"@type":"Organization","@id":"https:\/\/stourm.news\/#organization","name":"Stourm","url":"https:\/\/stourm.news\/","logo":{"@type":"ImageObject","inLanguage":"fr-FR","@id":"https:\/\/stourm.news\/#\/schema\/logo\/image\/","url":"https:\/\/stourm.news\/wp-content\/uploads\/2025\/11\/cropped-Capture-decran-2025-11-28-a-15.19.07.png","contentUrl":"https:\/\/stourm.news\/wp-content\/uploads\/2025\/11\/cropped-Capture-decran-2025-11-28-a-15.19.07.png","width":1855,"height":383,"caption":"Stourm"},"image":{"@id":"https:\/\/stourm.news\/#\/schema\/logo\/image\/"},"sameAs":["https:\/\/www.facebook.com\/stourmnews\/"]},{"@type":"Person","@id":"https:\/\/stourm.news\/#\/schema\/person\/c3e1dc65988632e190969234ef046cf9","name":"La r\u00e9daction","image":{"@type":"ImageObject","inLanguage":"fr-FR","@id":"https:\/\/stourm.news\/#\/schema\/person\/image\/","url":"https:\/\/secure.gravatar.com\/avatar\/7463443f194b6b5fb706b074ca0ef59a0cfcfd720cb47764b0ec5a952ce422b3?s=96&d=mm&r=g","contentUrl":"https:\/\/secure.gravatar.com\/avatar\/7463443f194b6b5fb706b074ca0ef59a0cfcfd720cb47764b0ec5a952ce422b3?s=96&d=mm&r=g","caption":"La r\u00e9daction"},"sameAs":["https:\/\/stourm.news"],"url":"https:\/\/stourm.news\/?author=1"}]}},"_links":{"self":[{"href":"https:\/\/stourm.news\/index.php?rest_route=\/wp\/v2\/posts\/4432","targetHints":{"allow":["GET"]}}],"collection":[{"href":"https:\/\/stourm.news\/index.php?rest_route=\/wp\/v2\/posts"}],"about":[{"href":"https:\/\/stourm.news\/index.php?rest_route=\/wp\/v2\/types\/post"}],"author":[{"embeddable":true,"href":"https:\/\/stourm.news\/index.php?rest_route=\/wp\/v2\/users\/1"}],"replies":[{"embeddable":true,"href":"https:\/\/stourm.news\/index.php?rest_route=%2Fwp%2Fv2%2Fcomments&post=4432"}],"version-history":[{"count":2,"href":"https:\/\/stourm.news\/index.php?rest_route=\/wp\/v2\/posts\/4432\/revisions"}],"predecessor-version":[{"id":4435,"href":"https:\/\/stourm.news\/index.php?rest_route=\/wp\/v2\/posts\/4432\/revisions\/4435"}],"wp:featuredmedia":[{"embeddable":true,"href":"https:\/\/stourm.news\/index.php?rest_route=\/wp\/v2\/media\/4433"}],"wp:attachment":[{"href":"https:\/\/stourm.news\/index.php?rest_route=%2Fwp%2Fv2%2Fmedia&parent=4432"}],"wp:term":[{"taxonomy":"category","embeddable":true,"href":"https:\/\/stourm.news\/index.php?rest_route=%2Fwp%2Fv2%2Fcategories&post=4432"},{"taxonomy":"post_tag","embeddable":true,"href":"https:\/\/stourm.news\/index.php?rest_route=%2Fwp%2Fv2%2Ftags&post=4432"}],"curies":[{"name":"wp","href":"https:\/\/api.w.org\/{rel}","templated":true}]}}