{"id":4436,"date":"2025-07-14T06:19:34","date_gmt":"2025-07-14T06:19:34","guid":{"rendered":"https:\/\/stourm.news\/?p=4436"},"modified":"2025-07-14T06:19:34","modified_gmt":"2025-07-14T06:19:34","slug":"felger-fougeres-une-lutte-exemplaire-contre-les-tags-marqueur-de-tiers-mondisation-de-nos-villes","status":"publish","type":"post","link":"https:\/\/stourm.news\/?p=4436","title":{"rendered":"Felger (Foug\u00e8res) : une lutte exemplaire contre les tags, marqueur de tiers-mondisation de nos villes"},"content":{"rendered":"<p style=\"text-align: justify;\">\u00c0 Felger (Foug\u00e8res), joyau du patrimoine breton, la municipalit\u00e9 intensifie sa bataille contre les graffitis sauvages qui, depuis plusieurs mois, d\u00e9figurent les murs de la ville. Face \u00e0 cette \u00ab nuisance visuelle majeure \u00bb, comme le souligne <strong><a href=\"https:\/\/www.ouest-france.fr\/bretagne\/fougeres-35300\/a-fougeres-face-a-une-nuisance-visuelle-majeure-la-ville-renforce-sa-lutte-contre-les-tags-29e3913c-5d9e-11f0-a0c4-7d0511e82e11\">Ouest-France<\/a><\/strong>, la Ville de Foug\u00e8res, sous l\u2019impulsion de son maire Louis Feuvrier, a lanc\u00e9 une campagne de pr\u00e9vention dynamique et appelle ses habitants \u00e0 s\u2019impliquer activement en portant plainte contre les auteurs de ces d\u00e9gradations.<\/p>\n<p style=\"text-align: justify;\"><strong>Une r\u00e9ponse ferme \u00e0 une d\u00e9gradation croissante<\/strong><\/p>\n<p style=\"text-align: justify;\">Depuis plusieurs mois, Felger, ville de 20 000 habitants connue pour son ch\u00e2teau m\u00e9di\u00e9val et son beffroi, fait face \u00e0 une recrudescence de graffitis sauvages. Ces inscriptions, souvent r\u00e9alis\u00e9es sans autorisation sur des murs publics et priv\u00e9s, alt\u00e8rent l\u2019esth\u00e9tique d\u2019une ville bretonne fi\u00e8re de son histoire. La municipalit\u00e9 a qualifi\u00e9 ce ph\u00e9nom\u00e8ne de \u00ab nuisance visuelle majeure \u00bb, un constat partag\u00e9 par de nombreux Fougerais, attach\u00e9s \u00e0 leur cit\u00e9.<\/p>\n<p style=\"text-align: justify;\">Pour r\u00e9pondre \u00e0 cette probl\u00e9matique, la Ville a renforc\u00e9 sa strat\u00e9gie de lutte contre les tags. Une campagne de pr\u00e9vention a \u00e9t\u00e9 relanc\u00e9e, visant \u00e0 sensibiliser la population \u00e0 l\u2019impact de ces d\u00e9gradations sur le cadre de vie et \u00e0 encourager les habitants \u00e0 signaler les actes de vandalisme en portant plainte. La municipalit\u00e9 ne se contente pas de nettoyer les murs : elle cherche \u00e0 responsabiliser la communaut\u00e9 et \u00e0 dissuader les auteurs par une approche combinant p\u00e9dagogie et fermet\u00e9.<\/p>\n<p style=\"text-align: justify;\">La strat\u00e9gie de la municipalit\u00e9 de Foug\u00e8res m\u00e9rite des f\u00e9licitations pour plusieurs raisons.<\/p>\n<p style=\"text-align: justify;\">En qualifiant les graffitis sauvages de \u00ab nuisance visuelle majeure \u00bb, la mairie reconna\u00eet l\u2019importance de pr\u00e9server l\u2019identit\u00e9 visuelle de Felger. Cette ville, nich\u00e9e au c\u0153ur de la Bretagne, est un symbole de l\u2019histoire bretonne, avec son ch\u00e2teau, l\u2019un des mieux pr\u00e9serv\u00e9s d\u2019Europe, et ses ruelles charg\u00e9es d\u2019histoire. Les tags, loin d\u2019\u00eatre de l\u2019art urbain, d\u00e9naturent ce patrimoine et nuisent \u00e0 l\u2019attractivit\u00e9 touristique, un pilier \u00e9conomique local.<\/p>\n<p style=\"text-align: justify;\">En incitant les habitants \u00e0 porter plainte, la municipalit\u00e9 fait de la lutte contre les tags une cause commune. Cette d\u00e9marche participative renforce le lien entre la mairie et les citoyens bretons, tout en envoyant un message clair : la pr\u00e9servation de Felger est l\u2019affaire de tous. Comme l\u2019a montr\u00e9 une manifestation en mai 2025 pour d\u00e9fendre les services publics, les Fougerais savent se mobiliser pour leur ville.<\/p>\n<p style=\"text-align: justify;\">La relance de la campagne de pr\u00e9vention s\u2019appuie sur des pr\u00e9c\u00e9dents, comme l\u2019interpellation de 2023, prouvant que la mairie ne baisse pas les bras face \u00e0 un probl\u00e8me r\u00e9current. Cette pers\u00e9v\u00e9rance est essentielle pour d\u00e9courager les actes de vandalisme et garantir des r\u00e9sultats durables.<\/p>\n<p style=\"text-align: justify;\">Plut\u00f4t que de se limiter \u00e0 des sanctions, la municipalit\u00e9 mise sur la sensibilisation, une approche p\u00e9dagogique qui vise \u00e0 changer les mentalit\u00e9s. Cette strat\u00e9gie est d\u2019autant plus pertinente qu\u2019elle s\u2019adresse \u00e0 une jeunesse parfois tent\u00e9e par les graffitis, tout en \u00e9vitant une r\u00e9pression aveugle qui pourrait attiser les tensions.<\/p>\n<p style=\"text-align: justify;\"><strong>Un enjeu breton : pr\u00e9server l\u2019identit\u00e9 face au vandalisme<\/strong><\/p>\n<p style=\"text-align: justify;\">Au-del\u00e0 de Felger, cette lutte contre les tags s\u2019inscrit dans un combat plus large pour la pr\u00e9servation de l\u2019identit\u00e9 bretonne et le refus de la tiers-mondisation esth\u00e9tique de nos villes. \u00a0La municipalit\u00e9, en s\u2019engageant dans cette lutte, montre l\u2019exemple \u00e0 l\u2019\u00e9chelle bretonne. Elle rappelle que la d\u00e9fense de l\u2019esth\u00e9tique urbaine n\u2019est pas un simple d\u00e9tail, mais un acte de r\u00e9sistance culturelle face \u00e0 l&rsquo;importation d&rsquo;une sous-culture \u00e9trang\u00e8re. Ce combat peut inspirer d\u2019autres communes bretonnes, confront\u00e9es \u00e0 des probl\u00e9matiques similaires, \u00e0 adopter des politiques proactives pour prot\u00e9ger leur patrimoine.<\/p>\n<p style=\"text-align: right;\"><strong>Budig Gourmaelon<\/strong><\/p>\n","protected":false},"excerpt":{"rendered":"<p>\u00c0 Felger (Foug\u00e8res), joyau du patrimoine breton, la municipalit\u00e9 intensifie sa bataille contre les graffitis sauvages qui, depuis plusieurs mois, d\u00e9figurent les murs de la ville. Face \u00e0 cette \u00ab nuisance visuelle majeure \u00bb, comme le souligne Ouest-France, la Ville de Foug\u00e8res, sous l\u2019impulsion de son maire Louis Feuvrier, a lanc\u00e9 une campagne de pr\u00e9vention [&hellip;]<\/p>\n","protected":false},"author":1,"featured_media":4437,"comment_status":"open","ping_status":"open","sticky":false,"template":"","format":"standard","meta":{"sb_editor_width":"","footnotes":""},"categories":[58,41,54],"tags":[],"class_list":["post-4436","post","type-post","status-publish","format-standard","has-post-thumbnail","hentry","category-breizh","category-ille-et-vilaine","category-societe"],"relative_dates":{"created":"10 mois ago","modified":"10 mois ago"},"yoast_head":"<!-- This site is optimized with the Yoast SEO plugin v26.3 - https:\/\/yoast.com\/wordpress\/plugins\/seo\/ -->\n<title>Felger (Foug\u00e8res) : une lutte exemplaire contre les tags, marqueur de tiers-mondisation de nos villes - STOURM<\/title>\n<meta name=\"robots\" content=\"index, follow, max-snippet:-1, max-image-preview:large, max-video-preview:-1\" \/>\n<link rel=\"canonical\" href=\"https:\/\/stourm.news\/?p=4436\" \/>\n<meta property=\"og:locale\" content=\"fr_FR\" \/>\n<meta property=\"og:type\" content=\"article\" \/>\n<meta property=\"og:title\" content=\"Felger (Foug\u00e8res) : une lutte exemplaire contre les tags, marqueur de tiers-mondisation de nos villes - STOURM\" \/>\n<meta property=\"og:description\" content=\"\u00c0 Felger (Foug\u00e8res), joyau du patrimoine breton, la municipalit\u00e9 intensifie sa bataille contre les graffitis sauvages qui, depuis plusieurs mois, d\u00e9figurent les murs de la ville. Face \u00e0 cette \u00ab nuisance visuelle majeure \u00bb, comme le souligne Ouest-France, la Ville de Foug\u00e8res, sous l\u2019impulsion de son maire Louis Feuvrier, a lanc\u00e9 une campagne de pr\u00e9vention [&hellip;]\" \/>\n<meta property=\"og:url\" content=\"https:\/\/stourm.news\/?p=4436\" \/>\n<meta property=\"og:site_name\" content=\"STOURM\" \/>\n<meta property=\"article:publisher\" content=\"https:\/\/www.facebook.com\/stourmnews\/\" \/>\n<meta property=\"article:published_time\" content=\"2025-07-14T06:19:34+00:00\" \/>\n<meta property=\"og:image\" content=\"https:\/\/stourm.news\/wp-content\/uploads\/2025\/07\/Capture-decran-2025-07-14-a-15.18.10.png\" \/>\n\t<meta property=\"og:image:width\" content=\"788\" \/>\n\t<meta property=\"og:image:height\" content=\"498\" \/>\n\t<meta property=\"og:image:type\" content=\"image\/png\" \/>\n<meta name=\"author\" content=\"La r\u00e9daction\" \/>\n<meta name=\"twitter:card\" content=\"summary_large_image\" \/>\n<meta name=\"twitter:label1\" content=\"\u00c9crit par\" \/>\n\t<meta name=\"twitter:data1\" content=\"La r\u00e9daction\" \/>\n\t<meta name=\"twitter:label2\" content=\"Dur\u00e9e de lecture estim\u00e9e\" \/>\n\t<meta name=\"twitter:data2\" content=\"3 minutes\" \/>\n<script type=\"application\/ld+json\" class=\"yoast-schema-graph\">{\"@context\":\"https:\/\/schema.org\",\"@graph\":[{\"@type\":\"Article\",\"@id\":\"https:\/\/stourm.news\/?p=4436#article\",\"isPartOf\":{\"@id\":\"https:\/\/stourm.news\/?p=4436\"},\"author\":{\"name\":\"La r\u00e9daction\",\"@id\":\"https:\/\/stourm.news\/#\/schema\/person\/c3e1dc65988632e190969234ef046cf9\"},\"headline\":\"Felger (Foug\u00e8res) : une lutte exemplaire contre les tags, marqueur de tiers-mondisation de nos villes\",\"datePublished\":\"2025-07-14T06:19:34+00:00\",\"mainEntityOfPage\":{\"@id\":\"https:\/\/stourm.news\/?p=4436\"},\"wordCount\":649,\"commentCount\":0,\"publisher\":{\"@id\":\"https:\/\/stourm.news\/#organization\"},\"image\":{\"@id\":\"https:\/\/stourm.news\/?p=4436#primaryimage\"},\"thumbnailUrl\":\"https:\/\/stourm.news\/wp-content\/uploads\/2025\/07\/Capture-decran-2025-07-14-a-15.18.10.png\",\"articleSection\":[\"Breizh\",\"Ille-et-Vilaine\",\"Soci\u00e9t\u00e9\"],\"inLanguage\":\"fr-FR\",\"potentialAction\":[{\"@type\":\"CommentAction\",\"name\":\"Comment\",\"target\":[\"https:\/\/stourm.news\/?p=4436#respond\"]}]},{\"@type\":\"WebPage\",\"@id\":\"https:\/\/stourm.news\/?p=4436\",\"url\":\"https:\/\/stourm.news\/?p=4436\",\"name\":\"Felger (Foug\u00e8res) : une lutte exemplaire contre les tags, marqueur de tiers-mondisation de nos villes - STOURM\",\"isPartOf\":{\"@id\":\"https:\/\/stourm.news\/#website\"},\"primaryImageOfPage\":{\"@id\":\"https:\/\/stourm.news\/?p=4436#primaryimage\"},\"image\":{\"@id\":\"https:\/\/stourm.news\/?p=4436#primaryimage\"},\"thumbnailUrl\":\"https:\/\/stourm.news\/wp-content\/uploads\/2025\/07\/Capture-decran-2025-07-14-a-15.18.10.png\",\"datePublished\":\"2025-07-14T06:19:34+00:00\",\"breadcrumb\":{\"@id\":\"https:\/\/stourm.news\/?p=4436#breadcrumb\"},\"inLanguage\":\"fr-FR\",\"potentialAction\":[{\"@type\":\"ReadAction\",\"target\":[\"https:\/\/stourm.news\/?p=4436\"]}]},{\"@type\":\"ImageObject\",\"inLanguage\":\"fr-FR\",\"@id\":\"https:\/\/stourm.news\/?p=4436#primaryimage\",\"url\":\"https:\/\/stourm.news\/wp-content\/uploads\/2025\/07\/Capture-decran-2025-07-14-a-15.18.10.png\",\"contentUrl\":\"https:\/\/stourm.news\/wp-content\/uploads\/2025\/07\/Capture-decran-2025-07-14-a-15.18.10.png\",\"width\":788,\"height\":498},{\"@type\":\"BreadcrumbList\",\"@id\":\"https:\/\/stourm.news\/?p=4436#breadcrumb\",\"itemListElement\":[{\"@type\":\"ListItem\",\"position\":1,\"name\":\"Accueil\",\"item\":\"https:\/\/stourm.news\/\"},{\"@type\":\"ListItem\",\"position\":2,\"name\":\"Felger (Foug\u00e8res) : une lutte exemplaire contre les tags, marqueur de tiers-mondisation de nos villes\"}]},{\"@type\":\"WebSite\",\"@id\":\"https:\/\/stourm.news\/#website\",\"url\":\"https:\/\/stourm.news\/\",\"name\":\"Stourm\",\"description\":\"Kazetenn Strollad Broadel Breizh\",\"publisher\":{\"@id\":\"https:\/\/stourm.news\/#organization\"},\"potentialAction\":[{\"@type\":\"SearchAction\",\"target\":{\"@type\":\"EntryPoint\",\"urlTemplate\":\"https:\/\/stourm.news\/?s={search_term_string}\"},\"query-input\":{\"@type\":\"PropertyValueSpecification\",\"valueRequired\":true,\"valueName\":\"search_term_string\"}}],\"inLanguage\":\"fr-FR\"},{\"@type\":\"Organization\",\"@id\":\"https:\/\/stourm.news\/#organization\",\"name\":\"Stourm\",\"url\":\"https:\/\/stourm.news\/\",\"logo\":{\"@type\":\"ImageObject\",\"inLanguage\":\"fr-FR\",\"@id\":\"https:\/\/stourm.news\/#\/schema\/logo\/image\/\",\"url\":\"https:\/\/stourm.news\/wp-content\/uploads\/2025\/11\/cropped-Capture-decran-2025-11-28-a-15.19.07.png\",\"contentUrl\":\"https:\/\/stourm.news\/wp-content\/uploads\/2025\/11\/cropped-Capture-decran-2025-11-28-a-15.19.07.png\",\"width\":1855,\"height\":383,\"caption\":\"Stourm\"},\"image\":{\"@id\":\"https:\/\/stourm.news\/#\/schema\/logo\/image\/\"},\"sameAs\":[\"https:\/\/www.facebook.com\/stourmnews\/\"]},{\"@type\":\"Person\",\"@id\":\"https:\/\/stourm.news\/#\/schema\/person\/c3e1dc65988632e190969234ef046cf9\",\"name\":\"La r\u00e9daction\",\"image\":{\"@type\":\"ImageObject\",\"inLanguage\":\"fr-FR\",\"@id\":\"https:\/\/stourm.news\/#\/schema\/person\/image\/\",\"url\":\"https:\/\/secure.gravatar.com\/avatar\/7463443f194b6b5fb706b074ca0ef59a0cfcfd720cb47764b0ec5a952ce422b3?s=96&d=mm&r=g\",\"contentUrl\":\"https:\/\/secure.gravatar.com\/avatar\/7463443f194b6b5fb706b074ca0ef59a0cfcfd720cb47764b0ec5a952ce422b3?s=96&d=mm&r=g\",\"caption\":\"La r\u00e9daction\"},\"sameAs\":[\"https:\/\/stourm.news\"],\"url\":\"https:\/\/stourm.news\/?author=1\"}]}<\/script>\n<!-- \/ Yoast SEO plugin. -->","yoast_head_json":{"title":"Felger (Foug\u00e8res) : une lutte exemplaire contre les tags, marqueur de tiers-mondisation de nos villes - STOURM","robots":{"index":"index","follow":"follow","max-snippet":"max-snippet:-1","max-image-preview":"max-image-preview:large","max-video-preview":"max-video-preview:-1"},"canonical":"https:\/\/stourm.news\/?p=4436","og_locale":"fr_FR","og_type":"article","og_title":"Felger (Foug\u00e8res) : une lutte exemplaire contre les tags, marqueur de tiers-mondisation de nos villes - STOURM","og_description":"\u00c0 Felger (Foug\u00e8res), joyau du patrimoine breton, la municipalit\u00e9 intensifie sa bataille contre les graffitis sauvages qui, depuis plusieurs mois, d\u00e9figurent les murs de la ville. Face \u00e0 cette \u00ab nuisance visuelle majeure \u00bb, comme le souligne Ouest-France, la Ville de Foug\u00e8res, sous l\u2019impulsion de son maire Louis Feuvrier, a lanc\u00e9 une campagne de pr\u00e9vention [&hellip;]","og_url":"https:\/\/stourm.news\/?p=4436","og_site_name":"STOURM","article_publisher":"https:\/\/www.facebook.com\/stourmnews\/","article_published_time":"2025-07-14T06:19:34+00:00","og_image":[{"width":788,"height":498,"url":"https:\/\/stourm.news\/wp-content\/uploads\/2025\/07\/Capture-decran-2025-07-14-a-15.18.10.png","type":"image\/png"}],"author":"La r\u00e9daction","twitter_card":"summary_large_image","twitter_misc":{"\u00c9crit par":"La r\u00e9daction","Dur\u00e9e de lecture estim\u00e9e":"3 minutes"},"schema":{"@context":"https:\/\/schema.org","@graph":[{"@type":"Article","@id":"https:\/\/stourm.news\/?p=4436#article","isPartOf":{"@id":"https:\/\/stourm.news\/?p=4436"},"author":{"name":"La r\u00e9daction","@id":"https:\/\/stourm.news\/#\/schema\/person\/c3e1dc65988632e190969234ef046cf9"},"headline":"Felger (Foug\u00e8res) : une lutte exemplaire contre les tags, marqueur de tiers-mondisation de nos villes","datePublished":"2025-07-14T06:19:34+00:00","mainEntityOfPage":{"@id":"https:\/\/stourm.news\/?p=4436"},"wordCount":649,"commentCount":0,"publisher":{"@id":"https:\/\/stourm.news\/#organization"},"image":{"@id":"https:\/\/stourm.news\/?p=4436#primaryimage"},"thumbnailUrl":"https:\/\/stourm.news\/wp-content\/uploads\/2025\/07\/Capture-decran-2025-07-14-a-15.18.10.png","articleSection":["Breizh","Ille-et-Vilaine","Soci\u00e9t\u00e9"],"inLanguage":"fr-FR","potentialAction":[{"@type":"CommentAction","name":"Comment","target":["https:\/\/stourm.news\/?p=4436#respond"]}]},{"@type":"WebPage","@id":"https:\/\/stourm.news\/?p=4436","url":"https:\/\/stourm.news\/?p=4436","name":"Felger (Foug\u00e8res) : une lutte exemplaire contre les tags, marqueur de tiers-mondisation de nos villes - STOURM","isPartOf":{"@id":"https:\/\/stourm.news\/#website"},"primaryImageOfPage":{"@id":"https:\/\/stourm.news\/?p=4436#primaryimage"},"image":{"@id":"https:\/\/stourm.news\/?p=4436#primaryimage"},"thumbnailUrl":"https:\/\/stourm.news\/wp-content\/uploads\/2025\/07\/Capture-decran-2025-07-14-a-15.18.10.png","datePublished":"2025-07-14T06:19:34+00:00","breadcrumb":{"@id":"https:\/\/stourm.news\/?p=4436#breadcrumb"},"inLanguage":"fr-FR","potentialAction":[{"@type":"ReadAction","target":["https:\/\/stourm.news\/?p=4436"]}]},{"@type":"ImageObject","inLanguage":"fr-FR","@id":"https:\/\/stourm.news\/?p=4436#primaryimage","url":"https:\/\/stourm.news\/wp-content\/uploads\/2025\/07\/Capture-decran-2025-07-14-a-15.18.10.png","contentUrl":"https:\/\/stourm.news\/wp-content\/uploads\/2025\/07\/Capture-decran-2025-07-14-a-15.18.10.png","width":788,"height":498},{"@type":"BreadcrumbList","@id":"https:\/\/stourm.news\/?p=4436#breadcrumb","itemListElement":[{"@type":"ListItem","position":1,"name":"Accueil","item":"https:\/\/stourm.news\/"},{"@type":"ListItem","position":2,"name":"Felger (Foug\u00e8res) : une lutte exemplaire contre les tags, marqueur de tiers-mondisation de nos villes"}]},{"@type":"WebSite","@id":"https:\/\/stourm.news\/#website","url":"https:\/\/stourm.news\/","name":"Stourm","description":"Kazetenn Strollad Broadel Breizh","publisher":{"@id":"https:\/\/stourm.news\/#organization"},"potentialAction":[{"@type":"SearchAction","target":{"@type":"EntryPoint","urlTemplate":"https:\/\/stourm.news\/?s={search_term_string}"},"query-input":{"@type":"PropertyValueSpecification","valueRequired":true,"valueName":"search_term_string"}}],"inLanguage":"fr-FR"},{"@type":"Organization","@id":"https:\/\/stourm.news\/#organization","name":"Stourm","url":"https:\/\/stourm.news\/","logo":{"@type":"ImageObject","inLanguage":"fr-FR","@id":"https:\/\/stourm.news\/#\/schema\/logo\/image\/","url":"https:\/\/stourm.news\/wp-content\/uploads\/2025\/11\/cropped-Capture-decran-2025-11-28-a-15.19.07.png","contentUrl":"https:\/\/stourm.news\/wp-content\/uploads\/2025\/11\/cropped-Capture-decran-2025-11-28-a-15.19.07.png","width":1855,"height":383,"caption":"Stourm"},"image":{"@id":"https:\/\/stourm.news\/#\/schema\/logo\/image\/"},"sameAs":["https:\/\/www.facebook.com\/stourmnews\/"]},{"@type":"Person","@id":"https:\/\/stourm.news\/#\/schema\/person\/c3e1dc65988632e190969234ef046cf9","name":"La r\u00e9daction","image":{"@type":"ImageObject","inLanguage":"fr-FR","@id":"https:\/\/stourm.news\/#\/schema\/person\/image\/","url":"https:\/\/secure.gravatar.com\/avatar\/7463443f194b6b5fb706b074ca0ef59a0cfcfd720cb47764b0ec5a952ce422b3?s=96&d=mm&r=g","contentUrl":"https:\/\/secure.gravatar.com\/avatar\/7463443f194b6b5fb706b074ca0ef59a0cfcfd720cb47764b0ec5a952ce422b3?s=96&d=mm&r=g","caption":"La r\u00e9daction"},"sameAs":["https:\/\/stourm.news"],"url":"https:\/\/stourm.news\/?author=1"}]}},"_links":{"self":[{"href":"https:\/\/stourm.news\/index.php?rest_route=\/wp\/v2\/posts\/4436","targetHints":{"allow":["GET"]}}],"collection":[{"href":"https:\/\/stourm.news\/index.php?rest_route=\/wp\/v2\/posts"}],"about":[{"href":"https:\/\/stourm.news\/index.php?rest_route=\/wp\/v2\/types\/post"}],"author":[{"embeddable":true,"href":"https:\/\/stourm.news\/index.php?rest_route=\/wp\/v2\/users\/1"}],"replies":[{"embeddable":true,"href":"https:\/\/stourm.news\/index.php?rest_route=%2Fwp%2Fv2%2Fcomments&post=4436"}],"version-history":[{"count":1,"href":"https:\/\/stourm.news\/index.php?rest_route=\/wp\/v2\/posts\/4436\/revisions"}],"predecessor-version":[{"id":4438,"href":"https:\/\/stourm.news\/index.php?rest_route=\/wp\/v2\/posts\/4436\/revisions\/4438"}],"wp:featuredmedia":[{"embeddable":true,"href":"https:\/\/stourm.news\/index.php?rest_route=\/wp\/v2\/media\/4437"}],"wp:attachment":[{"href":"https:\/\/stourm.news\/index.php?rest_route=%2Fwp%2Fv2%2Fmedia&parent=4436"}],"wp:term":[{"taxonomy":"category","embeddable":true,"href":"https:\/\/stourm.news\/index.php?rest_route=%2Fwp%2Fv2%2Fcategories&post=4436"},{"taxonomy":"post_tag","embeddable":true,"href":"https:\/\/stourm.news\/index.php?rest_route=%2Fwp%2Fv2%2Ftags&post=4436"}],"curies":[{"name":"wp","href":"https:\/\/api.w.org\/{rel}","templated":true}]}}