{"id":4450,"date":"2025-07-18T09:19:11","date_gmt":"2025-07-18T09:19:11","guid":{"rendered":"https:\/\/stourm.news\/?p=4450"},"modified":"2025-07-18T09:19:11","modified_gmt":"2025-07-18T09:19:11","slug":"alsace-le-sous-prefet-patrick-pincet-agace-que-des-maires-parlent-en-alsacien","status":"publish","type":"post","link":"https:\/\/stourm.news\/?p=4450","title":{"rendered":"Alsace : le sous-pr\u00e9fet Patrick Pincet \u00ab agac\u00e9 \u00bb que des maires parlent en alsacien"},"content":{"rendered":"<p style=\"text-align: justify;\">Dans une note de service dat\u00e9e du 30 juin 2025, la ville de Lille, sous l\u2019\u00e9gide de son directeur g\u00e9n\u00e9ral des services, Patrick Pincet, ancien sous-pr\u00e9fet d&rsquo;Alsace, a signifi\u00e9 \u00e0 ses agents l\u2019obligation d\u2019utiliser exclusivement le fran\u00e7ais dans leurs \u00e9changes professionnels, invoquant l\u2019article 2 de la Constitution : \u00ab La langue de la R\u00e9publique est le fran\u00e7ais \u00bb.<\/p>\n<p style=\"text-align: justify;\">La note de service lilloise, intitul\u00e9e \u00ab Utilisation de la langue fran\u00e7aise au sein de notre administration \u00bb, impose l\u2019usage exclusif du fran\u00e7ais dans les relations avec les usagers et entre coll\u00e8gues, sans exception. Citant la Constitution et la loi Toubon de 1994, elle s\u2019appuie sur un cadre juridique rigide pour justifier une uniformisation linguistique. Mais c\u2019est la d\u00e9claration de Patrick Pincet, rapport\u00e9e par La Voix du Nord et relay\u00e9e par <strong><a href=\"https:\/\/www.lalsace.fr\/politique\/2025\/07\/17\/l-ancien-sous-prefet-de-selestat-etait-agace-que-des-maires-parlent-en-alsacien\">L&rsquo;Alsace<\/a><\/strong>, qui choque : <strong>\u00ab J\u2019ai \u00e9t\u00e9 sous-pr\u00e9fet en Alsace et j\u2019ai moi-m\u00eame \u00e9t\u00e9 agac\u00e9 de voir que des maires parlaient entre eux en alsacien. \u00bb<\/strong> Cette remarque, teint\u00e9e d&rsquo;arrogance coloniale, r\u00e9v\u00e8le l&rsquo;intol\u00e9rance de l&rsquo;\u00c9tat fran\u00e7ais envers les langues non-fran\u00e7aises.<\/p>\n<p style=\"text-align: justify;\">En Alsace, l\u2019alsacien, dialecte germanique, est une composante essentielle de l\u2019identit\u00e9 ethnique, tout comme le breton en Bretagne. En s\u2019en prenant aux maires alsaciens, Pincet ne fait pas qu\u2019imposer une r\u00e8gle administrative : il stigmatise une pratique culturelle l\u00e9gitime, ancr\u00e9e dans l\u2019histoire d\u2019un peuple. Cette attitude refl\u00e8te la r\u00e9alit\u00e9 d&rsquo;un \u00c9tat fran\u00e7ais qui, depuis la R\u00e9volution fran\u00e7aise, cherche \u00e0 \u00e9craser les nationalit\u00e9s au nom d\u2019une pr\u00e9tendue universalit\u00e9 de la culture de Paris.<\/p>\n<p style=\"text-align: justify;\">Pour les Bretons, cette affaire r\u00e9sonne comme une nouvelle agression contre notre langue, le brezhoneg, d\u00e9j\u00e0 marginalis\u00e9e par des d\u00e9cennies de politiques assimilationnistes.<\/p>\n<p style=\"text-align: right;\"><strong>Budig Gourmaelon<\/strong><\/p>\n","protected":false},"excerpt":{"rendered":"<p>Dans une note de service dat\u00e9e du 30 juin 2025, la ville de Lille, sous l\u2019\u00e9gide de son directeur g\u00e9n\u00e9ral des services, Patrick Pincet, ancien sous-pr\u00e9fet d&rsquo;Alsace, a signifi\u00e9 \u00e0 ses agents l\u2019obligation d\u2019utiliser exclusivement le fran\u00e7ais dans leurs \u00e9changes professionnels, invoquant l\u2019article 2 de la Constitution : \u00ab La langue de la R\u00e9publique est [&hellip;]<\/p>\n","protected":false},"author":1,"featured_media":4451,"comment_status":"open","ping_status":"open","sticky":false,"template":"","format":"standard","meta":{"sb_editor_width":"","footnotes":""},"categories":[48,67,65],"tags":[],"class_list":["post-4450","post","type-post","status-publish","format-standard","has-post-thumbnail","hentry","category-occupation-francaise","category-politique","category-principale"],"relative_dates":{"created":"10 mois ago","modified":"10 mois ago"},"yoast_head":"<!-- This site is optimized with the Yoast SEO plugin v26.3 - https:\/\/yoast.com\/wordpress\/plugins\/seo\/ -->\n<title>Alsace : le sous-pr\u00e9fet Patrick Pincet \u00ab agac\u00e9 \u00bb que des maires parlent en alsacien - STOURM<\/title>\n<meta name=\"robots\" content=\"index, follow, max-snippet:-1, max-image-preview:large, max-video-preview:-1\" \/>\n<link rel=\"canonical\" href=\"https:\/\/stourm.news\/?p=4450\" \/>\n<meta property=\"og:locale\" content=\"fr_FR\" \/>\n<meta property=\"og:type\" content=\"article\" \/>\n<meta property=\"og:title\" content=\"Alsace : le sous-pr\u00e9fet Patrick Pincet \u00ab agac\u00e9 \u00bb que des maires parlent en alsacien - STOURM\" \/>\n<meta property=\"og:description\" content=\"Dans une note de service dat\u00e9e du 30 juin 2025, la ville de Lille, sous l\u2019\u00e9gide de son directeur g\u00e9n\u00e9ral des services, Patrick Pincet, ancien sous-pr\u00e9fet d&rsquo;Alsace, a signifi\u00e9 \u00e0 ses agents l\u2019obligation d\u2019utiliser exclusivement le fran\u00e7ais dans leurs \u00e9changes professionnels, invoquant l\u2019article 2 de la Constitution : \u00ab La langue de la R\u00e9publique est [&hellip;]\" \/>\n<meta property=\"og:url\" content=\"https:\/\/stourm.news\/?p=4450\" \/>\n<meta property=\"og:site_name\" content=\"STOURM\" \/>\n<meta property=\"article:publisher\" content=\"https:\/\/www.facebook.com\/stourmnews\/\" \/>\n<meta property=\"article:published_time\" content=\"2025-07-18T09:19:11+00:00\" \/>\n<meta property=\"og:image\" content=\"https:\/\/stourm.news\/wp-content\/uploads\/2025\/07\/Capture-decran-2025-07-18-a-18.15.59.png\" \/>\n\t<meta property=\"og:image:width\" content=\"1132\" \/>\n\t<meta property=\"og:image:height\" content=\"770\" \/>\n\t<meta property=\"og:image:type\" content=\"image\/png\" \/>\n<meta name=\"author\" content=\"La r\u00e9daction\" \/>\n<meta name=\"twitter:card\" content=\"summary_large_image\" \/>\n<meta name=\"twitter:label1\" content=\"\u00c9crit par\" \/>\n\t<meta name=\"twitter:data1\" content=\"La r\u00e9daction\" \/>\n\t<meta name=\"twitter:label2\" content=\"Dur\u00e9e de lecture estim\u00e9e\" \/>\n\t<meta name=\"twitter:data2\" content=\"2 minutes\" \/>\n<script type=\"application\/ld+json\" class=\"yoast-schema-graph\">{\"@context\":\"https:\/\/schema.org\",\"@graph\":[{\"@type\":\"Article\",\"@id\":\"https:\/\/stourm.news\/?p=4450#article\",\"isPartOf\":{\"@id\":\"https:\/\/stourm.news\/?p=4450\"},\"author\":{\"name\":\"La r\u00e9daction\",\"@id\":\"https:\/\/stourm.news\/#\/schema\/person\/c3e1dc65988632e190969234ef046cf9\"},\"headline\":\"Alsace : le sous-pr\u00e9fet Patrick Pincet \u00ab agac\u00e9 \u00bb que des maires parlent en alsacien\",\"datePublished\":\"2025-07-18T09:19:11+00:00\",\"mainEntityOfPage\":{\"@id\":\"https:\/\/stourm.news\/?p=4450\"},\"wordCount\":322,\"commentCount\":0,\"publisher\":{\"@id\":\"https:\/\/stourm.news\/#organization\"},\"image\":{\"@id\":\"https:\/\/stourm.news\/?p=4450#primaryimage\"},\"thumbnailUrl\":\"https:\/\/stourm.news\/wp-content\/uploads\/2025\/07\/Capture-decran-2025-07-18-a-18.15.59.png\",\"articleSection\":[\"Occupation fran\u00e7aise\",\"Politique\",\"Principale\"],\"inLanguage\":\"fr-FR\",\"potentialAction\":[{\"@type\":\"CommentAction\",\"name\":\"Comment\",\"target\":[\"https:\/\/stourm.news\/?p=4450#respond\"]}]},{\"@type\":\"WebPage\",\"@id\":\"https:\/\/stourm.news\/?p=4450\",\"url\":\"https:\/\/stourm.news\/?p=4450\",\"name\":\"Alsace : le sous-pr\u00e9fet Patrick Pincet \u00ab agac\u00e9 \u00bb que des maires parlent en alsacien - STOURM\",\"isPartOf\":{\"@id\":\"https:\/\/stourm.news\/#website\"},\"primaryImageOfPage\":{\"@id\":\"https:\/\/stourm.news\/?p=4450#primaryimage\"},\"image\":{\"@id\":\"https:\/\/stourm.news\/?p=4450#primaryimage\"},\"thumbnailUrl\":\"https:\/\/stourm.news\/wp-content\/uploads\/2025\/07\/Capture-decran-2025-07-18-a-18.15.59.png\",\"datePublished\":\"2025-07-18T09:19:11+00:00\",\"breadcrumb\":{\"@id\":\"https:\/\/stourm.news\/?p=4450#breadcrumb\"},\"inLanguage\":\"fr-FR\",\"potentialAction\":[{\"@type\":\"ReadAction\",\"target\":[\"https:\/\/stourm.news\/?p=4450\"]}]},{\"@type\":\"ImageObject\",\"inLanguage\":\"fr-FR\",\"@id\":\"https:\/\/stourm.news\/?p=4450#primaryimage\",\"url\":\"https:\/\/stourm.news\/wp-content\/uploads\/2025\/07\/Capture-decran-2025-07-18-a-18.15.59.png\",\"contentUrl\":\"https:\/\/stourm.news\/wp-content\/uploads\/2025\/07\/Capture-decran-2025-07-18-a-18.15.59.png\",\"width\":1132,\"height\":770},{\"@type\":\"BreadcrumbList\",\"@id\":\"https:\/\/stourm.news\/?p=4450#breadcrumb\",\"itemListElement\":[{\"@type\":\"ListItem\",\"position\":1,\"name\":\"Accueil\",\"item\":\"https:\/\/stourm.news\/\"},{\"@type\":\"ListItem\",\"position\":2,\"name\":\"Alsace : le sous-pr\u00e9fet Patrick Pincet \u00ab agac\u00e9 \u00bb que des maires parlent en alsacien\"}]},{\"@type\":\"WebSite\",\"@id\":\"https:\/\/stourm.news\/#website\",\"url\":\"https:\/\/stourm.news\/\",\"name\":\"Stourm\",\"description\":\"Kazetenn Strollad Broadel Breizh\",\"publisher\":{\"@id\":\"https:\/\/stourm.news\/#organization\"},\"potentialAction\":[{\"@type\":\"SearchAction\",\"target\":{\"@type\":\"EntryPoint\",\"urlTemplate\":\"https:\/\/stourm.news\/?s={search_term_string}\"},\"query-input\":{\"@type\":\"PropertyValueSpecification\",\"valueRequired\":true,\"valueName\":\"search_term_string\"}}],\"inLanguage\":\"fr-FR\"},{\"@type\":\"Organization\",\"@id\":\"https:\/\/stourm.news\/#organization\",\"name\":\"Stourm\",\"url\":\"https:\/\/stourm.news\/\",\"logo\":{\"@type\":\"ImageObject\",\"inLanguage\":\"fr-FR\",\"@id\":\"https:\/\/stourm.news\/#\/schema\/logo\/image\/\",\"url\":\"https:\/\/stourm.news\/wp-content\/uploads\/2025\/11\/cropped-Capture-decran-2025-11-28-a-15.19.07.png\",\"contentUrl\":\"https:\/\/stourm.news\/wp-content\/uploads\/2025\/11\/cropped-Capture-decran-2025-11-28-a-15.19.07.png\",\"width\":1855,\"height\":383,\"caption\":\"Stourm\"},\"image\":{\"@id\":\"https:\/\/stourm.news\/#\/schema\/logo\/image\/\"},\"sameAs\":[\"https:\/\/www.facebook.com\/stourmnews\/\"]},{\"@type\":\"Person\",\"@id\":\"https:\/\/stourm.news\/#\/schema\/person\/c3e1dc65988632e190969234ef046cf9\",\"name\":\"La r\u00e9daction\",\"image\":{\"@type\":\"ImageObject\",\"inLanguage\":\"fr-FR\",\"@id\":\"https:\/\/stourm.news\/#\/schema\/person\/image\/\",\"url\":\"https:\/\/secure.gravatar.com\/avatar\/7463443f194b6b5fb706b074ca0ef59a0cfcfd720cb47764b0ec5a952ce422b3?s=96&d=mm&r=g\",\"contentUrl\":\"https:\/\/secure.gravatar.com\/avatar\/7463443f194b6b5fb706b074ca0ef59a0cfcfd720cb47764b0ec5a952ce422b3?s=96&d=mm&r=g\",\"caption\":\"La r\u00e9daction\"},\"sameAs\":[\"https:\/\/stourm.news\"],\"url\":\"https:\/\/stourm.news\/?author=1\"}]}<\/script>\n<!-- \/ Yoast SEO plugin. -->","yoast_head_json":{"title":"Alsace : le sous-pr\u00e9fet Patrick Pincet \u00ab agac\u00e9 \u00bb que des maires parlent en alsacien - STOURM","robots":{"index":"index","follow":"follow","max-snippet":"max-snippet:-1","max-image-preview":"max-image-preview:large","max-video-preview":"max-video-preview:-1"},"canonical":"https:\/\/stourm.news\/?p=4450","og_locale":"fr_FR","og_type":"article","og_title":"Alsace : le sous-pr\u00e9fet Patrick Pincet \u00ab agac\u00e9 \u00bb que des maires parlent en alsacien - STOURM","og_description":"Dans une note de service dat\u00e9e du 30 juin 2025, la ville de Lille, sous l\u2019\u00e9gide de son directeur g\u00e9n\u00e9ral des services, Patrick Pincet, ancien sous-pr\u00e9fet d&rsquo;Alsace, a signifi\u00e9 \u00e0 ses agents l\u2019obligation d\u2019utiliser exclusivement le fran\u00e7ais dans leurs \u00e9changes professionnels, invoquant l\u2019article 2 de la Constitution : \u00ab La langue de la R\u00e9publique est [&hellip;]","og_url":"https:\/\/stourm.news\/?p=4450","og_site_name":"STOURM","article_publisher":"https:\/\/www.facebook.com\/stourmnews\/","article_published_time":"2025-07-18T09:19:11+00:00","og_image":[{"width":1132,"height":770,"url":"https:\/\/stourm.news\/wp-content\/uploads\/2025\/07\/Capture-decran-2025-07-18-a-18.15.59.png","type":"image\/png"}],"author":"La r\u00e9daction","twitter_card":"summary_large_image","twitter_misc":{"\u00c9crit par":"La r\u00e9daction","Dur\u00e9e de lecture estim\u00e9e":"2 minutes"},"schema":{"@context":"https:\/\/schema.org","@graph":[{"@type":"Article","@id":"https:\/\/stourm.news\/?p=4450#article","isPartOf":{"@id":"https:\/\/stourm.news\/?p=4450"},"author":{"name":"La r\u00e9daction","@id":"https:\/\/stourm.news\/#\/schema\/person\/c3e1dc65988632e190969234ef046cf9"},"headline":"Alsace : le sous-pr\u00e9fet Patrick Pincet \u00ab agac\u00e9 \u00bb que des maires parlent en alsacien","datePublished":"2025-07-18T09:19:11+00:00","mainEntityOfPage":{"@id":"https:\/\/stourm.news\/?p=4450"},"wordCount":322,"commentCount":0,"publisher":{"@id":"https:\/\/stourm.news\/#organization"},"image":{"@id":"https:\/\/stourm.news\/?p=4450#primaryimage"},"thumbnailUrl":"https:\/\/stourm.news\/wp-content\/uploads\/2025\/07\/Capture-decran-2025-07-18-a-18.15.59.png","articleSection":["Occupation fran\u00e7aise","Politique","Principale"],"inLanguage":"fr-FR","potentialAction":[{"@type":"CommentAction","name":"Comment","target":["https:\/\/stourm.news\/?p=4450#respond"]}]},{"@type":"WebPage","@id":"https:\/\/stourm.news\/?p=4450","url":"https:\/\/stourm.news\/?p=4450","name":"Alsace : le sous-pr\u00e9fet Patrick Pincet \u00ab agac\u00e9 \u00bb que des maires parlent en alsacien - STOURM","isPartOf":{"@id":"https:\/\/stourm.news\/#website"},"primaryImageOfPage":{"@id":"https:\/\/stourm.news\/?p=4450#primaryimage"},"image":{"@id":"https:\/\/stourm.news\/?p=4450#primaryimage"},"thumbnailUrl":"https:\/\/stourm.news\/wp-content\/uploads\/2025\/07\/Capture-decran-2025-07-18-a-18.15.59.png","datePublished":"2025-07-18T09:19:11+00:00","breadcrumb":{"@id":"https:\/\/stourm.news\/?p=4450#breadcrumb"},"inLanguage":"fr-FR","potentialAction":[{"@type":"ReadAction","target":["https:\/\/stourm.news\/?p=4450"]}]},{"@type":"ImageObject","inLanguage":"fr-FR","@id":"https:\/\/stourm.news\/?p=4450#primaryimage","url":"https:\/\/stourm.news\/wp-content\/uploads\/2025\/07\/Capture-decran-2025-07-18-a-18.15.59.png","contentUrl":"https:\/\/stourm.news\/wp-content\/uploads\/2025\/07\/Capture-decran-2025-07-18-a-18.15.59.png","width":1132,"height":770},{"@type":"BreadcrumbList","@id":"https:\/\/stourm.news\/?p=4450#breadcrumb","itemListElement":[{"@type":"ListItem","position":1,"name":"Accueil","item":"https:\/\/stourm.news\/"},{"@type":"ListItem","position":2,"name":"Alsace : le sous-pr\u00e9fet Patrick Pincet \u00ab agac\u00e9 \u00bb que des maires parlent en alsacien"}]},{"@type":"WebSite","@id":"https:\/\/stourm.news\/#website","url":"https:\/\/stourm.news\/","name":"Stourm","description":"Kazetenn Strollad Broadel Breizh","publisher":{"@id":"https:\/\/stourm.news\/#organization"},"potentialAction":[{"@type":"SearchAction","target":{"@type":"EntryPoint","urlTemplate":"https:\/\/stourm.news\/?s={search_term_string}"},"query-input":{"@type":"PropertyValueSpecification","valueRequired":true,"valueName":"search_term_string"}}],"inLanguage":"fr-FR"},{"@type":"Organization","@id":"https:\/\/stourm.news\/#organization","name":"Stourm","url":"https:\/\/stourm.news\/","logo":{"@type":"ImageObject","inLanguage":"fr-FR","@id":"https:\/\/stourm.news\/#\/schema\/logo\/image\/","url":"https:\/\/stourm.news\/wp-content\/uploads\/2025\/11\/cropped-Capture-decran-2025-11-28-a-15.19.07.png","contentUrl":"https:\/\/stourm.news\/wp-content\/uploads\/2025\/11\/cropped-Capture-decran-2025-11-28-a-15.19.07.png","width":1855,"height":383,"caption":"Stourm"},"image":{"@id":"https:\/\/stourm.news\/#\/schema\/logo\/image\/"},"sameAs":["https:\/\/www.facebook.com\/stourmnews\/"]},{"@type":"Person","@id":"https:\/\/stourm.news\/#\/schema\/person\/c3e1dc65988632e190969234ef046cf9","name":"La r\u00e9daction","image":{"@type":"ImageObject","inLanguage":"fr-FR","@id":"https:\/\/stourm.news\/#\/schema\/person\/image\/","url":"https:\/\/secure.gravatar.com\/avatar\/7463443f194b6b5fb706b074ca0ef59a0cfcfd720cb47764b0ec5a952ce422b3?s=96&d=mm&r=g","contentUrl":"https:\/\/secure.gravatar.com\/avatar\/7463443f194b6b5fb706b074ca0ef59a0cfcfd720cb47764b0ec5a952ce422b3?s=96&d=mm&r=g","caption":"La r\u00e9daction"},"sameAs":["https:\/\/stourm.news"],"url":"https:\/\/stourm.news\/?author=1"}]}},"_links":{"self":[{"href":"https:\/\/stourm.news\/index.php?rest_route=\/wp\/v2\/posts\/4450","targetHints":{"allow":["GET"]}}],"collection":[{"href":"https:\/\/stourm.news\/index.php?rest_route=\/wp\/v2\/posts"}],"about":[{"href":"https:\/\/stourm.news\/index.php?rest_route=\/wp\/v2\/types\/post"}],"author":[{"embeddable":true,"href":"https:\/\/stourm.news\/index.php?rest_route=\/wp\/v2\/users\/1"}],"replies":[{"embeddable":true,"href":"https:\/\/stourm.news\/index.php?rest_route=%2Fwp%2Fv2%2Fcomments&post=4450"}],"version-history":[{"count":1,"href":"https:\/\/stourm.news\/index.php?rest_route=\/wp\/v2\/posts\/4450\/revisions"}],"predecessor-version":[{"id":4452,"href":"https:\/\/stourm.news\/index.php?rest_route=\/wp\/v2\/posts\/4450\/revisions\/4452"}],"wp:featuredmedia":[{"embeddable":true,"href":"https:\/\/stourm.news\/index.php?rest_route=\/wp\/v2\/media\/4451"}],"wp:attachment":[{"href":"https:\/\/stourm.news\/index.php?rest_route=%2Fwp%2Fv2%2Fmedia&parent=4450"}],"wp:term":[{"taxonomy":"category","embeddable":true,"href":"https:\/\/stourm.news\/index.php?rest_route=%2Fwp%2Fv2%2Fcategories&post=4450"},{"taxonomy":"post_tag","embeddable":true,"href":"https:\/\/stourm.news\/index.php?rest_route=%2Fwp%2Fv2%2Ftags&post=4450"}],"curies":[{"name":"wp","href":"https:\/\/api.w.org\/{rel}","templated":true}]}}