{"id":4453,"date":"2025-07-18T09:26:59","date_gmt":"2025-07-18T09:26:59","guid":{"rendered":"https:\/\/stourm.news\/?p=4453"},"modified":"2025-07-18T09:26:59","modified_gmt":"2025-07-18T09:26:59","slug":"brest-dans-le-quartier-multiculturel-de-bellevue-un-adolescent-a-trottinette-poignarde-un-homme-au-poumon-sans-explication","status":"publish","type":"post","link":"https:\/\/stourm.news\/?p=4453","title":{"rendered":"Brest : dans le quartier multiculturel de Bellevue, un adolescent \u00e0 trottinette poignarde un homme au poumon sans explication"},"content":{"rendered":"<p style=\"text-align: justify;\">Le 24 juin 2025, \u00e0 Brest, dans le quartier de Bellevue, un homme de 41 ans a \u00e9t\u00e9 victime d\u2019une agression violente rue du Dauphin\u00e9, rapporte <strong><a href=\"https:\/\/www.ouest-france.fr\/bretagne\/brest-29200\/a-brest-il-refuse-la-priorite-a-un-adolescent-a-trottinette-et-recoit-un-coup-de-couteau-au-poumon-8368a47a-632c-11f0-8f64-6b27a5d8d9ae\">Ouest-France<\/a><\/strong>. Alors qu\u2019il circulait \u00e0 v\u00e9lo en direction d\u2019un bureau de tabac, il a crois\u00e9 un adolescent de 14 ans en trottinette qui lui a bloqu\u00e9 le passage, l\u2019obligeant \u00e0 d\u00e9vier sa trajectoire et \u00e0 heurter un trottoir. Sur le chemin du retour, l\u2019adolescent a de nouveau barr\u00e9 la route de l\u2019homme. Lorsque ce dernier lui a reproch\u00e9 son comportement, le jeune a sorti un couteau et lui a port\u00e9 un coup \u00e0 l\u2019\u00e9paule gauche, causant un pneumothorax.<\/p>\n<p style=\"text-align: justify;\">La victime, hospitalis\u00e9e, a subi une incapacit\u00e9 totale de travail de cinq jours. Apr\u00e8s avoir port\u00e9 plainte, l\u2019homme a identifi\u00e9 son agresseur via un tapissage photographique. L\u2019adolescent, d\u00e9j\u00e0 connu des services de police, a \u00e9t\u00e9 plac\u00e9 en garde \u00e0 vue le 16 juillet 2025 et d\u00e9f\u00e9r\u00e9 au parquet de Brest le lendemain. La g\u00e9olocalisation de son t\u00e9l\u00e9phone a confirm\u00e9 sa pr\u00e9sence sur les lieux au moment des faits, bien qu\u2019il nie les accusations. Une perquisition \u00e0 son domicile n\u2019a pas permis de retrouver l\u2019arme. Il devra r\u00e9pondre de ses actes devant la justice.<\/p>\n<p style=\"text-align: right;\"><strong>Ewen Broc&rsquo;han<\/strong><\/p>\n","protected":false},"excerpt":{"rendered":"<p>Le 24 juin 2025, \u00e0 Brest, dans le quartier de Bellevue, un homme de 41 ans a \u00e9t\u00e9 victime d\u2019une agression violente rue du Dauphin\u00e9, rapporte Ouest-France. Alors qu\u2019il circulait \u00e0 v\u00e9lo en direction d\u2019un bureau de tabac, il a crois\u00e9 un adolescent de 14 ans en trottinette qui lui a bloqu\u00e9 le passage, l\u2019obligeant [&hellip;]<\/p>\n","protected":false},"author":1,"featured_media":4454,"comment_status":"open","ping_status":"open","sticky":false,"template":"","format":"standard","meta":{"sb_editor_width":"","footnotes":""},"categories":[31,38,62],"tags":[],"class_list":["post-4453","post","type-post","status-publish","format-standard","has-post-thumbnail","hentry","category-agression","category-finistere","category-revue-de-presse"],"relative_dates":{"created":"10 mois ago","modified":"10 mois ago"},"yoast_head":"<!-- This site is optimized with the Yoast SEO plugin v26.3 - https:\/\/yoast.com\/wordpress\/plugins\/seo\/ -->\n<title>Brest : dans le quartier multiculturel de Bellevue, un adolescent \u00e0 trottinette poignarde un homme au poumon sans explication - STOURM<\/title>\n<meta name=\"robots\" content=\"index, follow, max-snippet:-1, max-image-preview:large, max-video-preview:-1\" \/>\n<link rel=\"canonical\" href=\"https:\/\/stourm.news\/?p=4453\" \/>\n<meta property=\"og:locale\" content=\"fr_FR\" \/>\n<meta property=\"og:type\" content=\"article\" \/>\n<meta property=\"og:title\" content=\"Brest : dans le quartier multiculturel de Bellevue, un adolescent \u00e0 trottinette poignarde un homme au poumon sans explication - STOURM\" \/>\n<meta property=\"og:description\" content=\"Le 24 juin 2025, \u00e0 Brest, dans le quartier de Bellevue, un homme de 41 ans a \u00e9t\u00e9 victime d\u2019une agression violente rue du Dauphin\u00e9, rapporte Ouest-France. Alors qu\u2019il circulait \u00e0 v\u00e9lo en direction d\u2019un bureau de tabac, il a crois\u00e9 un adolescent de 14 ans en trottinette qui lui a bloqu\u00e9 le passage, l\u2019obligeant [&hellip;]\" \/>\n<meta property=\"og:url\" content=\"https:\/\/stourm.news\/?p=4453\" \/>\n<meta property=\"og:site_name\" content=\"STOURM\" \/>\n<meta property=\"article:publisher\" content=\"https:\/\/www.facebook.com\/stourmnews\/\" \/>\n<meta property=\"article:published_time\" content=\"2025-07-18T09:26:59+00:00\" \/>\n<meta property=\"og:image\" content=\"https:\/\/stourm.news\/wp-content\/uploads\/2025\/07\/6629345866f629245332c417.webp\" \/>\n\t<meta property=\"og:image:width\" content=\"1200\" \/>\n\t<meta property=\"og:image:height\" content=\"750\" \/>\n\t<meta property=\"og:image:type\" content=\"image\/webp\" \/>\n<meta name=\"author\" content=\"La r\u00e9daction\" \/>\n<meta name=\"twitter:card\" content=\"summary_large_image\" \/>\n<meta name=\"twitter:label1\" content=\"\u00c9crit par\" \/>\n\t<meta name=\"twitter:data1\" content=\"La r\u00e9daction\" \/>\n\t<meta name=\"twitter:label2\" content=\"Dur\u00e9e de lecture estim\u00e9e\" \/>\n\t<meta name=\"twitter:data2\" content=\"2 minutes\" \/>\n<script type=\"application\/ld+json\" class=\"yoast-schema-graph\">{\"@context\":\"https:\/\/schema.org\",\"@graph\":[{\"@type\":\"Article\",\"@id\":\"https:\/\/stourm.news\/?p=4453#article\",\"isPartOf\":{\"@id\":\"https:\/\/stourm.news\/?p=4453\"},\"author\":{\"name\":\"La r\u00e9daction\",\"@id\":\"https:\/\/stourm.news\/#\/schema\/person\/c3e1dc65988632e190969234ef046cf9\"},\"headline\":\"Brest : dans le quartier multiculturel de Bellevue, un adolescent \u00e0 trottinette poignarde un homme au poumon sans explication\",\"datePublished\":\"2025-07-18T09:26:59+00:00\",\"mainEntityOfPage\":{\"@id\":\"https:\/\/stourm.news\/?p=4453\"},\"wordCount\":228,\"commentCount\":0,\"publisher\":{\"@id\":\"https:\/\/stourm.news\/#organization\"},\"image\":{\"@id\":\"https:\/\/stourm.news\/?p=4453#primaryimage\"},\"thumbnailUrl\":\"https:\/\/stourm.news\/wp-content\/uploads\/2025\/07\/6629345866f629245332c417.webp\",\"articleSection\":[\"Agression\",\"Finist\u00e8re\",\"Revue de presse\"],\"inLanguage\":\"fr-FR\",\"potentialAction\":[{\"@type\":\"CommentAction\",\"name\":\"Comment\",\"target\":[\"https:\/\/stourm.news\/?p=4453#respond\"]}]},{\"@type\":\"WebPage\",\"@id\":\"https:\/\/stourm.news\/?p=4453\",\"url\":\"https:\/\/stourm.news\/?p=4453\",\"name\":\"Brest : dans le quartier multiculturel de Bellevue, un adolescent \u00e0 trottinette poignarde un homme au poumon sans explication - STOURM\",\"isPartOf\":{\"@id\":\"https:\/\/stourm.news\/#website\"},\"primaryImageOfPage\":{\"@id\":\"https:\/\/stourm.news\/?p=4453#primaryimage\"},\"image\":{\"@id\":\"https:\/\/stourm.news\/?p=4453#primaryimage\"},\"thumbnailUrl\":\"https:\/\/stourm.news\/wp-content\/uploads\/2025\/07\/6629345866f629245332c417.webp\",\"datePublished\":\"2025-07-18T09:26:59+00:00\",\"breadcrumb\":{\"@id\":\"https:\/\/stourm.news\/?p=4453#breadcrumb\"},\"inLanguage\":\"fr-FR\",\"potentialAction\":[{\"@type\":\"ReadAction\",\"target\":[\"https:\/\/stourm.news\/?p=4453\"]}]},{\"@type\":\"ImageObject\",\"inLanguage\":\"fr-FR\",\"@id\":\"https:\/\/stourm.news\/?p=4453#primaryimage\",\"url\":\"https:\/\/stourm.news\/wp-content\/uploads\/2025\/07\/6629345866f629245332c417.webp\",\"contentUrl\":\"https:\/\/stourm.news\/wp-content\/uploads\/2025\/07\/6629345866f629245332c417.webp\",\"width\":1200,\"height\":750},{\"@type\":\"BreadcrumbList\",\"@id\":\"https:\/\/stourm.news\/?p=4453#breadcrumb\",\"itemListElement\":[{\"@type\":\"ListItem\",\"position\":1,\"name\":\"Accueil\",\"item\":\"https:\/\/stourm.news\/\"},{\"@type\":\"ListItem\",\"position\":2,\"name\":\"Brest : dans le quartier multiculturel de Bellevue, un adolescent \u00e0 trottinette poignarde un homme au poumon sans explication\"}]},{\"@type\":\"WebSite\",\"@id\":\"https:\/\/stourm.news\/#website\",\"url\":\"https:\/\/stourm.news\/\",\"name\":\"Stourm\",\"description\":\"Kazetenn Strollad Broadel Breizh\",\"publisher\":{\"@id\":\"https:\/\/stourm.news\/#organization\"},\"potentialAction\":[{\"@type\":\"SearchAction\",\"target\":{\"@type\":\"EntryPoint\",\"urlTemplate\":\"https:\/\/stourm.news\/?s={search_term_string}\"},\"query-input\":{\"@type\":\"PropertyValueSpecification\",\"valueRequired\":true,\"valueName\":\"search_term_string\"}}],\"inLanguage\":\"fr-FR\"},{\"@type\":\"Organization\",\"@id\":\"https:\/\/stourm.news\/#organization\",\"name\":\"Stourm\",\"url\":\"https:\/\/stourm.news\/\",\"logo\":{\"@type\":\"ImageObject\",\"inLanguage\":\"fr-FR\",\"@id\":\"https:\/\/stourm.news\/#\/schema\/logo\/image\/\",\"url\":\"https:\/\/stourm.news\/wp-content\/uploads\/2025\/11\/cropped-Capture-decran-2025-11-28-a-15.19.07.png\",\"contentUrl\":\"https:\/\/stourm.news\/wp-content\/uploads\/2025\/11\/cropped-Capture-decran-2025-11-28-a-15.19.07.png\",\"width\":1855,\"height\":383,\"caption\":\"Stourm\"},\"image\":{\"@id\":\"https:\/\/stourm.news\/#\/schema\/logo\/image\/\"},\"sameAs\":[\"https:\/\/www.facebook.com\/stourmnews\/\"]},{\"@type\":\"Person\",\"@id\":\"https:\/\/stourm.news\/#\/schema\/person\/c3e1dc65988632e190969234ef046cf9\",\"name\":\"La r\u00e9daction\",\"image\":{\"@type\":\"ImageObject\",\"inLanguage\":\"fr-FR\",\"@id\":\"https:\/\/stourm.news\/#\/schema\/person\/image\/\",\"url\":\"https:\/\/secure.gravatar.com\/avatar\/7463443f194b6b5fb706b074ca0ef59a0cfcfd720cb47764b0ec5a952ce422b3?s=96&d=mm&r=g\",\"contentUrl\":\"https:\/\/secure.gravatar.com\/avatar\/7463443f194b6b5fb706b074ca0ef59a0cfcfd720cb47764b0ec5a952ce422b3?s=96&d=mm&r=g\",\"caption\":\"La r\u00e9daction\"},\"sameAs\":[\"https:\/\/stourm.news\"],\"url\":\"https:\/\/stourm.news\/?author=1\"}]}<\/script>\n<!-- \/ Yoast SEO plugin. -->","yoast_head_json":{"title":"Brest : dans le quartier multiculturel de Bellevue, un adolescent \u00e0 trottinette poignarde un homme au poumon sans explication - STOURM","robots":{"index":"index","follow":"follow","max-snippet":"max-snippet:-1","max-image-preview":"max-image-preview:large","max-video-preview":"max-video-preview:-1"},"canonical":"https:\/\/stourm.news\/?p=4453","og_locale":"fr_FR","og_type":"article","og_title":"Brest : dans le quartier multiculturel de Bellevue, un adolescent \u00e0 trottinette poignarde un homme au poumon sans explication - STOURM","og_description":"Le 24 juin 2025, \u00e0 Brest, dans le quartier de Bellevue, un homme de 41 ans a \u00e9t\u00e9 victime d\u2019une agression violente rue du Dauphin\u00e9, rapporte Ouest-France. Alors qu\u2019il circulait \u00e0 v\u00e9lo en direction d\u2019un bureau de tabac, il a crois\u00e9 un adolescent de 14 ans en trottinette qui lui a bloqu\u00e9 le passage, l\u2019obligeant [&hellip;]","og_url":"https:\/\/stourm.news\/?p=4453","og_site_name":"STOURM","article_publisher":"https:\/\/www.facebook.com\/stourmnews\/","article_published_time":"2025-07-18T09:26:59+00:00","og_image":[{"width":1200,"height":750,"url":"https:\/\/stourm.news\/wp-content\/uploads\/2025\/07\/6629345866f629245332c417.webp","type":"image\/webp"}],"author":"La r\u00e9daction","twitter_card":"summary_large_image","twitter_misc":{"\u00c9crit par":"La r\u00e9daction","Dur\u00e9e de lecture estim\u00e9e":"2 minutes"},"schema":{"@context":"https:\/\/schema.org","@graph":[{"@type":"Article","@id":"https:\/\/stourm.news\/?p=4453#article","isPartOf":{"@id":"https:\/\/stourm.news\/?p=4453"},"author":{"name":"La r\u00e9daction","@id":"https:\/\/stourm.news\/#\/schema\/person\/c3e1dc65988632e190969234ef046cf9"},"headline":"Brest : dans le quartier multiculturel de Bellevue, un adolescent \u00e0 trottinette poignarde un homme au poumon sans explication","datePublished":"2025-07-18T09:26:59+00:00","mainEntityOfPage":{"@id":"https:\/\/stourm.news\/?p=4453"},"wordCount":228,"commentCount":0,"publisher":{"@id":"https:\/\/stourm.news\/#organization"},"image":{"@id":"https:\/\/stourm.news\/?p=4453#primaryimage"},"thumbnailUrl":"https:\/\/stourm.news\/wp-content\/uploads\/2025\/07\/6629345866f629245332c417.webp","articleSection":["Agression","Finist\u00e8re","Revue de presse"],"inLanguage":"fr-FR","potentialAction":[{"@type":"CommentAction","name":"Comment","target":["https:\/\/stourm.news\/?p=4453#respond"]}]},{"@type":"WebPage","@id":"https:\/\/stourm.news\/?p=4453","url":"https:\/\/stourm.news\/?p=4453","name":"Brest : dans le quartier multiculturel de Bellevue, un adolescent \u00e0 trottinette poignarde un homme au poumon sans explication - STOURM","isPartOf":{"@id":"https:\/\/stourm.news\/#website"},"primaryImageOfPage":{"@id":"https:\/\/stourm.news\/?p=4453#primaryimage"},"image":{"@id":"https:\/\/stourm.news\/?p=4453#primaryimage"},"thumbnailUrl":"https:\/\/stourm.news\/wp-content\/uploads\/2025\/07\/6629345866f629245332c417.webp","datePublished":"2025-07-18T09:26:59+00:00","breadcrumb":{"@id":"https:\/\/stourm.news\/?p=4453#breadcrumb"},"inLanguage":"fr-FR","potentialAction":[{"@type":"ReadAction","target":["https:\/\/stourm.news\/?p=4453"]}]},{"@type":"ImageObject","inLanguage":"fr-FR","@id":"https:\/\/stourm.news\/?p=4453#primaryimage","url":"https:\/\/stourm.news\/wp-content\/uploads\/2025\/07\/6629345866f629245332c417.webp","contentUrl":"https:\/\/stourm.news\/wp-content\/uploads\/2025\/07\/6629345866f629245332c417.webp","width":1200,"height":750},{"@type":"BreadcrumbList","@id":"https:\/\/stourm.news\/?p=4453#breadcrumb","itemListElement":[{"@type":"ListItem","position":1,"name":"Accueil","item":"https:\/\/stourm.news\/"},{"@type":"ListItem","position":2,"name":"Brest : dans le quartier multiculturel de Bellevue, un adolescent \u00e0 trottinette poignarde un homme au poumon sans explication"}]},{"@type":"WebSite","@id":"https:\/\/stourm.news\/#website","url":"https:\/\/stourm.news\/","name":"Stourm","description":"Kazetenn Strollad Broadel Breizh","publisher":{"@id":"https:\/\/stourm.news\/#organization"},"potentialAction":[{"@type":"SearchAction","target":{"@type":"EntryPoint","urlTemplate":"https:\/\/stourm.news\/?s={search_term_string}"},"query-input":{"@type":"PropertyValueSpecification","valueRequired":true,"valueName":"search_term_string"}}],"inLanguage":"fr-FR"},{"@type":"Organization","@id":"https:\/\/stourm.news\/#organization","name":"Stourm","url":"https:\/\/stourm.news\/","logo":{"@type":"ImageObject","inLanguage":"fr-FR","@id":"https:\/\/stourm.news\/#\/schema\/logo\/image\/","url":"https:\/\/stourm.news\/wp-content\/uploads\/2025\/11\/cropped-Capture-decran-2025-11-28-a-15.19.07.png","contentUrl":"https:\/\/stourm.news\/wp-content\/uploads\/2025\/11\/cropped-Capture-decran-2025-11-28-a-15.19.07.png","width":1855,"height":383,"caption":"Stourm"},"image":{"@id":"https:\/\/stourm.news\/#\/schema\/logo\/image\/"},"sameAs":["https:\/\/www.facebook.com\/stourmnews\/"]},{"@type":"Person","@id":"https:\/\/stourm.news\/#\/schema\/person\/c3e1dc65988632e190969234ef046cf9","name":"La r\u00e9daction","image":{"@type":"ImageObject","inLanguage":"fr-FR","@id":"https:\/\/stourm.news\/#\/schema\/person\/image\/","url":"https:\/\/secure.gravatar.com\/avatar\/7463443f194b6b5fb706b074ca0ef59a0cfcfd720cb47764b0ec5a952ce422b3?s=96&d=mm&r=g","contentUrl":"https:\/\/secure.gravatar.com\/avatar\/7463443f194b6b5fb706b074ca0ef59a0cfcfd720cb47764b0ec5a952ce422b3?s=96&d=mm&r=g","caption":"La r\u00e9daction"},"sameAs":["https:\/\/stourm.news"],"url":"https:\/\/stourm.news\/?author=1"}]}},"_links":{"self":[{"href":"https:\/\/stourm.news\/index.php?rest_route=\/wp\/v2\/posts\/4453","targetHints":{"allow":["GET"]}}],"collection":[{"href":"https:\/\/stourm.news\/index.php?rest_route=\/wp\/v2\/posts"}],"about":[{"href":"https:\/\/stourm.news\/index.php?rest_route=\/wp\/v2\/types\/post"}],"author":[{"embeddable":true,"href":"https:\/\/stourm.news\/index.php?rest_route=\/wp\/v2\/users\/1"}],"replies":[{"embeddable":true,"href":"https:\/\/stourm.news\/index.php?rest_route=%2Fwp%2Fv2%2Fcomments&post=4453"}],"version-history":[{"count":1,"href":"https:\/\/stourm.news\/index.php?rest_route=\/wp\/v2\/posts\/4453\/revisions"}],"predecessor-version":[{"id":4455,"href":"https:\/\/stourm.news\/index.php?rest_route=\/wp\/v2\/posts\/4453\/revisions\/4455"}],"wp:featuredmedia":[{"embeddable":true,"href":"https:\/\/stourm.news\/index.php?rest_route=\/wp\/v2\/media\/4454"}],"wp:attachment":[{"href":"https:\/\/stourm.news\/index.php?rest_route=%2Fwp%2Fv2%2Fmedia&parent=4453"}],"wp:term":[{"taxonomy":"category","embeddable":true,"href":"https:\/\/stourm.news\/index.php?rest_route=%2Fwp%2Fv2%2Fcategories&post=4453"},{"taxonomy":"post_tag","embeddable":true,"href":"https:\/\/stourm.news\/index.php?rest_route=%2Fwp%2Fv2%2Ftags&post=4453"}],"curies":[{"name":"wp","href":"https:\/\/api.w.org\/{rel}","templated":true}]}}