{"id":4459,"date":"2025-07-18T09:45:03","date_gmt":"2025-07-18T09:45:03","guid":{"rendered":"https:\/\/stourm.news\/?p=4459"},"modified":"2025-07-18T09:45:03","modified_gmt":"2025-07-18T09:45:03","slug":"le-drapeau-de-letat-ducal-de-bretagne-flotte-a-nouveau-sur-le-chateau-de-brest","status":"publish","type":"post","link":"https:\/\/stourm.news\/?p=4459","title":{"rendered":"Le drapeau de l&rsquo;\u00c9tat ducal de Bretagne flotte \u00e0 nouveau sur le ch\u00e2teau de Brest"},"content":{"rendered":"<p style=\"text-align: justify;\">Depuis le 15 juillet 2025, le pavillon d\u2019hermines, symbole historique du Duch\u00e9 de Bretagne, a \u00e9t\u00e9 r\u00e9install\u00e9 sur le Ravelin du ch\u00e2teau de Brest, \u00e0 l\u2019initiative du Mus\u00e9e de la Marine, rapporte <strong><a href=\"https:\/\/www.letelegramme.fr\/finistere\/brest-29200\/le-drapeau-hermine-reapparait-sur-le-chateau-de-brest-6856412.php\">Le T\u00e9l\u00e9gramme<\/a><\/strong>.<\/p>\n<p style=\"text-align: justify;\">Ce drapeau, repr\u00e9sentant le champ d\u2019hermines utilis\u00e9 d\u00e8s le XIVe si\u00e8cle sur les navires bretons, rend hommage \u00e0 l\u2019histoire m\u00e9di\u00e9vale du ch\u00e2teau, ancien si\u00e8ge de l\u2019autorit\u00e9 ducale bretonne. Visible par les visiteurs et le personnel de la pr\u00e9fecture, il r\u00e9affirme le r\u00f4le central de cet \u00e9difice, le plus ancien ensemble architectural de Brest, dans l\u2019histoire de la nation bretonne.<\/p>\n<p style=\"text-align: justify;\">Cette initiative s\u2019inscrit dans une d\u00e9marche de valorisation du patrimoine breton, rappelant l\u2019importance de l&rsquo;\u00c9tat breton lors de l&rsquo;ind\u00e9pendance du Duch\u00e9 de Bretagne.<\/p>\n<p style=\"text-align: right;\"><strong>Olier Kerdrel<\/strong><\/p>\n","protected":false},"excerpt":{"rendered":"<p>Depuis le 15 juillet 2025, le pavillon d\u2019hermines, symbole historique du Duch\u00e9 de Bretagne, a \u00e9t\u00e9 r\u00e9install\u00e9 sur le Ravelin du ch\u00e2teau de Brest, \u00e0 l\u2019initiative du Mus\u00e9e de la Marine, rapporte Le T\u00e9l\u00e9gramme. Ce drapeau, repr\u00e9sentant le champ d\u2019hermines utilis\u00e9 d\u00e8s le XIVe si\u00e8cle sur les navires bretons, rend hommage \u00e0 l\u2019histoire m\u00e9di\u00e9vale du [&hellip;]<\/p>\n","protected":false},"author":1,"featured_media":4460,"comment_status":"open","ping_status":"open","sticky":false,"template":"","format":"standard","meta":{"sb_editor_width":"","footnotes":""},"categories":[58,50,65],"tags":[],"class_list":["post-4459","post","type-post","status-publish","format-standard","has-post-thumbnail","hentry","category-breizh","category-histoire-de-bretagne","category-principale"],"relative_dates":{"created":"10 mois ago","modified":"10 mois ago"},"yoast_head":"<!-- This site is optimized with the Yoast SEO plugin v26.3 - https:\/\/yoast.com\/wordpress\/plugins\/seo\/ -->\n<title>Le drapeau de l&#039;\u00c9tat ducal de Bretagne flotte \u00e0 nouveau sur le ch\u00e2teau de Brest - STOURM<\/title>\n<meta name=\"robots\" content=\"index, follow, max-snippet:-1, max-image-preview:large, max-video-preview:-1\" \/>\n<link rel=\"canonical\" href=\"https:\/\/stourm.news\/?p=4459\" \/>\n<meta property=\"og:locale\" content=\"fr_FR\" \/>\n<meta property=\"og:type\" content=\"article\" \/>\n<meta property=\"og:title\" content=\"Le drapeau de l&#039;\u00c9tat ducal de Bretagne flotte \u00e0 nouveau sur le ch\u00e2teau de Brest - STOURM\" \/>\n<meta property=\"og:description\" content=\"Depuis le 15 juillet 2025, le pavillon d\u2019hermines, symbole historique du Duch\u00e9 de Bretagne, a \u00e9t\u00e9 r\u00e9install\u00e9 sur le Ravelin du ch\u00e2teau de Brest, \u00e0 l\u2019initiative du Mus\u00e9e de la Marine, rapporte Le T\u00e9l\u00e9gramme. Ce drapeau, repr\u00e9sentant le champ d\u2019hermines utilis\u00e9 d\u00e8s le XIVe si\u00e8cle sur les navires bretons, rend hommage \u00e0 l\u2019histoire m\u00e9di\u00e9vale du [&hellip;]\" \/>\n<meta property=\"og:url\" content=\"https:\/\/stourm.news\/?p=4459\" \/>\n<meta property=\"og:site_name\" content=\"STOURM\" \/>\n<meta property=\"article:publisher\" content=\"https:\/\/www.facebook.com\/stourmnews\/\" \/>\n<meta property=\"article:published_time\" content=\"2025-07-18T09:45:03+00:00\" \/>\n<meta property=\"og:image\" content=\"https:\/\/stourm.news\/wp-content\/uploads\/2025\/07\/6877986a4533f6dffd0428e3.webp\" \/>\n\t<meta property=\"og:image:width\" content=\"1200\" \/>\n\t<meta property=\"og:image:height\" content=\"750\" \/>\n\t<meta property=\"og:image:type\" content=\"image\/webp\" \/>\n<meta name=\"author\" content=\"La r\u00e9daction\" \/>\n<meta name=\"twitter:card\" content=\"summary_large_image\" \/>\n<meta name=\"twitter:label1\" content=\"\u00c9crit par\" \/>\n\t<meta name=\"twitter:data1\" content=\"La r\u00e9daction\" \/>\n\t<meta name=\"twitter:label2\" content=\"Dur\u00e9e de lecture estim\u00e9e\" \/>\n\t<meta name=\"twitter:data2\" content=\"1 minute\" \/>\n<script type=\"application\/ld+json\" class=\"yoast-schema-graph\">{\"@context\":\"https:\/\/schema.org\",\"@graph\":[{\"@type\":\"Article\",\"@id\":\"https:\/\/stourm.news\/?p=4459#article\",\"isPartOf\":{\"@id\":\"https:\/\/stourm.news\/?p=4459\"},\"author\":{\"name\":\"La r\u00e9daction\",\"@id\":\"https:\/\/stourm.news\/#\/schema\/person\/c3e1dc65988632e190969234ef046cf9\"},\"headline\":\"Le drapeau de l&rsquo;\u00c9tat ducal de Bretagne flotte \u00e0 nouveau sur le ch\u00e2teau de Brest\",\"datePublished\":\"2025-07-18T09:45:03+00:00\",\"mainEntityOfPage\":{\"@id\":\"https:\/\/stourm.news\/?p=4459\"},\"wordCount\":157,\"commentCount\":0,\"publisher\":{\"@id\":\"https:\/\/stourm.news\/#organization\"},\"image\":{\"@id\":\"https:\/\/stourm.news\/?p=4459#primaryimage\"},\"thumbnailUrl\":\"https:\/\/stourm.news\/wp-content\/uploads\/2025\/07\/6877986a4533f6dffd0428e3.webp\",\"articleSection\":[\"Breizh\",\"Histoire de Bretagne\",\"Principale\"],\"inLanguage\":\"fr-FR\",\"potentialAction\":[{\"@type\":\"CommentAction\",\"name\":\"Comment\",\"target\":[\"https:\/\/stourm.news\/?p=4459#respond\"]}]},{\"@type\":\"WebPage\",\"@id\":\"https:\/\/stourm.news\/?p=4459\",\"url\":\"https:\/\/stourm.news\/?p=4459\",\"name\":\"Le drapeau de l'\u00c9tat ducal de Bretagne flotte \u00e0 nouveau sur le ch\u00e2teau de Brest - STOURM\",\"isPartOf\":{\"@id\":\"https:\/\/stourm.news\/#website\"},\"primaryImageOfPage\":{\"@id\":\"https:\/\/stourm.news\/?p=4459#primaryimage\"},\"image\":{\"@id\":\"https:\/\/stourm.news\/?p=4459#primaryimage\"},\"thumbnailUrl\":\"https:\/\/stourm.news\/wp-content\/uploads\/2025\/07\/6877986a4533f6dffd0428e3.webp\",\"datePublished\":\"2025-07-18T09:45:03+00:00\",\"breadcrumb\":{\"@id\":\"https:\/\/stourm.news\/?p=4459#breadcrumb\"},\"inLanguage\":\"fr-FR\",\"potentialAction\":[{\"@type\":\"ReadAction\",\"target\":[\"https:\/\/stourm.news\/?p=4459\"]}]},{\"@type\":\"ImageObject\",\"inLanguage\":\"fr-FR\",\"@id\":\"https:\/\/stourm.news\/?p=4459#primaryimage\",\"url\":\"https:\/\/stourm.news\/wp-content\/uploads\/2025\/07\/6877986a4533f6dffd0428e3.webp\",\"contentUrl\":\"https:\/\/stourm.news\/wp-content\/uploads\/2025\/07\/6877986a4533f6dffd0428e3.webp\",\"width\":1200,\"height\":750},{\"@type\":\"BreadcrumbList\",\"@id\":\"https:\/\/stourm.news\/?p=4459#breadcrumb\",\"itemListElement\":[{\"@type\":\"ListItem\",\"position\":1,\"name\":\"Accueil\",\"item\":\"https:\/\/stourm.news\/\"},{\"@type\":\"ListItem\",\"position\":2,\"name\":\"Le drapeau de l&rsquo;\u00c9tat ducal de Bretagne flotte \u00e0 nouveau sur le ch\u00e2teau de Brest\"}]},{\"@type\":\"WebSite\",\"@id\":\"https:\/\/stourm.news\/#website\",\"url\":\"https:\/\/stourm.news\/\",\"name\":\"Stourm\",\"description\":\"Kazetenn Strollad Broadel Breizh\",\"publisher\":{\"@id\":\"https:\/\/stourm.news\/#organization\"},\"potentialAction\":[{\"@type\":\"SearchAction\",\"target\":{\"@type\":\"EntryPoint\",\"urlTemplate\":\"https:\/\/stourm.news\/?s={search_term_string}\"},\"query-input\":{\"@type\":\"PropertyValueSpecification\",\"valueRequired\":true,\"valueName\":\"search_term_string\"}}],\"inLanguage\":\"fr-FR\"},{\"@type\":\"Organization\",\"@id\":\"https:\/\/stourm.news\/#organization\",\"name\":\"Stourm\",\"url\":\"https:\/\/stourm.news\/\",\"logo\":{\"@type\":\"ImageObject\",\"inLanguage\":\"fr-FR\",\"@id\":\"https:\/\/stourm.news\/#\/schema\/logo\/image\/\",\"url\":\"https:\/\/stourm.news\/wp-content\/uploads\/2025\/11\/cropped-Capture-decran-2025-11-28-a-15.19.07.png\",\"contentUrl\":\"https:\/\/stourm.news\/wp-content\/uploads\/2025\/11\/cropped-Capture-decran-2025-11-28-a-15.19.07.png\",\"width\":1855,\"height\":383,\"caption\":\"Stourm\"},\"image\":{\"@id\":\"https:\/\/stourm.news\/#\/schema\/logo\/image\/\"},\"sameAs\":[\"https:\/\/www.facebook.com\/stourmnews\/\"]},{\"@type\":\"Person\",\"@id\":\"https:\/\/stourm.news\/#\/schema\/person\/c3e1dc65988632e190969234ef046cf9\",\"name\":\"La r\u00e9daction\",\"image\":{\"@type\":\"ImageObject\",\"inLanguage\":\"fr-FR\",\"@id\":\"https:\/\/stourm.news\/#\/schema\/person\/image\/\",\"url\":\"https:\/\/secure.gravatar.com\/avatar\/7463443f194b6b5fb706b074ca0ef59a0cfcfd720cb47764b0ec5a952ce422b3?s=96&d=mm&r=g\",\"contentUrl\":\"https:\/\/secure.gravatar.com\/avatar\/7463443f194b6b5fb706b074ca0ef59a0cfcfd720cb47764b0ec5a952ce422b3?s=96&d=mm&r=g\",\"caption\":\"La r\u00e9daction\"},\"sameAs\":[\"https:\/\/stourm.news\"],\"url\":\"https:\/\/stourm.news\/?author=1\"}]}<\/script>\n<!-- \/ Yoast SEO plugin. -->","yoast_head_json":{"title":"Le drapeau de l'\u00c9tat ducal de Bretagne flotte \u00e0 nouveau sur le ch\u00e2teau de Brest - STOURM","robots":{"index":"index","follow":"follow","max-snippet":"max-snippet:-1","max-image-preview":"max-image-preview:large","max-video-preview":"max-video-preview:-1"},"canonical":"https:\/\/stourm.news\/?p=4459","og_locale":"fr_FR","og_type":"article","og_title":"Le drapeau de l'\u00c9tat ducal de Bretagne flotte \u00e0 nouveau sur le ch\u00e2teau de Brest - STOURM","og_description":"Depuis le 15 juillet 2025, le pavillon d\u2019hermines, symbole historique du Duch\u00e9 de Bretagne, a \u00e9t\u00e9 r\u00e9install\u00e9 sur le Ravelin du ch\u00e2teau de Brest, \u00e0 l\u2019initiative du Mus\u00e9e de la Marine, rapporte Le T\u00e9l\u00e9gramme. Ce drapeau, repr\u00e9sentant le champ d\u2019hermines utilis\u00e9 d\u00e8s le XIVe si\u00e8cle sur les navires bretons, rend hommage \u00e0 l\u2019histoire m\u00e9di\u00e9vale du [&hellip;]","og_url":"https:\/\/stourm.news\/?p=4459","og_site_name":"STOURM","article_publisher":"https:\/\/www.facebook.com\/stourmnews\/","article_published_time":"2025-07-18T09:45:03+00:00","og_image":[{"width":1200,"height":750,"url":"https:\/\/stourm.news\/wp-content\/uploads\/2025\/07\/6877986a4533f6dffd0428e3.webp","type":"image\/webp"}],"author":"La r\u00e9daction","twitter_card":"summary_large_image","twitter_misc":{"\u00c9crit par":"La r\u00e9daction","Dur\u00e9e de lecture estim\u00e9e":"1 minute"},"schema":{"@context":"https:\/\/schema.org","@graph":[{"@type":"Article","@id":"https:\/\/stourm.news\/?p=4459#article","isPartOf":{"@id":"https:\/\/stourm.news\/?p=4459"},"author":{"name":"La r\u00e9daction","@id":"https:\/\/stourm.news\/#\/schema\/person\/c3e1dc65988632e190969234ef046cf9"},"headline":"Le drapeau de l&rsquo;\u00c9tat ducal de Bretagne flotte \u00e0 nouveau sur le ch\u00e2teau de Brest","datePublished":"2025-07-18T09:45:03+00:00","mainEntityOfPage":{"@id":"https:\/\/stourm.news\/?p=4459"},"wordCount":157,"commentCount":0,"publisher":{"@id":"https:\/\/stourm.news\/#organization"},"image":{"@id":"https:\/\/stourm.news\/?p=4459#primaryimage"},"thumbnailUrl":"https:\/\/stourm.news\/wp-content\/uploads\/2025\/07\/6877986a4533f6dffd0428e3.webp","articleSection":["Breizh","Histoire de Bretagne","Principale"],"inLanguage":"fr-FR","potentialAction":[{"@type":"CommentAction","name":"Comment","target":["https:\/\/stourm.news\/?p=4459#respond"]}]},{"@type":"WebPage","@id":"https:\/\/stourm.news\/?p=4459","url":"https:\/\/stourm.news\/?p=4459","name":"Le drapeau de l'\u00c9tat ducal de Bretagne flotte \u00e0 nouveau sur le ch\u00e2teau de Brest - STOURM","isPartOf":{"@id":"https:\/\/stourm.news\/#website"},"primaryImageOfPage":{"@id":"https:\/\/stourm.news\/?p=4459#primaryimage"},"image":{"@id":"https:\/\/stourm.news\/?p=4459#primaryimage"},"thumbnailUrl":"https:\/\/stourm.news\/wp-content\/uploads\/2025\/07\/6877986a4533f6dffd0428e3.webp","datePublished":"2025-07-18T09:45:03+00:00","breadcrumb":{"@id":"https:\/\/stourm.news\/?p=4459#breadcrumb"},"inLanguage":"fr-FR","potentialAction":[{"@type":"ReadAction","target":["https:\/\/stourm.news\/?p=4459"]}]},{"@type":"ImageObject","inLanguage":"fr-FR","@id":"https:\/\/stourm.news\/?p=4459#primaryimage","url":"https:\/\/stourm.news\/wp-content\/uploads\/2025\/07\/6877986a4533f6dffd0428e3.webp","contentUrl":"https:\/\/stourm.news\/wp-content\/uploads\/2025\/07\/6877986a4533f6dffd0428e3.webp","width":1200,"height":750},{"@type":"BreadcrumbList","@id":"https:\/\/stourm.news\/?p=4459#breadcrumb","itemListElement":[{"@type":"ListItem","position":1,"name":"Accueil","item":"https:\/\/stourm.news\/"},{"@type":"ListItem","position":2,"name":"Le drapeau de l&rsquo;\u00c9tat ducal de Bretagne flotte \u00e0 nouveau sur le ch\u00e2teau de Brest"}]},{"@type":"WebSite","@id":"https:\/\/stourm.news\/#website","url":"https:\/\/stourm.news\/","name":"Stourm","description":"Kazetenn Strollad Broadel Breizh","publisher":{"@id":"https:\/\/stourm.news\/#organization"},"potentialAction":[{"@type":"SearchAction","target":{"@type":"EntryPoint","urlTemplate":"https:\/\/stourm.news\/?s={search_term_string}"},"query-input":{"@type":"PropertyValueSpecification","valueRequired":true,"valueName":"search_term_string"}}],"inLanguage":"fr-FR"},{"@type":"Organization","@id":"https:\/\/stourm.news\/#organization","name":"Stourm","url":"https:\/\/stourm.news\/","logo":{"@type":"ImageObject","inLanguage":"fr-FR","@id":"https:\/\/stourm.news\/#\/schema\/logo\/image\/","url":"https:\/\/stourm.news\/wp-content\/uploads\/2025\/11\/cropped-Capture-decran-2025-11-28-a-15.19.07.png","contentUrl":"https:\/\/stourm.news\/wp-content\/uploads\/2025\/11\/cropped-Capture-decran-2025-11-28-a-15.19.07.png","width":1855,"height":383,"caption":"Stourm"},"image":{"@id":"https:\/\/stourm.news\/#\/schema\/logo\/image\/"},"sameAs":["https:\/\/www.facebook.com\/stourmnews\/"]},{"@type":"Person","@id":"https:\/\/stourm.news\/#\/schema\/person\/c3e1dc65988632e190969234ef046cf9","name":"La r\u00e9daction","image":{"@type":"ImageObject","inLanguage":"fr-FR","@id":"https:\/\/stourm.news\/#\/schema\/person\/image\/","url":"https:\/\/secure.gravatar.com\/avatar\/7463443f194b6b5fb706b074ca0ef59a0cfcfd720cb47764b0ec5a952ce422b3?s=96&d=mm&r=g","contentUrl":"https:\/\/secure.gravatar.com\/avatar\/7463443f194b6b5fb706b074ca0ef59a0cfcfd720cb47764b0ec5a952ce422b3?s=96&d=mm&r=g","caption":"La r\u00e9daction"},"sameAs":["https:\/\/stourm.news"],"url":"https:\/\/stourm.news\/?author=1"}]}},"_links":{"self":[{"href":"https:\/\/stourm.news\/index.php?rest_route=\/wp\/v2\/posts\/4459","targetHints":{"allow":["GET"]}}],"collection":[{"href":"https:\/\/stourm.news\/index.php?rest_route=\/wp\/v2\/posts"}],"about":[{"href":"https:\/\/stourm.news\/index.php?rest_route=\/wp\/v2\/types\/post"}],"author":[{"embeddable":true,"href":"https:\/\/stourm.news\/index.php?rest_route=\/wp\/v2\/users\/1"}],"replies":[{"embeddable":true,"href":"https:\/\/stourm.news\/index.php?rest_route=%2Fwp%2Fv2%2Fcomments&post=4459"}],"version-history":[{"count":1,"href":"https:\/\/stourm.news\/index.php?rest_route=\/wp\/v2\/posts\/4459\/revisions"}],"predecessor-version":[{"id":4461,"href":"https:\/\/stourm.news\/index.php?rest_route=\/wp\/v2\/posts\/4459\/revisions\/4461"}],"wp:featuredmedia":[{"embeddable":true,"href":"https:\/\/stourm.news\/index.php?rest_route=\/wp\/v2\/media\/4460"}],"wp:attachment":[{"href":"https:\/\/stourm.news\/index.php?rest_route=%2Fwp%2Fv2%2Fmedia&parent=4459"}],"wp:term":[{"taxonomy":"category","embeddable":true,"href":"https:\/\/stourm.news\/index.php?rest_route=%2Fwp%2Fv2%2Fcategories&post=4459"},{"taxonomy":"post_tag","embeddable":true,"href":"https:\/\/stourm.news\/index.php?rest_route=%2Fwp%2Fv2%2Ftags&post=4459"}],"curies":[{"name":"wp","href":"https:\/\/api.w.org\/{rel}","templated":true}]}}