{"id":4467,"date":"2025-07-24T04:53:17","date_gmt":"2025-07-24T04:53:17","guid":{"rendered":"https:\/\/stourm.news\/?p=4467"},"modified":"2025-07-24T04:53:17","modified_gmt":"2025-07-24T04:53:17","slug":"saint-malo-vacances-gratuites-pour-700-familles-de-banlieue","status":"publish","type":"post","link":"https:\/\/stourm.news\/?p=4467","title":{"rendered":"Saint-Malo : vacances \u00ab\u00a0gratuites\u00a0\u00bb pour 700 familles de banlieue"},"content":{"rendered":"<p style=\"text-align: justify;\">Dans <strong><a href=\"https:\/\/france3-regions.franceinfo.fr\/bretagne\/ille-et-vilaine\/rennes\/pour-partir-en-vacances-il-faut-economiser-un-an-a-saint-malo-une-parenthese-estivale-pour-700-familles-en-difficulte-3191406.html?utm_term=Autofeed&amp;utm_medium=Social&amp;utm_source=Facebook&amp;fbclid=IwY2xjawLs8_VleHRuA2FlbQIxMABicmlkETBneGN5WldWWVVTcjMzemNrAR6yVO1f2w4-4S-Xae7ctWgGYQS_PHxLtPrOwyRQc8raoJYBTQiYE9lsg-vYBQ_aem_dDk5gW_nsgswy43fcW3cTw#Echobox=1753208088\">un article publi\u00e9 le 23 juillet 2025 par France 3 Bretagne<\/a><\/strong>, l\u2019\u00c9tat fran\u00e7ais, \u00e0 travers le Secours populaire (communiste), la \u00ab\u00a0r\u00e9gion\u00a0\u00bb Bretagne (Parti socialiste) et la SNCF, orchestre une nouvelle op\u00e9ration visant \u00e0 envoyer 700 familles, souvent issues de l\u2019immigration, sur les c\u00f4tes de Saint-Malo. Pr\u00e9sent\u00e9e comme une initiative \u00ab\u00a0caritative\u00a0\u00bb, cette d\u00e9marche r\u00e9v\u00e8le une strat\u00e9gie plus insidieuse : l\u2019invasion progressive de la Bretagne par des populations ext\u00e9rieures, au m\u00e9pris de notre identit\u00e9, de nos ressources et de notre souverainet\u00e9.<\/p>\n<p style=\"text-align: justify;\"><strong>Une saturation impos\u00e9e de nos c\u00f4tes<\/strong><\/p>\n<p style=\"text-align: justify;\">Saint-Malo, joyau maritime et symbole de l\u2019histoire bretonne, est transform\u00e9e en destination de loisir pour des centaines de familles non bretonnes, souvent issues de l\u2019immigration, achemin\u00e9es par l\u2019\u00c9tat fran\u00e7ais. Ces 700 familles, d\u00e9crites comme \u00ab\u00a0\u00e9conomiquement fragiles\u00a0\u00bb, envahissent nos c\u00f4tes sous couvert d\u2019une \u00ab parenth\u00e8se estivale \u00bb. Ce n\u2019est pas un simple acte de g\u00e9n\u00e9rosit\u00e9 : c\u2019est une colonisation douce qui surcharge nos villes, d\u00e9j\u00e0 sous forte pression touristique. Nos plages, nos rues et notre patrimoine deviennent des espaces de passage pour des populations sans lien avec la culture bretonne, diluant l\u2019\u00e2me de notre nation.<\/p>\n<p style=\"text-align: justify;\"><strong>Une propagande multiculturaliste d\u00e9guis\u00e9e<\/strong><\/p>\n<p style=\"text-align: justify;\">Sous le vernis de la charit\u00e9, cet article r\u00e9v\u00e8le une propagande subtile de l\u2019\u00c9tat fran\u00e7ais. En mettant en avant la soi-disant \u00ab\u00a0pr\u00e9carit\u00e9\u00a0\u00bb de ces familles, France 3 cherche \u00e0 susciter l\u2019empathie tout en l\u00e9gitimant les politiques migratoires que Paris impose aux Bretons. Cette op\u00e9ration n\u2019est pas neutre : elle vise \u00e0 habituer les Bretons \u00e0 la pr\u00e9sence de populations \u00e9trang\u00e8res, faisant du multiculturalisme la norme.<\/p>\n<p style=\"text-align: justify;\"><strong>Un co\u00fbt impos\u00e9 aux Bretons<\/strong><\/p>\n<p style=\"text-align: justify;\">L\u2019article omet de mentionner le fardeau \u00e9conomique et social impos\u00e9 aux Bretons. Les infrastructures de Saint-Malo, d\u00e9j\u00e0 sollicit\u00e9es par le tourisme, doivent absorber cet afflux sans compensation pour les locaux. Les contribuables bretons financent indirectement ces initiatives, tandis que nos ressources sont d\u00e9tourn\u00e9es pour servir des int\u00e9r\u00eats ext\u00e9rieurs. Cette exploitation de la Bretagne comme \u00ab colonie de vacances \u00bb, en fait une colonie tout court, de l\u2019\u00c9tat fran\u00e7ais est inacceptable et doit \u00eatre d\u00e9nonc\u00e9e.<\/p>\n<p style=\"text-align: right;\"><strong>Budig Gourmaelon<\/strong><\/p>\n","protected":false},"excerpt":{"rendered":"<p>Dans un article publi\u00e9 le 23 juillet 2025 par France 3 Bretagne, l\u2019\u00c9tat fran\u00e7ais, \u00e0 travers le Secours populaire (communiste), la \u00ab\u00a0r\u00e9gion\u00a0\u00bb Bretagne (Parti socialiste) et la SNCF, orchestre une nouvelle op\u00e9ration visant \u00e0 envoyer 700 familles, souvent issues de l\u2019immigration, sur les c\u00f4tes de Saint-Malo. Pr\u00e9sent\u00e9e comme une initiative \u00ab\u00a0caritative\u00a0\u00bb, cette d\u00e9marche r\u00e9v\u00e8le une [&hellip;]<\/p>\n","protected":false},"author":1,"featured_media":4469,"comment_status":"open","ping_status":"open","sticky":false,"template":"","format":"standard","meta":{"sb_editor_width":"","footnotes":""},"categories":[41,33,86,65],"tags":[],"class_list":["post-4467","post","type-post","status-publish","format-standard","has-post-thumbnail","hentry","category-ille-et-vilaine","category-immigration","category-multiculturalisme","category-principale"],"relative_dates":{"created":"9 mois ago","modified":"9 mois ago"},"yoast_head":"<!-- This site is optimized with the Yoast SEO plugin v26.3 - https:\/\/yoast.com\/wordpress\/plugins\/seo\/ -->\n<title>Saint-Malo : vacances &quot;gratuites&quot; pour 700 familles de banlieue - STOURM<\/title>\n<meta name=\"robots\" content=\"index, follow, max-snippet:-1, max-image-preview:large, max-video-preview:-1\" \/>\n<link rel=\"canonical\" href=\"https:\/\/stourm.news\/?p=4467\" \/>\n<meta property=\"og:locale\" content=\"fr_FR\" \/>\n<meta property=\"og:type\" content=\"article\" \/>\n<meta property=\"og:title\" content=\"Saint-Malo : vacances &quot;gratuites&quot; pour 700 familles de banlieue - STOURM\" \/>\n<meta property=\"og:description\" content=\"Dans un article publi\u00e9 le 23 juillet 2025 par France 3 Bretagne, l\u2019\u00c9tat fran\u00e7ais, \u00e0 travers le Secours populaire (communiste), la \u00ab\u00a0r\u00e9gion\u00a0\u00bb Bretagne (Parti socialiste) et la SNCF, orchestre une nouvelle op\u00e9ration visant \u00e0 envoyer 700 familles, souvent issues de l\u2019immigration, sur les c\u00f4tes de Saint-Malo. Pr\u00e9sent\u00e9e comme une initiative \u00ab\u00a0caritative\u00a0\u00bb, cette d\u00e9marche r\u00e9v\u00e8le une [&hellip;]\" \/>\n<meta property=\"og:url\" content=\"https:\/\/stourm.news\/?p=4467\" \/>\n<meta property=\"og:site_name\" content=\"STOURM\" \/>\n<meta property=\"article:publisher\" content=\"https:\/\/www.facebook.com\/stourmnews\/\" \/>\n<meta property=\"article:published_time\" content=\"2025-07-24T04:53:17+00:00\" \/>\n<meta property=\"og:image\" content=\"https:\/\/stourm.news\/wp-content\/uploads\/2025\/07\/Capture-decran-2025-07-24-a-13.47.13-1.png\" \/>\n\t<meta property=\"og:image:width\" content=\"1764\" \/>\n\t<meta property=\"og:image:height\" content=\"996\" \/>\n\t<meta property=\"og:image:type\" content=\"image\/png\" \/>\n<meta name=\"author\" content=\"La r\u00e9daction\" \/>\n<meta name=\"twitter:card\" content=\"summary_large_image\" \/>\n<meta name=\"twitter:label1\" content=\"\u00c9crit par\" \/>\n\t<meta name=\"twitter:data1\" content=\"La r\u00e9daction\" \/>\n\t<meta name=\"twitter:label2\" content=\"Dur\u00e9e de lecture estim\u00e9e\" \/>\n\t<meta name=\"twitter:data2\" content=\"2 minutes\" \/>\n<script type=\"application\/ld+json\" class=\"yoast-schema-graph\">{\"@context\":\"https:\/\/schema.org\",\"@graph\":[{\"@type\":\"Article\",\"@id\":\"https:\/\/stourm.news\/?p=4467#article\",\"isPartOf\":{\"@id\":\"https:\/\/stourm.news\/?p=4467\"},\"author\":{\"name\":\"La r\u00e9daction\",\"@id\":\"https:\/\/stourm.news\/#\/schema\/person\/c3e1dc65988632e190969234ef046cf9\"},\"headline\":\"Saint-Malo : vacances \u00ab\u00a0gratuites\u00a0\u00bb pour 700 familles de banlieue\",\"datePublished\":\"2025-07-24T04:53:17+00:00\",\"mainEntityOfPage\":{\"@id\":\"https:\/\/stourm.news\/?p=4467\"},\"wordCount\":378,\"commentCount\":1,\"publisher\":{\"@id\":\"https:\/\/stourm.news\/#organization\"},\"image\":{\"@id\":\"https:\/\/stourm.news\/?p=4467#primaryimage\"},\"thumbnailUrl\":\"https:\/\/stourm.news\/wp-content\/uploads\/2025\/07\/Capture-decran-2025-07-24-a-13.47.13-1.png\",\"articleSection\":[\"Ille-et-Vilaine\",\"Immigration\",\"Multiculturalisme\",\"Principale\"],\"inLanguage\":\"fr-FR\",\"potentialAction\":[{\"@type\":\"CommentAction\",\"name\":\"Comment\",\"target\":[\"https:\/\/stourm.news\/?p=4467#respond\"]}]},{\"@type\":\"WebPage\",\"@id\":\"https:\/\/stourm.news\/?p=4467\",\"url\":\"https:\/\/stourm.news\/?p=4467\",\"name\":\"Saint-Malo : vacances \\\"gratuites\\\" pour 700 familles de banlieue - STOURM\",\"isPartOf\":{\"@id\":\"https:\/\/stourm.news\/#website\"},\"primaryImageOfPage\":{\"@id\":\"https:\/\/stourm.news\/?p=4467#primaryimage\"},\"image\":{\"@id\":\"https:\/\/stourm.news\/?p=4467#primaryimage\"},\"thumbnailUrl\":\"https:\/\/stourm.news\/wp-content\/uploads\/2025\/07\/Capture-decran-2025-07-24-a-13.47.13-1.png\",\"datePublished\":\"2025-07-24T04:53:17+00:00\",\"breadcrumb\":{\"@id\":\"https:\/\/stourm.news\/?p=4467#breadcrumb\"},\"inLanguage\":\"fr-FR\",\"potentialAction\":[{\"@type\":\"ReadAction\",\"target\":[\"https:\/\/stourm.news\/?p=4467\"]}]},{\"@type\":\"ImageObject\",\"inLanguage\":\"fr-FR\",\"@id\":\"https:\/\/stourm.news\/?p=4467#primaryimage\",\"url\":\"https:\/\/stourm.news\/wp-content\/uploads\/2025\/07\/Capture-decran-2025-07-24-a-13.47.13-1.png\",\"contentUrl\":\"https:\/\/stourm.news\/wp-content\/uploads\/2025\/07\/Capture-decran-2025-07-24-a-13.47.13-1.png\",\"width\":1764,\"height\":996},{\"@type\":\"BreadcrumbList\",\"@id\":\"https:\/\/stourm.news\/?p=4467#breadcrumb\",\"itemListElement\":[{\"@type\":\"ListItem\",\"position\":1,\"name\":\"Accueil\",\"item\":\"https:\/\/stourm.news\/\"},{\"@type\":\"ListItem\",\"position\":2,\"name\":\"Saint-Malo : vacances \u00ab\u00a0gratuites\u00a0\u00bb pour 700 familles de banlieue\"}]},{\"@type\":\"WebSite\",\"@id\":\"https:\/\/stourm.news\/#website\",\"url\":\"https:\/\/stourm.news\/\",\"name\":\"Stourm\",\"description\":\"Kazetenn Strollad Broadel Breizh\",\"publisher\":{\"@id\":\"https:\/\/stourm.news\/#organization\"},\"potentialAction\":[{\"@type\":\"SearchAction\",\"target\":{\"@type\":\"EntryPoint\",\"urlTemplate\":\"https:\/\/stourm.news\/?s={search_term_string}\"},\"query-input\":{\"@type\":\"PropertyValueSpecification\",\"valueRequired\":true,\"valueName\":\"search_term_string\"}}],\"inLanguage\":\"fr-FR\"},{\"@type\":\"Organization\",\"@id\":\"https:\/\/stourm.news\/#organization\",\"name\":\"Stourm\",\"url\":\"https:\/\/stourm.news\/\",\"logo\":{\"@type\":\"ImageObject\",\"inLanguage\":\"fr-FR\",\"@id\":\"https:\/\/stourm.news\/#\/schema\/logo\/image\/\",\"url\":\"https:\/\/stourm.news\/wp-content\/uploads\/2025\/11\/cropped-Capture-decran-2025-11-28-a-15.19.07.png\",\"contentUrl\":\"https:\/\/stourm.news\/wp-content\/uploads\/2025\/11\/cropped-Capture-decran-2025-11-28-a-15.19.07.png\",\"width\":1855,\"height\":383,\"caption\":\"Stourm\"},\"image\":{\"@id\":\"https:\/\/stourm.news\/#\/schema\/logo\/image\/\"},\"sameAs\":[\"https:\/\/www.facebook.com\/stourmnews\/\"]},{\"@type\":\"Person\",\"@id\":\"https:\/\/stourm.news\/#\/schema\/person\/c3e1dc65988632e190969234ef046cf9\",\"name\":\"La r\u00e9daction\",\"image\":{\"@type\":\"ImageObject\",\"inLanguage\":\"fr-FR\",\"@id\":\"https:\/\/stourm.news\/#\/schema\/person\/image\/\",\"url\":\"https:\/\/secure.gravatar.com\/avatar\/7463443f194b6b5fb706b074ca0ef59a0cfcfd720cb47764b0ec5a952ce422b3?s=96&d=mm&r=g\",\"contentUrl\":\"https:\/\/secure.gravatar.com\/avatar\/7463443f194b6b5fb706b074ca0ef59a0cfcfd720cb47764b0ec5a952ce422b3?s=96&d=mm&r=g\",\"caption\":\"La r\u00e9daction\"},\"sameAs\":[\"https:\/\/stourm.news\"],\"url\":\"https:\/\/stourm.news\/?author=1\"}]}<\/script>\n<!-- \/ Yoast SEO plugin. -->","yoast_head_json":{"title":"Saint-Malo : vacances \"gratuites\" pour 700 familles de banlieue - STOURM","robots":{"index":"index","follow":"follow","max-snippet":"max-snippet:-1","max-image-preview":"max-image-preview:large","max-video-preview":"max-video-preview:-1"},"canonical":"https:\/\/stourm.news\/?p=4467","og_locale":"fr_FR","og_type":"article","og_title":"Saint-Malo : vacances \"gratuites\" pour 700 familles de banlieue - STOURM","og_description":"Dans un article publi\u00e9 le 23 juillet 2025 par France 3 Bretagne, l\u2019\u00c9tat fran\u00e7ais, \u00e0 travers le Secours populaire (communiste), la \u00ab\u00a0r\u00e9gion\u00a0\u00bb Bretagne (Parti socialiste) et la SNCF, orchestre une nouvelle op\u00e9ration visant \u00e0 envoyer 700 familles, souvent issues de l\u2019immigration, sur les c\u00f4tes de Saint-Malo. Pr\u00e9sent\u00e9e comme une initiative \u00ab\u00a0caritative\u00a0\u00bb, cette d\u00e9marche r\u00e9v\u00e8le une [&hellip;]","og_url":"https:\/\/stourm.news\/?p=4467","og_site_name":"STOURM","article_publisher":"https:\/\/www.facebook.com\/stourmnews\/","article_published_time":"2025-07-24T04:53:17+00:00","og_image":[{"width":1764,"height":996,"url":"https:\/\/stourm.news\/wp-content\/uploads\/2025\/07\/Capture-decran-2025-07-24-a-13.47.13-1.png","type":"image\/png"}],"author":"La r\u00e9daction","twitter_card":"summary_large_image","twitter_misc":{"\u00c9crit par":"La r\u00e9daction","Dur\u00e9e de lecture estim\u00e9e":"2 minutes"},"schema":{"@context":"https:\/\/schema.org","@graph":[{"@type":"Article","@id":"https:\/\/stourm.news\/?p=4467#article","isPartOf":{"@id":"https:\/\/stourm.news\/?p=4467"},"author":{"name":"La r\u00e9daction","@id":"https:\/\/stourm.news\/#\/schema\/person\/c3e1dc65988632e190969234ef046cf9"},"headline":"Saint-Malo : vacances \u00ab\u00a0gratuites\u00a0\u00bb pour 700 familles de banlieue","datePublished":"2025-07-24T04:53:17+00:00","mainEntityOfPage":{"@id":"https:\/\/stourm.news\/?p=4467"},"wordCount":378,"commentCount":1,"publisher":{"@id":"https:\/\/stourm.news\/#organization"},"image":{"@id":"https:\/\/stourm.news\/?p=4467#primaryimage"},"thumbnailUrl":"https:\/\/stourm.news\/wp-content\/uploads\/2025\/07\/Capture-decran-2025-07-24-a-13.47.13-1.png","articleSection":["Ille-et-Vilaine","Immigration","Multiculturalisme","Principale"],"inLanguage":"fr-FR","potentialAction":[{"@type":"CommentAction","name":"Comment","target":["https:\/\/stourm.news\/?p=4467#respond"]}]},{"@type":"WebPage","@id":"https:\/\/stourm.news\/?p=4467","url":"https:\/\/stourm.news\/?p=4467","name":"Saint-Malo : vacances \"gratuites\" pour 700 familles de banlieue - STOURM","isPartOf":{"@id":"https:\/\/stourm.news\/#website"},"primaryImageOfPage":{"@id":"https:\/\/stourm.news\/?p=4467#primaryimage"},"image":{"@id":"https:\/\/stourm.news\/?p=4467#primaryimage"},"thumbnailUrl":"https:\/\/stourm.news\/wp-content\/uploads\/2025\/07\/Capture-decran-2025-07-24-a-13.47.13-1.png","datePublished":"2025-07-24T04:53:17+00:00","breadcrumb":{"@id":"https:\/\/stourm.news\/?p=4467#breadcrumb"},"inLanguage":"fr-FR","potentialAction":[{"@type":"ReadAction","target":["https:\/\/stourm.news\/?p=4467"]}]},{"@type":"ImageObject","inLanguage":"fr-FR","@id":"https:\/\/stourm.news\/?p=4467#primaryimage","url":"https:\/\/stourm.news\/wp-content\/uploads\/2025\/07\/Capture-decran-2025-07-24-a-13.47.13-1.png","contentUrl":"https:\/\/stourm.news\/wp-content\/uploads\/2025\/07\/Capture-decran-2025-07-24-a-13.47.13-1.png","width":1764,"height":996},{"@type":"BreadcrumbList","@id":"https:\/\/stourm.news\/?p=4467#breadcrumb","itemListElement":[{"@type":"ListItem","position":1,"name":"Accueil","item":"https:\/\/stourm.news\/"},{"@type":"ListItem","position":2,"name":"Saint-Malo : vacances \u00ab\u00a0gratuites\u00a0\u00bb pour 700 familles de banlieue"}]},{"@type":"WebSite","@id":"https:\/\/stourm.news\/#website","url":"https:\/\/stourm.news\/","name":"Stourm","description":"Kazetenn Strollad Broadel Breizh","publisher":{"@id":"https:\/\/stourm.news\/#organization"},"potentialAction":[{"@type":"SearchAction","target":{"@type":"EntryPoint","urlTemplate":"https:\/\/stourm.news\/?s={search_term_string}"},"query-input":{"@type":"PropertyValueSpecification","valueRequired":true,"valueName":"search_term_string"}}],"inLanguage":"fr-FR"},{"@type":"Organization","@id":"https:\/\/stourm.news\/#organization","name":"Stourm","url":"https:\/\/stourm.news\/","logo":{"@type":"ImageObject","inLanguage":"fr-FR","@id":"https:\/\/stourm.news\/#\/schema\/logo\/image\/","url":"https:\/\/stourm.news\/wp-content\/uploads\/2025\/11\/cropped-Capture-decran-2025-11-28-a-15.19.07.png","contentUrl":"https:\/\/stourm.news\/wp-content\/uploads\/2025\/11\/cropped-Capture-decran-2025-11-28-a-15.19.07.png","width":1855,"height":383,"caption":"Stourm"},"image":{"@id":"https:\/\/stourm.news\/#\/schema\/logo\/image\/"},"sameAs":["https:\/\/www.facebook.com\/stourmnews\/"]},{"@type":"Person","@id":"https:\/\/stourm.news\/#\/schema\/person\/c3e1dc65988632e190969234ef046cf9","name":"La r\u00e9daction","image":{"@type":"ImageObject","inLanguage":"fr-FR","@id":"https:\/\/stourm.news\/#\/schema\/person\/image\/","url":"https:\/\/secure.gravatar.com\/avatar\/7463443f194b6b5fb706b074ca0ef59a0cfcfd720cb47764b0ec5a952ce422b3?s=96&d=mm&r=g","contentUrl":"https:\/\/secure.gravatar.com\/avatar\/7463443f194b6b5fb706b074ca0ef59a0cfcfd720cb47764b0ec5a952ce422b3?s=96&d=mm&r=g","caption":"La r\u00e9daction"},"sameAs":["https:\/\/stourm.news"],"url":"https:\/\/stourm.news\/?author=1"}]}},"_links":{"self":[{"href":"https:\/\/stourm.news\/index.php?rest_route=\/wp\/v2\/posts\/4467","targetHints":{"allow":["GET"]}}],"collection":[{"href":"https:\/\/stourm.news\/index.php?rest_route=\/wp\/v2\/posts"}],"about":[{"href":"https:\/\/stourm.news\/index.php?rest_route=\/wp\/v2\/types\/post"}],"author":[{"embeddable":true,"href":"https:\/\/stourm.news\/index.php?rest_route=\/wp\/v2\/users\/1"}],"replies":[{"embeddable":true,"href":"https:\/\/stourm.news\/index.php?rest_route=%2Fwp%2Fv2%2Fcomments&post=4467"}],"version-history":[{"count":1,"href":"https:\/\/stourm.news\/index.php?rest_route=\/wp\/v2\/posts\/4467\/revisions"}],"predecessor-version":[{"id":4470,"href":"https:\/\/stourm.news\/index.php?rest_route=\/wp\/v2\/posts\/4467\/revisions\/4470"}],"wp:featuredmedia":[{"embeddable":true,"href":"https:\/\/stourm.news\/index.php?rest_route=\/wp\/v2\/media\/4469"}],"wp:attachment":[{"href":"https:\/\/stourm.news\/index.php?rest_route=%2Fwp%2Fv2%2Fmedia&parent=4467"}],"wp:term":[{"taxonomy":"category","embeddable":true,"href":"https:\/\/stourm.news\/index.php?rest_route=%2Fwp%2Fv2%2Fcategories&post=4467"},{"taxonomy":"post_tag","embeddable":true,"href":"https:\/\/stourm.news\/index.php?rest_route=%2Fwp%2Fv2%2Ftags&post=4467"}],"curies":[{"name":"wp","href":"https:\/\/api.w.org\/{rel}","templated":true}]}}