{"id":4491,"date":"2025-07-30T10:42:35","date_gmt":"2025-07-30T10:42:35","guid":{"rendered":"https:\/\/stourm.news\/?p=4491"},"modified":"2025-07-30T10:42:35","modified_gmt":"2025-07-30T10:42:35","slug":"ferveur-et-unite-patriotiques-pour-le-camp-dete-du-pnb-2025","status":"publish","type":"post","link":"https:\/\/stourm.news\/?p=4491","title":{"rendered":"Ferveur et unit\u00e9 patriotiques pour le camp d&rsquo;\u00e9t\u00e9 du PNB 2025 !"},"content":{"rendered":"<p style=\"text-align: justify;\">Les 26 et 27 juillet 2025, le camp d\u2019\u00e9t\u00e9 du Parti National Breton a \u00e9t\u00e9 un moment fort pour l&rsquo;Emsav et ses militants. Ce rassemblement de deux jours, ancr\u00e9 dans la tradition et port\u00e9 par une r\u00e9elle ferveur patriotique, a r\u00e9uni militants et sympathisants autour de la d\u00e9fense de l\u2019identit\u00e9, de la culture et de l\u2019avenir de la Bretagne. Dans une ambiance \u00e0 la fois solennelle, chaleureuse et festive, cet \u00e9v\u00e9nement a incarn\u00e9 la dynamique croissante du PNB, galvanisant les participants pour les d\u00e9fis \u00e0 venir, notamment les \u00e9ch\u00e9ances \u00e9lectorales de 2026.<\/p>\n<p style=\"text-align: justify;\"><strong>Patrie et Unit\u00e9<\/strong><\/p>\n<p style=\"text-align: justify;\">Tout d&rsquo;abord r\u00e9unis \u00e0 Jengland comme chaque ann\u00e9e, sur le champ de bataille qui a vu la victoire des soldats d&rsquo;Erispo\u00eb contre l&#8217;empire franc, l\u2019\u00e9l\u00e9gance et la discipline des militants ont marqu\u00e9 les esprits. \u00c0 l&rsquo;ombre des drapeaux frapp\u00e9s du triskel, v\u00eatus de chemises blanches, pantalons noirs, cravates noires et glengarrys aux couleurs nationales, les nationalistes ont affich\u00e9 une belle unit\u00e9, symbolisant leur engagement commun pour la cause bretonne. Reflet de la rigueur et de la fiert\u00e9 du mouvement, cette c\u00e9r\u00e9monie a donn\u00e9 au camp une allure professionnelle et d\u00e9termin\u00e9e.<\/p>\n<blockquote class=\"twitter-tweet\">\n<p dir=\"ltr\" lang=\"fr\">[CAMP D\u2019\u00c9T\u00c9 DU PNB 2025]<\/p>\n<p>\u00c0 la veille de la f\u00eate nationale bretonne, une d\u00e9l\u00e9gation du <a href=\"https:\/\/twitter.com\/pnbsbb?ref_src=twsrc%5Etfw\">@pnbsbb<\/a> a rendu hommage aux soldats bretons victorieux face \u00e0 l&rsquo;envahisseur franc \u00e0 Jengland, au pied de la st\u00e8le du champ de bataille \ud83d\udd25\u2694\ufe0f<\/p>\n<p>\ud83d\udc49Adh\u00e9rer : <a href=\"https:\/\/t.co\/vQWIzV62RH\">https:\/\/t.co\/vQWIzV62RH<\/a> <a href=\"https:\/\/t.co\/72Qdwa56KV\">pic.twitter.com\/72Qdwa56KV<\/a><\/p>\n<p>\u2014 Parti National Breton &#8211; Strollad Broadel Breizh (@pnbsbb) <a href=\"https:\/\/twitter.com\/pnbsbb\/status\/1950137165742051712?ref_src=twsrc%5Etfw\">July 29, 2025<\/a><\/p><\/blockquote>\n<p><script async src=\"https:\/\/platform.twitter.com\/widgets.js\" charset=\"utf-8\"><\/script><\/p>\n<p style=\"text-align: justify;\">Au pied de la st\u00e8le \u00e9rig\u00e9e en m\u00e9moire des soldats bretons victorieux \u00e0 Jengland, les militants ont renouvel\u00e9 leur serment de fid\u00e9lit\u00e9 \u00e0 Breizh, un acte solennel qui a r\u00e9sonn\u00e9 comme un appel \u00e0 l\u2019unit\u00e9 et \u00e0 la pers\u00e9v\u00e9rance. Ce rituel a rappel\u00e9 \u00e0 tous les participants l\u2019importance de leur engagement pour une Bretagne libre et souveraine. Ce moment fort a galvanis\u00e9 les c\u0153urs, renfor\u00e7ant la d\u00e9termination du mouvement \u00e0 poursuivre son combat.<\/p>\n<p style=\"text-align: justify;\"><strong>Une soir\u00e9e chantante qui unit les g\u00e9n\u00e9rations<\/strong><\/p>\n<p style=\"text-align: justify;\">Le samedi soir, \u00e0 partir de 18h00, dans le pays de Redon, la soir\u00e9e chantante a \u00e9t\u00e9 un temps fort de communion. Les militants ont entonn\u00e9 des chants presque exclusivement en breton, prenant le temps d\u2019expliquer aux habitants de la commune convi\u00e9s le sens profond de chaque parole et des racines historiques qu\u2019ils \u00e9voquent. Cette d\u00e9marche p\u00e9dagogique a permis de transmettre la richesse de la langue bretonne, m\u00eame aux non-bretonnants. Leur participation illustre la capacit\u00e9 du PNB \u00e0 rassembler au-del\u00e0 de ses cercles militants, semant les graines d\u2019un soutien populaire croissant.<\/p>\n<blockquote class=\"twitter-tweet\">\n<p dir=\"ltr\" lang=\"fr\">[ PATRIE &amp; UNIT\u00c9 ]<\/p>\n<p>\ud83c\udff4\ud83c\udff3\ufe0f\ud83c\udf1fLe camp d\u2019\u00e9t\u00e9 du <a href=\"https:\/\/twitter.com\/pnbsbb?ref_src=twsrc%5Etfw\">@pnbsbb<\/a> 2025 a r\u00e9uni les militants nationalistes et patriotes dans une belle ferveur bretonne ! Comm\u00e9moration, serment de fid\u00e9lit\u00e9, soir\u00e9e de chants en breton, repas, conf\u00e9rence sur le roi Alain le Grand &amp; cap sur 2026 !<\/p>\n<p><a href=\"https:\/\/twitter.com\/hashtag\/BreizhAtav?src=hash&amp;ref_src=twsrc%5Etfw\">#BreizhAtav<\/a> <a href=\"https:\/\/t.co\/X3EwKiIm9I\">pic.twitter.com\/X3EwKiIm9I<\/a><\/p>\n<p>\u2014 Parti National Breton &#8211; Strollad Broadel Breizh (@pnbsbb) <a href=\"https:\/\/twitter.com\/pnbsbb\/status\/1950490936372535664?ref_src=twsrc%5Etfw\">July 30, 2025<\/a><\/p><\/blockquote>\n<p><script async src=\"https:\/\/platform.twitter.com\/widgets.js\" charset=\"utf-8\"><\/script><\/p>\n<p style=\"text-align: justify;\">Les interludes musicaux ont ajout\u00e9 une touche de magie \u00e0 la soir\u00e9e. Le vice-pr\u00e9sident Herv\u00e9 Archier \u00e0 la cornemuse, le camarade Erer Gwenn \u00e0 la bombarde, en plus des chanteurs du mouvement dont Erwan Pradier, le pr\u00e9sident, ont offert une belle performance, m\u00ealant tradition et enthousiasme. Ces instants musicaux, tr\u00e8s applaudis, renforcent chez les participants le sentiment d\u2019appartenance \u00e0 une culture bretonne vivante et dynamique, un atout majeur pour mobiliser les \u00e9nergies autour de l&rsquo;id\u00e9e patriotique que promeut le mouvement.<\/p>\n<p style=\"text-align: justify;\"><strong>Cr\u00e9ation et engagement<\/strong><\/p>\n<p style=\"text-align: justify;\">Ces initiatives montrent que le PNB ne se limite pas \u00e0 un combat politique : il est aussi un vecteur de solidarit\u00e9 bretonne autour de notre culture et de notre langue, un levier indispensable pour rallier de nouveaux soutiens \u00e0 la cause nationale. Le camp, organis\u00e9 dans un manoir mis \u00e0 disposition par un patriote breton, a offert des conditions d\u2019accueil exemplaires pour tous les participants. Cette organisation soign\u00e9e a permis \u00e0 chacun de se concentrer sur les activit\u00e9s et les \u00e9changes, dans une ambiance conviviale et fraternelle. Le samedi soir, autour d&rsquo;un banquet patriotique, les militants ont pu \u00e9changer dans un esprit de camaraderie auquel le mouvement tient depuis sa fondation.<\/p>\n<p style=\"text-align: justify;\"><strong>Une conf\u00e9rence inspirante et des perspectives ambitieuses<\/strong><\/p>\n<p style=\"text-align: justify;\">Le dimanche, le camp s\u2019est poursuivi avec une conf\u00e9rence captivante d&rsquo;Erwan Pradier, pr\u00e9sident du PNB, sur le roi Alain le Grand, figure embl\u00e9matique de l\u2019histoire bretonne. Cette intervention a rappel\u00e9 l\u2019importance de s\u2019inspirer des h\u00e9ros du pass\u00e9 pour b\u00e2tir l\u2019avenir, un message qui a r\u00e9sonn\u00e9 aupr\u00e8s des militants, les incitant \u00e0 porter avec fiert\u00e9 les valeurs du PNB.<\/p>\n<p><img fetchpriority=\"high\" decoding=\"async\" class=\"alignnone wp-image-4492 size-full\" src=\"https:\/\/stourm.news\/wp-content\/uploads\/2025\/07\/Capture-decran-2025-07-30-a-18.32.28.png\" alt=\"\" width=\"1158\" height=\"658\" srcset=\"https:\/\/stourm.news\/wp-content\/uploads\/2025\/07\/Capture-decran-2025-07-30-a-18.32.28.png 1158w, https:\/\/stourm.news\/wp-content\/uploads\/2025\/07\/Capture-decran-2025-07-30-a-18.32.28-300x170.png 300w, https:\/\/stourm.news\/wp-content\/uploads\/2025\/07\/Capture-decran-2025-07-30-a-18.32.28-1024x582.png 1024w, https:\/\/stourm.news\/wp-content\/uploads\/2025\/07\/Capture-decran-2025-07-30-a-18.32.28-768x436.png 768w\" sizes=\"(max-width: 1158px) 100vw, 1158px\" \/><\/p>\n<p style=\"text-align: justify;\">La conf\u00e9rence a \u00e9t\u00e9 suivie d\u2019un bilan de l\u2019ann\u00e9e \u00e9coul\u00e9e, dressant un tableau des avanc\u00e9es du mouvement : des campagnes de sensibilisation r\u00e9ussies, un renforcement de la pr\u00e9sence locale et une visibilit\u00e9 croissante dans les m\u00e9dias bretons. Les perspectives pour l\u2019ann\u00e9e \u00e0 venir, avec un focus particulier sur les \u00e9lections municipales de 2026, ont particuli\u00e8rement int\u00e9ress\u00e9 l\u2019assembl\u00e9e. Des strat\u00e9gies ont \u00e9t\u00e9 esquiss\u00e9es pour mobiliser de nouveaux adh\u00e9rents, structurer des campagnes locales et amplifier l\u2019impact du PNB sur la sc\u00e8ne politique bretonne.<\/p>\n<p style=\"text-align: justify;\"><strong>Un \u00e9lan pour l\u2019avenir<\/strong><\/p>\n<p style=\"text-align: justify;\">Ce camp d\u2019\u00e9t\u00e9 2025 a \u00e9t\u00e9 bien plus qu\u2019un simple rassemblement : il incarne la vitalit\u00e9 d\u2019un mouvement en croissance, port\u00e9 par des militants d\u00e9vou\u00e9s et une vision claire pour l\u2019avenir de la Bretagne. Chaque moment \u2013 de la comm\u00e9moration \u00e0 la soir\u00e9e chantante, en passant par les conf\u00e9rences et les \u00e9changes \u2013 a renforc\u00e9 la coh\u00e9sion et l\u2019enthousiasme des participants.<\/p>\n<p style=\"text-align: justify;\">Le PNB sort de cet \u00e9v\u00e9nement plus d\u00e9termin\u00e9 que jamais \u00e0 faire entendre la voix de la nation bretonne, \u00e0 rallier de nouveaux soutiens et \u00e0 pr\u00e9parer le terrain pour les \u00e9ch\u00e9ances \u00e9lectorales de 2026. Ce camp a prouv\u00e9 que la flamme bretonne br\u00fble avec force, pr\u00eate \u00e0 embraser les c\u0153urs et \u00e0 guider le mouvement vers de nouveaux horizons.<\/p>\n<p style=\"text-align: justify;\">Aujourd&rsquo;hui, plus que jamais, il appartient aux Bretons de s&rsquo;engager pour donner un avenir \u00e0 notre patrie et aux futures g\u00e9n\u00e9rations bretonnes.<\/p>\n<p style=\"text-align: right;\"><strong>Budig Gourmaleon<\/strong><\/p>\n","protected":false},"excerpt":{"rendered":"<p>Les 26 et 27 juillet 2025, le camp d\u2019\u00e9t\u00e9 du Parti National Breton a \u00e9t\u00e9 un moment fort pour l&rsquo;Emsav et ses militants. Ce rassemblement de deux jours, ancr\u00e9 dans la tradition et port\u00e9 par une r\u00e9elle ferveur patriotique, a r\u00e9uni militants et sympathisants autour de la d\u00e9fense de l\u2019identit\u00e9, de la culture et de [&hellip;]<\/p>\n","protected":false},"author":1,"featured_media":4493,"comment_status":"open","ping_status":"open","sticky":false,"template":"","format":"standard","meta":{"sb_editor_width":"","footnotes":""},"categories":[58,67,65,49],"tags":[],"class_list":["post-4491","post","type-post","status-publish","format-standard","has-post-thumbnail","hentry","category-breizh","category-politique","category-principale","category-vie-du-parti"],"relative_dates":{"created":"9 mois ago","modified":"9 mois ago"},"yoast_head":"<!-- This site is optimized with the Yoast SEO plugin v26.3 - https:\/\/yoast.com\/wordpress\/plugins\/seo\/ -->\n<title>Ferveur et unit\u00e9 patriotiques pour le camp d&#039;\u00e9t\u00e9 du PNB 2025 ! - STOURM<\/title>\n<meta name=\"robots\" content=\"index, follow, max-snippet:-1, max-image-preview:large, max-video-preview:-1\" \/>\n<link rel=\"canonical\" href=\"https:\/\/stourm.news\/?p=4491\" \/>\n<meta property=\"og:locale\" content=\"fr_FR\" \/>\n<meta property=\"og:type\" content=\"article\" \/>\n<meta property=\"og:title\" content=\"Ferveur et unit\u00e9 patriotiques pour le camp d&#039;\u00e9t\u00e9 du PNB 2025 ! - STOURM\" \/>\n<meta property=\"og:description\" content=\"Les 26 et 27 juillet 2025, le camp d\u2019\u00e9t\u00e9 du Parti National Breton a \u00e9t\u00e9 un moment fort pour l&rsquo;Emsav et ses militants. Ce rassemblement de deux jours, ancr\u00e9 dans la tradition et port\u00e9 par une r\u00e9elle ferveur patriotique, a r\u00e9uni militants et sympathisants autour de la d\u00e9fense de l\u2019identit\u00e9, de la culture et de [&hellip;]\" \/>\n<meta property=\"og:url\" content=\"https:\/\/stourm.news\/?p=4491\" \/>\n<meta property=\"og:site_name\" content=\"STOURM\" \/>\n<meta property=\"article:publisher\" content=\"https:\/\/www.facebook.com\/stourmnews\/\" \/>\n<meta property=\"article:published_time\" content=\"2025-07-30T10:42:35+00:00\" \/>\n<meta property=\"og:image\" content=\"https:\/\/stourm.news\/wp-content\/uploads\/2025\/07\/Capture-decran-2025-07-30-a-19.32.32-1024x626.png\" \/>\n\t<meta property=\"og:image:width\" content=\"1024\" \/>\n\t<meta property=\"og:image:height\" content=\"626\" \/>\n\t<meta property=\"og:image:type\" content=\"image\/png\" \/>\n<meta name=\"author\" content=\"La r\u00e9daction\" \/>\n<meta name=\"twitter:card\" content=\"summary_large_image\" \/>\n<meta name=\"twitter:label1\" content=\"\u00c9crit par\" \/>\n\t<meta name=\"twitter:data1\" content=\"La r\u00e9daction\" \/>\n\t<meta name=\"twitter:label2\" content=\"Dur\u00e9e de lecture estim\u00e9e\" \/>\n\t<meta name=\"twitter:data2\" content=\"5 minutes\" \/>\n<script type=\"application\/ld+json\" class=\"yoast-schema-graph\">{\"@context\":\"https:\/\/schema.org\",\"@graph\":[{\"@type\":\"Article\",\"@id\":\"https:\/\/stourm.news\/?p=4491#article\",\"isPartOf\":{\"@id\":\"https:\/\/stourm.news\/?p=4491\"},\"author\":{\"name\":\"La r\u00e9daction\",\"@id\":\"https:\/\/stourm.news\/#\/schema\/person\/c3e1dc65988632e190969234ef046cf9\"},\"headline\":\"Ferveur et unit\u00e9 patriotiques pour le camp d&rsquo;\u00e9t\u00e9 du PNB 2025 !\",\"datePublished\":\"2025-07-30T10:42:35+00:00\",\"mainEntityOfPage\":{\"@id\":\"https:\/\/stourm.news\/?p=4491\"},\"wordCount\":1057,\"commentCount\":0,\"publisher\":{\"@id\":\"https:\/\/stourm.news\/#organization\"},\"image\":{\"@id\":\"https:\/\/stourm.news\/?p=4491#primaryimage\"},\"thumbnailUrl\":\"https:\/\/stourm.news\/wp-content\/uploads\/2025\/07\/Capture-decran-2025-07-30-a-19.32.32-scaled.png\",\"articleSection\":[\"Breizh\",\"Politique\",\"Principale\",\"Vie du Parti\"],\"inLanguage\":\"fr-FR\",\"potentialAction\":[{\"@type\":\"CommentAction\",\"name\":\"Comment\",\"target\":[\"https:\/\/stourm.news\/?p=4491#respond\"]}]},{\"@type\":\"WebPage\",\"@id\":\"https:\/\/stourm.news\/?p=4491\",\"url\":\"https:\/\/stourm.news\/?p=4491\",\"name\":\"Ferveur et unit\u00e9 patriotiques pour le camp d'\u00e9t\u00e9 du PNB 2025 ! - STOURM\",\"isPartOf\":{\"@id\":\"https:\/\/stourm.news\/#website\"},\"primaryImageOfPage\":{\"@id\":\"https:\/\/stourm.news\/?p=4491#primaryimage\"},\"image\":{\"@id\":\"https:\/\/stourm.news\/?p=4491#primaryimage\"},\"thumbnailUrl\":\"https:\/\/stourm.news\/wp-content\/uploads\/2025\/07\/Capture-decran-2025-07-30-a-19.32.32-scaled.png\",\"datePublished\":\"2025-07-30T10:42:35+00:00\",\"breadcrumb\":{\"@id\":\"https:\/\/stourm.news\/?p=4491#breadcrumb\"},\"inLanguage\":\"fr-FR\",\"potentialAction\":[{\"@type\":\"ReadAction\",\"target\":[\"https:\/\/stourm.news\/?p=4491\"]}]},{\"@type\":\"ImageObject\",\"inLanguage\":\"fr-FR\",\"@id\":\"https:\/\/stourm.news\/?p=4491#primaryimage\",\"url\":\"https:\/\/stourm.news\/wp-content\/uploads\/2025\/07\/Capture-decran-2025-07-30-a-19.32.32-scaled.png\",\"contentUrl\":\"https:\/\/stourm.news\/wp-content\/uploads\/2025\/07\/Capture-decran-2025-07-30-a-19.32.32-scaled.png\",\"width\":2560,\"height\":1565},{\"@type\":\"BreadcrumbList\",\"@id\":\"https:\/\/stourm.news\/?p=4491#breadcrumb\",\"itemListElement\":[{\"@type\":\"ListItem\",\"position\":1,\"name\":\"Accueil\",\"item\":\"https:\/\/stourm.news\/\"},{\"@type\":\"ListItem\",\"position\":2,\"name\":\"Ferveur et unit\u00e9 patriotiques pour le camp d&rsquo;\u00e9t\u00e9 du PNB 2025 !\"}]},{\"@type\":\"WebSite\",\"@id\":\"https:\/\/stourm.news\/#website\",\"url\":\"https:\/\/stourm.news\/\",\"name\":\"Stourm\",\"description\":\"Kazetenn Strollad Broadel Breizh\",\"publisher\":{\"@id\":\"https:\/\/stourm.news\/#organization\"},\"potentialAction\":[{\"@type\":\"SearchAction\",\"target\":{\"@type\":\"EntryPoint\",\"urlTemplate\":\"https:\/\/stourm.news\/?s={search_term_string}\"},\"query-input\":{\"@type\":\"PropertyValueSpecification\",\"valueRequired\":true,\"valueName\":\"search_term_string\"}}],\"inLanguage\":\"fr-FR\"},{\"@type\":\"Organization\",\"@id\":\"https:\/\/stourm.news\/#organization\",\"name\":\"Stourm\",\"url\":\"https:\/\/stourm.news\/\",\"logo\":{\"@type\":\"ImageObject\",\"inLanguage\":\"fr-FR\",\"@id\":\"https:\/\/stourm.news\/#\/schema\/logo\/image\/\",\"url\":\"https:\/\/stourm.news\/wp-content\/uploads\/2025\/11\/cropped-Capture-decran-2025-11-28-a-15.19.07.png\",\"contentUrl\":\"https:\/\/stourm.news\/wp-content\/uploads\/2025\/11\/cropped-Capture-decran-2025-11-28-a-15.19.07.png\",\"width\":1855,\"height\":383,\"caption\":\"Stourm\"},\"image\":{\"@id\":\"https:\/\/stourm.news\/#\/schema\/logo\/image\/\"},\"sameAs\":[\"https:\/\/www.facebook.com\/stourmnews\/\"]},{\"@type\":\"Person\",\"@id\":\"https:\/\/stourm.news\/#\/schema\/person\/c3e1dc65988632e190969234ef046cf9\",\"name\":\"La r\u00e9daction\",\"image\":{\"@type\":\"ImageObject\",\"inLanguage\":\"fr-FR\",\"@id\":\"https:\/\/stourm.news\/#\/schema\/person\/image\/\",\"url\":\"https:\/\/secure.gravatar.com\/avatar\/7463443f194b6b5fb706b074ca0ef59a0cfcfd720cb47764b0ec5a952ce422b3?s=96&d=mm&r=g\",\"contentUrl\":\"https:\/\/secure.gravatar.com\/avatar\/7463443f194b6b5fb706b074ca0ef59a0cfcfd720cb47764b0ec5a952ce422b3?s=96&d=mm&r=g\",\"caption\":\"La r\u00e9daction\"},\"sameAs\":[\"https:\/\/stourm.news\"],\"url\":\"https:\/\/stourm.news\/?author=1\"}]}<\/script>\n<!-- \/ Yoast SEO plugin. -->","yoast_head_json":{"title":"Ferveur et unit\u00e9 patriotiques pour le camp d'\u00e9t\u00e9 du PNB 2025 ! - STOURM","robots":{"index":"index","follow":"follow","max-snippet":"max-snippet:-1","max-image-preview":"max-image-preview:large","max-video-preview":"max-video-preview:-1"},"canonical":"https:\/\/stourm.news\/?p=4491","og_locale":"fr_FR","og_type":"article","og_title":"Ferveur et unit\u00e9 patriotiques pour le camp d'\u00e9t\u00e9 du PNB 2025 ! - STOURM","og_description":"Les 26 et 27 juillet 2025, le camp d\u2019\u00e9t\u00e9 du Parti National Breton a \u00e9t\u00e9 un moment fort pour l&rsquo;Emsav et ses militants. Ce rassemblement de deux jours, ancr\u00e9 dans la tradition et port\u00e9 par une r\u00e9elle ferveur patriotique, a r\u00e9uni militants et sympathisants autour de la d\u00e9fense de l\u2019identit\u00e9, de la culture et de [&hellip;]","og_url":"https:\/\/stourm.news\/?p=4491","og_site_name":"STOURM","article_publisher":"https:\/\/www.facebook.com\/stourmnews\/","article_published_time":"2025-07-30T10:42:35+00:00","og_image":[{"width":1024,"height":626,"url":"https:\/\/stourm.news\/wp-content\/uploads\/2025\/07\/Capture-decran-2025-07-30-a-19.32.32-1024x626.png","type":"image\/png"}],"author":"La r\u00e9daction","twitter_card":"summary_large_image","twitter_misc":{"\u00c9crit par":"La r\u00e9daction","Dur\u00e9e de lecture estim\u00e9e":"5 minutes"},"schema":{"@context":"https:\/\/schema.org","@graph":[{"@type":"Article","@id":"https:\/\/stourm.news\/?p=4491#article","isPartOf":{"@id":"https:\/\/stourm.news\/?p=4491"},"author":{"name":"La r\u00e9daction","@id":"https:\/\/stourm.news\/#\/schema\/person\/c3e1dc65988632e190969234ef046cf9"},"headline":"Ferveur et unit\u00e9 patriotiques pour le camp d&rsquo;\u00e9t\u00e9 du PNB 2025 !","datePublished":"2025-07-30T10:42:35+00:00","mainEntityOfPage":{"@id":"https:\/\/stourm.news\/?p=4491"},"wordCount":1057,"commentCount":0,"publisher":{"@id":"https:\/\/stourm.news\/#organization"},"image":{"@id":"https:\/\/stourm.news\/?p=4491#primaryimage"},"thumbnailUrl":"https:\/\/stourm.news\/wp-content\/uploads\/2025\/07\/Capture-decran-2025-07-30-a-19.32.32-scaled.png","articleSection":["Breizh","Politique","Principale","Vie du Parti"],"inLanguage":"fr-FR","potentialAction":[{"@type":"CommentAction","name":"Comment","target":["https:\/\/stourm.news\/?p=4491#respond"]}]},{"@type":"WebPage","@id":"https:\/\/stourm.news\/?p=4491","url":"https:\/\/stourm.news\/?p=4491","name":"Ferveur et unit\u00e9 patriotiques pour le camp d'\u00e9t\u00e9 du PNB 2025 ! - STOURM","isPartOf":{"@id":"https:\/\/stourm.news\/#website"},"primaryImageOfPage":{"@id":"https:\/\/stourm.news\/?p=4491#primaryimage"},"image":{"@id":"https:\/\/stourm.news\/?p=4491#primaryimage"},"thumbnailUrl":"https:\/\/stourm.news\/wp-content\/uploads\/2025\/07\/Capture-decran-2025-07-30-a-19.32.32-scaled.png","datePublished":"2025-07-30T10:42:35+00:00","breadcrumb":{"@id":"https:\/\/stourm.news\/?p=4491#breadcrumb"},"inLanguage":"fr-FR","potentialAction":[{"@type":"ReadAction","target":["https:\/\/stourm.news\/?p=4491"]}]},{"@type":"ImageObject","inLanguage":"fr-FR","@id":"https:\/\/stourm.news\/?p=4491#primaryimage","url":"https:\/\/stourm.news\/wp-content\/uploads\/2025\/07\/Capture-decran-2025-07-30-a-19.32.32-scaled.png","contentUrl":"https:\/\/stourm.news\/wp-content\/uploads\/2025\/07\/Capture-decran-2025-07-30-a-19.32.32-scaled.png","width":2560,"height":1565},{"@type":"BreadcrumbList","@id":"https:\/\/stourm.news\/?p=4491#breadcrumb","itemListElement":[{"@type":"ListItem","position":1,"name":"Accueil","item":"https:\/\/stourm.news\/"},{"@type":"ListItem","position":2,"name":"Ferveur et unit\u00e9 patriotiques pour le camp d&rsquo;\u00e9t\u00e9 du PNB 2025 !"}]},{"@type":"WebSite","@id":"https:\/\/stourm.news\/#website","url":"https:\/\/stourm.news\/","name":"Stourm","description":"Kazetenn Strollad Broadel Breizh","publisher":{"@id":"https:\/\/stourm.news\/#organization"},"potentialAction":[{"@type":"SearchAction","target":{"@type":"EntryPoint","urlTemplate":"https:\/\/stourm.news\/?s={search_term_string}"},"query-input":{"@type":"PropertyValueSpecification","valueRequired":true,"valueName":"search_term_string"}}],"inLanguage":"fr-FR"},{"@type":"Organization","@id":"https:\/\/stourm.news\/#organization","name":"Stourm","url":"https:\/\/stourm.news\/","logo":{"@type":"ImageObject","inLanguage":"fr-FR","@id":"https:\/\/stourm.news\/#\/schema\/logo\/image\/","url":"https:\/\/stourm.news\/wp-content\/uploads\/2025\/11\/cropped-Capture-decran-2025-11-28-a-15.19.07.png","contentUrl":"https:\/\/stourm.news\/wp-content\/uploads\/2025\/11\/cropped-Capture-decran-2025-11-28-a-15.19.07.png","width":1855,"height":383,"caption":"Stourm"},"image":{"@id":"https:\/\/stourm.news\/#\/schema\/logo\/image\/"},"sameAs":["https:\/\/www.facebook.com\/stourmnews\/"]},{"@type":"Person","@id":"https:\/\/stourm.news\/#\/schema\/person\/c3e1dc65988632e190969234ef046cf9","name":"La r\u00e9daction","image":{"@type":"ImageObject","inLanguage":"fr-FR","@id":"https:\/\/stourm.news\/#\/schema\/person\/image\/","url":"https:\/\/secure.gravatar.com\/avatar\/7463443f194b6b5fb706b074ca0ef59a0cfcfd720cb47764b0ec5a952ce422b3?s=96&d=mm&r=g","contentUrl":"https:\/\/secure.gravatar.com\/avatar\/7463443f194b6b5fb706b074ca0ef59a0cfcfd720cb47764b0ec5a952ce422b3?s=96&d=mm&r=g","caption":"La r\u00e9daction"},"sameAs":["https:\/\/stourm.news"],"url":"https:\/\/stourm.news\/?author=1"}]}},"_links":{"self":[{"href":"https:\/\/stourm.news\/index.php?rest_route=\/wp\/v2\/posts\/4491","targetHints":{"allow":["GET"]}}],"collection":[{"href":"https:\/\/stourm.news\/index.php?rest_route=\/wp\/v2\/posts"}],"about":[{"href":"https:\/\/stourm.news\/index.php?rest_route=\/wp\/v2\/types\/post"}],"author":[{"embeddable":true,"href":"https:\/\/stourm.news\/index.php?rest_route=\/wp\/v2\/users\/1"}],"replies":[{"embeddable":true,"href":"https:\/\/stourm.news\/index.php?rest_route=%2Fwp%2Fv2%2Fcomments&post=4491"}],"version-history":[{"count":1,"href":"https:\/\/stourm.news\/index.php?rest_route=\/wp\/v2\/posts\/4491\/revisions"}],"predecessor-version":[{"id":4494,"href":"https:\/\/stourm.news\/index.php?rest_route=\/wp\/v2\/posts\/4491\/revisions\/4494"}],"wp:featuredmedia":[{"embeddable":true,"href":"https:\/\/stourm.news\/index.php?rest_route=\/wp\/v2\/media\/4493"}],"wp:attachment":[{"href":"https:\/\/stourm.news\/index.php?rest_route=%2Fwp%2Fv2%2Fmedia&parent=4491"}],"wp:term":[{"taxonomy":"category","embeddable":true,"href":"https:\/\/stourm.news\/index.php?rest_route=%2Fwp%2Fv2%2Fcategories&post=4491"},{"taxonomy":"post_tag","embeddable":true,"href":"https:\/\/stourm.news\/index.php?rest_route=%2Fwp%2Fv2%2Ftags&post=4491"}],"curies":[{"name":"wp","href":"https:\/\/api.w.org\/{rel}","templated":true}]}}