{"id":4496,"date":"2025-07-30T11:21:03","date_gmt":"2025-07-30T11:21:03","guid":{"rendered":"https:\/\/stourm.news\/?p=4496"},"modified":"2025-07-30T11:21:03","modified_gmt":"2025-07-30T11:21:03","slug":"emsav-31-juillet-1910-naissance-de-yann-kerlann-fondateur-de-la-premiere-ecole-en-langue-bretonne","status":"publish","type":"post","link":"https:\/\/stourm.news\/?p=4496","title":{"rendered":"Emsav : 31 juillet 1910, naissance de Yann Kerlann, fondateur de la premi\u00e8re \u00e9cole en langue bretonne"},"content":{"rendered":"<p style=\"text-align: justify;\">EMSAV &#8211; Yann Kerlann, n\u00e9 Jean Honor\u00e9 Delalande (31 juillet 1910 \u2013 16 d\u00e9cembre 1969), est une figure h\u00e9ro\u00efque de la cause bretonne, un visionnaire dont l\u2019engagement ind\u00e9fectible pour la langue et l\u2019identit\u00e9 de la Bretagne. Instituteur, \u00e9crivain, journaliste, musicien et, surtout, fondateur de Skol Blistin, la premi\u00e8re \u00e9cole immersive en langue bretonne \u00e0 Plestin-les-Gr\u00e8ves en novembre 1942, Kerlann a jet\u00e9 les fondations d\u2019une renaissance nationale.<\/p>\n<p style=\"text-align: justify;\"><strong>Une vocation patriotique<\/strong><\/p>\n<p style=\"text-align: justify;\">N\u00e9 \u00e0 La Roche-sur-Yon en Vend\u00e9e, Yann Kerlann perd son p\u00e8re, Fran\u00e7ois Delalande, tu\u00e9 en 1916 lors de la Premi\u00e8re Guerre mondiale. Sa m\u00e8re, Pauline Jos\u00e9phine Kerbiriou, originaire de Rosko (Roscoff), le ram\u00e8ne \u00e0 Montroulez (Morlaix), o\u00f9 il s\u2019enracine dans la culture bretonne. D\u00e8s son enfance, aupr\u00e8s d\u2019un menuisier de Plou\u00e9zoc\u2019h, il apprend le breton dans son dialecte tr\u00e9gorrois, forgeant une conscience nationale profonde. \u00c9l\u00e8ve brillant, il poursuit ses \u00e9tudes primaires \u00e0 Morlaix jusqu\u2019en 1923, puis \u00e0 l\u2019\u00e9cole primaire sup\u00e9rieure de Brest (1923-1927), avant de perfectionner son anglais au Saint-Dustan College de Londres (1927-1928). De retour en Bretagne, il devient instituteur public.<\/p>\n<p style=\"text-align: justify;\"><strong>Skol Blistin : Une r\u00e9volution pour la langue bretonne<\/strong><\/p>\n<p style=\"text-align: justify;\">En novembre 1942, Yann Kerlann accomplit un acte visionnaire en fondant Skol Blistin \u00e0 Plistin (Plestin-les-Gr\u00e8ves), la premi\u00e8re \u00e9cole immersive en langue bretonne, annonc\u00e9e dans L\u2019Heure bretonne le 24 octobre 1942. \u00c0 une \u00e9poque o\u00f9 l\u2019\u00c9tat fran\u00e7ais r\u00e9prime la langue bretonne, l\u2019interdisant dans les \u00e9coles publiques, Kerlann d\u00e9fie l\u2019assimilation avec une audace proph\u00e9tique. Dans L\u2019Heure bretonne du 8 novembre 1941, il proclame :<strong> \u00ab Vous avez \u00e0 apprendre l\u2019Histoire de vos Anc\u00eatres, vous avez \u00e0 apprendre le breton, oui, \u00e0 le lire et \u00e0 l\u2019\u00e9crire correctement. Vous avez \u00e0 retrouver l\u2019Esprit de la Race en parlant, en lisant, en \u00e9crivant, en chantant en breton !\u2026 Alors se l\u00e8vera de nouveau une Bretagne bretonne o\u00f9 les Bretons seront honor\u00e9s, auront retrouv\u00e9 leur fiert\u00e9, o\u00f9 l\u2019on parlera breton, un breton correct, nettoy\u00e9 de ses gallicismes, qui sera enseign\u00e9 dans nos \u00e9coles\u2026 \u00bb<\/strong><\/p>\n<p style=\"text-align: justify;\">Skol Blistin, install\u00e9e dans le pavillon annexe de l\u2019H\u00f4tel Bellevue (erron\u00e9ment appel\u00e9 Beaus\u00e9jour par Kerlann dans une lettre du 10 octobre 1942 \u00e0 Yann Fou\u00e9r\u00e9), accueille neuf \u00e9l\u00e8ves, dont son fils Mikael et des enfants de militants bretons. Les cours, dispens\u00e9s de 8h45 \u00e0 17h, privil\u00e9gient le chant, l\u2019orthographe, la lecture et l\u2019histoire en breton, avec seulement une heure hebdomadaire de fran\u00e7ais. Inspir\u00e9 par les p\u00e9dagogies d\u2019Adolphe Ferri\u00e8re et des Freinet, et conseill\u00e9 par son ami Armand Keravel, Kerlann adopte des m\u00e9thodes novatrices : m\u00e9thode globale pour la lecture, compositions libres, activit\u00e9s manuelles comme le jardinage ou l\u2019\u00e9levage de lapins, et sorties dans la nature pour apprendre les noms des plantes et coquillages en breton. Keravel, dans une lettre du 29 octobre 1942, exprime son enthousiasme : <strong>\u00ab Gourc\u2019hemennou eta eo e kasan dit, pa glaskez sevel da wir hon hunvre deomp holl : eur skol vrezonek \u2013 ha breizat penn da benn. [\u2026] Gant eul labour a-bouez braz \u2013 ouspenn gant eul labour RAMZEL, gouzout a ran \u2013 eo e krogez eno. Eun dra kalonek ive. Ha d\u2019it-te e vo an enor da zigeri ar c\u2019henta skol vrezonek. \u00bb<\/strong> (Je te f\u00e9licite donc d\u2019essayer de r\u00e9aliser v\u00e9ritablement notre r\u00eave \u00e0 tous : une \u00e9cole en langue bretonne, et enti\u00e8rement bretonne. [\u2026] C\u2019est un travail tr\u00e8s important \u2013 plus que cela, un travail de g\u00e9ant, je le sais \u2013 que tu entreprends l\u00e0-bas. Une chose courageuse aussi. Et c\u2019est \u00e0 toi que reviendra l\u2019honneur d\u2019ouvrir la premi\u00e8re \u00e9cole en langue bretonne.) Skol Blistin, qui fonctionne jusqu\u2019en juin 1944, pose les bases des \u00e9coles immersives comme Diwan, prouvant que la langue bretonne est une arme de souverainet\u00e9 culturelle.<\/p>\n<p style=\"text-align: justify;\"><strong>Une plume pour la gloire de la langue bretonne<\/strong><\/p>\n<p style=\"text-align: justify;\">\u00c9crivain et journaliste, Yann Kerlann fait de sa plume un outil de renaissance nationale. En 1933, il rejoint Yann Sohier pour cr\u00e9er Ar Falz, militant pour l\u2019enseignement du breton dans les \u00e9coles publiques, et en prend la direction en 1935 apr\u00e8s la mort de Sohier. Ses articles dans Ar Falz, Breiz Atao, Gwalarn et L\u2019Heure bretonne c\u00e9l\u00e8brent la langue bretonne et appellent \u00e0 sa pr\u00e9servation. En 1936, les \u00e9ditions Ar Falz publient son recueil Trente chansons populaires bretonnes, incluant des \u0153uvres originales comme Mari Janig Vrao et Gwerz ar Balp. Sa chanson Luskell va Bag, adapt\u00e9e de Skye Boat Song, est reprise par Alan Stivell et des chorales, devenant un hymne vibrant de la culture bretonne.<\/p>\n<p><iframe title=\"Serge Kerguiduff -  Gwerz de Sebastien Lebalp\" width=\"500\" height=\"375\" src=\"https:\/\/www.youtube.com\/embed\/fhoQdlO3XRo?feature=oembed\" frameborder=\"0\" allow=\"accelerometer; autoplay; clipboard-write; encrypted-media; gyroscope; picture-in-picture; web-share\" referrerpolicy=\"strict-origin-when-cross-origin\" allowfullscreen><\/iframe><\/p>\n<p style=\"text-align: justify;\"><strong>Un musicien au service de l\u2019\u00e2me bretonne<\/strong><\/p>\n<p style=\"text-align: justify;\">Virtuose de la bombarde et du biniou, Yann Kerlann fait r\u00e9sonner l\u2019\u00e2me bretonne \u00e0 travers sa musique. Ses m\u00e9lodies, accompagnant les chants en breton lors des rassemblements nationalistes, unissent les militants dans une communion patriotique. Ses chansons, comme Luskell va Bag, portent la langue bretonne avec une force \u00e9motionnelle, ravivant la fiert\u00e9 nationale.<\/p>\n<p style=\"text-align: justify;\"><strong>Un h\u00e9ritage \u00e9ternel<\/strong><\/p>\n<p style=\"text-align: justify;\">Yann Kerlann s\u2019\u00e9teint le 16 d\u00e9cembre 1969 \u00e0 Montroulez. Skol Blistin, ses \u00e9crits, sa musique et son militantisme font de lui l\u2019un des architectes visionnaires de la renaissance bretonne.<\/p>\n<p style=\"text-align: right;\"><strong>Olier Kerdrel<\/strong><\/p>\n","protected":false},"excerpt":{"rendered":"<p>EMSAV &#8211; Yann Kerlann, n\u00e9 Jean Honor\u00e9 Delalande (31 juillet 1910 \u2013 16 d\u00e9cembre 1969), est une figure h\u00e9ro\u00efque de la cause bretonne, un visionnaire dont l\u2019engagement ind\u00e9fectible pour la langue et l\u2019identit\u00e9 de la Bretagne. Instituteur, \u00e9crivain, journaliste, musicien et, surtout, fondateur de Skol Blistin, la premi\u00e8re \u00e9cole immersive en langue bretonne \u00e0 Plestin-les-Gr\u00e8ves [&hellip;]<\/p>\n","protected":false},"author":1,"featured_media":4497,"comment_status":"open","ping_status":"open","sticky":false,"template":"","format":"standard","meta":{"sb_editor_width":"","footnotes":""},"categories":[74,65],"tags":[],"class_list":["post-4496","post","type-post","status-publish","format-standard","has-post-thumbnail","hentry","category-emsav","category-principale"],"relative_dates":{"created":"9 mois ago","modified":"9 mois ago"},"yoast_head":"<!-- This site is optimized with the Yoast SEO plugin v26.3 - https:\/\/yoast.com\/wordpress\/plugins\/seo\/ -->\n<title>Emsav : 31 juillet 1910, naissance de Yann Kerlann, fondateur de la premi\u00e8re \u00e9cole en langue bretonne - STOURM<\/title>\n<meta name=\"robots\" content=\"index, follow, max-snippet:-1, max-image-preview:large, max-video-preview:-1\" \/>\n<link rel=\"canonical\" href=\"https:\/\/stourm.news\/?p=4496\" \/>\n<meta property=\"og:locale\" content=\"fr_FR\" \/>\n<meta property=\"og:type\" content=\"article\" \/>\n<meta property=\"og:title\" content=\"Emsav : 31 juillet 1910, naissance de Yann Kerlann, fondateur de la premi\u00e8re \u00e9cole en langue bretonne - STOURM\" \/>\n<meta property=\"og:description\" content=\"EMSAV &#8211; Yann Kerlann, n\u00e9 Jean Honor\u00e9 Delalande (31 juillet 1910 \u2013 16 d\u00e9cembre 1969), est une figure h\u00e9ro\u00efque de la cause bretonne, un visionnaire dont l\u2019engagement ind\u00e9fectible pour la langue et l\u2019identit\u00e9 de la Bretagne. Instituteur, \u00e9crivain, journaliste, musicien et, surtout, fondateur de Skol Blistin, la premi\u00e8re \u00e9cole immersive en langue bretonne \u00e0 Plestin-les-Gr\u00e8ves [&hellip;]\" \/>\n<meta property=\"og:url\" content=\"https:\/\/stourm.news\/?p=4496\" \/>\n<meta property=\"og:site_name\" content=\"STOURM\" \/>\n<meta property=\"article:publisher\" content=\"https:\/\/www.facebook.com\/stourmnews\/\" \/>\n<meta property=\"article:published_time\" content=\"2025-07-30T11:21:03+00:00\" \/>\n<meta property=\"og:image\" content=\"https:\/\/stourm.news\/wp-content\/uploads\/2025\/07\/640px-Yann_Kerlann2.jpg\" \/>\n\t<meta property=\"og:image:width\" content=\"640\" \/>\n\t<meta property=\"og:image:height\" content=\"904\" \/>\n\t<meta property=\"og:image:type\" content=\"image\/jpeg\" \/>\n<meta name=\"author\" content=\"La r\u00e9daction\" \/>\n<meta name=\"twitter:card\" content=\"summary_large_image\" \/>\n<meta name=\"twitter:label1\" content=\"\u00c9crit par\" \/>\n\t<meta name=\"twitter:data1\" content=\"La r\u00e9daction\" \/>\n\t<meta name=\"twitter:label2\" content=\"Dur\u00e9e de lecture estim\u00e9e\" \/>\n\t<meta name=\"twitter:data2\" content=\"5 minutes\" \/>\n<script type=\"application\/ld+json\" class=\"yoast-schema-graph\">{\"@context\":\"https:\/\/schema.org\",\"@graph\":[{\"@type\":\"Article\",\"@id\":\"https:\/\/stourm.news\/?p=4496#article\",\"isPartOf\":{\"@id\":\"https:\/\/stourm.news\/?p=4496\"},\"author\":{\"name\":\"La r\u00e9daction\",\"@id\":\"https:\/\/stourm.news\/#\/schema\/person\/c3e1dc65988632e190969234ef046cf9\"},\"headline\":\"Emsav : 31 juillet 1910, naissance de Yann Kerlann, fondateur de la premi\u00e8re \u00e9cole en langue bretonne\",\"datePublished\":\"2025-07-30T11:21:03+00:00\",\"mainEntityOfPage\":{\"@id\":\"https:\/\/stourm.news\/?p=4496\"},\"wordCount\":886,\"commentCount\":0,\"publisher\":{\"@id\":\"https:\/\/stourm.news\/#organization\"},\"image\":{\"@id\":\"https:\/\/stourm.news\/?p=4496#primaryimage\"},\"thumbnailUrl\":\"https:\/\/stourm.news\/wp-content\/uploads\/2025\/07\/640px-Yann_Kerlann2.jpg\",\"articleSection\":[\"Emsav\",\"Principale\"],\"inLanguage\":\"fr-FR\",\"potentialAction\":[{\"@type\":\"CommentAction\",\"name\":\"Comment\",\"target\":[\"https:\/\/stourm.news\/?p=4496#respond\"]}]},{\"@type\":\"WebPage\",\"@id\":\"https:\/\/stourm.news\/?p=4496\",\"url\":\"https:\/\/stourm.news\/?p=4496\",\"name\":\"Emsav : 31 juillet 1910, naissance de Yann Kerlann, fondateur de la premi\u00e8re \u00e9cole en langue bretonne - STOURM\",\"isPartOf\":{\"@id\":\"https:\/\/stourm.news\/#website\"},\"primaryImageOfPage\":{\"@id\":\"https:\/\/stourm.news\/?p=4496#primaryimage\"},\"image\":{\"@id\":\"https:\/\/stourm.news\/?p=4496#primaryimage\"},\"thumbnailUrl\":\"https:\/\/stourm.news\/wp-content\/uploads\/2025\/07\/640px-Yann_Kerlann2.jpg\",\"datePublished\":\"2025-07-30T11:21:03+00:00\",\"breadcrumb\":{\"@id\":\"https:\/\/stourm.news\/?p=4496#breadcrumb\"},\"inLanguage\":\"fr-FR\",\"potentialAction\":[{\"@type\":\"ReadAction\",\"target\":[\"https:\/\/stourm.news\/?p=4496\"]}]},{\"@type\":\"ImageObject\",\"inLanguage\":\"fr-FR\",\"@id\":\"https:\/\/stourm.news\/?p=4496#primaryimage\",\"url\":\"https:\/\/stourm.news\/wp-content\/uploads\/2025\/07\/640px-Yann_Kerlann2.jpg\",\"contentUrl\":\"https:\/\/stourm.news\/wp-content\/uploads\/2025\/07\/640px-Yann_Kerlann2.jpg\",\"width\":640,\"height\":904},{\"@type\":\"BreadcrumbList\",\"@id\":\"https:\/\/stourm.news\/?p=4496#breadcrumb\",\"itemListElement\":[{\"@type\":\"ListItem\",\"position\":1,\"name\":\"Accueil\",\"item\":\"https:\/\/stourm.news\/\"},{\"@type\":\"ListItem\",\"position\":2,\"name\":\"Emsav : 31 juillet 1910, naissance de Yann Kerlann, fondateur de la premi\u00e8re \u00e9cole en langue bretonne\"}]},{\"@type\":\"WebSite\",\"@id\":\"https:\/\/stourm.news\/#website\",\"url\":\"https:\/\/stourm.news\/\",\"name\":\"Stourm\",\"description\":\"Kazetenn Strollad Broadel Breizh\",\"publisher\":{\"@id\":\"https:\/\/stourm.news\/#organization\"},\"potentialAction\":[{\"@type\":\"SearchAction\",\"target\":{\"@type\":\"EntryPoint\",\"urlTemplate\":\"https:\/\/stourm.news\/?s={search_term_string}\"},\"query-input\":{\"@type\":\"PropertyValueSpecification\",\"valueRequired\":true,\"valueName\":\"search_term_string\"}}],\"inLanguage\":\"fr-FR\"},{\"@type\":\"Organization\",\"@id\":\"https:\/\/stourm.news\/#organization\",\"name\":\"Stourm\",\"url\":\"https:\/\/stourm.news\/\",\"logo\":{\"@type\":\"ImageObject\",\"inLanguage\":\"fr-FR\",\"@id\":\"https:\/\/stourm.news\/#\/schema\/logo\/image\/\",\"url\":\"https:\/\/stourm.news\/wp-content\/uploads\/2025\/11\/cropped-Capture-decran-2025-11-28-a-15.19.07.png\",\"contentUrl\":\"https:\/\/stourm.news\/wp-content\/uploads\/2025\/11\/cropped-Capture-decran-2025-11-28-a-15.19.07.png\",\"width\":1855,\"height\":383,\"caption\":\"Stourm\"},\"image\":{\"@id\":\"https:\/\/stourm.news\/#\/schema\/logo\/image\/\"},\"sameAs\":[\"https:\/\/www.facebook.com\/stourmnews\/\"]},{\"@type\":\"Person\",\"@id\":\"https:\/\/stourm.news\/#\/schema\/person\/c3e1dc65988632e190969234ef046cf9\",\"name\":\"La r\u00e9daction\",\"image\":{\"@type\":\"ImageObject\",\"inLanguage\":\"fr-FR\",\"@id\":\"https:\/\/stourm.news\/#\/schema\/person\/image\/\",\"url\":\"https:\/\/secure.gravatar.com\/avatar\/7463443f194b6b5fb706b074ca0ef59a0cfcfd720cb47764b0ec5a952ce422b3?s=96&d=mm&r=g\",\"contentUrl\":\"https:\/\/secure.gravatar.com\/avatar\/7463443f194b6b5fb706b074ca0ef59a0cfcfd720cb47764b0ec5a952ce422b3?s=96&d=mm&r=g\",\"caption\":\"La r\u00e9daction\"},\"sameAs\":[\"https:\/\/stourm.news\"],\"url\":\"https:\/\/stourm.news\/?author=1\"}]}<\/script>\n<!-- \/ Yoast SEO plugin. -->","yoast_head_json":{"title":"Emsav : 31 juillet 1910, naissance de Yann Kerlann, fondateur de la premi\u00e8re \u00e9cole en langue bretonne - STOURM","robots":{"index":"index","follow":"follow","max-snippet":"max-snippet:-1","max-image-preview":"max-image-preview:large","max-video-preview":"max-video-preview:-1"},"canonical":"https:\/\/stourm.news\/?p=4496","og_locale":"fr_FR","og_type":"article","og_title":"Emsav : 31 juillet 1910, naissance de Yann Kerlann, fondateur de la premi\u00e8re \u00e9cole en langue bretonne - STOURM","og_description":"EMSAV &#8211; Yann Kerlann, n\u00e9 Jean Honor\u00e9 Delalande (31 juillet 1910 \u2013 16 d\u00e9cembre 1969), est une figure h\u00e9ro\u00efque de la cause bretonne, un visionnaire dont l\u2019engagement ind\u00e9fectible pour la langue et l\u2019identit\u00e9 de la Bretagne. Instituteur, \u00e9crivain, journaliste, musicien et, surtout, fondateur de Skol Blistin, la premi\u00e8re \u00e9cole immersive en langue bretonne \u00e0 Plestin-les-Gr\u00e8ves [&hellip;]","og_url":"https:\/\/stourm.news\/?p=4496","og_site_name":"STOURM","article_publisher":"https:\/\/www.facebook.com\/stourmnews\/","article_published_time":"2025-07-30T11:21:03+00:00","og_image":[{"width":640,"height":904,"url":"https:\/\/stourm.news\/wp-content\/uploads\/2025\/07\/640px-Yann_Kerlann2.jpg","type":"image\/jpeg"}],"author":"La r\u00e9daction","twitter_card":"summary_large_image","twitter_misc":{"\u00c9crit par":"La r\u00e9daction","Dur\u00e9e de lecture estim\u00e9e":"5 minutes"},"schema":{"@context":"https:\/\/schema.org","@graph":[{"@type":"Article","@id":"https:\/\/stourm.news\/?p=4496#article","isPartOf":{"@id":"https:\/\/stourm.news\/?p=4496"},"author":{"name":"La r\u00e9daction","@id":"https:\/\/stourm.news\/#\/schema\/person\/c3e1dc65988632e190969234ef046cf9"},"headline":"Emsav : 31 juillet 1910, naissance de Yann Kerlann, fondateur de la premi\u00e8re \u00e9cole en langue bretonne","datePublished":"2025-07-30T11:21:03+00:00","mainEntityOfPage":{"@id":"https:\/\/stourm.news\/?p=4496"},"wordCount":886,"commentCount":0,"publisher":{"@id":"https:\/\/stourm.news\/#organization"},"image":{"@id":"https:\/\/stourm.news\/?p=4496#primaryimage"},"thumbnailUrl":"https:\/\/stourm.news\/wp-content\/uploads\/2025\/07\/640px-Yann_Kerlann2.jpg","articleSection":["Emsav","Principale"],"inLanguage":"fr-FR","potentialAction":[{"@type":"CommentAction","name":"Comment","target":["https:\/\/stourm.news\/?p=4496#respond"]}]},{"@type":"WebPage","@id":"https:\/\/stourm.news\/?p=4496","url":"https:\/\/stourm.news\/?p=4496","name":"Emsav : 31 juillet 1910, naissance de Yann Kerlann, fondateur de la premi\u00e8re \u00e9cole en langue bretonne - STOURM","isPartOf":{"@id":"https:\/\/stourm.news\/#website"},"primaryImageOfPage":{"@id":"https:\/\/stourm.news\/?p=4496#primaryimage"},"image":{"@id":"https:\/\/stourm.news\/?p=4496#primaryimage"},"thumbnailUrl":"https:\/\/stourm.news\/wp-content\/uploads\/2025\/07\/640px-Yann_Kerlann2.jpg","datePublished":"2025-07-30T11:21:03+00:00","breadcrumb":{"@id":"https:\/\/stourm.news\/?p=4496#breadcrumb"},"inLanguage":"fr-FR","potentialAction":[{"@type":"ReadAction","target":["https:\/\/stourm.news\/?p=4496"]}]},{"@type":"ImageObject","inLanguage":"fr-FR","@id":"https:\/\/stourm.news\/?p=4496#primaryimage","url":"https:\/\/stourm.news\/wp-content\/uploads\/2025\/07\/640px-Yann_Kerlann2.jpg","contentUrl":"https:\/\/stourm.news\/wp-content\/uploads\/2025\/07\/640px-Yann_Kerlann2.jpg","width":640,"height":904},{"@type":"BreadcrumbList","@id":"https:\/\/stourm.news\/?p=4496#breadcrumb","itemListElement":[{"@type":"ListItem","position":1,"name":"Accueil","item":"https:\/\/stourm.news\/"},{"@type":"ListItem","position":2,"name":"Emsav : 31 juillet 1910, naissance de Yann Kerlann, fondateur de la premi\u00e8re \u00e9cole en langue bretonne"}]},{"@type":"WebSite","@id":"https:\/\/stourm.news\/#website","url":"https:\/\/stourm.news\/","name":"Stourm","description":"Kazetenn Strollad Broadel Breizh","publisher":{"@id":"https:\/\/stourm.news\/#organization"},"potentialAction":[{"@type":"SearchAction","target":{"@type":"EntryPoint","urlTemplate":"https:\/\/stourm.news\/?s={search_term_string}"},"query-input":{"@type":"PropertyValueSpecification","valueRequired":true,"valueName":"search_term_string"}}],"inLanguage":"fr-FR"},{"@type":"Organization","@id":"https:\/\/stourm.news\/#organization","name":"Stourm","url":"https:\/\/stourm.news\/","logo":{"@type":"ImageObject","inLanguage":"fr-FR","@id":"https:\/\/stourm.news\/#\/schema\/logo\/image\/","url":"https:\/\/stourm.news\/wp-content\/uploads\/2025\/11\/cropped-Capture-decran-2025-11-28-a-15.19.07.png","contentUrl":"https:\/\/stourm.news\/wp-content\/uploads\/2025\/11\/cropped-Capture-decran-2025-11-28-a-15.19.07.png","width":1855,"height":383,"caption":"Stourm"},"image":{"@id":"https:\/\/stourm.news\/#\/schema\/logo\/image\/"},"sameAs":["https:\/\/www.facebook.com\/stourmnews\/"]},{"@type":"Person","@id":"https:\/\/stourm.news\/#\/schema\/person\/c3e1dc65988632e190969234ef046cf9","name":"La r\u00e9daction","image":{"@type":"ImageObject","inLanguage":"fr-FR","@id":"https:\/\/stourm.news\/#\/schema\/person\/image\/","url":"https:\/\/secure.gravatar.com\/avatar\/7463443f194b6b5fb706b074ca0ef59a0cfcfd720cb47764b0ec5a952ce422b3?s=96&d=mm&r=g","contentUrl":"https:\/\/secure.gravatar.com\/avatar\/7463443f194b6b5fb706b074ca0ef59a0cfcfd720cb47764b0ec5a952ce422b3?s=96&d=mm&r=g","caption":"La r\u00e9daction"},"sameAs":["https:\/\/stourm.news"],"url":"https:\/\/stourm.news\/?author=1"}]}},"_links":{"self":[{"href":"https:\/\/stourm.news\/index.php?rest_route=\/wp\/v2\/posts\/4496","targetHints":{"allow":["GET"]}}],"collection":[{"href":"https:\/\/stourm.news\/index.php?rest_route=\/wp\/v2\/posts"}],"about":[{"href":"https:\/\/stourm.news\/index.php?rest_route=\/wp\/v2\/types\/post"}],"author":[{"embeddable":true,"href":"https:\/\/stourm.news\/index.php?rest_route=\/wp\/v2\/users\/1"}],"replies":[{"embeddable":true,"href":"https:\/\/stourm.news\/index.php?rest_route=%2Fwp%2Fv2%2Fcomments&post=4496"}],"version-history":[{"count":1,"href":"https:\/\/stourm.news\/index.php?rest_route=\/wp\/v2\/posts\/4496\/revisions"}],"predecessor-version":[{"id":4498,"href":"https:\/\/stourm.news\/index.php?rest_route=\/wp\/v2\/posts\/4496\/revisions\/4498"}],"wp:featuredmedia":[{"embeddable":true,"href":"https:\/\/stourm.news\/index.php?rest_route=\/wp\/v2\/media\/4497"}],"wp:attachment":[{"href":"https:\/\/stourm.news\/index.php?rest_route=%2Fwp%2Fv2%2Fmedia&parent=4496"}],"wp:term":[{"taxonomy":"category","embeddable":true,"href":"https:\/\/stourm.news\/index.php?rest_route=%2Fwp%2Fv2%2Fcategories&post=4496"},{"taxonomy":"post_tag","embeddable":true,"href":"https:\/\/stourm.news\/index.php?rest_route=%2Fwp%2Fv2%2Ftags&post=4496"}],"curies":[{"name":"wp","href":"https:\/\/api.w.org\/{rel}","templated":true}]}}