{"id":4604,"date":"2025-09-02T08:39:24","date_gmt":"2025-09-02T08:39:24","guid":{"rendered":"https:\/\/stourm.news\/?p=4604"},"modified":"2025-09-02T08:41:03","modified_gmt":"2025-09-02T08:41:03","slug":"4604","status":"publish","type":"post","link":"https:\/\/stourm.news\/?p=4604","title":{"rendered":"20 000 signataires pour la reconnaissance de la Cornouaille comme cinqui\u00e8me nation du Royaume-Uni"},"content":{"rendered":"<p style=\"text-align: justify;\">Le 1er septembre 2025, une p\u00e9tition r\u00e9clamant la reconnaissance de la Cornouaille (Kernow) comme cinqui\u00e8me nation du Royaume-Uni a franchi un cap symbolique en d\u00e9passant les 20 000 signatures. Ce chiffre r\u00e9sonne avec l\u2019hymne cornique Trelawny, dont le vers c\u00e9l\u00e8bre, \u00ab Et voici vingt mille Corniques qui sauront pourquoi \u00bb, incarne l\u2019esprit ind\u00e9pendant et fier de ce peuple celte. Cette mobilisation, port\u00e9e par une motion du Conseil de Cornouaille et soutenue par un \u00e9lan populaire croissant, illustre une aspiration profonde \u00e0 une reconnaissance officielle, comparable \u00e0 celle du Pays de Galles, de l\u2019\u00c9cosse ou de l\u2019Irlande du Nord. Pour nous, Bretons, cette lutte fait \u00e9cho \u00e0 notre propre combat pour la pr\u00e9servation de notre nationalit\u00e9.<\/p>\n<p style=\"text-align: justify;\"><strong>Une revendication ancr\u00e9e dans une identit\u00e9 forte<\/strong><\/p>\n<p style=\"text-align: justify;\">La p\u00e9tition, lanc\u00e9e par Louis Richards sur le site officiel du Parlement britannique, demande au gouvernement de Westminster de reconna\u00eetre officiellement la Cornouaille comme une nation \u00e0 part enti\u00e8re, avec des pouvoirs d\u00e9volus, la pr\u00e9servation de sa culture et la reconnaissance de son patrimoine distinct, notamment sa langue, le Kernewek. Elle s\u2019appuie sur une motion adopt\u00e9e le 22 juillet 2025 par le Conseil de Cornouaille, sous l\u2019impulsion du conseiller Dick Cole, leader du parti Mebyon Kernow (Fils de Cornouaille). Avec 53 voix pour, 22 contre et deux abstentions, cette motion marque une \u00e9tape majeure dans la qu\u00eate de reconnaissance nationale.<\/p>\n<p style=\"text-align: justify;\">Le leader du Conseil, le lib\u00e9ral-d\u00e9mocrate Leigh Frost, a d\u00e9clar\u00e9 lors de son discours State of Cornwall in the National Context : \u00ab Une nation, ce n\u2019est pas seulement une fronti\u00e8re ou un drapeau. C\u2019est un peuple, une voix, une histoire partag\u00e9e et un objectif commun. La Cornouaille a tout cela et bien plus encore. \u00bb Ces mots r\u00e9sonnent avec force pour les nationalistes bretons, qui partagent avec les Corniques une histoire celtique commune, marqu\u00e9e par une langue, une culture et une r\u00e9sistance face \u00e0 l&rsquo;assimilation.<\/p>\n<p style=\"text-align: justify;\"><strong>Un \u00e9lan populaire et un symbole historique<\/strong><\/p>\n<p style=\"text-align: justify;\">Le seuil des 20 000 signatures, atteint le 1er septembre, est particuli\u00e8rement significatif. Il fait r\u00e9f\u00e9rence \u00e0 l\u2019hymne Trelawny, \u00e9crit en 1824 par le r\u00e9v\u00e9rend Stephen Hawker pour comm\u00e9morer la r\u00e9volte de 1688, lorsque des Corniques march\u00e8rent sur Londres pour exiger la lib\u00e9ration de Sir Jonathan Trelawny, emprisonn\u00e9 pour son opposition aux politiques religieuses du roi Jacques II. Ce symbole d\u2019unit\u00e9 et de r\u00e9sistance, r\u00e9sum\u00e9 par la devise cornique Onen hag Oll (\u00ab Un et tous \u00bb), continue d\u2019inspirer les Corniques aujourd\u2019hui.<\/p>\n<p style=\"text-align: justify;\">La p\u00e9tition, qui a d\u00e9j\u00e0 d\u00e9pass\u00e9 les 10 000 signatures n\u00e9cessaires pour obtenir une r\u00e9ponse officielle du gouvernement britannique, vise d\u00e9sormais les 100 000 signatures d\u2019ici le 11 septembre 2025, afin de provoquer un d\u00e9bat au Parlement. Avec 21 218 signatures au 2 septembre, la dynamique est forte, port\u00e9e par des d\u00e9cennies de campagnes pour la reconnaissance de l\u2019identit\u00e9 cornique, d\u00e9j\u00e0 reconnue comme minorit\u00e9 nationale depuis 2014.<\/p>\n<p style=\"text-align: justify;\"><strong>Une lutte pour l\u2019autonomie<\/strong><\/p>\n<p style=\"text-align: justify;\">Cette initiative s\u2019inscrit dans un contexte de frustration face \u00e0 la centralisation des d\u00e9cisions \u00e0 Londres. Comme le souligne le conseiller Frost, \u00ab trop souvent, les d\u00e9cisions affectant la Cornouaille sont prises sans les voix corniques \u00e0 la table. \u00bb Les d\u00e9fis socio-\u00e9conomiques, tels que les bas salaires, la crise du logement et l\u2019exode des jeunes familles, renforcent l\u2019urgence d\u2019une d\u00e9volution accrue. La Cornouaille, avec ses 580 000 habitants, aspire \u00e0 contr\u00f4ler ses propres services publics, ses investissements \u00e9conomiques et ses politiques en mati\u00e8re de logement et de transport.<\/p>\n<p style=\"text-align: justify;\">Le parall\u00e8le avec la Bretagne est frappant. Tout comme les Corniques, les Bretons luttent pour leur libert\u00e9 national face \u00e0 un \u00c9tat \u00e9tranger qui marginalise les nations qu&rsquo;il occupe. La reconnaissance de la Cornouaille comme nation pourrait ouvrir la voie \u00e0 une d\u00e9volution similaire \u00e0 celle du Pays de Galles ou de l\u2019\u00c9cosse, avec des pouvoirs accrus pour pr\u00e9server la langue Kernewek et promouvoir un d\u00e9veloppement \u00e9conomique durable, notamment via l\u2019exploitation du lithium et le tourisme.<\/p>\n<p style=\"text-align: justify;\"><b>Opposition des nostalgiques de l&#8217;empire britannique<\/b><\/p>\n<p style=\"text-align: justify;\">Cependant, des r\u00e9sistances existent. Les \u00e9lus du parti Reform UK, majoritaires au Conseil de Cornouaille, ont exprim\u00e9 leur opposition \u00e0 une d\u00e9volution compl\u00e8te, arguant qu\u2019elle n\u00e9cessiterait un large consensus populaire. De m\u00eame, certains \u00e9lus, comme Anna Gelderd, d\u00e9put\u00e9e travailliste, appellent \u00e0 la prudence, pr\u00e9f\u00e9rant se concentrer sur des am\u00e9liorations concr\u00e8tes des services publics. Ces d\u00e9bats rappellent ceux qui agitent la Bretagne, o\u00f9 les aspirations nationalistes se heurtent \u00e0 l&rsquo;opposition des partis parisiens.<\/p>\n<p style=\"text-align: justify;\"><strong>Vers un avenir f\u00e9d\u00e9ral ?<\/strong><\/p>\n<p style=\"text-align: justify;\">Certains observateurs proposent une refonte f\u00e9d\u00e9rale du Royaume-Uni, incluant la Cornouaille, le Pays de Galles, l\u2019\u00c9cosse, et m\u00eame l\u2019\u00cele de Man, souvent oubli\u00e9e. Une telle structure pourrait \u00e9galement r\u00e9soudre des tensions, comme celles en Irlande du Nord. En Bretagne, o\u00f9 les appels \u00e0 l&rsquo;autonomie se multiplient, cette id\u00e9e d\u2019un mod\u00e8le f\u00e9d\u00e9ral r\u00e9sonne avec notre propre vision d\u2019une Europe des peuples, o\u00f9 chaque nation, quelle que soit sa taille, aurait une voix.<\/p>\n<p style=\"text-align: right;\"><strong>Budig Gourmaelon<\/strong><\/p>\n","protected":false},"excerpt":{"rendered":"<p>Le 1er septembre 2025, une p\u00e9tition r\u00e9clamant la reconnaissance de la Cornouaille (Kernow) comme cinqui\u00e8me nation du Royaume-Uni a franchi un cap symbolique en d\u00e9passant les 20 000 signatures. Ce chiffre r\u00e9sonne avec l\u2019hymne cornique Trelawny, dont le vers c\u00e9l\u00e8bre, \u00ab Et voici vingt mille Corniques qui sauront pourquoi \u00bb, incarne l\u2019esprit ind\u00e9pendant et fier [&hellip;]<\/p>\n","protected":false},"author":1,"featured_media":4605,"comment_status":"open","ping_status":"open","sticky":false,"template":"","format":"standard","meta":{"sb_editor_width":"","footnotes":""},"categories":[88,66,65],"tags":[],"class_list":["post-4604","post","type-post","status-publish","format-standard","has-post-thumbnail","hentry","category-interceltisme","category-international","category-principale"],"relative_dates":{"created":"8 mois ago","modified":"8 mois ago"},"yoast_head":"<!-- This site is optimized with the Yoast SEO plugin v26.3 - https:\/\/yoast.com\/wordpress\/plugins\/seo\/ -->\n<title>20 000 signataires pour la reconnaissance de la Cornouaille comme cinqui\u00e8me nation du Royaume-Uni - STOURM<\/title>\n<meta name=\"robots\" content=\"index, follow, max-snippet:-1, max-image-preview:large, max-video-preview:-1\" \/>\n<link rel=\"canonical\" href=\"https:\/\/stourm.news\/?p=4604\" \/>\n<meta property=\"og:locale\" content=\"fr_FR\" \/>\n<meta property=\"og:type\" content=\"article\" \/>\n<meta property=\"og:title\" content=\"20 000 signataires pour la reconnaissance de la Cornouaille comme cinqui\u00e8me nation du Royaume-Uni - STOURM\" \/>\n<meta property=\"og:description\" content=\"Le 1er septembre 2025, une p\u00e9tition r\u00e9clamant la reconnaissance de la Cornouaille (Kernow) comme cinqui\u00e8me nation du Royaume-Uni a franchi un cap symbolique en d\u00e9passant les 20 000 signatures. Ce chiffre r\u00e9sonne avec l\u2019hymne cornique Trelawny, dont le vers c\u00e9l\u00e8bre, \u00ab Et voici vingt mille Corniques qui sauront pourquoi \u00bb, incarne l\u2019esprit ind\u00e9pendant et fier [&hellip;]\" \/>\n<meta property=\"og:url\" content=\"https:\/\/stourm.news\/?p=4604\" \/>\n<meta property=\"og:site_name\" content=\"STOURM\" \/>\n<meta property=\"article:publisher\" content=\"https:\/\/www.facebook.com\/stourmnews\/\" \/>\n<meta property=\"article:published_time\" content=\"2025-09-02T08:39:24+00:00\" \/>\n<meta property=\"article:modified_time\" content=\"2025-09-02T08:41:03+00:00\" \/>\n<meta property=\"og:image\" content=\"https:\/\/stourm.news\/wp-content\/uploads\/2025\/09\/Photo-05-03-2017-14-04-50-scaled-1.jpg\" \/>\n\t<meta property=\"og:image:width\" content=\"2560\" \/>\n\t<meta property=\"og:image:height\" content=\"1895\" \/>\n\t<meta property=\"og:image:type\" content=\"image\/jpeg\" \/>\n<meta name=\"author\" content=\"La r\u00e9daction\" \/>\n<meta name=\"twitter:card\" content=\"summary_large_image\" \/>\n<meta name=\"twitter:label1\" content=\"\u00c9crit par\" \/>\n\t<meta name=\"twitter:data1\" content=\"La r\u00e9daction\" \/>\n\t<meta name=\"twitter:label2\" content=\"Dur\u00e9e de lecture estim\u00e9e\" \/>\n\t<meta name=\"twitter:data2\" content=\"5 minutes\" \/>\n<script type=\"application\/ld+json\" class=\"yoast-schema-graph\">{\"@context\":\"https:\/\/schema.org\",\"@graph\":[{\"@type\":\"Article\",\"@id\":\"https:\/\/stourm.news\/?p=4604#article\",\"isPartOf\":{\"@id\":\"https:\/\/stourm.news\/?p=4604\"},\"author\":{\"name\":\"La r\u00e9daction\",\"@id\":\"https:\/\/stourm.news\/#\/schema\/person\/c3e1dc65988632e190969234ef046cf9\"},\"headline\":\"20 000 signataires pour la reconnaissance de la Cornouaille comme cinqui\u00e8me nation du Royaume-Uni\",\"datePublished\":\"2025-09-02T08:39:24+00:00\",\"dateModified\":\"2025-09-02T08:41:03+00:00\",\"mainEntityOfPage\":{\"@id\":\"https:\/\/stourm.news\/?p=4604\"},\"wordCount\":866,\"commentCount\":0,\"publisher\":{\"@id\":\"https:\/\/stourm.news\/#organization\"},\"image\":{\"@id\":\"https:\/\/stourm.news\/?p=4604#primaryimage\"},\"thumbnailUrl\":\"https:\/\/stourm.news\/wp-content\/uploads\/2025\/09\/Photo-05-03-2017-14-04-50-scaled-1.jpg\",\"articleSection\":[\"Interceltisme\",\"International\",\"Principale\"],\"inLanguage\":\"fr-FR\",\"potentialAction\":[{\"@type\":\"CommentAction\",\"name\":\"Comment\",\"target\":[\"https:\/\/stourm.news\/?p=4604#respond\"]}]},{\"@type\":\"WebPage\",\"@id\":\"https:\/\/stourm.news\/?p=4604\",\"url\":\"https:\/\/stourm.news\/?p=4604\",\"name\":\"20 000 signataires pour la reconnaissance de la Cornouaille comme cinqui\u00e8me nation du Royaume-Uni - STOURM\",\"isPartOf\":{\"@id\":\"https:\/\/stourm.news\/#website\"},\"primaryImageOfPage\":{\"@id\":\"https:\/\/stourm.news\/?p=4604#primaryimage\"},\"image\":{\"@id\":\"https:\/\/stourm.news\/?p=4604#primaryimage\"},\"thumbnailUrl\":\"https:\/\/stourm.news\/wp-content\/uploads\/2025\/09\/Photo-05-03-2017-14-04-50-scaled-1.jpg\",\"datePublished\":\"2025-09-02T08:39:24+00:00\",\"dateModified\":\"2025-09-02T08:41:03+00:00\",\"breadcrumb\":{\"@id\":\"https:\/\/stourm.news\/?p=4604#breadcrumb\"},\"inLanguage\":\"fr-FR\",\"potentialAction\":[{\"@type\":\"ReadAction\",\"target\":[\"https:\/\/stourm.news\/?p=4604\"]}]},{\"@type\":\"ImageObject\",\"inLanguage\":\"fr-FR\",\"@id\":\"https:\/\/stourm.news\/?p=4604#primaryimage\",\"url\":\"https:\/\/stourm.news\/wp-content\/uploads\/2025\/09\/Photo-05-03-2017-14-04-50-scaled-1.jpg\",\"contentUrl\":\"https:\/\/stourm.news\/wp-content\/uploads\/2025\/09\/Photo-05-03-2017-14-04-50-scaled-1.jpg\",\"width\":2560,\"height\":1895},{\"@type\":\"BreadcrumbList\",\"@id\":\"https:\/\/stourm.news\/?p=4604#breadcrumb\",\"itemListElement\":[{\"@type\":\"ListItem\",\"position\":1,\"name\":\"Accueil\",\"item\":\"https:\/\/stourm.news\/\"},{\"@type\":\"ListItem\",\"position\":2,\"name\":\"20 000 signataires pour la reconnaissance de la Cornouaille comme cinqui\u00e8me nation du Royaume-Uni\"}]},{\"@type\":\"WebSite\",\"@id\":\"https:\/\/stourm.news\/#website\",\"url\":\"https:\/\/stourm.news\/\",\"name\":\"Stourm\",\"description\":\"Kazetenn Strollad Broadel Breizh\",\"publisher\":{\"@id\":\"https:\/\/stourm.news\/#organization\"},\"potentialAction\":[{\"@type\":\"SearchAction\",\"target\":{\"@type\":\"EntryPoint\",\"urlTemplate\":\"https:\/\/stourm.news\/?s={search_term_string}\"},\"query-input\":{\"@type\":\"PropertyValueSpecification\",\"valueRequired\":true,\"valueName\":\"search_term_string\"}}],\"inLanguage\":\"fr-FR\"},{\"@type\":\"Organization\",\"@id\":\"https:\/\/stourm.news\/#organization\",\"name\":\"Stourm\",\"url\":\"https:\/\/stourm.news\/\",\"logo\":{\"@type\":\"ImageObject\",\"inLanguage\":\"fr-FR\",\"@id\":\"https:\/\/stourm.news\/#\/schema\/logo\/image\/\",\"url\":\"https:\/\/stourm.news\/wp-content\/uploads\/2025\/11\/cropped-Capture-decran-2025-11-28-a-15.19.07.png\",\"contentUrl\":\"https:\/\/stourm.news\/wp-content\/uploads\/2025\/11\/cropped-Capture-decran-2025-11-28-a-15.19.07.png\",\"width\":1855,\"height\":383,\"caption\":\"Stourm\"},\"image\":{\"@id\":\"https:\/\/stourm.news\/#\/schema\/logo\/image\/\"},\"sameAs\":[\"https:\/\/www.facebook.com\/stourmnews\/\"]},{\"@type\":\"Person\",\"@id\":\"https:\/\/stourm.news\/#\/schema\/person\/c3e1dc65988632e190969234ef046cf9\",\"name\":\"La r\u00e9daction\",\"image\":{\"@type\":\"ImageObject\",\"inLanguage\":\"fr-FR\",\"@id\":\"https:\/\/stourm.news\/#\/schema\/person\/image\/\",\"url\":\"https:\/\/secure.gravatar.com\/avatar\/7463443f194b6b5fb706b074ca0ef59a0cfcfd720cb47764b0ec5a952ce422b3?s=96&d=mm&r=g\",\"contentUrl\":\"https:\/\/secure.gravatar.com\/avatar\/7463443f194b6b5fb706b074ca0ef59a0cfcfd720cb47764b0ec5a952ce422b3?s=96&d=mm&r=g\",\"caption\":\"La r\u00e9daction\"},\"sameAs\":[\"https:\/\/stourm.news\"],\"url\":\"https:\/\/stourm.news\/?author=1\"}]}<\/script>\n<!-- \/ Yoast SEO plugin. -->","yoast_head_json":{"title":"20 000 signataires pour la reconnaissance de la Cornouaille comme cinqui\u00e8me nation du Royaume-Uni - STOURM","robots":{"index":"index","follow":"follow","max-snippet":"max-snippet:-1","max-image-preview":"max-image-preview:large","max-video-preview":"max-video-preview:-1"},"canonical":"https:\/\/stourm.news\/?p=4604","og_locale":"fr_FR","og_type":"article","og_title":"20 000 signataires pour la reconnaissance de la Cornouaille comme cinqui\u00e8me nation du Royaume-Uni - STOURM","og_description":"Le 1er septembre 2025, une p\u00e9tition r\u00e9clamant la reconnaissance de la Cornouaille (Kernow) comme cinqui\u00e8me nation du Royaume-Uni a franchi un cap symbolique en d\u00e9passant les 20 000 signatures. Ce chiffre r\u00e9sonne avec l\u2019hymne cornique Trelawny, dont le vers c\u00e9l\u00e8bre, \u00ab Et voici vingt mille Corniques qui sauront pourquoi \u00bb, incarne l\u2019esprit ind\u00e9pendant et fier [&hellip;]","og_url":"https:\/\/stourm.news\/?p=4604","og_site_name":"STOURM","article_publisher":"https:\/\/www.facebook.com\/stourmnews\/","article_published_time":"2025-09-02T08:39:24+00:00","article_modified_time":"2025-09-02T08:41:03+00:00","og_image":[{"width":2560,"height":1895,"url":"https:\/\/stourm.news\/wp-content\/uploads\/2025\/09\/Photo-05-03-2017-14-04-50-scaled-1.jpg","type":"image\/jpeg"}],"author":"La r\u00e9daction","twitter_card":"summary_large_image","twitter_misc":{"\u00c9crit par":"La r\u00e9daction","Dur\u00e9e de lecture estim\u00e9e":"5 minutes"},"schema":{"@context":"https:\/\/schema.org","@graph":[{"@type":"Article","@id":"https:\/\/stourm.news\/?p=4604#article","isPartOf":{"@id":"https:\/\/stourm.news\/?p=4604"},"author":{"name":"La r\u00e9daction","@id":"https:\/\/stourm.news\/#\/schema\/person\/c3e1dc65988632e190969234ef046cf9"},"headline":"20 000 signataires pour la reconnaissance de la Cornouaille comme cinqui\u00e8me nation du Royaume-Uni","datePublished":"2025-09-02T08:39:24+00:00","dateModified":"2025-09-02T08:41:03+00:00","mainEntityOfPage":{"@id":"https:\/\/stourm.news\/?p=4604"},"wordCount":866,"commentCount":0,"publisher":{"@id":"https:\/\/stourm.news\/#organization"},"image":{"@id":"https:\/\/stourm.news\/?p=4604#primaryimage"},"thumbnailUrl":"https:\/\/stourm.news\/wp-content\/uploads\/2025\/09\/Photo-05-03-2017-14-04-50-scaled-1.jpg","articleSection":["Interceltisme","International","Principale"],"inLanguage":"fr-FR","potentialAction":[{"@type":"CommentAction","name":"Comment","target":["https:\/\/stourm.news\/?p=4604#respond"]}]},{"@type":"WebPage","@id":"https:\/\/stourm.news\/?p=4604","url":"https:\/\/stourm.news\/?p=4604","name":"20 000 signataires pour la reconnaissance de la Cornouaille comme cinqui\u00e8me nation du Royaume-Uni - STOURM","isPartOf":{"@id":"https:\/\/stourm.news\/#website"},"primaryImageOfPage":{"@id":"https:\/\/stourm.news\/?p=4604#primaryimage"},"image":{"@id":"https:\/\/stourm.news\/?p=4604#primaryimage"},"thumbnailUrl":"https:\/\/stourm.news\/wp-content\/uploads\/2025\/09\/Photo-05-03-2017-14-04-50-scaled-1.jpg","datePublished":"2025-09-02T08:39:24+00:00","dateModified":"2025-09-02T08:41:03+00:00","breadcrumb":{"@id":"https:\/\/stourm.news\/?p=4604#breadcrumb"},"inLanguage":"fr-FR","potentialAction":[{"@type":"ReadAction","target":["https:\/\/stourm.news\/?p=4604"]}]},{"@type":"ImageObject","inLanguage":"fr-FR","@id":"https:\/\/stourm.news\/?p=4604#primaryimage","url":"https:\/\/stourm.news\/wp-content\/uploads\/2025\/09\/Photo-05-03-2017-14-04-50-scaled-1.jpg","contentUrl":"https:\/\/stourm.news\/wp-content\/uploads\/2025\/09\/Photo-05-03-2017-14-04-50-scaled-1.jpg","width":2560,"height":1895},{"@type":"BreadcrumbList","@id":"https:\/\/stourm.news\/?p=4604#breadcrumb","itemListElement":[{"@type":"ListItem","position":1,"name":"Accueil","item":"https:\/\/stourm.news\/"},{"@type":"ListItem","position":2,"name":"20 000 signataires pour la reconnaissance de la Cornouaille comme cinqui\u00e8me nation du Royaume-Uni"}]},{"@type":"WebSite","@id":"https:\/\/stourm.news\/#website","url":"https:\/\/stourm.news\/","name":"Stourm","description":"Kazetenn Strollad Broadel Breizh","publisher":{"@id":"https:\/\/stourm.news\/#organization"},"potentialAction":[{"@type":"SearchAction","target":{"@type":"EntryPoint","urlTemplate":"https:\/\/stourm.news\/?s={search_term_string}"},"query-input":{"@type":"PropertyValueSpecification","valueRequired":true,"valueName":"search_term_string"}}],"inLanguage":"fr-FR"},{"@type":"Organization","@id":"https:\/\/stourm.news\/#organization","name":"Stourm","url":"https:\/\/stourm.news\/","logo":{"@type":"ImageObject","inLanguage":"fr-FR","@id":"https:\/\/stourm.news\/#\/schema\/logo\/image\/","url":"https:\/\/stourm.news\/wp-content\/uploads\/2025\/11\/cropped-Capture-decran-2025-11-28-a-15.19.07.png","contentUrl":"https:\/\/stourm.news\/wp-content\/uploads\/2025\/11\/cropped-Capture-decran-2025-11-28-a-15.19.07.png","width":1855,"height":383,"caption":"Stourm"},"image":{"@id":"https:\/\/stourm.news\/#\/schema\/logo\/image\/"},"sameAs":["https:\/\/www.facebook.com\/stourmnews\/"]},{"@type":"Person","@id":"https:\/\/stourm.news\/#\/schema\/person\/c3e1dc65988632e190969234ef046cf9","name":"La r\u00e9daction","image":{"@type":"ImageObject","inLanguage":"fr-FR","@id":"https:\/\/stourm.news\/#\/schema\/person\/image\/","url":"https:\/\/secure.gravatar.com\/avatar\/7463443f194b6b5fb706b074ca0ef59a0cfcfd720cb47764b0ec5a952ce422b3?s=96&d=mm&r=g","contentUrl":"https:\/\/secure.gravatar.com\/avatar\/7463443f194b6b5fb706b074ca0ef59a0cfcfd720cb47764b0ec5a952ce422b3?s=96&d=mm&r=g","caption":"La r\u00e9daction"},"sameAs":["https:\/\/stourm.news"],"url":"https:\/\/stourm.news\/?author=1"}]}},"_links":{"self":[{"href":"https:\/\/stourm.news\/index.php?rest_route=\/wp\/v2\/posts\/4604","targetHints":{"allow":["GET"]}}],"collection":[{"href":"https:\/\/stourm.news\/index.php?rest_route=\/wp\/v2\/posts"}],"about":[{"href":"https:\/\/stourm.news\/index.php?rest_route=\/wp\/v2\/types\/post"}],"author":[{"embeddable":true,"href":"https:\/\/stourm.news\/index.php?rest_route=\/wp\/v2\/users\/1"}],"replies":[{"embeddable":true,"href":"https:\/\/stourm.news\/index.php?rest_route=%2Fwp%2Fv2%2Fcomments&post=4604"}],"version-history":[{"count":3,"href":"https:\/\/stourm.news\/index.php?rest_route=\/wp\/v2\/posts\/4604\/revisions"}],"predecessor-version":[{"id":4608,"href":"https:\/\/stourm.news\/index.php?rest_route=\/wp\/v2\/posts\/4604\/revisions\/4608"}],"wp:featuredmedia":[{"embeddable":true,"href":"https:\/\/stourm.news\/index.php?rest_route=\/wp\/v2\/media\/4605"}],"wp:attachment":[{"href":"https:\/\/stourm.news\/index.php?rest_route=%2Fwp%2Fv2%2Fmedia&parent=4604"}],"wp:term":[{"taxonomy":"category","embeddable":true,"href":"https:\/\/stourm.news\/index.php?rest_route=%2Fwp%2Fv2%2Fcategories&post=4604"},{"taxonomy":"post_tag","embeddable":true,"href":"https:\/\/stourm.news\/index.php?rest_route=%2Fwp%2Fv2%2Ftags&post=4604"}],"curies":[{"name":"wp","href":"https:\/\/api.w.org\/{rel}","templated":true}]}}