{"id":4609,"date":"2025-09-02T09:10:55","date_gmt":"2025-09-02T09:10:55","guid":{"rendered":"https:\/\/stourm.news\/?p=4609"},"modified":"2025-09-02T09:13:24","modified_gmt":"2025-09-02T09:13:24","slug":"4609","status":"publish","type":"post","link":"https:\/\/stourm.news\/?p=4609","title":{"rendered":"La Trinit\u00e9-sur-Mer : drapeaux bretons arrach\u00e9s et remplac\u00e9s par des drapeaux palestiniens, une attaque contre la Bretagne !"},"content":{"rendered":"<p style=\"text-align: justify;\">Dans la nuit du vendredi 29 au samedi 30 ao\u00fbt 2025, un acte de vandalisme a frapp\u00e9 An Drinded-Karnag (La Trinit\u00e9-sur-Mer), petite commune du Morbihan fi\u00e8re de son identit\u00e9 maritime et bretonne. Selon <strong><a href=\"https:\/\/www.ouest-france.fr\/societe\/faits-divers\/cette-nuit-cinq-drapeaux-palestiniens-ont-ete-installes-dans-cette-commune-du-morbihan-22dc5fc0-857d-11f0-bcb7-e4ebd4c8350d#:~:text=Samedi%2030%20ao%C3%BBt%202025%2C%20t%C3%B4t,sont%20dans%20la%20totale%20incompr%C3%A9hension.&amp;text=Video%20Player%20is%20loading.\">Ouest-France<\/a><\/strong>, cinq drapeaux palestiniens ont \u00e9t\u00e9 hiss\u00e9s \u00e0 des emplacements strat\u00e9giques, rempla\u00e7ant le Gwenn ha Du, drapeau national de la Bretagne.<\/p>\n<blockquote class=\"twitter-tweet\">\n<p dir=\"ltr\" lang=\"fr\">\ud83d\udd34 \u00c0 la Trinit\u00e9-sur-Mer, des activistes d&rsquo;extr\u00eame-gauche ont os\u00e9 d\u00e9truire nos fiers drapeaux bretons et les ont remplac\u00e9 par des drapeaux palestiniens. Le <a href=\"https:\/\/twitter.com\/pnbsbb?ref_src=twsrc%5Etfw\">@pnbsbb<\/a> dit STOP \u00e0 cette attaque contre le peuple breton !<\/p>\n<p>\ud83d\udc49Rejoignez-nous : <a href=\"https:\/\/t.co\/afIDliUOEf\">https:\/\/t.co\/afIDliUOEf<\/a> <a href=\"https:\/\/t.co\/0SwvrgtTCF\">pic.twitter.com\/0SwvrgtTCF<\/a><\/p>\n<p>\u2014 Parti National Breton &#8211; Strollad Broadel Breizh (@pnbsbb) <a href=\"https:\/\/twitter.com\/pnbsbb\/status\/1962460514883436814?ref_src=twsrc%5Etfw\">September 1, 2025<\/a><\/p><\/blockquote>\n<p><script async src=\"https:\/\/platform.twitter.com\/widgets.js\" charset=\"utf-8\"><\/script><\/p>\n<p style=\"text-align: justify;\"><strong>Une attaque contre la Bretagne<\/strong><\/p>\n<p style=\"text-align: justify;\">Le Gwenn ha Du, cr\u00e9\u00e9 en 1923 par Morvan Marchal, n\u2019est pas un simple drapeau, c&rsquo;est du peuple breton. \u00c0 An Drinded-Karnag (La Trinit\u00e9-sur-Mer), ce symbole national flottait fi\u00e8rement, incarnant l\u2019attachement des habitants \u00e0 leur patrie, leur langue et leurs traditions. Le remplacer par des drapeaux \u00e9trangers, y est l\u00e9gitimement per\u00e7u comme une provocation gratuite, un d\u00e9fi \u00e0 l\u2019identit\u00e9 bretonne.<\/p>\n<p style=\"text-align: justify;\">Les faits, tels que rapport\u00e9s par Ouest-France et Le T\u00e9l\u00e9gramme, se sont d\u00e9roul\u00e9s dans l\u2019obscurit\u00e9, loin des regards. T\u00f4t le matin du 30 ao\u00fbt, les habitants ont d\u00e9couvert avec stupeur ces drapeaux palestiniens accroch\u00e9s \u00e0 des m\u00e2ts publics, en lieu et place des embl\u00e8mes locaux. \u00ab Les gens sont dans la totale incompr\u00e9hension \u00bb, a confi\u00e9 un habitant \u00e0 Ouest-France. Cette incompr\u00e9hension est partag\u00e9e par tous ceux qui, en Bretagne, voient dans le Gwenn ha Du un symbole d\u2019unit\u00e9 nationale et de r\u00e9sistance, bien au-del\u00e0 des clivages politiques.<\/p>\n<p style=\"text-align: justify;\"><strong>Une blessure pour la Bretagne<\/strong><\/p>\n<p style=\"text-align: justify;\">Cet incident doit inciter les municipalit\u00e9s \u00e0 renforcer la surveillance des lieux publics et \u00e0 promouvoir l\u2019\u00e9ducation sur la signification du Gwenn ha Du. Les Bretons doivent se rassembler autour de leurs embl\u00e8mes. Le Gwenn ha Du doit continuer de flotter haut dans notre pays. Cet incident soit un rappel : notre drapeau, nos racines, notre fiert\u00e9 sont intouchables.<\/p>\n<p style=\"text-align: right;\"><strong>Budig Gourmaelon<\/strong><\/p>\n","protected":false},"excerpt":{"rendered":"<p>Dans la nuit du vendredi 29 au samedi 30 ao\u00fbt 2025, un acte de vandalisme a frapp\u00e9 An Drinded-Karnag (La Trinit\u00e9-sur-Mer), petite commune du Morbihan fi\u00e8re de son identit\u00e9 maritime et bretonne. Selon Ouest-France, cinq drapeaux palestiniens ont \u00e9t\u00e9 hiss\u00e9s \u00e0 des emplacements strat\u00e9giques, rempla\u00e7ant le Gwenn ha Du, drapeau national de la Bretagne. \ud83d\udd34 [&hellip;]<\/p>\n","protected":false},"author":1,"featured_media":4610,"comment_status":"open","ping_status":"open","sticky":false,"template":"","format":"standard","meta":{"sb_editor_width":"","footnotes":""},"categories":[58,36,40,65],"tags":[],"class_list":["post-4609","post","type-post","status-publish","format-standard","has-post-thumbnail","hentry","category-breizh","category-extreme-gauche","category-morbihan","category-principale"],"relative_dates":{"created":"8 mois ago","modified":"8 mois ago"},"yoast_head":"<!-- This site is optimized with the Yoast SEO plugin v26.3 - https:\/\/yoast.com\/wordpress\/plugins\/seo\/ -->\n<title>La Trinit\u00e9-sur-Mer : drapeaux bretons arrach\u00e9s et remplac\u00e9s par des drapeaux palestiniens, une attaque contre la Bretagne ! - STOURM<\/title>\n<meta name=\"robots\" content=\"index, follow, max-snippet:-1, max-image-preview:large, max-video-preview:-1\" \/>\n<link rel=\"canonical\" href=\"https:\/\/stourm.news\/?p=4609\" \/>\n<meta property=\"og:locale\" content=\"fr_FR\" \/>\n<meta property=\"og:type\" content=\"article\" \/>\n<meta property=\"og:title\" content=\"La Trinit\u00e9-sur-Mer : drapeaux bretons arrach\u00e9s et remplac\u00e9s par des drapeaux palestiniens, une attaque contre la Bretagne ! - STOURM\" \/>\n<meta property=\"og:description\" content=\"Dans la nuit du vendredi 29 au samedi 30 ao\u00fbt 2025, un acte de vandalisme a frapp\u00e9 An Drinded-Karnag (La Trinit\u00e9-sur-Mer), petite commune du Morbihan fi\u00e8re de son identit\u00e9 maritime et bretonne. Selon Ouest-France, cinq drapeaux palestiniens ont \u00e9t\u00e9 hiss\u00e9s \u00e0 des emplacements strat\u00e9giques, rempla\u00e7ant le Gwenn ha Du, drapeau national de la Bretagne. \ud83d\udd34 [&hellip;]\" \/>\n<meta property=\"og:url\" content=\"https:\/\/stourm.news\/?p=4609\" \/>\n<meta property=\"og:site_name\" content=\"STOURM\" \/>\n<meta property=\"article:publisher\" content=\"https:\/\/www.facebook.com\/stourmnews\/\" \/>\n<meta property=\"article:published_time\" content=\"2025-09-02T09:10:55+00:00\" \/>\n<meta property=\"article:modified_time\" content=\"2025-09-02T09:13:24+00:00\" \/>\n<meta property=\"og:image\" content=\"https:\/\/stourm.news\/wp-content\/uploads\/2025\/09\/Capture-decran-2025-09-02-a-18.09.58.png\" \/>\n\t<meta property=\"og:image:width\" content=\"1322\" \/>\n\t<meta property=\"og:image:height\" content=\"768\" \/>\n\t<meta property=\"og:image:type\" content=\"image\/png\" \/>\n<meta name=\"author\" content=\"La r\u00e9daction\" \/>\n<meta name=\"twitter:card\" content=\"summary_large_image\" \/>\n<meta name=\"twitter:label1\" content=\"\u00c9crit par\" \/>\n\t<meta name=\"twitter:data1\" content=\"La r\u00e9daction\" \/>\n\t<meta name=\"twitter:label2\" content=\"Dur\u00e9e de lecture estim\u00e9e\" \/>\n\t<meta name=\"twitter:data2\" content=\"2 minutes\" \/>\n<script type=\"application\/ld+json\" class=\"yoast-schema-graph\">{\"@context\":\"https:\/\/schema.org\",\"@graph\":[{\"@type\":\"Article\",\"@id\":\"https:\/\/stourm.news\/?p=4609#article\",\"isPartOf\":{\"@id\":\"https:\/\/stourm.news\/?p=4609\"},\"author\":{\"name\":\"La r\u00e9daction\",\"@id\":\"https:\/\/stourm.news\/#\/schema\/person\/c3e1dc65988632e190969234ef046cf9\"},\"headline\":\"La Trinit\u00e9-sur-Mer : drapeaux bretons arrach\u00e9s et remplac\u00e9s par des drapeaux palestiniens, une attaque contre la Bretagne !\",\"datePublished\":\"2025-09-02T09:10:55+00:00\",\"dateModified\":\"2025-09-02T09:13:24+00:00\",\"mainEntityOfPage\":{\"@id\":\"https:\/\/stourm.news\/?p=4609\"},\"wordCount\":363,\"commentCount\":0,\"publisher\":{\"@id\":\"https:\/\/stourm.news\/#organization\"},\"image\":{\"@id\":\"https:\/\/stourm.news\/?p=4609#primaryimage\"},\"thumbnailUrl\":\"https:\/\/stourm.news\/wp-content\/uploads\/2025\/09\/Capture-decran-2025-09-02-a-18.09.58.png\",\"articleSection\":[\"Breizh\",\"Extr\u00eame-gauche\",\"Morbihan\",\"Principale\"],\"inLanguage\":\"fr-FR\",\"potentialAction\":[{\"@type\":\"CommentAction\",\"name\":\"Comment\",\"target\":[\"https:\/\/stourm.news\/?p=4609#respond\"]}]},{\"@type\":\"WebPage\",\"@id\":\"https:\/\/stourm.news\/?p=4609\",\"url\":\"https:\/\/stourm.news\/?p=4609\",\"name\":\"La Trinit\u00e9-sur-Mer : drapeaux bretons arrach\u00e9s et remplac\u00e9s par des drapeaux palestiniens, une attaque contre la Bretagne ! - STOURM\",\"isPartOf\":{\"@id\":\"https:\/\/stourm.news\/#website\"},\"primaryImageOfPage\":{\"@id\":\"https:\/\/stourm.news\/?p=4609#primaryimage\"},\"image\":{\"@id\":\"https:\/\/stourm.news\/?p=4609#primaryimage\"},\"thumbnailUrl\":\"https:\/\/stourm.news\/wp-content\/uploads\/2025\/09\/Capture-decran-2025-09-02-a-18.09.58.png\",\"datePublished\":\"2025-09-02T09:10:55+00:00\",\"dateModified\":\"2025-09-02T09:13:24+00:00\",\"breadcrumb\":{\"@id\":\"https:\/\/stourm.news\/?p=4609#breadcrumb\"},\"inLanguage\":\"fr-FR\",\"potentialAction\":[{\"@type\":\"ReadAction\",\"target\":[\"https:\/\/stourm.news\/?p=4609\"]}]},{\"@type\":\"ImageObject\",\"inLanguage\":\"fr-FR\",\"@id\":\"https:\/\/stourm.news\/?p=4609#primaryimage\",\"url\":\"https:\/\/stourm.news\/wp-content\/uploads\/2025\/09\/Capture-decran-2025-09-02-a-18.09.58.png\",\"contentUrl\":\"https:\/\/stourm.news\/wp-content\/uploads\/2025\/09\/Capture-decran-2025-09-02-a-18.09.58.png\",\"width\":1322,\"height\":768},{\"@type\":\"BreadcrumbList\",\"@id\":\"https:\/\/stourm.news\/?p=4609#breadcrumb\",\"itemListElement\":[{\"@type\":\"ListItem\",\"position\":1,\"name\":\"Accueil\",\"item\":\"https:\/\/stourm.news\/\"},{\"@type\":\"ListItem\",\"position\":2,\"name\":\"La Trinit\u00e9-sur-Mer : drapeaux bretons arrach\u00e9s et remplac\u00e9s par des drapeaux palestiniens, une attaque contre la Bretagne !\"}]},{\"@type\":\"WebSite\",\"@id\":\"https:\/\/stourm.news\/#website\",\"url\":\"https:\/\/stourm.news\/\",\"name\":\"Stourm\",\"description\":\"Kazetenn Strollad Broadel Breizh\",\"publisher\":{\"@id\":\"https:\/\/stourm.news\/#organization\"},\"potentialAction\":[{\"@type\":\"SearchAction\",\"target\":{\"@type\":\"EntryPoint\",\"urlTemplate\":\"https:\/\/stourm.news\/?s={search_term_string}\"},\"query-input\":{\"@type\":\"PropertyValueSpecification\",\"valueRequired\":true,\"valueName\":\"search_term_string\"}}],\"inLanguage\":\"fr-FR\"},{\"@type\":\"Organization\",\"@id\":\"https:\/\/stourm.news\/#organization\",\"name\":\"Stourm\",\"url\":\"https:\/\/stourm.news\/\",\"logo\":{\"@type\":\"ImageObject\",\"inLanguage\":\"fr-FR\",\"@id\":\"https:\/\/stourm.news\/#\/schema\/logo\/image\/\",\"url\":\"https:\/\/stourm.news\/wp-content\/uploads\/2025\/11\/cropped-Capture-decran-2025-11-28-a-15.19.07.png\",\"contentUrl\":\"https:\/\/stourm.news\/wp-content\/uploads\/2025\/11\/cropped-Capture-decran-2025-11-28-a-15.19.07.png\",\"width\":1855,\"height\":383,\"caption\":\"Stourm\"},\"image\":{\"@id\":\"https:\/\/stourm.news\/#\/schema\/logo\/image\/\"},\"sameAs\":[\"https:\/\/www.facebook.com\/stourmnews\/\"]},{\"@type\":\"Person\",\"@id\":\"https:\/\/stourm.news\/#\/schema\/person\/c3e1dc65988632e190969234ef046cf9\",\"name\":\"La r\u00e9daction\",\"image\":{\"@type\":\"ImageObject\",\"inLanguage\":\"fr-FR\",\"@id\":\"https:\/\/stourm.news\/#\/schema\/person\/image\/\",\"url\":\"https:\/\/secure.gravatar.com\/avatar\/7463443f194b6b5fb706b074ca0ef59a0cfcfd720cb47764b0ec5a952ce422b3?s=96&d=mm&r=g\",\"contentUrl\":\"https:\/\/secure.gravatar.com\/avatar\/7463443f194b6b5fb706b074ca0ef59a0cfcfd720cb47764b0ec5a952ce422b3?s=96&d=mm&r=g\",\"caption\":\"La r\u00e9daction\"},\"sameAs\":[\"https:\/\/stourm.news\"],\"url\":\"https:\/\/stourm.news\/?author=1\"}]}<\/script>\n<!-- \/ Yoast SEO plugin. -->","yoast_head_json":{"title":"La Trinit\u00e9-sur-Mer : drapeaux bretons arrach\u00e9s et remplac\u00e9s par des drapeaux palestiniens, une attaque contre la Bretagne ! - STOURM","robots":{"index":"index","follow":"follow","max-snippet":"max-snippet:-1","max-image-preview":"max-image-preview:large","max-video-preview":"max-video-preview:-1"},"canonical":"https:\/\/stourm.news\/?p=4609","og_locale":"fr_FR","og_type":"article","og_title":"La Trinit\u00e9-sur-Mer : drapeaux bretons arrach\u00e9s et remplac\u00e9s par des drapeaux palestiniens, une attaque contre la Bretagne ! - STOURM","og_description":"Dans la nuit du vendredi 29 au samedi 30 ao\u00fbt 2025, un acte de vandalisme a frapp\u00e9 An Drinded-Karnag (La Trinit\u00e9-sur-Mer), petite commune du Morbihan fi\u00e8re de son identit\u00e9 maritime et bretonne. Selon Ouest-France, cinq drapeaux palestiniens ont \u00e9t\u00e9 hiss\u00e9s \u00e0 des emplacements strat\u00e9giques, rempla\u00e7ant le Gwenn ha Du, drapeau national de la Bretagne. \ud83d\udd34 [&hellip;]","og_url":"https:\/\/stourm.news\/?p=4609","og_site_name":"STOURM","article_publisher":"https:\/\/www.facebook.com\/stourmnews\/","article_published_time":"2025-09-02T09:10:55+00:00","article_modified_time":"2025-09-02T09:13:24+00:00","og_image":[{"width":1322,"height":768,"url":"https:\/\/stourm.news\/wp-content\/uploads\/2025\/09\/Capture-decran-2025-09-02-a-18.09.58.png","type":"image\/png"}],"author":"La r\u00e9daction","twitter_card":"summary_large_image","twitter_misc":{"\u00c9crit par":"La r\u00e9daction","Dur\u00e9e de lecture estim\u00e9e":"2 minutes"},"schema":{"@context":"https:\/\/schema.org","@graph":[{"@type":"Article","@id":"https:\/\/stourm.news\/?p=4609#article","isPartOf":{"@id":"https:\/\/stourm.news\/?p=4609"},"author":{"name":"La r\u00e9daction","@id":"https:\/\/stourm.news\/#\/schema\/person\/c3e1dc65988632e190969234ef046cf9"},"headline":"La Trinit\u00e9-sur-Mer : drapeaux bretons arrach\u00e9s et remplac\u00e9s par des drapeaux palestiniens, une attaque contre la Bretagne !","datePublished":"2025-09-02T09:10:55+00:00","dateModified":"2025-09-02T09:13:24+00:00","mainEntityOfPage":{"@id":"https:\/\/stourm.news\/?p=4609"},"wordCount":363,"commentCount":0,"publisher":{"@id":"https:\/\/stourm.news\/#organization"},"image":{"@id":"https:\/\/stourm.news\/?p=4609#primaryimage"},"thumbnailUrl":"https:\/\/stourm.news\/wp-content\/uploads\/2025\/09\/Capture-decran-2025-09-02-a-18.09.58.png","articleSection":["Breizh","Extr\u00eame-gauche","Morbihan","Principale"],"inLanguage":"fr-FR","potentialAction":[{"@type":"CommentAction","name":"Comment","target":["https:\/\/stourm.news\/?p=4609#respond"]}]},{"@type":"WebPage","@id":"https:\/\/stourm.news\/?p=4609","url":"https:\/\/stourm.news\/?p=4609","name":"La Trinit\u00e9-sur-Mer : drapeaux bretons arrach\u00e9s et remplac\u00e9s par des drapeaux palestiniens, une attaque contre la Bretagne ! - STOURM","isPartOf":{"@id":"https:\/\/stourm.news\/#website"},"primaryImageOfPage":{"@id":"https:\/\/stourm.news\/?p=4609#primaryimage"},"image":{"@id":"https:\/\/stourm.news\/?p=4609#primaryimage"},"thumbnailUrl":"https:\/\/stourm.news\/wp-content\/uploads\/2025\/09\/Capture-decran-2025-09-02-a-18.09.58.png","datePublished":"2025-09-02T09:10:55+00:00","dateModified":"2025-09-02T09:13:24+00:00","breadcrumb":{"@id":"https:\/\/stourm.news\/?p=4609#breadcrumb"},"inLanguage":"fr-FR","potentialAction":[{"@type":"ReadAction","target":["https:\/\/stourm.news\/?p=4609"]}]},{"@type":"ImageObject","inLanguage":"fr-FR","@id":"https:\/\/stourm.news\/?p=4609#primaryimage","url":"https:\/\/stourm.news\/wp-content\/uploads\/2025\/09\/Capture-decran-2025-09-02-a-18.09.58.png","contentUrl":"https:\/\/stourm.news\/wp-content\/uploads\/2025\/09\/Capture-decran-2025-09-02-a-18.09.58.png","width":1322,"height":768},{"@type":"BreadcrumbList","@id":"https:\/\/stourm.news\/?p=4609#breadcrumb","itemListElement":[{"@type":"ListItem","position":1,"name":"Accueil","item":"https:\/\/stourm.news\/"},{"@type":"ListItem","position":2,"name":"La Trinit\u00e9-sur-Mer : drapeaux bretons arrach\u00e9s et remplac\u00e9s par des drapeaux palestiniens, une attaque contre la Bretagne !"}]},{"@type":"WebSite","@id":"https:\/\/stourm.news\/#website","url":"https:\/\/stourm.news\/","name":"Stourm","description":"Kazetenn Strollad Broadel Breizh","publisher":{"@id":"https:\/\/stourm.news\/#organization"},"potentialAction":[{"@type":"SearchAction","target":{"@type":"EntryPoint","urlTemplate":"https:\/\/stourm.news\/?s={search_term_string}"},"query-input":{"@type":"PropertyValueSpecification","valueRequired":true,"valueName":"search_term_string"}}],"inLanguage":"fr-FR"},{"@type":"Organization","@id":"https:\/\/stourm.news\/#organization","name":"Stourm","url":"https:\/\/stourm.news\/","logo":{"@type":"ImageObject","inLanguage":"fr-FR","@id":"https:\/\/stourm.news\/#\/schema\/logo\/image\/","url":"https:\/\/stourm.news\/wp-content\/uploads\/2025\/11\/cropped-Capture-decran-2025-11-28-a-15.19.07.png","contentUrl":"https:\/\/stourm.news\/wp-content\/uploads\/2025\/11\/cropped-Capture-decran-2025-11-28-a-15.19.07.png","width":1855,"height":383,"caption":"Stourm"},"image":{"@id":"https:\/\/stourm.news\/#\/schema\/logo\/image\/"},"sameAs":["https:\/\/www.facebook.com\/stourmnews\/"]},{"@type":"Person","@id":"https:\/\/stourm.news\/#\/schema\/person\/c3e1dc65988632e190969234ef046cf9","name":"La r\u00e9daction","image":{"@type":"ImageObject","inLanguage":"fr-FR","@id":"https:\/\/stourm.news\/#\/schema\/person\/image\/","url":"https:\/\/secure.gravatar.com\/avatar\/7463443f194b6b5fb706b074ca0ef59a0cfcfd720cb47764b0ec5a952ce422b3?s=96&d=mm&r=g","contentUrl":"https:\/\/secure.gravatar.com\/avatar\/7463443f194b6b5fb706b074ca0ef59a0cfcfd720cb47764b0ec5a952ce422b3?s=96&d=mm&r=g","caption":"La r\u00e9daction"},"sameAs":["https:\/\/stourm.news"],"url":"https:\/\/stourm.news\/?author=1"}]}},"_links":{"self":[{"href":"https:\/\/stourm.news\/index.php?rest_route=\/wp\/v2\/posts\/4609","targetHints":{"allow":["GET"]}}],"collection":[{"href":"https:\/\/stourm.news\/index.php?rest_route=\/wp\/v2\/posts"}],"about":[{"href":"https:\/\/stourm.news\/index.php?rest_route=\/wp\/v2\/types\/post"}],"author":[{"embeddable":true,"href":"https:\/\/stourm.news\/index.php?rest_route=\/wp\/v2\/users\/1"}],"replies":[{"embeddable":true,"href":"https:\/\/stourm.news\/index.php?rest_route=%2Fwp%2Fv2%2Fcomments&post=4609"}],"version-history":[{"count":3,"href":"https:\/\/stourm.news\/index.php?rest_route=\/wp\/v2\/posts\/4609\/revisions"}],"predecessor-version":[{"id":4613,"href":"https:\/\/stourm.news\/index.php?rest_route=\/wp\/v2\/posts\/4609\/revisions\/4613"}],"wp:featuredmedia":[{"embeddable":true,"href":"https:\/\/stourm.news\/index.php?rest_route=\/wp\/v2\/media\/4610"}],"wp:attachment":[{"href":"https:\/\/stourm.news\/index.php?rest_route=%2Fwp%2Fv2%2Fmedia&parent=4609"}],"wp:term":[{"taxonomy":"category","embeddable":true,"href":"https:\/\/stourm.news\/index.php?rest_route=%2Fwp%2Fv2%2Fcategories&post=4609"},{"taxonomy":"post_tag","embeddable":true,"href":"https:\/\/stourm.news\/index.php?rest_route=%2Fwp%2Fv2%2Ftags&post=4609"}],"curies":[{"name":"wp","href":"https:\/\/api.w.org\/{rel}","templated":true}]}}