{"id":4724,"date":"2025-10-02T03:00:13","date_gmt":"2025-10-02T03:00:13","guid":{"rendered":"https:\/\/stourm.news\/?p=4724"},"modified":"2025-10-02T03:00:46","modified_gmt":"2025-10-02T03:00:46","slug":"irlande-la-gauche-radicale-britannique-propose-dabolir-le-drapeau-national-afin-de-rendre-le-pays-compatible-avec-limmigration-de-masse","status":"publish","type":"post","link":"https:\/\/stourm.news\/?p=4724","title":{"rendered":"Irlande : la gauche radicale britannique propose de changer le drapeau national afin de rendre le pays compatible avec l&rsquo;immigration de masse"},"content":{"rendered":"<p style=\"text-align: justify;\">Dans un article d\u2019opinion publi\u00e9 le 26 septembre 2025 sur The Journal.ie, intitul\u00e9 <strong><a href=\"https:\/\/www.thejournal.ie\/readme\/a-united-ireland-should-have-a-new-flag-6825836-Sep2025\/?utm_source=shortlink\">\u00ab Opinion: The Irish flag carries so much baggage &#8211; a united Ireland should have a new one \u00bb<\/a><\/strong>, Emma DeSouza, une Anglaise d\u2019Irlande du Nord mari\u00e9e \u00e0 un ressortissant am\u00e9ricain, propose de remplacer le tricolore irlandais par un nouveau drapeau dans l\u2019\u00e9ventualit\u00e9 d\u2019une Irlande r\u00e9unifi\u00e9e. Cette proposition, qui se pr\u00e9sente comme un plaidoyer cosmopolite pour une Irlande post-irlandaise trahit l&rsquo;utilisation de la rh\u00e9torique cosmopolite par les int\u00e9r\u00eats britanniques contre une nation qui s&rsquo;est forg\u00e9e dans la lutte pour son ind\u00e9pendance.<\/p>\n<p style=\"text-align: justify;\">DeSouza soutient que le tricolore, adopt\u00e9 en 1922 comme symbole de paix entre les traditions catholique (vert) et protestante (orange), avec le blanc comme trait d\u2019union, est aujourd\u2019hui alourdi par un nouveau \u00ab bagage \u00bb historique et politique. Selon cette militante anglaise, le drapeau irlandais \u00e9voque non seulement la partition de l\u2019\u00eele entre la R\u00e9publique d\u2019Irlande et l\u2019Irlande du Nord, mais aussi les violences des Troubles, notamment associ\u00e9es \u00e0 l\u2019IRA, qui en aurait fait un \u00e9tendard de division. Elle pointe \u00e9galement du doigt son appropriation r\u00e9cente par des groupes nationalistes dans des zones comme Coolock ou Finglas, o\u00f9 il aurait \u00e9t\u00e9 brandi dans des manifestations anti-immigration, transformant un symbole d\u2019unit\u00e9 en \u00ab\u00a0outil d\u2019exclusion\u00a0\u00bb.<\/p>\n<p style=\"text-align: justify;\">Pour appuyer l\u2019id\u00e9e d\u2019un changement de drapeau national, DeSouza cite des pr\u00e9c\u00e9dents internationaux : la Nouvelle-Z\u00e9lande, qui a envisag\u00e9 un nouveau drapeau via un processus participatif en deux r\u00e9f\u00e9rendums, et l\u2019Afrique du Sud post-apartheid, ou encore la Syrie et le Myanmar, qui ont renouvel\u00e9 leurs symboles pour marquer une rupture avec le pass\u00e9. Elle propose qu\u2019une Irlande r\u00e9unifi\u00e9e adopte un drapeau ancr\u00e9 dans des motifs issus du folklore national \u2013 la harpe, les quatre provinces, le tr\u00e8fle, le bleu pr\u00e9sidentiel ou un vert historique, inspir\u00e9 du drapeau \u00e0 harpe verte de 1642, bien ant\u00e9rieur au tricolore. Un r\u00e9f\u00e9rendum post-r\u00e9unification, selon elle, permettrait de cr\u00e9er un symbole inclusif pour une \u00ab Irlande du futur \u00bb.<\/p>\n<p style=\"text-align: justify;\">L\u2019appel de DeSouza remet en cause un embl\u00e8me r\u00e9volutionnaire qui incarne l\u2019\u00e2me de l\u2019ind\u00e9pendance irlandaise. En le r\u00e9duisant \u00e0 un \u00ab bagage \u00bb associ\u00e9 \u00e0 la violence r\u00e9volutionnaire ou \u00e0 l&rsquo;opposition \u00e0 l&rsquo;immigration massive, elle minimise sa port\u00e9e comme symbole de la lutte sanglante contre l\u2019oppression coloniale britannique. Cette posture, \u00e9manant d\u2019une autrice qui, en tant qu\u2019Anglaise d\u2019Irlande du Nord, n\u2019incarne pas l\u2019exp\u00e9rience historique du peuple irlandais, constitue une tentative de d\u00e9l\u00e9gitimer l&rsquo;engagement nationaliste, si centrale \u00e0 la R\u00e9publique d\u2019Irlande, au profit d\u2019une vision r\u00e9visionniste, post-nationale, o\u00f9 les acquis symboliques de la r\u00e9volution de 1916 sont sciemment attaqu\u00e9s sous un appel fumeux \u00e0 l&rsquo;ir\u00e9nisme antiraciste.<\/p>\n<p style=\"text-align: justify;\">L\u2019argumentation de DeSouza, qui met en avant des exemples comme l\u2019Afrique du Sud ou la Nouvelle-Z\u00e9lande, omet un point crucial : en Irlande, le tricolore n\u2019est pas le vestige d\u2019une oppression, mais le fruit d\u2019une victoire nationale sur la route vers l&rsquo;\u00e9mancipation du peuple irlandais. Le comparer \u00e0 des drapeaux ou \u00e0 des contextes coloniaux revient \u00e0 ignorer son r\u00f4le comme \u00e9tendard de la souverainet\u00e9 r\u00e9volutionnaire. Le tricolore, officialis\u00e9 lors de la naissance de l\u2019\u00c9tat libre, porte en lui l\u2019histoire d\u2019un peuple qui a r\u00e9sist\u00e9, r\u00eav\u00e9 et construit sa libert\u00e9 nationale. En le rel\u00e9guant au rang de relique g\u00eanante, DeSouza pr\u00eache pour la d\u00e9nationalisation de l&rsquo;Irlande et l&rsquo;effacement des marqueurs d\u2019une nation fi\u00e8re de son pass\u00e9. Cette vision s&rsquo;oppose \u00e0 l\u2019esprit irlandais qui a fait du tricolore un symbole de r\u00e9sistance et d\u2019espoir.<\/p>\n<p style=\"text-align: justify;\">Plut\u00f4t que de remplacer le tricolore pour permettre \u00e0 l&rsquo;imp\u00e9rialisme britannique de poursuivre la colonisation gr\u00e2ce \u00e0 l&rsquo;immigration massive, il serait plus pertinent de le r\u00e9affirmer comme un \u00e9tendard d\u2019unit\u00e9 nationale au moment o\u00f9 les forces de dissolution anti-nationales cherchent \u00e0 effacer la victoire irlandaise de 1916, ceci dans le but de faire de l&rsquo;Irlande une excroissance du march\u00e9 occidental, d\u00e9racin\u00e9e et subordonn\u00e9e aux int\u00e9r\u00eats de la bourgeoisie cosmopolite irlandaise et non-irlandaise.<\/p>\n<p style=\"text-align: right;\"><strong>Budig Gourmaelon<\/strong><\/p>\n","protected":false},"excerpt":{"rendered":"<p>Dans un article d\u2019opinion publi\u00e9 le 26 septembre 2025 sur The Journal.ie, intitul\u00e9 \u00ab Opinion: The Irish flag carries so much baggage &#8211; a united Ireland should have a new one \u00bb, Emma DeSouza, une Anglaise d\u2019Irlande du Nord mari\u00e9e \u00e0 un ressortissant am\u00e9ricain, propose de remplacer le tricolore irlandais par un nouveau drapeau dans [&hellip;]<\/p>\n","protected":false},"author":1,"featured_media":4725,"comment_status":"open","ping_status":"open","sticky":false,"template":"","format":"standard","meta":{"sb_editor_width":"","footnotes":""},"categories":[66,67,65],"tags":[],"class_list":["post-4724","post","type-post","status-publish","format-standard","has-post-thumbnail","hentry","category-international","category-politique","category-principale"],"relative_dates":{"created":"7 mois ago","modified":"7 mois ago"},"yoast_head":"<!-- This site is optimized with the Yoast SEO plugin v26.3 - https:\/\/yoast.com\/wordpress\/plugins\/seo\/ -->\n<title>Irlande : la gauche radicale britannique propose de changer le drapeau national afin de rendre le pays compatible avec l&#039;immigration de masse - STOURM<\/title>\n<meta name=\"robots\" content=\"index, follow, max-snippet:-1, max-image-preview:large, max-video-preview:-1\" \/>\n<link rel=\"canonical\" href=\"https:\/\/stourm.news\/?p=4724\" \/>\n<meta property=\"og:locale\" content=\"fr_FR\" \/>\n<meta property=\"og:type\" content=\"article\" \/>\n<meta property=\"og:title\" content=\"Irlande : la gauche radicale britannique propose de changer le drapeau national afin de rendre le pays compatible avec l&#039;immigration de masse - STOURM\" \/>\n<meta property=\"og:description\" content=\"Dans un article d\u2019opinion publi\u00e9 le 26 septembre 2025 sur The Journal.ie, intitul\u00e9 \u00ab Opinion: The Irish flag carries so much baggage &#8211; a united Ireland should have a new one \u00bb, Emma DeSouza, une Anglaise d\u2019Irlande du Nord mari\u00e9e \u00e0 un ressortissant am\u00e9ricain, propose de remplacer le tricolore irlandais par un nouveau drapeau dans [&hellip;]\" \/>\n<meta property=\"og:url\" content=\"https:\/\/stourm.news\/?p=4724\" \/>\n<meta property=\"og:site_name\" content=\"STOURM\" \/>\n<meta property=\"article:publisher\" content=\"https:\/\/www.facebook.com\/stourmnews\/\" \/>\n<meta property=\"article:published_time\" content=\"2025-10-02T03:00:13+00:00\" \/>\n<meta property=\"article:modified_time\" content=\"2025-10-02T03:00:46+00:00\" \/>\n<meta property=\"og:image\" content=\"https:\/\/stourm.news\/wp-content\/uploads\/2025\/10\/large_pe_00800015.webp\" \/>\n\t<meta property=\"og:image:width\" content=\"1500\" \/>\n\t<meta property=\"og:image:height\" content=\"980\" \/>\n\t<meta property=\"og:image:type\" content=\"image\/webp\" \/>\n<meta name=\"author\" content=\"La r\u00e9daction\" \/>\n<meta name=\"twitter:card\" content=\"summary_large_image\" \/>\n<meta name=\"twitter:label1\" content=\"\u00c9crit par\" \/>\n\t<meta name=\"twitter:data1\" content=\"La r\u00e9daction\" \/>\n\t<meta name=\"twitter:label2\" content=\"Dur\u00e9e de lecture estim\u00e9e\" \/>\n\t<meta name=\"twitter:data2\" content=\"4 minutes\" \/>\n<script type=\"application\/ld+json\" class=\"yoast-schema-graph\">{\"@context\":\"https:\/\/schema.org\",\"@graph\":[{\"@type\":\"Article\",\"@id\":\"https:\/\/stourm.news\/?p=4724#article\",\"isPartOf\":{\"@id\":\"https:\/\/stourm.news\/?p=4724\"},\"author\":{\"name\":\"La r\u00e9daction\",\"@id\":\"https:\/\/stourm.news\/#\/schema\/person\/c3e1dc65988632e190969234ef046cf9\"},\"headline\":\"Irlande : la gauche radicale britannique propose de changer le drapeau national afin de rendre le pays compatible avec l&rsquo;immigration de masse\",\"datePublished\":\"2025-10-02T03:00:13+00:00\",\"dateModified\":\"2025-10-02T03:00:46+00:00\",\"mainEntityOfPage\":{\"@id\":\"https:\/\/stourm.news\/?p=4724\"},\"wordCount\":737,\"commentCount\":0,\"publisher\":{\"@id\":\"https:\/\/stourm.news\/#organization\"},\"image\":{\"@id\":\"https:\/\/stourm.news\/?p=4724#primaryimage\"},\"thumbnailUrl\":\"https:\/\/stourm.news\/wp-content\/uploads\/2025\/10\/large_pe_00800015.webp\",\"articleSection\":[\"International\",\"Politique\",\"Principale\"],\"inLanguage\":\"fr-FR\",\"potentialAction\":[{\"@type\":\"CommentAction\",\"name\":\"Comment\",\"target\":[\"https:\/\/stourm.news\/?p=4724#respond\"]}]},{\"@type\":\"WebPage\",\"@id\":\"https:\/\/stourm.news\/?p=4724\",\"url\":\"https:\/\/stourm.news\/?p=4724\",\"name\":\"Irlande : la gauche radicale britannique propose de changer le drapeau national afin de rendre le pays compatible avec l'immigration de masse - STOURM\",\"isPartOf\":{\"@id\":\"https:\/\/stourm.news\/#website\"},\"primaryImageOfPage\":{\"@id\":\"https:\/\/stourm.news\/?p=4724#primaryimage\"},\"image\":{\"@id\":\"https:\/\/stourm.news\/?p=4724#primaryimage\"},\"thumbnailUrl\":\"https:\/\/stourm.news\/wp-content\/uploads\/2025\/10\/large_pe_00800015.webp\",\"datePublished\":\"2025-10-02T03:00:13+00:00\",\"dateModified\":\"2025-10-02T03:00:46+00:00\",\"breadcrumb\":{\"@id\":\"https:\/\/stourm.news\/?p=4724#breadcrumb\"},\"inLanguage\":\"fr-FR\",\"potentialAction\":[{\"@type\":\"ReadAction\",\"target\":[\"https:\/\/stourm.news\/?p=4724\"]}]},{\"@type\":\"ImageObject\",\"inLanguage\":\"fr-FR\",\"@id\":\"https:\/\/stourm.news\/?p=4724#primaryimage\",\"url\":\"https:\/\/stourm.news\/wp-content\/uploads\/2025\/10\/large_pe_00800015.webp\",\"contentUrl\":\"https:\/\/stourm.news\/wp-content\/uploads\/2025\/10\/large_pe_00800015.webp\",\"width\":1500,\"height\":980},{\"@type\":\"BreadcrumbList\",\"@id\":\"https:\/\/stourm.news\/?p=4724#breadcrumb\",\"itemListElement\":[{\"@type\":\"ListItem\",\"position\":1,\"name\":\"Accueil\",\"item\":\"https:\/\/stourm.news\/\"},{\"@type\":\"ListItem\",\"position\":2,\"name\":\"Irlande : la gauche radicale britannique propose de changer le drapeau national afin de rendre le pays compatible avec l&rsquo;immigration de masse\"}]},{\"@type\":\"WebSite\",\"@id\":\"https:\/\/stourm.news\/#website\",\"url\":\"https:\/\/stourm.news\/\",\"name\":\"Stourm\",\"description\":\"Kazetenn Strollad Broadel Breizh\",\"publisher\":{\"@id\":\"https:\/\/stourm.news\/#organization\"},\"potentialAction\":[{\"@type\":\"SearchAction\",\"target\":{\"@type\":\"EntryPoint\",\"urlTemplate\":\"https:\/\/stourm.news\/?s={search_term_string}\"},\"query-input\":{\"@type\":\"PropertyValueSpecification\",\"valueRequired\":true,\"valueName\":\"search_term_string\"}}],\"inLanguage\":\"fr-FR\"},{\"@type\":\"Organization\",\"@id\":\"https:\/\/stourm.news\/#organization\",\"name\":\"Stourm\",\"url\":\"https:\/\/stourm.news\/\",\"logo\":{\"@type\":\"ImageObject\",\"inLanguage\":\"fr-FR\",\"@id\":\"https:\/\/stourm.news\/#\/schema\/logo\/image\/\",\"url\":\"https:\/\/stourm.news\/wp-content\/uploads\/2025\/11\/cropped-Capture-decran-2025-11-28-a-15.19.07.png\",\"contentUrl\":\"https:\/\/stourm.news\/wp-content\/uploads\/2025\/11\/cropped-Capture-decran-2025-11-28-a-15.19.07.png\",\"width\":1855,\"height\":383,\"caption\":\"Stourm\"},\"image\":{\"@id\":\"https:\/\/stourm.news\/#\/schema\/logo\/image\/\"},\"sameAs\":[\"https:\/\/www.facebook.com\/stourmnews\/\"]},{\"@type\":\"Person\",\"@id\":\"https:\/\/stourm.news\/#\/schema\/person\/c3e1dc65988632e190969234ef046cf9\",\"name\":\"La r\u00e9daction\",\"image\":{\"@type\":\"ImageObject\",\"inLanguage\":\"fr-FR\",\"@id\":\"https:\/\/stourm.news\/#\/schema\/person\/image\/\",\"url\":\"https:\/\/secure.gravatar.com\/avatar\/7463443f194b6b5fb706b074ca0ef59a0cfcfd720cb47764b0ec5a952ce422b3?s=96&d=mm&r=g\",\"contentUrl\":\"https:\/\/secure.gravatar.com\/avatar\/7463443f194b6b5fb706b074ca0ef59a0cfcfd720cb47764b0ec5a952ce422b3?s=96&d=mm&r=g\",\"caption\":\"La r\u00e9daction\"},\"sameAs\":[\"https:\/\/stourm.news\"],\"url\":\"https:\/\/stourm.news\/?author=1\"}]}<\/script>\n<!-- \/ Yoast SEO plugin. -->","yoast_head_json":{"title":"Irlande : la gauche radicale britannique propose de changer le drapeau national afin de rendre le pays compatible avec l'immigration de masse - STOURM","robots":{"index":"index","follow":"follow","max-snippet":"max-snippet:-1","max-image-preview":"max-image-preview:large","max-video-preview":"max-video-preview:-1"},"canonical":"https:\/\/stourm.news\/?p=4724","og_locale":"fr_FR","og_type":"article","og_title":"Irlande : la gauche radicale britannique propose de changer le drapeau national afin de rendre le pays compatible avec l'immigration de masse - STOURM","og_description":"Dans un article d\u2019opinion publi\u00e9 le 26 septembre 2025 sur The Journal.ie, intitul\u00e9 \u00ab Opinion: The Irish flag carries so much baggage &#8211; a united Ireland should have a new one \u00bb, Emma DeSouza, une Anglaise d\u2019Irlande du Nord mari\u00e9e \u00e0 un ressortissant am\u00e9ricain, propose de remplacer le tricolore irlandais par un nouveau drapeau dans [&hellip;]","og_url":"https:\/\/stourm.news\/?p=4724","og_site_name":"STOURM","article_publisher":"https:\/\/www.facebook.com\/stourmnews\/","article_published_time":"2025-10-02T03:00:13+00:00","article_modified_time":"2025-10-02T03:00:46+00:00","og_image":[{"width":1500,"height":980,"url":"https:\/\/stourm.news\/wp-content\/uploads\/2025\/10\/large_pe_00800015.webp","type":"image\/webp"}],"author":"La r\u00e9daction","twitter_card":"summary_large_image","twitter_misc":{"\u00c9crit par":"La r\u00e9daction","Dur\u00e9e de lecture estim\u00e9e":"4 minutes"},"schema":{"@context":"https:\/\/schema.org","@graph":[{"@type":"Article","@id":"https:\/\/stourm.news\/?p=4724#article","isPartOf":{"@id":"https:\/\/stourm.news\/?p=4724"},"author":{"name":"La r\u00e9daction","@id":"https:\/\/stourm.news\/#\/schema\/person\/c3e1dc65988632e190969234ef046cf9"},"headline":"Irlande : la gauche radicale britannique propose de changer le drapeau national afin de rendre le pays compatible avec l&rsquo;immigration de masse","datePublished":"2025-10-02T03:00:13+00:00","dateModified":"2025-10-02T03:00:46+00:00","mainEntityOfPage":{"@id":"https:\/\/stourm.news\/?p=4724"},"wordCount":737,"commentCount":0,"publisher":{"@id":"https:\/\/stourm.news\/#organization"},"image":{"@id":"https:\/\/stourm.news\/?p=4724#primaryimage"},"thumbnailUrl":"https:\/\/stourm.news\/wp-content\/uploads\/2025\/10\/large_pe_00800015.webp","articleSection":["International","Politique","Principale"],"inLanguage":"fr-FR","potentialAction":[{"@type":"CommentAction","name":"Comment","target":["https:\/\/stourm.news\/?p=4724#respond"]}]},{"@type":"WebPage","@id":"https:\/\/stourm.news\/?p=4724","url":"https:\/\/stourm.news\/?p=4724","name":"Irlande : la gauche radicale britannique propose de changer le drapeau national afin de rendre le pays compatible avec l'immigration de masse - STOURM","isPartOf":{"@id":"https:\/\/stourm.news\/#website"},"primaryImageOfPage":{"@id":"https:\/\/stourm.news\/?p=4724#primaryimage"},"image":{"@id":"https:\/\/stourm.news\/?p=4724#primaryimage"},"thumbnailUrl":"https:\/\/stourm.news\/wp-content\/uploads\/2025\/10\/large_pe_00800015.webp","datePublished":"2025-10-02T03:00:13+00:00","dateModified":"2025-10-02T03:00:46+00:00","breadcrumb":{"@id":"https:\/\/stourm.news\/?p=4724#breadcrumb"},"inLanguage":"fr-FR","potentialAction":[{"@type":"ReadAction","target":["https:\/\/stourm.news\/?p=4724"]}]},{"@type":"ImageObject","inLanguage":"fr-FR","@id":"https:\/\/stourm.news\/?p=4724#primaryimage","url":"https:\/\/stourm.news\/wp-content\/uploads\/2025\/10\/large_pe_00800015.webp","contentUrl":"https:\/\/stourm.news\/wp-content\/uploads\/2025\/10\/large_pe_00800015.webp","width":1500,"height":980},{"@type":"BreadcrumbList","@id":"https:\/\/stourm.news\/?p=4724#breadcrumb","itemListElement":[{"@type":"ListItem","position":1,"name":"Accueil","item":"https:\/\/stourm.news\/"},{"@type":"ListItem","position":2,"name":"Irlande : la gauche radicale britannique propose de changer le drapeau national afin de rendre le pays compatible avec l&rsquo;immigration de masse"}]},{"@type":"WebSite","@id":"https:\/\/stourm.news\/#website","url":"https:\/\/stourm.news\/","name":"Stourm","description":"Kazetenn Strollad Broadel Breizh","publisher":{"@id":"https:\/\/stourm.news\/#organization"},"potentialAction":[{"@type":"SearchAction","target":{"@type":"EntryPoint","urlTemplate":"https:\/\/stourm.news\/?s={search_term_string}"},"query-input":{"@type":"PropertyValueSpecification","valueRequired":true,"valueName":"search_term_string"}}],"inLanguage":"fr-FR"},{"@type":"Organization","@id":"https:\/\/stourm.news\/#organization","name":"Stourm","url":"https:\/\/stourm.news\/","logo":{"@type":"ImageObject","inLanguage":"fr-FR","@id":"https:\/\/stourm.news\/#\/schema\/logo\/image\/","url":"https:\/\/stourm.news\/wp-content\/uploads\/2025\/11\/cropped-Capture-decran-2025-11-28-a-15.19.07.png","contentUrl":"https:\/\/stourm.news\/wp-content\/uploads\/2025\/11\/cropped-Capture-decran-2025-11-28-a-15.19.07.png","width":1855,"height":383,"caption":"Stourm"},"image":{"@id":"https:\/\/stourm.news\/#\/schema\/logo\/image\/"},"sameAs":["https:\/\/www.facebook.com\/stourmnews\/"]},{"@type":"Person","@id":"https:\/\/stourm.news\/#\/schema\/person\/c3e1dc65988632e190969234ef046cf9","name":"La r\u00e9daction","image":{"@type":"ImageObject","inLanguage":"fr-FR","@id":"https:\/\/stourm.news\/#\/schema\/person\/image\/","url":"https:\/\/secure.gravatar.com\/avatar\/7463443f194b6b5fb706b074ca0ef59a0cfcfd720cb47764b0ec5a952ce422b3?s=96&d=mm&r=g","contentUrl":"https:\/\/secure.gravatar.com\/avatar\/7463443f194b6b5fb706b074ca0ef59a0cfcfd720cb47764b0ec5a952ce422b3?s=96&d=mm&r=g","caption":"La r\u00e9daction"},"sameAs":["https:\/\/stourm.news"],"url":"https:\/\/stourm.news\/?author=1"}]}},"_links":{"self":[{"href":"https:\/\/stourm.news\/index.php?rest_route=\/wp\/v2\/posts\/4724","targetHints":{"allow":["GET"]}}],"collection":[{"href":"https:\/\/stourm.news\/index.php?rest_route=\/wp\/v2\/posts"}],"about":[{"href":"https:\/\/stourm.news\/index.php?rest_route=\/wp\/v2\/types\/post"}],"author":[{"embeddable":true,"href":"https:\/\/stourm.news\/index.php?rest_route=\/wp\/v2\/users\/1"}],"replies":[{"embeddable":true,"href":"https:\/\/stourm.news\/index.php?rest_route=%2Fwp%2Fv2%2Fcomments&post=4724"}],"version-history":[{"count":2,"href":"https:\/\/stourm.news\/index.php?rest_route=\/wp\/v2\/posts\/4724\/revisions"}],"predecessor-version":[{"id":4727,"href":"https:\/\/stourm.news\/index.php?rest_route=\/wp\/v2\/posts\/4724\/revisions\/4727"}],"wp:featuredmedia":[{"embeddable":true,"href":"https:\/\/stourm.news\/index.php?rest_route=\/wp\/v2\/media\/4725"}],"wp:attachment":[{"href":"https:\/\/stourm.news\/index.php?rest_route=%2Fwp%2Fv2%2Fmedia&parent=4724"}],"wp:term":[{"taxonomy":"category","embeddable":true,"href":"https:\/\/stourm.news\/index.php?rest_route=%2Fwp%2Fv2%2Fcategories&post=4724"},{"taxonomy":"post_tag","embeddable":true,"href":"https:\/\/stourm.news\/index.php?rest_route=%2Fwp%2Fv2%2Ftags&post=4724"}],"curies":[{"name":"wp","href":"https:\/\/api.w.org\/{rel}","templated":true}]}}