{"id":4729,"date":"2025-10-03T05:14:43","date_gmt":"2025-10-03T05:14:43","guid":{"rendered":"https:\/\/stourm.news\/?p=4729"},"modified":"2025-10-03T05:14:43","modified_gmt":"2025-10-03T05:14:43","slug":"larraisonnement-dun-navire-russe-au-large-de-la-bretagne-pose-la-question-de-la-souverainete-bretonne-dans-ses-eaux-territoriales-editorial","status":"publish","type":"post","link":"https:\/\/stourm.news\/?p=4729","title":{"rendered":"L\u2019arraisonnement d\u2019un navire Russe au large de la Bretagne pose la question de la souverainet\u00e9 bretonne dans ses eaux territoriales (\u00c9ditorial)"},"content":{"rendered":"<p style=\"text-align: justify;\">L\u2019arraisonnement, le 1er octobre 2025, d\u2019un p\u00e9trolier russe par les autorit\u00e9s fran\u00e7aises au large de Sant-Nazer (Saint-Nazaire) constitue un \u00e9v\u00e9nement marquant qui illustre de mani\u00e8re \u00e9clatante la n\u00e9cessit\u00e9 pour la Bretagne de recouvrer son ind\u00e9pendance.<\/p>\n<blockquote class=\"twitter-tweet\">\n<p dir=\"ltr\" lang=\"fr\">[Images exclusives M6] L&rsquo;arm\u00e9e fran\u00e7aise a proc\u00e9d\u00e9 ce mercredi 1er octobre \u00e0 l&rsquo;arraisonnement du p\u00e9trolier russe pr\u00e9sent dans un parc \u00e9olien au large de Saint-Nazaire, en Loire-Atlantique. Battant pavillon b\u00e9ninois, le navire est soup\u00e7onn\u00e9 d&rsquo;appartenir \u00e0 la flotte fant\u00f4me russe,\u2026 <a href=\"https:\/\/t.co\/DuViGmI04O\">pic.twitter.com\/DuViGmI04O<\/a><\/p>\n<p>\u2014 M6 Info (@m6info) <a href=\"https:\/\/twitter.com\/m6info\/status\/1973402898236154182?ref_src=twsrc%5Etfw\">October 1, 2025<\/a><\/p><\/blockquote>\n<p><script src=\"https:\/\/platform.twitter.com\/widgets.js\" async=\"\" charset=\"utf-8\"><\/script><\/p>\n<p style=\"text-align: justify;\">L\u2019incident r\u00e9cent, bien que survenu dans les eaux territoriales bretonnes \u2013 qui s\u2019\u00e9tendent \u00e0 12 milles nautiques de la c\u00f4te \u2013 ne fait qu\u2019accentuer l\u2019absence de contr\u00f4le direct de la Bretagne sur ses propres eaux, un contr\u00f4le que seule l\u2019ind\u00e9pendance peut garantir. Cet arraisonnement, motiv\u00e9 officiellement par des soup\u00e7ons d\u2019incoh\u00e9rences dans la nationalit\u00e9 du navire, mais en r\u00e9alit\u00e9 caus\u00e9 par son appartenance pr\u00e9sum\u00e9e \u00e0 la \u00ab flotte fant\u00f4me \u00bb russe, refl\u00e8te une strat\u00e9gie g\u00e9opolitique fran\u00e7aise d&rsquo;escalade \u00e0 des fins d&rsquo;influence au sein de l&rsquo;OTAN et en Europe, ignorant les int\u00e9r\u00eats sp\u00e9cifiques de la Bretagne.<\/p>\n<blockquote class=\"twitter-tweet\">\n<p dir=\"ltr\" lang=\"fr\">\u00ab\u00a0Je le [Macron] connais bien\u00a0\u00bb<\/p>\n<p>P\u00e9trolier de la flotte fant\u00f4me russe: Vladimir Poutine accuse la France de \u00ab\u00a0piraterie\u00a0\u00bb et assure que Paris \u00ab\u00a0provoque\u00a0\u00bb la Russie <a href=\"https:\/\/twitter.com\/hashtag\/BFM2?src=hash&amp;ref_src=twsrc%5Etfw\">#BFM2<\/a> <a href=\"https:\/\/t.co\/9fXnqtZysa\">pic.twitter.com\/9fXnqtZysa<\/a><\/p>\n<p>\u2014 BFMTV (@BFMTV) <a href=\"https:\/\/twitter.com\/BFMTV\/status\/1973827550020292649?ref_src=twsrc%5Etfw\">October 2, 2025<\/a><\/p><\/blockquote>\n<p><script src=\"https:\/\/platform.twitter.com\/widgets.js\" async=\"\" charset=\"utf-8\"><\/script><\/p>\n<p style=\"text-align: justify;\">L\u2019escalade rhetorique de Emmanuel Macron, qui a utilis\u00e9 cet acte pour tenter de prendre la t\u00eate d\u2019un blocus naval contre la Russie lors de sa participation \u00e0 un sommet europ\u00e9en au Danemark, illustre comment la Bretagne est instrumentalis\u00e9e dans des conflits internationaux sans que ses int\u00e9r\u00eats propres ne soient pris en compte. En tant qu\u2019\u00c9tat ind\u00e9pendant, la Bretagne aurait la capacit\u00e9 de g\u00e9rer elle-m\u00eame les menaces \u00e0 sa s\u00e9curit\u00e9 maritime, plut\u00f4t que d\u2019\u00eatre soumise aux d\u00e9cisions militaires parisiennes, qui ne refl\u00e8tent pas n\u00e9cessairement les priorit\u00e9s bretonnes.<\/p>\n<p style=\"text-align: justify;\">Cet \u00e9v\u00e8nement soul\u00e8ve logiquement la question de l\u2019autonomie militaire bretonne. Une Bretagne ind\u00e9pendante aurait besoin de sa propre arm\u00e9e et de sa propre strat\u00e9gie de d\u00e9fense. L\u2019absence d\u2019une telle capacit\u00e9 sous le r\u00e9gime actuel expose la Bretagne \u00e0 des vuln\u00e9rabilit\u00e9s qu\u2019elle ne peut pas contr\u00f4ler.<\/p>\n<p style=\"text-align: justify;\">Enfin, \u00e9conomiquement, le contr\u00f4le maritime est crucial. Une Bretagne ind\u00e9pendante pourrait g\u00e9rer ses droits de p\u00eache, ses projets d\u2019\u00e9nergie offshore et ses routes maritimes de mani\u00e8re plus efficace, alignant ces politiques sur les besoins bretons plut\u00f4t que sur ceux de la France. Il est temps pour la Bretagne de reprendre les r\u00eanes de son avenir, non pas comme une r\u00e9gion, mais comme une nation souveraine et ind\u00e9pendante.<\/p>\n<p style=\"text-align: right;\"><strong>Budig Gourmaelon<\/strong><\/p>\n","protected":false},"excerpt":{"rendered":"<p>L\u2019arraisonnement, le 1er octobre 2025, d\u2019un p\u00e9trolier russe par les autorit\u00e9s fran\u00e7aises au large de Sant-Nazer (Saint-Nazaire) constitue un \u00e9v\u00e9nement marquant qui illustre de mani\u00e8re \u00e9clatante la n\u00e9cessit\u00e9 pour la Bretagne de recouvrer son ind\u00e9pendance. [Images exclusives M6] L&rsquo;arm\u00e9e fran\u00e7aise a proc\u00e9d\u00e9 ce mercredi 1er octobre \u00e0 l&rsquo;arraisonnement du p\u00e9trolier russe pr\u00e9sent dans un parc [&hellip;]<\/p>\n","protected":false},"author":1,"featured_media":4730,"comment_status":"open","ping_status":"open","sticky":false,"template":"","format":"standard","meta":{"sb_editor_width":"","footnotes":""},"categories":[58,63,65],"tags":[],"class_list":["post-4729","post","type-post","status-publish","format-standard","has-post-thumbnail","hentry","category-breizh","category-editorial","category-principale"],"relative_dates":{"created":"7 mois ago","modified":"7 mois ago"},"yoast_head":"<!-- This site is optimized with the Yoast SEO plugin v26.3 - https:\/\/yoast.com\/wordpress\/plugins\/seo\/ -->\n<title>L\u2019arraisonnement d\u2019un navire Russe au large de la Bretagne pose la question de la souverainet\u00e9 bretonne dans ses eaux territoriales (\u00c9ditorial) - STOURM<\/title>\n<meta name=\"robots\" content=\"index, follow, max-snippet:-1, max-image-preview:large, max-video-preview:-1\" \/>\n<link rel=\"canonical\" href=\"https:\/\/stourm.news\/?p=4729\" \/>\n<meta property=\"og:locale\" content=\"fr_FR\" \/>\n<meta property=\"og:type\" content=\"article\" \/>\n<meta property=\"og:title\" content=\"L\u2019arraisonnement d\u2019un navire Russe au large de la Bretagne pose la question de la souverainet\u00e9 bretonne dans ses eaux territoriales (\u00c9ditorial) - STOURM\" \/>\n<meta property=\"og:description\" content=\"L\u2019arraisonnement, le 1er octobre 2025, d\u2019un p\u00e9trolier russe par les autorit\u00e9s fran\u00e7aises au large de Sant-Nazer (Saint-Nazaire) constitue un \u00e9v\u00e9nement marquant qui illustre de mani\u00e8re \u00e9clatante la n\u00e9cessit\u00e9 pour la Bretagne de recouvrer son ind\u00e9pendance. [Images exclusives M6] L&rsquo;arm\u00e9e fran\u00e7aise a proc\u00e9d\u00e9 ce mercredi 1er octobre \u00e0 l&rsquo;arraisonnement du p\u00e9trolier russe pr\u00e9sent dans un parc [&hellip;]\" \/>\n<meta property=\"og:url\" content=\"https:\/\/stourm.news\/?p=4729\" \/>\n<meta property=\"og:site_name\" content=\"STOURM\" \/>\n<meta property=\"article:publisher\" content=\"https:\/\/www.facebook.com\/stourmnews\/\" \/>\n<meta property=\"article:published_time\" content=\"2025-10-03T05:14:43+00:00\" \/>\n<meta property=\"og:image\" content=\"https:\/\/stourm.news\/wp-content\/uploads\/2025\/10\/PUVOX6JGK5ASFIJLQEUVFDKL7U.jpg\" \/>\n\t<meta property=\"og:image:width\" content=\"932\" \/>\n\t<meta property=\"og:image:height\" content=\"582\" \/>\n\t<meta property=\"og:image:type\" content=\"image\/jpeg\" \/>\n<meta name=\"author\" content=\"La r\u00e9daction\" \/>\n<meta name=\"twitter:card\" content=\"summary_large_image\" \/>\n<meta name=\"twitter:label1\" content=\"\u00c9crit par\" \/>\n\t<meta name=\"twitter:data1\" content=\"La r\u00e9daction\" \/>\n\t<meta name=\"twitter:label2\" content=\"Dur\u00e9e de lecture estim\u00e9e\" \/>\n\t<meta name=\"twitter:data2\" content=\"2 minutes\" \/>\n<script type=\"application\/ld+json\" class=\"yoast-schema-graph\">{\"@context\":\"https:\/\/schema.org\",\"@graph\":[{\"@type\":\"Article\",\"@id\":\"https:\/\/stourm.news\/?p=4729#article\",\"isPartOf\":{\"@id\":\"https:\/\/stourm.news\/?p=4729\"},\"author\":{\"name\":\"La r\u00e9daction\",\"@id\":\"https:\/\/stourm.news\/#\/schema\/person\/c3e1dc65988632e190969234ef046cf9\"},\"headline\":\"L\u2019arraisonnement d\u2019un navire Russe au large de la Bretagne pose la question de la souverainet\u00e9 bretonne dans ses eaux territoriales (\u00c9ditorial)\",\"datePublished\":\"2025-10-03T05:14:43+00:00\",\"mainEntityOfPage\":{\"@id\":\"https:\/\/stourm.news\/?p=4729\"},\"wordCount\":512,\"commentCount\":0,\"publisher\":{\"@id\":\"https:\/\/stourm.news\/#organization\"},\"image\":{\"@id\":\"https:\/\/stourm.news\/?p=4729#primaryimage\"},\"thumbnailUrl\":\"https:\/\/stourm.news\/wp-content\/uploads\/2025\/10\/PUVOX6JGK5ASFIJLQEUVFDKL7U.jpg\",\"articleSection\":[\"Breizh\",\"Editorial\",\"Principale\"],\"inLanguage\":\"fr-FR\",\"potentialAction\":[{\"@type\":\"CommentAction\",\"name\":\"Comment\",\"target\":[\"https:\/\/stourm.news\/?p=4729#respond\"]}]},{\"@type\":\"WebPage\",\"@id\":\"https:\/\/stourm.news\/?p=4729\",\"url\":\"https:\/\/stourm.news\/?p=4729\",\"name\":\"L\u2019arraisonnement d\u2019un navire Russe au large de la Bretagne pose la question de la souverainet\u00e9 bretonne dans ses eaux territoriales (\u00c9ditorial) - STOURM\",\"isPartOf\":{\"@id\":\"https:\/\/stourm.news\/#website\"},\"primaryImageOfPage\":{\"@id\":\"https:\/\/stourm.news\/?p=4729#primaryimage\"},\"image\":{\"@id\":\"https:\/\/stourm.news\/?p=4729#primaryimage\"},\"thumbnailUrl\":\"https:\/\/stourm.news\/wp-content\/uploads\/2025\/10\/PUVOX6JGK5ASFIJLQEUVFDKL7U.jpg\",\"datePublished\":\"2025-10-03T05:14:43+00:00\",\"breadcrumb\":{\"@id\":\"https:\/\/stourm.news\/?p=4729#breadcrumb\"},\"inLanguage\":\"fr-FR\",\"potentialAction\":[{\"@type\":\"ReadAction\",\"target\":[\"https:\/\/stourm.news\/?p=4729\"]}]},{\"@type\":\"ImageObject\",\"inLanguage\":\"fr-FR\",\"@id\":\"https:\/\/stourm.news\/?p=4729#primaryimage\",\"url\":\"https:\/\/stourm.news\/wp-content\/uploads\/2025\/10\/PUVOX6JGK5ASFIJLQEUVFDKL7U.jpg\",\"contentUrl\":\"https:\/\/stourm.news\/wp-content\/uploads\/2025\/10\/PUVOX6JGK5ASFIJLQEUVFDKL7U.jpg\",\"width\":932,\"height\":582,\"caption\":\"TOPSHOT - This aerial picture taken on October 1, 2025 off the coast of the western France port of Saint-Nazaire shows French soldiers onboard the tanker from Russia's so-called \\\"shadow fleet\\\" suspected of being involved in drone flights over Denmark which sailed off the Danish coast between September 22 and 25. Named the Pushpa or Boracay, the Benin-flagged vessel, which is blacklisted by the European Union for being part of Russia's sanction-busting \\\"shadow fleet\\\", has been immobilised for several days off the French coast. (Photo by Damien MEYER \/ AFP)\"},{\"@type\":\"BreadcrumbList\",\"@id\":\"https:\/\/stourm.news\/?p=4729#breadcrumb\",\"itemListElement\":[{\"@type\":\"ListItem\",\"position\":1,\"name\":\"Accueil\",\"item\":\"https:\/\/stourm.news\/\"},{\"@type\":\"ListItem\",\"position\":2,\"name\":\"L\u2019arraisonnement d\u2019un navire Russe au large de la Bretagne pose la question de la souverainet\u00e9 bretonne dans ses eaux territoriales (\u00c9ditorial)\"}]},{\"@type\":\"WebSite\",\"@id\":\"https:\/\/stourm.news\/#website\",\"url\":\"https:\/\/stourm.news\/\",\"name\":\"Stourm\",\"description\":\"Kazetenn Strollad Broadel Breizh\",\"publisher\":{\"@id\":\"https:\/\/stourm.news\/#organization\"},\"potentialAction\":[{\"@type\":\"SearchAction\",\"target\":{\"@type\":\"EntryPoint\",\"urlTemplate\":\"https:\/\/stourm.news\/?s={search_term_string}\"},\"query-input\":{\"@type\":\"PropertyValueSpecification\",\"valueRequired\":true,\"valueName\":\"search_term_string\"}}],\"inLanguage\":\"fr-FR\"},{\"@type\":\"Organization\",\"@id\":\"https:\/\/stourm.news\/#organization\",\"name\":\"Stourm\",\"url\":\"https:\/\/stourm.news\/\",\"logo\":{\"@type\":\"ImageObject\",\"inLanguage\":\"fr-FR\",\"@id\":\"https:\/\/stourm.news\/#\/schema\/logo\/image\/\",\"url\":\"https:\/\/stourm.news\/wp-content\/uploads\/2025\/11\/cropped-Capture-decran-2025-11-28-a-15.19.07.png\",\"contentUrl\":\"https:\/\/stourm.news\/wp-content\/uploads\/2025\/11\/cropped-Capture-decran-2025-11-28-a-15.19.07.png\",\"width\":1855,\"height\":383,\"caption\":\"Stourm\"},\"image\":{\"@id\":\"https:\/\/stourm.news\/#\/schema\/logo\/image\/\"},\"sameAs\":[\"https:\/\/www.facebook.com\/stourmnews\/\"]},{\"@type\":\"Person\",\"@id\":\"https:\/\/stourm.news\/#\/schema\/person\/c3e1dc65988632e190969234ef046cf9\",\"name\":\"La r\u00e9daction\",\"image\":{\"@type\":\"ImageObject\",\"inLanguage\":\"fr-FR\",\"@id\":\"https:\/\/stourm.news\/#\/schema\/person\/image\/\",\"url\":\"https:\/\/secure.gravatar.com\/avatar\/7463443f194b6b5fb706b074ca0ef59a0cfcfd720cb47764b0ec5a952ce422b3?s=96&d=mm&r=g\",\"contentUrl\":\"https:\/\/secure.gravatar.com\/avatar\/7463443f194b6b5fb706b074ca0ef59a0cfcfd720cb47764b0ec5a952ce422b3?s=96&d=mm&r=g\",\"caption\":\"La r\u00e9daction\"},\"sameAs\":[\"https:\/\/stourm.news\"],\"url\":\"https:\/\/stourm.news\/?author=1\"}]}<\/script>\n<!-- \/ Yoast SEO plugin. -->","yoast_head_json":{"title":"L\u2019arraisonnement d\u2019un navire Russe au large de la Bretagne pose la question de la souverainet\u00e9 bretonne dans ses eaux territoriales (\u00c9ditorial) - STOURM","robots":{"index":"index","follow":"follow","max-snippet":"max-snippet:-1","max-image-preview":"max-image-preview:large","max-video-preview":"max-video-preview:-1"},"canonical":"https:\/\/stourm.news\/?p=4729","og_locale":"fr_FR","og_type":"article","og_title":"L\u2019arraisonnement d\u2019un navire Russe au large de la Bretagne pose la question de la souverainet\u00e9 bretonne dans ses eaux territoriales (\u00c9ditorial) - STOURM","og_description":"L\u2019arraisonnement, le 1er octobre 2025, d\u2019un p\u00e9trolier russe par les autorit\u00e9s fran\u00e7aises au large de Sant-Nazer (Saint-Nazaire) constitue un \u00e9v\u00e9nement marquant qui illustre de mani\u00e8re \u00e9clatante la n\u00e9cessit\u00e9 pour la Bretagne de recouvrer son ind\u00e9pendance. [Images exclusives M6] L&rsquo;arm\u00e9e fran\u00e7aise a proc\u00e9d\u00e9 ce mercredi 1er octobre \u00e0 l&rsquo;arraisonnement du p\u00e9trolier russe pr\u00e9sent dans un parc [&hellip;]","og_url":"https:\/\/stourm.news\/?p=4729","og_site_name":"STOURM","article_publisher":"https:\/\/www.facebook.com\/stourmnews\/","article_published_time":"2025-10-03T05:14:43+00:00","og_image":[{"width":932,"height":582,"url":"https:\/\/stourm.news\/wp-content\/uploads\/2025\/10\/PUVOX6JGK5ASFIJLQEUVFDKL7U.jpg","type":"image\/jpeg"}],"author":"La r\u00e9daction","twitter_card":"summary_large_image","twitter_misc":{"\u00c9crit par":"La r\u00e9daction","Dur\u00e9e de lecture estim\u00e9e":"2 minutes"},"schema":{"@context":"https:\/\/schema.org","@graph":[{"@type":"Article","@id":"https:\/\/stourm.news\/?p=4729#article","isPartOf":{"@id":"https:\/\/stourm.news\/?p=4729"},"author":{"name":"La r\u00e9daction","@id":"https:\/\/stourm.news\/#\/schema\/person\/c3e1dc65988632e190969234ef046cf9"},"headline":"L\u2019arraisonnement d\u2019un navire Russe au large de la Bretagne pose la question de la souverainet\u00e9 bretonne dans ses eaux territoriales (\u00c9ditorial)","datePublished":"2025-10-03T05:14:43+00:00","mainEntityOfPage":{"@id":"https:\/\/stourm.news\/?p=4729"},"wordCount":512,"commentCount":0,"publisher":{"@id":"https:\/\/stourm.news\/#organization"},"image":{"@id":"https:\/\/stourm.news\/?p=4729#primaryimage"},"thumbnailUrl":"https:\/\/stourm.news\/wp-content\/uploads\/2025\/10\/PUVOX6JGK5ASFIJLQEUVFDKL7U.jpg","articleSection":["Breizh","Editorial","Principale"],"inLanguage":"fr-FR","potentialAction":[{"@type":"CommentAction","name":"Comment","target":["https:\/\/stourm.news\/?p=4729#respond"]}]},{"@type":"WebPage","@id":"https:\/\/stourm.news\/?p=4729","url":"https:\/\/stourm.news\/?p=4729","name":"L\u2019arraisonnement d\u2019un navire Russe au large de la Bretagne pose la question de la souverainet\u00e9 bretonne dans ses eaux territoriales (\u00c9ditorial) - STOURM","isPartOf":{"@id":"https:\/\/stourm.news\/#website"},"primaryImageOfPage":{"@id":"https:\/\/stourm.news\/?p=4729#primaryimage"},"image":{"@id":"https:\/\/stourm.news\/?p=4729#primaryimage"},"thumbnailUrl":"https:\/\/stourm.news\/wp-content\/uploads\/2025\/10\/PUVOX6JGK5ASFIJLQEUVFDKL7U.jpg","datePublished":"2025-10-03T05:14:43+00:00","breadcrumb":{"@id":"https:\/\/stourm.news\/?p=4729#breadcrumb"},"inLanguage":"fr-FR","potentialAction":[{"@type":"ReadAction","target":["https:\/\/stourm.news\/?p=4729"]}]},{"@type":"ImageObject","inLanguage":"fr-FR","@id":"https:\/\/stourm.news\/?p=4729#primaryimage","url":"https:\/\/stourm.news\/wp-content\/uploads\/2025\/10\/PUVOX6JGK5ASFIJLQEUVFDKL7U.jpg","contentUrl":"https:\/\/stourm.news\/wp-content\/uploads\/2025\/10\/PUVOX6JGK5ASFIJLQEUVFDKL7U.jpg","width":932,"height":582,"caption":"TOPSHOT - This aerial picture taken on October 1, 2025 off the coast of the western France port of Saint-Nazaire shows French soldiers onboard the tanker from Russia's so-called \"shadow fleet\" suspected of being involved in drone flights over Denmark which sailed off the Danish coast between September 22 and 25. Named the Pushpa or Boracay, the Benin-flagged vessel, which is blacklisted by the European Union for being part of Russia's sanction-busting \"shadow fleet\", has been immobilised for several days off the French coast. (Photo by Damien MEYER \/ AFP)"},{"@type":"BreadcrumbList","@id":"https:\/\/stourm.news\/?p=4729#breadcrumb","itemListElement":[{"@type":"ListItem","position":1,"name":"Accueil","item":"https:\/\/stourm.news\/"},{"@type":"ListItem","position":2,"name":"L\u2019arraisonnement d\u2019un navire Russe au large de la Bretagne pose la question de la souverainet\u00e9 bretonne dans ses eaux territoriales (\u00c9ditorial)"}]},{"@type":"WebSite","@id":"https:\/\/stourm.news\/#website","url":"https:\/\/stourm.news\/","name":"Stourm","description":"Kazetenn Strollad Broadel Breizh","publisher":{"@id":"https:\/\/stourm.news\/#organization"},"potentialAction":[{"@type":"SearchAction","target":{"@type":"EntryPoint","urlTemplate":"https:\/\/stourm.news\/?s={search_term_string}"},"query-input":{"@type":"PropertyValueSpecification","valueRequired":true,"valueName":"search_term_string"}}],"inLanguage":"fr-FR"},{"@type":"Organization","@id":"https:\/\/stourm.news\/#organization","name":"Stourm","url":"https:\/\/stourm.news\/","logo":{"@type":"ImageObject","inLanguage":"fr-FR","@id":"https:\/\/stourm.news\/#\/schema\/logo\/image\/","url":"https:\/\/stourm.news\/wp-content\/uploads\/2025\/11\/cropped-Capture-decran-2025-11-28-a-15.19.07.png","contentUrl":"https:\/\/stourm.news\/wp-content\/uploads\/2025\/11\/cropped-Capture-decran-2025-11-28-a-15.19.07.png","width":1855,"height":383,"caption":"Stourm"},"image":{"@id":"https:\/\/stourm.news\/#\/schema\/logo\/image\/"},"sameAs":["https:\/\/www.facebook.com\/stourmnews\/"]},{"@type":"Person","@id":"https:\/\/stourm.news\/#\/schema\/person\/c3e1dc65988632e190969234ef046cf9","name":"La r\u00e9daction","image":{"@type":"ImageObject","inLanguage":"fr-FR","@id":"https:\/\/stourm.news\/#\/schema\/person\/image\/","url":"https:\/\/secure.gravatar.com\/avatar\/7463443f194b6b5fb706b074ca0ef59a0cfcfd720cb47764b0ec5a952ce422b3?s=96&d=mm&r=g","contentUrl":"https:\/\/secure.gravatar.com\/avatar\/7463443f194b6b5fb706b074ca0ef59a0cfcfd720cb47764b0ec5a952ce422b3?s=96&d=mm&r=g","caption":"La r\u00e9daction"},"sameAs":["https:\/\/stourm.news"],"url":"https:\/\/stourm.news\/?author=1"}]}},"_links":{"self":[{"href":"https:\/\/stourm.news\/index.php?rest_route=\/wp\/v2\/posts\/4729","targetHints":{"allow":["GET"]}}],"collection":[{"href":"https:\/\/stourm.news\/index.php?rest_route=\/wp\/v2\/posts"}],"about":[{"href":"https:\/\/stourm.news\/index.php?rest_route=\/wp\/v2\/types\/post"}],"author":[{"embeddable":true,"href":"https:\/\/stourm.news\/index.php?rest_route=\/wp\/v2\/users\/1"}],"replies":[{"embeddable":true,"href":"https:\/\/stourm.news\/index.php?rest_route=%2Fwp%2Fv2%2Fcomments&post=4729"}],"version-history":[{"count":1,"href":"https:\/\/stourm.news\/index.php?rest_route=\/wp\/v2\/posts\/4729\/revisions"}],"predecessor-version":[{"id":4731,"href":"https:\/\/stourm.news\/index.php?rest_route=\/wp\/v2\/posts\/4729\/revisions\/4731"}],"wp:featuredmedia":[{"embeddable":true,"href":"https:\/\/stourm.news\/index.php?rest_route=\/wp\/v2\/media\/4730"}],"wp:attachment":[{"href":"https:\/\/stourm.news\/index.php?rest_route=%2Fwp%2Fv2%2Fmedia&parent=4729"}],"wp:term":[{"taxonomy":"category","embeddable":true,"href":"https:\/\/stourm.news\/index.php?rest_route=%2Fwp%2Fv2%2Fcategories&post=4729"},{"taxonomy":"post_tag","embeddable":true,"href":"https:\/\/stourm.news\/index.php?rest_route=%2Fwp%2Fv2%2Ftags&post=4729"}],"curies":[{"name":"wp","href":"https:\/\/api.w.org\/{rel}","templated":true}]}}