{"id":4732,"date":"2025-10-03T08:58:23","date_gmt":"2025-10-03T08:58:23","guid":{"rendered":"https:\/\/stourm.news\/?p=4732"},"modified":"2025-10-03T08:58:23","modified_gmt":"2025-10-03T08:58:23","slug":"saint-brieuc-un-homme-dans-un-etat-grave-apres-avoir-ete-poignarde-en-pleine-rue","status":"publish","type":"post","link":"https:\/\/stourm.news\/?p=4732","title":{"rendered":"Saint-Brieuc : un homme dans un \u00e9tat grave apr\u00e8s avoir \u00e9t\u00e9 poignard\u00e9 en pleine rue"},"content":{"rendered":"<p style=\"text-align: justify;\">Dans la nuit de vendredi \u00e0 samedi, vers 23 h, une violente agression au couteau a eu lieu \u00e0 Sant-Brieg (Saint-Brieuc), entre la place du Chai et la rue Houvenagle. Selon <strong><a href=\"https:\/\/actu.fr\/bretagne\/saint-brieuc_22278\/agression-au-couteau-a-saint-brieuc-un-homme-dans-un-etat-grave_63249362.html\">Ouest-France<\/a><\/strong>, la victime a \u00e9t\u00e9 attaqu\u00e9e \u00e0 plusieurs reprises, recevant notamment un coup de couteau au thorax. Pris en charge par les pompiers, l\u2019homme a \u00e9t\u00e9 transport\u00e9 \u00e0 l\u2019h\u00f4pital dans un \u00e9tat grave, bien que son pronostic vital ne soit pas engag\u00e9.<\/p>\n<p style=\"text-align: justify;\">L\u2019auteur pr\u00e9sum\u00e9, un homme d\u2019une trentaine d\u2019ann\u00e9es, a \u00e9t\u00e9 identifi\u00e9 gr\u00e2ce aux images de vid\u00e9osurveillance. Il est activement recherch\u00e9 par la police, mais n\u2019avait pas encore \u00e9t\u00e9 interpell\u00e9 au moment des faits. D\u2019apr\u00e8s les premiers \u00e9l\u00e9ments de l\u2019enqu\u00eate, l\u2019agression d\u00e9coulerait d\u2019un diff\u00e9rend personnel entre les deux individus, qui \u00e9taient tous deux sous l\u2019influence de l\u2019alcool lors de l\u2019incident.<\/p>\n<p style=\"text-align: right;\"><strong>Ewen Broc&rsquo;han<\/strong><\/p>\n","protected":false},"excerpt":{"rendered":"<p>Dans la nuit de vendredi \u00e0 samedi, vers 23 h, une violente agression au couteau a eu lieu \u00e0 Sant-Brieg (Saint-Brieuc), entre la place du Chai et la rue Houvenagle. Selon Ouest-France, la victime a \u00e9t\u00e9 attaqu\u00e9e \u00e0 plusieurs reprises, recevant notamment un coup de couteau au thorax. Pris en charge par les pompiers, l\u2019homme [&hellip;]<\/p>\n","protected":false},"author":1,"featured_media":4733,"comment_status":"open","ping_status":"open","sticky":false,"template":"","format":"standard","meta":{"sb_editor_width":"","footnotes":""},"categories":[31,39,62],"tags":[],"class_list":["post-4732","post","type-post","status-publish","format-standard","has-post-thumbnail","hentry","category-agression","category-cotes-darmor","category-revue-de-presse"],"relative_dates":{"created":"7 mois ago","modified":"7 mois ago"},"yoast_head":"<!-- This site is optimized with the Yoast SEO plugin v26.3 - https:\/\/yoast.com\/wordpress\/plugins\/seo\/ -->\n<title>Saint-Brieuc : un homme dans un \u00e9tat grave apr\u00e8s avoir \u00e9t\u00e9 poignard\u00e9 en pleine rue - STOURM<\/title>\n<meta name=\"robots\" content=\"index, follow, max-snippet:-1, max-image-preview:large, max-video-preview:-1\" \/>\n<link rel=\"canonical\" href=\"https:\/\/stourm.news\/?p=4732\" \/>\n<meta property=\"og:locale\" content=\"fr_FR\" \/>\n<meta property=\"og:type\" content=\"article\" \/>\n<meta property=\"og:title\" content=\"Saint-Brieuc : un homme dans un \u00e9tat grave apr\u00e8s avoir \u00e9t\u00e9 poignard\u00e9 en pleine rue - STOURM\" \/>\n<meta property=\"og:description\" content=\"Dans la nuit de vendredi \u00e0 samedi, vers 23 h, une violente agression au couteau a eu lieu \u00e0 Sant-Brieg (Saint-Brieuc), entre la place du Chai et la rue Houvenagle. Selon Ouest-France, la victime a \u00e9t\u00e9 attaqu\u00e9e \u00e0 plusieurs reprises, recevant notamment un coup de couteau au thorax. Pris en charge par les pompiers, l\u2019homme [&hellip;]\" \/>\n<meta property=\"og:url\" content=\"https:\/\/stourm.news\/?p=4732\" \/>\n<meta property=\"og:site_name\" content=\"STOURM\" \/>\n<meta property=\"article:publisher\" content=\"https:\/\/www.facebook.com\/stourmnews\/\" \/>\n<meta property=\"article:published_time\" content=\"2025-10-03T08:58:23+00:00\" \/>\n<meta property=\"og:image\" content=\"https:\/\/stourm.news\/wp-content\/uploads\/2025\/10\/604b3a5a7e6fc-1200.webp\" \/>\n\t<meta property=\"og:image:width\" content=\"1200\" \/>\n\t<meta property=\"og:image:height\" content=\"799\" \/>\n\t<meta property=\"og:image:type\" content=\"image\/webp\" \/>\n<meta name=\"author\" content=\"La r\u00e9daction\" \/>\n<meta name=\"twitter:card\" content=\"summary_large_image\" \/>\n<meta name=\"twitter:label1\" content=\"\u00c9crit par\" \/>\n\t<meta name=\"twitter:data1\" content=\"La r\u00e9daction\" \/>\n\t<meta name=\"twitter:label2\" content=\"Dur\u00e9e de lecture estim\u00e9e\" \/>\n\t<meta name=\"twitter:data2\" content=\"1 minute\" \/>\n<script type=\"application\/ld+json\" class=\"yoast-schema-graph\">{\"@context\":\"https:\/\/schema.org\",\"@graph\":[{\"@type\":\"Article\",\"@id\":\"https:\/\/stourm.news\/?p=4732#article\",\"isPartOf\":{\"@id\":\"https:\/\/stourm.news\/?p=4732\"},\"author\":{\"name\":\"La r\u00e9daction\",\"@id\":\"https:\/\/stourm.news\/#\/schema\/person\/c3e1dc65988632e190969234ef046cf9\"},\"headline\":\"Saint-Brieuc : un homme dans un \u00e9tat grave apr\u00e8s avoir \u00e9t\u00e9 poignard\u00e9 en pleine rue\",\"datePublished\":\"2025-10-03T08:58:23+00:00\",\"mainEntityOfPage\":{\"@id\":\"https:\/\/stourm.news\/?p=4732\"},\"wordCount\":168,\"commentCount\":0,\"publisher\":{\"@id\":\"https:\/\/stourm.news\/#organization\"},\"image\":{\"@id\":\"https:\/\/stourm.news\/?p=4732#primaryimage\"},\"thumbnailUrl\":\"https:\/\/stourm.news\/wp-content\/uploads\/2025\/10\/604b3a5a7e6fc-1200.webp\",\"articleSection\":[\"Agression\",\"C\u00f4tes d'Armor\",\"Revue de presse\"],\"inLanguage\":\"fr-FR\",\"potentialAction\":[{\"@type\":\"CommentAction\",\"name\":\"Comment\",\"target\":[\"https:\/\/stourm.news\/?p=4732#respond\"]}]},{\"@type\":\"WebPage\",\"@id\":\"https:\/\/stourm.news\/?p=4732\",\"url\":\"https:\/\/stourm.news\/?p=4732\",\"name\":\"Saint-Brieuc : un homme dans un \u00e9tat grave apr\u00e8s avoir \u00e9t\u00e9 poignard\u00e9 en pleine rue - STOURM\",\"isPartOf\":{\"@id\":\"https:\/\/stourm.news\/#website\"},\"primaryImageOfPage\":{\"@id\":\"https:\/\/stourm.news\/?p=4732#primaryimage\"},\"image\":{\"@id\":\"https:\/\/stourm.news\/?p=4732#primaryimage\"},\"thumbnailUrl\":\"https:\/\/stourm.news\/wp-content\/uploads\/2025\/10\/604b3a5a7e6fc-1200.webp\",\"datePublished\":\"2025-10-03T08:58:23+00:00\",\"breadcrumb\":{\"@id\":\"https:\/\/stourm.news\/?p=4732#breadcrumb\"},\"inLanguage\":\"fr-FR\",\"potentialAction\":[{\"@type\":\"ReadAction\",\"target\":[\"https:\/\/stourm.news\/?p=4732\"]}]},{\"@type\":\"ImageObject\",\"inLanguage\":\"fr-FR\",\"@id\":\"https:\/\/stourm.news\/?p=4732#primaryimage\",\"url\":\"https:\/\/stourm.news\/wp-content\/uploads\/2025\/10\/604b3a5a7e6fc-1200.webp\",\"contentUrl\":\"https:\/\/stourm.news\/wp-content\/uploads\/2025\/10\/604b3a5a7e6fc-1200.webp\",\"width\":1200,\"height\":799},{\"@type\":\"BreadcrumbList\",\"@id\":\"https:\/\/stourm.news\/?p=4732#breadcrumb\",\"itemListElement\":[{\"@type\":\"ListItem\",\"position\":1,\"name\":\"Accueil\",\"item\":\"https:\/\/stourm.news\/\"},{\"@type\":\"ListItem\",\"position\":2,\"name\":\"Saint-Brieuc : un homme dans un \u00e9tat grave apr\u00e8s avoir \u00e9t\u00e9 poignard\u00e9 en pleine rue\"}]},{\"@type\":\"WebSite\",\"@id\":\"https:\/\/stourm.news\/#website\",\"url\":\"https:\/\/stourm.news\/\",\"name\":\"Stourm\",\"description\":\"Kazetenn Strollad Broadel Breizh\",\"publisher\":{\"@id\":\"https:\/\/stourm.news\/#organization\"},\"potentialAction\":[{\"@type\":\"SearchAction\",\"target\":{\"@type\":\"EntryPoint\",\"urlTemplate\":\"https:\/\/stourm.news\/?s={search_term_string}\"},\"query-input\":{\"@type\":\"PropertyValueSpecification\",\"valueRequired\":true,\"valueName\":\"search_term_string\"}}],\"inLanguage\":\"fr-FR\"},{\"@type\":\"Organization\",\"@id\":\"https:\/\/stourm.news\/#organization\",\"name\":\"Stourm\",\"url\":\"https:\/\/stourm.news\/\",\"logo\":{\"@type\":\"ImageObject\",\"inLanguage\":\"fr-FR\",\"@id\":\"https:\/\/stourm.news\/#\/schema\/logo\/image\/\",\"url\":\"https:\/\/stourm.news\/wp-content\/uploads\/2025\/11\/cropped-Capture-decran-2025-11-28-a-15.19.07.png\",\"contentUrl\":\"https:\/\/stourm.news\/wp-content\/uploads\/2025\/11\/cropped-Capture-decran-2025-11-28-a-15.19.07.png\",\"width\":1855,\"height\":383,\"caption\":\"Stourm\"},\"image\":{\"@id\":\"https:\/\/stourm.news\/#\/schema\/logo\/image\/\"},\"sameAs\":[\"https:\/\/www.facebook.com\/stourmnews\/\"]},{\"@type\":\"Person\",\"@id\":\"https:\/\/stourm.news\/#\/schema\/person\/c3e1dc65988632e190969234ef046cf9\",\"name\":\"La r\u00e9daction\",\"image\":{\"@type\":\"ImageObject\",\"inLanguage\":\"fr-FR\",\"@id\":\"https:\/\/stourm.news\/#\/schema\/person\/image\/\",\"url\":\"https:\/\/secure.gravatar.com\/avatar\/7463443f194b6b5fb706b074ca0ef59a0cfcfd720cb47764b0ec5a952ce422b3?s=96&d=mm&r=g\",\"contentUrl\":\"https:\/\/secure.gravatar.com\/avatar\/7463443f194b6b5fb706b074ca0ef59a0cfcfd720cb47764b0ec5a952ce422b3?s=96&d=mm&r=g\",\"caption\":\"La r\u00e9daction\"},\"sameAs\":[\"https:\/\/stourm.news\"],\"url\":\"https:\/\/stourm.news\/?author=1\"}]}<\/script>\n<!-- \/ Yoast SEO plugin. -->","yoast_head_json":{"title":"Saint-Brieuc : un homme dans un \u00e9tat grave apr\u00e8s avoir \u00e9t\u00e9 poignard\u00e9 en pleine rue - STOURM","robots":{"index":"index","follow":"follow","max-snippet":"max-snippet:-1","max-image-preview":"max-image-preview:large","max-video-preview":"max-video-preview:-1"},"canonical":"https:\/\/stourm.news\/?p=4732","og_locale":"fr_FR","og_type":"article","og_title":"Saint-Brieuc : un homme dans un \u00e9tat grave apr\u00e8s avoir \u00e9t\u00e9 poignard\u00e9 en pleine rue - STOURM","og_description":"Dans la nuit de vendredi \u00e0 samedi, vers 23 h, une violente agression au couteau a eu lieu \u00e0 Sant-Brieg (Saint-Brieuc), entre la place du Chai et la rue Houvenagle. Selon Ouest-France, la victime a \u00e9t\u00e9 attaqu\u00e9e \u00e0 plusieurs reprises, recevant notamment un coup de couteau au thorax. Pris en charge par les pompiers, l\u2019homme [&hellip;]","og_url":"https:\/\/stourm.news\/?p=4732","og_site_name":"STOURM","article_publisher":"https:\/\/www.facebook.com\/stourmnews\/","article_published_time":"2025-10-03T08:58:23+00:00","og_image":[{"width":1200,"height":799,"url":"https:\/\/stourm.news\/wp-content\/uploads\/2025\/10\/604b3a5a7e6fc-1200.webp","type":"image\/webp"}],"author":"La r\u00e9daction","twitter_card":"summary_large_image","twitter_misc":{"\u00c9crit par":"La r\u00e9daction","Dur\u00e9e de lecture estim\u00e9e":"1 minute"},"schema":{"@context":"https:\/\/schema.org","@graph":[{"@type":"Article","@id":"https:\/\/stourm.news\/?p=4732#article","isPartOf":{"@id":"https:\/\/stourm.news\/?p=4732"},"author":{"name":"La r\u00e9daction","@id":"https:\/\/stourm.news\/#\/schema\/person\/c3e1dc65988632e190969234ef046cf9"},"headline":"Saint-Brieuc : un homme dans un \u00e9tat grave apr\u00e8s avoir \u00e9t\u00e9 poignard\u00e9 en pleine rue","datePublished":"2025-10-03T08:58:23+00:00","mainEntityOfPage":{"@id":"https:\/\/stourm.news\/?p=4732"},"wordCount":168,"commentCount":0,"publisher":{"@id":"https:\/\/stourm.news\/#organization"},"image":{"@id":"https:\/\/stourm.news\/?p=4732#primaryimage"},"thumbnailUrl":"https:\/\/stourm.news\/wp-content\/uploads\/2025\/10\/604b3a5a7e6fc-1200.webp","articleSection":["Agression","C\u00f4tes d'Armor","Revue de presse"],"inLanguage":"fr-FR","potentialAction":[{"@type":"CommentAction","name":"Comment","target":["https:\/\/stourm.news\/?p=4732#respond"]}]},{"@type":"WebPage","@id":"https:\/\/stourm.news\/?p=4732","url":"https:\/\/stourm.news\/?p=4732","name":"Saint-Brieuc : un homme dans un \u00e9tat grave apr\u00e8s avoir \u00e9t\u00e9 poignard\u00e9 en pleine rue - STOURM","isPartOf":{"@id":"https:\/\/stourm.news\/#website"},"primaryImageOfPage":{"@id":"https:\/\/stourm.news\/?p=4732#primaryimage"},"image":{"@id":"https:\/\/stourm.news\/?p=4732#primaryimage"},"thumbnailUrl":"https:\/\/stourm.news\/wp-content\/uploads\/2025\/10\/604b3a5a7e6fc-1200.webp","datePublished":"2025-10-03T08:58:23+00:00","breadcrumb":{"@id":"https:\/\/stourm.news\/?p=4732#breadcrumb"},"inLanguage":"fr-FR","potentialAction":[{"@type":"ReadAction","target":["https:\/\/stourm.news\/?p=4732"]}]},{"@type":"ImageObject","inLanguage":"fr-FR","@id":"https:\/\/stourm.news\/?p=4732#primaryimage","url":"https:\/\/stourm.news\/wp-content\/uploads\/2025\/10\/604b3a5a7e6fc-1200.webp","contentUrl":"https:\/\/stourm.news\/wp-content\/uploads\/2025\/10\/604b3a5a7e6fc-1200.webp","width":1200,"height":799},{"@type":"BreadcrumbList","@id":"https:\/\/stourm.news\/?p=4732#breadcrumb","itemListElement":[{"@type":"ListItem","position":1,"name":"Accueil","item":"https:\/\/stourm.news\/"},{"@type":"ListItem","position":2,"name":"Saint-Brieuc : un homme dans un \u00e9tat grave apr\u00e8s avoir \u00e9t\u00e9 poignard\u00e9 en pleine rue"}]},{"@type":"WebSite","@id":"https:\/\/stourm.news\/#website","url":"https:\/\/stourm.news\/","name":"Stourm","description":"Kazetenn Strollad Broadel Breizh","publisher":{"@id":"https:\/\/stourm.news\/#organization"},"potentialAction":[{"@type":"SearchAction","target":{"@type":"EntryPoint","urlTemplate":"https:\/\/stourm.news\/?s={search_term_string}"},"query-input":{"@type":"PropertyValueSpecification","valueRequired":true,"valueName":"search_term_string"}}],"inLanguage":"fr-FR"},{"@type":"Organization","@id":"https:\/\/stourm.news\/#organization","name":"Stourm","url":"https:\/\/stourm.news\/","logo":{"@type":"ImageObject","inLanguage":"fr-FR","@id":"https:\/\/stourm.news\/#\/schema\/logo\/image\/","url":"https:\/\/stourm.news\/wp-content\/uploads\/2025\/11\/cropped-Capture-decran-2025-11-28-a-15.19.07.png","contentUrl":"https:\/\/stourm.news\/wp-content\/uploads\/2025\/11\/cropped-Capture-decran-2025-11-28-a-15.19.07.png","width":1855,"height":383,"caption":"Stourm"},"image":{"@id":"https:\/\/stourm.news\/#\/schema\/logo\/image\/"},"sameAs":["https:\/\/www.facebook.com\/stourmnews\/"]},{"@type":"Person","@id":"https:\/\/stourm.news\/#\/schema\/person\/c3e1dc65988632e190969234ef046cf9","name":"La r\u00e9daction","image":{"@type":"ImageObject","inLanguage":"fr-FR","@id":"https:\/\/stourm.news\/#\/schema\/person\/image\/","url":"https:\/\/secure.gravatar.com\/avatar\/7463443f194b6b5fb706b074ca0ef59a0cfcfd720cb47764b0ec5a952ce422b3?s=96&d=mm&r=g","contentUrl":"https:\/\/secure.gravatar.com\/avatar\/7463443f194b6b5fb706b074ca0ef59a0cfcfd720cb47764b0ec5a952ce422b3?s=96&d=mm&r=g","caption":"La r\u00e9daction"},"sameAs":["https:\/\/stourm.news"],"url":"https:\/\/stourm.news\/?author=1"}]}},"_links":{"self":[{"href":"https:\/\/stourm.news\/index.php?rest_route=\/wp\/v2\/posts\/4732","targetHints":{"allow":["GET"]}}],"collection":[{"href":"https:\/\/stourm.news\/index.php?rest_route=\/wp\/v2\/posts"}],"about":[{"href":"https:\/\/stourm.news\/index.php?rest_route=\/wp\/v2\/types\/post"}],"author":[{"embeddable":true,"href":"https:\/\/stourm.news\/index.php?rest_route=\/wp\/v2\/users\/1"}],"replies":[{"embeddable":true,"href":"https:\/\/stourm.news\/index.php?rest_route=%2Fwp%2Fv2%2Fcomments&post=4732"}],"version-history":[{"count":1,"href":"https:\/\/stourm.news\/index.php?rest_route=\/wp\/v2\/posts\/4732\/revisions"}],"predecessor-version":[{"id":4734,"href":"https:\/\/stourm.news\/index.php?rest_route=\/wp\/v2\/posts\/4732\/revisions\/4734"}],"wp:featuredmedia":[{"embeddable":true,"href":"https:\/\/stourm.news\/index.php?rest_route=\/wp\/v2\/media\/4733"}],"wp:attachment":[{"href":"https:\/\/stourm.news\/index.php?rest_route=%2Fwp%2Fv2%2Fmedia&parent=4732"}],"wp:term":[{"taxonomy":"category","embeddable":true,"href":"https:\/\/stourm.news\/index.php?rest_route=%2Fwp%2Fv2%2Fcategories&post=4732"},{"taxonomy":"post_tag","embeddable":true,"href":"https:\/\/stourm.news\/index.php?rest_route=%2Fwp%2Fv2%2Ftags&post=4732"}],"curies":[{"name":"wp","href":"https:\/\/api.w.org\/{rel}","templated":true}]}}