{"id":4746,"date":"2025-10-04T06:44:18","date_gmt":"2025-10-04T06:44:18","guid":{"rendered":"https:\/\/stourm.news\/?p=4746"},"modified":"2025-10-04T06:44:18","modified_gmt":"2025-10-04T06:44:18","slug":"emsav-4-octobre-1977-signature-de-la-charte-culturelle-bretonne","status":"publish","type":"post","link":"https:\/\/stourm.news\/?p=4746","title":{"rendered":"Emsav : 4 octobre 1977, signature de la Charte culturelle bretonne"},"content":{"rendered":"<p style=\"text-align: justify;\">Le 4 octobre 1977, un \u00e9v\u00e9nement marque l\u2019histoire contemporaine de la Bretagne : la signature de la Charte culturelle bretonne \u00e0 Rennes. Paraph\u00e9e par le Premier ministre Raymond Barre pour l\u2019\u00c9tat fran\u00e7ais, cette charte reconna\u00eet officiellement la \u00ab personnalit\u00e9 culturelle \u00bb de la Bretagne. Annonc\u00e9e par le pr\u00e9sident Val\u00e9ry Giscard d\u2019Estaing lors de son discours \u00e0 Plo\u00ebrmel le 9 f\u00e9vrier 1977, elle s\u2019inscrit dans un renouveau identitaire breton port\u00e9 par l\u2019Emsav et des revendications pour pr\u00e9server la langue bretonne et les traditions celtiques face \u00e0 la centralisation fran\u00e7aise.<\/p>\n<p style=\"text-align: justify;\">La Charte culturelle bretonne, structur\u00e9e en 14 articles, vise \u00e0 \u00ab reconna\u00eetre la valeur et la dignit\u00e9 \u00bb de la culture bretonne et \u00e0 \u00ab garantir le libre \u00e9panouissement \u00bb de ses expressions, incluant les langues (breton et gallo), les traditions et les arts. Elle se pr\u00e9sente comme une culture \u00ab ouverte sur l\u2019ext\u00e9rieur et sur l\u2019avenir \u00bb, transcendant le folklore rural. Ses principaux apports incluent :<\/p>\n<ul>\n<li style=\"text-align: justify;\">Reconnaissance symbolique : L\u2019\u00c9tat fran\u00e7ais admet pour la premi\u00e8re fois la sp\u00e9cificit\u00e9 bretonne comme une richesse nationale. Cette reconnaissance brise le tabou de l\u2019uniformit\u00e9 r\u00e9publicaine, apr\u00e8s des d\u00e9cennies de r\u00e9pression o\u00f9 le breton \u00e9tait stigmatis\u00e9 comme un \u00ab signe d\u2019indig\u00e9nit\u00e9 \u00bb.<\/li>\n<li style=\"text-align: justify;\">Institutions et financements : La charte cr\u00e9e le Conseil culturel de Bretagne (1978) pour coordonner les projets culturels et l\u2019Institut culturel de Bretagne (1981) pour la recherche et la diffusion. Entre 1978 et 1982, elle mobilise 30 millions de francs pour l\u2019\u00e9quipement (moiti\u00e9 \u00c9tat, moiti\u00e9 d\u00e9partements) et 15 millions pour le fonctionnement, g\u00e9n\u00e9rant plus de 100 millions d\u2019euros de d\u00e9penses culturelles (valeur 2025).<\/li>\n<li style=\"text-align: justify;\">Enseignement et m\u00e9dias : L\u2019article 5 engage un \u00ab soin particulier \u00bb pour le breton dans l\u2019enseignement, ouvrant la voie \u00e0 la premi\u00e8re \u00e9cole Diwan \u00e0 Lampaul-Guimiliau (1977), pionni\u00e8re de l\u2019immersion. Pour les m\u00e9dias, elle pr\u00e9voit une augmentation des \u00e9missions en breton, passant de 20 minutes hebdomadaires \u00e0 la t\u00e9l\u00e9vision (FR3 Bretagne) \u00e0 des cr\u00e9neaux doubl\u00e9s d\u00e8s 1978.<\/li>\n<\/ul>\n<p style=\"text-align: justify;\">Ces avanc\u00e9es alimentent le renouveau culturel des ann\u00e9es 1970-1980, avec une explosion des associations (cercles celtiques, fest-noz) et un tourisme culturel pesant 2 milliards d\u2019euros annuels en 2025. L\u2019historien Francis Favereau souligne que la charte a \u00ab am\u00e9lior\u00e9 l\u2019enseignement du breton \u00bb et cr\u00e9\u00e9 un \u00e9cosyst\u00e8me institutionnel p\u00e9renne.<\/p>\n<p style=\"text-align: justify;\"><strong>Les limites : Un engagement timide sans port\u00e9e l\u00e9gale<\/strong><\/p>\n<p style=\"text-align: justify;\">Malgr\u00e9 ces apports, la charte est un \u00ab programme minimum \u00bb, fruit de n\u00e9gociations tendues o\u00f9 l\u2019\u00c9tat impose des \u00ab corrections \u00bb limitant son ambition. Expir\u00e9e en 1982 sans renouvellement significatif, elle manque de force contraignante, restant un engagement moral. Ses faiblesses majeures incluent :<\/p>\n<ul>\n<li style=\"text-align: justify;\">Insuffisance linguistique : L\u2019article 5 promeut l\u2019enseignement du breton, mais privil\u00e9gie des programmes en fran\u00e7ais sur le patrimoine, sans imposer l\u2019immersion ni accorder un statut co-officiel. Le breton reste \u00ab s\u00e9rieusement en danger \u00bb selon l\u2019UNESCO (2010), faute de revitalisation structurelle.<\/li>\n<li style=\"text-align: justify;\">Financements limit\u00e9s : Les 45 millions de francs annuels (12 millions d\u2019euros actuels) sont insuffisants face aux besoins, et leur distribution d\u00e9pend de l\u2019\u00c9tat, souvent r\u00e9ticent. Un article du Monde de 1983 note que la charte n\u2019a pas \u00ab r\u00e9par\u00e9 les injustices faites \u00e0 la langue bretonne \u00bb.<\/li>\n<li style=\"text-align: justify;\">Cadre jacobin : Entrav\u00e9e par l\u2019article 2 de la Constitution (\u00ab La langue de la R\u00e9publique est le fran\u00e7ais \u00bb), la charte cantonne la Bretagne \u00e0 un \u00ab particularisme local \u00bb sans autonomie r\u00e9elle.<\/li>\n<\/ul>\n<p style=\"text-align: justify;\"><strong>Critiques : Des voix militantes contre un compromis insuffisant<\/strong><\/p>\n<p style=\"text-align: justify;\">La charte suscite des critiques imm\u00e9diates pour son manque d\u2019ambition. Yann Fou\u00e9r\u00e9, figure de l\u2019Emsav, la qualifie de \u00ab programme minimum de reconnaissance de la sp\u00e9cificit\u00e9 bretonne \u00bb, octroy\u00e9 pour apaiser les revendications autonomistes sans remettre en cause le centralisme fran\u00e7ais.<\/p>\n<p style=\"text-align: justify;\">\u00c9mile Le Scanff, dit Glenmor, exprime sa frustration dans une interview de 1977 : \u00ab Nous avons cherch\u00e9, tout le mouvement breton a \u00e9t\u00e9 braqu\u00e9 sur le dialogue. Nous avons fait des p\u00e9titions, les \u00e9lus bretons ont cr\u00e9\u00e9 la loi-programme pour la Bretagne. Nous revendiquons pour notre langue, on nous promet une charte culturelle. C\u2019est une solution de d\u00e9sespoir. \u00bb<\/p>\n<p style=\"text-align: justify;\"><strong>La situation actuelle : Une langue au bord de l\u2019extinction<\/strong><\/p>\n<p style=\"text-align: justify;\">En 2025, le breton est plus que jamais en crise. Le sondage TMO (janvier 2025) recense 107 000 locuteurs en Bretagne historique, contre 214 000 en 2018 \u2013 une chute de 50 % en six ans et de 90 % depuis 1950 (1 million). Avec un taux de pratique \u00e0 2,7 %, 78 % des locuteurs \u00e2g\u00e9s de plus de 60 ans, et une transmission familiale quasi nulle (&lt;1 %), l\u2019UNESCO maintient le breton comme \u00ab s\u00e9rieusement en danger \u00bb.<\/p>\n<p style=\"text-align: justify;\">Des progr\u00e8s existent : 13 000 \u00e9l\u00e8ves suivent un enseignement bilingue (Diwan, Dihun, r\u00e9seaux publics), en hausse de 10 % depuis 2018 gr\u00e2ce \u00e0 la loi Molac (2021), qui int\u00e8gre les langues r\u00e9gionales dans l\u2019horaire scolaire. La R\u00e9gion Bretagne alloue 13 millions d\u2019euros en 2027 (+3,6 millions depuis 2023) pour l\u2019enseignement et les m\u00e9dias.<\/p>\n<p style=\"text-align: justify;\">Des initiatives comme Breizh a live (septembre 2025) mobilisent pour un \u00ab combat de tous les jours \u00bb. Mais Fulup Jakez, directeur de l\u2019Ofis Publik ar Brezhoneg, alerte : \u00ab Ces donn\u00e9es ne sont pas des surprises, mais des \u00e9volutions d\u00e9mographiques connues ; sans actions fortes, la langue dispara\u00eetra. \u00bb<\/p>\n<p style=\"text-align: right;\"><strong>Olier Kerdrel<\/strong><\/p>\n","protected":false},"excerpt":{"rendered":"<p>Le 4 octobre 1977, un \u00e9v\u00e9nement marque l\u2019histoire contemporaine de la Bretagne : la signature de la Charte culturelle bretonne \u00e0 Rennes. Paraph\u00e9e par le Premier ministre Raymond Barre pour l\u2019\u00c9tat fran\u00e7ais, cette charte reconna\u00eet officiellement la \u00ab personnalit\u00e9 culturelle \u00bb de la Bretagne. Annonc\u00e9e par le pr\u00e9sident Val\u00e9ry Giscard d\u2019Estaing lors de son discours [&hellip;]<\/p>\n","protected":false},"author":1,"featured_media":4747,"comment_status":"open","ping_status":"open","sticky":false,"template":"","format":"standard","meta":{"sb_editor_width":"","footnotes":""},"categories":[74,65],"tags":[],"class_list":["post-4746","post","type-post","status-publish","format-standard","has-post-thumbnail","hentry","category-emsav","category-principale"],"relative_dates":{"created":"7 mois ago","modified":"7 mois ago"},"yoast_head":"<!-- This site is optimized with the Yoast SEO plugin v26.3 - https:\/\/yoast.com\/wordpress\/plugins\/seo\/ -->\n<title>Emsav : 4 octobre 1977, signature de la Charte culturelle bretonne - STOURM<\/title>\n<meta name=\"robots\" content=\"index, follow, max-snippet:-1, max-image-preview:large, max-video-preview:-1\" \/>\n<link rel=\"canonical\" href=\"https:\/\/stourm.news\/?p=4746\" \/>\n<meta property=\"og:locale\" content=\"fr_FR\" \/>\n<meta property=\"og:type\" content=\"article\" \/>\n<meta property=\"og:title\" content=\"Emsav : 4 octobre 1977, signature de la Charte culturelle bretonne - STOURM\" \/>\n<meta property=\"og:description\" content=\"Le 4 octobre 1977, un \u00e9v\u00e9nement marque l\u2019histoire contemporaine de la Bretagne : la signature de la Charte culturelle bretonne \u00e0 Rennes. Paraph\u00e9e par le Premier ministre Raymond Barre pour l\u2019\u00c9tat fran\u00e7ais, cette charte reconna\u00eet officiellement la \u00ab personnalit\u00e9 culturelle \u00bb de la Bretagne. Annonc\u00e9e par le pr\u00e9sident Val\u00e9ry Giscard d\u2019Estaing lors de son discours [&hellip;]\" \/>\n<meta property=\"og:url\" content=\"https:\/\/stourm.news\/?p=4746\" \/>\n<meta property=\"og:site_name\" content=\"STOURM\" \/>\n<meta property=\"article:publisher\" content=\"https:\/\/www.facebook.com\/stourmnews\/\" \/>\n<meta property=\"article:published_time\" content=\"2025-10-04T06:44:18+00:00\" \/>\n<meta property=\"og:image\" content=\"https:\/\/stourm.news\/wp-content\/uploads\/2025\/10\/Capture-decran-2025-10-04-a-15.43.25.png\" \/>\n\t<meta property=\"og:image:width\" content=\"1094\" \/>\n\t<meta property=\"og:image:height\" content=\"708\" \/>\n\t<meta property=\"og:image:type\" content=\"image\/png\" \/>\n<meta name=\"author\" content=\"La r\u00e9daction\" \/>\n<meta name=\"twitter:card\" content=\"summary_large_image\" \/>\n<meta name=\"twitter:label1\" content=\"\u00c9crit par\" \/>\n\t<meta name=\"twitter:data1\" content=\"La r\u00e9daction\" \/>\n\t<meta name=\"twitter:label2\" content=\"Dur\u00e9e de lecture estim\u00e9e\" \/>\n\t<meta name=\"twitter:data2\" content=\"5 minutes\" \/>\n<script type=\"application\/ld+json\" class=\"yoast-schema-graph\">{\"@context\":\"https:\/\/schema.org\",\"@graph\":[{\"@type\":\"Article\",\"@id\":\"https:\/\/stourm.news\/?p=4746#article\",\"isPartOf\":{\"@id\":\"https:\/\/stourm.news\/?p=4746\"},\"author\":{\"name\":\"La r\u00e9daction\",\"@id\":\"https:\/\/stourm.news\/#\/schema\/person\/c3e1dc65988632e190969234ef046cf9\"},\"headline\":\"Emsav : 4 octobre 1977, signature de la Charte culturelle bretonne\",\"datePublished\":\"2025-10-04T06:44:18+00:00\",\"mainEntityOfPage\":{\"@id\":\"https:\/\/stourm.news\/?p=4746\"},\"wordCount\":847,\"commentCount\":0,\"publisher\":{\"@id\":\"https:\/\/stourm.news\/#organization\"},\"image\":{\"@id\":\"https:\/\/stourm.news\/?p=4746#primaryimage\"},\"thumbnailUrl\":\"https:\/\/stourm.news\/wp-content\/uploads\/2025\/10\/Capture-decran-2025-10-04-a-15.43.25.png\",\"articleSection\":[\"Emsav\",\"Principale\"],\"inLanguage\":\"fr-FR\",\"potentialAction\":[{\"@type\":\"CommentAction\",\"name\":\"Comment\",\"target\":[\"https:\/\/stourm.news\/?p=4746#respond\"]}]},{\"@type\":\"WebPage\",\"@id\":\"https:\/\/stourm.news\/?p=4746\",\"url\":\"https:\/\/stourm.news\/?p=4746\",\"name\":\"Emsav : 4 octobre 1977, signature de la Charte culturelle bretonne - STOURM\",\"isPartOf\":{\"@id\":\"https:\/\/stourm.news\/#website\"},\"primaryImageOfPage\":{\"@id\":\"https:\/\/stourm.news\/?p=4746#primaryimage\"},\"image\":{\"@id\":\"https:\/\/stourm.news\/?p=4746#primaryimage\"},\"thumbnailUrl\":\"https:\/\/stourm.news\/wp-content\/uploads\/2025\/10\/Capture-decran-2025-10-04-a-15.43.25.png\",\"datePublished\":\"2025-10-04T06:44:18+00:00\",\"breadcrumb\":{\"@id\":\"https:\/\/stourm.news\/?p=4746#breadcrumb\"},\"inLanguage\":\"fr-FR\",\"potentialAction\":[{\"@type\":\"ReadAction\",\"target\":[\"https:\/\/stourm.news\/?p=4746\"]}]},{\"@type\":\"ImageObject\",\"inLanguage\":\"fr-FR\",\"@id\":\"https:\/\/stourm.news\/?p=4746#primaryimage\",\"url\":\"https:\/\/stourm.news\/wp-content\/uploads\/2025\/10\/Capture-decran-2025-10-04-a-15.43.25.png\",\"contentUrl\":\"https:\/\/stourm.news\/wp-content\/uploads\/2025\/10\/Capture-decran-2025-10-04-a-15.43.25.png\",\"width\":1094,\"height\":708},{\"@type\":\"BreadcrumbList\",\"@id\":\"https:\/\/stourm.news\/?p=4746#breadcrumb\",\"itemListElement\":[{\"@type\":\"ListItem\",\"position\":1,\"name\":\"Accueil\",\"item\":\"https:\/\/stourm.news\/\"},{\"@type\":\"ListItem\",\"position\":2,\"name\":\"Emsav : 4 octobre 1977, signature de la Charte culturelle bretonne\"}]},{\"@type\":\"WebSite\",\"@id\":\"https:\/\/stourm.news\/#website\",\"url\":\"https:\/\/stourm.news\/\",\"name\":\"Stourm\",\"description\":\"Kazetenn Strollad Broadel Breizh\",\"publisher\":{\"@id\":\"https:\/\/stourm.news\/#organization\"},\"potentialAction\":[{\"@type\":\"SearchAction\",\"target\":{\"@type\":\"EntryPoint\",\"urlTemplate\":\"https:\/\/stourm.news\/?s={search_term_string}\"},\"query-input\":{\"@type\":\"PropertyValueSpecification\",\"valueRequired\":true,\"valueName\":\"search_term_string\"}}],\"inLanguage\":\"fr-FR\"},{\"@type\":\"Organization\",\"@id\":\"https:\/\/stourm.news\/#organization\",\"name\":\"Stourm\",\"url\":\"https:\/\/stourm.news\/\",\"logo\":{\"@type\":\"ImageObject\",\"inLanguage\":\"fr-FR\",\"@id\":\"https:\/\/stourm.news\/#\/schema\/logo\/image\/\",\"url\":\"https:\/\/stourm.news\/wp-content\/uploads\/2025\/11\/cropped-Capture-decran-2025-11-28-a-15.19.07.png\",\"contentUrl\":\"https:\/\/stourm.news\/wp-content\/uploads\/2025\/11\/cropped-Capture-decran-2025-11-28-a-15.19.07.png\",\"width\":1855,\"height\":383,\"caption\":\"Stourm\"},\"image\":{\"@id\":\"https:\/\/stourm.news\/#\/schema\/logo\/image\/\"},\"sameAs\":[\"https:\/\/www.facebook.com\/stourmnews\/\"]},{\"@type\":\"Person\",\"@id\":\"https:\/\/stourm.news\/#\/schema\/person\/c3e1dc65988632e190969234ef046cf9\",\"name\":\"La r\u00e9daction\",\"image\":{\"@type\":\"ImageObject\",\"inLanguage\":\"fr-FR\",\"@id\":\"https:\/\/stourm.news\/#\/schema\/person\/image\/\",\"url\":\"https:\/\/secure.gravatar.com\/avatar\/7463443f194b6b5fb706b074ca0ef59a0cfcfd720cb47764b0ec5a952ce422b3?s=96&d=mm&r=g\",\"contentUrl\":\"https:\/\/secure.gravatar.com\/avatar\/7463443f194b6b5fb706b074ca0ef59a0cfcfd720cb47764b0ec5a952ce422b3?s=96&d=mm&r=g\",\"caption\":\"La r\u00e9daction\"},\"sameAs\":[\"https:\/\/stourm.news\"],\"url\":\"https:\/\/stourm.news\/?author=1\"}]}<\/script>\n<!-- \/ Yoast SEO plugin. -->","yoast_head_json":{"title":"Emsav : 4 octobre 1977, signature de la Charte culturelle bretonne - STOURM","robots":{"index":"index","follow":"follow","max-snippet":"max-snippet:-1","max-image-preview":"max-image-preview:large","max-video-preview":"max-video-preview:-1"},"canonical":"https:\/\/stourm.news\/?p=4746","og_locale":"fr_FR","og_type":"article","og_title":"Emsav : 4 octobre 1977, signature de la Charte culturelle bretonne - STOURM","og_description":"Le 4 octobre 1977, un \u00e9v\u00e9nement marque l\u2019histoire contemporaine de la Bretagne : la signature de la Charte culturelle bretonne \u00e0 Rennes. Paraph\u00e9e par le Premier ministre Raymond Barre pour l\u2019\u00c9tat fran\u00e7ais, cette charte reconna\u00eet officiellement la \u00ab personnalit\u00e9 culturelle \u00bb de la Bretagne. Annonc\u00e9e par le pr\u00e9sident Val\u00e9ry Giscard d\u2019Estaing lors de son discours [&hellip;]","og_url":"https:\/\/stourm.news\/?p=4746","og_site_name":"STOURM","article_publisher":"https:\/\/www.facebook.com\/stourmnews\/","article_published_time":"2025-10-04T06:44:18+00:00","og_image":[{"width":1094,"height":708,"url":"https:\/\/stourm.news\/wp-content\/uploads\/2025\/10\/Capture-decran-2025-10-04-a-15.43.25.png","type":"image\/png"}],"author":"La r\u00e9daction","twitter_card":"summary_large_image","twitter_misc":{"\u00c9crit par":"La r\u00e9daction","Dur\u00e9e de lecture estim\u00e9e":"5 minutes"},"schema":{"@context":"https:\/\/schema.org","@graph":[{"@type":"Article","@id":"https:\/\/stourm.news\/?p=4746#article","isPartOf":{"@id":"https:\/\/stourm.news\/?p=4746"},"author":{"name":"La r\u00e9daction","@id":"https:\/\/stourm.news\/#\/schema\/person\/c3e1dc65988632e190969234ef046cf9"},"headline":"Emsav : 4 octobre 1977, signature de la Charte culturelle bretonne","datePublished":"2025-10-04T06:44:18+00:00","mainEntityOfPage":{"@id":"https:\/\/stourm.news\/?p=4746"},"wordCount":847,"commentCount":0,"publisher":{"@id":"https:\/\/stourm.news\/#organization"},"image":{"@id":"https:\/\/stourm.news\/?p=4746#primaryimage"},"thumbnailUrl":"https:\/\/stourm.news\/wp-content\/uploads\/2025\/10\/Capture-decran-2025-10-04-a-15.43.25.png","articleSection":["Emsav","Principale"],"inLanguage":"fr-FR","potentialAction":[{"@type":"CommentAction","name":"Comment","target":["https:\/\/stourm.news\/?p=4746#respond"]}]},{"@type":"WebPage","@id":"https:\/\/stourm.news\/?p=4746","url":"https:\/\/stourm.news\/?p=4746","name":"Emsav : 4 octobre 1977, signature de la Charte culturelle bretonne - STOURM","isPartOf":{"@id":"https:\/\/stourm.news\/#website"},"primaryImageOfPage":{"@id":"https:\/\/stourm.news\/?p=4746#primaryimage"},"image":{"@id":"https:\/\/stourm.news\/?p=4746#primaryimage"},"thumbnailUrl":"https:\/\/stourm.news\/wp-content\/uploads\/2025\/10\/Capture-decran-2025-10-04-a-15.43.25.png","datePublished":"2025-10-04T06:44:18+00:00","breadcrumb":{"@id":"https:\/\/stourm.news\/?p=4746#breadcrumb"},"inLanguage":"fr-FR","potentialAction":[{"@type":"ReadAction","target":["https:\/\/stourm.news\/?p=4746"]}]},{"@type":"ImageObject","inLanguage":"fr-FR","@id":"https:\/\/stourm.news\/?p=4746#primaryimage","url":"https:\/\/stourm.news\/wp-content\/uploads\/2025\/10\/Capture-decran-2025-10-04-a-15.43.25.png","contentUrl":"https:\/\/stourm.news\/wp-content\/uploads\/2025\/10\/Capture-decran-2025-10-04-a-15.43.25.png","width":1094,"height":708},{"@type":"BreadcrumbList","@id":"https:\/\/stourm.news\/?p=4746#breadcrumb","itemListElement":[{"@type":"ListItem","position":1,"name":"Accueil","item":"https:\/\/stourm.news\/"},{"@type":"ListItem","position":2,"name":"Emsav : 4 octobre 1977, signature de la Charte culturelle bretonne"}]},{"@type":"WebSite","@id":"https:\/\/stourm.news\/#website","url":"https:\/\/stourm.news\/","name":"Stourm","description":"Kazetenn Strollad Broadel Breizh","publisher":{"@id":"https:\/\/stourm.news\/#organization"},"potentialAction":[{"@type":"SearchAction","target":{"@type":"EntryPoint","urlTemplate":"https:\/\/stourm.news\/?s={search_term_string}"},"query-input":{"@type":"PropertyValueSpecification","valueRequired":true,"valueName":"search_term_string"}}],"inLanguage":"fr-FR"},{"@type":"Organization","@id":"https:\/\/stourm.news\/#organization","name":"Stourm","url":"https:\/\/stourm.news\/","logo":{"@type":"ImageObject","inLanguage":"fr-FR","@id":"https:\/\/stourm.news\/#\/schema\/logo\/image\/","url":"https:\/\/stourm.news\/wp-content\/uploads\/2025\/11\/cropped-Capture-decran-2025-11-28-a-15.19.07.png","contentUrl":"https:\/\/stourm.news\/wp-content\/uploads\/2025\/11\/cropped-Capture-decran-2025-11-28-a-15.19.07.png","width":1855,"height":383,"caption":"Stourm"},"image":{"@id":"https:\/\/stourm.news\/#\/schema\/logo\/image\/"},"sameAs":["https:\/\/www.facebook.com\/stourmnews\/"]},{"@type":"Person","@id":"https:\/\/stourm.news\/#\/schema\/person\/c3e1dc65988632e190969234ef046cf9","name":"La r\u00e9daction","image":{"@type":"ImageObject","inLanguage":"fr-FR","@id":"https:\/\/stourm.news\/#\/schema\/person\/image\/","url":"https:\/\/secure.gravatar.com\/avatar\/7463443f194b6b5fb706b074ca0ef59a0cfcfd720cb47764b0ec5a952ce422b3?s=96&d=mm&r=g","contentUrl":"https:\/\/secure.gravatar.com\/avatar\/7463443f194b6b5fb706b074ca0ef59a0cfcfd720cb47764b0ec5a952ce422b3?s=96&d=mm&r=g","caption":"La r\u00e9daction"},"sameAs":["https:\/\/stourm.news"],"url":"https:\/\/stourm.news\/?author=1"}]}},"_links":{"self":[{"href":"https:\/\/stourm.news\/index.php?rest_route=\/wp\/v2\/posts\/4746","targetHints":{"allow":["GET"]}}],"collection":[{"href":"https:\/\/stourm.news\/index.php?rest_route=\/wp\/v2\/posts"}],"about":[{"href":"https:\/\/stourm.news\/index.php?rest_route=\/wp\/v2\/types\/post"}],"author":[{"embeddable":true,"href":"https:\/\/stourm.news\/index.php?rest_route=\/wp\/v2\/users\/1"}],"replies":[{"embeddable":true,"href":"https:\/\/stourm.news\/index.php?rest_route=%2Fwp%2Fv2%2Fcomments&post=4746"}],"version-history":[{"count":1,"href":"https:\/\/stourm.news\/index.php?rest_route=\/wp\/v2\/posts\/4746\/revisions"}],"predecessor-version":[{"id":4748,"href":"https:\/\/stourm.news\/index.php?rest_route=\/wp\/v2\/posts\/4746\/revisions\/4748"}],"wp:featuredmedia":[{"embeddable":true,"href":"https:\/\/stourm.news\/index.php?rest_route=\/wp\/v2\/media\/4747"}],"wp:attachment":[{"href":"https:\/\/stourm.news\/index.php?rest_route=%2Fwp%2Fv2%2Fmedia&parent=4746"}],"wp:term":[{"taxonomy":"category","embeddable":true,"href":"https:\/\/stourm.news\/index.php?rest_route=%2Fwp%2Fv2%2Fcategories&post=4746"},{"taxonomy":"post_tag","embeddable":true,"href":"https:\/\/stourm.news\/index.php?rest_route=%2Fwp%2Fv2%2Ftags&post=4746"}],"curies":[{"name":"wp","href":"https:\/\/api.w.org\/{rel}","templated":true}]}}