{"id":4749,"date":"2025-10-04T07:09:11","date_gmt":"2025-10-04T07:09:11","guid":{"rendered":"https:\/\/stourm.news\/?p=4749"},"modified":"2025-10-04T07:09:11","modified_gmt":"2025-10-04T07:09:11","slug":"brest-7eme-condamnation-pour-le-chauffard-guineen-sous-oqtf","status":"publish","type":"post","link":"https:\/\/stourm.news\/?p=4749","title":{"rendered":"Brest : 7\u00e8me condamnation pour le chauffard guin\u00e9en sous OQTF"},"content":{"rendered":"<p style=\"text-align: justify;\">Un individu de 26 ans, de nationalit\u00e9 guin\u00e9enne et sous OQTF, a \u00e9t\u00e9 condamn\u00e9 jeudi 2 octobre 2025 \u00e0 un an de prison ferme par la chambre correctionnelle du tribunal judiciaire de Brest.<\/p>\n<p style=\"text-align: justify;\">Les faits reproch\u00e9s \u00e0 l\u2019accus\u00e9 remontent \u00e0 deux incidents distincts survenus en 2024 et 2025, \u00e0 Brest et \u00e0 Plougastel-Daoulas. Selon <strong><a href=\"https:\/\/www.letelegramme.fr\/finistere\/brest-29200\/brest-un-an-ferme-a-lhomme-de-26-ans-qui-a-une-persistance-a-faire-nimporte-quoi-au-volant-6901983.php\">Le T\u00e9l\u00e9gramme<\/a><\/strong> dat\u00e9 du 3 octobre 2025, le ressortissant africain \u00e9tait poursuivi pour \u00ab des conduites d\u2019un v\u00e9hicule sans permis de conduire, sans assurance et sans contr\u00f4le technique en r\u00e9cidive, ainsi qu\u2019une conduite sous l\u2019empire de drogue et d\u2019alcool \u00bb.<\/p>\n<p style=\"text-align: justify;\">Ce n\u2019est pas la premi\u00e8re fois que cet individu de 26 ans d\u00e9fie les r\u00e8gles du code de la route. L\u2019article pr\u00e9cise qu\u2019\u00ab il s\u2019agissait de sa septi\u00e8me convocation devant une juridiction p\u00e9nale pour des infractions similaires \u00bb. Un parcours judiciaire qui commence t\u00f4t et qui, malgr\u00e9 des peines ant\u00e9rieures, n\u2019a pas eu l\u2019effet dissuasif escompt\u00e9.\u00a0Aucune expulsion n&rsquo;a \u00e9t\u00e9 prononc\u00e9 contre cet immigr\u00e9 clandestin par la justice fran\u00e7aise.<\/p>\n<p style=\"text-align: right;\"><strong>Ewen Broc&rsquo;han<\/strong><\/p>\n","protected":false},"excerpt":{"rendered":"<p>Un individu de 26 ans, de nationalit\u00e9 guin\u00e9enne et sous OQTF, a \u00e9t\u00e9 condamn\u00e9 jeudi 2 octobre 2025 \u00e0 un an de prison ferme par la chambre correctionnelle du tribunal judiciaire de Brest. Les faits reproch\u00e9s \u00e0 l\u2019accus\u00e9 remontent \u00e0 deux incidents distincts survenus en 2024 et 2025, \u00e0 Brest et \u00e0 Plougastel-Daoulas. Selon Le [&hellip;]<\/p>\n","protected":false},"author":1,"featured_media":4750,"comment_status":"open","ping_status":"open","sticky":false,"template":"","format":"standard","meta":{"sb_editor_width":"","footnotes":""},"categories":[52,38,33,62],"tags":[],"class_list":["post-4749","post","type-post","status-publish","format-standard","has-post-thumbnail","hentry","category-faits-divers","category-finistere","category-immigration","category-revue-de-presse"],"relative_dates":{"created":"7 mois ago","modified":"7 mois ago"},"yoast_head":"<!-- This site is optimized with the Yoast SEO plugin v26.3 - https:\/\/yoast.com\/wordpress\/plugins\/seo\/ -->\n<title>Brest : 7\u00e8me condamnation pour le chauffard guin\u00e9en sous OQTF - STOURM<\/title>\n<meta name=\"robots\" content=\"index, follow, max-snippet:-1, max-image-preview:large, max-video-preview:-1\" \/>\n<link rel=\"canonical\" href=\"https:\/\/stourm.news\/?p=4749\" \/>\n<meta property=\"og:locale\" content=\"fr_FR\" \/>\n<meta property=\"og:type\" content=\"article\" \/>\n<meta property=\"og:title\" content=\"Brest : 7\u00e8me condamnation pour le chauffard guin\u00e9en sous OQTF - STOURM\" \/>\n<meta property=\"og:description\" content=\"Un individu de 26 ans, de nationalit\u00e9 guin\u00e9enne et sous OQTF, a \u00e9t\u00e9 condamn\u00e9 jeudi 2 octobre 2025 \u00e0 un an de prison ferme par la chambre correctionnelle du tribunal judiciaire de Brest. Les faits reproch\u00e9s \u00e0 l\u2019accus\u00e9 remontent \u00e0 deux incidents distincts survenus en 2024 et 2025, \u00e0 Brest et \u00e0 Plougastel-Daoulas. Selon Le [&hellip;]\" \/>\n<meta property=\"og:url\" content=\"https:\/\/stourm.news\/?p=4749\" \/>\n<meta property=\"og:site_name\" content=\"STOURM\" \/>\n<meta property=\"article:publisher\" content=\"https:\/\/www.facebook.com\/stourmnews\/\" \/>\n<meta property=\"article:published_time\" content=\"2025-10-04T07:09:11+00:00\" \/>\n<meta property=\"og:image\" content=\"https:\/\/stourm.news\/wp-content\/uploads\/2025\/10\/68dea3369ac02d60030574a7.webp\" \/>\n\t<meta property=\"og:image:width\" content=\"1200\" \/>\n\t<meta property=\"og:image:height\" content=\"750\" \/>\n\t<meta property=\"og:image:type\" content=\"image\/webp\" \/>\n<meta name=\"author\" content=\"La r\u00e9daction\" \/>\n<meta name=\"twitter:card\" content=\"summary_large_image\" \/>\n<meta name=\"twitter:label1\" content=\"\u00c9crit par\" \/>\n\t<meta name=\"twitter:data1\" content=\"La r\u00e9daction\" \/>\n\t<meta name=\"twitter:label2\" content=\"Dur\u00e9e de lecture estim\u00e9e\" \/>\n\t<meta name=\"twitter:data2\" content=\"1 minute\" \/>\n<script type=\"application\/ld+json\" class=\"yoast-schema-graph\">{\"@context\":\"https:\/\/schema.org\",\"@graph\":[{\"@type\":\"Article\",\"@id\":\"https:\/\/stourm.news\/?p=4749#article\",\"isPartOf\":{\"@id\":\"https:\/\/stourm.news\/?p=4749\"},\"author\":{\"name\":\"La r\u00e9daction\",\"@id\":\"https:\/\/stourm.news\/#\/schema\/person\/c3e1dc65988632e190969234ef046cf9\"},\"headline\":\"Brest : 7\u00e8me condamnation pour le chauffard guin\u00e9en sous OQTF\",\"datePublished\":\"2025-10-04T07:09:11+00:00\",\"mainEntityOfPage\":{\"@id\":\"https:\/\/stourm.news\/?p=4749\"},\"wordCount\":187,\"commentCount\":0,\"publisher\":{\"@id\":\"https:\/\/stourm.news\/#organization\"},\"image\":{\"@id\":\"https:\/\/stourm.news\/?p=4749#primaryimage\"},\"thumbnailUrl\":\"https:\/\/stourm.news\/wp-content\/uploads\/2025\/10\/68dea3369ac02d60030574a7.webp\",\"articleSection\":[\"Faits divers\",\"Finist\u00e8re\",\"Immigration\",\"Revue de presse\"],\"inLanguage\":\"fr-FR\",\"potentialAction\":[{\"@type\":\"CommentAction\",\"name\":\"Comment\",\"target\":[\"https:\/\/stourm.news\/?p=4749#respond\"]}]},{\"@type\":\"WebPage\",\"@id\":\"https:\/\/stourm.news\/?p=4749\",\"url\":\"https:\/\/stourm.news\/?p=4749\",\"name\":\"Brest : 7\u00e8me condamnation pour le chauffard guin\u00e9en sous OQTF - STOURM\",\"isPartOf\":{\"@id\":\"https:\/\/stourm.news\/#website\"},\"primaryImageOfPage\":{\"@id\":\"https:\/\/stourm.news\/?p=4749#primaryimage\"},\"image\":{\"@id\":\"https:\/\/stourm.news\/?p=4749#primaryimage\"},\"thumbnailUrl\":\"https:\/\/stourm.news\/wp-content\/uploads\/2025\/10\/68dea3369ac02d60030574a7.webp\",\"datePublished\":\"2025-10-04T07:09:11+00:00\",\"breadcrumb\":{\"@id\":\"https:\/\/stourm.news\/?p=4749#breadcrumb\"},\"inLanguage\":\"fr-FR\",\"potentialAction\":[{\"@type\":\"ReadAction\",\"target\":[\"https:\/\/stourm.news\/?p=4749\"]}]},{\"@type\":\"ImageObject\",\"inLanguage\":\"fr-FR\",\"@id\":\"https:\/\/stourm.news\/?p=4749#primaryimage\",\"url\":\"https:\/\/stourm.news\/wp-content\/uploads\/2025\/10\/68dea3369ac02d60030574a7.webp\",\"contentUrl\":\"https:\/\/stourm.news\/wp-content\/uploads\/2025\/10\/68dea3369ac02d60030574a7.webp\",\"width\":1200,\"height\":750},{\"@type\":\"BreadcrumbList\",\"@id\":\"https:\/\/stourm.news\/?p=4749#breadcrumb\",\"itemListElement\":[{\"@type\":\"ListItem\",\"position\":1,\"name\":\"Accueil\",\"item\":\"https:\/\/stourm.news\/\"},{\"@type\":\"ListItem\",\"position\":2,\"name\":\"Brest : 7\u00e8me condamnation pour le chauffard guin\u00e9en sous OQTF\"}]},{\"@type\":\"WebSite\",\"@id\":\"https:\/\/stourm.news\/#website\",\"url\":\"https:\/\/stourm.news\/\",\"name\":\"Stourm\",\"description\":\"Kazetenn Strollad Broadel Breizh\",\"publisher\":{\"@id\":\"https:\/\/stourm.news\/#organization\"},\"potentialAction\":[{\"@type\":\"SearchAction\",\"target\":{\"@type\":\"EntryPoint\",\"urlTemplate\":\"https:\/\/stourm.news\/?s={search_term_string}\"},\"query-input\":{\"@type\":\"PropertyValueSpecification\",\"valueRequired\":true,\"valueName\":\"search_term_string\"}}],\"inLanguage\":\"fr-FR\"},{\"@type\":\"Organization\",\"@id\":\"https:\/\/stourm.news\/#organization\",\"name\":\"Stourm\",\"url\":\"https:\/\/stourm.news\/\",\"logo\":{\"@type\":\"ImageObject\",\"inLanguage\":\"fr-FR\",\"@id\":\"https:\/\/stourm.news\/#\/schema\/logo\/image\/\",\"url\":\"https:\/\/stourm.news\/wp-content\/uploads\/2025\/11\/cropped-Capture-decran-2025-11-28-a-15.19.07.png\",\"contentUrl\":\"https:\/\/stourm.news\/wp-content\/uploads\/2025\/11\/cropped-Capture-decran-2025-11-28-a-15.19.07.png\",\"width\":1855,\"height\":383,\"caption\":\"Stourm\"},\"image\":{\"@id\":\"https:\/\/stourm.news\/#\/schema\/logo\/image\/\"},\"sameAs\":[\"https:\/\/www.facebook.com\/stourmnews\/\"]},{\"@type\":\"Person\",\"@id\":\"https:\/\/stourm.news\/#\/schema\/person\/c3e1dc65988632e190969234ef046cf9\",\"name\":\"La r\u00e9daction\",\"image\":{\"@type\":\"ImageObject\",\"inLanguage\":\"fr-FR\",\"@id\":\"https:\/\/stourm.news\/#\/schema\/person\/image\/\",\"url\":\"https:\/\/secure.gravatar.com\/avatar\/7463443f194b6b5fb706b074ca0ef59a0cfcfd720cb47764b0ec5a952ce422b3?s=96&d=mm&r=g\",\"contentUrl\":\"https:\/\/secure.gravatar.com\/avatar\/7463443f194b6b5fb706b074ca0ef59a0cfcfd720cb47764b0ec5a952ce422b3?s=96&d=mm&r=g\",\"caption\":\"La r\u00e9daction\"},\"sameAs\":[\"https:\/\/stourm.news\"],\"url\":\"https:\/\/stourm.news\/?author=1\"}]}<\/script>\n<!-- \/ Yoast SEO plugin. -->","yoast_head_json":{"title":"Brest : 7\u00e8me condamnation pour le chauffard guin\u00e9en sous OQTF - STOURM","robots":{"index":"index","follow":"follow","max-snippet":"max-snippet:-1","max-image-preview":"max-image-preview:large","max-video-preview":"max-video-preview:-1"},"canonical":"https:\/\/stourm.news\/?p=4749","og_locale":"fr_FR","og_type":"article","og_title":"Brest : 7\u00e8me condamnation pour le chauffard guin\u00e9en sous OQTF - STOURM","og_description":"Un individu de 26 ans, de nationalit\u00e9 guin\u00e9enne et sous OQTF, a \u00e9t\u00e9 condamn\u00e9 jeudi 2 octobre 2025 \u00e0 un an de prison ferme par la chambre correctionnelle du tribunal judiciaire de Brest. Les faits reproch\u00e9s \u00e0 l\u2019accus\u00e9 remontent \u00e0 deux incidents distincts survenus en 2024 et 2025, \u00e0 Brest et \u00e0 Plougastel-Daoulas. Selon Le [&hellip;]","og_url":"https:\/\/stourm.news\/?p=4749","og_site_name":"STOURM","article_publisher":"https:\/\/www.facebook.com\/stourmnews\/","article_published_time":"2025-10-04T07:09:11+00:00","og_image":[{"width":1200,"height":750,"url":"https:\/\/stourm.news\/wp-content\/uploads\/2025\/10\/68dea3369ac02d60030574a7.webp","type":"image\/webp"}],"author":"La r\u00e9daction","twitter_card":"summary_large_image","twitter_misc":{"\u00c9crit par":"La r\u00e9daction","Dur\u00e9e de lecture estim\u00e9e":"1 minute"},"schema":{"@context":"https:\/\/schema.org","@graph":[{"@type":"Article","@id":"https:\/\/stourm.news\/?p=4749#article","isPartOf":{"@id":"https:\/\/stourm.news\/?p=4749"},"author":{"name":"La r\u00e9daction","@id":"https:\/\/stourm.news\/#\/schema\/person\/c3e1dc65988632e190969234ef046cf9"},"headline":"Brest : 7\u00e8me condamnation pour le chauffard guin\u00e9en sous OQTF","datePublished":"2025-10-04T07:09:11+00:00","mainEntityOfPage":{"@id":"https:\/\/stourm.news\/?p=4749"},"wordCount":187,"commentCount":0,"publisher":{"@id":"https:\/\/stourm.news\/#organization"},"image":{"@id":"https:\/\/stourm.news\/?p=4749#primaryimage"},"thumbnailUrl":"https:\/\/stourm.news\/wp-content\/uploads\/2025\/10\/68dea3369ac02d60030574a7.webp","articleSection":["Faits divers","Finist\u00e8re","Immigration","Revue de presse"],"inLanguage":"fr-FR","potentialAction":[{"@type":"CommentAction","name":"Comment","target":["https:\/\/stourm.news\/?p=4749#respond"]}]},{"@type":"WebPage","@id":"https:\/\/stourm.news\/?p=4749","url":"https:\/\/stourm.news\/?p=4749","name":"Brest : 7\u00e8me condamnation pour le chauffard guin\u00e9en sous OQTF - STOURM","isPartOf":{"@id":"https:\/\/stourm.news\/#website"},"primaryImageOfPage":{"@id":"https:\/\/stourm.news\/?p=4749#primaryimage"},"image":{"@id":"https:\/\/stourm.news\/?p=4749#primaryimage"},"thumbnailUrl":"https:\/\/stourm.news\/wp-content\/uploads\/2025\/10\/68dea3369ac02d60030574a7.webp","datePublished":"2025-10-04T07:09:11+00:00","breadcrumb":{"@id":"https:\/\/stourm.news\/?p=4749#breadcrumb"},"inLanguage":"fr-FR","potentialAction":[{"@type":"ReadAction","target":["https:\/\/stourm.news\/?p=4749"]}]},{"@type":"ImageObject","inLanguage":"fr-FR","@id":"https:\/\/stourm.news\/?p=4749#primaryimage","url":"https:\/\/stourm.news\/wp-content\/uploads\/2025\/10\/68dea3369ac02d60030574a7.webp","contentUrl":"https:\/\/stourm.news\/wp-content\/uploads\/2025\/10\/68dea3369ac02d60030574a7.webp","width":1200,"height":750},{"@type":"BreadcrumbList","@id":"https:\/\/stourm.news\/?p=4749#breadcrumb","itemListElement":[{"@type":"ListItem","position":1,"name":"Accueil","item":"https:\/\/stourm.news\/"},{"@type":"ListItem","position":2,"name":"Brest : 7\u00e8me condamnation pour le chauffard guin\u00e9en sous OQTF"}]},{"@type":"WebSite","@id":"https:\/\/stourm.news\/#website","url":"https:\/\/stourm.news\/","name":"Stourm","description":"Kazetenn Strollad Broadel Breizh","publisher":{"@id":"https:\/\/stourm.news\/#organization"},"potentialAction":[{"@type":"SearchAction","target":{"@type":"EntryPoint","urlTemplate":"https:\/\/stourm.news\/?s={search_term_string}"},"query-input":{"@type":"PropertyValueSpecification","valueRequired":true,"valueName":"search_term_string"}}],"inLanguage":"fr-FR"},{"@type":"Organization","@id":"https:\/\/stourm.news\/#organization","name":"Stourm","url":"https:\/\/stourm.news\/","logo":{"@type":"ImageObject","inLanguage":"fr-FR","@id":"https:\/\/stourm.news\/#\/schema\/logo\/image\/","url":"https:\/\/stourm.news\/wp-content\/uploads\/2025\/11\/cropped-Capture-decran-2025-11-28-a-15.19.07.png","contentUrl":"https:\/\/stourm.news\/wp-content\/uploads\/2025\/11\/cropped-Capture-decran-2025-11-28-a-15.19.07.png","width":1855,"height":383,"caption":"Stourm"},"image":{"@id":"https:\/\/stourm.news\/#\/schema\/logo\/image\/"},"sameAs":["https:\/\/www.facebook.com\/stourmnews\/"]},{"@type":"Person","@id":"https:\/\/stourm.news\/#\/schema\/person\/c3e1dc65988632e190969234ef046cf9","name":"La r\u00e9daction","image":{"@type":"ImageObject","inLanguage":"fr-FR","@id":"https:\/\/stourm.news\/#\/schema\/person\/image\/","url":"https:\/\/secure.gravatar.com\/avatar\/7463443f194b6b5fb706b074ca0ef59a0cfcfd720cb47764b0ec5a952ce422b3?s=96&d=mm&r=g","contentUrl":"https:\/\/secure.gravatar.com\/avatar\/7463443f194b6b5fb706b074ca0ef59a0cfcfd720cb47764b0ec5a952ce422b3?s=96&d=mm&r=g","caption":"La r\u00e9daction"},"sameAs":["https:\/\/stourm.news"],"url":"https:\/\/stourm.news\/?author=1"}]}},"_links":{"self":[{"href":"https:\/\/stourm.news\/index.php?rest_route=\/wp\/v2\/posts\/4749","targetHints":{"allow":["GET"]}}],"collection":[{"href":"https:\/\/stourm.news\/index.php?rest_route=\/wp\/v2\/posts"}],"about":[{"href":"https:\/\/stourm.news\/index.php?rest_route=\/wp\/v2\/types\/post"}],"author":[{"embeddable":true,"href":"https:\/\/stourm.news\/index.php?rest_route=\/wp\/v2\/users\/1"}],"replies":[{"embeddable":true,"href":"https:\/\/stourm.news\/index.php?rest_route=%2Fwp%2Fv2%2Fcomments&post=4749"}],"version-history":[{"count":1,"href":"https:\/\/stourm.news\/index.php?rest_route=\/wp\/v2\/posts\/4749\/revisions"}],"predecessor-version":[{"id":4751,"href":"https:\/\/stourm.news\/index.php?rest_route=\/wp\/v2\/posts\/4749\/revisions\/4751"}],"wp:featuredmedia":[{"embeddable":true,"href":"https:\/\/stourm.news\/index.php?rest_route=\/wp\/v2\/media\/4750"}],"wp:attachment":[{"href":"https:\/\/stourm.news\/index.php?rest_route=%2Fwp%2Fv2%2Fmedia&parent=4749"}],"wp:term":[{"taxonomy":"category","embeddable":true,"href":"https:\/\/stourm.news\/index.php?rest_route=%2Fwp%2Fv2%2Fcategories&post=4749"},{"taxonomy":"post_tag","embeddable":true,"href":"https:\/\/stourm.news\/index.php?rest_route=%2Fwp%2Fv2%2Ftags&post=4749"}],"curies":[{"name":"wp","href":"https:\/\/api.w.org\/{rel}","templated":true}]}}