{"id":4754,"date":"2025-10-08T05:04:56","date_gmt":"2025-10-08T05:04:56","guid":{"rendered":"https:\/\/stourm.news\/?p=4754"},"modified":"2025-10-08T05:04:56","modified_gmt":"2025-10-08T05:04:56","slug":"une-agression-dune-rare-sauvagerie-a-brest-une-adolescente-de-14-ans-rouee-de-coups-par-un-groupe-de-collegiens","status":"publish","type":"post","link":"https:\/\/stourm.news\/?p=4754","title":{"rendered":"\u00ab\u00a0Une agression d&rsquo;une rare sauvagerie\u00a0\u00bb : \u00e0 Brest, une adolescente de 14 ans rou\u00e9e de coups par un groupe de coll\u00e9giens"},"content":{"rendered":"<p style=\"text-align: justify;\">Selon <strong><a href=\"https:\/\/www.francebleu.fr\/infos\/faits-divers-justice\/une-agression-d-une-rare-sauvagerie-a-brest-une-mineure-rouee-de-coups-par-un-groupe-de-jeunes-1935914\">France Bleu<\/a><\/strong>, lundi soir, vers 18h15, une adolescente de 14 ans a \u00e9t\u00e9 violemment agress\u00e9e rue Hoche \u00e0 Brest par un groupe de 14 mineurs, issus de plusieurs coll\u00e8ges. Ce qui a d\u00e9but\u00e9 comme un diff\u00e9rend entre coll\u00e9giennes a tourn\u00e9 au lynchage collectif, film\u00e9 par les agresseurs. La victime, rou\u00e9e de coups, a \u00e9t\u00e9 hospitalis\u00e9e avec une ITT de 15 jours.<\/p>\n<p style=\"text-align: justify;\">Des passants ont stopp\u00e9 l\u2019attaque et alert\u00e9 la police. Une enqu\u00eate pour \u00ab\u00a0violences volontaires en r\u00e9union\u00a0\u00bb est en cours, men\u00e9e par la brigade des mineurs. Les suspects, tous mineurs, ont \u00e9t\u00e9 identifi\u00e9s gr\u00e2ce aux t\u00e9moignages et vid\u00e9os. Ce drame ravive les d\u00e9bats sur la s\u00e9curit\u00e9 des jeunes et les tensions scolaires \u00e0 Brest. Les autorit\u00e9s appellent \u00e0 la vigilance et envisagent des mesures \u00e9ducatives pour les responsables.<\/p>\n<p style=\"text-align: right;\"><strong>Ewen Broc&rsquo;han<\/strong><\/p>\n","protected":false},"excerpt":{"rendered":"<p>Selon France Bleu, lundi soir, vers 18h15, une adolescente de 14 ans a \u00e9t\u00e9 violemment agress\u00e9e rue Hoche \u00e0 Brest par un groupe de 14 mineurs, issus de plusieurs coll\u00e8ges. Ce qui a d\u00e9but\u00e9 comme un diff\u00e9rend entre coll\u00e9giennes a tourn\u00e9 au lynchage collectif, film\u00e9 par les agresseurs. La victime, rou\u00e9e de coups, a \u00e9t\u00e9 [&hellip;]<\/p>\n","protected":false},"author":1,"featured_media":4755,"comment_status":"open","ping_status":"open","sticky":false,"template":"","format":"standard","meta":{"sb_editor_width":"","footnotes":""},"categories":[31,38,62],"tags":[],"class_list":["post-4754","post","type-post","status-publish","format-standard","has-post-thumbnail","hentry","category-agression","category-finistere","category-revue-de-presse"],"relative_dates":{"created":"7 mois ago","modified":"7 mois ago"},"yoast_head":"<!-- This site is optimized with the Yoast SEO plugin v26.3 - https:\/\/yoast.com\/wordpress\/plugins\/seo\/ -->\n<title>&quot;Une agression d&#039;une rare sauvagerie&quot; : \u00e0 Brest, une adolescente de 14 ans rou\u00e9e de coups par un groupe de coll\u00e9giens - STOURM<\/title>\n<meta name=\"robots\" content=\"index, follow, max-snippet:-1, max-image-preview:large, max-video-preview:-1\" \/>\n<link rel=\"canonical\" href=\"https:\/\/stourm.news\/?p=4754\" \/>\n<meta property=\"og:locale\" content=\"fr_FR\" \/>\n<meta property=\"og:type\" content=\"article\" \/>\n<meta property=\"og:title\" content=\"&quot;Une agression d&#039;une rare sauvagerie&quot; : \u00e0 Brest, une adolescente de 14 ans rou\u00e9e de coups par un groupe de coll\u00e9giens - STOURM\" \/>\n<meta property=\"og:description\" content=\"Selon France Bleu, lundi soir, vers 18h15, une adolescente de 14 ans a \u00e9t\u00e9 violemment agress\u00e9e rue Hoche \u00e0 Brest par un groupe de 14 mineurs, issus de plusieurs coll\u00e8ges. Ce qui a d\u00e9but\u00e9 comme un diff\u00e9rend entre coll\u00e9giennes a tourn\u00e9 au lynchage collectif, film\u00e9 par les agresseurs. La victime, rou\u00e9e de coups, a \u00e9t\u00e9 [&hellip;]\" \/>\n<meta property=\"og:url\" content=\"https:\/\/stourm.news\/?p=4754\" \/>\n<meta property=\"og:site_name\" content=\"STOURM\" \/>\n<meta property=\"article:publisher\" content=\"https:\/\/www.facebook.com\/stourmnews\/\" \/>\n<meta property=\"article:published_time\" content=\"2025-10-08T05:04:56+00:00\" \/>\n<meta property=\"og:image\" content=\"https:\/\/stourm.news\/wp-content\/uploads\/2025\/10\/1200x680.webp\" \/>\n\t<meta property=\"og:image:width\" content=\"1200\" \/>\n\t<meta property=\"og:image:height\" content=\"680\" \/>\n\t<meta property=\"og:image:type\" content=\"image\/webp\" \/>\n<meta name=\"author\" content=\"La r\u00e9daction\" \/>\n<meta name=\"twitter:card\" content=\"summary_large_image\" \/>\n<meta name=\"twitter:label1\" content=\"\u00c9crit par\" \/>\n\t<meta name=\"twitter:data1\" content=\"La r\u00e9daction\" \/>\n\t<meta name=\"twitter:label2\" content=\"Dur\u00e9e de lecture estim\u00e9e\" \/>\n\t<meta name=\"twitter:data2\" content=\"1 minute\" \/>\n<script type=\"application\/ld+json\" class=\"yoast-schema-graph\">{\"@context\":\"https:\/\/schema.org\",\"@graph\":[{\"@type\":\"Article\",\"@id\":\"https:\/\/stourm.news\/?p=4754#article\",\"isPartOf\":{\"@id\":\"https:\/\/stourm.news\/?p=4754\"},\"author\":{\"name\":\"La r\u00e9daction\",\"@id\":\"https:\/\/stourm.news\/#\/schema\/person\/c3e1dc65988632e190969234ef046cf9\"},\"headline\":\"\u00ab\u00a0Une agression d&rsquo;une rare sauvagerie\u00a0\u00bb : \u00e0 Brest, une adolescente de 14 ans rou\u00e9e de coups par un groupe de coll\u00e9giens\",\"datePublished\":\"2025-10-08T05:04:56+00:00\",\"mainEntityOfPage\":{\"@id\":\"https:\/\/stourm.news\/?p=4754\"},\"wordCount\":165,\"commentCount\":0,\"publisher\":{\"@id\":\"https:\/\/stourm.news\/#organization\"},\"image\":{\"@id\":\"https:\/\/stourm.news\/?p=4754#primaryimage\"},\"thumbnailUrl\":\"https:\/\/stourm.news\/wp-content\/uploads\/2025\/10\/1200x680.webp\",\"articleSection\":[\"Agression\",\"Finist\u00e8re\",\"Revue de presse\"],\"inLanguage\":\"fr-FR\",\"potentialAction\":[{\"@type\":\"CommentAction\",\"name\":\"Comment\",\"target\":[\"https:\/\/stourm.news\/?p=4754#respond\"]}]},{\"@type\":\"WebPage\",\"@id\":\"https:\/\/stourm.news\/?p=4754\",\"url\":\"https:\/\/stourm.news\/?p=4754\",\"name\":\"\\\"Une agression d'une rare sauvagerie\\\" : \u00e0 Brest, une adolescente de 14 ans rou\u00e9e de coups par un groupe de coll\u00e9giens - STOURM\",\"isPartOf\":{\"@id\":\"https:\/\/stourm.news\/#website\"},\"primaryImageOfPage\":{\"@id\":\"https:\/\/stourm.news\/?p=4754#primaryimage\"},\"image\":{\"@id\":\"https:\/\/stourm.news\/?p=4754#primaryimage\"},\"thumbnailUrl\":\"https:\/\/stourm.news\/wp-content\/uploads\/2025\/10\/1200x680.webp\",\"datePublished\":\"2025-10-08T05:04:56+00:00\",\"breadcrumb\":{\"@id\":\"https:\/\/stourm.news\/?p=4754#breadcrumb\"},\"inLanguage\":\"fr-FR\",\"potentialAction\":[{\"@type\":\"ReadAction\",\"target\":[\"https:\/\/stourm.news\/?p=4754\"]}]},{\"@type\":\"ImageObject\",\"inLanguage\":\"fr-FR\",\"@id\":\"https:\/\/stourm.news\/?p=4754#primaryimage\",\"url\":\"https:\/\/stourm.news\/wp-content\/uploads\/2025\/10\/1200x680.webp\",\"contentUrl\":\"https:\/\/stourm.news\/wp-content\/uploads\/2025\/10\/1200x680.webp\",\"width\":1200,\"height\":680},{\"@type\":\"BreadcrumbList\",\"@id\":\"https:\/\/stourm.news\/?p=4754#breadcrumb\",\"itemListElement\":[{\"@type\":\"ListItem\",\"position\":1,\"name\":\"Accueil\",\"item\":\"https:\/\/stourm.news\/\"},{\"@type\":\"ListItem\",\"position\":2,\"name\":\"\u00ab\u00a0Une agression d&rsquo;une rare sauvagerie\u00a0\u00bb : \u00e0 Brest, une adolescente de 14 ans rou\u00e9e de coups par un groupe de coll\u00e9giens\"}]},{\"@type\":\"WebSite\",\"@id\":\"https:\/\/stourm.news\/#website\",\"url\":\"https:\/\/stourm.news\/\",\"name\":\"Stourm\",\"description\":\"Kazetenn Strollad Broadel Breizh\",\"publisher\":{\"@id\":\"https:\/\/stourm.news\/#organization\"},\"potentialAction\":[{\"@type\":\"SearchAction\",\"target\":{\"@type\":\"EntryPoint\",\"urlTemplate\":\"https:\/\/stourm.news\/?s={search_term_string}\"},\"query-input\":{\"@type\":\"PropertyValueSpecification\",\"valueRequired\":true,\"valueName\":\"search_term_string\"}}],\"inLanguage\":\"fr-FR\"},{\"@type\":\"Organization\",\"@id\":\"https:\/\/stourm.news\/#organization\",\"name\":\"Stourm\",\"url\":\"https:\/\/stourm.news\/\",\"logo\":{\"@type\":\"ImageObject\",\"inLanguage\":\"fr-FR\",\"@id\":\"https:\/\/stourm.news\/#\/schema\/logo\/image\/\",\"url\":\"https:\/\/stourm.news\/wp-content\/uploads\/2025\/11\/cropped-Capture-decran-2025-11-28-a-15.19.07.png\",\"contentUrl\":\"https:\/\/stourm.news\/wp-content\/uploads\/2025\/11\/cropped-Capture-decran-2025-11-28-a-15.19.07.png\",\"width\":1855,\"height\":383,\"caption\":\"Stourm\"},\"image\":{\"@id\":\"https:\/\/stourm.news\/#\/schema\/logo\/image\/\"},\"sameAs\":[\"https:\/\/www.facebook.com\/stourmnews\/\"]},{\"@type\":\"Person\",\"@id\":\"https:\/\/stourm.news\/#\/schema\/person\/c3e1dc65988632e190969234ef046cf9\",\"name\":\"La r\u00e9daction\",\"image\":{\"@type\":\"ImageObject\",\"inLanguage\":\"fr-FR\",\"@id\":\"https:\/\/stourm.news\/#\/schema\/person\/image\/\",\"url\":\"https:\/\/secure.gravatar.com\/avatar\/7463443f194b6b5fb706b074ca0ef59a0cfcfd720cb47764b0ec5a952ce422b3?s=96&d=mm&r=g\",\"contentUrl\":\"https:\/\/secure.gravatar.com\/avatar\/7463443f194b6b5fb706b074ca0ef59a0cfcfd720cb47764b0ec5a952ce422b3?s=96&d=mm&r=g\",\"caption\":\"La r\u00e9daction\"},\"sameAs\":[\"https:\/\/stourm.news\"],\"url\":\"https:\/\/stourm.news\/?author=1\"}]}<\/script>\n<!-- \/ Yoast SEO plugin. -->","yoast_head_json":{"title":"\"Une agression d'une rare sauvagerie\" : \u00e0 Brest, une adolescente de 14 ans rou\u00e9e de coups par un groupe de coll\u00e9giens - STOURM","robots":{"index":"index","follow":"follow","max-snippet":"max-snippet:-1","max-image-preview":"max-image-preview:large","max-video-preview":"max-video-preview:-1"},"canonical":"https:\/\/stourm.news\/?p=4754","og_locale":"fr_FR","og_type":"article","og_title":"\"Une agression d'une rare sauvagerie\" : \u00e0 Brest, une adolescente de 14 ans rou\u00e9e de coups par un groupe de coll\u00e9giens - STOURM","og_description":"Selon France Bleu, lundi soir, vers 18h15, une adolescente de 14 ans a \u00e9t\u00e9 violemment agress\u00e9e rue Hoche \u00e0 Brest par un groupe de 14 mineurs, issus de plusieurs coll\u00e8ges. Ce qui a d\u00e9but\u00e9 comme un diff\u00e9rend entre coll\u00e9giennes a tourn\u00e9 au lynchage collectif, film\u00e9 par les agresseurs. La victime, rou\u00e9e de coups, a \u00e9t\u00e9 [&hellip;]","og_url":"https:\/\/stourm.news\/?p=4754","og_site_name":"STOURM","article_publisher":"https:\/\/www.facebook.com\/stourmnews\/","article_published_time":"2025-10-08T05:04:56+00:00","og_image":[{"width":1200,"height":680,"url":"https:\/\/stourm.news\/wp-content\/uploads\/2025\/10\/1200x680.webp","type":"image\/webp"}],"author":"La r\u00e9daction","twitter_card":"summary_large_image","twitter_misc":{"\u00c9crit par":"La r\u00e9daction","Dur\u00e9e de lecture estim\u00e9e":"1 minute"},"schema":{"@context":"https:\/\/schema.org","@graph":[{"@type":"Article","@id":"https:\/\/stourm.news\/?p=4754#article","isPartOf":{"@id":"https:\/\/stourm.news\/?p=4754"},"author":{"name":"La r\u00e9daction","@id":"https:\/\/stourm.news\/#\/schema\/person\/c3e1dc65988632e190969234ef046cf9"},"headline":"\u00ab\u00a0Une agression d&rsquo;une rare sauvagerie\u00a0\u00bb : \u00e0 Brest, une adolescente de 14 ans rou\u00e9e de coups par un groupe de coll\u00e9giens","datePublished":"2025-10-08T05:04:56+00:00","mainEntityOfPage":{"@id":"https:\/\/stourm.news\/?p=4754"},"wordCount":165,"commentCount":0,"publisher":{"@id":"https:\/\/stourm.news\/#organization"},"image":{"@id":"https:\/\/stourm.news\/?p=4754#primaryimage"},"thumbnailUrl":"https:\/\/stourm.news\/wp-content\/uploads\/2025\/10\/1200x680.webp","articleSection":["Agression","Finist\u00e8re","Revue de presse"],"inLanguage":"fr-FR","potentialAction":[{"@type":"CommentAction","name":"Comment","target":["https:\/\/stourm.news\/?p=4754#respond"]}]},{"@type":"WebPage","@id":"https:\/\/stourm.news\/?p=4754","url":"https:\/\/stourm.news\/?p=4754","name":"\"Une agression d'une rare sauvagerie\" : \u00e0 Brest, une adolescente de 14 ans rou\u00e9e de coups par un groupe de coll\u00e9giens - STOURM","isPartOf":{"@id":"https:\/\/stourm.news\/#website"},"primaryImageOfPage":{"@id":"https:\/\/stourm.news\/?p=4754#primaryimage"},"image":{"@id":"https:\/\/stourm.news\/?p=4754#primaryimage"},"thumbnailUrl":"https:\/\/stourm.news\/wp-content\/uploads\/2025\/10\/1200x680.webp","datePublished":"2025-10-08T05:04:56+00:00","breadcrumb":{"@id":"https:\/\/stourm.news\/?p=4754#breadcrumb"},"inLanguage":"fr-FR","potentialAction":[{"@type":"ReadAction","target":["https:\/\/stourm.news\/?p=4754"]}]},{"@type":"ImageObject","inLanguage":"fr-FR","@id":"https:\/\/stourm.news\/?p=4754#primaryimage","url":"https:\/\/stourm.news\/wp-content\/uploads\/2025\/10\/1200x680.webp","contentUrl":"https:\/\/stourm.news\/wp-content\/uploads\/2025\/10\/1200x680.webp","width":1200,"height":680},{"@type":"BreadcrumbList","@id":"https:\/\/stourm.news\/?p=4754#breadcrumb","itemListElement":[{"@type":"ListItem","position":1,"name":"Accueil","item":"https:\/\/stourm.news\/"},{"@type":"ListItem","position":2,"name":"\u00ab\u00a0Une agression d&rsquo;une rare sauvagerie\u00a0\u00bb : \u00e0 Brest, une adolescente de 14 ans rou\u00e9e de coups par un groupe de coll\u00e9giens"}]},{"@type":"WebSite","@id":"https:\/\/stourm.news\/#website","url":"https:\/\/stourm.news\/","name":"Stourm","description":"Kazetenn Strollad Broadel Breizh","publisher":{"@id":"https:\/\/stourm.news\/#organization"},"potentialAction":[{"@type":"SearchAction","target":{"@type":"EntryPoint","urlTemplate":"https:\/\/stourm.news\/?s={search_term_string}"},"query-input":{"@type":"PropertyValueSpecification","valueRequired":true,"valueName":"search_term_string"}}],"inLanguage":"fr-FR"},{"@type":"Organization","@id":"https:\/\/stourm.news\/#organization","name":"Stourm","url":"https:\/\/stourm.news\/","logo":{"@type":"ImageObject","inLanguage":"fr-FR","@id":"https:\/\/stourm.news\/#\/schema\/logo\/image\/","url":"https:\/\/stourm.news\/wp-content\/uploads\/2025\/11\/cropped-Capture-decran-2025-11-28-a-15.19.07.png","contentUrl":"https:\/\/stourm.news\/wp-content\/uploads\/2025\/11\/cropped-Capture-decran-2025-11-28-a-15.19.07.png","width":1855,"height":383,"caption":"Stourm"},"image":{"@id":"https:\/\/stourm.news\/#\/schema\/logo\/image\/"},"sameAs":["https:\/\/www.facebook.com\/stourmnews\/"]},{"@type":"Person","@id":"https:\/\/stourm.news\/#\/schema\/person\/c3e1dc65988632e190969234ef046cf9","name":"La r\u00e9daction","image":{"@type":"ImageObject","inLanguage":"fr-FR","@id":"https:\/\/stourm.news\/#\/schema\/person\/image\/","url":"https:\/\/secure.gravatar.com\/avatar\/7463443f194b6b5fb706b074ca0ef59a0cfcfd720cb47764b0ec5a952ce422b3?s=96&d=mm&r=g","contentUrl":"https:\/\/secure.gravatar.com\/avatar\/7463443f194b6b5fb706b074ca0ef59a0cfcfd720cb47764b0ec5a952ce422b3?s=96&d=mm&r=g","caption":"La r\u00e9daction"},"sameAs":["https:\/\/stourm.news"],"url":"https:\/\/stourm.news\/?author=1"}]}},"_links":{"self":[{"href":"https:\/\/stourm.news\/index.php?rest_route=\/wp\/v2\/posts\/4754","targetHints":{"allow":["GET"]}}],"collection":[{"href":"https:\/\/stourm.news\/index.php?rest_route=\/wp\/v2\/posts"}],"about":[{"href":"https:\/\/stourm.news\/index.php?rest_route=\/wp\/v2\/types\/post"}],"author":[{"embeddable":true,"href":"https:\/\/stourm.news\/index.php?rest_route=\/wp\/v2\/users\/1"}],"replies":[{"embeddable":true,"href":"https:\/\/stourm.news\/index.php?rest_route=%2Fwp%2Fv2%2Fcomments&post=4754"}],"version-history":[{"count":1,"href":"https:\/\/stourm.news\/index.php?rest_route=\/wp\/v2\/posts\/4754\/revisions"}],"predecessor-version":[{"id":4756,"href":"https:\/\/stourm.news\/index.php?rest_route=\/wp\/v2\/posts\/4754\/revisions\/4756"}],"wp:featuredmedia":[{"embeddable":true,"href":"https:\/\/stourm.news\/index.php?rest_route=\/wp\/v2\/media\/4755"}],"wp:attachment":[{"href":"https:\/\/stourm.news\/index.php?rest_route=%2Fwp%2Fv2%2Fmedia&parent=4754"}],"wp:term":[{"taxonomy":"category","embeddable":true,"href":"https:\/\/stourm.news\/index.php?rest_route=%2Fwp%2Fv2%2Fcategories&post=4754"},{"taxonomy":"post_tag","embeddable":true,"href":"https:\/\/stourm.news\/index.php?rest_route=%2Fwp%2Fv2%2Ftags&post=4754"}],"curies":[{"name":"wp","href":"https:\/\/api.w.org\/{rel}","templated":true}]}}